{"id":58505,"date":"2024-09-26T12:47:26","date_gmt":"2024-09-26T10:47:26","guid":{"rendered":"https:\/\/progettotouring.it\/radiotouring104\/?p=58505"},"modified":"2024-09-26T12:47:26","modified_gmt":"2024-09-26T10:47:26","slug":"cittadinanzattiva-in-calabria-tre-scuole-su-4-senza-agibilita","status":"publish","type":"post","link":"https:\/\/progettotouring.it\/radiotouring104\/2024\/09\/26\/cittadinanzattiva-in-calabria-tre-scuole-su-4-senza-agibilita\/","title":{"rendered":"Cittadinanzattiva: &#8220;In Calabria tre scuole su 4 senza agibilit\u00e0&#8221;"},"content":{"rendered":"<p>Solo il 26% degli edifici scolastici calabresi (540 su 2.163 strutture) \u00e8 in possesso del certificato di agibilit\u00e0 statica; il collaudo statico risulta assente in circa uno su due, mentre meno di due scuole su 10 hanno il certificato antincendio (414 su 1.516). E&#8217; quanto emerge dai dati contenuti nel XXII Rapporto di Cittadinanzattiva sulla sicurezza delle scuole reso noto ieri.<\/p>\n<p>&#8220;La mancanza di certificazioni su un gran numero di immobili scolastici &#8211; \u00e8 scritto nel Rapporto &#8211; \u00e8 dovuta a molteplici cause, come non manchiamo di sottolineare da anni. Primo tra tutti la vetust\u00e0 degli edifici, la cui et\u00e0 media si aggira sui 53 anni; la quasi totale assenza di finanziamenti da parte dello Stato per 20 anni dopo il passaggio del patrimonio edilizio ai Comuni, alle Province e, poi anche alle Citt\u00e0 Metropolitane, ripresa in modo consistente solo a partire dal 2015&#8221;.<\/p>\n<p>In materia di progettazione antisismica in Calabria il 12,2% degli edifici, secondo il rapporto che si mette in luce anche le problematiche legate alle barriere architettoniche, risulta progettato in base alla normativa vigente, un dato leggermente migliore rispetto alla media nazionale che \u00e8 dell&#8217;11,4%.<\/p>\n<p>Nel Rapporto si pone attenzione anche ai casi di crolli nelle scuole avvenuti tra settembre 2023 e settembre 2024 che sono stati 69 a livello nazionale, due dei quali in calabria: uno a Cosenza dove ha ceduto il controsoffitto in una scuola d&#8217;infanzia, e a Mileto dove \u00e8 venuto gi\u00f9 il solaio di un androne della scuola elementare.<\/p>\n<p>Degna di nota, secondo il Rapporto, \u00e8 l&#8217;adesione degli istituti calabresi ai bandi del Pnrr per la messa in sicurezza degli edifici (115). Inoltre ci sono gli investimenti per gli asili nido (circa 25 milioni di euro) ma anche quelli per realizzazioni di mense e palestre.<\/p>\n<p id=\"ob\">\n<div id=\"inArticle\">\n<aside>\n<div class=\"ob-smartfeed-wrapper feedIdx-0\">\n<div id=\"outbrain_widget_0\" class=\"OUTBRAIN\" data-src=\"DROP_PERMALINK_HERE\" data-widget-id=\"AR_4\" data-ob-mark=\"true\" data-browser=\"chrome\" data-os=\"win32\" data-dynload=\"\" data-idx=\"0\">\n<div class=\"ob-widget ob-feed-layout CR_7\">\n<div class=\"ob-widget-header\"><span class=\"ob-widget-text\">\u00a0<\/span><\/div>\n<\/div>\n<\/div>\n<\/div>\n<\/aside>\n<\/div>\n","protected":false},"excerpt":{"rendered":"<p>Solo il 26% degli edifici scolastici calabresi (540 su 2.163 strutture) \u00e8 in possesso del certificato di agibilit\u00e0 statica; il collaudo statico risulta assente in circa uno su due, mentre&hellip;<\/p>\n","protected":false},"author":12,"featured_media":3540,"comment_status":"closed","ping_status":"open","sticky":false,"template":"","format":"standard","meta":{"_jetpack_memberships_contains_paid_content":false,"footnotes":"","jetpack_publicize_message":"","jetpack_publicize_feature_enabled":true,"jetpack_social_post_already_shared":false,"jetpack_social_options":{"image_generator_settings":{"template":"highway","default_image_id":0,"font":"","enabled":false},"version":2}},"categories":[142,921,196],"tags":[22166,35759,35760],"class_list":["post-58505","post","type-post","status-publish","format-standard","has-post-thumbnail","hentry","category-calabria","category-home","category-news","tag-cittadinanzattiva","tag-istituti-scolastici-calabresi","tag-solo-26-ha-agibilita"],"yoast_head":"<!-- This site is optimized with the Yoast SEO plugin v27.2 - https:\/\/yoast.com\/product\/yoast-seo-wordpress\/ -->\n<title>Cittadinanzattiva: &quot;In Calabria tre scuole su 4 senza agibilit\u00e0&quot;<\/title>\n<meta name=\"description\" content=\"Solo il 26% degli edifici scolastici calabresi (540 su 2.163 strutture) \u00e8 in possesso del certificato di agibilit\u00e0 statica\" \/>\n<meta name=\"robots\" content=\"index, follow, max-snippet:-1, max-image-preview:large, max-video-preview:-1\" \/>\n<link rel=\"canonical\" href=\"https:\/\/progettotouring.it\/radiotouring104\/2024\/09\/26\/cittadinanzattiva-in-calabria-tre-scuole-su-4-senza-agibilita\/\" \/>\n<meta property=\"og:locale\" content=\"it_IT\" \/>\n<meta property=\"og:type\" content=\"article\" \/>\n<meta property=\"og:title\" content=\"Cittadinanzattiva: &quot;In Calabria tre scuole su 4 senza agibilit\u00e0&quot;\" \/>\n<meta property=\"og:description\" content=\"Solo il 26% degli edifici scolastici calabresi (540 su 2.163 strutture) \u00e8 in possesso del certificato di agibilit\u00e0 statica\" \/>\n<meta property=\"og:url\" content=\"https:\/\/progettotouring.it\/radiotouring104\/2024\/09\/26\/cittadinanzattiva-in-calabria-tre-scuole-su-4-senza-agibilita\/\" \/>\n<meta property=\"og:site_name\" content=\"Radio Touring 104\" \/>\n<meta property=\"article:published_time\" content=\"2024-09-26T10:47:26+00:00\" \/>\n<meta property=\"og:image\" content=\"https:\/\/progettotouring.it\/radiotouring104\/wp-content\/uploads\/sites\/6\/2022\/03\/scuola.jpg\" \/>\n\t<meta property=\"og:image:width\" content=\"1259\" \/>\n\t<meta property=\"og:image:height\" content=\"676\" \/>\n\t<meta property=\"og:image:type\" content=\"image\/jpeg\" \/>\n<meta name=\"author\" content=\"Sebastiano Plutino\" \/>\n<meta name=\"twitter:card\" content=\"summary_large_image\" \/>\n<meta name=\"twitter:label1\" content=\"Scritto da\" \/>\n\t<meta name=\"twitter:data1\" content=\"Sebastiano Plutino\" \/>\n\t<meta name=\"twitter:label2\" content=\"Tempo di lettura stimato\" \/>\n\t<meta name=\"twitter:data2\" content=\"1 minuto\" \/>\n<script type=\"application\/ld+json\" class=\"yoast-schema-graph\">{\"@context\":\"https:\/\/schema.org\",\"@graph\":[{\"@type\":\"Article\",\"@id\":\"https:\/\/progettotouring.it\/radiotouring104\/2024\/09\/26\/cittadinanzattiva-in-calabria-tre-scuole-su-4-senza-agibilita\/#article\",\"isPartOf\":{\"@id\":\"https:\/\/progettotouring.it\/radiotouring104\/2024\/09\/26\/cittadinanzattiva-in-calabria-tre-scuole-su-4-senza-agibilita\/\"},\"author\":{\"name\":\"Sebastiano Plutino\",\"@id\":\"https:\/\/progettotouring.it\/radiotouring104\/#\/schema\/person\/78613917f1851f041f7483f5af1d422e\"},\"headline\":\"Cittadinanzattiva: &#8220;In Calabria tre scuole su 4 senza agibilit\u00e0&#8221;\",\"datePublished\":\"2024-09-26T10:47:26+00:00\",\"mainEntityOfPage\":{\"@id\":\"https:\/\/progettotouring.it\/radiotouring104\/2024\/09\/26\/cittadinanzattiva-in-calabria-tre-scuole-su-4-senza-agibilita\/\"},\"wordCount\":279,\"publisher\":{\"@id\":\"https:\/\/progettotouring.it\/radiotouring104\/#organization\"},\"image\":{\"@id\":\"https:\/\/progettotouring.it\/radiotouring104\/2024\/09\/26\/cittadinanzattiva-in-calabria-tre-scuole-su-4-senza-agibilita\/#primaryimage\"},\"thumbnailUrl\":\"https:\/\/progettotouring.it\/radiotouring104\/wp-content\/uploads\/sites\/6\/2022\/03\/scuola.jpg\",\"keywords\":[\"Cittadinanzattiva\",\"istituti scolastici calabresi\",\"solo 26% ha agibilit\u00e0\"],\"articleSection\":[\"Calabria\",\"Home\",\"News\"],\"inLanguage\":\"it-IT\"},{\"@type\":\"WebPage\",\"@id\":\"https:\/\/progettotouring.it\/radiotouring104\/2024\/09\/26\/cittadinanzattiva-in-calabria-tre-scuole-su-4-senza-agibilita\/\",\"url\":\"https:\/\/progettotouring.it\/radiotouring104\/2024\/09\/26\/cittadinanzattiva-in-calabria-tre-scuole-su-4-senza-agibilita\/\",\"name\":\"Cittadinanzattiva: \\\"In Calabria tre scuole su 4 senza agibilit\u00e0\\\"\",\"isPartOf\":{\"@id\":\"https:\/\/progettotouring.it\/radiotouring104\/#website\"},\"primaryImageOfPage\":{\"@id\":\"https:\/\/progettotouring.it\/radiotouring104\/2024\/09\/26\/cittadinanzattiva-in-calabria-tre-scuole-su-4-senza-agibilita\/#primaryimage\"},\"image\":{\"@id\":\"https:\/\/progettotouring.it\/radiotouring104\/2024\/09\/26\/cittadinanzattiva-in-calabria-tre-scuole-su-4-senza-agibilita\/#primaryimage\"},\"thumbnailUrl\":\"https:\/\/progettotouring.it\/radiotouring104\/wp-content\/uploads\/sites\/6\/2022\/03\/scuola.jpg\",\"datePublished\":\"2024-09-26T10:47:26+00:00\",\"description\":\"Solo il 26% degli edifici scolastici calabresi (540 su 2.163 strutture) \u00e8 in possesso del certificato di agibilit\u00e0 statica\",\"breadcrumb\":{\"@id\":\"https:\/\/progettotouring.it\/radiotouring104\/2024\/09\/26\/cittadinanzattiva-in-calabria-tre-scuole-su-4-senza-agibilita\/#breadcrumb\"},\"inLanguage\":\"it-IT\",\"potentialAction\":[{\"@type\":\"ReadAction\",\"target\":[\"https:\/\/progettotouring.it\/radiotouring104\/2024\/09\/26\/cittadinanzattiva-in-calabria-tre-scuole-su-4-senza-agibilita\/\"]}]},{\"@type\":\"ImageObject\",\"inLanguage\":\"it-IT\",\"@id\":\"https:\/\/progettotouring.it\/radiotouring104\/2024\/09\/26\/cittadinanzattiva-in-calabria-tre-scuole-su-4-senza-agibilita\/#primaryimage\",\"url\":\"https:\/\/progettotouring.it\/radiotouring104\/wp-content\/uploads\/sites\/6\/2022\/03\/scuola.jpg\",\"contentUrl\":\"https:\/\/progettotouring.it\/radiotouring104\/wp-content\/uploads\/sites\/6\/2022\/03\/scuola.jpg\",\"width\":1259,\"height\":676},{\"@type\":\"BreadcrumbList\",\"@id\":\"https:\/\/progettotouring.it\/radiotouring104\/2024\/09\/26\/cittadinanzattiva-in-calabria-tre-scuole-su-4-senza-agibilita\/#breadcrumb\",\"itemListElement\":[{\"@type\":\"ListItem\",\"position\":1,\"name\":\"Home\",\"item\":\"https:\/\/progettotouring.it\/radiotouring104\/\"},{\"@type\":\"ListItem\",\"position\":2,\"name\":\"Cittadinanzattiva: &#8220;In Calabria tre scuole su 4 senza agibilit\u00e0&#8221;\"}]},{\"@type\":\"WebSite\",\"@id\":\"https:\/\/progettotouring.it\/radiotouring104\/#website\",\"url\":\"https:\/\/progettotouring.it\/radiotouring104\/\",\"name\":\"Radio Touring 104\",\"description\":\"La prima radio Reggina\",\"publisher\":{\"@id\":\"https:\/\/progettotouring.it\/radiotouring104\/#organization\"},\"potentialAction\":[{\"@type\":\"SearchAction\",\"target\":{\"@type\":\"EntryPoint\",\"urlTemplate\":\"https:\/\/progettotouring.it\/radiotouring104\/?s={search_term_string}\"},\"query-input\":{\"@type\":\"PropertyValueSpecification\",\"valueRequired\":true,\"valueName\":\"search_term_string\"}}],\"inLanguage\":\"it-IT\"},{\"@type\":\"Organization\",\"@id\":\"https:\/\/progettotouring.it\/radiotouring104\/#organization\",\"name\":\"Radio Touring 104\",\"url\":\"https:\/\/progettotouring.it\/radiotouring104\/\",\"logo\":{\"@type\":\"ImageObject\",\"inLanguage\":\"it-IT\",\"@id\":\"https:\/\/progettotouring.it\/radiotouring104\/#\/schema\/logo\/image\/\",\"url\":\"https:\/\/progettotouring.it\/radiotouring104\/wp-content\/uploads\/sites\/6\/2022\/02\/cropped-logo-radio-touring-104.png\",\"contentUrl\":\"https:\/\/progettotouring.it\/radiotouring104\/wp-content\/uploads\/sites\/6\/2022\/02\/cropped-logo-radio-touring-104.png\",\"width\":377,\"height\":182,\"caption\":\"Radio Touring 104\"},\"image\":{\"@id\":\"https:\/\/progettotouring.it\/radiotouring104\/#\/schema\/logo\/image\/\"}},{\"@type\":\"Person\",\"@id\":\"https:\/\/progettotouring.it\/radiotouring104\/#\/schema\/person\/78613917f1851f041f7483f5af1d422e\",\"name\":\"Sebastiano Plutino\",\"image\":{\"@type\":\"ImageObject\",\"inLanguage\":\"it-IT\",\"@id\":\"https:\/\/secure.gravatar.com\/avatar\/0546ffaa9b79224faf9f2a156b67a529ae861d3287c66c1d8ccfdf909bcba78d?s=96&d=mm&r=g\",\"url\":\"https:\/\/secure.gravatar.com\/avatar\/0546ffaa9b79224faf9f2a156b67a529ae861d3287c66c1d8ccfdf909bcba78d?s=96&d=mm&r=g\",\"contentUrl\":\"https:\/\/secure.gravatar.com\/avatar\/0546ffaa9b79224faf9f2a156b67a529ae861d3287c66c1d8ccfdf909bcba78d?s=96&d=mm&r=g\",\"caption\":\"Sebastiano Plutino\"},\"url\":\"https:\/\/progettotouring.it\/radiotouring104\/author\/sebastiano\/\"}]}<\/script>\n<!-- \/ Yoast SEO plugin. -->","yoast_head_json":{"title":"Cittadinanzattiva: \"In Calabria tre scuole su 4 senza agibilit\u00e0\"","description":"Solo il 26% degli edifici scolastici calabresi (540 su 2.163 strutture) \u00e8 in possesso del certificato di agibilit\u00e0 statica","robots":{"index":"index","follow":"follow","max-snippet":"max-snippet:-1","max-image-preview":"max-image-preview:large","max-video-preview":"max-video-preview:-1"},"canonical":"https:\/\/progettotouring.it\/radiotouring104\/2024\/09\/26\/cittadinanzattiva-in-calabria-tre-scuole-su-4-senza-agibilita\/","og_locale":"it_IT","og_type":"article","og_title":"Cittadinanzattiva: \"In Calabria tre scuole su 4 senza agibilit\u00e0\"","og_description":"Solo il 26% degli edifici scolastici calabresi (540 su 2.163 strutture) \u00e8 in possesso del certificato di agibilit\u00e0 statica","og_url":"https:\/\/progettotouring.it\/radiotouring104\/2024\/09\/26\/cittadinanzattiva-in-calabria-tre-scuole-su-4-senza-agibilita\/","og_site_name":"Radio Touring 104","article_published_time":"2024-09-26T10:47:26+00:00","og_image":[{"width":1259,"height":676,"url":"https:\/\/progettotouring.it\/radiotouring104\/wp-content\/uploads\/sites\/6\/2022\/03\/scuola.jpg","type":"image\/jpeg"}],"author":"Sebastiano Plutino","twitter_card":"summary_large_image","twitter_misc":{"Scritto da":"Sebastiano Plutino","Tempo di lettura stimato":"1 minuto"},"schema":{"@context":"https:\/\/schema.org","@graph":[{"@type":"Article","@id":"https:\/\/progettotouring.it\/radiotouring104\/2024\/09\/26\/cittadinanzattiva-in-calabria-tre-scuole-su-4-senza-agibilita\/#article","isPartOf":{"@id":"https:\/\/progettotouring.it\/radiotouring104\/2024\/09\/26\/cittadinanzattiva-in-calabria-tre-scuole-su-4-senza-agibilita\/"},"author":{"name":"Sebastiano Plutino","@id":"https:\/\/progettotouring.it\/radiotouring104\/#\/schema\/person\/78613917f1851f041f7483f5af1d422e"},"headline":"Cittadinanzattiva: &#8220;In Calabria tre scuole su 4 senza agibilit\u00e0&#8221;","datePublished":"2024-09-26T10:47:26+00:00","mainEntityOfPage":{"@id":"https:\/\/progettotouring.it\/radiotouring104\/2024\/09\/26\/cittadinanzattiva-in-calabria-tre-scuole-su-4-senza-agibilita\/"},"wordCount":279,"publisher":{"@id":"https:\/\/progettotouring.it\/radiotouring104\/#organization"},"image":{"@id":"https:\/\/progettotouring.it\/radiotouring104\/2024\/09\/26\/cittadinanzattiva-in-calabria-tre-scuole-su-4-senza-agibilita\/#primaryimage"},"thumbnailUrl":"https:\/\/progettotouring.it\/radiotouring104\/wp-content\/uploads\/sites\/6\/2022\/03\/scuola.jpg","keywords":["Cittadinanzattiva","istituti scolastici calabresi","solo 26% ha agibilit\u00e0"],"articleSection":["Calabria","Home","News"],"inLanguage":"it-IT"},{"@type":"WebPage","@id":"https:\/\/progettotouring.it\/radiotouring104\/2024\/09\/26\/cittadinanzattiva-in-calabria-tre-scuole-su-4-senza-agibilita\/","url":"https:\/\/progettotouring.it\/radiotouring104\/2024\/09\/26\/cittadinanzattiva-in-calabria-tre-scuole-su-4-senza-agibilita\/","name":"Cittadinanzattiva: \"In Calabria tre scuole su 4 senza agibilit\u00e0\"","isPartOf":{"@id":"https:\/\/progettotouring.it\/radiotouring104\/#website"},"primaryImageOfPage":{"@id":"https:\/\/progettotouring.it\/radiotouring104\/2024\/09\/26\/cittadinanzattiva-in-calabria-tre-scuole-su-4-senza-agibilita\/#primaryimage"},"image":{"@id":"https:\/\/progettotouring.it\/radiotouring104\/2024\/09\/26\/cittadinanzattiva-in-calabria-tre-scuole-su-4-senza-agibilita\/#primaryimage"},"thumbnailUrl":"https:\/\/progettotouring.it\/radiotouring104\/wp-content\/uploads\/sites\/6\/2022\/03\/scuola.jpg","datePublished":"2024-09-26T10:47:26+00:00","description":"Solo il 26% degli edifici scolastici calabresi (540 su 2.163 strutture) \u00e8 in possesso del certificato di agibilit\u00e0 statica","breadcrumb":{"@id":"https:\/\/progettotouring.it\/radiotouring104\/2024\/09\/26\/cittadinanzattiva-in-calabria-tre-scuole-su-4-senza-agibilita\/#breadcrumb"},"inLanguage":"it-IT","potentialAction":[{"@type":"ReadAction","target":["https:\/\/progettotouring.it\/radiotouring104\/2024\/09\/26\/cittadinanzattiva-in-calabria-tre-scuole-su-4-senza-agibilita\/"]}]},{"@type":"ImageObject","inLanguage":"it-IT","@id":"https:\/\/progettotouring.it\/radiotouring104\/2024\/09\/26\/cittadinanzattiva-in-calabria-tre-scuole-su-4-senza-agibilita\/#primaryimage","url":"https:\/\/progettotouring.it\/radiotouring104\/wp-content\/uploads\/sites\/6\/2022\/03\/scuola.jpg","contentUrl":"https:\/\/progettotouring.it\/radiotouring104\/wp-content\/uploads\/sites\/6\/2022\/03\/scuola.jpg","width":1259,"height":676},{"@type":"BreadcrumbList","@id":"https:\/\/progettotouring.it\/radiotouring104\/2024\/09\/26\/cittadinanzattiva-in-calabria-tre-scuole-su-4-senza-agibilita\/#breadcrumb","itemListElement":[{"@type":"ListItem","position":1,"name":"Home","item":"https:\/\/progettotouring.it\/radiotouring104\/"},{"@type":"ListItem","position":2,"name":"Cittadinanzattiva: &#8220;In Calabria tre scuole su 4 senza agibilit\u00e0&#8221;"}]},{"@type":"WebSite","@id":"https:\/\/progettotouring.it\/radiotouring104\/#website","url":"https:\/\/progettotouring.it\/radiotouring104\/","name":"Radio Touring 104","description":"La prima radio Reggina","publisher":{"@id":"https:\/\/progettotouring.it\/radiotouring104\/#organization"},"potentialAction":[{"@type":"SearchAction","target":{"@type":"EntryPoint","urlTemplate":"https:\/\/progettotouring.it\/radiotouring104\/?s={search_term_string}"},"query-input":{"@type":"PropertyValueSpecification","valueRequired":true,"valueName":"search_term_string"}}],"inLanguage":"it-IT"},{"@type":"Organization","@id":"https:\/\/progettotouring.it\/radiotouring104\/#organization","name":"Radio Touring 104","url":"https:\/\/progettotouring.it\/radiotouring104\/","logo":{"@type":"ImageObject","inLanguage":"it-IT","@id":"https:\/\/progettotouring.it\/radiotouring104\/#\/schema\/logo\/image\/","url":"https:\/\/progettotouring.it\/radiotouring104\/wp-content\/uploads\/sites\/6\/2022\/02\/cropped-logo-radio-touring-104.png","contentUrl":"https:\/\/progettotouring.it\/radiotouring104\/wp-content\/uploads\/sites\/6\/2022\/02\/cropped-logo-radio-touring-104.png","width":377,"height":182,"caption":"Radio Touring 104"},"image":{"@id":"https:\/\/progettotouring.it\/radiotouring104\/#\/schema\/logo\/image\/"}},{"@type":"Person","@id":"https:\/\/progettotouring.it\/radiotouring104\/#\/schema\/person\/78613917f1851f041f7483f5af1d422e","name":"Sebastiano Plutino","image":{"@type":"ImageObject","inLanguage":"it-IT","@id":"https:\/\/secure.gravatar.com\/avatar\/0546ffaa9b79224faf9f2a156b67a529ae861d3287c66c1d8ccfdf909bcba78d?s=96&d=mm&r=g","url":"https:\/\/secure.gravatar.com\/avatar\/0546ffaa9b79224faf9f2a156b67a529ae861d3287c66c1d8ccfdf909bcba78d?s=96&d=mm&r=g","contentUrl":"https:\/\/secure.gravatar.com\/avatar\/0546ffaa9b79224faf9f2a156b67a529ae861d3287c66c1d8ccfdf909bcba78d?s=96&d=mm&r=g","caption":"Sebastiano Plutino"},"url":"https:\/\/progettotouring.it\/radiotouring104\/author\/sebastiano\/"}]}},"jetpack_publicize_connections":[],"jetpack_featured_media_url":"https:\/\/progettotouring.it\/radiotouring104\/wp-content\/uploads\/sites\/6\/2022\/03\/scuola.jpg","jetpack_sharing_enabled":true,"_links":{"self":[{"href":"https:\/\/progettotouring.it\/radiotouring104\/wp-json\/wp\/v2\/posts\/58505","targetHints":{"allow":["GET"]}}],"collection":[{"href":"https:\/\/progettotouring.it\/radiotouring104\/wp-json\/wp\/v2\/posts"}],"about":[{"href":"https:\/\/progettotouring.it\/radiotouring104\/wp-json\/wp\/v2\/types\/post"}],"author":[{"embeddable":true,"href":"https:\/\/progettotouring.it\/radiotouring104\/wp-json\/wp\/v2\/users\/12"}],"replies":[{"embeddable":true,"href":"https:\/\/progettotouring.it\/radiotouring104\/wp-json\/wp\/v2\/comments?post=58505"}],"version-history":[{"count":1,"href":"https:\/\/progettotouring.it\/radiotouring104\/wp-json\/wp\/v2\/posts\/58505\/revisions"}],"predecessor-version":[{"id":58506,"href":"https:\/\/progettotouring.it\/radiotouring104\/wp-json\/wp\/v2\/posts\/58505\/revisions\/58506"}],"wp:featuredmedia":[{"embeddable":true,"href":"https:\/\/progettotouring.it\/radiotouring104\/wp-json\/wp\/v2\/media\/3540"}],"wp:attachment":[{"href":"https:\/\/progettotouring.it\/radiotouring104\/wp-json\/wp\/v2\/media?parent=58505"}],"wp:term":[{"taxonomy":"category","embeddable":true,"href":"https:\/\/progettotouring.it\/radiotouring104\/wp-json\/wp\/v2\/categories?post=58505"},{"taxonomy":"post_tag","embeddable":true,"href":"https:\/\/progettotouring.it\/radiotouring104\/wp-json\/wp\/v2\/tags?post=58505"}],"curies":[{"name":"wp","href":"https:\/\/api.w.org\/{rel}","templated":true}]}}