{"id":58507,"date":"2024-09-26T12:51:49","date_gmt":"2024-09-26T10:51:49","guid":{"rendered":"https:\/\/progettotouring.it\/radiotouring104\/?p=58507"},"modified":"2024-09-26T12:51:49","modified_gmt":"2024-09-26T10:51:49","slug":"giustizia-anm-scarsa-attenzione-dal-ministero-sulle-risorse","status":"publish","type":"post","link":"https:\/\/progettotouring.it\/radiotouring104\/2024\/09\/26\/giustizia-anm-scarsa-attenzione-dal-ministero-sulle-risorse\/","title":{"rendered":"Giustizia, Anm: &#8220;Scarsa attenzione dal Ministero sulle risorse&#8221;"},"content":{"rendered":"<p style=\"text-align: justify\">&#8220;Registriamo una scarsa attenzione o comunque non la dovuta attenzione del Ministero della Giustizia sul piano delle risorse&#8221;. Lo ha detto il presidente dell&#8217;Associazione Nazionale Magistrati Giuseppe Santalucia a Reggio Calabria, a margine dell&#8217;incontro organizzato dalla Fp-Cgil sul tema &#8220;Giustizia precaria Quale futuro per l&#8217;Ufficio del processo&#8221;.<\/p>\n<p style=\"text-align: justify\">&#8220;Siamo in piena attuazione del piano nazionale &#8211; ha aggiunto Santalucia &#8211; con obiettivi di riduzione di carico e di tempi ambiziosissimi. Occorre l&#8217;impegno di tutti, e i magistrati lo stanno facendo, ma le risorse non sono quelle che ci aspettavamo. Sul piano non tanto e solo di risorse umane, ma anche sul piano delle risorse tecnologiche. Noi abbiamo uno stato ancora molto precario e instabile della telematizzazione dei processi e questo segna un ritardo. Una volta che sono stati immessi gli addetti, l&#8217;Ufficio per il processo, che esiste da prima del Piano nazionale di ripresa e resilienza, col Pnrr ha avuto le gambe per camminare&#8221;. &#8220;\u00c8 stata una soluzione organizzativa l&#8217;ufficio del processo &#8211; ha detto ancora il presidente dell&#8217;Anm &#8211; assolutamente utile per la giustizia ed \u00e8 una struttura che, se lasciata senza il supporto umano degli addetti, morirebbe come negli anni precedenti&#8221;.<\/p>\n<p style=\"text-align: justify\">Secondo Santalucia &#8220;nel 2026, quando il piano scadr\u00e0 e i fondi europei non ci saranno pi\u00f9, occorre provvedere alla stabilizzazione non tanto delle persone, ma della figura e che questa figura sia implementata con assunzioni. Ovviamente una volta che ci sono le risorse che abbiamo gi\u00e0 sperimentato &#8211; ha detto ancora &#8211; occorre che vengano mantenute perch\u00e9 la giustizia senza questo apporto ritorner\u00e0 ad avere performance di risultato meno brillanti di quelle che stiamo avendo. Si dice poco, ma stiamo riducendo significativamente il carico e i tempi dei processi anche grazie a questa figura. Quindi siamo qui per spingere affinch\u00e9, con la legge di bilancio, presumo che quella dell&#8217;anno prossimo, si trovino le risorse per dare un futuro a questa precariet\u00e0&#8221;.<\/p>\n","protected":false},"excerpt":{"rendered":"<p>&#8220;Registriamo una scarsa attenzione o comunque non la dovuta attenzione del Ministero della Giustizia sul piano delle risorse&#8221;. Lo ha detto il presidente dell&#8217;Associazione Nazionale Magistrati Giuseppe Santalucia a Reggio&hellip;<\/p>\n","protected":false},"author":12,"featured_media":6478,"comment_status":"closed","ping_status":"open","sticky":false,"template":"","format":"standard","meta":{"_jetpack_memberships_contains_paid_content":false,"footnotes":"","jetpack_publicize_message":"","jetpack_publicize_feature_enabled":true,"jetpack_social_post_already_shared":false,"jetpack_social_options":{"image_generator_settings":{"template":"highway","default_image_id":0,"font":"","enabled":false},"version":2}},"categories":[921,196,140],"tags":[35762,3082,35761,236],"class_list":["post-58507","post","type-post","status-publish","format-standard","has-post-thumbnail","hentry","category-home","category-news","category-reggio-calabria","tag-scarsa-attenzione-dal-ministero-sulle-risorse","tag-associazione-nazionale-magistrati","tag-giuseppe-santalucia","tag-reggio-calabria"],"yoast_head":"<!-- This site is optimized with the Yoast SEO plugin v27.2 - https:\/\/yoast.com\/product\/yoast-seo-wordpress\/ -->\n<title>Giustizia, Anm: &quot;Scarsa attenzione dal Ministero sulle risorse&quot;<\/title>\n<meta name=\"description\" content=\"&#039;Vanno trovate per dare un futuro all&#039;Ufficio del processo&quot;, dichiara il presidente dell&#039;Associazione Nazionale Magistrati, Santalucia\" \/>\n<meta name=\"robots\" content=\"index, follow, max-snippet:-1, max-image-preview:large, max-video-preview:-1\" \/>\n<link rel=\"canonical\" href=\"https:\/\/progettotouring.it\/radiotouring104\/2024\/09\/26\/giustizia-anm-scarsa-attenzione-dal-ministero-sulle-risorse\/\" \/>\n<meta property=\"og:locale\" content=\"it_IT\" \/>\n<meta property=\"og:type\" content=\"article\" \/>\n<meta property=\"og:title\" content=\"Giustizia, Anm: &quot;Scarsa attenzione dal Ministero sulle risorse&quot;\" \/>\n<meta property=\"og:description\" content=\"&#039;Vanno trovate per dare un futuro all&#039;Ufficio del processo&quot;, dichiara il presidente dell&#039;Associazione Nazionale Magistrati, Santalucia\" \/>\n<meta property=\"og:url\" content=\"https:\/\/progettotouring.it\/radiotouring104\/2024\/09\/26\/giustizia-anm-scarsa-attenzione-dal-ministero-sulle-risorse\/\" \/>\n<meta property=\"og:site_name\" content=\"Radio Touring 104\" \/>\n<meta property=\"article:published_time\" content=\"2024-09-26T10:51:49+00:00\" \/>\n<meta property=\"og:image\" content=\"https:\/\/progettotouring.it\/radiotouring104\/wp-content\/uploads\/sites\/6\/2022\/06\/tribunale.jpg\" \/>\n\t<meta property=\"og:image:width\" content=\"602\" \/>\n\t<meta property=\"og:image:height\" content=\"339\" \/>\n\t<meta property=\"og:image:type\" content=\"image\/jpeg\" \/>\n<meta name=\"author\" content=\"Sebastiano Plutino\" \/>\n<meta name=\"twitter:card\" content=\"summary_large_image\" \/>\n<meta name=\"twitter:label1\" content=\"Scritto da\" \/>\n\t<meta name=\"twitter:data1\" content=\"Sebastiano Plutino\" \/>\n\t<meta name=\"twitter:label2\" content=\"Tempo di lettura stimato\" \/>\n\t<meta name=\"twitter:data2\" content=\"2 minuti\" \/>\n<script type=\"application\/ld+json\" class=\"yoast-schema-graph\">{\"@context\":\"https:\/\/schema.org\",\"@graph\":[{\"@type\":\"Article\",\"@id\":\"https:\/\/progettotouring.it\/radiotouring104\/2024\/09\/26\/giustizia-anm-scarsa-attenzione-dal-ministero-sulle-risorse\/#article\",\"isPartOf\":{\"@id\":\"https:\/\/progettotouring.it\/radiotouring104\/2024\/09\/26\/giustizia-anm-scarsa-attenzione-dal-ministero-sulle-risorse\/\"},\"author\":{\"name\":\"Sebastiano Plutino\",\"@id\":\"https:\/\/progettotouring.it\/radiotouring104\/#\/schema\/person\/78613917f1851f041f7483f5af1d422e\"},\"headline\":\"Giustizia, Anm: &#8220;Scarsa attenzione dal Ministero sulle risorse&#8221;\",\"datePublished\":\"2024-09-26T10:51:49+00:00\",\"mainEntityOfPage\":{\"@id\":\"https:\/\/progettotouring.it\/radiotouring104\/2024\/09\/26\/giustizia-anm-scarsa-attenzione-dal-ministero-sulle-risorse\/\"},\"wordCount\":318,\"publisher\":{\"@id\":\"https:\/\/progettotouring.it\/radiotouring104\/#organization\"},\"image\":{\"@id\":\"https:\/\/progettotouring.it\/radiotouring104\/2024\/09\/26\/giustizia-anm-scarsa-attenzione-dal-ministero-sulle-risorse\/#primaryimage\"},\"thumbnailUrl\":\"https:\/\/progettotouring.it\/radiotouring104\/wp-content\/uploads\/sites\/6\/2022\/06\/tribunale.jpg\",\"keywords\":[\"\\\"Scarsa attenzione dal Ministero sulle risorse\\\"\",\"associazione nazionale magistrati\",\"Giuseppe Santalucia\",\"reggio calabria\"],\"articleSection\":[\"Home\",\"News\",\"Reggio Calabria\"],\"inLanguage\":\"it-IT\"},{\"@type\":\"WebPage\",\"@id\":\"https:\/\/progettotouring.it\/radiotouring104\/2024\/09\/26\/giustizia-anm-scarsa-attenzione-dal-ministero-sulle-risorse\/\",\"url\":\"https:\/\/progettotouring.it\/radiotouring104\/2024\/09\/26\/giustizia-anm-scarsa-attenzione-dal-ministero-sulle-risorse\/\",\"name\":\"Giustizia, Anm: \\\"Scarsa attenzione dal Ministero sulle risorse\\\"\",\"isPartOf\":{\"@id\":\"https:\/\/progettotouring.it\/radiotouring104\/#website\"},\"primaryImageOfPage\":{\"@id\":\"https:\/\/progettotouring.it\/radiotouring104\/2024\/09\/26\/giustizia-anm-scarsa-attenzione-dal-ministero-sulle-risorse\/#primaryimage\"},\"image\":{\"@id\":\"https:\/\/progettotouring.it\/radiotouring104\/2024\/09\/26\/giustizia-anm-scarsa-attenzione-dal-ministero-sulle-risorse\/#primaryimage\"},\"thumbnailUrl\":\"https:\/\/progettotouring.it\/radiotouring104\/wp-content\/uploads\/sites\/6\/2022\/06\/tribunale.jpg\",\"datePublished\":\"2024-09-26T10:51:49+00:00\",\"description\":\"'Vanno trovate per dare un futuro all'Ufficio del processo\\\", dichiara il presidente dell'Associazione Nazionale Magistrati, Santalucia\",\"breadcrumb\":{\"@id\":\"https:\/\/progettotouring.it\/radiotouring104\/2024\/09\/26\/giustizia-anm-scarsa-attenzione-dal-ministero-sulle-risorse\/#breadcrumb\"},\"inLanguage\":\"it-IT\",\"potentialAction\":[{\"@type\":\"ReadAction\",\"target\":[\"https:\/\/progettotouring.it\/radiotouring104\/2024\/09\/26\/giustizia-anm-scarsa-attenzione-dal-ministero-sulle-risorse\/\"]}]},{\"@type\":\"ImageObject\",\"inLanguage\":\"it-IT\",\"@id\":\"https:\/\/progettotouring.it\/radiotouring104\/2024\/09\/26\/giustizia-anm-scarsa-attenzione-dal-ministero-sulle-risorse\/#primaryimage\",\"url\":\"https:\/\/progettotouring.it\/radiotouring104\/wp-content\/uploads\/sites\/6\/2022\/06\/tribunale.jpg\",\"contentUrl\":\"https:\/\/progettotouring.it\/radiotouring104\/wp-content\/uploads\/sites\/6\/2022\/06\/tribunale.jpg\",\"width\":602,\"height\":339},{\"@type\":\"BreadcrumbList\",\"@id\":\"https:\/\/progettotouring.it\/radiotouring104\/2024\/09\/26\/giustizia-anm-scarsa-attenzione-dal-ministero-sulle-risorse\/#breadcrumb\",\"itemListElement\":[{\"@type\":\"ListItem\",\"position\":1,\"name\":\"Home\",\"item\":\"https:\/\/progettotouring.it\/radiotouring104\/\"},{\"@type\":\"ListItem\",\"position\":2,\"name\":\"Giustizia, Anm: &#8220;Scarsa attenzione dal Ministero sulle risorse&#8221;\"}]},{\"@type\":\"WebSite\",\"@id\":\"https:\/\/progettotouring.it\/radiotouring104\/#website\",\"url\":\"https:\/\/progettotouring.it\/radiotouring104\/\",\"name\":\"Radio Touring 104\",\"description\":\"La prima radio Reggina\",\"publisher\":{\"@id\":\"https:\/\/progettotouring.it\/radiotouring104\/#organization\"},\"potentialAction\":[{\"@type\":\"SearchAction\",\"target\":{\"@type\":\"EntryPoint\",\"urlTemplate\":\"https:\/\/progettotouring.it\/radiotouring104\/?s={search_term_string}\"},\"query-input\":{\"@type\":\"PropertyValueSpecification\",\"valueRequired\":true,\"valueName\":\"search_term_string\"}}],\"inLanguage\":\"it-IT\"},{\"@type\":\"Organization\",\"@id\":\"https:\/\/progettotouring.it\/radiotouring104\/#organization\",\"name\":\"Radio Touring 104\",\"url\":\"https:\/\/progettotouring.it\/radiotouring104\/\",\"logo\":{\"@type\":\"ImageObject\",\"inLanguage\":\"it-IT\",\"@id\":\"https:\/\/progettotouring.it\/radiotouring104\/#\/schema\/logo\/image\/\",\"url\":\"https:\/\/progettotouring.it\/radiotouring104\/wp-content\/uploads\/sites\/6\/2022\/02\/cropped-logo-radio-touring-104.png\",\"contentUrl\":\"https:\/\/progettotouring.it\/radiotouring104\/wp-content\/uploads\/sites\/6\/2022\/02\/cropped-logo-radio-touring-104.png\",\"width\":377,\"height\":182,\"caption\":\"Radio Touring 104\"},\"image\":{\"@id\":\"https:\/\/progettotouring.it\/radiotouring104\/#\/schema\/logo\/image\/\"}},{\"@type\":\"Person\",\"@id\":\"https:\/\/progettotouring.it\/radiotouring104\/#\/schema\/person\/78613917f1851f041f7483f5af1d422e\",\"name\":\"Sebastiano Plutino\",\"image\":{\"@type\":\"ImageObject\",\"inLanguage\":\"it-IT\",\"@id\":\"https:\/\/secure.gravatar.com\/avatar\/0546ffaa9b79224faf9f2a156b67a529ae861d3287c66c1d8ccfdf909bcba78d?s=96&d=mm&r=g\",\"url\":\"https:\/\/secure.gravatar.com\/avatar\/0546ffaa9b79224faf9f2a156b67a529ae861d3287c66c1d8ccfdf909bcba78d?s=96&d=mm&r=g\",\"contentUrl\":\"https:\/\/secure.gravatar.com\/avatar\/0546ffaa9b79224faf9f2a156b67a529ae861d3287c66c1d8ccfdf909bcba78d?s=96&d=mm&r=g\",\"caption\":\"Sebastiano Plutino\"},\"url\":\"https:\/\/progettotouring.it\/radiotouring104\/author\/sebastiano\/\"}]}<\/script>\n<!-- \/ Yoast SEO plugin. -->","yoast_head_json":{"title":"Giustizia, Anm: \"Scarsa attenzione dal Ministero sulle risorse\"","description":"'Vanno trovate per dare un futuro all'Ufficio del processo\", dichiara il presidente dell'Associazione Nazionale Magistrati, Santalucia","robots":{"index":"index","follow":"follow","max-snippet":"max-snippet:-1","max-image-preview":"max-image-preview:large","max-video-preview":"max-video-preview:-1"},"canonical":"https:\/\/progettotouring.it\/radiotouring104\/2024\/09\/26\/giustizia-anm-scarsa-attenzione-dal-ministero-sulle-risorse\/","og_locale":"it_IT","og_type":"article","og_title":"Giustizia, Anm: \"Scarsa attenzione dal Ministero sulle risorse\"","og_description":"'Vanno trovate per dare un futuro all'Ufficio del processo\", dichiara il presidente dell'Associazione Nazionale Magistrati, Santalucia","og_url":"https:\/\/progettotouring.it\/radiotouring104\/2024\/09\/26\/giustizia-anm-scarsa-attenzione-dal-ministero-sulle-risorse\/","og_site_name":"Radio Touring 104","article_published_time":"2024-09-26T10:51:49+00:00","og_image":[{"width":602,"height":339,"url":"https:\/\/progettotouring.it\/radiotouring104\/wp-content\/uploads\/sites\/6\/2022\/06\/tribunale.jpg","type":"image\/jpeg"}],"author":"Sebastiano Plutino","twitter_card":"summary_large_image","twitter_misc":{"Scritto da":"Sebastiano Plutino","Tempo di lettura stimato":"2 minuti"},"schema":{"@context":"https:\/\/schema.org","@graph":[{"@type":"Article","@id":"https:\/\/progettotouring.it\/radiotouring104\/2024\/09\/26\/giustizia-anm-scarsa-attenzione-dal-ministero-sulle-risorse\/#article","isPartOf":{"@id":"https:\/\/progettotouring.it\/radiotouring104\/2024\/09\/26\/giustizia-anm-scarsa-attenzione-dal-ministero-sulle-risorse\/"},"author":{"name":"Sebastiano Plutino","@id":"https:\/\/progettotouring.it\/radiotouring104\/#\/schema\/person\/78613917f1851f041f7483f5af1d422e"},"headline":"Giustizia, Anm: &#8220;Scarsa attenzione dal Ministero sulle risorse&#8221;","datePublished":"2024-09-26T10:51:49+00:00","mainEntityOfPage":{"@id":"https:\/\/progettotouring.it\/radiotouring104\/2024\/09\/26\/giustizia-anm-scarsa-attenzione-dal-ministero-sulle-risorse\/"},"wordCount":318,"publisher":{"@id":"https:\/\/progettotouring.it\/radiotouring104\/#organization"},"image":{"@id":"https:\/\/progettotouring.it\/radiotouring104\/2024\/09\/26\/giustizia-anm-scarsa-attenzione-dal-ministero-sulle-risorse\/#primaryimage"},"thumbnailUrl":"https:\/\/progettotouring.it\/radiotouring104\/wp-content\/uploads\/sites\/6\/2022\/06\/tribunale.jpg","keywords":["\"Scarsa attenzione dal Ministero sulle risorse\"","associazione nazionale magistrati","Giuseppe Santalucia","reggio calabria"],"articleSection":["Home","News","Reggio Calabria"],"inLanguage":"it-IT"},{"@type":"WebPage","@id":"https:\/\/progettotouring.it\/radiotouring104\/2024\/09\/26\/giustizia-anm-scarsa-attenzione-dal-ministero-sulle-risorse\/","url":"https:\/\/progettotouring.it\/radiotouring104\/2024\/09\/26\/giustizia-anm-scarsa-attenzione-dal-ministero-sulle-risorse\/","name":"Giustizia, Anm: \"Scarsa attenzione dal Ministero sulle risorse\"","isPartOf":{"@id":"https:\/\/progettotouring.it\/radiotouring104\/#website"},"primaryImageOfPage":{"@id":"https:\/\/progettotouring.it\/radiotouring104\/2024\/09\/26\/giustizia-anm-scarsa-attenzione-dal-ministero-sulle-risorse\/#primaryimage"},"image":{"@id":"https:\/\/progettotouring.it\/radiotouring104\/2024\/09\/26\/giustizia-anm-scarsa-attenzione-dal-ministero-sulle-risorse\/#primaryimage"},"thumbnailUrl":"https:\/\/progettotouring.it\/radiotouring104\/wp-content\/uploads\/sites\/6\/2022\/06\/tribunale.jpg","datePublished":"2024-09-26T10:51:49+00:00","description":"'Vanno trovate per dare un futuro all'Ufficio del processo\", dichiara il presidente dell'Associazione Nazionale Magistrati, Santalucia","breadcrumb":{"@id":"https:\/\/progettotouring.it\/radiotouring104\/2024\/09\/26\/giustizia-anm-scarsa-attenzione-dal-ministero-sulle-risorse\/#breadcrumb"},"inLanguage":"it-IT","potentialAction":[{"@type":"ReadAction","target":["https:\/\/progettotouring.it\/radiotouring104\/2024\/09\/26\/giustizia-anm-scarsa-attenzione-dal-ministero-sulle-risorse\/"]}]},{"@type":"ImageObject","inLanguage":"it-IT","@id":"https:\/\/progettotouring.it\/radiotouring104\/2024\/09\/26\/giustizia-anm-scarsa-attenzione-dal-ministero-sulle-risorse\/#primaryimage","url":"https:\/\/progettotouring.it\/radiotouring104\/wp-content\/uploads\/sites\/6\/2022\/06\/tribunale.jpg","contentUrl":"https:\/\/progettotouring.it\/radiotouring104\/wp-content\/uploads\/sites\/6\/2022\/06\/tribunale.jpg","width":602,"height":339},{"@type":"BreadcrumbList","@id":"https:\/\/progettotouring.it\/radiotouring104\/2024\/09\/26\/giustizia-anm-scarsa-attenzione-dal-ministero-sulle-risorse\/#breadcrumb","itemListElement":[{"@type":"ListItem","position":1,"name":"Home","item":"https:\/\/progettotouring.it\/radiotouring104\/"},{"@type":"ListItem","position":2,"name":"Giustizia, Anm: &#8220;Scarsa attenzione dal Ministero sulle risorse&#8221;"}]},{"@type":"WebSite","@id":"https:\/\/progettotouring.it\/radiotouring104\/#website","url":"https:\/\/progettotouring.it\/radiotouring104\/","name":"Radio Touring 104","description":"La prima radio Reggina","publisher":{"@id":"https:\/\/progettotouring.it\/radiotouring104\/#organization"},"potentialAction":[{"@type":"SearchAction","target":{"@type":"EntryPoint","urlTemplate":"https:\/\/progettotouring.it\/radiotouring104\/?s={search_term_string}"},"query-input":{"@type":"PropertyValueSpecification","valueRequired":true,"valueName":"search_term_string"}}],"inLanguage":"it-IT"},{"@type":"Organization","@id":"https:\/\/progettotouring.it\/radiotouring104\/#organization","name":"Radio Touring 104","url":"https:\/\/progettotouring.it\/radiotouring104\/","logo":{"@type":"ImageObject","inLanguage":"it-IT","@id":"https:\/\/progettotouring.it\/radiotouring104\/#\/schema\/logo\/image\/","url":"https:\/\/progettotouring.it\/radiotouring104\/wp-content\/uploads\/sites\/6\/2022\/02\/cropped-logo-radio-touring-104.png","contentUrl":"https:\/\/progettotouring.it\/radiotouring104\/wp-content\/uploads\/sites\/6\/2022\/02\/cropped-logo-radio-touring-104.png","width":377,"height":182,"caption":"Radio Touring 104"},"image":{"@id":"https:\/\/progettotouring.it\/radiotouring104\/#\/schema\/logo\/image\/"}},{"@type":"Person","@id":"https:\/\/progettotouring.it\/radiotouring104\/#\/schema\/person\/78613917f1851f041f7483f5af1d422e","name":"Sebastiano Plutino","image":{"@type":"ImageObject","inLanguage":"it-IT","@id":"https:\/\/secure.gravatar.com\/avatar\/0546ffaa9b79224faf9f2a156b67a529ae861d3287c66c1d8ccfdf909bcba78d?s=96&d=mm&r=g","url":"https:\/\/secure.gravatar.com\/avatar\/0546ffaa9b79224faf9f2a156b67a529ae861d3287c66c1d8ccfdf909bcba78d?s=96&d=mm&r=g","contentUrl":"https:\/\/secure.gravatar.com\/avatar\/0546ffaa9b79224faf9f2a156b67a529ae861d3287c66c1d8ccfdf909bcba78d?s=96&d=mm&r=g","caption":"Sebastiano Plutino"},"url":"https:\/\/progettotouring.it\/radiotouring104\/author\/sebastiano\/"}]}},"jetpack_publicize_connections":[],"jetpack_featured_media_url":"https:\/\/progettotouring.it\/radiotouring104\/wp-content\/uploads\/sites\/6\/2022\/06\/tribunale.jpg","jetpack_sharing_enabled":true,"_links":{"self":[{"href":"https:\/\/progettotouring.it\/radiotouring104\/wp-json\/wp\/v2\/posts\/58507","targetHints":{"allow":["GET"]}}],"collection":[{"href":"https:\/\/progettotouring.it\/radiotouring104\/wp-json\/wp\/v2\/posts"}],"about":[{"href":"https:\/\/progettotouring.it\/radiotouring104\/wp-json\/wp\/v2\/types\/post"}],"author":[{"embeddable":true,"href":"https:\/\/progettotouring.it\/radiotouring104\/wp-json\/wp\/v2\/users\/12"}],"replies":[{"embeddable":true,"href":"https:\/\/progettotouring.it\/radiotouring104\/wp-json\/wp\/v2\/comments?post=58507"}],"version-history":[{"count":2,"href":"https:\/\/progettotouring.it\/radiotouring104\/wp-json\/wp\/v2\/posts\/58507\/revisions"}],"predecessor-version":[{"id":58509,"href":"https:\/\/progettotouring.it\/radiotouring104\/wp-json\/wp\/v2\/posts\/58507\/revisions\/58509"}],"wp:featuredmedia":[{"embeddable":true,"href":"https:\/\/progettotouring.it\/radiotouring104\/wp-json\/wp\/v2\/media\/6478"}],"wp:attachment":[{"href":"https:\/\/progettotouring.it\/radiotouring104\/wp-json\/wp\/v2\/media?parent=58507"}],"wp:term":[{"taxonomy":"category","embeddable":true,"href":"https:\/\/progettotouring.it\/radiotouring104\/wp-json\/wp\/v2\/categories?post=58507"},{"taxonomy":"post_tag","embeddable":true,"href":"https:\/\/progettotouring.it\/radiotouring104\/wp-json\/wp\/v2\/tags?post=58507"}],"curies":[{"name":"wp","href":"https:\/\/api.w.org\/{rel}","templated":true}]}}