{"id":58516,"date":"2024-09-26T13:07:01","date_gmt":"2024-09-26T11:07:01","guid":{"rendered":"https:\/\/progettotouring.it\/radiotouring104\/?p=58516"},"modified":"2024-09-26T13:07:01","modified_gmt":"2024-09-26T11:07:01","slug":"reggio-tutto-pronto-per-il-30-anniversario-dell-ente-bilaterale-artigianato","status":"publish","type":"post","link":"https:\/\/progettotouring.it\/radiotouring104\/2024\/09\/26\/reggio-tutto-pronto-per-il-30-anniversario-dell-ente-bilaterale-artigianato\/","title":{"rendered":"Reggio: tutto pronto per il 30\u00b0 anniversario dell&#8217; Ente Bilaterale Artigianato"},"content":{"rendered":"<p style=\"text-align: justify\"><span style=\"font-size: large\"><b>\u201cSosteniamo l\u2019artigianato guardando al futuro\u201d.<\/b>\u00a0\u00c8 questo il nome dell\u2019evento celebrativo dei trenta anni dalla nascita di Ebac, Ente Bilaterale Artigianato Calabria, che si terr\u00e0 il primo ottobre a Reggio Calabria.<\/span><\/p>\n<p style=\"text-align: justify\"><span style=\"font-size: large\">L\u2019iniziativa \u00e8 stata organizzata in collaborazione con i vertici nazionali di Ebna ed Fsba e con le istituzioni del mondo del lavoro, Regione Calabria, Inps, Inail, esperti della Fondazione Studi Consulenti del lavoro e vedr\u00e0 la partecipazione dei vertici degli enti bilaterali artigiani di tutta Italia.<\/span><\/p>\n<p style=\"text-align: justify\"><span style=\"font-size: large\">\u201cSar\u00e0 un momento, non di autocelebrazione, ma di approfondimento, programmazione e studio di nuovi strumenti che meglio si adattino alle continue evoluzioni del comparto &#8211; afferma il\u00a0<b>presidente Ebac Paolo D\u2019Errico<\/b>\u00a0-. Dal 1994 l\u2019Ente opera con grande impegno per fornire supporto a imprese e lavoratori con prestazioni di sostegno al reddito, servizi in materia di apprendistato, osservatorio artigianato, informazione e formazione in materia di sicurezza sui luoghi di lavoro, servizi di rappresentanza imprese, servizi di rappresentanza dei lavoratori e tanto altro. Trenta anni di operativit\u00e0 caratterizzata da momenti di piena soddisfazione per la bilateralit\u00e0, alternati a periodi in cui le normative non erano proprio a favore\u201d.<\/span><\/p>\n<p style=\"text-align: justify\"><span style=\"font-size: large\">\u201cLe parti sociali regionali sono grate per questo importante traguardo alle oltre 10mila imprese e agli oltre 20mila lavoratori artigiani calabresi che nel corso dei tre decenni hanno creduto nel sistema mutualistico che interviene a favore di chi \u00e8 pi\u00f9 debole o in difficolt\u00e0 momentanea. Per questo \u2013 spiega il\u00a0<b>vice presidente di Ebac Luigi Veraldi<\/b>\u00a0&#8211; a margine del convegno premieremo alcune imprese storiche che aderiscono al sistema, ancor prima che per mero obbligo normativo, perch\u00e9 credono nel welfare contrattuale. Abbiamo istituito, ormai da due anni il Fondo Infortuni, prima esperienza in Italia nell\u2019ambito della Bilateralit\u00e0 che interviene a favore di lavoratori e titolari in caso di incidente non con prestazioni alternative ma complementari rispetto al sistema di tutele pubbliche quale quelle Inail\u201d. \u201cIl Fondo &#8211; prosegue il vice presidente &#8211; grazie al potere discrezionale, interviene valutando anche il disagio e il costo complessivo umano ed economico che una famiglia sopporta negli episodi infortunistici e questo \u00e8 l\u2019aspetto che a noi interessa di pi\u00f9\u201d.<\/span><\/p>\n<p style=\"text-align: justify\"><span style=\"font-size: large\">A intervenire sugli aspetti tecnici il\u00a0<b>direttore di Ebac Andrea Monteleone<\/b>\u00a0il quale ricorda che \u201cnel 2012, con la Legge Fornero, la bilateralit\u00e0 artigiana ha dato alla luce il Fondo di Solidariet\u00e0 Bilaterale Artigiano (FSBA), un fondo che rappresenta la svolta per il comparto, strutturando uno strumento prima sconosciuto all\u2019artigiano, ovvero la cassa integrazione (anche per chi ha solo un lavoratore ed \u00e8 in crisi momentanea) che fino a quel momento era un privilegio solo per l\u2019industria\u201d.<\/span><\/p>\n<p style=\"text-align: justify\"><span style=\"font-size: large\">\u201cNel 2015 il Job Act ha rafforzato tale strumento riconoscendone il valore aggiunto che ha apportato nel comparto e nel 2022, dopo lo straordinario lavoro svolto con la Cassa Covid, il legislatore con l\u2019Art.<strong>\u00a040 L. 234\/2022 ha deciso che\u00a0a decorrere dal 1\u00b0 gennaio 2022, la regolarit\u00e0 del versamento dell\u2019aliquota di contribuzione ordinaria ai fondi di solidariet\u00e0 bilaterali di cui agli articoli 26, 27 e 40 \u00e8 condizione per il\u00a0rilascio del documento unico di regolarit\u00e0 contributiva (Durc).<\/strong><strong>\u00a0<\/strong>Come avviene in molti casi \u2013 conclude &#8211; ogni strumento che funziona bene, va migliorato, aggiornato, reso rispondente alle mutevoli condizioni di contesto, ma soprattutto protetto dal rischio di falsi cloni\u201d.<\/span><\/p>\n<p style=\"text-align: justify\"><span style=\"font-size: large\">All&#8217;incontro, che si terr\u00e0 presso\u00a0<b>A Gourmet &#8211; l&#8217;Accademia di via Largo Cristoforo Colombo 9 a Reggio Calabria a partire dalle 9:30<\/b>\u00a0interverranno:\u00a0<i><b>Paolo D&#8217;Errico, presidente Ebac Calabria,\u00a0<\/b><\/i><\/span><b><i>Luigi Veraldi, vice presidente EBAC,\u00a0<\/i><i>Giovanni Calabrese, assessore al Lavoro Regione Calabria,<\/i><i>\u00a0<\/i><i>Roberto Matragrano, presidente Confartigianato Calabria, Giovanni Cugliari, presidente Cna Calabria, Carmelo Giordano, presidente Casartigiani Calabria, Angelo Sposato, Segretario Generale Cgil Calabria, Tonino Russo, Segretario Generale Cisl Calabria e Maria Elena Senese, Segretario Generale Uil Calabria, Riccardo Giovani, politiche sindacali del lavoro Confartigianato, Maurizio De Carli, responsabile Dpt relazioni sindacali Cna, Danilo Barduzzi, responsabile bilateralit\u00e0 Casa Artigiani, Claudio Sala responsabile artigianato CGIL, \u00a0Anna Maria Trov\u00f2, responsabile bilateralit\u00e0 CISL, Mauro Sasso, responsabile artigianato UIL, Stefano Di Niola, direttore \u00a0Ebna\/Fsba, Federico Ginato, direttore Sanarti, Stefano Bastianoni, direttore Fondartigianato, Alberto Novati, coordinatore dat OPNA, Teresa Citraro, direttore INAIL Calabria, Giuseppe Patania, capo della direzione interregionale del Sud Ispettorato Nazionale del Lavoro, Giuseppe Greco, direttore Inps Calabria, Giuseppe Buscema,<\/i><i>\u00a0<\/i><i>Esperto Fondazione Studi Consulenti del Lavoro,<\/i><i>\u00a0<\/i><i>Santo Biondo, Segretario Nazionale UIL. A moderare i lavori il presidente dell&#8217;Ordine Giornalisti della Calabria Giuseppe Soluri.<\/i><\/b><\/p>\n","protected":false},"excerpt":{"rendered":"<p>\u201cSosteniamo l\u2019artigianato guardando al futuro\u201d.\u00a0\u00c8 questo il nome dell\u2019evento celebrativo dei trenta anni dalla nascita di Ebac, Ente Bilaterale Artigianato Calabria, che si terr\u00e0 il primo ottobre a Reggio Calabria.&hellip;<\/p>\n","protected":false},"author":12,"featured_media":58517,"comment_status":"closed","ping_status":"open","sticky":false,"template":"","format":"standard","meta":{"_jetpack_memberships_contains_paid_content":false,"footnotes":"","jetpack_publicize_message":"","jetpack_publicize_feature_enabled":true,"jetpack_social_post_already_shared":false,"jetpack_social_options":{"image_generator_settings":{"template":"highway","default_image_id":0,"font":"","enabled":false},"version":2}},"categories":[921,196,140],"tags":[35768,35769,236],"class_list":["post-58516","post","type-post","status-publish","format-standard","has-post-thumbnail","hentry","category-home","category-news","category-reggio-calabria","tag-30esimo-anniversario","tag-ente-bilaterale-artigianato","tag-reggio-calabria"],"yoast_head":"<!-- This site is optimized with the Yoast SEO plugin v27.2 - https:\/\/yoast.com\/product\/yoast-seo-wordpress\/ -->\n<title>Reggio: tutto pronto per il 30\u00b0 dell&#039; Ente Bilaterale Artigianato<\/title>\n<meta name=\"description\" content=\"Tutto pronto per il 3&#039;\u00e0 anniversario dell&#039;Ente Bilaterale Artigianato che si svolger\u00e0 a Reggio il 1 Ottobre\" \/>\n<meta name=\"robots\" content=\"index, follow, max-snippet:-1, max-image-preview:large, max-video-preview:-1\" \/>\n<link rel=\"canonical\" href=\"https:\/\/progettotouring.it\/radiotouring104\/2024\/09\/26\/reggio-tutto-pronto-per-il-30-anniversario-dell-ente-bilaterale-artigianato\/\" \/>\n<meta property=\"og:locale\" content=\"it_IT\" \/>\n<meta property=\"og:type\" content=\"article\" \/>\n<meta property=\"og:title\" content=\"Reggio: tutto pronto per il 30\u00b0 dell&#039; Ente Bilaterale Artigianato\" \/>\n<meta property=\"og:description\" content=\"Tutto pronto per il 3&#039;\u00e0 anniversario dell&#039;Ente Bilaterale Artigianato che si svolger\u00e0 a Reggio il 1 Ottobre\" \/>\n<meta property=\"og:url\" content=\"https:\/\/progettotouring.it\/radiotouring104\/2024\/09\/26\/reggio-tutto-pronto-per-il-30-anniversario-dell-ente-bilaterale-artigianato\/\" \/>\n<meta property=\"og:site_name\" content=\"Radio Touring 104\" \/>\n<meta property=\"article:published_time\" content=\"2024-09-26T11:07:01+00:00\" \/>\n<meta property=\"og:image\" content=\"https:\/\/progettotouring.it\/radiotouring104\/wp-content\/uploads\/sites\/6\/2024\/09\/DERRICO-MONTELEONE-VERALDI-ENTE-ARTIGIANATO.jpeg\" \/>\n\t<meta property=\"og:image:width\" content=\"2048\" \/>\n\t<meta property=\"og:image:height\" content=\"1536\" \/>\n\t<meta property=\"og:image:type\" content=\"image\/jpeg\" \/>\n<meta name=\"author\" content=\"Sebastiano Plutino\" \/>\n<meta name=\"twitter:card\" content=\"summary_large_image\" \/>\n<meta name=\"twitter:label1\" content=\"Scritto da\" \/>\n\t<meta name=\"twitter:data1\" content=\"Sebastiano Plutino\" \/>\n\t<meta name=\"twitter:label2\" content=\"Tempo di lettura stimato\" \/>\n\t<meta name=\"twitter:data2\" content=\"4 minuti\" \/>\n<script type=\"application\/ld+json\" class=\"yoast-schema-graph\">{\"@context\":\"https:\/\/schema.org\",\"@graph\":[{\"@type\":\"Article\",\"@id\":\"https:\/\/progettotouring.it\/radiotouring104\/2024\/09\/26\/reggio-tutto-pronto-per-il-30-anniversario-dell-ente-bilaterale-artigianato\/#article\",\"isPartOf\":{\"@id\":\"https:\/\/progettotouring.it\/radiotouring104\/2024\/09\/26\/reggio-tutto-pronto-per-il-30-anniversario-dell-ente-bilaterale-artigianato\/\"},\"author\":{\"name\":\"Sebastiano Plutino\",\"@id\":\"https:\/\/progettotouring.it\/radiotouring104\/#\/schema\/person\/78613917f1851f041f7483f5af1d422e\"},\"headline\":\"Reggio: tutto pronto per il 30\u00b0 anniversario dell&#8217; Ente Bilaterale Artigianato\",\"datePublished\":\"2024-09-26T11:07:01+00:00\",\"mainEntityOfPage\":{\"@id\":\"https:\/\/progettotouring.it\/radiotouring104\/2024\/09\/26\/reggio-tutto-pronto-per-il-30-anniversario-dell-ente-bilaterale-artigianato\/\"},\"wordCount\":714,\"publisher\":{\"@id\":\"https:\/\/progettotouring.it\/radiotouring104\/#organization\"},\"image\":{\"@id\":\"https:\/\/progettotouring.it\/radiotouring104\/2024\/09\/26\/reggio-tutto-pronto-per-il-30-anniversario-dell-ente-bilaterale-artigianato\/#primaryimage\"},\"thumbnailUrl\":\"https:\/\/progettotouring.it\/radiotouring104\/wp-content\/uploads\/sites\/6\/2024\/09\/DERRICO-MONTELEONE-VERALDI-ENTE-ARTIGIANATO.jpeg\",\"keywords\":[\"30esimo anniversario\",\"Ente Bilaterale Artigianato\",\"reggio calabria\"],\"articleSection\":[\"Home\",\"News\",\"Reggio Calabria\"],\"inLanguage\":\"it-IT\"},{\"@type\":\"WebPage\",\"@id\":\"https:\/\/progettotouring.it\/radiotouring104\/2024\/09\/26\/reggio-tutto-pronto-per-il-30-anniversario-dell-ente-bilaterale-artigianato\/\",\"url\":\"https:\/\/progettotouring.it\/radiotouring104\/2024\/09\/26\/reggio-tutto-pronto-per-il-30-anniversario-dell-ente-bilaterale-artigianato\/\",\"name\":\"Reggio: tutto pronto per il 30\u00b0 dell' Ente Bilaterale Artigianato\",\"isPartOf\":{\"@id\":\"https:\/\/progettotouring.it\/radiotouring104\/#website\"},\"primaryImageOfPage\":{\"@id\":\"https:\/\/progettotouring.it\/radiotouring104\/2024\/09\/26\/reggio-tutto-pronto-per-il-30-anniversario-dell-ente-bilaterale-artigianato\/#primaryimage\"},\"image\":{\"@id\":\"https:\/\/progettotouring.it\/radiotouring104\/2024\/09\/26\/reggio-tutto-pronto-per-il-30-anniversario-dell-ente-bilaterale-artigianato\/#primaryimage\"},\"thumbnailUrl\":\"https:\/\/progettotouring.it\/radiotouring104\/wp-content\/uploads\/sites\/6\/2024\/09\/DERRICO-MONTELEONE-VERALDI-ENTE-ARTIGIANATO.jpeg\",\"datePublished\":\"2024-09-26T11:07:01+00:00\",\"description\":\"Tutto pronto per il 3'\u00e0 anniversario dell'Ente Bilaterale Artigianato che si svolger\u00e0 a Reggio il 1 Ottobre\",\"breadcrumb\":{\"@id\":\"https:\/\/progettotouring.it\/radiotouring104\/2024\/09\/26\/reggio-tutto-pronto-per-il-30-anniversario-dell-ente-bilaterale-artigianato\/#breadcrumb\"},\"inLanguage\":\"it-IT\",\"potentialAction\":[{\"@type\":\"ReadAction\",\"target\":[\"https:\/\/progettotouring.it\/radiotouring104\/2024\/09\/26\/reggio-tutto-pronto-per-il-30-anniversario-dell-ente-bilaterale-artigianato\/\"]}]},{\"@type\":\"ImageObject\",\"inLanguage\":\"it-IT\",\"@id\":\"https:\/\/progettotouring.it\/radiotouring104\/2024\/09\/26\/reggio-tutto-pronto-per-il-30-anniversario-dell-ente-bilaterale-artigianato\/#primaryimage\",\"url\":\"https:\/\/progettotouring.it\/radiotouring104\/wp-content\/uploads\/sites\/6\/2024\/09\/DERRICO-MONTELEONE-VERALDI-ENTE-ARTIGIANATO.jpeg\",\"contentUrl\":\"https:\/\/progettotouring.it\/radiotouring104\/wp-content\/uploads\/sites\/6\/2024\/09\/DERRICO-MONTELEONE-VERALDI-ENTE-ARTIGIANATO.jpeg\",\"width\":2048,\"height\":1536},{\"@type\":\"BreadcrumbList\",\"@id\":\"https:\/\/progettotouring.it\/radiotouring104\/2024\/09\/26\/reggio-tutto-pronto-per-il-30-anniversario-dell-ente-bilaterale-artigianato\/#breadcrumb\",\"itemListElement\":[{\"@type\":\"ListItem\",\"position\":1,\"name\":\"Home\",\"item\":\"https:\/\/progettotouring.it\/radiotouring104\/\"},{\"@type\":\"ListItem\",\"position\":2,\"name\":\"Reggio: tutto pronto per il 30\u00b0 anniversario dell&#8217; Ente Bilaterale Artigianato\"}]},{\"@type\":\"WebSite\",\"@id\":\"https:\/\/progettotouring.it\/radiotouring104\/#website\",\"url\":\"https:\/\/progettotouring.it\/radiotouring104\/\",\"name\":\"Radio Touring 104\",\"description\":\"La prima radio Reggina\",\"publisher\":{\"@id\":\"https:\/\/progettotouring.it\/radiotouring104\/#organization\"},\"potentialAction\":[{\"@type\":\"SearchAction\",\"target\":{\"@type\":\"EntryPoint\",\"urlTemplate\":\"https:\/\/progettotouring.it\/radiotouring104\/?s={search_term_string}\"},\"query-input\":{\"@type\":\"PropertyValueSpecification\",\"valueRequired\":true,\"valueName\":\"search_term_string\"}}],\"inLanguage\":\"it-IT\"},{\"@type\":\"Organization\",\"@id\":\"https:\/\/progettotouring.it\/radiotouring104\/#organization\",\"name\":\"Radio Touring 104\",\"url\":\"https:\/\/progettotouring.it\/radiotouring104\/\",\"logo\":{\"@type\":\"ImageObject\",\"inLanguage\":\"it-IT\",\"@id\":\"https:\/\/progettotouring.it\/radiotouring104\/#\/schema\/logo\/image\/\",\"url\":\"https:\/\/progettotouring.it\/radiotouring104\/wp-content\/uploads\/sites\/6\/2022\/02\/cropped-logo-radio-touring-104.png\",\"contentUrl\":\"https:\/\/progettotouring.it\/radiotouring104\/wp-content\/uploads\/sites\/6\/2022\/02\/cropped-logo-radio-touring-104.png\",\"width\":377,\"height\":182,\"caption\":\"Radio Touring 104\"},\"image\":{\"@id\":\"https:\/\/progettotouring.it\/radiotouring104\/#\/schema\/logo\/image\/\"}},{\"@type\":\"Person\",\"@id\":\"https:\/\/progettotouring.it\/radiotouring104\/#\/schema\/person\/78613917f1851f041f7483f5af1d422e\",\"name\":\"Sebastiano Plutino\",\"image\":{\"@type\":\"ImageObject\",\"inLanguage\":\"it-IT\",\"@id\":\"https:\/\/secure.gravatar.com\/avatar\/0546ffaa9b79224faf9f2a156b67a529ae861d3287c66c1d8ccfdf909bcba78d?s=96&d=mm&r=g\",\"url\":\"https:\/\/secure.gravatar.com\/avatar\/0546ffaa9b79224faf9f2a156b67a529ae861d3287c66c1d8ccfdf909bcba78d?s=96&d=mm&r=g\",\"contentUrl\":\"https:\/\/secure.gravatar.com\/avatar\/0546ffaa9b79224faf9f2a156b67a529ae861d3287c66c1d8ccfdf909bcba78d?s=96&d=mm&r=g\",\"caption\":\"Sebastiano Plutino\"},\"url\":\"https:\/\/progettotouring.it\/radiotouring104\/author\/sebastiano\/\"}]}<\/script>\n<!-- \/ Yoast SEO plugin. -->","yoast_head_json":{"title":"Reggio: tutto pronto per il 30\u00b0 dell' Ente Bilaterale Artigianato","description":"Tutto pronto per il 3'\u00e0 anniversario dell'Ente Bilaterale Artigianato che si svolger\u00e0 a Reggio il 1 Ottobre","robots":{"index":"index","follow":"follow","max-snippet":"max-snippet:-1","max-image-preview":"max-image-preview:large","max-video-preview":"max-video-preview:-1"},"canonical":"https:\/\/progettotouring.it\/radiotouring104\/2024\/09\/26\/reggio-tutto-pronto-per-il-30-anniversario-dell-ente-bilaterale-artigianato\/","og_locale":"it_IT","og_type":"article","og_title":"Reggio: tutto pronto per il 30\u00b0 dell' Ente Bilaterale Artigianato","og_description":"Tutto pronto per il 3'\u00e0 anniversario dell'Ente Bilaterale Artigianato che si svolger\u00e0 a Reggio il 1 Ottobre","og_url":"https:\/\/progettotouring.it\/radiotouring104\/2024\/09\/26\/reggio-tutto-pronto-per-il-30-anniversario-dell-ente-bilaterale-artigianato\/","og_site_name":"Radio Touring 104","article_published_time":"2024-09-26T11:07:01+00:00","og_image":[{"width":2048,"height":1536,"url":"https:\/\/progettotouring.it\/radiotouring104\/wp-content\/uploads\/sites\/6\/2024\/09\/DERRICO-MONTELEONE-VERALDI-ENTE-ARTIGIANATO.jpeg","type":"image\/jpeg"}],"author":"Sebastiano Plutino","twitter_card":"summary_large_image","twitter_misc":{"Scritto da":"Sebastiano Plutino","Tempo di lettura stimato":"4 minuti"},"schema":{"@context":"https:\/\/schema.org","@graph":[{"@type":"Article","@id":"https:\/\/progettotouring.it\/radiotouring104\/2024\/09\/26\/reggio-tutto-pronto-per-il-30-anniversario-dell-ente-bilaterale-artigianato\/#article","isPartOf":{"@id":"https:\/\/progettotouring.it\/radiotouring104\/2024\/09\/26\/reggio-tutto-pronto-per-il-30-anniversario-dell-ente-bilaterale-artigianato\/"},"author":{"name":"Sebastiano Plutino","@id":"https:\/\/progettotouring.it\/radiotouring104\/#\/schema\/person\/78613917f1851f041f7483f5af1d422e"},"headline":"Reggio: tutto pronto per il 30\u00b0 anniversario dell&#8217; Ente Bilaterale Artigianato","datePublished":"2024-09-26T11:07:01+00:00","mainEntityOfPage":{"@id":"https:\/\/progettotouring.it\/radiotouring104\/2024\/09\/26\/reggio-tutto-pronto-per-il-30-anniversario-dell-ente-bilaterale-artigianato\/"},"wordCount":714,"publisher":{"@id":"https:\/\/progettotouring.it\/radiotouring104\/#organization"},"image":{"@id":"https:\/\/progettotouring.it\/radiotouring104\/2024\/09\/26\/reggio-tutto-pronto-per-il-30-anniversario-dell-ente-bilaterale-artigianato\/#primaryimage"},"thumbnailUrl":"https:\/\/progettotouring.it\/radiotouring104\/wp-content\/uploads\/sites\/6\/2024\/09\/DERRICO-MONTELEONE-VERALDI-ENTE-ARTIGIANATO.jpeg","keywords":["30esimo anniversario","Ente Bilaterale Artigianato","reggio calabria"],"articleSection":["Home","News","Reggio Calabria"],"inLanguage":"it-IT"},{"@type":"WebPage","@id":"https:\/\/progettotouring.it\/radiotouring104\/2024\/09\/26\/reggio-tutto-pronto-per-il-30-anniversario-dell-ente-bilaterale-artigianato\/","url":"https:\/\/progettotouring.it\/radiotouring104\/2024\/09\/26\/reggio-tutto-pronto-per-il-30-anniversario-dell-ente-bilaterale-artigianato\/","name":"Reggio: tutto pronto per il 30\u00b0 dell' Ente Bilaterale Artigianato","isPartOf":{"@id":"https:\/\/progettotouring.it\/radiotouring104\/#website"},"primaryImageOfPage":{"@id":"https:\/\/progettotouring.it\/radiotouring104\/2024\/09\/26\/reggio-tutto-pronto-per-il-30-anniversario-dell-ente-bilaterale-artigianato\/#primaryimage"},"image":{"@id":"https:\/\/progettotouring.it\/radiotouring104\/2024\/09\/26\/reggio-tutto-pronto-per-il-30-anniversario-dell-ente-bilaterale-artigianato\/#primaryimage"},"thumbnailUrl":"https:\/\/progettotouring.it\/radiotouring104\/wp-content\/uploads\/sites\/6\/2024\/09\/DERRICO-MONTELEONE-VERALDI-ENTE-ARTIGIANATO.jpeg","datePublished":"2024-09-26T11:07:01+00:00","description":"Tutto pronto per il 3'\u00e0 anniversario dell'Ente Bilaterale Artigianato che si svolger\u00e0 a Reggio il 1 Ottobre","breadcrumb":{"@id":"https:\/\/progettotouring.it\/radiotouring104\/2024\/09\/26\/reggio-tutto-pronto-per-il-30-anniversario-dell-ente-bilaterale-artigianato\/#breadcrumb"},"inLanguage":"it-IT","potentialAction":[{"@type":"ReadAction","target":["https:\/\/progettotouring.it\/radiotouring104\/2024\/09\/26\/reggio-tutto-pronto-per-il-30-anniversario-dell-ente-bilaterale-artigianato\/"]}]},{"@type":"ImageObject","inLanguage":"it-IT","@id":"https:\/\/progettotouring.it\/radiotouring104\/2024\/09\/26\/reggio-tutto-pronto-per-il-30-anniversario-dell-ente-bilaterale-artigianato\/#primaryimage","url":"https:\/\/progettotouring.it\/radiotouring104\/wp-content\/uploads\/sites\/6\/2024\/09\/DERRICO-MONTELEONE-VERALDI-ENTE-ARTIGIANATO.jpeg","contentUrl":"https:\/\/progettotouring.it\/radiotouring104\/wp-content\/uploads\/sites\/6\/2024\/09\/DERRICO-MONTELEONE-VERALDI-ENTE-ARTIGIANATO.jpeg","width":2048,"height":1536},{"@type":"BreadcrumbList","@id":"https:\/\/progettotouring.it\/radiotouring104\/2024\/09\/26\/reggio-tutto-pronto-per-il-30-anniversario-dell-ente-bilaterale-artigianato\/#breadcrumb","itemListElement":[{"@type":"ListItem","position":1,"name":"Home","item":"https:\/\/progettotouring.it\/radiotouring104\/"},{"@type":"ListItem","position":2,"name":"Reggio: tutto pronto per il 30\u00b0 anniversario dell&#8217; Ente Bilaterale Artigianato"}]},{"@type":"WebSite","@id":"https:\/\/progettotouring.it\/radiotouring104\/#website","url":"https:\/\/progettotouring.it\/radiotouring104\/","name":"Radio Touring 104","description":"La prima radio Reggina","publisher":{"@id":"https:\/\/progettotouring.it\/radiotouring104\/#organization"},"potentialAction":[{"@type":"SearchAction","target":{"@type":"EntryPoint","urlTemplate":"https:\/\/progettotouring.it\/radiotouring104\/?s={search_term_string}"},"query-input":{"@type":"PropertyValueSpecification","valueRequired":true,"valueName":"search_term_string"}}],"inLanguage":"it-IT"},{"@type":"Organization","@id":"https:\/\/progettotouring.it\/radiotouring104\/#organization","name":"Radio Touring 104","url":"https:\/\/progettotouring.it\/radiotouring104\/","logo":{"@type":"ImageObject","inLanguage":"it-IT","@id":"https:\/\/progettotouring.it\/radiotouring104\/#\/schema\/logo\/image\/","url":"https:\/\/progettotouring.it\/radiotouring104\/wp-content\/uploads\/sites\/6\/2022\/02\/cropped-logo-radio-touring-104.png","contentUrl":"https:\/\/progettotouring.it\/radiotouring104\/wp-content\/uploads\/sites\/6\/2022\/02\/cropped-logo-radio-touring-104.png","width":377,"height":182,"caption":"Radio Touring 104"},"image":{"@id":"https:\/\/progettotouring.it\/radiotouring104\/#\/schema\/logo\/image\/"}},{"@type":"Person","@id":"https:\/\/progettotouring.it\/radiotouring104\/#\/schema\/person\/78613917f1851f041f7483f5af1d422e","name":"Sebastiano Plutino","image":{"@type":"ImageObject","inLanguage":"it-IT","@id":"https:\/\/secure.gravatar.com\/avatar\/0546ffaa9b79224faf9f2a156b67a529ae861d3287c66c1d8ccfdf909bcba78d?s=96&d=mm&r=g","url":"https:\/\/secure.gravatar.com\/avatar\/0546ffaa9b79224faf9f2a156b67a529ae861d3287c66c1d8ccfdf909bcba78d?s=96&d=mm&r=g","contentUrl":"https:\/\/secure.gravatar.com\/avatar\/0546ffaa9b79224faf9f2a156b67a529ae861d3287c66c1d8ccfdf909bcba78d?s=96&d=mm&r=g","caption":"Sebastiano Plutino"},"url":"https:\/\/progettotouring.it\/radiotouring104\/author\/sebastiano\/"}]}},"jetpack_publicize_connections":[],"jetpack_featured_media_url":"https:\/\/progettotouring.it\/radiotouring104\/wp-content\/uploads\/sites\/6\/2024\/09\/DERRICO-MONTELEONE-VERALDI-ENTE-ARTIGIANATO.jpeg","jetpack_sharing_enabled":true,"_links":{"self":[{"href":"https:\/\/progettotouring.it\/radiotouring104\/wp-json\/wp\/v2\/posts\/58516","targetHints":{"allow":["GET"]}}],"collection":[{"href":"https:\/\/progettotouring.it\/radiotouring104\/wp-json\/wp\/v2\/posts"}],"about":[{"href":"https:\/\/progettotouring.it\/radiotouring104\/wp-json\/wp\/v2\/types\/post"}],"author":[{"embeddable":true,"href":"https:\/\/progettotouring.it\/radiotouring104\/wp-json\/wp\/v2\/users\/12"}],"replies":[{"embeddable":true,"href":"https:\/\/progettotouring.it\/radiotouring104\/wp-json\/wp\/v2\/comments?post=58516"}],"version-history":[{"count":1,"href":"https:\/\/progettotouring.it\/radiotouring104\/wp-json\/wp\/v2\/posts\/58516\/revisions"}],"predecessor-version":[{"id":58518,"href":"https:\/\/progettotouring.it\/radiotouring104\/wp-json\/wp\/v2\/posts\/58516\/revisions\/58518"}],"wp:featuredmedia":[{"embeddable":true,"href":"https:\/\/progettotouring.it\/radiotouring104\/wp-json\/wp\/v2\/media\/58517"}],"wp:attachment":[{"href":"https:\/\/progettotouring.it\/radiotouring104\/wp-json\/wp\/v2\/media?parent=58516"}],"wp:term":[{"taxonomy":"category","embeddable":true,"href":"https:\/\/progettotouring.it\/radiotouring104\/wp-json\/wp\/v2\/categories?post=58516"},{"taxonomy":"post_tag","embeddable":true,"href":"https:\/\/progettotouring.it\/radiotouring104\/wp-json\/wp\/v2\/tags?post=58516"}],"curies":[{"name":"wp","href":"https:\/\/api.w.org\/{rel}","templated":true}]}}