{"id":5852,"date":"2022-05-26T16:15:03","date_gmt":"2022-05-26T14:15:03","guid":{"rendered":"https:\/\/progettotouring.it\/radiotouring104\/?p=5852"},"modified":"2022-05-26T16:15:03","modified_gmt":"2022-05-26T14:15:03","slug":"ardore-tutto-pronto-per-la-terza-edizione-del-memorial-roberto-chiricosta","status":"publish","type":"post","link":"https:\/\/progettotouring.it\/radiotouring104\/2022\/05\/26\/ardore-tutto-pronto-per-la-terza-edizione-del-memorial-roberto-chiricosta\/","title":{"rendered":"Ardore, tutto pronto per la terza edizione del Memorial Roberto Chiricosta"},"content":{"rendered":"<p style=\"text-align: justify;\">Per il terzo anno consecutivo molti artisti della locride (e non solo) saranno nuovamente nella bellissima cornice del castello di <strong>Ardore<\/strong> per condividere una giornata nel ricordo dell&#8217;amico di tutti, <strong>Roberto<\/strong> <strong>Chiricosta<\/strong>, con ci\u00f2 che ha sempre amato: la musica!<\/p>\n<p style=\"text-align: justify;\">L&#8217;idea di questa particolare giornata nasce all&#8217;inizio del 2020 da un&#8217;idea di <strong>Mario<\/strong> <strong>Muscolo<\/strong> (cantante della band <strong>Mr. Muscolo &amp; i suoi Estrogeni<\/strong>) di riunire in un unico, grande evento, non solo la musica live, ma qualunque altra espressione artistica, che fosse danza, teatro, poesia ecc.\u00a0Proposto il progetto agli amici\/colleghi, si inizia subito a lavorare per la sua realizzazione. Si sceglie come data (sempre uguale per gli anni a seguire) <strong>il 2 Giugno.<\/strong> E dalla commistione tra la particolare ricorrenza e la compagine dei suoi protagonisti, si decide di chiamare l&#8217;evento<strong> &#8220;La Repubblica degli Artisti<\/strong>&#8220;.<\/p>\n<p style=\"text-align: justify;\">A meno di due mesi dalla data prefissata, per\u00f2, l&#8217;euforia dei preparativi viene smorzata dalla prematura ed improvvisa scomparsa del bassista dei <strong>&#8220;Mr. Muscolo &amp; i suoi Estrogeni&#8221;,<\/strong> Roberto Chiricosta, musicista e persona stimatissima da tutti. Al triste accaduto si vanno ad aggiungere le limitazioni\u00a0 imposte a causa del sopraggiungere del Covid-19. Il progetto sembra, quindi, destinato ad essere cestinato. Ma lo stesso <strong>Mario<\/strong> <strong>Muscolo<\/strong>, assieme a <strong>Bruno<\/strong> <strong>Ferr\u00f2<\/strong> (anch&#8217;esso cantautore di <strong>Ardore),<\/strong> si assumono l&#8217;onere di organizzare e realizzare ugualmente il concerto, sebbene in forma ridotta ed a porte chiuse, trasmettendolo in diretta tv. La decisione viene ben accolta da tutta la &#8220;squadra&#8221; di artisti e si decide all&#8217;unanimit\u00e0 di dedicare l&#8217;evento a Roberto.<\/p>\n<p style=\"text-align: justify;\">Con queste premesse, la manifestazione\/memorial si svolge regolarmente per due anni, con grande entusiasmo da parte degli artisti ed altrettanta partecipazione da parte del pubblico.<\/p>\n<p style=\"text-align: justify;\">Da quest&#8217;anno, poi, c&#8217;\u00e8 una grande novit\u00e0 che, al contempo, d\u00e0 una connotazione ben precisa al concerto: non si suoneranno pi\u00f9 le solite, famose canzoni, ormai trite e ritrite, ma questa diverr\u00e0 una opportunit\u00e0 perch\u00e9 ogni artista (locale e non) possa far ascoltare le proprie canzoni o quelle di un altro artista del luogo. Si vuole, cos\u00ec, valorizzare l&#8217;arte locale che, pur pregna di grande valore, non \u00e8 stata (o non lo \u00e8 ancora) conosciuta su larga scala.<\/p>\n<p style=\"text-align: justify;\">Quest&#8217;anno si esibiranno sul palco Mr. Muscolo &amp; i suoi Estrogeni, Bruno Ferr\u00f2, Peppe Platani, Franco Strangio, Enzo Tropepe, Abov, Michelangelo Giordano ft. Maria Tramontana, Salvatore Scoleri, MorsoMarso, Fabio Macagnino, Sublima, Martina Querini e, in collegamento video, Paolo Sofia, Attilio Gennaro, Enzo De Liguoro. Tutti con la presentazione di Emanuela Licciardelli e Michele Macr\u00ec.<\/p>\n<p style=\"text-align: justify;\">Il 2 Giugno sar\u00e0 quindi un&#8217;ottima occasione per apprezzare della buona musica&#8230;e anche un po&#8217; di teatro.\u00a0 Un&#8217;opportunit\u00e0 per passare una bella giornata e conoscere molti, validi, artisti. Un modo per stare insieme e valorizzare l&#8217;arte.<\/p>\n","protected":false},"excerpt":{"rendered":"<p>Per il terzo anno consecutivo molti artisti della locride (e non solo) saranno nuovamente nella bellissima cornice del castello di Ardore per condividere una giornata nel ricordo dell&#8217;amico di tutti,&hellip;<\/p>\n","protected":false},"author":8,"featured_media":5853,"comment_status":"open","ping_status":"open","sticky":false,"template":"","format":"standard","meta":{"_jetpack_memberships_contains_paid_content":false,"footnotes":"","jetpack_publicize_message":"","jetpack_publicize_feature_enabled":true,"jetpack_social_post_already_shared":false,"jetpack_social_options":{"image_generator_settings":{"template":"highway","default_image_id":0,"font":"","enabled":false},"version":2}},"categories":[142,146,196],"tags":[2119,2118],"class_list":["post-5852","post","type-post","status-publish","format-standard","has-post-thumbnail","hentry","category-calabria","category-musica","category-news","tag-ardore","tag-memorial-roberto-chiricosta"],"yoast_head":"<!-- This site is optimized with the Yoast SEO plugin v27.2 - https:\/\/yoast.com\/product\/yoast-seo-wordpress\/ -->\n<title>Memorial Roberto Chiricosta: le informazioni sull&#039;evento musicale di Ardore<\/title>\n<meta name=\"description\" content=\"Per il terzo anno consecutivo molti artisti della locride saranno nuovamente al castello di Ardore per il Memorial Roberto Chiricosta\" \/>\n<meta name=\"robots\" content=\"index, follow, max-snippet:-1, max-image-preview:large, max-video-preview:-1\" \/>\n<link rel=\"canonical\" href=\"https:\/\/progettotouring.it\/radiotouring104\/2022\/05\/26\/ardore-tutto-pronto-per-la-terza-edizione-del-memorial-roberto-chiricosta\/\" \/>\n<meta property=\"og:locale\" content=\"it_IT\" \/>\n<meta property=\"og:type\" content=\"article\" \/>\n<meta property=\"og:title\" content=\"Memorial Roberto Chiricosta: le informazioni sull&#039;evento musicale di Ardore\" \/>\n<meta property=\"og:description\" content=\"Per il terzo anno consecutivo molti artisti della locride saranno nuovamente al castello di Ardore per il Memorial Roberto Chiricosta\" \/>\n<meta property=\"og:url\" content=\"https:\/\/progettotouring.it\/radiotouring104\/2022\/05\/26\/ardore-tutto-pronto-per-la-terza-edizione-del-memorial-roberto-chiricosta\/\" \/>\n<meta property=\"og:site_name\" content=\"Radio Touring 104\" \/>\n<meta property=\"article:published_time\" content=\"2022-05-26T14:15:03+00:00\" \/>\n<meta property=\"og:image\" content=\"https:\/\/progettotouring.it\/radiotouring104\/wp-content\/uploads\/sites\/6\/2022\/05\/ardore.jpg\" \/>\n\t<meta property=\"og:image:width\" content=\"1080\" \/>\n\t<meta property=\"og:image:height\" content=\"1528\" \/>\n\t<meta property=\"og:image:type\" content=\"image\/jpeg\" \/>\n<meta name=\"author\" content=\"Filippo Francesco Idone\" \/>\n<meta name=\"twitter:card\" content=\"summary_large_image\" \/>\n<meta name=\"twitter:label1\" content=\"Scritto da\" \/>\n\t<meta name=\"twitter:data1\" content=\"Filippo Francesco Idone\" \/>\n\t<meta name=\"twitter:label2\" content=\"Tempo di lettura stimato\" \/>\n\t<meta name=\"twitter:data2\" content=\"3 minuti\" \/>\n<script type=\"application\/ld+json\" class=\"yoast-schema-graph\">{\"@context\":\"https:\/\/schema.org\",\"@graph\":[{\"@type\":\"Article\",\"@id\":\"https:\/\/progettotouring.it\/radiotouring104\/2022\/05\/26\/ardore-tutto-pronto-per-la-terza-edizione-del-memorial-roberto-chiricosta\/#article\",\"isPartOf\":{\"@id\":\"https:\/\/progettotouring.it\/radiotouring104\/2022\/05\/26\/ardore-tutto-pronto-per-la-terza-edizione-del-memorial-roberto-chiricosta\/\"},\"author\":{\"name\":\"Filippo Francesco Idone\",\"@id\":\"https:\/\/progettotouring.it\/radiotouring104\/#\/schema\/person\/4a82259ca52ac8702ad1a8f9e5a3120b\"},\"headline\":\"Ardore, tutto pronto per la terza edizione del Memorial Roberto Chiricosta\",\"datePublished\":\"2022-05-26T14:15:03+00:00\",\"mainEntityOfPage\":{\"@id\":\"https:\/\/progettotouring.it\/radiotouring104\/2022\/05\/26\/ardore-tutto-pronto-per-la-terza-edizione-del-memorial-roberto-chiricosta\/\"},\"wordCount\":453,\"commentCount\":0,\"publisher\":{\"@id\":\"https:\/\/progettotouring.it\/radiotouring104\/#organization\"},\"image\":{\"@id\":\"https:\/\/progettotouring.it\/radiotouring104\/2022\/05\/26\/ardore-tutto-pronto-per-la-terza-edizione-del-memorial-roberto-chiricosta\/#primaryimage\"},\"thumbnailUrl\":\"https:\/\/progettotouring.it\/radiotouring104\/wp-content\/uploads\/sites\/6\/2022\/05\/ardore.jpg\",\"keywords\":[\"ardore\",\"Memorial Roberto Chiricosta\"],\"articleSection\":[\"Calabria\",\"Musica\",\"News\"],\"inLanguage\":\"it-IT\",\"potentialAction\":[{\"@type\":\"CommentAction\",\"name\":\"Comment\",\"target\":[\"https:\/\/progettotouring.it\/radiotouring104\/2022\/05\/26\/ardore-tutto-pronto-per-la-terza-edizione-del-memorial-roberto-chiricosta\/#respond\"]}]},{\"@type\":\"WebPage\",\"@id\":\"https:\/\/progettotouring.it\/radiotouring104\/2022\/05\/26\/ardore-tutto-pronto-per-la-terza-edizione-del-memorial-roberto-chiricosta\/\",\"url\":\"https:\/\/progettotouring.it\/radiotouring104\/2022\/05\/26\/ardore-tutto-pronto-per-la-terza-edizione-del-memorial-roberto-chiricosta\/\",\"name\":\"Memorial Roberto Chiricosta: le informazioni sull'evento musicale di Ardore\",\"isPartOf\":{\"@id\":\"https:\/\/progettotouring.it\/radiotouring104\/#website\"},\"primaryImageOfPage\":{\"@id\":\"https:\/\/progettotouring.it\/radiotouring104\/2022\/05\/26\/ardore-tutto-pronto-per-la-terza-edizione-del-memorial-roberto-chiricosta\/#primaryimage\"},\"image\":{\"@id\":\"https:\/\/progettotouring.it\/radiotouring104\/2022\/05\/26\/ardore-tutto-pronto-per-la-terza-edizione-del-memorial-roberto-chiricosta\/#primaryimage\"},\"thumbnailUrl\":\"https:\/\/progettotouring.it\/radiotouring104\/wp-content\/uploads\/sites\/6\/2022\/05\/ardore.jpg\",\"datePublished\":\"2022-05-26T14:15:03+00:00\",\"description\":\"Per il terzo anno consecutivo molti artisti della locride saranno nuovamente al castello di Ardore per il Memorial Roberto Chiricosta\",\"breadcrumb\":{\"@id\":\"https:\/\/progettotouring.it\/radiotouring104\/2022\/05\/26\/ardore-tutto-pronto-per-la-terza-edizione-del-memorial-roberto-chiricosta\/#breadcrumb\"},\"inLanguage\":\"it-IT\",\"potentialAction\":[{\"@type\":\"ReadAction\",\"target\":[\"https:\/\/progettotouring.it\/radiotouring104\/2022\/05\/26\/ardore-tutto-pronto-per-la-terza-edizione-del-memorial-roberto-chiricosta\/\"]}]},{\"@type\":\"ImageObject\",\"inLanguage\":\"it-IT\",\"@id\":\"https:\/\/progettotouring.it\/radiotouring104\/2022\/05\/26\/ardore-tutto-pronto-per-la-terza-edizione-del-memorial-roberto-chiricosta\/#primaryimage\",\"url\":\"https:\/\/progettotouring.it\/radiotouring104\/wp-content\/uploads\/sites\/6\/2022\/05\/ardore.jpg\",\"contentUrl\":\"https:\/\/progettotouring.it\/radiotouring104\/wp-content\/uploads\/sites\/6\/2022\/05\/ardore.jpg\",\"width\":1080,\"height\":1528},{\"@type\":\"BreadcrumbList\",\"@id\":\"https:\/\/progettotouring.it\/radiotouring104\/2022\/05\/26\/ardore-tutto-pronto-per-la-terza-edizione-del-memorial-roberto-chiricosta\/#breadcrumb\",\"itemListElement\":[{\"@type\":\"ListItem\",\"position\":1,\"name\":\"Home\",\"item\":\"https:\/\/progettotouring.it\/radiotouring104\/\"},{\"@type\":\"ListItem\",\"position\":2,\"name\":\"Ardore, tutto pronto per la terza edizione del Memorial Roberto Chiricosta\"}]},{\"@type\":\"WebSite\",\"@id\":\"https:\/\/progettotouring.it\/radiotouring104\/#website\",\"url\":\"https:\/\/progettotouring.it\/radiotouring104\/\",\"name\":\"Radio Touring 104\",\"description\":\"La prima radio Reggina\",\"publisher\":{\"@id\":\"https:\/\/progettotouring.it\/radiotouring104\/#organization\"},\"potentialAction\":[{\"@type\":\"SearchAction\",\"target\":{\"@type\":\"EntryPoint\",\"urlTemplate\":\"https:\/\/progettotouring.it\/radiotouring104\/?s={search_term_string}\"},\"query-input\":{\"@type\":\"PropertyValueSpecification\",\"valueRequired\":true,\"valueName\":\"search_term_string\"}}],\"inLanguage\":\"it-IT\"},{\"@type\":\"Organization\",\"@id\":\"https:\/\/progettotouring.it\/radiotouring104\/#organization\",\"name\":\"Radio Touring 104\",\"url\":\"https:\/\/progettotouring.it\/radiotouring104\/\",\"logo\":{\"@type\":\"ImageObject\",\"inLanguage\":\"it-IT\",\"@id\":\"https:\/\/progettotouring.it\/radiotouring104\/#\/schema\/logo\/image\/\",\"url\":\"https:\/\/progettotouring.it\/radiotouring104\/wp-content\/uploads\/sites\/6\/2022\/02\/cropped-logo-radio-touring-104.png\",\"contentUrl\":\"https:\/\/progettotouring.it\/radiotouring104\/wp-content\/uploads\/sites\/6\/2022\/02\/cropped-logo-radio-touring-104.png\",\"width\":377,\"height\":182,\"caption\":\"Radio Touring 104\"},\"image\":{\"@id\":\"https:\/\/progettotouring.it\/radiotouring104\/#\/schema\/logo\/image\/\"}},{\"@type\":\"Person\",\"@id\":\"https:\/\/progettotouring.it\/radiotouring104\/#\/schema\/person\/4a82259ca52ac8702ad1a8f9e5a3120b\",\"name\":\"Filippo Francesco Idone\",\"image\":{\"@type\":\"ImageObject\",\"inLanguage\":\"it-IT\",\"@id\":\"https:\/\/secure.gravatar.com\/avatar\/7268715d2366395c3dd314385670e6484117d44f5c442e61e230f7008b7b62d3?s=96&d=mm&r=g\",\"url\":\"https:\/\/secure.gravatar.com\/avatar\/7268715d2366395c3dd314385670e6484117d44f5c442e61e230f7008b7b62d3?s=96&d=mm&r=g\",\"contentUrl\":\"https:\/\/secure.gravatar.com\/avatar\/7268715d2366395c3dd314385670e6484117d44f5c442e61e230f7008b7b62d3?s=96&d=mm&r=g\",\"caption\":\"Filippo Francesco Idone\"},\"url\":\"https:\/\/progettotouring.it\/radiotouring104\/author\/filippoidone\/\"}]}<\/script>\n<!-- \/ Yoast SEO plugin. -->","yoast_head_json":{"title":"Memorial Roberto Chiricosta: le informazioni sull'evento musicale di Ardore","description":"Per il terzo anno consecutivo molti artisti della locride saranno nuovamente al castello di Ardore per il Memorial Roberto Chiricosta","robots":{"index":"index","follow":"follow","max-snippet":"max-snippet:-1","max-image-preview":"max-image-preview:large","max-video-preview":"max-video-preview:-1"},"canonical":"https:\/\/progettotouring.it\/radiotouring104\/2022\/05\/26\/ardore-tutto-pronto-per-la-terza-edizione-del-memorial-roberto-chiricosta\/","og_locale":"it_IT","og_type":"article","og_title":"Memorial Roberto Chiricosta: le informazioni sull'evento musicale di Ardore","og_description":"Per il terzo anno consecutivo molti artisti della locride saranno nuovamente al castello di Ardore per il Memorial Roberto Chiricosta","og_url":"https:\/\/progettotouring.it\/radiotouring104\/2022\/05\/26\/ardore-tutto-pronto-per-la-terza-edizione-del-memorial-roberto-chiricosta\/","og_site_name":"Radio Touring 104","article_published_time":"2022-05-26T14:15:03+00:00","og_image":[{"width":1080,"height":1528,"url":"https:\/\/progettotouring.it\/radiotouring104\/wp-content\/uploads\/sites\/6\/2022\/05\/ardore.jpg","type":"image\/jpeg"}],"author":"Filippo Francesco Idone","twitter_card":"summary_large_image","twitter_misc":{"Scritto da":"Filippo Francesco Idone","Tempo di lettura stimato":"3 minuti"},"schema":{"@context":"https:\/\/schema.org","@graph":[{"@type":"Article","@id":"https:\/\/progettotouring.it\/radiotouring104\/2022\/05\/26\/ardore-tutto-pronto-per-la-terza-edizione-del-memorial-roberto-chiricosta\/#article","isPartOf":{"@id":"https:\/\/progettotouring.it\/radiotouring104\/2022\/05\/26\/ardore-tutto-pronto-per-la-terza-edizione-del-memorial-roberto-chiricosta\/"},"author":{"name":"Filippo Francesco Idone","@id":"https:\/\/progettotouring.it\/radiotouring104\/#\/schema\/person\/4a82259ca52ac8702ad1a8f9e5a3120b"},"headline":"Ardore, tutto pronto per la terza edizione del Memorial Roberto Chiricosta","datePublished":"2022-05-26T14:15:03+00:00","mainEntityOfPage":{"@id":"https:\/\/progettotouring.it\/radiotouring104\/2022\/05\/26\/ardore-tutto-pronto-per-la-terza-edizione-del-memorial-roberto-chiricosta\/"},"wordCount":453,"commentCount":0,"publisher":{"@id":"https:\/\/progettotouring.it\/radiotouring104\/#organization"},"image":{"@id":"https:\/\/progettotouring.it\/radiotouring104\/2022\/05\/26\/ardore-tutto-pronto-per-la-terza-edizione-del-memorial-roberto-chiricosta\/#primaryimage"},"thumbnailUrl":"https:\/\/progettotouring.it\/radiotouring104\/wp-content\/uploads\/sites\/6\/2022\/05\/ardore.jpg","keywords":["ardore","Memorial Roberto Chiricosta"],"articleSection":["Calabria","Musica","News"],"inLanguage":"it-IT","potentialAction":[{"@type":"CommentAction","name":"Comment","target":["https:\/\/progettotouring.it\/radiotouring104\/2022\/05\/26\/ardore-tutto-pronto-per-la-terza-edizione-del-memorial-roberto-chiricosta\/#respond"]}]},{"@type":"WebPage","@id":"https:\/\/progettotouring.it\/radiotouring104\/2022\/05\/26\/ardore-tutto-pronto-per-la-terza-edizione-del-memorial-roberto-chiricosta\/","url":"https:\/\/progettotouring.it\/radiotouring104\/2022\/05\/26\/ardore-tutto-pronto-per-la-terza-edizione-del-memorial-roberto-chiricosta\/","name":"Memorial Roberto Chiricosta: le informazioni sull'evento musicale di Ardore","isPartOf":{"@id":"https:\/\/progettotouring.it\/radiotouring104\/#website"},"primaryImageOfPage":{"@id":"https:\/\/progettotouring.it\/radiotouring104\/2022\/05\/26\/ardore-tutto-pronto-per-la-terza-edizione-del-memorial-roberto-chiricosta\/#primaryimage"},"image":{"@id":"https:\/\/progettotouring.it\/radiotouring104\/2022\/05\/26\/ardore-tutto-pronto-per-la-terza-edizione-del-memorial-roberto-chiricosta\/#primaryimage"},"thumbnailUrl":"https:\/\/progettotouring.it\/radiotouring104\/wp-content\/uploads\/sites\/6\/2022\/05\/ardore.jpg","datePublished":"2022-05-26T14:15:03+00:00","description":"Per il terzo anno consecutivo molti artisti della locride saranno nuovamente al castello di Ardore per il Memorial Roberto Chiricosta","breadcrumb":{"@id":"https:\/\/progettotouring.it\/radiotouring104\/2022\/05\/26\/ardore-tutto-pronto-per-la-terza-edizione-del-memorial-roberto-chiricosta\/#breadcrumb"},"inLanguage":"it-IT","potentialAction":[{"@type":"ReadAction","target":["https:\/\/progettotouring.it\/radiotouring104\/2022\/05\/26\/ardore-tutto-pronto-per-la-terza-edizione-del-memorial-roberto-chiricosta\/"]}]},{"@type":"ImageObject","inLanguage":"it-IT","@id":"https:\/\/progettotouring.it\/radiotouring104\/2022\/05\/26\/ardore-tutto-pronto-per-la-terza-edizione-del-memorial-roberto-chiricosta\/#primaryimage","url":"https:\/\/progettotouring.it\/radiotouring104\/wp-content\/uploads\/sites\/6\/2022\/05\/ardore.jpg","contentUrl":"https:\/\/progettotouring.it\/radiotouring104\/wp-content\/uploads\/sites\/6\/2022\/05\/ardore.jpg","width":1080,"height":1528},{"@type":"BreadcrumbList","@id":"https:\/\/progettotouring.it\/radiotouring104\/2022\/05\/26\/ardore-tutto-pronto-per-la-terza-edizione-del-memorial-roberto-chiricosta\/#breadcrumb","itemListElement":[{"@type":"ListItem","position":1,"name":"Home","item":"https:\/\/progettotouring.it\/radiotouring104\/"},{"@type":"ListItem","position":2,"name":"Ardore, tutto pronto per la terza edizione del Memorial Roberto Chiricosta"}]},{"@type":"WebSite","@id":"https:\/\/progettotouring.it\/radiotouring104\/#website","url":"https:\/\/progettotouring.it\/radiotouring104\/","name":"Radio Touring 104","description":"La prima radio Reggina","publisher":{"@id":"https:\/\/progettotouring.it\/radiotouring104\/#organization"},"potentialAction":[{"@type":"SearchAction","target":{"@type":"EntryPoint","urlTemplate":"https:\/\/progettotouring.it\/radiotouring104\/?s={search_term_string}"},"query-input":{"@type":"PropertyValueSpecification","valueRequired":true,"valueName":"search_term_string"}}],"inLanguage":"it-IT"},{"@type":"Organization","@id":"https:\/\/progettotouring.it\/radiotouring104\/#organization","name":"Radio Touring 104","url":"https:\/\/progettotouring.it\/radiotouring104\/","logo":{"@type":"ImageObject","inLanguage":"it-IT","@id":"https:\/\/progettotouring.it\/radiotouring104\/#\/schema\/logo\/image\/","url":"https:\/\/progettotouring.it\/radiotouring104\/wp-content\/uploads\/sites\/6\/2022\/02\/cropped-logo-radio-touring-104.png","contentUrl":"https:\/\/progettotouring.it\/radiotouring104\/wp-content\/uploads\/sites\/6\/2022\/02\/cropped-logo-radio-touring-104.png","width":377,"height":182,"caption":"Radio Touring 104"},"image":{"@id":"https:\/\/progettotouring.it\/radiotouring104\/#\/schema\/logo\/image\/"}},{"@type":"Person","@id":"https:\/\/progettotouring.it\/radiotouring104\/#\/schema\/person\/4a82259ca52ac8702ad1a8f9e5a3120b","name":"Filippo Francesco Idone","image":{"@type":"ImageObject","inLanguage":"it-IT","@id":"https:\/\/secure.gravatar.com\/avatar\/7268715d2366395c3dd314385670e6484117d44f5c442e61e230f7008b7b62d3?s=96&d=mm&r=g","url":"https:\/\/secure.gravatar.com\/avatar\/7268715d2366395c3dd314385670e6484117d44f5c442e61e230f7008b7b62d3?s=96&d=mm&r=g","contentUrl":"https:\/\/secure.gravatar.com\/avatar\/7268715d2366395c3dd314385670e6484117d44f5c442e61e230f7008b7b62d3?s=96&d=mm&r=g","caption":"Filippo Francesco Idone"},"url":"https:\/\/progettotouring.it\/radiotouring104\/author\/filippoidone\/"}]}},"jetpack_publicize_connections":[],"jetpack_featured_media_url":"https:\/\/progettotouring.it\/radiotouring104\/wp-content\/uploads\/sites\/6\/2022\/05\/ardore.jpg","jetpack_sharing_enabled":true,"_links":{"self":[{"href":"https:\/\/progettotouring.it\/radiotouring104\/wp-json\/wp\/v2\/posts\/5852","targetHints":{"allow":["GET"]}}],"collection":[{"href":"https:\/\/progettotouring.it\/radiotouring104\/wp-json\/wp\/v2\/posts"}],"about":[{"href":"https:\/\/progettotouring.it\/radiotouring104\/wp-json\/wp\/v2\/types\/post"}],"author":[{"embeddable":true,"href":"https:\/\/progettotouring.it\/radiotouring104\/wp-json\/wp\/v2\/users\/8"}],"replies":[{"embeddable":true,"href":"https:\/\/progettotouring.it\/radiotouring104\/wp-json\/wp\/v2\/comments?post=5852"}],"version-history":[{"count":3,"href":"https:\/\/progettotouring.it\/radiotouring104\/wp-json\/wp\/v2\/posts\/5852\/revisions"}],"predecessor-version":[{"id":5857,"href":"https:\/\/progettotouring.it\/radiotouring104\/wp-json\/wp\/v2\/posts\/5852\/revisions\/5857"}],"wp:featuredmedia":[{"embeddable":true,"href":"https:\/\/progettotouring.it\/radiotouring104\/wp-json\/wp\/v2\/media\/5853"}],"wp:attachment":[{"href":"https:\/\/progettotouring.it\/radiotouring104\/wp-json\/wp\/v2\/media?parent=5852"}],"wp:term":[{"taxonomy":"category","embeddable":true,"href":"https:\/\/progettotouring.it\/radiotouring104\/wp-json\/wp\/v2\/categories?post=5852"},{"taxonomy":"post_tag","embeddable":true,"href":"https:\/\/progettotouring.it\/radiotouring104\/wp-json\/wp\/v2\/tags?post=5852"}],"curies":[{"name":"wp","href":"https:\/\/api.w.org\/{rel}","templated":true}]}}