{"id":58525,"date":"2024-09-26T21:02:26","date_gmt":"2024-09-26T19:02:26","guid":{"rendered":"https:\/\/progettotouring.it\/radiotouring104\/?p=58525"},"modified":"2024-09-26T21:02:26","modified_gmt":"2024-09-26T19:02:26","slug":"bergamini-difensore-imputata-popolo-lha-gia-condannata","status":"publish","type":"post","link":"https:\/\/progettotouring.it\/radiotouring104\/2024\/09\/26\/bergamini-difensore-imputata-popolo-lha-gia-condannata\/","title":{"rendered":"Bergamini: difensore imputata, popolo l&#8217;ha gi\u00e0 condannata"},"content":{"rendered":"<p>Il\u00a0 problema di questo processo, in cui peraltro non c&#8217;\u00e8 nulla di concreto, \u00e8 l&#8217;eco mediatica&#8221;.<\/p>\n<p>Lo ha affermato, nella sua arringa, l&#8217;avvocato Rossana Cribari, difensore di Isabella Intern\u00f2, imputata di omicidio volontario nel processo in corso a Cosenza, in Corte d&#8217;assise, per la morte dell&#8217;ex fidanzato, il calciatore del Cosenza Denis Bergamini, avvenuta nel 1989 a Roseto Capo Spulico.<\/p>\n<p>La morte di Bergamini, il cui cadavere fu trovato sotto un camion lungo la statale 106 ionica, a Roseto Capo Spulico, fu attribuita in un primo tempo a suicidio. Le indagini hanno per\u00f2 consentito successivamente di accertare che in realt\u00e0 Bergamini sarebbe stato soffocato e che il suicidio del calciatore, di cui Isabella Intern\u00f2 si era detta testimone, sarebbe stata soltanto una messinscena.<\/p>\n<p>Secondo l&#8217;avvocato Cribari, &#8220;in tutti questi anni sulla morte di Denis Bergamini si \u00e8 cercata una verit\u00e0 che non esiste, basata su teorie e suggestioni che non devono entrare in un&#8217;aula di giustizia. L&#8217;unica autopsia della quale bisogna tenere conto \u00e8 quella del professore Abato, l&#8217;unico, nel 1990, che vide subito il cadavere. Gi\u00e0 nel 2012 i periti Bolino e Tessi sostenevano l&#8217;impossibilit\u00e0 di eseguire, a distanza di tanti anni, esami immuno\u00a0 estochimici finalizzati ad accertare la vitalit\u00e0 delle lesioni. Uno choc emorragico: \u00e9 stata questa la causa della morte di Bergamini. Abato lo ha spiegato durante il processo anche in aula&#8221;.<\/p>\n<p>La prossima udienza del processo \u00e9 fissata per luned\u00ec 30 ottobre, giorno in cui prender\u00e0 la parola l&#8217;altro legale dell&#8217;imputata, l&#8217;avvocato Angelo Pugliese. (ANSA)<\/p>\n","protected":false},"excerpt":{"rendered":"<p>Il\u00a0 problema di questo processo, in cui peraltro non c&#8217;\u00e8 nulla di concreto, \u00e8 l&#8217;eco mediatica&#8221;. Lo ha affermato, nella sua arringa, l&#8217;avvocato Rossana Cribari, difensore di Isabella Intern\u00f2, imputata&hellip;<\/p>\n","protected":false},"author":19,"featured_media":13122,"comment_status":"closed","ping_status":"open","sticky":false,"template":"","format":"standard","meta":{"_jetpack_memberships_contains_paid_content":false,"footnotes":"","jetpack_publicize_message":"","jetpack_publicize_feature_enabled":true,"jetpack_social_post_already_shared":false,"jetpack_social_options":{"image_generator_settings":{"template":"highway","default_image_id":0,"font":"","enabled":false},"version":2}},"categories":[142,921,196],"tags":[],"class_list":["post-58525","post","type-post","status-publish","format-standard","has-post-thumbnail","hentry","category-calabria","category-home","category-news"],"yoast_head":"<!-- This site is optimized with the Yoast SEO plugin v27.2 - https:\/\/yoast.com\/product\/yoast-seo-wordpress\/ -->\n<title>Bergamini: difensore imputata, popolo l&#039;ha gi\u00e0 condannata - Radio Touring 104<\/title>\n<meta name=\"description\" content=\"&quot;Quella che \u00e8 stata dimenticata \u00e8 la presunzione d&#039;innocenza. Il popolo ha gi\u00e0 condannato Isabella Intern\u00f2.&quot;\" \/>\n<meta name=\"robots\" content=\"index, follow, max-snippet:-1, max-image-preview:large, max-video-preview:-1\" \/>\n<link rel=\"canonical\" href=\"https:\/\/progettotouring.it\/radiotouring104\/2024\/09\/26\/bergamini-difensore-imputata-popolo-lha-gia-condannata\/\" \/>\n<meta property=\"og:locale\" content=\"it_IT\" \/>\n<meta property=\"og:type\" content=\"article\" \/>\n<meta property=\"og:title\" content=\"Bergamini: difensore imputata, popolo l&#039;ha gi\u00e0 condannata - Radio Touring 104\" \/>\n<meta property=\"og:description\" content=\"&quot;Quella che \u00e8 stata dimenticata \u00e8 la presunzione d&#039;innocenza. Il popolo ha gi\u00e0 condannato Isabella Intern\u00f2.&quot;\" \/>\n<meta property=\"og:url\" content=\"https:\/\/progettotouring.it\/radiotouring104\/2024\/09\/26\/bergamini-difensore-imputata-popolo-lha-gia-condannata\/\" \/>\n<meta property=\"og:site_name\" content=\"Radio Touring 104\" \/>\n<meta property=\"article:published_time\" content=\"2024-09-26T19:02:26+00:00\" \/>\n<meta property=\"og:image\" content=\"https:\/\/progettotouring.it\/radiotouring104\/wp-content\/uploads\/sites\/6\/2022\/11\/Donato-Bergamini.jpg\" \/>\n\t<meta property=\"og:image:width\" content=\"535\" \/>\n\t<meta property=\"og:image:height\" content=\"621\" \/>\n\t<meta property=\"og:image:type\" content=\"image\/jpeg\" \/>\n<meta name=\"author\" content=\"S L\" \/>\n<meta name=\"twitter:card\" content=\"summary_large_image\" \/>\n<meta name=\"twitter:label1\" content=\"Scritto da\" \/>\n\t<meta name=\"twitter:data1\" content=\"S L\" \/>\n\t<meta name=\"twitter:label2\" content=\"Tempo di lettura stimato\" \/>\n\t<meta name=\"twitter:data2\" content=\"1 minuto\" \/>\n<script type=\"application\/ld+json\" class=\"yoast-schema-graph\">{\"@context\":\"https:\/\/schema.org\",\"@graph\":[{\"@type\":\"Article\",\"@id\":\"https:\/\/progettotouring.it\/radiotouring104\/2024\/09\/26\/bergamini-difensore-imputata-popolo-lha-gia-condannata\/#article\",\"isPartOf\":{\"@id\":\"https:\/\/progettotouring.it\/radiotouring104\/2024\/09\/26\/bergamini-difensore-imputata-popolo-lha-gia-condannata\/\"},\"author\":{\"name\":\"S L\",\"@id\":\"https:\/\/progettotouring.it\/radiotouring104\/#\/schema\/person\/b9f9c3730b0a78814c9b9f3bfc52c619\"},\"headline\":\"Bergamini: difensore imputata, popolo l&#8217;ha gi\u00e0 condannata\",\"datePublished\":\"2024-09-26T19:02:26+00:00\",\"mainEntityOfPage\":{\"@id\":\"https:\/\/progettotouring.it\/radiotouring104\/2024\/09\/26\/bergamini-difensore-imputata-popolo-lha-gia-condannata\/\"},\"wordCount\":246,\"publisher\":{\"@id\":\"https:\/\/progettotouring.it\/radiotouring104\/#organization\"},\"image\":{\"@id\":\"https:\/\/progettotouring.it\/radiotouring104\/2024\/09\/26\/bergamini-difensore-imputata-popolo-lha-gia-condannata\/#primaryimage\"},\"thumbnailUrl\":\"https:\/\/progettotouring.it\/radiotouring104\/wp-content\/uploads\/sites\/6\/2022\/11\/Donato-Bergamini.jpg\",\"articleSection\":[\"Calabria\",\"Home\",\"News\"],\"inLanguage\":\"it-IT\"},{\"@type\":\"WebPage\",\"@id\":\"https:\/\/progettotouring.it\/radiotouring104\/2024\/09\/26\/bergamini-difensore-imputata-popolo-lha-gia-condannata\/\",\"url\":\"https:\/\/progettotouring.it\/radiotouring104\/2024\/09\/26\/bergamini-difensore-imputata-popolo-lha-gia-condannata\/\",\"name\":\"Bergamini: difensore imputata, popolo l'ha gi\u00e0 condannata - Radio Touring 104\",\"isPartOf\":{\"@id\":\"https:\/\/progettotouring.it\/radiotouring104\/#website\"},\"primaryImageOfPage\":{\"@id\":\"https:\/\/progettotouring.it\/radiotouring104\/2024\/09\/26\/bergamini-difensore-imputata-popolo-lha-gia-condannata\/#primaryimage\"},\"image\":{\"@id\":\"https:\/\/progettotouring.it\/radiotouring104\/2024\/09\/26\/bergamini-difensore-imputata-popolo-lha-gia-condannata\/#primaryimage\"},\"thumbnailUrl\":\"https:\/\/progettotouring.it\/radiotouring104\/wp-content\/uploads\/sites\/6\/2022\/11\/Donato-Bergamini.jpg\",\"datePublished\":\"2024-09-26T19:02:26+00:00\",\"description\":\"\\\"Quella che \u00e8 stata dimenticata \u00e8 la presunzione d'innocenza. Il popolo ha gi\u00e0 condannato Isabella Intern\u00f2.\\\"\",\"breadcrumb\":{\"@id\":\"https:\/\/progettotouring.it\/radiotouring104\/2024\/09\/26\/bergamini-difensore-imputata-popolo-lha-gia-condannata\/#breadcrumb\"},\"inLanguage\":\"it-IT\",\"potentialAction\":[{\"@type\":\"ReadAction\",\"target\":[\"https:\/\/progettotouring.it\/radiotouring104\/2024\/09\/26\/bergamini-difensore-imputata-popolo-lha-gia-condannata\/\"]}]},{\"@type\":\"ImageObject\",\"inLanguage\":\"it-IT\",\"@id\":\"https:\/\/progettotouring.it\/radiotouring104\/2024\/09\/26\/bergamini-difensore-imputata-popolo-lha-gia-condannata\/#primaryimage\",\"url\":\"https:\/\/progettotouring.it\/radiotouring104\/wp-content\/uploads\/sites\/6\/2022\/11\/Donato-Bergamini.jpg\",\"contentUrl\":\"https:\/\/progettotouring.it\/radiotouring104\/wp-content\/uploads\/sites\/6\/2022\/11\/Donato-Bergamini.jpg\",\"width\":535,\"height\":621},{\"@type\":\"BreadcrumbList\",\"@id\":\"https:\/\/progettotouring.it\/radiotouring104\/2024\/09\/26\/bergamini-difensore-imputata-popolo-lha-gia-condannata\/#breadcrumb\",\"itemListElement\":[{\"@type\":\"ListItem\",\"position\":1,\"name\":\"Home\",\"item\":\"https:\/\/progettotouring.it\/radiotouring104\/\"},{\"@type\":\"ListItem\",\"position\":2,\"name\":\"Bergamini: difensore imputata, popolo l&#8217;ha gi\u00e0 condannata\"}]},{\"@type\":\"WebSite\",\"@id\":\"https:\/\/progettotouring.it\/radiotouring104\/#website\",\"url\":\"https:\/\/progettotouring.it\/radiotouring104\/\",\"name\":\"Radio Touring 104\",\"description\":\"La prima radio Reggina\",\"publisher\":{\"@id\":\"https:\/\/progettotouring.it\/radiotouring104\/#organization\"},\"potentialAction\":[{\"@type\":\"SearchAction\",\"target\":{\"@type\":\"EntryPoint\",\"urlTemplate\":\"https:\/\/progettotouring.it\/radiotouring104\/?s={search_term_string}\"},\"query-input\":{\"@type\":\"PropertyValueSpecification\",\"valueRequired\":true,\"valueName\":\"search_term_string\"}}],\"inLanguage\":\"it-IT\"},{\"@type\":\"Organization\",\"@id\":\"https:\/\/progettotouring.it\/radiotouring104\/#organization\",\"name\":\"Radio Touring 104\",\"url\":\"https:\/\/progettotouring.it\/radiotouring104\/\",\"logo\":{\"@type\":\"ImageObject\",\"inLanguage\":\"it-IT\",\"@id\":\"https:\/\/progettotouring.it\/radiotouring104\/#\/schema\/logo\/image\/\",\"url\":\"https:\/\/progettotouring.it\/radiotouring104\/wp-content\/uploads\/sites\/6\/2022\/02\/cropped-logo-radio-touring-104.png\",\"contentUrl\":\"https:\/\/progettotouring.it\/radiotouring104\/wp-content\/uploads\/sites\/6\/2022\/02\/cropped-logo-radio-touring-104.png\",\"width\":377,\"height\":182,\"caption\":\"Radio Touring 104\"},\"image\":{\"@id\":\"https:\/\/progettotouring.it\/radiotouring104\/#\/schema\/logo\/image\/\"}},{\"@type\":\"Person\",\"@id\":\"https:\/\/progettotouring.it\/radiotouring104\/#\/schema\/person\/b9f9c3730b0a78814c9b9f3bfc52c619\",\"name\":\"S L\",\"image\":{\"@type\":\"ImageObject\",\"inLanguage\":\"it-IT\",\"@id\":\"https:\/\/secure.gravatar.com\/avatar\/652c51789d7030aaed9ff828331360502a68204fe6fb0831bc280515210e16d2?s=96&d=mm&r=g\",\"url\":\"https:\/\/secure.gravatar.com\/avatar\/652c51789d7030aaed9ff828331360502a68204fe6fb0831bc280515210e16d2?s=96&d=mm&r=g\",\"contentUrl\":\"https:\/\/secure.gravatar.com\/avatar\/652c51789d7030aaed9ff828331360502a68204fe6fb0831bc280515210e16d2?s=96&d=mm&r=g\",\"caption\":\"S L\"},\"url\":\"https:\/\/progettotouring.it\/radiotouring104\/author\/slibri\/\"}]}<\/script>\n<!-- \/ Yoast SEO plugin. -->","yoast_head_json":{"title":"Bergamini: difensore imputata, popolo l'ha gi\u00e0 condannata - Radio Touring 104","description":"\"Quella che \u00e8 stata dimenticata \u00e8 la presunzione d'innocenza. Il popolo ha gi\u00e0 condannato Isabella Intern\u00f2.\"","robots":{"index":"index","follow":"follow","max-snippet":"max-snippet:-1","max-image-preview":"max-image-preview:large","max-video-preview":"max-video-preview:-1"},"canonical":"https:\/\/progettotouring.it\/radiotouring104\/2024\/09\/26\/bergamini-difensore-imputata-popolo-lha-gia-condannata\/","og_locale":"it_IT","og_type":"article","og_title":"Bergamini: difensore imputata, popolo l'ha gi\u00e0 condannata - Radio Touring 104","og_description":"\"Quella che \u00e8 stata dimenticata \u00e8 la presunzione d'innocenza. Il popolo ha gi\u00e0 condannato Isabella Intern\u00f2.\"","og_url":"https:\/\/progettotouring.it\/radiotouring104\/2024\/09\/26\/bergamini-difensore-imputata-popolo-lha-gia-condannata\/","og_site_name":"Radio Touring 104","article_published_time":"2024-09-26T19:02:26+00:00","og_image":[{"width":535,"height":621,"url":"https:\/\/progettotouring.it\/radiotouring104\/wp-content\/uploads\/sites\/6\/2022\/11\/Donato-Bergamini.jpg","type":"image\/jpeg"}],"author":"S L","twitter_card":"summary_large_image","twitter_misc":{"Scritto da":"S L","Tempo di lettura stimato":"1 minuto"},"schema":{"@context":"https:\/\/schema.org","@graph":[{"@type":"Article","@id":"https:\/\/progettotouring.it\/radiotouring104\/2024\/09\/26\/bergamini-difensore-imputata-popolo-lha-gia-condannata\/#article","isPartOf":{"@id":"https:\/\/progettotouring.it\/radiotouring104\/2024\/09\/26\/bergamini-difensore-imputata-popolo-lha-gia-condannata\/"},"author":{"name":"S L","@id":"https:\/\/progettotouring.it\/radiotouring104\/#\/schema\/person\/b9f9c3730b0a78814c9b9f3bfc52c619"},"headline":"Bergamini: difensore imputata, popolo l&#8217;ha gi\u00e0 condannata","datePublished":"2024-09-26T19:02:26+00:00","mainEntityOfPage":{"@id":"https:\/\/progettotouring.it\/radiotouring104\/2024\/09\/26\/bergamini-difensore-imputata-popolo-lha-gia-condannata\/"},"wordCount":246,"publisher":{"@id":"https:\/\/progettotouring.it\/radiotouring104\/#organization"},"image":{"@id":"https:\/\/progettotouring.it\/radiotouring104\/2024\/09\/26\/bergamini-difensore-imputata-popolo-lha-gia-condannata\/#primaryimage"},"thumbnailUrl":"https:\/\/progettotouring.it\/radiotouring104\/wp-content\/uploads\/sites\/6\/2022\/11\/Donato-Bergamini.jpg","articleSection":["Calabria","Home","News"],"inLanguage":"it-IT"},{"@type":"WebPage","@id":"https:\/\/progettotouring.it\/radiotouring104\/2024\/09\/26\/bergamini-difensore-imputata-popolo-lha-gia-condannata\/","url":"https:\/\/progettotouring.it\/radiotouring104\/2024\/09\/26\/bergamini-difensore-imputata-popolo-lha-gia-condannata\/","name":"Bergamini: difensore imputata, popolo l'ha gi\u00e0 condannata - Radio Touring 104","isPartOf":{"@id":"https:\/\/progettotouring.it\/radiotouring104\/#website"},"primaryImageOfPage":{"@id":"https:\/\/progettotouring.it\/radiotouring104\/2024\/09\/26\/bergamini-difensore-imputata-popolo-lha-gia-condannata\/#primaryimage"},"image":{"@id":"https:\/\/progettotouring.it\/radiotouring104\/2024\/09\/26\/bergamini-difensore-imputata-popolo-lha-gia-condannata\/#primaryimage"},"thumbnailUrl":"https:\/\/progettotouring.it\/radiotouring104\/wp-content\/uploads\/sites\/6\/2022\/11\/Donato-Bergamini.jpg","datePublished":"2024-09-26T19:02:26+00:00","description":"\"Quella che \u00e8 stata dimenticata \u00e8 la presunzione d'innocenza. Il popolo ha gi\u00e0 condannato Isabella Intern\u00f2.\"","breadcrumb":{"@id":"https:\/\/progettotouring.it\/radiotouring104\/2024\/09\/26\/bergamini-difensore-imputata-popolo-lha-gia-condannata\/#breadcrumb"},"inLanguage":"it-IT","potentialAction":[{"@type":"ReadAction","target":["https:\/\/progettotouring.it\/radiotouring104\/2024\/09\/26\/bergamini-difensore-imputata-popolo-lha-gia-condannata\/"]}]},{"@type":"ImageObject","inLanguage":"it-IT","@id":"https:\/\/progettotouring.it\/radiotouring104\/2024\/09\/26\/bergamini-difensore-imputata-popolo-lha-gia-condannata\/#primaryimage","url":"https:\/\/progettotouring.it\/radiotouring104\/wp-content\/uploads\/sites\/6\/2022\/11\/Donato-Bergamini.jpg","contentUrl":"https:\/\/progettotouring.it\/radiotouring104\/wp-content\/uploads\/sites\/6\/2022\/11\/Donato-Bergamini.jpg","width":535,"height":621},{"@type":"BreadcrumbList","@id":"https:\/\/progettotouring.it\/radiotouring104\/2024\/09\/26\/bergamini-difensore-imputata-popolo-lha-gia-condannata\/#breadcrumb","itemListElement":[{"@type":"ListItem","position":1,"name":"Home","item":"https:\/\/progettotouring.it\/radiotouring104\/"},{"@type":"ListItem","position":2,"name":"Bergamini: difensore imputata, popolo l&#8217;ha gi\u00e0 condannata"}]},{"@type":"WebSite","@id":"https:\/\/progettotouring.it\/radiotouring104\/#website","url":"https:\/\/progettotouring.it\/radiotouring104\/","name":"Radio Touring 104","description":"La prima radio Reggina","publisher":{"@id":"https:\/\/progettotouring.it\/radiotouring104\/#organization"},"potentialAction":[{"@type":"SearchAction","target":{"@type":"EntryPoint","urlTemplate":"https:\/\/progettotouring.it\/radiotouring104\/?s={search_term_string}"},"query-input":{"@type":"PropertyValueSpecification","valueRequired":true,"valueName":"search_term_string"}}],"inLanguage":"it-IT"},{"@type":"Organization","@id":"https:\/\/progettotouring.it\/radiotouring104\/#organization","name":"Radio Touring 104","url":"https:\/\/progettotouring.it\/radiotouring104\/","logo":{"@type":"ImageObject","inLanguage":"it-IT","@id":"https:\/\/progettotouring.it\/radiotouring104\/#\/schema\/logo\/image\/","url":"https:\/\/progettotouring.it\/radiotouring104\/wp-content\/uploads\/sites\/6\/2022\/02\/cropped-logo-radio-touring-104.png","contentUrl":"https:\/\/progettotouring.it\/radiotouring104\/wp-content\/uploads\/sites\/6\/2022\/02\/cropped-logo-radio-touring-104.png","width":377,"height":182,"caption":"Radio Touring 104"},"image":{"@id":"https:\/\/progettotouring.it\/radiotouring104\/#\/schema\/logo\/image\/"}},{"@type":"Person","@id":"https:\/\/progettotouring.it\/radiotouring104\/#\/schema\/person\/b9f9c3730b0a78814c9b9f3bfc52c619","name":"S L","image":{"@type":"ImageObject","inLanguage":"it-IT","@id":"https:\/\/secure.gravatar.com\/avatar\/652c51789d7030aaed9ff828331360502a68204fe6fb0831bc280515210e16d2?s=96&d=mm&r=g","url":"https:\/\/secure.gravatar.com\/avatar\/652c51789d7030aaed9ff828331360502a68204fe6fb0831bc280515210e16d2?s=96&d=mm&r=g","contentUrl":"https:\/\/secure.gravatar.com\/avatar\/652c51789d7030aaed9ff828331360502a68204fe6fb0831bc280515210e16d2?s=96&d=mm&r=g","caption":"S L"},"url":"https:\/\/progettotouring.it\/radiotouring104\/author\/slibri\/"}]}},"jetpack_publicize_connections":[],"jetpack_featured_media_url":"https:\/\/progettotouring.it\/radiotouring104\/wp-content\/uploads\/sites\/6\/2022\/11\/Donato-Bergamini.jpg","jetpack_sharing_enabled":true,"_links":{"self":[{"href":"https:\/\/progettotouring.it\/radiotouring104\/wp-json\/wp\/v2\/posts\/58525","targetHints":{"allow":["GET"]}}],"collection":[{"href":"https:\/\/progettotouring.it\/radiotouring104\/wp-json\/wp\/v2\/posts"}],"about":[{"href":"https:\/\/progettotouring.it\/radiotouring104\/wp-json\/wp\/v2\/types\/post"}],"author":[{"embeddable":true,"href":"https:\/\/progettotouring.it\/radiotouring104\/wp-json\/wp\/v2\/users\/19"}],"replies":[{"embeddable":true,"href":"https:\/\/progettotouring.it\/radiotouring104\/wp-json\/wp\/v2\/comments?post=58525"}],"version-history":[{"count":1,"href":"https:\/\/progettotouring.it\/radiotouring104\/wp-json\/wp\/v2\/posts\/58525\/revisions"}],"predecessor-version":[{"id":58526,"href":"https:\/\/progettotouring.it\/radiotouring104\/wp-json\/wp\/v2\/posts\/58525\/revisions\/58526"}],"wp:featuredmedia":[{"embeddable":true,"href":"https:\/\/progettotouring.it\/radiotouring104\/wp-json\/wp\/v2\/media\/13122"}],"wp:attachment":[{"href":"https:\/\/progettotouring.it\/radiotouring104\/wp-json\/wp\/v2\/media?parent=58525"}],"wp:term":[{"taxonomy":"category","embeddable":true,"href":"https:\/\/progettotouring.it\/radiotouring104\/wp-json\/wp\/v2\/categories?post=58525"},{"taxonomy":"post_tag","embeddable":true,"href":"https:\/\/progettotouring.it\/radiotouring104\/wp-json\/wp\/v2\/tags?post=58525"}],"curies":[{"name":"wp","href":"https:\/\/api.w.org\/{rel}","templated":true}]}}