{"id":58534,"date":"2024-09-27T09:30:27","date_gmt":"2024-09-27T07:30:27","guid":{"rendered":"https:\/\/progettotouring.it\/radiotouring104\/?p=58534"},"modified":"2024-09-27T09:30:27","modified_gmt":"2024-09-27T07:30:27","slug":"due-fine-settimana-dedicati-alla-memoria-di-coach-gebbia","status":"publish","type":"post","link":"https:\/\/progettotouring.it\/radiotouring104\/2024\/09\/27\/due-fine-settimana-dedicati-alla-memoria-di-coach-gebbia\/","title":{"rendered":"Due fine settimana dedicati alla memoria di coach Gebbia."},"content":{"rendered":"<p style=\"text-align: justify\"><strong>Due fine settimana dedicati alla memoria di Gaetano Gebbia con due tornei<\/strong> organizzati nelle regioni legate al cuore ed alla carriera dell\u2019indimenticato allenatore.<br \/>\n<strong>Si comincia oggi e domani nell\u2019Arena di Villa Dante di Messina<\/strong>: l\u2019impianto all\u2019aperto del capoluogo peloritano ospiter\u00e0 le s<strong>quadre Under 17 di quattro societ\u00e0<\/strong> con cui il coach ha legato la sua carriera. Il movimento cestistico regionale tributer\u00e0 a uno dei suoi pi\u00f9 brillanti tecnici gli onori di un grande evento, in cui si incontreranno ancora una volta le eccellenze di Sicilia e Calabria.<\/p>\n<p style=\"text-align: justify\"><strong>Venerd\u00ec 27 settembre alle 18 si affronteranno la Pallacanestro Viola Reggio Calabria e la Virtus Ragusa Academy;<\/strong> alle 20 scenderanno in campo la PCR Unime e la Lumaka Reggio Calabria. Sabato 28 settembre alle 18 si giocher\u00e0 la finale 3\u00ba\/4\u00ba posto, alle 20 la finalissima.<\/p>\n<p style=\"text-align: justify\">Si replica una settimana dopo <strong>, il 5 e 6 ottobre, a Reggio Calabria, al PalaLumaka<\/strong> con le stesse protagoniste, questa volta <strong>categoria Under 19. I<\/strong>l tutto per rendere omaggio ad un uomo che ha lasciato un ricordo indelebile sia dal punto di vista umano che tecnico. Le quattro realt\u00e0 coinvolte sono tutte fortemente connesse con i trascorsi di Gaetano e si vorr\u00e0 onorare al meglio la sua memoria in un contesto che unir\u00e0 sport e sentimento.<\/p>\n","protected":false},"excerpt":{"rendered":"<p>Due fine settimana dedicati alla memoria di Gaetano Gebbia con due tornei organizzati nelle regioni legate al cuore ed alla carriera dell\u2019indimenticato allenatore. Si comincia oggi e domani nell\u2019Arena di&hellip;<\/p>\n","protected":false},"author":12,"featured_media":0,"comment_status":"closed","ping_status":"open","sticky":false,"template":"","format":"standard","meta":{"_jetpack_memberships_contains_paid_content":false,"footnotes":"","jetpack_publicize_message":"","jetpack_publicize_feature_enabled":true,"jetpack_social_post_already_shared":false,"jetpack_social_options":{"image_generator_settings":{"template":"highway","default_image_id":0,"font":"","enabled":false},"version":2}},"categories":[196,140,144],"tags":[35775,35354,35774,35350,33263],"class_list":["post-58534","post","type-post","status-publish","format-standard","hentry","category-news","category-reggio-calabria","category-sport","tag-4-societa-under-17","tag-arena-di-villa-dante-di-messina","tag-due-tornei","tag-memorial-gaetano-gebbia","tag-under-19"],"yoast_head":"<!-- This site is optimized with the Yoast SEO plugin v27.2 - https:\/\/yoast.com\/product\/yoast-seo-wordpress\/ -->\n<title>Due fine settimana dedicati alla memoria di coach Gebbia.<\/title>\n<meta name=\"description\" content=\"Organizzati due tornei questo ed il prossimo weekend, in memoria del compianto coach. Si parte oggi all\u2019Arena di Villa Dante di Messina\" \/>\n<meta name=\"robots\" content=\"index, follow, max-snippet:-1, max-image-preview:large, max-video-preview:-1\" \/>\n<link rel=\"canonical\" href=\"https:\/\/progettotouring.it\/radiotouring104\/2024\/09\/27\/due-fine-settimana-dedicati-alla-memoria-di-coach-gebbia\/\" \/>\n<meta property=\"og:locale\" content=\"it_IT\" \/>\n<meta property=\"og:type\" content=\"article\" \/>\n<meta property=\"og:title\" content=\"Due fine settimana dedicati alla memoria di coach Gebbia.\" \/>\n<meta property=\"og:description\" content=\"Organizzati due tornei questo ed il prossimo weekend, in memoria del compianto coach. Si parte oggi all\u2019Arena di Villa Dante di Messina\" \/>\n<meta property=\"og:url\" content=\"https:\/\/progettotouring.it\/radiotouring104\/2024\/09\/27\/due-fine-settimana-dedicati-alla-memoria-di-coach-gebbia\/\" \/>\n<meta property=\"og:site_name\" content=\"Radio Touring 104\" \/>\n<meta property=\"article:published_time\" content=\"2024-09-27T07:30:27+00:00\" \/>\n<meta property=\"og:image\" content=\"https:\/\/progettotouring.it\/radiotouring104\/wp-content\/uploads\/sites\/6\/2024\/07\/GEBBIA-2.jpg\" \/>\n\t<meta property=\"og:image:width\" content=\"300\" \/>\n\t<meta property=\"og:image:height\" content=\"236\" \/>\n\t<meta property=\"og:image:type\" content=\"image\/jpeg\" \/>\n<meta name=\"author\" content=\"Sebastiano Plutino\" \/>\n<meta name=\"twitter:card\" content=\"summary_large_image\" \/>\n<meta name=\"twitter:label1\" content=\"Scritto da\" \/>\n\t<meta name=\"twitter:data1\" content=\"Sebastiano Plutino\" \/>\n\t<meta name=\"twitter:label2\" content=\"Tempo di lettura stimato\" \/>\n\t<meta name=\"twitter:data2\" content=\"1 minuto\" \/>\n<script type=\"application\/ld+json\" class=\"yoast-schema-graph\">{\"@context\":\"https:\/\/schema.org\",\"@graph\":[{\"@type\":\"Article\",\"@id\":\"https:\/\/progettotouring.it\/radiotouring104\/2024\/09\/27\/due-fine-settimana-dedicati-alla-memoria-di-coach-gebbia\/#article\",\"isPartOf\":{\"@id\":\"https:\/\/progettotouring.it\/radiotouring104\/2024\/09\/27\/due-fine-settimana-dedicati-alla-memoria-di-coach-gebbia\/\"},\"author\":{\"name\":\"Sebastiano Plutino\",\"@id\":\"https:\/\/progettotouring.it\/radiotouring104\/#\/schema\/person\/78613917f1851f041f7483f5af1d422e\"},\"headline\":\"Due fine settimana dedicati alla memoria di coach Gebbia.\",\"datePublished\":\"2024-09-27T07:30:27+00:00\",\"mainEntityOfPage\":{\"@id\":\"https:\/\/progettotouring.it\/radiotouring104\/2024\/09\/27\/due-fine-settimana-dedicati-alla-memoria-di-coach-gebbia\/\"},\"wordCount\":210,\"publisher\":{\"@id\":\"https:\/\/progettotouring.it\/radiotouring104\/#organization\"},\"keywords\":[\"4 societ\u00e0 under 17\",\"Arena di Villa Dante di Messina\",\"due tornei\",\"memorial Gaetano Gebbia\",\"under 19\"],\"articleSection\":[\"News\",\"Reggio Calabria\",\"Sport\"],\"inLanguage\":\"it-IT\"},{\"@type\":\"WebPage\",\"@id\":\"https:\/\/progettotouring.it\/radiotouring104\/2024\/09\/27\/due-fine-settimana-dedicati-alla-memoria-di-coach-gebbia\/\",\"url\":\"https:\/\/progettotouring.it\/radiotouring104\/2024\/09\/27\/due-fine-settimana-dedicati-alla-memoria-di-coach-gebbia\/\",\"name\":\"Due fine settimana dedicati alla memoria di coach Gebbia.\",\"isPartOf\":{\"@id\":\"https:\/\/progettotouring.it\/radiotouring104\/#website\"},\"datePublished\":\"2024-09-27T07:30:27+00:00\",\"description\":\"Organizzati due tornei questo ed il prossimo weekend, in memoria del compianto coach. Si parte oggi all\u2019Arena di Villa Dante di Messina\",\"breadcrumb\":{\"@id\":\"https:\/\/progettotouring.it\/radiotouring104\/2024\/09\/27\/due-fine-settimana-dedicati-alla-memoria-di-coach-gebbia\/#breadcrumb\"},\"inLanguage\":\"it-IT\",\"potentialAction\":[{\"@type\":\"ReadAction\",\"target\":[\"https:\/\/progettotouring.it\/radiotouring104\/2024\/09\/27\/due-fine-settimana-dedicati-alla-memoria-di-coach-gebbia\/\"]}]},{\"@type\":\"BreadcrumbList\",\"@id\":\"https:\/\/progettotouring.it\/radiotouring104\/2024\/09\/27\/due-fine-settimana-dedicati-alla-memoria-di-coach-gebbia\/#breadcrumb\",\"itemListElement\":[{\"@type\":\"ListItem\",\"position\":1,\"name\":\"Home\",\"item\":\"https:\/\/progettotouring.it\/radiotouring104\/\"},{\"@type\":\"ListItem\",\"position\":2,\"name\":\"Due fine settimana dedicati alla memoria di coach Gebbia.\"}]},{\"@type\":\"WebSite\",\"@id\":\"https:\/\/progettotouring.it\/radiotouring104\/#website\",\"url\":\"https:\/\/progettotouring.it\/radiotouring104\/\",\"name\":\"Radio Touring 104\",\"description\":\"La prima radio Reggina\",\"publisher\":{\"@id\":\"https:\/\/progettotouring.it\/radiotouring104\/#organization\"},\"potentialAction\":[{\"@type\":\"SearchAction\",\"target\":{\"@type\":\"EntryPoint\",\"urlTemplate\":\"https:\/\/progettotouring.it\/radiotouring104\/?s={search_term_string}\"},\"query-input\":{\"@type\":\"PropertyValueSpecification\",\"valueRequired\":true,\"valueName\":\"search_term_string\"}}],\"inLanguage\":\"it-IT\"},{\"@type\":\"Organization\",\"@id\":\"https:\/\/progettotouring.it\/radiotouring104\/#organization\",\"name\":\"Radio Touring 104\",\"url\":\"https:\/\/progettotouring.it\/radiotouring104\/\",\"logo\":{\"@type\":\"ImageObject\",\"inLanguage\":\"it-IT\",\"@id\":\"https:\/\/progettotouring.it\/radiotouring104\/#\/schema\/logo\/image\/\",\"url\":\"https:\/\/progettotouring.it\/radiotouring104\/wp-content\/uploads\/sites\/6\/2022\/02\/cropped-logo-radio-touring-104.png\",\"contentUrl\":\"https:\/\/progettotouring.it\/radiotouring104\/wp-content\/uploads\/sites\/6\/2022\/02\/cropped-logo-radio-touring-104.png\",\"width\":377,\"height\":182,\"caption\":\"Radio Touring 104\"},\"image\":{\"@id\":\"https:\/\/progettotouring.it\/radiotouring104\/#\/schema\/logo\/image\/\"}},{\"@type\":\"Person\",\"@id\":\"https:\/\/progettotouring.it\/radiotouring104\/#\/schema\/person\/78613917f1851f041f7483f5af1d422e\",\"name\":\"Sebastiano Plutino\",\"image\":{\"@type\":\"ImageObject\",\"inLanguage\":\"it-IT\",\"@id\":\"https:\/\/secure.gravatar.com\/avatar\/0546ffaa9b79224faf9f2a156b67a529ae861d3287c66c1d8ccfdf909bcba78d?s=96&d=mm&r=g\",\"url\":\"https:\/\/secure.gravatar.com\/avatar\/0546ffaa9b79224faf9f2a156b67a529ae861d3287c66c1d8ccfdf909bcba78d?s=96&d=mm&r=g\",\"contentUrl\":\"https:\/\/secure.gravatar.com\/avatar\/0546ffaa9b79224faf9f2a156b67a529ae861d3287c66c1d8ccfdf909bcba78d?s=96&d=mm&r=g\",\"caption\":\"Sebastiano Plutino\"},\"url\":\"https:\/\/progettotouring.it\/radiotouring104\/author\/sebastiano\/\"}]}<\/script>\n<!-- \/ Yoast SEO plugin. -->","yoast_head_json":{"title":"Due fine settimana dedicati alla memoria di coach Gebbia.","description":"Organizzati due tornei questo ed il prossimo weekend, in memoria del compianto coach. Si parte oggi all\u2019Arena di Villa Dante di Messina","robots":{"index":"index","follow":"follow","max-snippet":"max-snippet:-1","max-image-preview":"max-image-preview:large","max-video-preview":"max-video-preview:-1"},"canonical":"https:\/\/progettotouring.it\/radiotouring104\/2024\/09\/27\/due-fine-settimana-dedicati-alla-memoria-di-coach-gebbia\/","og_locale":"it_IT","og_type":"article","og_title":"Due fine settimana dedicati alla memoria di coach Gebbia.","og_description":"Organizzati due tornei questo ed il prossimo weekend, in memoria del compianto coach. Si parte oggi all\u2019Arena di Villa Dante di Messina","og_url":"https:\/\/progettotouring.it\/radiotouring104\/2024\/09\/27\/due-fine-settimana-dedicati-alla-memoria-di-coach-gebbia\/","og_site_name":"Radio Touring 104","article_published_time":"2024-09-27T07:30:27+00:00","og_image":[{"width":300,"height":236,"url":"https:\/\/progettotouring.it\/radiotouring104\/wp-content\/uploads\/sites\/6\/2024\/07\/GEBBIA-2.jpg","type":"image\/jpeg"}],"author":"Sebastiano Plutino","twitter_card":"summary_large_image","twitter_misc":{"Scritto da":"Sebastiano Plutino","Tempo di lettura stimato":"1 minuto"},"schema":{"@context":"https:\/\/schema.org","@graph":[{"@type":"Article","@id":"https:\/\/progettotouring.it\/radiotouring104\/2024\/09\/27\/due-fine-settimana-dedicati-alla-memoria-di-coach-gebbia\/#article","isPartOf":{"@id":"https:\/\/progettotouring.it\/radiotouring104\/2024\/09\/27\/due-fine-settimana-dedicati-alla-memoria-di-coach-gebbia\/"},"author":{"name":"Sebastiano Plutino","@id":"https:\/\/progettotouring.it\/radiotouring104\/#\/schema\/person\/78613917f1851f041f7483f5af1d422e"},"headline":"Due fine settimana dedicati alla memoria di coach Gebbia.","datePublished":"2024-09-27T07:30:27+00:00","mainEntityOfPage":{"@id":"https:\/\/progettotouring.it\/radiotouring104\/2024\/09\/27\/due-fine-settimana-dedicati-alla-memoria-di-coach-gebbia\/"},"wordCount":210,"publisher":{"@id":"https:\/\/progettotouring.it\/radiotouring104\/#organization"},"keywords":["4 societ\u00e0 under 17","Arena di Villa Dante di Messina","due tornei","memorial Gaetano Gebbia","under 19"],"articleSection":["News","Reggio Calabria","Sport"],"inLanguage":"it-IT"},{"@type":"WebPage","@id":"https:\/\/progettotouring.it\/radiotouring104\/2024\/09\/27\/due-fine-settimana-dedicati-alla-memoria-di-coach-gebbia\/","url":"https:\/\/progettotouring.it\/radiotouring104\/2024\/09\/27\/due-fine-settimana-dedicati-alla-memoria-di-coach-gebbia\/","name":"Due fine settimana dedicati alla memoria di coach Gebbia.","isPartOf":{"@id":"https:\/\/progettotouring.it\/radiotouring104\/#website"},"datePublished":"2024-09-27T07:30:27+00:00","description":"Organizzati due tornei questo ed il prossimo weekend, in memoria del compianto coach. Si parte oggi all\u2019Arena di Villa Dante di Messina","breadcrumb":{"@id":"https:\/\/progettotouring.it\/radiotouring104\/2024\/09\/27\/due-fine-settimana-dedicati-alla-memoria-di-coach-gebbia\/#breadcrumb"},"inLanguage":"it-IT","potentialAction":[{"@type":"ReadAction","target":["https:\/\/progettotouring.it\/radiotouring104\/2024\/09\/27\/due-fine-settimana-dedicati-alla-memoria-di-coach-gebbia\/"]}]},{"@type":"BreadcrumbList","@id":"https:\/\/progettotouring.it\/radiotouring104\/2024\/09\/27\/due-fine-settimana-dedicati-alla-memoria-di-coach-gebbia\/#breadcrumb","itemListElement":[{"@type":"ListItem","position":1,"name":"Home","item":"https:\/\/progettotouring.it\/radiotouring104\/"},{"@type":"ListItem","position":2,"name":"Due fine settimana dedicati alla memoria di coach Gebbia."}]},{"@type":"WebSite","@id":"https:\/\/progettotouring.it\/radiotouring104\/#website","url":"https:\/\/progettotouring.it\/radiotouring104\/","name":"Radio Touring 104","description":"La prima radio Reggina","publisher":{"@id":"https:\/\/progettotouring.it\/radiotouring104\/#organization"},"potentialAction":[{"@type":"SearchAction","target":{"@type":"EntryPoint","urlTemplate":"https:\/\/progettotouring.it\/radiotouring104\/?s={search_term_string}"},"query-input":{"@type":"PropertyValueSpecification","valueRequired":true,"valueName":"search_term_string"}}],"inLanguage":"it-IT"},{"@type":"Organization","@id":"https:\/\/progettotouring.it\/radiotouring104\/#organization","name":"Radio Touring 104","url":"https:\/\/progettotouring.it\/radiotouring104\/","logo":{"@type":"ImageObject","inLanguage":"it-IT","@id":"https:\/\/progettotouring.it\/radiotouring104\/#\/schema\/logo\/image\/","url":"https:\/\/progettotouring.it\/radiotouring104\/wp-content\/uploads\/sites\/6\/2022\/02\/cropped-logo-radio-touring-104.png","contentUrl":"https:\/\/progettotouring.it\/radiotouring104\/wp-content\/uploads\/sites\/6\/2022\/02\/cropped-logo-radio-touring-104.png","width":377,"height":182,"caption":"Radio Touring 104"},"image":{"@id":"https:\/\/progettotouring.it\/radiotouring104\/#\/schema\/logo\/image\/"}},{"@type":"Person","@id":"https:\/\/progettotouring.it\/radiotouring104\/#\/schema\/person\/78613917f1851f041f7483f5af1d422e","name":"Sebastiano Plutino","image":{"@type":"ImageObject","inLanguage":"it-IT","@id":"https:\/\/secure.gravatar.com\/avatar\/0546ffaa9b79224faf9f2a156b67a529ae861d3287c66c1d8ccfdf909bcba78d?s=96&d=mm&r=g","url":"https:\/\/secure.gravatar.com\/avatar\/0546ffaa9b79224faf9f2a156b67a529ae861d3287c66c1d8ccfdf909bcba78d?s=96&d=mm&r=g","contentUrl":"https:\/\/secure.gravatar.com\/avatar\/0546ffaa9b79224faf9f2a156b67a529ae861d3287c66c1d8ccfdf909bcba78d?s=96&d=mm&r=g","caption":"Sebastiano Plutino"},"url":"https:\/\/progettotouring.it\/radiotouring104\/author\/sebastiano\/"}]}},"jetpack_publicize_connections":[],"jetpack_featured_media_url":"","jetpack_sharing_enabled":true,"_links":{"self":[{"href":"https:\/\/progettotouring.it\/radiotouring104\/wp-json\/wp\/v2\/posts\/58534","targetHints":{"allow":["GET"]}}],"collection":[{"href":"https:\/\/progettotouring.it\/radiotouring104\/wp-json\/wp\/v2\/posts"}],"about":[{"href":"https:\/\/progettotouring.it\/radiotouring104\/wp-json\/wp\/v2\/types\/post"}],"author":[{"embeddable":true,"href":"https:\/\/progettotouring.it\/radiotouring104\/wp-json\/wp\/v2\/users\/12"}],"replies":[{"embeddable":true,"href":"https:\/\/progettotouring.it\/radiotouring104\/wp-json\/wp\/v2\/comments?post=58534"}],"version-history":[{"count":1,"href":"https:\/\/progettotouring.it\/radiotouring104\/wp-json\/wp\/v2\/posts\/58534\/revisions"}],"predecessor-version":[{"id":58535,"href":"https:\/\/progettotouring.it\/radiotouring104\/wp-json\/wp\/v2\/posts\/58534\/revisions\/58535"}],"wp:attachment":[{"href":"https:\/\/progettotouring.it\/radiotouring104\/wp-json\/wp\/v2\/media?parent=58534"}],"wp:term":[{"taxonomy":"category","embeddable":true,"href":"https:\/\/progettotouring.it\/radiotouring104\/wp-json\/wp\/v2\/categories?post=58534"},{"taxonomy":"post_tag","embeddable":true,"href":"https:\/\/progettotouring.it\/radiotouring104\/wp-json\/wp\/v2\/tags?post=58534"}],"curies":[{"name":"wp","href":"https:\/\/api.w.org\/{rel}","templated":true}]}}