{"id":58664,"date":"2024-09-30T10:43:29","date_gmt":"2024-09-30T08:43:29","guid":{"rendered":"https:\/\/progettotouring.it\/radiotouring104\/?p=58664"},"modified":"2024-09-30T10:43:29","modified_gmt":"2024-09-30T08:43:29","slug":"reggina-ragusa-il-giorno-dopo","status":"publish","type":"post","link":"https:\/\/progettotouring.it\/radiotouring104\/2024\/09\/30\/reggina-ragusa-il-giorno-dopo\/","title":{"rendered":"Reggina &#8211; Ragusa, il giorno dopo"},"content":{"rendered":"<p>La Reggina batte il Ragusa grazie al gol di Rajkovic e, con la terza vittoria in campionato,\u00a0 affianca il Siracusa a nove punti in attesa dello scontro diretto del De Simone tra due settimane.<\/p>\n<p>Dopo quattro giornate in vetta la Scafatese a punteggio pieno e con un solo gol al passivo .<\/p>\n<p>Non \u00e8 stata una partita esaltante: poche le emozioni dovute alle occasioni pericolose create da entrambe le squadre.<\/p>\n<p>Probabilmente il nostro giudizio \u00e8 condizionato dal presunto spessore dell&#8217;avversario giunto a Reggio con due solo punti in classifica; invece sul campo il Ragusa si \u00e8 dimostrato tutt&#8217;altro che arrendevole, ben organizzato e capace anche di finalizzare.<\/p>\n<p>Non a caso alla fine del primo tempo \u00e8 piovuto verso la nostra squadra qualche fischio dalle tribune.<\/p>\n<p>Dal rientro dagli spogliatoi gli amaranto hanno dimostrato una maggiore verve e, dopo 16 minuti, il gol ha premiato la squadra di casa che non \u00e8 poi riuscita a raddoppiare con dei buoni contropiedi vanificati o da errori nell&#8217;ultimo passaggio\u00a0 o da un non ideale posizionamento del finalizzatore.<\/p>\n<p>Di contro il Ragusa ha sprecato due favorevoli occasioni per pareggiare: l&#8217;ex Ejjaki, sul finire, ci ha graziati spedendo fuori\u00a0 da pochi metri.<\/p>\n<p>In sala stampa Mister Pergolizzi ha manifestato soddisfazione per l&#8217;atteggiamento della propria squadra, per l&#8217;impegno profuso dal gruppo, consapevole che, con il tempo, ci sar\u00e0 anche una crescita di forma fisica.<\/p>\n<p>A tal proposito, tra le note positive, annoveriamo l&#8217;esordio dal primo minuto di Urso e di Rajkovic: entrambi, probabilmente, non hanno nelle gambe l&#8217;intero minutaggio che queste prestazioni accresceranno.<\/p>\n<p>Inoltre sottolineiamo lo spessore degli under schierati: Forciniti, tra i migliori fintanto che \u00e8 rimasto in campo, ha un piglio da veterano ( un suo tiro secco da fuori ha messo in difficolt\u00e0 il portiere ragusano) , Giuliodori, la cui duttilit\u00e0 \u00e8 servita a utilizzarlo su entrambe le fasce e Cham che, a nostro avviso, sta mostrando una sicurezza e una crescita tecnica rispetto alle prestazioni dello scorso anno.<\/p>\n","protected":false},"excerpt":{"rendered":"<p>La Reggina batte il Ragusa grazie al gol di Rajkovic e, con la terza vittoria in campionato,\u00a0 affianca il Siracusa a nove punti in attesa dello scontro diretto del De&hellip;<\/p>\n","protected":false},"author":19,"featured_media":58682,"comment_status":"closed","ping_status":"open","sticky":false,"template":"","format":"standard","meta":{"_jetpack_memberships_contains_paid_content":false,"footnotes":"","jetpack_publicize_message":"","jetpack_publicize_feature_enabled":true,"jetpack_social_post_already_shared":false,"jetpack_social_options":{"image_generator_settings":{"template":"highway","default_image_id":0,"font":"","enabled":false},"version":2}},"categories":[196,140,144],"tags":[],"class_list":["post-58664","post","type-post","status-publish","format-standard","has-post-thumbnail","hentry","category-news","category-reggio-calabria","category-sport"],"yoast_head":"<!-- This site is optimized with the Yoast SEO plugin v27.2 - https:\/\/yoast.com\/product\/yoast-seo-wordpress\/ -->\n<title>Reggina - Ragusa, il giorno dopo - Radio Touring 104<\/title>\n<meta name=\"description\" content=\"Vittoria amaranto con il minimo scarto ma qualche rischio di troppo\" \/>\n<meta name=\"robots\" content=\"index, follow, max-snippet:-1, max-image-preview:large, max-video-preview:-1\" \/>\n<link rel=\"canonical\" href=\"https:\/\/progettotouring.it\/radiotouring104\/2024\/09\/30\/reggina-ragusa-il-giorno-dopo\/\" \/>\n<meta property=\"og:locale\" content=\"it_IT\" \/>\n<meta property=\"og:type\" content=\"article\" \/>\n<meta property=\"og:title\" content=\"Reggina - Ragusa, il giorno dopo - Radio Touring 104\" \/>\n<meta property=\"og:description\" content=\"Vittoria amaranto con il minimo scarto ma qualche rischio di troppo\" \/>\n<meta property=\"og:url\" content=\"https:\/\/progettotouring.it\/radiotouring104\/2024\/09\/30\/reggina-ragusa-il-giorno-dopo\/\" \/>\n<meta property=\"og:site_name\" content=\"Radio Touring 104\" \/>\n<meta property=\"article:published_time\" content=\"2024-09-30T08:43:29+00:00\" \/>\n<meta property=\"og:image\" content=\"https:\/\/progettotouring.it\/radiotouring104\/wp-content\/uploads\/sites\/6\/2024\/09\/cffb1fbd-bbed-4762-82c1-610289c7e20d-e8f4681f.webp\" \/>\n\t<meta property=\"og:image:width\" content=\"1080\" \/>\n\t<meta property=\"og:image:height\" content=\"682\" \/>\n\t<meta property=\"og:image:type\" content=\"image\/webp\" \/>\n<meta name=\"author\" content=\"S L\" \/>\n<meta name=\"twitter:card\" content=\"summary_large_image\" \/>\n<meta name=\"twitter:label1\" content=\"Scritto da\" \/>\n\t<meta name=\"twitter:data1\" content=\"S L\" \/>\n\t<meta name=\"twitter:label2\" content=\"Tempo di lettura stimato\" \/>\n\t<meta name=\"twitter:data2\" content=\"2 minuti\" \/>\n<script type=\"application\/ld+json\" class=\"yoast-schema-graph\">{\"@context\":\"https:\/\/schema.org\",\"@graph\":[{\"@type\":\"Article\",\"@id\":\"https:\/\/progettotouring.it\/radiotouring104\/2024\/09\/30\/reggina-ragusa-il-giorno-dopo\/#article\",\"isPartOf\":{\"@id\":\"https:\/\/progettotouring.it\/radiotouring104\/2024\/09\/30\/reggina-ragusa-il-giorno-dopo\/\"},\"author\":{\"name\":\"S L\",\"@id\":\"https:\/\/progettotouring.it\/radiotouring104\/#\/schema\/person\/b9f9c3730b0a78814c9b9f3bfc52c619\"},\"headline\":\"Reggina &#8211; Ragusa, il giorno dopo\",\"datePublished\":\"2024-09-30T08:43:29+00:00\",\"mainEntityOfPage\":{\"@id\":\"https:\/\/progettotouring.it\/radiotouring104\/2024\/09\/30\/reggina-ragusa-il-giorno-dopo\/\"},\"wordCount\":320,\"publisher\":{\"@id\":\"https:\/\/progettotouring.it\/radiotouring104\/#organization\"},\"image\":{\"@id\":\"https:\/\/progettotouring.it\/radiotouring104\/2024\/09\/30\/reggina-ragusa-il-giorno-dopo\/#primaryimage\"},\"thumbnailUrl\":\"https:\/\/progettotouring.it\/radiotouring104\/wp-content\/uploads\/sites\/6\/2024\/09\/cffb1fbd-bbed-4762-82c1-610289c7e20d-e8f4681f.webp\",\"articleSection\":[\"News\",\"Reggio Calabria\",\"Sport\"],\"inLanguage\":\"it-IT\"},{\"@type\":\"WebPage\",\"@id\":\"https:\/\/progettotouring.it\/radiotouring104\/2024\/09\/30\/reggina-ragusa-il-giorno-dopo\/\",\"url\":\"https:\/\/progettotouring.it\/radiotouring104\/2024\/09\/30\/reggina-ragusa-il-giorno-dopo\/\",\"name\":\"Reggina - Ragusa, il giorno dopo - Radio Touring 104\",\"isPartOf\":{\"@id\":\"https:\/\/progettotouring.it\/radiotouring104\/#website\"},\"primaryImageOfPage\":{\"@id\":\"https:\/\/progettotouring.it\/radiotouring104\/2024\/09\/30\/reggina-ragusa-il-giorno-dopo\/#primaryimage\"},\"image\":{\"@id\":\"https:\/\/progettotouring.it\/radiotouring104\/2024\/09\/30\/reggina-ragusa-il-giorno-dopo\/#primaryimage\"},\"thumbnailUrl\":\"https:\/\/progettotouring.it\/radiotouring104\/wp-content\/uploads\/sites\/6\/2024\/09\/cffb1fbd-bbed-4762-82c1-610289c7e20d-e8f4681f.webp\",\"datePublished\":\"2024-09-30T08:43:29+00:00\",\"description\":\"Vittoria amaranto con il minimo scarto ma qualche rischio di troppo\",\"breadcrumb\":{\"@id\":\"https:\/\/progettotouring.it\/radiotouring104\/2024\/09\/30\/reggina-ragusa-il-giorno-dopo\/#breadcrumb\"},\"inLanguage\":\"it-IT\",\"potentialAction\":[{\"@type\":\"ReadAction\",\"target\":[\"https:\/\/progettotouring.it\/radiotouring104\/2024\/09\/30\/reggina-ragusa-il-giorno-dopo\/\"]}]},{\"@type\":\"ImageObject\",\"inLanguage\":\"it-IT\",\"@id\":\"https:\/\/progettotouring.it\/radiotouring104\/2024\/09\/30\/reggina-ragusa-il-giorno-dopo\/#primaryimage\",\"url\":\"https:\/\/progettotouring.it\/radiotouring104\/wp-content\/uploads\/sites\/6\/2024\/09\/cffb1fbd-bbed-4762-82c1-610289c7e20d-e8f4681f.webp\",\"contentUrl\":\"https:\/\/progettotouring.it\/radiotouring104\/wp-content\/uploads\/sites\/6\/2024\/09\/cffb1fbd-bbed-4762-82c1-610289c7e20d-e8f4681f.webp\",\"width\":1080,\"height\":682},{\"@type\":\"BreadcrumbList\",\"@id\":\"https:\/\/progettotouring.it\/radiotouring104\/2024\/09\/30\/reggina-ragusa-il-giorno-dopo\/#breadcrumb\",\"itemListElement\":[{\"@type\":\"ListItem\",\"position\":1,\"name\":\"Home\",\"item\":\"https:\/\/progettotouring.it\/radiotouring104\/\"},{\"@type\":\"ListItem\",\"position\":2,\"name\":\"Reggina &#8211; Ragusa, il giorno dopo\"}]},{\"@type\":\"WebSite\",\"@id\":\"https:\/\/progettotouring.it\/radiotouring104\/#website\",\"url\":\"https:\/\/progettotouring.it\/radiotouring104\/\",\"name\":\"Radio Touring 104\",\"description\":\"La prima radio Reggina\",\"publisher\":{\"@id\":\"https:\/\/progettotouring.it\/radiotouring104\/#organization\"},\"potentialAction\":[{\"@type\":\"SearchAction\",\"target\":{\"@type\":\"EntryPoint\",\"urlTemplate\":\"https:\/\/progettotouring.it\/radiotouring104\/?s={search_term_string}\"},\"query-input\":{\"@type\":\"PropertyValueSpecification\",\"valueRequired\":true,\"valueName\":\"search_term_string\"}}],\"inLanguage\":\"it-IT\"},{\"@type\":\"Organization\",\"@id\":\"https:\/\/progettotouring.it\/radiotouring104\/#organization\",\"name\":\"Radio Touring 104\",\"url\":\"https:\/\/progettotouring.it\/radiotouring104\/\",\"logo\":{\"@type\":\"ImageObject\",\"inLanguage\":\"it-IT\",\"@id\":\"https:\/\/progettotouring.it\/radiotouring104\/#\/schema\/logo\/image\/\",\"url\":\"https:\/\/progettotouring.it\/radiotouring104\/wp-content\/uploads\/sites\/6\/2022\/02\/cropped-logo-radio-touring-104.png\",\"contentUrl\":\"https:\/\/progettotouring.it\/radiotouring104\/wp-content\/uploads\/sites\/6\/2022\/02\/cropped-logo-radio-touring-104.png\",\"width\":377,\"height\":182,\"caption\":\"Radio Touring 104\"},\"image\":{\"@id\":\"https:\/\/progettotouring.it\/radiotouring104\/#\/schema\/logo\/image\/\"}},{\"@type\":\"Person\",\"@id\":\"https:\/\/progettotouring.it\/radiotouring104\/#\/schema\/person\/b9f9c3730b0a78814c9b9f3bfc52c619\",\"name\":\"S L\",\"image\":{\"@type\":\"ImageObject\",\"inLanguage\":\"it-IT\",\"@id\":\"https:\/\/secure.gravatar.com\/avatar\/652c51789d7030aaed9ff828331360502a68204fe6fb0831bc280515210e16d2?s=96&d=mm&r=g\",\"url\":\"https:\/\/secure.gravatar.com\/avatar\/652c51789d7030aaed9ff828331360502a68204fe6fb0831bc280515210e16d2?s=96&d=mm&r=g\",\"contentUrl\":\"https:\/\/secure.gravatar.com\/avatar\/652c51789d7030aaed9ff828331360502a68204fe6fb0831bc280515210e16d2?s=96&d=mm&r=g\",\"caption\":\"S L\"},\"url\":\"https:\/\/progettotouring.it\/radiotouring104\/author\/slibri\/\"}]}<\/script>\n<!-- \/ Yoast SEO plugin. -->","yoast_head_json":{"title":"Reggina - Ragusa, il giorno dopo - Radio Touring 104","description":"Vittoria amaranto con il minimo scarto ma qualche rischio di troppo","robots":{"index":"index","follow":"follow","max-snippet":"max-snippet:-1","max-image-preview":"max-image-preview:large","max-video-preview":"max-video-preview:-1"},"canonical":"https:\/\/progettotouring.it\/radiotouring104\/2024\/09\/30\/reggina-ragusa-il-giorno-dopo\/","og_locale":"it_IT","og_type":"article","og_title":"Reggina - Ragusa, il giorno dopo - Radio Touring 104","og_description":"Vittoria amaranto con il minimo scarto ma qualche rischio di troppo","og_url":"https:\/\/progettotouring.it\/radiotouring104\/2024\/09\/30\/reggina-ragusa-il-giorno-dopo\/","og_site_name":"Radio Touring 104","article_published_time":"2024-09-30T08:43:29+00:00","og_image":[{"width":1080,"height":682,"url":"https:\/\/progettotouring.it\/radiotouring104\/wp-content\/uploads\/sites\/6\/2024\/09\/cffb1fbd-bbed-4762-82c1-610289c7e20d-e8f4681f.webp","type":"image\/webp"}],"author":"S L","twitter_card":"summary_large_image","twitter_misc":{"Scritto da":"S L","Tempo di lettura stimato":"2 minuti"},"schema":{"@context":"https:\/\/schema.org","@graph":[{"@type":"Article","@id":"https:\/\/progettotouring.it\/radiotouring104\/2024\/09\/30\/reggina-ragusa-il-giorno-dopo\/#article","isPartOf":{"@id":"https:\/\/progettotouring.it\/radiotouring104\/2024\/09\/30\/reggina-ragusa-il-giorno-dopo\/"},"author":{"name":"S L","@id":"https:\/\/progettotouring.it\/radiotouring104\/#\/schema\/person\/b9f9c3730b0a78814c9b9f3bfc52c619"},"headline":"Reggina &#8211; Ragusa, il giorno dopo","datePublished":"2024-09-30T08:43:29+00:00","mainEntityOfPage":{"@id":"https:\/\/progettotouring.it\/radiotouring104\/2024\/09\/30\/reggina-ragusa-il-giorno-dopo\/"},"wordCount":320,"publisher":{"@id":"https:\/\/progettotouring.it\/radiotouring104\/#organization"},"image":{"@id":"https:\/\/progettotouring.it\/radiotouring104\/2024\/09\/30\/reggina-ragusa-il-giorno-dopo\/#primaryimage"},"thumbnailUrl":"https:\/\/progettotouring.it\/radiotouring104\/wp-content\/uploads\/sites\/6\/2024\/09\/cffb1fbd-bbed-4762-82c1-610289c7e20d-e8f4681f.webp","articleSection":["News","Reggio Calabria","Sport"],"inLanguage":"it-IT"},{"@type":"WebPage","@id":"https:\/\/progettotouring.it\/radiotouring104\/2024\/09\/30\/reggina-ragusa-il-giorno-dopo\/","url":"https:\/\/progettotouring.it\/radiotouring104\/2024\/09\/30\/reggina-ragusa-il-giorno-dopo\/","name":"Reggina - Ragusa, il giorno dopo - Radio Touring 104","isPartOf":{"@id":"https:\/\/progettotouring.it\/radiotouring104\/#website"},"primaryImageOfPage":{"@id":"https:\/\/progettotouring.it\/radiotouring104\/2024\/09\/30\/reggina-ragusa-il-giorno-dopo\/#primaryimage"},"image":{"@id":"https:\/\/progettotouring.it\/radiotouring104\/2024\/09\/30\/reggina-ragusa-il-giorno-dopo\/#primaryimage"},"thumbnailUrl":"https:\/\/progettotouring.it\/radiotouring104\/wp-content\/uploads\/sites\/6\/2024\/09\/cffb1fbd-bbed-4762-82c1-610289c7e20d-e8f4681f.webp","datePublished":"2024-09-30T08:43:29+00:00","description":"Vittoria amaranto con il minimo scarto ma qualche rischio di troppo","breadcrumb":{"@id":"https:\/\/progettotouring.it\/radiotouring104\/2024\/09\/30\/reggina-ragusa-il-giorno-dopo\/#breadcrumb"},"inLanguage":"it-IT","potentialAction":[{"@type":"ReadAction","target":["https:\/\/progettotouring.it\/radiotouring104\/2024\/09\/30\/reggina-ragusa-il-giorno-dopo\/"]}]},{"@type":"ImageObject","inLanguage":"it-IT","@id":"https:\/\/progettotouring.it\/radiotouring104\/2024\/09\/30\/reggina-ragusa-il-giorno-dopo\/#primaryimage","url":"https:\/\/progettotouring.it\/radiotouring104\/wp-content\/uploads\/sites\/6\/2024\/09\/cffb1fbd-bbed-4762-82c1-610289c7e20d-e8f4681f.webp","contentUrl":"https:\/\/progettotouring.it\/radiotouring104\/wp-content\/uploads\/sites\/6\/2024\/09\/cffb1fbd-bbed-4762-82c1-610289c7e20d-e8f4681f.webp","width":1080,"height":682},{"@type":"BreadcrumbList","@id":"https:\/\/progettotouring.it\/radiotouring104\/2024\/09\/30\/reggina-ragusa-il-giorno-dopo\/#breadcrumb","itemListElement":[{"@type":"ListItem","position":1,"name":"Home","item":"https:\/\/progettotouring.it\/radiotouring104\/"},{"@type":"ListItem","position":2,"name":"Reggina &#8211; Ragusa, il giorno dopo"}]},{"@type":"WebSite","@id":"https:\/\/progettotouring.it\/radiotouring104\/#website","url":"https:\/\/progettotouring.it\/radiotouring104\/","name":"Radio Touring 104","description":"La prima radio Reggina","publisher":{"@id":"https:\/\/progettotouring.it\/radiotouring104\/#organization"},"potentialAction":[{"@type":"SearchAction","target":{"@type":"EntryPoint","urlTemplate":"https:\/\/progettotouring.it\/radiotouring104\/?s={search_term_string}"},"query-input":{"@type":"PropertyValueSpecification","valueRequired":true,"valueName":"search_term_string"}}],"inLanguage":"it-IT"},{"@type":"Organization","@id":"https:\/\/progettotouring.it\/radiotouring104\/#organization","name":"Radio Touring 104","url":"https:\/\/progettotouring.it\/radiotouring104\/","logo":{"@type":"ImageObject","inLanguage":"it-IT","@id":"https:\/\/progettotouring.it\/radiotouring104\/#\/schema\/logo\/image\/","url":"https:\/\/progettotouring.it\/radiotouring104\/wp-content\/uploads\/sites\/6\/2022\/02\/cropped-logo-radio-touring-104.png","contentUrl":"https:\/\/progettotouring.it\/radiotouring104\/wp-content\/uploads\/sites\/6\/2022\/02\/cropped-logo-radio-touring-104.png","width":377,"height":182,"caption":"Radio Touring 104"},"image":{"@id":"https:\/\/progettotouring.it\/radiotouring104\/#\/schema\/logo\/image\/"}},{"@type":"Person","@id":"https:\/\/progettotouring.it\/radiotouring104\/#\/schema\/person\/b9f9c3730b0a78814c9b9f3bfc52c619","name":"S L","image":{"@type":"ImageObject","inLanguage":"it-IT","@id":"https:\/\/secure.gravatar.com\/avatar\/652c51789d7030aaed9ff828331360502a68204fe6fb0831bc280515210e16d2?s=96&d=mm&r=g","url":"https:\/\/secure.gravatar.com\/avatar\/652c51789d7030aaed9ff828331360502a68204fe6fb0831bc280515210e16d2?s=96&d=mm&r=g","contentUrl":"https:\/\/secure.gravatar.com\/avatar\/652c51789d7030aaed9ff828331360502a68204fe6fb0831bc280515210e16d2?s=96&d=mm&r=g","caption":"S L"},"url":"https:\/\/progettotouring.it\/radiotouring104\/author\/slibri\/"}]}},"jetpack_publicize_connections":[],"jetpack_featured_media_url":"https:\/\/progettotouring.it\/radiotouring104\/wp-content\/uploads\/sites\/6\/2024\/09\/cffb1fbd-bbed-4762-82c1-610289c7e20d-e8f4681f.webp","jetpack_sharing_enabled":true,"_links":{"self":[{"href":"https:\/\/progettotouring.it\/radiotouring104\/wp-json\/wp\/v2\/posts\/58664","targetHints":{"allow":["GET"]}}],"collection":[{"href":"https:\/\/progettotouring.it\/radiotouring104\/wp-json\/wp\/v2\/posts"}],"about":[{"href":"https:\/\/progettotouring.it\/radiotouring104\/wp-json\/wp\/v2\/types\/post"}],"author":[{"embeddable":true,"href":"https:\/\/progettotouring.it\/radiotouring104\/wp-json\/wp\/v2\/users\/19"}],"replies":[{"embeddable":true,"href":"https:\/\/progettotouring.it\/radiotouring104\/wp-json\/wp\/v2\/comments?post=58664"}],"version-history":[{"count":1,"href":"https:\/\/progettotouring.it\/radiotouring104\/wp-json\/wp\/v2\/posts\/58664\/revisions"}],"predecessor-version":[{"id":58683,"href":"https:\/\/progettotouring.it\/radiotouring104\/wp-json\/wp\/v2\/posts\/58664\/revisions\/58683"}],"wp:featuredmedia":[{"embeddable":true,"href":"https:\/\/progettotouring.it\/radiotouring104\/wp-json\/wp\/v2\/media\/58682"}],"wp:attachment":[{"href":"https:\/\/progettotouring.it\/radiotouring104\/wp-json\/wp\/v2\/media?parent=58664"}],"wp:term":[{"taxonomy":"category","embeddable":true,"href":"https:\/\/progettotouring.it\/radiotouring104\/wp-json\/wp\/v2\/categories?post=58664"},{"taxonomy":"post_tag","embeddable":true,"href":"https:\/\/progettotouring.it\/radiotouring104\/wp-json\/wp\/v2\/tags?post=58664"}],"curies":[{"name":"wp","href":"https:\/\/api.w.org\/{rel}","templated":true}]}}