{"id":5878,"date":"2022-05-26T18:28:02","date_gmt":"2022-05-26T16:28:02","guid":{"rendered":"https:\/\/progettotouring.it\/radiotouring104\/?p=5878"},"modified":"2022-05-26T18:28:02","modified_gmt":"2022-05-26T16:28:02","slug":"nuove-generazioni-al-centro-allistituto-righi-il-progetto-anpal-per-le-politiche-attive","status":"publish","type":"post","link":"https:\/\/progettotouring.it\/radiotouring104\/2022\/05\/26\/nuove-generazioni-al-centro-allistituto-righi-il-progetto-anpal-per-le-politiche-attive\/","title":{"rendered":"&#8220;Nuove Generazioni al Centro&#8221;: all&#8217;istituto Righi il progetto ANPAL per le Politiche Attive"},"content":{"rendered":"<p>L&#8217;Istituto Augusto Righi di Reggio Calabria ha dato ai propri studenti l&#8217;opportunit\u00e0 di seguire un progetto molto particolare, promosso da ANPAL Servizi SPA dal titolo &#8220;Nuove Generazioni al Centro &#8211; i laboratori delle Politiche Attive del Lavoro di Anpal Servizi: scuole e centri per l&#8217;impiego insieme per una sinergia di successo&#8221;.<br \/>\nLa prima fase del progetto \u00e8 stata svolta nella mattina del 25 maggio, con i primi laboratori per le politiche attive del lavoro e la conferenza di presentazione del percorso presso l&#8217;Aula Magna dell&#8217;istituto.<\/p>\n<p>Grande orgoglio e soddisfazione da parte della Dirigente Scolastica, dott.ssa Maria Daniela Musarella, che ha raccontato ai microfoni di Radio e VideoTouring la scelta di proporre questo tipo di esperienza agli studenti:<\/p>\n<p style=\"text-align: justify;\">&#8220;<em>Oggi al Righi si \u00e8 cominciato a dare il primo input a questa sinergica e preziosa collaborazione che si \u00e8 istaurata con il centro per l\u2019impiego di Reggio Calabria, dunque la Regione e <strong>ANPAL<\/strong> Servizi SPA. I nostri alunni e gli indirizzi che caratterizzano il nostro istituto (bio tecnologie sanitarie, costruzioni ambienti e territorio e indirizzo aeronautico), hanno avuto la grande opportunit\u00e0 di seguire un laboratorio tematico di politiche attive del lavoro con finalit\u00e0 di orientamento post diploma, svolto e tenuto da competenti esperti e del centro per l\u2019impiego di Reggio Calabria e <strong>dall&#8217;ANPAL<\/strong>\u00a0Servizi SPA.<\/em><\/p>\n<p style=\"text-align: justify;\"><em>La seconda fase di questo laboratorio si svolger\u00e0 venerd\u00ec 27 maggio concludendo questo seminario di <strong>ANPAL<\/strong> di politiche attive del lavoro. Devo dire che \u00e8 molto importante intervenire sui giovani proprio durante la frequenza che loro hanno del percorso scolastico perch\u00e9 formandoli, informandoli e sensibilizzandoli su ci\u00f2 che avviene nell\u2019ambito delle politiche attive del lavoro li si aiuta ad acquisire una maggiore consapevolezza di quelle che sono le loro inclinazioni, le loro attitudini, le aspettative per il lavoro. Abituarsi a sfruttare le occasioni di lavoro presenti in Calabria per rimanere nella nostra amata terra e non andare via&#8221;<\/em>.<\/p>\n<p style=\"text-align: justify;\">Infine, la Dirigente ha espresso un sentito ringraziamento alla Vice Presidente della Giunta Regionale Giusy Princi, con queste parole: &#8220;<em>Concludo ringraziando la Regione nella persona della dottoressa Giusy Princi Vice Presidente della Giunta regionale della Calabria per avere dato alla scuola in generale e in particolare all\u2019Istituto Righi di Reggio Calabria, questa grossa opportunit\u00e0 \u00e8 dovuta alla sua competenza e professionalit\u00e0 e alla sua grande sensibilit\u00e0 di donna di scuola e di dirigente scolastica illuminata. ha compreso sicuramente quanto \u00e8 importante attenzionare il mondo della scuola ma unitamente al mondo del lavoro per far comprendere ai nostri giovani che rappresentano il nostro futuro che le opportunit\u00e0 ci sono anche qui ed \u00e8 importante coglierle<\/em>&#8220;.<\/p>\n<p><iframe title=\"&quot;Nuove Generazioni al Centro&quot; - Intervista alla DS Maria Daniela Musarella, IIS Augusto Righi di RC\" width=\"1170\" height=\"658\" src=\"https:\/\/www.youtube.com\/embed\/u0kErwiIYTU?feature=oembed\" frameborder=\"0\" allow=\"accelerometer; autoplay; clipboard-write; encrypted-media; gyroscope; picture-in-picture\" allowfullscreen><\/iframe><\/p>\n","protected":false},"excerpt":{"rendered":"<p>L&#8217;Istituto Augusto Righi di Reggio Calabria ha dato ai propri studenti l&#8217;opportunit\u00e0 di seguire un progetto molto particolare, promosso da ANPAL Servizi SPA dal titolo &#8220;Nuove Generazioni al Centro &#8211;&hellip;<\/p>\n","protected":false},"author":1,"featured_media":5881,"comment_status":"open","ping_status":"open","sticky":false,"template":"","format":"standard","meta":{"_jetpack_memberships_contains_paid_content":false,"footnotes":"","jetpack_publicize_message":"","jetpack_publicize_feature_enabled":true,"jetpack_social_post_already_shared":false,"jetpack_social_options":{"image_generator_settings":{"template":"highway","default_image_id":0,"font":"","enabled":false},"version":2}},"categories":[921,149,196,140],"tags":[2142,2138,2141,2140,2139,2144,2137,2143,2145],"class_list":["post-5878","post","type-post","status-publish","format-standard","has-post-thumbnail","hentry","category-home","category-interviste","category-news","category-reggio-calabria","tag-anpal","tag-augusto-righi","tag-dirigente-scolastico","tag-geometra-reggio-calabria","tag-iis-righi","tag-lavoro","tag-maria-daniela-musarella","tag-politiche-attive","tag-studenti"],"yoast_head":"<!-- This site is optimized with the Yoast SEO plugin v27.2 - https:\/\/yoast.com\/product\/yoast-seo-wordpress\/ -->\n<title>Nuove Generazioni al Centro: all&#039;IIS Righi il progetto ANPAL - Intervista<\/title>\n<meta name=\"description\" content=\"L&#039;intervista alla Dirigente Scolastica dell&#039;I.I.S. Augusto Righi di Reggio Calabria, dott.ssa Maria Daniela Musarella\" \/>\n<meta name=\"robots\" content=\"index, follow, max-snippet:-1, max-image-preview:large, max-video-preview:-1\" \/>\n<link rel=\"canonical\" href=\"https:\/\/progettotouring.it\/radiotouring104\/2022\/05\/26\/nuove-generazioni-al-centro-allistituto-righi-il-progetto-anpal-per-le-politiche-attive\/\" \/>\n<meta property=\"og:locale\" content=\"it_IT\" \/>\n<meta property=\"og:type\" content=\"article\" \/>\n<meta property=\"og:title\" content=\"Nuove Generazioni al Centro: all&#039;IIS Righi il progetto ANPAL - Intervista\" \/>\n<meta property=\"og:description\" content=\"L&#039;intervista alla Dirigente Scolastica dell&#039;I.I.S. Augusto Righi di Reggio Calabria, dott.ssa Maria Daniela Musarella\" \/>\n<meta property=\"og:url\" content=\"https:\/\/progettotouring.it\/radiotouring104\/2022\/05\/26\/nuove-generazioni-al-centro-allistituto-righi-il-progetto-anpal-per-le-politiche-attive\/\" \/>\n<meta property=\"og:site_name\" content=\"Radio Touring 104\" \/>\n<meta property=\"article:published_time\" content=\"2022-05-26T16:28:02+00:00\" \/>\n<meta property=\"og:image\" content=\"https:\/\/progettotouring.it\/radiotouring104\/wp-content\/uploads\/sites\/6\/2022\/05\/preside-righi-Maria-Daniela-Musarella.jpg\" \/>\n\t<meta property=\"og:image:width\" content=\"1244\" \/>\n\t<meta property=\"og:image:height\" content=\"647\" \/>\n\t<meta property=\"og:image:type\" content=\"image\/jpeg\" \/>\n<meta name=\"author\" content=\"Chiara Cucinotta\" \/>\n<meta name=\"twitter:card\" content=\"summary_large_image\" \/>\n<meta name=\"twitter:label1\" content=\"Scritto da\" \/>\n\t<meta name=\"twitter:data1\" content=\"Chiara Cucinotta\" \/>\n\t<meta name=\"twitter:label2\" content=\"Tempo di lettura stimato\" \/>\n\t<meta name=\"twitter:data2\" content=\"2 minuti\" \/>\n<script type=\"application\/ld+json\" class=\"yoast-schema-graph\">{\"@context\":\"https:\/\/schema.org\",\"@graph\":[{\"@type\":\"Article\",\"@id\":\"https:\/\/progettotouring.it\/radiotouring104\/2022\/05\/26\/nuove-generazioni-al-centro-allistituto-righi-il-progetto-anpal-per-le-politiche-attive\/#article\",\"isPartOf\":{\"@id\":\"https:\/\/progettotouring.it\/radiotouring104\/2022\/05\/26\/nuove-generazioni-al-centro-allistituto-righi-il-progetto-anpal-per-le-politiche-attive\/\"},\"author\":{\"name\":\"Chiara Cucinotta\",\"@id\":\"https:\/\/progettotouring.it\/radiotouring104\/#\/schema\/person\/f01f189b71df20dcfc0890eea7e67a0e\"},\"headline\":\"&#8220;Nuove Generazioni al Centro&#8221;: all&#8217;istituto Righi il progetto ANPAL per le Politiche Attive\",\"datePublished\":\"2022-05-26T16:28:02+00:00\",\"mainEntityOfPage\":{\"@id\":\"https:\/\/progettotouring.it\/radiotouring104\/2022\/05\/26\/nuove-generazioni-al-centro-allistituto-righi-il-progetto-anpal-per-le-politiche-attive\/\"},\"wordCount\":442,\"commentCount\":0,\"publisher\":{\"@id\":\"https:\/\/progettotouring.it\/radiotouring104\/#organization\"},\"image\":{\"@id\":\"https:\/\/progettotouring.it\/radiotouring104\/2022\/05\/26\/nuove-generazioni-al-centro-allistituto-righi-il-progetto-anpal-per-le-politiche-attive\/#primaryimage\"},\"thumbnailUrl\":\"https:\/\/progettotouring.it\/radiotouring104\/wp-content\/uploads\/sites\/6\/2022\/05\/preside-righi-Maria-Daniela-Musarella.jpg\",\"keywords\":[\"ANPAL\",\"augusto righi\",\"dirigente scolastico\",\"geometra reggio calabria\",\"IIS righi\",\"lavoro\",\"Maria Daniela Musarella\",\"politiche attive\",\"studenti\"],\"articleSection\":[\"Home\",\"Interviste\",\"News\",\"Reggio Calabria\"],\"inLanguage\":\"it-IT\",\"potentialAction\":[{\"@type\":\"CommentAction\",\"name\":\"Comment\",\"target\":[\"https:\/\/progettotouring.it\/radiotouring104\/2022\/05\/26\/nuove-generazioni-al-centro-allistituto-righi-il-progetto-anpal-per-le-politiche-attive\/#respond\"]}]},{\"@type\":\"WebPage\",\"@id\":\"https:\/\/progettotouring.it\/radiotouring104\/2022\/05\/26\/nuove-generazioni-al-centro-allistituto-righi-il-progetto-anpal-per-le-politiche-attive\/\",\"url\":\"https:\/\/progettotouring.it\/radiotouring104\/2022\/05\/26\/nuove-generazioni-al-centro-allistituto-righi-il-progetto-anpal-per-le-politiche-attive\/\",\"name\":\"Nuove Generazioni al Centro: all'IIS Righi il progetto ANPAL - Intervista\",\"isPartOf\":{\"@id\":\"https:\/\/progettotouring.it\/radiotouring104\/#website\"},\"primaryImageOfPage\":{\"@id\":\"https:\/\/progettotouring.it\/radiotouring104\/2022\/05\/26\/nuove-generazioni-al-centro-allistituto-righi-il-progetto-anpal-per-le-politiche-attive\/#primaryimage\"},\"image\":{\"@id\":\"https:\/\/progettotouring.it\/radiotouring104\/2022\/05\/26\/nuove-generazioni-al-centro-allistituto-righi-il-progetto-anpal-per-le-politiche-attive\/#primaryimage\"},\"thumbnailUrl\":\"https:\/\/progettotouring.it\/radiotouring104\/wp-content\/uploads\/sites\/6\/2022\/05\/preside-righi-Maria-Daniela-Musarella.jpg\",\"datePublished\":\"2022-05-26T16:28:02+00:00\",\"description\":\"L'intervista alla Dirigente Scolastica dell'I.I.S. Augusto Righi di Reggio Calabria, dott.ssa Maria Daniela Musarella\",\"breadcrumb\":{\"@id\":\"https:\/\/progettotouring.it\/radiotouring104\/2022\/05\/26\/nuove-generazioni-al-centro-allistituto-righi-il-progetto-anpal-per-le-politiche-attive\/#breadcrumb\"},\"inLanguage\":\"it-IT\",\"potentialAction\":[{\"@type\":\"ReadAction\",\"target\":[\"https:\/\/progettotouring.it\/radiotouring104\/2022\/05\/26\/nuove-generazioni-al-centro-allistituto-righi-il-progetto-anpal-per-le-politiche-attive\/\"]}]},{\"@type\":\"ImageObject\",\"inLanguage\":\"it-IT\",\"@id\":\"https:\/\/progettotouring.it\/radiotouring104\/2022\/05\/26\/nuove-generazioni-al-centro-allistituto-righi-il-progetto-anpal-per-le-politiche-attive\/#primaryimage\",\"url\":\"https:\/\/progettotouring.it\/radiotouring104\/wp-content\/uploads\/sites\/6\/2022\/05\/preside-righi-Maria-Daniela-Musarella.jpg\",\"contentUrl\":\"https:\/\/progettotouring.it\/radiotouring104\/wp-content\/uploads\/sites\/6\/2022\/05\/preside-righi-Maria-Daniela-Musarella.jpg\",\"width\":1244,\"height\":647,\"caption\":\"Maria Daniela Musarella\"},{\"@type\":\"BreadcrumbList\",\"@id\":\"https:\/\/progettotouring.it\/radiotouring104\/2022\/05\/26\/nuove-generazioni-al-centro-allistituto-righi-il-progetto-anpal-per-le-politiche-attive\/#breadcrumb\",\"itemListElement\":[{\"@type\":\"ListItem\",\"position\":1,\"name\":\"Home\",\"item\":\"https:\/\/progettotouring.it\/radiotouring104\/\"},{\"@type\":\"ListItem\",\"position\":2,\"name\":\"&#8220;Nuove Generazioni al Centro&#8221;: all&#8217;istituto Righi il progetto ANPAL per le Politiche Attive\"}]},{\"@type\":\"WebSite\",\"@id\":\"https:\/\/progettotouring.it\/radiotouring104\/#website\",\"url\":\"https:\/\/progettotouring.it\/radiotouring104\/\",\"name\":\"Radio Touring 104\",\"description\":\"La prima radio Reggina\",\"publisher\":{\"@id\":\"https:\/\/progettotouring.it\/radiotouring104\/#organization\"},\"potentialAction\":[{\"@type\":\"SearchAction\",\"target\":{\"@type\":\"EntryPoint\",\"urlTemplate\":\"https:\/\/progettotouring.it\/radiotouring104\/?s={search_term_string}\"},\"query-input\":{\"@type\":\"PropertyValueSpecification\",\"valueRequired\":true,\"valueName\":\"search_term_string\"}}],\"inLanguage\":\"it-IT\"},{\"@type\":\"Organization\",\"@id\":\"https:\/\/progettotouring.it\/radiotouring104\/#organization\",\"name\":\"Radio Touring 104\",\"url\":\"https:\/\/progettotouring.it\/radiotouring104\/\",\"logo\":{\"@type\":\"ImageObject\",\"inLanguage\":\"it-IT\",\"@id\":\"https:\/\/progettotouring.it\/radiotouring104\/#\/schema\/logo\/image\/\",\"url\":\"https:\/\/progettotouring.it\/radiotouring104\/wp-content\/uploads\/sites\/6\/2022\/02\/cropped-logo-radio-touring-104.png\",\"contentUrl\":\"https:\/\/progettotouring.it\/radiotouring104\/wp-content\/uploads\/sites\/6\/2022\/02\/cropped-logo-radio-touring-104.png\",\"width\":377,\"height\":182,\"caption\":\"Radio Touring 104\"},\"image\":{\"@id\":\"https:\/\/progettotouring.it\/radiotouring104\/#\/schema\/logo\/image\/\"}},{\"@type\":\"Person\",\"@id\":\"https:\/\/progettotouring.it\/radiotouring104\/#\/schema\/person\/f01f189b71df20dcfc0890eea7e67a0e\",\"name\":\"Chiara Cucinotta\",\"image\":{\"@type\":\"ImageObject\",\"inLanguage\":\"it-IT\",\"@id\":\"https:\/\/secure.gravatar.com\/avatar\/efe17e5613fdef9b05741a23cd4ef4e9b1c39955d8fe11176cb1da3641c96104?s=96&d=mm&r=g\",\"url\":\"https:\/\/secure.gravatar.com\/avatar\/efe17e5613fdef9b05741a23cd4ef4e9b1c39955d8fe11176cb1da3641c96104?s=96&d=mm&r=g\",\"contentUrl\":\"https:\/\/secure.gravatar.com\/avatar\/efe17e5613fdef9b05741a23cd4ef4e9b1c39955d8fe11176cb1da3641c96104?s=96&d=mm&r=g\",\"caption\":\"Chiara Cucinotta\"},\"sameAs\":[\"https:\/\/progettotouring.it\"],\"url\":\"https:\/\/progettotouring.it\/radiotouring104\/author\/auranex\/\"}]}<\/script>\n<!-- \/ Yoast SEO plugin. -->","yoast_head_json":{"title":"Nuove Generazioni al Centro: all'IIS Righi il progetto ANPAL - Intervista","description":"L'intervista alla Dirigente Scolastica dell'I.I.S. Augusto Righi di Reggio Calabria, dott.ssa Maria Daniela Musarella","robots":{"index":"index","follow":"follow","max-snippet":"max-snippet:-1","max-image-preview":"max-image-preview:large","max-video-preview":"max-video-preview:-1"},"canonical":"https:\/\/progettotouring.it\/radiotouring104\/2022\/05\/26\/nuove-generazioni-al-centro-allistituto-righi-il-progetto-anpal-per-le-politiche-attive\/","og_locale":"it_IT","og_type":"article","og_title":"Nuove Generazioni al Centro: all'IIS Righi il progetto ANPAL - Intervista","og_description":"L'intervista alla Dirigente Scolastica dell'I.I.S. Augusto Righi di Reggio Calabria, dott.ssa Maria Daniela Musarella","og_url":"https:\/\/progettotouring.it\/radiotouring104\/2022\/05\/26\/nuove-generazioni-al-centro-allistituto-righi-il-progetto-anpal-per-le-politiche-attive\/","og_site_name":"Radio Touring 104","article_published_time":"2022-05-26T16:28:02+00:00","og_image":[{"width":1244,"height":647,"url":"https:\/\/progettotouring.it\/radiotouring104\/wp-content\/uploads\/sites\/6\/2022\/05\/preside-righi-Maria-Daniela-Musarella.jpg","type":"image\/jpeg"}],"author":"Chiara Cucinotta","twitter_card":"summary_large_image","twitter_misc":{"Scritto da":"Chiara Cucinotta","Tempo di lettura stimato":"2 minuti"},"schema":{"@context":"https:\/\/schema.org","@graph":[{"@type":"Article","@id":"https:\/\/progettotouring.it\/radiotouring104\/2022\/05\/26\/nuove-generazioni-al-centro-allistituto-righi-il-progetto-anpal-per-le-politiche-attive\/#article","isPartOf":{"@id":"https:\/\/progettotouring.it\/radiotouring104\/2022\/05\/26\/nuove-generazioni-al-centro-allistituto-righi-il-progetto-anpal-per-le-politiche-attive\/"},"author":{"name":"Chiara Cucinotta","@id":"https:\/\/progettotouring.it\/radiotouring104\/#\/schema\/person\/f01f189b71df20dcfc0890eea7e67a0e"},"headline":"&#8220;Nuove Generazioni al Centro&#8221;: all&#8217;istituto Righi il progetto ANPAL per le Politiche Attive","datePublished":"2022-05-26T16:28:02+00:00","mainEntityOfPage":{"@id":"https:\/\/progettotouring.it\/radiotouring104\/2022\/05\/26\/nuove-generazioni-al-centro-allistituto-righi-il-progetto-anpal-per-le-politiche-attive\/"},"wordCount":442,"commentCount":0,"publisher":{"@id":"https:\/\/progettotouring.it\/radiotouring104\/#organization"},"image":{"@id":"https:\/\/progettotouring.it\/radiotouring104\/2022\/05\/26\/nuove-generazioni-al-centro-allistituto-righi-il-progetto-anpal-per-le-politiche-attive\/#primaryimage"},"thumbnailUrl":"https:\/\/progettotouring.it\/radiotouring104\/wp-content\/uploads\/sites\/6\/2022\/05\/preside-righi-Maria-Daniela-Musarella.jpg","keywords":["ANPAL","augusto righi","dirigente scolastico","geometra reggio calabria","IIS righi","lavoro","Maria Daniela Musarella","politiche attive","studenti"],"articleSection":["Home","Interviste","News","Reggio Calabria"],"inLanguage":"it-IT","potentialAction":[{"@type":"CommentAction","name":"Comment","target":["https:\/\/progettotouring.it\/radiotouring104\/2022\/05\/26\/nuove-generazioni-al-centro-allistituto-righi-il-progetto-anpal-per-le-politiche-attive\/#respond"]}]},{"@type":"WebPage","@id":"https:\/\/progettotouring.it\/radiotouring104\/2022\/05\/26\/nuove-generazioni-al-centro-allistituto-righi-il-progetto-anpal-per-le-politiche-attive\/","url":"https:\/\/progettotouring.it\/radiotouring104\/2022\/05\/26\/nuove-generazioni-al-centro-allistituto-righi-il-progetto-anpal-per-le-politiche-attive\/","name":"Nuove Generazioni al Centro: all'IIS Righi il progetto ANPAL - Intervista","isPartOf":{"@id":"https:\/\/progettotouring.it\/radiotouring104\/#website"},"primaryImageOfPage":{"@id":"https:\/\/progettotouring.it\/radiotouring104\/2022\/05\/26\/nuove-generazioni-al-centro-allistituto-righi-il-progetto-anpal-per-le-politiche-attive\/#primaryimage"},"image":{"@id":"https:\/\/progettotouring.it\/radiotouring104\/2022\/05\/26\/nuove-generazioni-al-centro-allistituto-righi-il-progetto-anpal-per-le-politiche-attive\/#primaryimage"},"thumbnailUrl":"https:\/\/progettotouring.it\/radiotouring104\/wp-content\/uploads\/sites\/6\/2022\/05\/preside-righi-Maria-Daniela-Musarella.jpg","datePublished":"2022-05-26T16:28:02+00:00","description":"L'intervista alla Dirigente Scolastica dell'I.I.S. Augusto Righi di Reggio Calabria, dott.ssa Maria Daniela Musarella","breadcrumb":{"@id":"https:\/\/progettotouring.it\/radiotouring104\/2022\/05\/26\/nuove-generazioni-al-centro-allistituto-righi-il-progetto-anpal-per-le-politiche-attive\/#breadcrumb"},"inLanguage":"it-IT","potentialAction":[{"@type":"ReadAction","target":["https:\/\/progettotouring.it\/radiotouring104\/2022\/05\/26\/nuove-generazioni-al-centro-allistituto-righi-il-progetto-anpal-per-le-politiche-attive\/"]}]},{"@type":"ImageObject","inLanguage":"it-IT","@id":"https:\/\/progettotouring.it\/radiotouring104\/2022\/05\/26\/nuove-generazioni-al-centro-allistituto-righi-il-progetto-anpal-per-le-politiche-attive\/#primaryimage","url":"https:\/\/progettotouring.it\/radiotouring104\/wp-content\/uploads\/sites\/6\/2022\/05\/preside-righi-Maria-Daniela-Musarella.jpg","contentUrl":"https:\/\/progettotouring.it\/radiotouring104\/wp-content\/uploads\/sites\/6\/2022\/05\/preside-righi-Maria-Daniela-Musarella.jpg","width":1244,"height":647,"caption":"Maria Daniela Musarella"},{"@type":"BreadcrumbList","@id":"https:\/\/progettotouring.it\/radiotouring104\/2022\/05\/26\/nuove-generazioni-al-centro-allistituto-righi-il-progetto-anpal-per-le-politiche-attive\/#breadcrumb","itemListElement":[{"@type":"ListItem","position":1,"name":"Home","item":"https:\/\/progettotouring.it\/radiotouring104\/"},{"@type":"ListItem","position":2,"name":"&#8220;Nuove Generazioni al Centro&#8221;: all&#8217;istituto Righi il progetto ANPAL per le Politiche Attive"}]},{"@type":"WebSite","@id":"https:\/\/progettotouring.it\/radiotouring104\/#website","url":"https:\/\/progettotouring.it\/radiotouring104\/","name":"Radio Touring 104","description":"La prima radio Reggina","publisher":{"@id":"https:\/\/progettotouring.it\/radiotouring104\/#organization"},"potentialAction":[{"@type":"SearchAction","target":{"@type":"EntryPoint","urlTemplate":"https:\/\/progettotouring.it\/radiotouring104\/?s={search_term_string}"},"query-input":{"@type":"PropertyValueSpecification","valueRequired":true,"valueName":"search_term_string"}}],"inLanguage":"it-IT"},{"@type":"Organization","@id":"https:\/\/progettotouring.it\/radiotouring104\/#organization","name":"Radio Touring 104","url":"https:\/\/progettotouring.it\/radiotouring104\/","logo":{"@type":"ImageObject","inLanguage":"it-IT","@id":"https:\/\/progettotouring.it\/radiotouring104\/#\/schema\/logo\/image\/","url":"https:\/\/progettotouring.it\/radiotouring104\/wp-content\/uploads\/sites\/6\/2022\/02\/cropped-logo-radio-touring-104.png","contentUrl":"https:\/\/progettotouring.it\/radiotouring104\/wp-content\/uploads\/sites\/6\/2022\/02\/cropped-logo-radio-touring-104.png","width":377,"height":182,"caption":"Radio Touring 104"},"image":{"@id":"https:\/\/progettotouring.it\/radiotouring104\/#\/schema\/logo\/image\/"}},{"@type":"Person","@id":"https:\/\/progettotouring.it\/radiotouring104\/#\/schema\/person\/f01f189b71df20dcfc0890eea7e67a0e","name":"Chiara Cucinotta","image":{"@type":"ImageObject","inLanguage":"it-IT","@id":"https:\/\/secure.gravatar.com\/avatar\/efe17e5613fdef9b05741a23cd4ef4e9b1c39955d8fe11176cb1da3641c96104?s=96&d=mm&r=g","url":"https:\/\/secure.gravatar.com\/avatar\/efe17e5613fdef9b05741a23cd4ef4e9b1c39955d8fe11176cb1da3641c96104?s=96&d=mm&r=g","contentUrl":"https:\/\/secure.gravatar.com\/avatar\/efe17e5613fdef9b05741a23cd4ef4e9b1c39955d8fe11176cb1da3641c96104?s=96&d=mm&r=g","caption":"Chiara Cucinotta"},"sameAs":["https:\/\/progettotouring.it"],"url":"https:\/\/progettotouring.it\/radiotouring104\/author\/auranex\/"}]}},"jetpack_publicize_connections":[],"jetpack_featured_media_url":"https:\/\/progettotouring.it\/radiotouring104\/wp-content\/uploads\/sites\/6\/2022\/05\/preside-righi-Maria-Daniela-Musarella.jpg","jetpack_sharing_enabled":true,"_links":{"self":[{"href":"https:\/\/progettotouring.it\/radiotouring104\/wp-json\/wp\/v2\/posts\/5878","targetHints":{"allow":["GET"]}}],"collection":[{"href":"https:\/\/progettotouring.it\/radiotouring104\/wp-json\/wp\/v2\/posts"}],"about":[{"href":"https:\/\/progettotouring.it\/radiotouring104\/wp-json\/wp\/v2\/types\/post"}],"author":[{"embeddable":true,"href":"https:\/\/progettotouring.it\/radiotouring104\/wp-json\/wp\/v2\/users\/1"}],"replies":[{"embeddable":true,"href":"https:\/\/progettotouring.it\/radiotouring104\/wp-json\/wp\/v2\/comments?post=5878"}],"version-history":[{"count":1,"href":"https:\/\/progettotouring.it\/radiotouring104\/wp-json\/wp\/v2\/posts\/5878\/revisions"}],"predecessor-version":[{"id":5882,"href":"https:\/\/progettotouring.it\/radiotouring104\/wp-json\/wp\/v2\/posts\/5878\/revisions\/5882"}],"wp:featuredmedia":[{"embeddable":true,"href":"https:\/\/progettotouring.it\/radiotouring104\/wp-json\/wp\/v2\/media\/5881"}],"wp:attachment":[{"href":"https:\/\/progettotouring.it\/radiotouring104\/wp-json\/wp\/v2\/media?parent=5878"}],"wp:term":[{"taxonomy":"category","embeddable":true,"href":"https:\/\/progettotouring.it\/radiotouring104\/wp-json\/wp\/v2\/categories?post=5878"},{"taxonomy":"post_tag","embeddable":true,"href":"https:\/\/progettotouring.it\/radiotouring104\/wp-json\/wp\/v2\/tags?post=5878"}],"curies":[{"name":"wp","href":"https:\/\/api.w.org\/{rel}","templated":true}]}}