{"id":58837,"date":"2024-10-01T12:59:44","date_gmt":"2024-10-01T10:59:44","guid":{"rendered":"https:\/\/progettotouring.it\/radiotouring104\/?p=58837"},"modified":"2024-10-01T12:59:44","modified_gmt":"2024-10-01T10:59:44","slug":"caso-bergamini-concluse-le-repliche-giudici-in-camera-di-consiglio","status":"publish","type":"post","link":"https:\/\/progettotouring.it\/radiotouring104\/2024\/10\/01\/caso-bergamini-concluse-le-repliche-giudici-in-camera-di-consiglio\/","title":{"rendered":"Caso Bergamini; concluse le repliche, Giudici in Camera di consiglio"},"content":{"rendered":"<p style=\"text-align: justify\"><strong>Sono entrati in camera di consiglio i giudici della Corte d&#8217;assise di Cosenza che devono giudicare Isabella Intern\u00f2,<\/strong> <strong>la donna imputata di omicidio volontario<\/strong> in concorso con ignoti per la morte dell&#8217;ex fidanzato,<strong> il calciatore del Cosenza Donato Denis Bergamini,<\/strong> avvenuta a Roseto Capo Spulico il 18 novembre del 1989.<\/p>\n<p style=\"text-align: justify\"><strong>La sentenza \u00e8 prevista per il tardo pomeriggio o in serata.<\/strong><\/p>\n<p style=\"text-align: justify\"><strong>L&#8217;accusa,<\/strong> a conclusione della requisitoria, la settimana scorsa, <strong>ha chiesto la condanna di Intern\u00f2 a 23 anni di reclusione.<\/strong><\/p>\n<p style=\"text-align: justify\"><strong>In aula era presente l&#8217;imputata.<\/strong><\/p>\n<p style=\"text-align: justify\">Tra i banchi la sorella di Denis, Donata Bergamini con i figli Denis, Andrea e Alice.<\/p>\n<p style=\"text-align: justify\">L&#8217;udienza \u00e8 iniziata con le repliche di accusa e difesa. Il primo a parlare \u00e8 stato il procuratore di Castrovillari Alessandro D&#8217;Alessio. <em>&#8220;Bisogna confrontarsi sui fatti non sulle suggestioni<\/em> &#8211;<strong> ha detto<\/strong> &#8211;<em> e nessuna pressione \u00e8 stata fatta.<\/em><\/p>\n<p style=\"text-align: justify\"><em>Respingiamo fortemente qualunque tipo di allusione su comportamenti per legge meno che corretti. La Procura si \u00e8 basata su fatti, prove, conclusioni&#8221;.<\/em><br \/>\nQuindi \u00e8 stata la volta del pm Luca Primicerio e poi dell&#8217;avvocato della famiglia Bergamini <strong>Fabio Anselmo.<\/strong><\/p>\n<p style=\"text-align: justify\"><strong>Quest&#8217;ultimo si \u00e8 detto<\/strong><em> &#8220;indignato per le allusioni e le tesi del complotto avanzate dalla difesa nel corso delle arringhe. La famiglia Bergamini \u00e8 stata accusata di voler speculare, di avere fatto complotti non si sa con chi, quando nel corso delle fasi iniziali dell&#8217;indagini ha riferito anche le dicerie su Denis&#8221;.<\/em><\/p>\n<p style=\"text-align: justify\"><strong>Il legale ha anche sostenuto che la storia che Bergamini si possa essere ucciso perch\u00e9 depresso<\/strong> per avere contratto l&#8217;Aids sono &#8220;<em>tutte suggestioni. Uno dei massimi esperti in materia ha testimoniato che non c&#8217;era niente che facesse pensare neanche al contagio&#8221;<\/em>. E anche la tesi della difesa che un altro possibile motivo del suicidio fosse da ricercare perch\u00e9 inserito in strani giri dall&#8217;allora compagno di squadra Michele Padovano \u00e8 falsa per Anselmo. Padovano &#8211; presente in aula &#8211; ha detto il legale, &#8220;\u00e8 una persona onesta, vittima di un&#8217;architettura calunniosa volta a farlo passare come il motivo all&#8217;origine del suicidio&#8221;.<\/p>\n<p style=\"text-align: justify\">Anselmo ha concluso la sua replica rivolgendosi ai giudici della Corte d&#8217;assise: &#8220;se Intern\u00f2 \u00e8 innocente o colpevole lo deciderete voi, ma quello che tutti noi sappiamo \u00e8 che Denis \u00e8 stato ucciso&#8221;.<\/p>\n<p style=\"text-align: justify\"><strong>A concludere le repliche \u00e8 stata l&#8217;avvocata di Intern\u00f2, Rossana Cribari.<\/strong><em> &#8220;Se si dice che Bergamini \u00e8 stato ucciso &#8211; ha detto &#8211; dovete dire quali sono le parti esecutive del delitto. Mi dovete dire come \u00e8 stato ammazzato, cosa ha fatto A e cosa ha fatto B, come ho portato il corpo sulla statale e perch\u00e9 nessuno mi ha visto<\/em>&#8220;. Tra il pubblico presente, anche padre Fedele, il frate storico tifoso del Cosenza.<\/p>\n<p style=\"text-align: justify\">\n","protected":false},"excerpt":{"rendered":"<p>Sono entrati in camera di consiglio i giudici della Corte d&#8217;assise di Cosenza che devono giudicare Isabella Intern\u00f2, la donna imputata di omicidio volontario in concorso con ignoti per la&hellip;<\/p>\n","protected":false},"author":12,"featured_media":16615,"comment_status":"closed","ping_status":"open","sticky":false,"template":"","format":"standard","meta":{"_jetpack_memberships_contains_paid_content":false,"footnotes":"","jetpack_publicize_message":"","jetpack_publicize_feature_enabled":true,"jetpack_social_post_already_shared":false,"jetpack_social_options":{"image_generator_settings":{"template":"highway","default_image_id":0,"font":"","enabled":false},"version":2}},"categories":[142,196,144],"tags":[35797,8357,35907],"class_list":["post-58837","post","type-post","status-publish","format-standard","has-post-thumbnail","hentry","category-calabria","category-news","category-sport","tag-antonella-interno","tag-denis-bergamini","tag-giudici-in-camera-di-consiglio"],"yoast_head":"<!-- This site is optimized with the Yoast SEO plugin v27.2 - https:\/\/yoast.com\/product\/yoast-seo-wordpress\/ -->\n<title>Caso Bergamini; concluse repliche, Giudici in Camera di consiglio<\/title>\n<meta name=\"description\" content=\"Entrati in camera di consiglio i giudici della Corte d&#039;assise di Cosenza che devono giudicare l&#039;ex fidanzata. Sentenza prevista per stasera.\" \/>\n<meta name=\"robots\" content=\"index, follow, max-snippet:-1, max-image-preview:large, max-video-preview:-1\" \/>\n<link rel=\"canonical\" href=\"https:\/\/progettotouring.it\/radiotouring104\/2024\/10\/01\/caso-bergamini-concluse-le-repliche-giudici-in-camera-di-consiglio\/\" \/>\n<meta property=\"og:locale\" content=\"it_IT\" \/>\n<meta property=\"og:type\" content=\"article\" \/>\n<meta property=\"og:title\" content=\"Caso Bergamini; concluse repliche, Giudici in Camera di consiglio\" \/>\n<meta property=\"og:description\" content=\"Entrati in camera di consiglio i giudici della Corte d&#039;assise di Cosenza che devono giudicare l&#039;ex fidanzata. Sentenza prevista per stasera.\" \/>\n<meta property=\"og:url\" content=\"https:\/\/progettotouring.it\/radiotouring104\/2024\/10\/01\/caso-bergamini-concluse-le-repliche-giudici-in-camera-di-consiglio\/\" \/>\n<meta property=\"og:site_name\" content=\"Radio Touring 104\" \/>\n<meta property=\"article:published_time\" content=\"2024-10-01T10:59:44+00:00\" \/>\n<meta property=\"og:image\" content=\"https:\/\/progettotouring.it\/radiotouring104\/wp-content\/uploads\/sites\/6\/2023\/01\/Denis-Bergamini.jpg\" \/>\n\t<meta property=\"og:image:width\" content=\"970\" \/>\n\t<meta property=\"og:image:height\" content=\"600\" \/>\n\t<meta property=\"og:image:type\" content=\"image\/jpeg\" \/>\n<meta name=\"author\" content=\"Sebastiano Plutino\" \/>\n<meta name=\"twitter:card\" content=\"summary_large_image\" \/>\n<meta name=\"twitter:label1\" content=\"Scritto da\" \/>\n\t<meta name=\"twitter:data1\" content=\"Sebastiano Plutino\" \/>\n\t<meta name=\"twitter:label2\" content=\"Tempo di lettura stimato\" \/>\n\t<meta name=\"twitter:data2\" content=\"2 minuti\" \/>\n<script type=\"application\/ld+json\" class=\"yoast-schema-graph\">{\"@context\":\"https:\/\/schema.org\",\"@graph\":[{\"@type\":\"Article\",\"@id\":\"https:\/\/progettotouring.it\/radiotouring104\/2024\/10\/01\/caso-bergamini-concluse-le-repliche-giudici-in-camera-di-consiglio\/#article\",\"isPartOf\":{\"@id\":\"https:\/\/progettotouring.it\/radiotouring104\/2024\/10\/01\/caso-bergamini-concluse-le-repliche-giudici-in-camera-di-consiglio\/\"},\"author\":{\"name\":\"Sebastiano Plutino\",\"@id\":\"https:\/\/progettotouring.it\/radiotouring104\/#\/schema\/person\/78613917f1851f041f7483f5af1d422e\"},\"headline\":\"Caso Bergamini; concluse le repliche, Giudici in Camera di consiglio\",\"datePublished\":\"2024-10-01T10:59:44+00:00\",\"mainEntityOfPage\":{\"@id\":\"https:\/\/progettotouring.it\/radiotouring104\/2024\/10\/01\/caso-bergamini-concluse-le-repliche-giudici-in-camera-di-consiglio\/\"},\"wordCount\":429,\"publisher\":{\"@id\":\"https:\/\/progettotouring.it\/radiotouring104\/#organization\"},\"image\":{\"@id\":\"https:\/\/progettotouring.it\/radiotouring104\/2024\/10\/01\/caso-bergamini-concluse-le-repliche-giudici-in-camera-di-consiglio\/#primaryimage\"},\"thumbnailUrl\":\"https:\/\/progettotouring.it\/radiotouring104\/wp-content\/uploads\/sites\/6\/2023\/01\/Denis-Bergamini.jpg\",\"keywords\":[\"Antonella Intern\u00f2\",\"Denis Bergamini\",\"giudici in camera di consiglio\"],\"articleSection\":[\"Calabria\",\"News\",\"Sport\"],\"inLanguage\":\"it-IT\"},{\"@type\":\"WebPage\",\"@id\":\"https:\/\/progettotouring.it\/radiotouring104\/2024\/10\/01\/caso-bergamini-concluse-le-repliche-giudici-in-camera-di-consiglio\/\",\"url\":\"https:\/\/progettotouring.it\/radiotouring104\/2024\/10\/01\/caso-bergamini-concluse-le-repliche-giudici-in-camera-di-consiglio\/\",\"name\":\"Caso Bergamini; concluse repliche, Giudici in Camera di consiglio\",\"isPartOf\":{\"@id\":\"https:\/\/progettotouring.it\/radiotouring104\/#website\"},\"primaryImageOfPage\":{\"@id\":\"https:\/\/progettotouring.it\/radiotouring104\/2024\/10\/01\/caso-bergamini-concluse-le-repliche-giudici-in-camera-di-consiglio\/#primaryimage\"},\"image\":{\"@id\":\"https:\/\/progettotouring.it\/radiotouring104\/2024\/10\/01\/caso-bergamini-concluse-le-repliche-giudici-in-camera-di-consiglio\/#primaryimage\"},\"thumbnailUrl\":\"https:\/\/progettotouring.it\/radiotouring104\/wp-content\/uploads\/sites\/6\/2023\/01\/Denis-Bergamini.jpg\",\"datePublished\":\"2024-10-01T10:59:44+00:00\",\"description\":\"Entrati in camera di consiglio i giudici della Corte d'assise di Cosenza che devono giudicare l'ex fidanzata. Sentenza prevista per stasera.\",\"breadcrumb\":{\"@id\":\"https:\/\/progettotouring.it\/radiotouring104\/2024\/10\/01\/caso-bergamini-concluse-le-repliche-giudici-in-camera-di-consiglio\/#breadcrumb\"},\"inLanguage\":\"it-IT\",\"potentialAction\":[{\"@type\":\"ReadAction\",\"target\":[\"https:\/\/progettotouring.it\/radiotouring104\/2024\/10\/01\/caso-bergamini-concluse-le-repliche-giudici-in-camera-di-consiglio\/\"]}]},{\"@type\":\"ImageObject\",\"inLanguage\":\"it-IT\",\"@id\":\"https:\/\/progettotouring.it\/radiotouring104\/2024\/10\/01\/caso-bergamini-concluse-le-repliche-giudici-in-camera-di-consiglio\/#primaryimage\",\"url\":\"https:\/\/progettotouring.it\/radiotouring104\/wp-content\/uploads\/sites\/6\/2023\/01\/Denis-Bergamini.jpg\",\"contentUrl\":\"https:\/\/progettotouring.it\/radiotouring104\/wp-content\/uploads\/sites\/6\/2023\/01\/Denis-Bergamini.jpg\",\"width\":970,\"height\":600},{\"@type\":\"BreadcrumbList\",\"@id\":\"https:\/\/progettotouring.it\/radiotouring104\/2024\/10\/01\/caso-bergamini-concluse-le-repliche-giudici-in-camera-di-consiglio\/#breadcrumb\",\"itemListElement\":[{\"@type\":\"ListItem\",\"position\":1,\"name\":\"Home\",\"item\":\"https:\/\/progettotouring.it\/radiotouring104\/\"},{\"@type\":\"ListItem\",\"position\":2,\"name\":\"Caso Bergamini; concluse le repliche, Giudici in Camera di consiglio\"}]},{\"@type\":\"WebSite\",\"@id\":\"https:\/\/progettotouring.it\/radiotouring104\/#website\",\"url\":\"https:\/\/progettotouring.it\/radiotouring104\/\",\"name\":\"Radio Touring 104\",\"description\":\"La prima radio Reggina\",\"publisher\":{\"@id\":\"https:\/\/progettotouring.it\/radiotouring104\/#organization\"},\"potentialAction\":[{\"@type\":\"SearchAction\",\"target\":{\"@type\":\"EntryPoint\",\"urlTemplate\":\"https:\/\/progettotouring.it\/radiotouring104\/?s={search_term_string}\"},\"query-input\":{\"@type\":\"PropertyValueSpecification\",\"valueRequired\":true,\"valueName\":\"search_term_string\"}}],\"inLanguage\":\"it-IT\"},{\"@type\":\"Organization\",\"@id\":\"https:\/\/progettotouring.it\/radiotouring104\/#organization\",\"name\":\"Radio Touring 104\",\"url\":\"https:\/\/progettotouring.it\/radiotouring104\/\",\"logo\":{\"@type\":\"ImageObject\",\"inLanguage\":\"it-IT\",\"@id\":\"https:\/\/progettotouring.it\/radiotouring104\/#\/schema\/logo\/image\/\",\"url\":\"https:\/\/progettotouring.it\/radiotouring104\/wp-content\/uploads\/sites\/6\/2022\/02\/cropped-logo-radio-touring-104.png\",\"contentUrl\":\"https:\/\/progettotouring.it\/radiotouring104\/wp-content\/uploads\/sites\/6\/2022\/02\/cropped-logo-radio-touring-104.png\",\"width\":377,\"height\":182,\"caption\":\"Radio Touring 104\"},\"image\":{\"@id\":\"https:\/\/progettotouring.it\/radiotouring104\/#\/schema\/logo\/image\/\"}},{\"@type\":\"Person\",\"@id\":\"https:\/\/progettotouring.it\/radiotouring104\/#\/schema\/person\/78613917f1851f041f7483f5af1d422e\",\"name\":\"Sebastiano Plutino\",\"image\":{\"@type\":\"ImageObject\",\"inLanguage\":\"it-IT\",\"@id\":\"https:\/\/secure.gravatar.com\/avatar\/0546ffaa9b79224faf9f2a156b67a529ae861d3287c66c1d8ccfdf909bcba78d?s=96&d=mm&r=g\",\"url\":\"https:\/\/secure.gravatar.com\/avatar\/0546ffaa9b79224faf9f2a156b67a529ae861d3287c66c1d8ccfdf909bcba78d?s=96&d=mm&r=g\",\"contentUrl\":\"https:\/\/secure.gravatar.com\/avatar\/0546ffaa9b79224faf9f2a156b67a529ae861d3287c66c1d8ccfdf909bcba78d?s=96&d=mm&r=g\",\"caption\":\"Sebastiano Plutino\"},\"url\":\"https:\/\/progettotouring.it\/radiotouring104\/author\/sebastiano\/\"}]}<\/script>\n<!-- \/ Yoast SEO plugin. -->","yoast_head_json":{"title":"Caso Bergamini; concluse repliche, Giudici in Camera di consiglio","description":"Entrati in camera di consiglio i giudici della Corte d'assise di Cosenza che devono giudicare l'ex fidanzata. Sentenza prevista per stasera.","robots":{"index":"index","follow":"follow","max-snippet":"max-snippet:-1","max-image-preview":"max-image-preview:large","max-video-preview":"max-video-preview:-1"},"canonical":"https:\/\/progettotouring.it\/radiotouring104\/2024\/10\/01\/caso-bergamini-concluse-le-repliche-giudici-in-camera-di-consiglio\/","og_locale":"it_IT","og_type":"article","og_title":"Caso Bergamini; concluse repliche, Giudici in Camera di consiglio","og_description":"Entrati in camera di consiglio i giudici della Corte d'assise di Cosenza che devono giudicare l'ex fidanzata. Sentenza prevista per stasera.","og_url":"https:\/\/progettotouring.it\/radiotouring104\/2024\/10\/01\/caso-bergamini-concluse-le-repliche-giudici-in-camera-di-consiglio\/","og_site_name":"Radio Touring 104","article_published_time":"2024-10-01T10:59:44+00:00","og_image":[{"width":970,"height":600,"url":"https:\/\/progettotouring.it\/radiotouring104\/wp-content\/uploads\/sites\/6\/2023\/01\/Denis-Bergamini.jpg","type":"image\/jpeg"}],"author":"Sebastiano Plutino","twitter_card":"summary_large_image","twitter_misc":{"Scritto da":"Sebastiano Plutino","Tempo di lettura stimato":"2 minuti"},"schema":{"@context":"https:\/\/schema.org","@graph":[{"@type":"Article","@id":"https:\/\/progettotouring.it\/radiotouring104\/2024\/10\/01\/caso-bergamini-concluse-le-repliche-giudici-in-camera-di-consiglio\/#article","isPartOf":{"@id":"https:\/\/progettotouring.it\/radiotouring104\/2024\/10\/01\/caso-bergamini-concluse-le-repliche-giudici-in-camera-di-consiglio\/"},"author":{"name":"Sebastiano Plutino","@id":"https:\/\/progettotouring.it\/radiotouring104\/#\/schema\/person\/78613917f1851f041f7483f5af1d422e"},"headline":"Caso Bergamini; concluse le repliche, Giudici in Camera di consiglio","datePublished":"2024-10-01T10:59:44+00:00","mainEntityOfPage":{"@id":"https:\/\/progettotouring.it\/radiotouring104\/2024\/10\/01\/caso-bergamini-concluse-le-repliche-giudici-in-camera-di-consiglio\/"},"wordCount":429,"publisher":{"@id":"https:\/\/progettotouring.it\/radiotouring104\/#organization"},"image":{"@id":"https:\/\/progettotouring.it\/radiotouring104\/2024\/10\/01\/caso-bergamini-concluse-le-repliche-giudici-in-camera-di-consiglio\/#primaryimage"},"thumbnailUrl":"https:\/\/progettotouring.it\/radiotouring104\/wp-content\/uploads\/sites\/6\/2023\/01\/Denis-Bergamini.jpg","keywords":["Antonella Intern\u00f2","Denis Bergamini","giudici in camera di consiglio"],"articleSection":["Calabria","News","Sport"],"inLanguage":"it-IT"},{"@type":"WebPage","@id":"https:\/\/progettotouring.it\/radiotouring104\/2024\/10\/01\/caso-bergamini-concluse-le-repliche-giudici-in-camera-di-consiglio\/","url":"https:\/\/progettotouring.it\/radiotouring104\/2024\/10\/01\/caso-bergamini-concluse-le-repliche-giudici-in-camera-di-consiglio\/","name":"Caso Bergamini; concluse repliche, Giudici in Camera di consiglio","isPartOf":{"@id":"https:\/\/progettotouring.it\/radiotouring104\/#website"},"primaryImageOfPage":{"@id":"https:\/\/progettotouring.it\/radiotouring104\/2024\/10\/01\/caso-bergamini-concluse-le-repliche-giudici-in-camera-di-consiglio\/#primaryimage"},"image":{"@id":"https:\/\/progettotouring.it\/radiotouring104\/2024\/10\/01\/caso-bergamini-concluse-le-repliche-giudici-in-camera-di-consiglio\/#primaryimage"},"thumbnailUrl":"https:\/\/progettotouring.it\/radiotouring104\/wp-content\/uploads\/sites\/6\/2023\/01\/Denis-Bergamini.jpg","datePublished":"2024-10-01T10:59:44+00:00","description":"Entrati in camera di consiglio i giudici della Corte d'assise di Cosenza che devono giudicare l'ex fidanzata. Sentenza prevista per stasera.","breadcrumb":{"@id":"https:\/\/progettotouring.it\/radiotouring104\/2024\/10\/01\/caso-bergamini-concluse-le-repliche-giudici-in-camera-di-consiglio\/#breadcrumb"},"inLanguage":"it-IT","potentialAction":[{"@type":"ReadAction","target":["https:\/\/progettotouring.it\/radiotouring104\/2024\/10\/01\/caso-bergamini-concluse-le-repliche-giudici-in-camera-di-consiglio\/"]}]},{"@type":"ImageObject","inLanguage":"it-IT","@id":"https:\/\/progettotouring.it\/radiotouring104\/2024\/10\/01\/caso-bergamini-concluse-le-repliche-giudici-in-camera-di-consiglio\/#primaryimage","url":"https:\/\/progettotouring.it\/radiotouring104\/wp-content\/uploads\/sites\/6\/2023\/01\/Denis-Bergamini.jpg","contentUrl":"https:\/\/progettotouring.it\/radiotouring104\/wp-content\/uploads\/sites\/6\/2023\/01\/Denis-Bergamini.jpg","width":970,"height":600},{"@type":"BreadcrumbList","@id":"https:\/\/progettotouring.it\/radiotouring104\/2024\/10\/01\/caso-bergamini-concluse-le-repliche-giudici-in-camera-di-consiglio\/#breadcrumb","itemListElement":[{"@type":"ListItem","position":1,"name":"Home","item":"https:\/\/progettotouring.it\/radiotouring104\/"},{"@type":"ListItem","position":2,"name":"Caso Bergamini; concluse le repliche, Giudici in Camera di consiglio"}]},{"@type":"WebSite","@id":"https:\/\/progettotouring.it\/radiotouring104\/#website","url":"https:\/\/progettotouring.it\/radiotouring104\/","name":"Radio Touring 104","description":"La prima radio Reggina","publisher":{"@id":"https:\/\/progettotouring.it\/radiotouring104\/#organization"},"potentialAction":[{"@type":"SearchAction","target":{"@type":"EntryPoint","urlTemplate":"https:\/\/progettotouring.it\/radiotouring104\/?s={search_term_string}"},"query-input":{"@type":"PropertyValueSpecification","valueRequired":true,"valueName":"search_term_string"}}],"inLanguage":"it-IT"},{"@type":"Organization","@id":"https:\/\/progettotouring.it\/radiotouring104\/#organization","name":"Radio Touring 104","url":"https:\/\/progettotouring.it\/radiotouring104\/","logo":{"@type":"ImageObject","inLanguage":"it-IT","@id":"https:\/\/progettotouring.it\/radiotouring104\/#\/schema\/logo\/image\/","url":"https:\/\/progettotouring.it\/radiotouring104\/wp-content\/uploads\/sites\/6\/2022\/02\/cropped-logo-radio-touring-104.png","contentUrl":"https:\/\/progettotouring.it\/radiotouring104\/wp-content\/uploads\/sites\/6\/2022\/02\/cropped-logo-radio-touring-104.png","width":377,"height":182,"caption":"Radio Touring 104"},"image":{"@id":"https:\/\/progettotouring.it\/radiotouring104\/#\/schema\/logo\/image\/"}},{"@type":"Person","@id":"https:\/\/progettotouring.it\/radiotouring104\/#\/schema\/person\/78613917f1851f041f7483f5af1d422e","name":"Sebastiano Plutino","image":{"@type":"ImageObject","inLanguage":"it-IT","@id":"https:\/\/secure.gravatar.com\/avatar\/0546ffaa9b79224faf9f2a156b67a529ae861d3287c66c1d8ccfdf909bcba78d?s=96&d=mm&r=g","url":"https:\/\/secure.gravatar.com\/avatar\/0546ffaa9b79224faf9f2a156b67a529ae861d3287c66c1d8ccfdf909bcba78d?s=96&d=mm&r=g","contentUrl":"https:\/\/secure.gravatar.com\/avatar\/0546ffaa9b79224faf9f2a156b67a529ae861d3287c66c1d8ccfdf909bcba78d?s=96&d=mm&r=g","caption":"Sebastiano Plutino"},"url":"https:\/\/progettotouring.it\/radiotouring104\/author\/sebastiano\/"}]}},"jetpack_publicize_connections":[],"jetpack_featured_media_url":"https:\/\/progettotouring.it\/radiotouring104\/wp-content\/uploads\/sites\/6\/2023\/01\/Denis-Bergamini.jpg","jetpack_sharing_enabled":true,"_links":{"self":[{"href":"https:\/\/progettotouring.it\/radiotouring104\/wp-json\/wp\/v2\/posts\/58837","targetHints":{"allow":["GET"]}}],"collection":[{"href":"https:\/\/progettotouring.it\/radiotouring104\/wp-json\/wp\/v2\/posts"}],"about":[{"href":"https:\/\/progettotouring.it\/radiotouring104\/wp-json\/wp\/v2\/types\/post"}],"author":[{"embeddable":true,"href":"https:\/\/progettotouring.it\/radiotouring104\/wp-json\/wp\/v2\/users\/12"}],"replies":[{"embeddable":true,"href":"https:\/\/progettotouring.it\/radiotouring104\/wp-json\/wp\/v2\/comments?post=58837"}],"version-history":[{"count":1,"href":"https:\/\/progettotouring.it\/radiotouring104\/wp-json\/wp\/v2\/posts\/58837\/revisions"}],"predecessor-version":[{"id":58843,"href":"https:\/\/progettotouring.it\/radiotouring104\/wp-json\/wp\/v2\/posts\/58837\/revisions\/58843"}],"wp:featuredmedia":[{"embeddable":true,"href":"https:\/\/progettotouring.it\/radiotouring104\/wp-json\/wp\/v2\/media\/16615"}],"wp:attachment":[{"href":"https:\/\/progettotouring.it\/radiotouring104\/wp-json\/wp\/v2\/media?parent=58837"}],"wp:term":[{"taxonomy":"category","embeddable":true,"href":"https:\/\/progettotouring.it\/radiotouring104\/wp-json\/wp\/v2\/categories?post=58837"},{"taxonomy":"post_tag","embeddable":true,"href":"https:\/\/progettotouring.it\/radiotouring104\/wp-json\/wp\/v2\/tags?post=58837"}],"curies":[{"name":"wp","href":"https:\/\/api.w.org\/{rel}","templated":true}]}}