{"id":5886,"date":"2022-05-27T09:53:59","date_gmt":"2022-05-27T07:53:59","guid":{"rendered":"https:\/\/progettotouring.it\/radiotouring104\/?p=5886"},"modified":"2022-05-27T14:31:39","modified_gmt":"2022-05-27T12:31:39","slug":"la-19a-tappa-molto-insidiosa-per-i-corridori-il-percorso-e-laltimetria-odierna-della-frazione-del-giro-ditalia","status":"publish","type":"post","link":"https:\/\/progettotouring.it\/radiotouring104\/2022\/05\/27\/la-19a-tappa-molto-insidiosa-per-i-corridori-il-percorso-e-laltimetria-odierna-della-frazione-del-giro-ditalia\/","title":{"rendered":"La 19\u00aa tappa molto insidiosa per i corridori: il percorso e l&#8217;altimetria odierna della frazione del Giro d&#8217;Italia"},"content":{"rendered":"<p style=\"text-align: justify\">La diciannovesima frazione del Giro d&#8217;Italia partir\u00e0 da <strong>Marano Lagunare<\/strong> e raggiunger\u00e0 <strong>Santuario di Castelmonte<\/strong> dopo 178 chilometri molto mossi. Sar\u00e0 una tappa montagna con insidie, arrivo in salita e sconfinamento. Partenza da <strong>Marano<\/strong> <strong>Lagunare<\/strong> per risalire tutta la bassa fino alle colline moreniche udinesi tra <strong>Fagagna<\/strong> e <strong>Majano<\/strong>. Attraversata <strong>Buja<\/strong> si raggiungono le<strong> Prealpi Giulie<\/strong> con le<strong> Grotte di Villanova<\/strong> (salita breve e impegnativa) seguite dal <strong>Passo di Tanamea<\/strong>. Ingresso in Slovenia dal valico di <strong>Uccea<\/strong> che porta direttamente a <strong>Kobarid<\/strong> (Caporetto). Inizia l\u00ec il <strong>Monte Kolovrat<\/strong>, 10 km praticamente al 10% (la pendenza si abbassa per un brevissimo tratto a met\u00e0 salita). Segue, dopo il cortissimo<strong> Passo Solarie,<\/strong> un lungo falsopiano a scendere per il rientro in Italia. Tratto interamente dentro il bosco caratterizzato dal susseguirsi ininterrotto di curve. Da <strong>Cividale del Friuli<\/strong> si attacca la salita che porta al <strong>Santuario<\/strong> <strong>di Castelmonte<\/strong> dove \u00e8 posto l\u2019arrivo. La salita finale di circa 7 km con una breve discesa dopo 2.5 km. I due tratti pi\u00f9 ripidi (fino al 13%) sono in corrispondenza all\u2019inizio salita e alla ripresa dopo la discesa interna. Carreggiata larga e in ottimo stato. Rettilineo di arrivo su asfalto.<\/p>\n","protected":false},"excerpt":{"rendered":"<p>La diciannovesima frazione del Giro d&#8217;Italia partir\u00e0 da Marano Lagunare e raggiunger\u00e0 Santuario di Castelmonte dopo 178 chilometri molto mossi. Sar\u00e0 una tappa montagna con insidie, arrivo in salita e&hellip;<\/p>\n","protected":false},"author":8,"featured_media":5888,"comment_status":"open","ping_status":"open","sticky":false,"template":"","format":"standard","meta":{"_jetpack_memberships_contains_paid_content":false,"footnotes":"","jetpack_publicize_message":"","jetpack_publicize_feature_enabled":true,"jetpack_social_post_already_shared":false,"jetpack_social_options":{"image_generator_settings":{"template":"highway","default_image_id":0,"font":"","enabled":false},"version":2}},"categories":[196,144],"tags":[2150,2156,2147,2151,2155,2148,2146,2152,2149,2153,1304,2154],"class_list":["post-5886","post","type-post","status-publish","format-standard","has-post-thumbnail","hentry","category-news","category-sport","tag-buja","tag-cividale-del-friuli","tag-fagagna","tag-grotte-di-villanova","tag-kobarid","tag-majano","tag-marano-lagunare","tag-monte-kolovrat","tag-passo-di-tanamea","tag-passo-solarie","tag-santuario-di-castelmonte","tag-uccea"],"yoast_head":"<!-- This site is optimized with the Yoast SEO plugin v27.2 - https:\/\/yoast.com\/product\/yoast-seo-wordpress\/ -->\n<title>19\u00aa tappa molto insidiosa per i corridori: il percorso di oggi del Giro d&#039;Italia<\/title>\n<meta name=\"description\" content=\"La diciannovesima frazione del Giro d&#039;Italia sar\u00e0 ricca di insidie: il percorso e l&#039;altimetria odierna della corsa in rosa\" \/>\n<meta name=\"robots\" content=\"index, follow, max-snippet:-1, max-image-preview:large, max-video-preview:-1\" \/>\n<link rel=\"canonical\" href=\"https:\/\/progettotouring.it\/radiotouring104\/2022\/05\/27\/la-19a-tappa-molto-insidiosa-per-i-corridori-il-percorso-e-laltimetria-odierna-della-frazione-del-giro-ditalia\/\" \/>\n<meta property=\"og:locale\" content=\"it_IT\" \/>\n<meta property=\"og:type\" content=\"article\" \/>\n<meta property=\"og:title\" content=\"19\u00aa tappa molto insidiosa per i corridori: il percorso di oggi del Giro d&#039;Italia\" \/>\n<meta property=\"og:description\" content=\"La diciannovesima frazione del Giro d&#039;Italia sar\u00e0 ricca di insidie: il percorso e l&#039;altimetria odierna della corsa in rosa\" \/>\n<meta property=\"og:url\" content=\"https:\/\/progettotouring.it\/radiotouring104\/2022\/05\/27\/la-19a-tappa-molto-insidiosa-per-i-corridori-il-percorso-e-laltimetria-odierna-della-frazione-del-giro-ditalia\/\" \/>\n<meta property=\"og:site_name\" content=\"Radio Touring 104\" \/>\n<meta property=\"article:published_time\" content=\"2022-05-27T07:53:59+00:00\" \/>\n<meta property=\"article:modified_time\" content=\"2022-05-27T12:31:39+00:00\" \/>\n<meta property=\"og:image\" content=\"https:\/\/progettotouring.it\/radiotouring104\/wp-content\/uploads\/sites\/6\/2022\/05\/tappa-19-giro-ditalia.jpg\" \/>\n\t<meta property=\"og:image:width\" content=\"1280\" \/>\n\t<meta property=\"og:image:height\" content=\"852\" \/>\n\t<meta property=\"og:image:type\" content=\"image\/jpeg\" \/>\n<meta name=\"author\" content=\"Filippo Francesco Idone\" \/>\n<meta name=\"twitter:card\" content=\"summary_large_image\" \/>\n<meta name=\"twitter:label1\" content=\"Scritto da\" \/>\n\t<meta name=\"twitter:data1\" content=\"Filippo Francesco Idone\" \/>\n\t<meta name=\"twitter:label2\" content=\"Tempo di lettura stimato\" \/>\n\t<meta name=\"twitter:data2\" content=\"2 minuti\" \/>\n<script type=\"application\/ld+json\" class=\"yoast-schema-graph\">{\"@context\":\"https:\/\/schema.org\",\"@graph\":[{\"@type\":\"Article\",\"@id\":\"https:\/\/progettotouring.it\/radiotouring104\/2022\/05\/27\/la-19a-tappa-molto-insidiosa-per-i-corridori-il-percorso-e-laltimetria-odierna-della-frazione-del-giro-ditalia\/#article\",\"isPartOf\":{\"@id\":\"https:\/\/progettotouring.it\/radiotouring104\/2022\/05\/27\/la-19a-tappa-molto-insidiosa-per-i-corridori-il-percorso-e-laltimetria-odierna-della-frazione-del-giro-ditalia\/\"},\"author\":{\"name\":\"Filippo Francesco Idone\",\"@id\":\"https:\/\/progettotouring.it\/radiotouring104\/#\/schema\/person\/4a82259ca52ac8702ad1a8f9e5a3120b\"},\"headline\":\"La 19\u00aa tappa molto insidiosa per i corridori: il percorso e l&#8217;altimetria odierna della frazione del Giro d&#8217;Italia\",\"datePublished\":\"2022-05-27T07:53:59+00:00\",\"dateModified\":\"2022-05-27T12:31:39+00:00\",\"mainEntityOfPage\":{\"@id\":\"https:\/\/progettotouring.it\/radiotouring104\/2022\/05\/27\/la-19a-tappa-molto-insidiosa-per-i-corridori-il-percorso-e-laltimetria-odierna-della-frazione-del-giro-ditalia\/\"},\"wordCount\":206,\"commentCount\":0,\"publisher\":{\"@id\":\"https:\/\/progettotouring.it\/radiotouring104\/#organization\"},\"image\":{\"@id\":\"https:\/\/progettotouring.it\/radiotouring104\/2022\/05\/27\/la-19a-tappa-molto-insidiosa-per-i-corridori-il-percorso-e-laltimetria-odierna-della-frazione-del-giro-ditalia\/#primaryimage\"},\"thumbnailUrl\":\"https:\/\/progettotouring.it\/radiotouring104\/wp-content\/uploads\/sites\/6\/2022\/05\/tappa-19-giro-ditalia.jpg\",\"keywords\":[\"Buja\",\"Cividale del Friuli\",\"Fagagna\",\"Grotte di Villanova\",\"Kobarid\",\"Majano\",\"Marano Lagunare\",\"Monte Kolovrat\",\"Passo di Tanamea\",\"Passo Solarie\",\"Santuario di Castelmonte\",\"Uccea\"],\"articleSection\":[\"News\",\"Sport\"],\"inLanguage\":\"it-IT\",\"potentialAction\":[{\"@type\":\"CommentAction\",\"name\":\"Comment\",\"target\":[\"https:\/\/progettotouring.it\/radiotouring104\/2022\/05\/27\/la-19a-tappa-molto-insidiosa-per-i-corridori-il-percorso-e-laltimetria-odierna-della-frazione-del-giro-ditalia\/#respond\"]}]},{\"@type\":\"WebPage\",\"@id\":\"https:\/\/progettotouring.it\/radiotouring104\/2022\/05\/27\/la-19a-tappa-molto-insidiosa-per-i-corridori-il-percorso-e-laltimetria-odierna-della-frazione-del-giro-ditalia\/\",\"url\":\"https:\/\/progettotouring.it\/radiotouring104\/2022\/05\/27\/la-19a-tappa-molto-insidiosa-per-i-corridori-il-percorso-e-laltimetria-odierna-della-frazione-del-giro-ditalia\/\",\"name\":\"19\u00aa tappa molto insidiosa per i corridori: il percorso di oggi del Giro d'Italia\",\"isPartOf\":{\"@id\":\"https:\/\/progettotouring.it\/radiotouring104\/#website\"},\"primaryImageOfPage\":{\"@id\":\"https:\/\/progettotouring.it\/radiotouring104\/2022\/05\/27\/la-19a-tappa-molto-insidiosa-per-i-corridori-il-percorso-e-laltimetria-odierna-della-frazione-del-giro-ditalia\/#primaryimage\"},\"image\":{\"@id\":\"https:\/\/progettotouring.it\/radiotouring104\/2022\/05\/27\/la-19a-tappa-molto-insidiosa-per-i-corridori-il-percorso-e-laltimetria-odierna-della-frazione-del-giro-ditalia\/#primaryimage\"},\"thumbnailUrl\":\"https:\/\/progettotouring.it\/radiotouring104\/wp-content\/uploads\/sites\/6\/2022\/05\/tappa-19-giro-ditalia.jpg\",\"datePublished\":\"2022-05-27T07:53:59+00:00\",\"dateModified\":\"2022-05-27T12:31:39+00:00\",\"description\":\"La diciannovesima frazione del Giro d'Italia sar\u00e0 ricca di insidie: il percorso e l'altimetria odierna della corsa in rosa\",\"breadcrumb\":{\"@id\":\"https:\/\/progettotouring.it\/radiotouring104\/2022\/05\/27\/la-19a-tappa-molto-insidiosa-per-i-corridori-il-percorso-e-laltimetria-odierna-della-frazione-del-giro-ditalia\/#breadcrumb\"},\"inLanguage\":\"it-IT\",\"potentialAction\":[{\"@type\":\"ReadAction\",\"target\":[\"https:\/\/progettotouring.it\/radiotouring104\/2022\/05\/27\/la-19a-tappa-molto-insidiosa-per-i-corridori-il-percorso-e-laltimetria-odierna-della-frazione-del-giro-ditalia\/\"]}]},{\"@type\":\"ImageObject\",\"inLanguage\":\"it-IT\",\"@id\":\"https:\/\/progettotouring.it\/radiotouring104\/2022\/05\/27\/la-19a-tappa-molto-insidiosa-per-i-corridori-il-percorso-e-laltimetria-odierna-della-frazione-del-giro-ditalia\/#primaryimage\",\"url\":\"https:\/\/progettotouring.it\/radiotouring104\/wp-content\/uploads\/sites\/6\/2022\/05\/tappa-19-giro-ditalia.jpg\",\"contentUrl\":\"https:\/\/progettotouring.it\/radiotouring104\/wp-content\/uploads\/sites\/6\/2022\/05\/tappa-19-giro-ditalia.jpg\",\"width\":1280,\"height\":852},{\"@type\":\"BreadcrumbList\",\"@id\":\"https:\/\/progettotouring.it\/radiotouring104\/2022\/05\/27\/la-19a-tappa-molto-insidiosa-per-i-corridori-il-percorso-e-laltimetria-odierna-della-frazione-del-giro-ditalia\/#breadcrumb\",\"itemListElement\":[{\"@type\":\"ListItem\",\"position\":1,\"name\":\"Home\",\"item\":\"https:\/\/progettotouring.it\/radiotouring104\/\"},{\"@type\":\"ListItem\",\"position\":2,\"name\":\"La 19\u00aa tappa molto insidiosa per i corridori: il percorso e l&#8217;altimetria odierna della frazione del Giro d&#8217;Italia\"}]},{\"@type\":\"WebSite\",\"@id\":\"https:\/\/progettotouring.it\/radiotouring104\/#website\",\"url\":\"https:\/\/progettotouring.it\/radiotouring104\/\",\"name\":\"Radio Touring 104\",\"description\":\"La prima radio Reggina\",\"publisher\":{\"@id\":\"https:\/\/progettotouring.it\/radiotouring104\/#organization\"},\"potentialAction\":[{\"@type\":\"SearchAction\",\"target\":{\"@type\":\"EntryPoint\",\"urlTemplate\":\"https:\/\/progettotouring.it\/radiotouring104\/?s={search_term_string}\"},\"query-input\":{\"@type\":\"PropertyValueSpecification\",\"valueRequired\":true,\"valueName\":\"search_term_string\"}}],\"inLanguage\":\"it-IT\"},{\"@type\":\"Organization\",\"@id\":\"https:\/\/progettotouring.it\/radiotouring104\/#organization\",\"name\":\"Radio Touring 104\",\"url\":\"https:\/\/progettotouring.it\/radiotouring104\/\",\"logo\":{\"@type\":\"ImageObject\",\"inLanguage\":\"it-IT\",\"@id\":\"https:\/\/progettotouring.it\/radiotouring104\/#\/schema\/logo\/image\/\",\"url\":\"https:\/\/progettotouring.it\/radiotouring104\/wp-content\/uploads\/sites\/6\/2022\/02\/cropped-logo-radio-touring-104.png\",\"contentUrl\":\"https:\/\/progettotouring.it\/radiotouring104\/wp-content\/uploads\/sites\/6\/2022\/02\/cropped-logo-radio-touring-104.png\",\"width\":377,\"height\":182,\"caption\":\"Radio Touring 104\"},\"image\":{\"@id\":\"https:\/\/progettotouring.it\/radiotouring104\/#\/schema\/logo\/image\/\"}},{\"@type\":\"Person\",\"@id\":\"https:\/\/progettotouring.it\/radiotouring104\/#\/schema\/person\/4a82259ca52ac8702ad1a8f9e5a3120b\",\"name\":\"Filippo Francesco Idone\",\"image\":{\"@type\":\"ImageObject\",\"inLanguage\":\"it-IT\",\"@id\":\"https:\/\/secure.gravatar.com\/avatar\/7268715d2366395c3dd314385670e6484117d44f5c442e61e230f7008b7b62d3?s=96&d=mm&r=g\",\"url\":\"https:\/\/secure.gravatar.com\/avatar\/7268715d2366395c3dd314385670e6484117d44f5c442e61e230f7008b7b62d3?s=96&d=mm&r=g\",\"contentUrl\":\"https:\/\/secure.gravatar.com\/avatar\/7268715d2366395c3dd314385670e6484117d44f5c442e61e230f7008b7b62d3?s=96&d=mm&r=g\",\"caption\":\"Filippo Francesco Idone\"},\"url\":\"https:\/\/progettotouring.it\/radiotouring104\/author\/filippoidone\/\"}]}<\/script>\n<!-- \/ Yoast SEO plugin. -->","yoast_head_json":{"title":"19\u00aa tappa molto insidiosa per i corridori: il percorso di oggi del Giro d'Italia","description":"La diciannovesima frazione del Giro d'Italia sar\u00e0 ricca di insidie: il percorso e l'altimetria odierna della corsa in rosa","robots":{"index":"index","follow":"follow","max-snippet":"max-snippet:-1","max-image-preview":"max-image-preview:large","max-video-preview":"max-video-preview:-1"},"canonical":"https:\/\/progettotouring.it\/radiotouring104\/2022\/05\/27\/la-19a-tappa-molto-insidiosa-per-i-corridori-il-percorso-e-laltimetria-odierna-della-frazione-del-giro-ditalia\/","og_locale":"it_IT","og_type":"article","og_title":"19\u00aa tappa molto insidiosa per i corridori: il percorso di oggi del Giro d'Italia","og_description":"La diciannovesima frazione del Giro d'Italia sar\u00e0 ricca di insidie: il percorso e l'altimetria odierna della corsa in rosa","og_url":"https:\/\/progettotouring.it\/radiotouring104\/2022\/05\/27\/la-19a-tappa-molto-insidiosa-per-i-corridori-il-percorso-e-laltimetria-odierna-della-frazione-del-giro-ditalia\/","og_site_name":"Radio Touring 104","article_published_time":"2022-05-27T07:53:59+00:00","article_modified_time":"2022-05-27T12:31:39+00:00","og_image":[{"width":1280,"height":852,"url":"https:\/\/progettotouring.it\/radiotouring104\/wp-content\/uploads\/sites\/6\/2022\/05\/tappa-19-giro-ditalia.jpg","type":"image\/jpeg"}],"author":"Filippo Francesco Idone","twitter_card":"summary_large_image","twitter_misc":{"Scritto da":"Filippo Francesco Idone","Tempo di lettura stimato":"2 minuti"},"schema":{"@context":"https:\/\/schema.org","@graph":[{"@type":"Article","@id":"https:\/\/progettotouring.it\/radiotouring104\/2022\/05\/27\/la-19a-tappa-molto-insidiosa-per-i-corridori-il-percorso-e-laltimetria-odierna-della-frazione-del-giro-ditalia\/#article","isPartOf":{"@id":"https:\/\/progettotouring.it\/radiotouring104\/2022\/05\/27\/la-19a-tappa-molto-insidiosa-per-i-corridori-il-percorso-e-laltimetria-odierna-della-frazione-del-giro-ditalia\/"},"author":{"name":"Filippo Francesco Idone","@id":"https:\/\/progettotouring.it\/radiotouring104\/#\/schema\/person\/4a82259ca52ac8702ad1a8f9e5a3120b"},"headline":"La 19\u00aa tappa molto insidiosa per i corridori: il percorso e l&#8217;altimetria odierna della frazione del Giro d&#8217;Italia","datePublished":"2022-05-27T07:53:59+00:00","dateModified":"2022-05-27T12:31:39+00:00","mainEntityOfPage":{"@id":"https:\/\/progettotouring.it\/radiotouring104\/2022\/05\/27\/la-19a-tappa-molto-insidiosa-per-i-corridori-il-percorso-e-laltimetria-odierna-della-frazione-del-giro-ditalia\/"},"wordCount":206,"commentCount":0,"publisher":{"@id":"https:\/\/progettotouring.it\/radiotouring104\/#organization"},"image":{"@id":"https:\/\/progettotouring.it\/radiotouring104\/2022\/05\/27\/la-19a-tappa-molto-insidiosa-per-i-corridori-il-percorso-e-laltimetria-odierna-della-frazione-del-giro-ditalia\/#primaryimage"},"thumbnailUrl":"https:\/\/progettotouring.it\/radiotouring104\/wp-content\/uploads\/sites\/6\/2022\/05\/tappa-19-giro-ditalia.jpg","keywords":["Buja","Cividale del Friuli","Fagagna","Grotte di Villanova","Kobarid","Majano","Marano Lagunare","Monte Kolovrat","Passo di Tanamea","Passo Solarie","Santuario di Castelmonte","Uccea"],"articleSection":["News","Sport"],"inLanguage":"it-IT","potentialAction":[{"@type":"CommentAction","name":"Comment","target":["https:\/\/progettotouring.it\/radiotouring104\/2022\/05\/27\/la-19a-tappa-molto-insidiosa-per-i-corridori-il-percorso-e-laltimetria-odierna-della-frazione-del-giro-ditalia\/#respond"]}]},{"@type":"WebPage","@id":"https:\/\/progettotouring.it\/radiotouring104\/2022\/05\/27\/la-19a-tappa-molto-insidiosa-per-i-corridori-il-percorso-e-laltimetria-odierna-della-frazione-del-giro-ditalia\/","url":"https:\/\/progettotouring.it\/radiotouring104\/2022\/05\/27\/la-19a-tappa-molto-insidiosa-per-i-corridori-il-percorso-e-laltimetria-odierna-della-frazione-del-giro-ditalia\/","name":"19\u00aa tappa molto insidiosa per i corridori: il percorso di oggi del Giro d'Italia","isPartOf":{"@id":"https:\/\/progettotouring.it\/radiotouring104\/#website"},"primaryImageOfPage":{"@id":"https:\/\/progettotouring.it\/radiotouring104\/2022\/05\/27\/la-19a-tappa-molto-insidiosa-per-i-corridori-il-percorso-e-laltimetria-odierna-della-frazione-del-giro-ditalia\/#primaryimage"},"image":{"@id":"https:\/\/progettotouring.it\/radiotouring104\/2022\/05\/27\/la-19a-tappa-molto-insidiosa-per-i-corridori-il-percorso-e-laltimetria-odierna-della-frazione-del-giro-ditalia\/#primaryimage"},"thumbnailUrl":"https:\/\/progettotouring.it\/radiotouring104\/wp-content\/uploads\/sites\/6\/2022\/05\/tappa-19-giro-ditalia.jpg","datePublished":"2022-05-27T07:53:59+00:00","dateModified":"2022-05-27T12:31:39+00:00","description":"La diciannovesima frazione del Giro d'Italia sar\u00e0 ricca di insidie: il percorso e l'altimetria odierna della corsa in rosa","breadcrumb":{"@id":"https:\/\/progettotouring.it\/radiotouring104\/2022\/05\/27\/la-19a-tappa-molto-insidiosa-per-i-corridori-il-percorso-e-laltimetria-odierna-della-frazione-del-giro-ditalia\/#breadcrumb"},"inLanguage":"it-IT","potentialAction":[{"@type":"ReadAction","target":["https:\/\/progettotouring.it\/radiotouring104\/2022\/05\/27\/la-19a-tappa-molto-insidiosa-per-i-corridori-il-percorso-e-laltimetria-odierna-della-frazione-del-giro-ditalia\/"]}]},{"@type":"ImageObject","inLanguage":"it-IT","@id":"https:\/\/progettotouring.it\/radiotouring104\/2022\/05\/27\/la-19a-tappa-molto-insidiosa-per-i-corridori-il-percorso-e-laltimetria-odierna-della-frazione-del-giro-ditalia\/#primaryimage","url":"https:\/\/progettotouring.it\/radiotouring104\/wp-content\/uploads\/sites\/6\/2022\/05\/tappa-19-giro-ditalia.jpg","contentUrl":"https:\/\/progettotouring.it\/radiotouring104\/wp-content\/uploads\/sites\/6\/2022\/05\/tappa-19-giro-ditalia.jpg","width":1280,"height":852},{"@type":"BreadcrumbList","@id":"https:\/\/progettotouring.it\/radiotouring104\/2022\/05\/27\/la-19a-tappa-molto-insidiosa-per-i-corridori-il-percorso-e-laltimetria-odierna-della-frazione-del-giro-ditalia\/#breadcrumb","itemListElement":[{"@type":"ListItem","position":1,"name":"Home","item":"https:\/\/progettotouring.it\/radiotouring104\/"},{"@type":"ListItem","position":2,"name":"La 19\u00aa tappa molto insidiosa per i corridori: il percorso e l&#8217;altimetria odierna della frazione del Giro d&#8217;Italia"}]},{"@type":"WebSite","@id":"https:\/\/progettotouring.it\/radiotouring104\/#website","url":"https:\/\/progettotouring.it\/radiotouring104\/","name":"Radio Touring 104","description":"La prima radio Reggina","publisher":{"@id":"https:\/\/progettotouring.it\/radiotouring104\/#organization"},"potentialAction":[{"@type":"SearchAction","target":{"@type":"EntryPoint","urlTemplate":"https:\/\/progettotouring.it\/radiotouring104\/?s={search_term_string}"},"query-input":{"@type":"PropertyValueSpecification","valueRequired":true,"valueName":"search_term_string"}}],"inLanguage":"it-IT"},{"@type":"Organization","@id":"https:\/\/progettotouring.it\/radiotouring104\/#organization","name":"Radio Touring 104","url":"https:\/\/progettotouring.it\/radiotouring104\/","logo":{"@type":"ImageObject","inLanguage":"it-IT","@id":"https:\/\/progettotouring.it\/radiotouring104\/#\/schema\/logo\/image\/","url":"https:\/\/progettotouring.it\/radiotouring104\/wp-content\/uploads\/sites\/6\/2022\/02\/cropped-logo-radio-touring-104.png","contentUrl":"https:\/\/progettotouring.it\/radiotouring104\/wp-content\/uploads\/sites\/6\/2022\/02\/cropped-logo-radio-touring-104.png","width":377,"height":182,"caption":"Radio Touring 104"},"image":{"@id":"https:\/\/progettotouring.it\/radiotouring104\/#\/schema\/logo\/image\/"}},{"@type":"Person","@id":"https:\/\/progettotouring.it\/radiotouring104\/#\/schema\/person\/4a82259ca52ac8702ad1a8f9e5a3120b","name":"Filippo Francesco Idone","image":{"@type":"ImageObject","inLanguage":"it-IT","@id":"https:\/\/secure.gravatar.com\/avatar\/7268715d2366395c3dd314385670e6484117d44f5c442e61e230f7008b7b62d3?s=96&d=mm&r=g","url":"https:\/\/secure.gravatar.com\/avatar\/7268715d2366395c3dd314385670e6484117d44f5c442e61e230f7008b7b62d3?s=96&d=mm&r=g","contentUrl":"https:\/\/secure.gravatar.com\/avatar\/7268715d2366395c3dd314385670e6484117d44f5c442e61e230f7008b7b62d3?s=96&d=mm&r=g","caption":"Filippo Francesco Idone"},"url":"https:\/\/progettotouring.it\/radiotouring104\/author\/filippoidone\/"}]}},"jetpack_publicize_connections":[],"jetpack_featured_media_url":"https:\/\/progettotouring.it\/radiotouring104\/wp-content\/uploads\/sites\/6\/2022\/05\/tappa-19-giro-ditalia.jpg","jetpack_sharing_enabled":true,"_links":{"self":[{"href":"https:\/\/progettotouring.it\/radiotouring104\/wp-json\/wp\/v2\/posts\/5886","targetHints":{"allow":["GET"]}}],"collection":[{"href":"https:\/\/progettotouring.it\/radiotouring104\/wp-json\/wp\/v2\/posts"}],"about":[{"href":"https:\/\/progettotouring.it\/radiotouring104\/wp-json\/wp\/v2\/types\/post"}],"author":[{"embeddable":true,"href":"https:\/\/progettotouring.it\/radiotouring104\/wp-json\/wp\/v2\/users\/8"}],"replies":[{"embeddable":true,"href":"https:\/\/progettotouring.it\/radiotouring104\/wp-json\/wp\/v2\/comments?post=5886"}],"version-history":[{"count":3,"href":"https:\/\/progettotouring.it\/radiotouring104\/wp-json\/wp\/v2\/posts\/5886\/revisions"}],"predecessor-version":[{"id":5903,"href":"https:\/\/progettotouring.it\/radiotouring104\/wp-json\/wp\/v2\/posts\/5886\/revisions\/5903"}],"wp:featuredmedia":[{"embeddable":true,"href":"https:\/\/progettotouring.it\/radiotouring104\/wp-json\/wp\/v2\/media\/5888"}],"wp:attachment":[{"href":"https:\/\/progettotouring.it\/radiotouring104\/wp-json\/wp\/v2\/media?parent=5886"}],"wp:term":[{"taxonomy":"category","embeddable":true,"href":"https:\/\/progettotouring.it\/radiotouring104\/wp-json\/wp\/v2\/categories?post=5886"},{"taxonomy":"post_tag","embeddable":true,"href":"https:\/\/progettotouring.it\/radiotouring104\/wp-json\/wp\/v2\/tags?post=5886"}],"curies":[{"name":"wp","href":"https:\/\/api.w.org\/{rel}","templated":true}]}}