{"id":58988,"date":"2024-10-02T11:55:45","date_gmt":"2024-10-02T09:55:45","guid":{"rendered":"https:\/\/progettotouring.it\/radiotouring104\/?p=58988"},"modified":"2024-10-02T11:55:45","modified_gmt":"2024-10-02T09:55:45","slug":"spi-cigl-calabria-su-giornata-internazionale-degli-anziani","status":"publish","type":"post","link":"https:\/\/progettotouring.it\/radiotouring104\/2024\/10\/02\/spi-cigl-calabria-su-giornata-internazionale-degli-anziani\/","title":{"rendered":"Spi Cigl Calabria su Giornata internazionale degli anziani"},"content":{"rendered":"<p class=\"xmprfx_MsoNormal\" style=\"text-align: justify\"><strong>In occasione della giornata internazionale delle persone anziane il Sindacato pensionati della Cgil Calabria<\/strong> (Spi Cgil Calabria) denuncia come, malgrado nella nostra regione la percentuale di over 65 sia estremamente alta, manchino gli strumenti e i servizi per consentire loro una buona qualit\u00e0 della vita.<\/p>\n<p class=\"xmprfx_MsoNormal\" style=\"text-align: justify\"><em>\u201cSiamo una regione di anziani <\/em>&#8211; <strong>C<\/strong> In Calabria gli anziani over 65 sono oltre 439mila, pari a circa il 24% della popolazione, e sono destinati a crescere sempre di pi\u00f9 raggiungendo circa le 600mila unit\u00e0 nel 2050, il 36% della popolazione, secondo le proiezioni demografiche. La mancanza di occupazione e il rallentamento delle nascite sono inesorabili sul tessuto demografico calabrese. Eppure\u00a0<b>la politica, centrale e regionale, \u00e8 miope e da tempo non accompagna all\u2019invecchiamento della popolazione misure mirate a garantirne un\u2019adeguata qualit\u00e0 della vita\u201d.<\/b><\/p>\n<p class=\"xmprfx_MsoNormal\" style=\"text-align: justify\"><em>\u201cBasti pensare \u2013<\/em><strong> fa notare Gull\u00ec &#8211;<\/strong> <em>alla<b>\u00a0legge sulla non autosufficienza, rimasta una scatola vuota.<\/b>\u00a0La Legge delega 33 del 2023, nonostante le premesse e le promesse positive, \u00e8 stata schiacciata da una drammatica assenza di risorse. Ma non solo. La norma \u00e8 estremamente discriminante, nonch\u00e9 divisiva, perch\u00e9 esclude le persone tra i 65 e i 70 anni dall\u2019assistenza. Vergognose poi le misure per la nuova\u00a0domiciliarit\u00e0, cardine di una riforma che doveva assicurare alle persone di poter vivere ed essere assistite a casa propria, o la\u00a0mancata riforma delle\u00a0<a href=\"https:\/\/www.collettiva.it\/tag\/rsa\" target=\"_blank\" rel=\"noopener noreferrer\">Rsa<\/a>, nonostante il sistema della residenzialit\u00e0 abbia mostrato tutti i suoi limiti pi\u00f9 drammatici durante la pandemia\u201d.<\/em><\/p>\n<p class=\"xmprfx_MsoNormal\" style=\"text-align: justify\">A livello regionale il sindacato solleva perplessit\u00e0 sulla\u00a0<b>legge sull\u2019Invecchiamento Attivo<\/b>. <em>\u201cA non convincerci \u00e8 l\u2019incertezza dei fondi. Ecco perch\u00e9 abbiamo chiesto alla Regione di mettere a disposizione risorse proprie e fondi strutturali europei\u201d.<\/em><\/p>\n<p class=\"xmprfx_MsoNormal\" style=\"text-align: justify\">Pesa sugli anziani anche la catastrofica situazione sanitaria. <em>\u201cSecondo gli ultimi dati resi disponibili dalla Fondazione Gimbe la\u00a0<b>Calabria \u00e8 l\u2019ultima regione per i Livelli essenziali di assistenza (Lea)<\/b>\u00a0creando una forte discriminante: chi nasce in Calabria ha aspettative di vita inferiori rispetto a chi nasce nelle regioni settentrionali.\u00a0<b>Con l\u2019Autonomia Differenziata \u2013 denuncia il Segretario &#8211; \u00a0scenari gi\u00e0 drammatici come questi si esaspererebbero fino a portare ad una vera e propria bomba sociale, un impoverimento dei servizi e un\u2019ulteriore desertificazione dei nostri territori\u201d.<\/b><\/em><\/p>\n<p class=\"xmprfx_MsoNormal\" style=\"text-align: justify\"><em>\u201cTutto questo \u00a0<strong>&#8211;<\/strong><\/em><strong> conclude &#8211;<\/strong> <em>mentre i \u201cnonni\u201d sono per le famiglie una vera e propria forma di welfare familiare, contribuendo all\u2019accudimento dei nipoti e al loro sostentamento per arginare l\u2019indebolimento del potere d\u2019acquisto e la penuria degli asili nido.\u00a0 Pensare gli anziani significa pensare al futuro e costruire un futuro migliore per loro stessi e per tutte le generazioni\u201d.<\/em><\/p>\n","protected":false},"excerpt":{"rendered":"<p>In occasione della giornata internazionale delle persone anziane il Sindacato pensionati della Cgil Calabria (Spi Cgil Calabria) denuncia come, malgrado nella nostra regione la percentuale di over 65 sia estremamente&hellip;<\/p>\n","protected":false},"author":12,"featured_media":58989,"comment_status":"closed","ping_status":"open","sticky":false,"template":"","format":"standard","meta":{"_jetpack_memberships_contains_paid_content":false,"footnotes":"","jetpack_publicize_message":"","jetpack_publicize_feature_enabled":true,"jetpack_social_post_already_shared":false,"jetpack_social_options":{"image_generator_settings":{"template":"highway","default_image_id":0,"font":"","enabled":false},"version":2}},"categories":[921,196,140],"tags":[5699,35955,35956,27292],"class_list":["post-58988","post","type-post","status-publish","format-standard","has-post-thumbnail","hentry","category-home","category-news","category-reggio-calabria","tag-anziani","tag-giornata-internazionale-degli-anziani","tag-politica-regionale-miope","tag-spi-cigl-calabria"],"yoast_head":"<!-- This site is optimized with the Yoast SEO plugin v27.2 - https:\/\/yoast.com\/product\/yoast-seo-wordpress\/ -->\n<title>Spi Cigl Calabria su Giornata internazionale degli anziani - Radio Touring 104<\/title>\n<meta name=\"description\" content=\"\u201cAnziani, politica centrale e regionale miope. Mancano strumenti e servizi\u201d,ne il Sindacato pensionati della Cgil Calabria\" \/>\n<meta name=\"robots\" content=\"index, follow, max-snippet:-1, max-image-preview:large, max-video-preview:-1\" \/>\n<link rel=\"canonical\" href=\"https:\/\/progettotouring.it\/radiotouring104\/2024\/10\/02\/spi-cigl-calabria-su-giornata-internazionale-degli-anziani\/\" \/>\n<meta property=\"og:locale\" content=\"it_IT\" \/>\n<meta property=\"og:type\" content=\"article\" \/>\n<meta property=\"og:title\" content=\"Spi Cigl Calabria su Giornata internazionale degli anziani - Radio Touring 104\" \/>\n<meta property=\"og:description\" content=\"\u201cAnziani, politica centrale e regionale miope. Mancano strumenti e servizi\u201d,ne il Sindacato pensionati della Cgil Calabria\" \/>\n<meta property=\"og:url\" content=\"https:\/\/progettotouring.it\/radiotouring104\/2024\/10\/02\/spi-cigl-calabria-su-giornata-internazionale-degli-anziani\/\" \/>\n<meta property=\"og:site_name\" content=\"Radio Touring 104\" \/>\n<meta property=\"article:published_time\" content=\"2024-10-02T09:55:45+00:00\" \/>\n<meta property=\"og:image\" content=\"https:\/\/progettotouring.it\/radiotouring104\/wp-content\/uploads\/sites\/6\/2024\/10\/gulli-Spi-Cigl-Giornata-Anziani-scaled.jpg\" \/>\n\t<meta property=\"og:image:width\" content=\"2070\" \/>\n\t<meta property=\"og:image:height\" content=\"2560\" \/>\n\t<meta property=\"og:image:type\" content=\"image\/jpeg\" \/>\n<meta name=\"author\" content=\"Sebastiano Plutino\" \/>\n<meta name=\"twitter:card\" content=\"summary_large_image\" \/>\n<meta name=\"twitter:label1\" content=\"Scritto da\" \/>\n\t<meta name=\"twitter:data1\" content=\"Sebastiano Plutino\" \/>\n\t<meta name=\"twitter:label2\" content=\"Tempo di lettura stimato\" \/>\n\t<meta name=\"twitter:data2\" content=\"2 minuti\" \/>\n<script type=\"application\/ld+json\" class=\"yoast-schema-graph\">{\"@context\":\"https:\/\/schema.org\",\"@graph\":[{\"@type\":\"Article\",\"@id\":\"https:\/\/progettotouring.it\/radiotouring104\/2024\/10\/02\/spi-cigl-calabria-su-giornata-internazionale-degli-anziani\/#article\",\"isPartOf\":{\"@id\":\"https:\/\/progettotouring.it\/radiotouring104\/2024\/10\/02\/spi-cigl-calabria-su-giornata-internazionale-degli-anziani\/\"},\"author\":{\"name\":\"Sebastiano Plutino\",\"@id\":\"https:\/\/progettotouring.it\/radiotouring104\/#\/schema\/person\/78613917f1851f041f7483f5af1d422e\"},\"headline\":\"Spi Cigl Calabria su Giornata internazionale degli anziani\",\"datePublished\":\"2024-10-02T09:55:45+00:00\",\"mainEntityOfPage\":{\"@id\":\"https:\/\/progettotouring.it\/radiotouring104\/2024\/10\/02\/spi-cigl-calabria-su-giornata-internazionale-degli-anziani\/\"},\"wordCount\":419,\"publisher\":{\"@id\":\"https:\/\/progettotouring.it\/radiotouring104\/#organization\"},\"image\":{\"@id\":\"https:\/\/progettotouring.it\/radiotouring104\/2024\/10\/02\/spi-cigl-calabria-su-giornata-internazionale-degli-anziani\/#primaryimage\"},\"thumbnailUrl\":\"https:\/\/progettotouring.it\/radiotouring104\/wp-content\/uploads\/sites\/6\/2024\/10\/gulli-Spi-Cigl-Giornata-Anziani-scaled.jpg\",\"keywords\":[\"anziani\",\"Giornata internazionale degli anziani\",\"politica regionale miope.\",\"Spi Cigl Calabria\"],\"articleSection\":[\"Home\",\"News\",\"Reggio Calabria\"],\"inLanguage\":\"it-IT\"},{\"@type\":\"WebPage\",\"@id\":\"https:\/\/progettotouring.it\/radiotouring104\/2024\/10\/02\/spi-cigl-calabria-su-giornata-internazionale-degli-anziani\/\",\"url\":\"https:\/\/progettotouring.it\/radiotouring104\/2024\/10\/02\/spi-cigl-calabria-su-giornata-internazionale-degli-anziani\/\",\"name\":\"Spi Cigl Calabria su Giornata internazionale degli anziani - Radio Touring 104\",\"isPartOf\":{\"@id\":\"https:\/\/progettotouring.it\/radiotouring104\/#website\"},\"primaryImageOfPage\":{\"@id\":\"https:\/\/progettotouring.it\/radiotouring104\/2024\/10\/02\/spi-cigl-calabria-su-giornata-internazionale-degli-anziani\/#primaryimage\"},\"image\":{\"@id\":\"https:\/\/progettotouring.it\/radiotouring104\/2024\/10\/02\/spi-cigl-calabria-su-giornata-internazionale-degli-anziani\/#primaryimage\"},\"thumbnailUrl\":\"https:\/\/progettotouring.it\/radiotouring104\/wp-content\/uploads\/sites\/6\/2024\/10\/gulli-Spi-Cigl-Giornata-Anziani-scaled.jpg\",\"datePublished\":\"2024-10-02T09:55:45+00:00\",\"description\":\"\u201cAnziani, politica centrale e regionale miope. Mancano strumenti e servizi\u201d,ne il Sindacato pensionati della Cgil Calabria\",\"breadcrumb\":{\"@id\":\"https:\/\/progettotouring.it\/radiotouring104\/2024\/10\/02\/spi-cigl-calabria-su-giornata-internazionale-degli-anziani\/#breadcrumb\"},\"inLanguage\":\"it-IT\",\"potentialAction\":[{\"@type\":\"ReadAction\",\"target\":[\"https:\/\/progettotouring.it\/radiotouring104\/2024\/10\/02\/spi-cigl-calabria-su-giornata-internazionale-degli-anziani\/\"]}]},{\"@type\":\"ImageObject\",\"inLanguage\":\"it-IT\",\"@id\":\"https:\/\/progettotouring.it\/radiotouring104\/2024\/10\/02\/spi-cigl-calabria-su-giornata-internazionale-degli-anziani\/#primaryimage\",\"url\":\"https:\/\/progettotouring.it\/radiotouring104\/wp-content\/uploads\/sites\/6\/2024\/10\/gulli-Spi-Cigl-Giornata-Anziani-scaled.jpg\",\"contentUrl\":\"https:\/\/progettotouring.it\/radiotouring104\/wp-content\/uploads\/sites\/6\/2024\/10\/gulli-Spi-Cigl-Giornata-Anziani-scaled.jpg\",\"width\":2070,\"height\":2560},{\"@type\":\"BreadcrumbList\",\"@id\":\"https:\/\/progettotouring.it\/radiotouring104\/2024\/10\/02\/spi-cigl-calabria-su-giornata-internazionale-degli-anziani\/#breadcrumb\",\"itemListElement\":[{\"@type\":\"ListItem\",\"position\":1,\"name\":\"Home\",\"item\":\"https:\/\/progettotouring.it\/radiotouring104\/\"},{\"@type\":\"ListItem\",\"position\":2,\"name\":\"Spi Cigl Calabria su Giornata internazionale degli anziani\"}]},{\"@type\":\"WebSite\",\"@id\":\"https:\/\/progettotouring.it\/radiotouring104\/#website\",\"url\":\"https:\/\/progettotouring.it\/radiotouring104\/\",\"name\":\"Radio Touring 104\",\"description\":\"La prima radio Reggina\",\"publisher\":{\"@id\":\"https:\/\/progettotouring.it\/radiotouring104\/#organization\"},\"potentialAction\":[{\"@type\":\"SearchAction\",\"target\":{\"@type\":\"EntryPoint\",\"urlTemplate\":\"https:\/\/progettotouring.it\/radiotouring104\/?s={search_term_string}\"},\"query-input\":{\"@type\":\"PropertyValueSpecification\",\"valueRequired\":true,\"valueName\":\"search_term_string\"}}],\"inLanguage\":\"it-IT\"},{\"@type\":\"Organization\",\"@id\":\"https:\/\/progettotouring.it\/radiotouring104\/#organization\",\"name\":\"Radio Touring 104\",\"url\":\"https:\/\/progettotouring.it\/radiotouring104\/\",\"logo\":{\"@type\":\"ImageObject\",\"inLanguage\":\"it-IT\",\"@id\":\"https:\/\/progettotouring.it\/radiotouring104\/#\/schema\/logo\/image\/\",\"url\":\"https:\/\/progettotouring.it\/radiotouring104\/wp-content\/uploads\/sites\/6\/2022\/02\/cropped-logo-radio-touring-104.png\",\"contentUrl\":\"https:\/\/progettotouring.it\/radiotouring104\/wp-content\/uploads\/sites\/6\/2022\/02\/cropped-logo-radio-touring-104.png\",\"width\":377,\"height\":182,\"caption\":\"Radio Touring 104\"},\"image\":{\"@id\":\"https:\/\/progettotouring.it\/radiotouring104\/#\/schema\/logo\/image\/\"}},{\"@type\":\"Person\",\"@id\":\"https:\/\/progettotouring.it\/radiotouring104\/#\/schema\/person\/78613917f1851f041f7483f5af1d422e\",\"name\":\"Sebastiano Plutino\",\"image\":{\"@type\":\"ImageObject\",\"inLanguage\":\"it-IT\",\"@id\":\"https:\/\/secure.gravatar.com\/avatar\/0546ffaa9b79224faf9f2a156b67a529ae861d3287c66c1d8ccfdf909bcba78d?s=96&d=mm&r=g\",\"url\":\"https:\/\/secure.gravatar.com\/avatar\/0546ffaa9b79224faf9f2a156b67a529ae861d3287c66c1d8ccfdf909bcba78d?s=96&d=mm&r=g\",\"contentUrl\":\"https:\/\/secure.gravatar.com\/avatar\/0546ffaa9b79224faf9f2a156b67a529ae861d3287c66c1d8ccfdf909bcba78d?s=96&d=mm&r=g\",\"caption\":\"Sebastiano Plutino\"},\"url\":\"https:\/\/progettotouring.it\/radiotouring104\/author\/sebastiano\/\"}]}<\/script>\n<!-- \/ Yoast SEO plugin. -->","yoast_head_json":{"title":"Spi Cigl Calabria su Giornata internazionale degli anziani - Radio Touring 104","description":"\u201cAnziani, politica centrale e regionale miope. Mancano strumenti e servizi\u201d,ne il Sindacato pensionati della Cgil Calabria","robots":{"index":"index","follow":"follow","max-snippet":"max-snippet:-1","max-image-preview":"max-image-preview:large","max-video-preview":"max-video-preview:-1"},"canonical":"https:\/\/progettotouring.it\/radiotouring104\/2024\/10\/02\/spi-cigl-calabria-su-giornata-internazionale-degli-anziani\/","og_locale":"it_IT","og_type":"article","og_title":"Spi Cigl Calabria su Giornata internazionale degli anziani - Radio Touring 104","og_description":"\u201cAnziani, politica centrale e regionale miope. Mancano strumenti e servizi\u201d,ne il Sindacato pensionati della Cgil Calabria","og_url":"https:\/\/progettotouring.it\/radiotouring104\/2024\/10\/02\/spi-cigl-calabria-su-giornata-internazionale-degli-anziani\/","og_site_name":"Radio Touring 104","article_published_time":"2024-10-02T09:55:45+00:00","og_image":[{"width":2070,"height":2560,"url":"https:\/\/progettotouring.it\/radiotouring104\/wp-content\/uploads\/sites\/6\/2024\/10\/gulli-Spi-Cigl-Giornata-Anziani-scaled.jpg","type":"image\/jpeg"}],"author":"Sebastiano Plutino","twitter_card":"summary_large_image","twitter_misc":{"Scritto da":"Sebastiano Plutino","Tempo di lettura stimato":"2 minuti"},"schema":{"@context":"https:\/\/schema.org","@graph":[{"@type":"Article","@id":"https:\/\/progettotouring.it\/radiotouring104\/2024\/10\/02\/spi-cigl-calabria-su-giornata-internazionale-degli-anziani\/#article","isPartOf":{"@id":"https:\/\/progettotouring.it\/radiotouring104\/2024\/10\/02\/spi-cigl-calabria-su-giornata-internazionale-degli-anziani\/"},"author":{"name":"Sebastiano Plutino","@id":"https:\/\/progettotouring.it\/radiotouring104\/#\/schema\/person\/78613917f1851f041f7483f5af1d422e"},"headline":"Spi Cigl Calabria su Giornata internazionale degli anziani","datePublished":"2024-10-02T09:55:45+00:00","mainEntityOfPage":{"@id":"https:\/\/progettotouring.it\/radiotouring104\/2024\/10\/02\/spi-cigl-calabria-su-giornata-internazionale-degli-anziani\/"},"wordCount":419,"publisher":{"@id":"https:\/\/progettotouring.it\/radiotouring104\/#organization"},"image":{"@id":"https:\/\/progettotouring.it\/radiotouring104\/2024\/10\/02\/spi-cigl-calabria-su-giornata-internazionale-degli-anziani\/#primaryimage"},"thumbnailUrl":"https:\/\/progettotouring.it\/radiotouring104\/wp-content\/uploads\/sites\/6\/2024\/10\/gulli-Spi-Cigl-Giornata-Anziani-scaled.jpg","keywords":["anziani","Giornata internazionale degli anziani","politica regionale miope.","Spi Cigl Calabria"],"articleSection":["Home","News","Reggio Calabria"],"inLanguage":"it-IT"},{"@type":"WebPage","@id":"https:\/\/progettotouring.it\/radiotouring104\/2024\/10\/02\/spi-cigl-calabria-su-giornata-internazionale-degli-anziani\/","url":"https:\/\/progettotouring.it\/radiotouring104\/2024\/10\/02\/spi-cigl-calabria-su-giornata-internazionale-degli-anziani\/","name":"Spi Cigl Calabria su Giornata internazionale degli anziani - Radio Touring 104","isPartOf":{"@id":"https:\/\/progettotouring.it\/radiotouring104\/#website"},"primaryImageOfPage":{"@id":"https:\/\/progettotouring.it\/radiotouring104\/2024\/10\/02\/spi-cigl-calabria-su-giornata-internazionale-degli-anziani\/#primaryimage"},"image":{"@id":"https:\/\/progettotouring.it\/radiotouring104\/2024\/10\/02\/spi-cigl-calabria-su-giornata-internazionale-degli-anziani\/#primaryimage"},"thumbnailUrl":"https:\/\/progettotouring.it\/radiotouring104\/wp-content\/uploads\/sites\/6\/2024\/10\/gulli-Spi-Cigl-Giornata-Anziani-scaled.jpg","datePublished":"2024-10-02T09:55:45+00:00","description":"\u201cAnziani, politica centrale e regionale miope. Mancano strumenti e servizi\u201d,ne il Sindacato pensionati della Cgil Calabria","breadcrumb":{"@id":"https:\/\/progettotouring.it\/radiotouring104\/2024\/10\/02\/spi-cigl-calabria-su-giornata-internazionale-degli-anziani\/#breadcrumb"},"inLanguage":"it-IT","potentialAction":[{"@type":"ReadAction","target":["https:\/\/progettotouring.it\/radiotouring104\/2024\/10\/02\/spi-cigl-calabria-su-giornata-internazionale-degli-anziani\/"]}]},{"@type":"ImageObject","inLanguage":"it-IT","@id":"https:\/\/progettotouring.it\/radiotouring104\/2024\/10\/02\/spi-cigl-calabria-su-giornata-internazionale-degli-anziani\/#primaryimage","url":"https:\/\/progettotouring.it\/radiotouring104\/wp-content\/uploads\/sites\/6\/2024\/10\/gulli-Spi-Cigl-Giornata-Anziani-scaled.jpg","contentUrl":"https:\/\/progettotouring.it\/radiotouring104\/wp-content\/uploads\/sites\/6\/2024\/10\/gulli-Spi-Cigl-Giornata-Anziani-scaled.jpg","width":2070,"height":2560},{"@type":"BreadcrumbList","@id":"https:\/\/progettotouring.it\/radiotouring104\/2024\/10\/02\/spi-cigl-calabria-su-giornata-internazionale-degli-anziani\/#breadcrumb","itemListElement":[{"@type":"ListItem","position":1,"name":"Home","item":"https:\/\/progettotouring.it\/radiotouring104\/"},{"@type":"ListItem","position":2,"name":"Spi Cigl Calabria su Giornata internazionale degli anziani"}]},{"@type":"WebSite","@id":"https:\/\/progettotouring.it\/radiotouring104\/#website","url":"https:\/\/progettotouring.it\/radiotouring104\/","name":"Radio Touring 104","description":"La prima radio Reggina","publisher":{"@id":"https:\/\/progettotouring.it\/radiotouring104\/#organization"},"potentialAction":[{"@type":"SearchAction","target":{"@type":"EntryPoint","urlTemplate":"https:\/\/progettotouring.it\/radiotouring104\/?s={search_term_string}"},"query-input":{"@type":"PropertyValueSpecification","valueRequired":true,"valueName":"search_term_string"}}],"inLanguage":"it-IT"},{"@type":"Organization","@id":"https:\/\/progettotouring.it\/radiotouring104\/#organization","name":"Radio Touring 104","url":"https:\/\/progettotouring.it\/radiotouring104\/","logo":{"@type":"ImageObject","inLanguage":"it-IT","@id":"https:\/\/progettotouring.it\/radiotouring104\/#\/schema\/logo\/image\/","url":"https:\/\/progettotouring.it\/radiotouring104\/wp-content\/uploads\/sites\/6\/2022\/02\/cropped-logo-radio-touring-104.png","contentUrl":"https:\/\/progettotouring.it\/radiotouring104\/wp-content\/uploads\/sites\/6\/2022\/02\/cropped-logo-radio-touring-104.png","width":377,"height":182,"caption":"Radio Touring 104"},"image":{"@id":"https:\/\/progettotouring.it\/radiotouring104\/#\/schema\/logo\/image\/"}},{"@type":"Person","@id":"https:\/\/progettotouring.it\/radiotouring104\/#\/schema\/person\/78613917f1851f041f7483f5af1d422e","name":"Sebastiano Plutino","image":{"@type":"ImageObject","inLanguage":"it-IT","@id":"https:\/\/secure.gravatar.com\/avatar\/0546ffaa9b79224faf9f2a156b67a529ae861d3287c66c1d8ccfdf909bcba78d?s=96&d=mm&r=g","url":"https:\/\/secure.gravatar.com\/avatar\/0546ffaa9b79224faf9f2a156b67a529ae861d3287c66c1d8ccfdf909bcba78d?s=96&d=mm&r=g","contentUrl":"https:\/\/secure.gravatar.com\/avatar\/0546ffaa9b79224faf9f2a156b67a529ae861d3287c66c1d8ccfdf909bcba78d?s=96&d=mm&r=g","caption":"Sebastiano Plutino"},"url":"https:\/\/progettotouring.it\/radiotouring104\/author\/sebastiano\/"}]}},"jetpack_publicize_connections":[],"jetpack_featured_media_url":"https:\/\/progettotouring.it\/radiotouring104\/wp-content\/uploads\/sites\/6\/2024\/10\/gulli-Spi-Cigl-Giornata-Anziani-scaled.jpg","jetpack_sharing_enabled":true,"_links":{"self":[{"href":"https:\/\/progettotouring.it\/radiotouring104\/wp-json\/wp\/v2\/posts\/58988","targetHints":{"allow":["GET"]}}],"collection":[{"href":"https:\/\/progettotouring.it\/radiotouring104\/wp-json\/wp\/v2\/posts"}],"about":[{"href":"https:\/\/progettotouring.it\/radiotouring104\/wp-json\/wp\/v2\/types\/post"}],"author":[{"embeddable":true,"href":"https:\/\/progettotouring.it\/radiotouring104\/wp-json\/wp\/v2\/users\/12"}],"replies":[{"embeddable":true,"href":"https:\/\/progettotouring.it\/radiotouring104\/wp-json\/wp\/v2\/comments?post=58988"}],"version-history":[{"count":1,"href":"https:\/\/progettotouring.it\/radiotouring104\/wp-json\/wp\/v2\/posts\/58988\/revisions"}],"predecessor-version":[{"id":58990,"href":"https:\/\/progettotouring.it\/radiotouring104\/wp-json\/wp\/v2\/posts\/58988\/revisions\/58990"}],"wp:featuredmedia":[{"embeddable":true,"href":"https:\/\/progettotouring.it\/radiotouring104\/wp-json\/wp\/v2\/media\/58989"}],"wp:attachment":[{"href":"https:\/\/progettotouring.it\/radiotouring104\/wp-json\/wp\/v2\/media?parent=58988"}],"wp:term":[{"taxonomy":"category","embeddable":true,"href":"https:\/\/progettotouring.it\/radiotouring104\/wp-json\/wp\/v2\/categories?post=58988"},{"taxonomy":"post_tag","embeddable":true,"href":"https:\/\/progettotouring.it\/radiotouring104\/wp-json\/wp\/v2\/tags?post=58988"}],"curies":[{"name":"wp","href":"https:\/\/api.w.org\/{rel}","templated":true}]}}