{"id":59381,"date":"2024-10-08T12:25:15","date_gmt":"2024-10-08T10:25:15","guid":{"rendered":"https:\/\/progettotouring.it\/radiotouring104\/?p=59381"},"modified":"2024-10-08T12:25:15","modified_gmt":"2024-10-08T10:25:15","slug":"borse-studio-e-alloggi-intesa-tra-unical-e-guardia-di-finanza","status":"publish","type":"post","link":"https:\/\/progettotouring.it\/radiotouring104\/2024\/10\/08\/borse-studio-e-alloggi-intesa-tra-unical-e-guardia-di-finanza\/","title":{"rendered":"Borse studio e alloggi: intesa tra Unical e Guardia di Finanza"},"content":{"rendered":"<p style=\"text-align: justify\"><strong>L&#8217;Universit\u00e0 della Calabria e Guardia di Finanza insieme contro le frodi sulle borse di studio.<\/strong><\/p>\n<p style=\"text-align: justify\"><strong>Il rettore<\/strong> dell&#8217;Unical, <strong>Nicola Leone, e il Comandante provinciale<\/strong> della Guardia di Finanza<strong> di Cosenza, colonnello Giuseppe Dell&#8217;Anna<\/strong>, <strong>hanno sottoscritto un protocollo d&#8217;intesa per il potenziamento del sistema di prevenzione<\/strong> e contrasto in materia di <strong>assegnazione delle borse di studio e degli alloggi per studenti.<\/strong><\/p>\n<p style=\"text-align: justify\"><strong>L&#8217;accordo<\/strong> \u00e8 stato siglato nell&#8217;ambito del<strong> protocollo nazionale tra<\/strong> il ministero dell&#8217;Universit\u00e0 e della ricerca<strong> (Mur) e la Guardia di Finanza,<\/strong> che permette agli enti aderenti all&#8217;Andisu &#8211; l&#8217;organismo nazionale che riunisce le <strong>istituzioni per il diritto allo studio in Italia &#8211; di sottoscrivere convenzioni territoriali.<\/strong><\/p>\n<p style=\"text-align: justify\">L&#8217;Unical \u00e8 fra i primi atenei d&#8217;Italia ad aver dato seguito al protocollo nazionale sottoscrivendo l&#8217;intesa con le Fiamme Gialle.<\/p>\n<p style=\"text-align: justify\"><em>&#8220;L&#8217;accordo promette di intensificare &#8211;<\/em><strong> \u00e8 detto in una nota<\/strong> &#8211;<em> i controlli sulle certificazioni presentate dai beneficiari, assicurando che gli aiuti siano destinati a chi ne ha effettivamente diritto. In un contesto in cui alloggi e risorse economiche sono limitati, questa iniziativa si propone di evitare che eventuali &#8216;furbetti&#8217; delle borse di studio possano sottrarre opportunit\u00e0 a chi ne ha realmente bisogno. Questa attivit\u00e0 di controllo, che in passato l&#8217;ateneo ha condotto autonomamente, ora potr\u00e0 trovare nuovo impulso grazie a un modello di lavoro che consentir\u00e0 alla Guardia di Finanza di ricevere le informazioni necessarie per verificare la piena legalit\u00e0 nell&#8217;erogazione dei sussidi&#8221;.<\/em><\/p>\n<p style=\"text-align: justify\">&#8220;Si tratta di una virtuosa collaborazione tra le istituzioni <strong>&#8211; afferma il rettore Nicola Leone<\/strong> &#8211; volta a tutelare e promuovere la cultura della legalit\u00e0 evitando che il diritto degli studenti pi\u00f9 bisognosi sia usurpato dalle frodi dei &#8216;furbetti'&#8221;.<\/p>\n<p style=\"text-align: justify\"><em>&#8220;Il Corpo della Guardia di Finanza, che mi onoro di rappresentare nella provincia di Cosenza, e di cui quest&#8217;anno ricorre il 250\/mo Anniversario di fondazione &#8211;<\/em> <strong>ha sostenuto il colonnello Dell&#8217;Anna <\/strong><em><strong>&#8211;<\/strong> \u00e8 da sempre impegnato al fianco di tutte le Istituzioni nella prevenzione e nel contrasto delle condotte lesive degli interessi economico-finanziari dello Stato e, la firma del protocollo odierno, testimonia, ancora una volta, l&#8217;incondizionato impegno ed attenzione che il Corpo profonde e infonde nelle iniziative tese a tutelare gli interessi del Paese&#8221;.<\/em><\/p>\n<p style=\"text-align: justify\"><strong>Per Gianpaolo Iazzolino,<\/strong> delegato Unical al diritto allo studio e componente del Comitato esecutivo di Andisu:<em> &#8220;Questo accordo non solo rafforzer\u00e0 l&#8217;equit\u00e0 di trattamento degli studenti nell&#8217;assegnazione delle borse di studio, ma ci permetter\u00e0 anche di ampliare la nostra azione di sensibilizzazione alla legalit\u00e0, promuovendo incontri formativi con il supporto della Guardia di Finanza. Infine, la collaborazione garantir\u00e0 una maggiore trasparenza ed efficienza nella gestione dei fondi pubblici, riducendo ulteriormente il rischio di frodi, come quelle purtroppo verificatesi in alcune regioni italiane in passato&#8221;. L&#8217;accordo di collaborazione avr\u00e0 validit\u00e0 triennale, rinnovabile.<\/em><\/p>\n","protected":false},"excerpt":{"rendered":"<p>L&#8217;Universit\u00e0 della Calabria e Guardia di Finanza insieme contro le frodi sulle borse di studio. Il rettore dell&#8217;Unical, Nicola Leone, e il Comandante provinciale della Guardia di Finanza di Cosenza,&hellip;<\/p>\n","protected":false},"author":12,"featured_media":45341,"comment_status":"closed","ping_status":"open","sticky":false,"template":"","format":"standard","meta":{"_jetpack_memberships_contains_paid_content":false,"footnotes":"","jetpack_publicize_message":"","jetpack_publicize_feature_enabled":true,"jetpack_social_post_already_shared":false,"jetpack_social_options":{"image_generator_settings":{"template":"highway","default_image_id":0,"font":"","enabled":false},"version":2}},"categories":[142,921,196],"tags":[36177,36176,17717,5309,36175,5645],"class_list":["post-59381","post","type-post","status-publish","format-standard","has-post-thumbnail","hentry","category-calabria","category-home","category-news","tag-comandante-provinciale-della-guardia-di-finanza-di-cosenza","tag-giuseppe-dellanna","tag-miur","tag-nicola-leone","tag-sottoscritta-intesa-contrasto-frodi-borse-di-studio","tag-unical"],"yoast_head":"<!-- This site is optimized with the Yoast SEO plugin v27.2 - https:\/\/yoast.com\/product\/yoast-seo-wordpress\/ -->\n<title>Borse studio e alloggi: intesa tra Unical e Guardia di Finanza<\/title>\n<meta name=\"description\" content=\"L&#039;Universit\u00e0 della Calabria e la Guardia di Finanza hanno siglato un&#039;intesa contro le frodi sulle borse di studio.\" \/>\n<meta name=\"robots\" content=\"index, follow, max-snippet:-1, max-image-preview:large, max-video-preview:-1\" \/>\n<link rel=\"canonical\" href=\"https:\/\/progettotouring.it\/radiotouring104\/2024\/10\/08\/borse-studio-e-alloggi-intesa-tra-unical-e-guardia-di-finanza\/\" \/>\n<meta property=\"og:locale\" content=\"it_IT\" \/>\n<meta property=\"og:type\" content=\"article\" \/>\n<meta property=\"og:title\" content=\"Borse studio e alloggi: intesa tra Unical e Guardia di Finanza\" \/>\n<meta property=\"og:description\" content=\"L&#039;Universit\u00e0 della Calabria e la Guardia di Finanza hanno siglato un&#039;intesa contro le frodi sulle borse di studio.\" \/>\n<meta property=\"og:url\" content=\"https:\/\/progettotouring.it\/radiotouring104\/2024\/10\/08\/borse-studio-e-alloggi-intesa-tra-unical-e-guardia-di-finanza\/\" \/>\n<meta property=\"og:site_name\" content=\"Radio Touring 104\" \/>\n<meta property=\"article:published_time\" content=\"2024-10-08T10:25:15+00:00\" \/>\n<meta property=\"og:image\" content=\"https:\/\/progettotouring.it\/radiotouring104\/wp-content\/uploads\/sites\/6\/2024\/02\/unical.jpeg\" \/>\n\t<meta property=\"og:image:width\" content=\"968\" \/>\n\t<meta property=\"og:image:height\" content=\"788\" \/>\n\t<meta property=\"og:image:type\" content=\"image\/jpeg\" \/>\n<meta name=\"author\" content=\"Sebastiano Plutino\" \/>\n<meta name=\"twitter:card\" content=\"summary_large_image\" \/>\n<meta name=\"twitter:label1\" content=\"Scritto da\" \/>\n\t<meta name=\"twitter:data1\" content=\"Sebastiano Plutino\" \/>\n\t<meta name=\"twitter:label2\" content=\"Tempo di lettura stimato\" \/>\n\t<meta name=\"twitter:data2\" content=\"2 minuti\" \/>\n<script type=\"application\/ld+json\" class=\"yoast-schema-graph\">{\"@context\":\"https:\/\/schema.org\",\"@graph\":[{\"@type\":\"Article\",\"@id\":\"https:\/\/progettotouring.it\/radiotouring104\/2024\/10\/08\/borse-studio-e-alloggi-intesa-tra-unical-e-guardia-di-finanza\/#article\",\"isPartOf\":{\"@id\":\"https:\/\/progettotouring.it\/radiotouring104\/2024\/10\/08\/borse-studio-e-alloggi-intesa-tra-unical-e-guardia-di-finanza\/\"},\"author\":{\"name\":\"Sebastiano Plutino\",\"@id\":\"https:\/\/progettotouring.it\/radiotouring104\/#\/schema\/person\/78613917f1851f041f7483f5af1d422e\"},\"headline\":\"Borse studio e alloggi: intesa tra Unical e Guardia di Finanza\",\"datePublished\":\"2024-10-08T10:25:15+00:00\",\"mainEntityOfPage\":{\"@id\":\"https:\/\/progettotouring.it\/radiotouring104\/2024\/10\/08\/borse-studio-e-alloggi-intesa-tra-unical-e-guardia-di-finanza\/\"},\"wordCount\":451,\"publisher\":{\"@id\":\"https:\/\/progettotouring.it\/radiotouring104\/#organization\"},\"image\":{\"@id\":\"https:\/\/progettotouring.it\/radiotouring104\/2024\/10\/08\/borse-studio-e-alloggi-intesa-tra-unical-e-guardia-di-finanza\/#primaryimage\"},\"thumbnailUrl\":\"https:\/\/progettotouring.it\/radiotouring104\/wp-content\/uploads\/sites\/6\/2024\/02\/unical.jpeg\",\"keywords\":[\"Comandante provinciale della Guardia di Finanza di Cosenza\",\"Giuseppe Dell'Anna\",\"Miur\",\"Nicola Leone\",\"sottoscritta intesa contrasto frodi borse di studio\",\"Unical\"],\"articleSection\":[\"Calabria\",\"Home\",\"News\"],\"inLanguage\":\"it-IT\"},{\"@type\":\"WebPage\",\"@id\":\"https:\/\/progettotouring.it\/radiotouring104\/2024\/10\/08\/borse-studio-e-alloggi-intesa-tra-unical-e-guardia-di-finanza\/\",\"url\":\"https:\/\/progettotouring.it\/radiotouring104\/2024\/10\/08\/borse-studio-e-alloggi-intesa-tra-unical-e-guardia-di-finanza\/\",\"name\":\"Borse studio e alloggi: intesa tra Unical e Guardia di Finanza\",\"isPartOf\":{\"@id\":\"https:\/\/progettotouring.it\/radiotouring104\/#website\"},\"primaryImageOfPage\":{\"@id\":\"https:\/\/progettotouring.it\/radiotouring104\/2024\/10\/08\/borse-studio-e-alloggi-intesa-tra-unical-e-guardia-di-finanza\/#primaryimage\"},\"image\":{\"@id\":\"https:\/\/progettotouring.it\/radiotouring104\/2024\/10\/08\/borse-studio-e-alloggi-intesa-tra-unical-e-guardia-di-finanza\/#primaryimage\"},\"thumbnailUrl\":\"https:\/\/progettotouring.it\/radiotouring104\/wp-content\/uploads\/sites\/6\/2024\/02\/unical.jpeg\",\"datePublished\":\"2024-10-08T10:25:15+00:00\",\"description\":\"L'Universit\u00e0 della Calabria e la Guardia di Finanza hanno siglato un'intesa contro le frodi sulle borse di studio.\",\"breadcrumb\":{\"@id\":\"https:\/\/progettotouring.it\/radiotouring104\/2024\/10\/08\/borse-studio-e-alloggi-intesa-tra-unical-e-guardia-di-finanza\/#breadcrumb\"},\"inLanguage\":\"it-IT\",\"potentialAction\":[{\"@type\":\"ReadAction\",\"target\":[\"https:\/\/progettotouring.it\/radiotouring104\/2024\/10\/08\/borse-studio-e-alloggi-intesa-tra-unical-e-guardia-di-finanza\/\"]}]},{\"@type\":\"ImageObject\",\"inLanguage\":\"it-IT\",\"@id\":\"https:\/\/progettotouring.it\/radiotouring104\/2024\/10\/08\/borse-studio-e-alloggi-intesa-tra-unical-e-guardia-di-finanza\/#primaryimage\",\"url\":\"https:\/\/progettotouring.it\/radiotouring104\/wp-content\/uploads\/sites\/6\/2024\/02\/unical.jpeg\",\"contentUrl\":\"https:\/\/progettotouring.it\/radiotouring104\/wp-content\/uploads\/sites\/6\/2024\/02\/unical.jpeg\",\"width\":968,\"height\":788},{\"@type\":\"BreadcrumbList\",\"@id\":\"https:\/\/progettotouring.it\/radiotouring104\/2024\/10\/08\/borse-studio-e-alloggi-intesa-tra-unical-e-guardia-di-finanza\/#breadcrumb\",\"itemListElement\":[{\"@type\":\"ListItem\",\"position\":1,\"name\":\"Home\",\"item\":\"https:\/\/progettotouring.it\/radiotouring104\/\"},{\"@type\":\"ListItem\",\"position\":2,\"name\":\"Borse studio e alloggi: intesa tra Unical e Guardia di Finanza\"}]},{\"@type\":\"WebSite\",\"@id\":\"https:\/\/progettotouring.it\/radiotouring104\/#website\",\"url\":\"https:\/\/progettotouring.it\/radiotouring104\/\",\"name\":\"Radio Touring 104\",\"description\":\"La prima radio Reggina\",\"publisher\":{\"@id\":\"https:\/\/progettotouring.it\/radiotouring104\/#organization\"},\"potentialAction\":[{\"@type\":\"SearchAction\",\"target\":{\"@type\":\"EntryPoint\",\"urlTemplate\":\"https:\/\/progettotouring.it\/radiotouring104\/?s={search_term_string}\"},\"query-input\":{\"@type\":\"PropertyValueSpecification\",\"valueRequired\":true,\"valueName\":\"search_term_string\"}}],\"inLanguage\":\"it-IT\"},{\"@type\":\"Organization\",\"@id\":\"https:\/\/progettotouring.it\/radiotouring104\/#organization\",\"name\":\"Radio Touring 104\",\"url\":\"https:\/\/progettotouring.it\/radiotouring104\/\",\"logo\":{\"@type\":\"ImageObject\",\"inLanguage\":\"it-IT\",\"@id\":\"https:\/\/progettotouring.it\/radiotouring104\/#\/schema\/logo\/image\/\",\"url\":\"https:\/\/progettotouring.it\/radiotouring104\/wp-content\/uploads\/sites\/6\/2022\/02\/cropped-logo-radio-touring-104.png\",\"contentUrl\":\"https:\/\/progettotouring.it\/radiotouring104\/wp-content\/uploads\/sites\/6\/2022\/02\/cropped-logo-radio-touring-104.png\",\"width\":377,\"height\":182,\"caption\":\"Radio Touring 104\"},\"image\":{\"@id\":\"https:\/\/progettotouring.it\/radiotouring104\/#\/schema\/logo\/image\/\"}},{\"@type\":\"Person\",\"@id\":\"https:\/\/progettotouring.it\/radiotouring104\/#\/schema\/person\/78613917f1851f041f7483f5af1d422e\",\"name\":\"Sebastiano Plutino\",\"image\":{\"@type\":\"ImageObject\",\"inLanguage\":\"it-IT\",\"@id\":\"https:\/\/secure.gravatar.com\/avatar\/0546ffaa9b79224faf9f2a156b67a529ae861d3287c66c1d8ccfdf909bcba78d?s=96&d=mm&r=g\",\"url\":\"https:\/\/secure.gravatar.com\/avatar\/0546ffaa9b79224faf9f2a156b67a529ae861d3287c66c1d8ccfdf909bcba78d?s=96&d=mm&r=g\",\"contentUrl\":\"https:\/\/secure.gravatar.com\/avatar\/0546ffaa9b79224faf9f2a156b67a529ae861d3287c66c1d8ccfdf909bcba78d?s=96&d=mm&r=g\",\"caption\":\"Sebastiano Plutino\"},\"url\":\"https:\/\/progettotouring.it\/radiotouring104\/author\/sebastiano\/\"}]}<\/script>\n<!-- \/ Yoast SEO plugin. -->","yoast_head_json":{"title":"Borse studio e alloggi: intesa tra Unical e Guardia di Finanza","description":"L'Universit\u00e0 della Calabria e la Guardia di Finanza hanno siglato un'intesa contro le frodi sulle borse di studio.","robots":{"index":"index","follow":"follow","max-snippet":"max-snippet:-1","max-image-preview":"max-image-preview:large","max-video-preview":"max-video-preview:-1"},"canonical":"https:\/\/progettotouring.it\/radiotouring104\/2024\/10\/08\/borse-studio-e-alloggi-intesa-tra-unical-e-guardia-di-finanza\/","og_locale":"it_IT","og_type":"article","og_title":"Borse studio e alloggi: intesa tra Unical e Guardia di Finanza","og_description":"L'Universit\u00e0 della Calabria e la Guardia di Finanza hanno siglato un'intesa contro le frodi sulle borse di studio.","og_url":"https:\/\/progettotouring.it\/radiotouring104\/2024\/10\/08\/borse-studio-e-alloggi-intesa-tra-unical-e-guardia-di-finanza\/","og_site_name":"Radio Touring 104","article_published_time":"2024-10-08T10:25:15+00:00","og_image":[{"width":968,"height":788,"url":"https:\/\/progettotouring.it\/radiotouring104\/wp-content\/uploads\/sites\/6\/2024\/02\/unical.jpeg","type":"image\/jpeg"}],"author":"Sebastiano Plutino","twitter_card":"summary_large_image","twitter_misc":{"Scritto da":"Sebastiano Plutino","Tempo di lettura stimato":"2 minuti"},"schema":{"@context":"https:\/\/schema.org","@graph":[{"@type":"Article","@id":"https:\/\/progettotouring.it\/radiotouring104\/2024\/10\/08\/borse-studio-e-alloggi-intesa-tra-unical-e-guardia-di-finanza\/#article","isPartOf":{"@id":"https:\/\/progettotouring.it\/radiotouring104\/2024\/10\/08\/borse-studio-e-alloggi-intesa-tra-unical-e-guardia-di-finanza\/"},"author":{"name":"Sebastiano Plutino","@id":"https:\/\/progettotouring.it\/radiotouring104\/#\/schema\/person\/78613917f1851f041f7483f5af1d422e"},"headline":"Borse studio e alloggi: intesa tra Unical e Guardia di Finanza","datePublished":"2024-10-08T10:25:15+00:00","mainEntityOfPage":{"@id":"https:\/\/progettotouring.it\/radiotouring104\/2024\/10\/08\/borse-studio-e-alloggi-intesa-tra-unical-e-guardia-di-finanza\/"},"wordCount":451,"publisher":{"@id":"https:\/\/progettotouring.it\/radiotouring104\/#organization"},"image":{"@id":"https:\/\/progettotouring.it\/radiotouring104\/2024\/10\/08\/borse-studio-e-alloggi-intesa-tra-unical-e-guardia-di-finanza\/#primaryimage"},"thumbnailUrl":"https:\/\/progettotouring.it\/radiotouring104\/wp-content\/uploads\/sites\/6\/2024\/02\/unical.jpeg","keywords":["Comandante provinciale della Guardia di Finanza di Cosenza","Giuseppe Dell'Anna","Miur","Nicola Leone","sottoscritta intesa contrasto frodi borse di studio","Unical"],"articleSection":["Calabria","Home","News"],"inLanguage":"it-IT"},{"@type":"WebPage","@id":"https:\/\/progettotouring.it\/radiotouring104\/2024\/10\/08\/borse-studio-e-alloggi-intesa-tra-unical-e-guardia-di-finanza\/","url":"https:\/\/progettotouring.it\/radiotouring104\/2024\/10\/08\/borse-studio-e-alloggi-intesa-tra-unical-e-guardia-di-finanza\/","name":"Borse studio e alloggi: intesa tra Unical e Guardia di Finanza","isPartOf":{"@id":"https:\/\/progettotouring.it\/radiotouring104\/#website"},"primaryImageOfPage":{"@id":"https:\/\/progettotouring.it\/radiotouring104\/2024\/10\/08\/borse-studio-e-alloggi-intesa-tra-unical-e-guardia-di-finanza\/#primaryimage"},"image":{"@id":"https:\/\/progettotouring.it\/radiotouring104\/2024\/10\/08\/borse-studio-e-alloggi-intesa-tra-unical-e-guardia-di-finanza\/#primaryimage"},"thumbnailUrl":"https:\/\/progettotouring.it\/radiotouring104\/wp-content\/uploads\/sites\/6\/2024\/02\/unical.jpeg","datePublished":"2024-10-08T10:25:15+00:00","description":"L'Universit\u00e0 della Calabria e la Guardia di Finanza hanno siglato un'intesa contro le frodi sulle borse di studio.","breadcrumb":{"@id":"https:\/\/progettotouring.it\/radiotouring104\/2024\/10\/08\/borse-studio-e-alloggi-intesa-tra-unical-e-guardia-di-finanza\/#breadcrumb"},"inLanguage":"it-IT","potentialAction":[{"@type":"ReadAction","target":["https:\/\/progettotouring.it\/radiotouring104\/2024\/10\/08\/borse-studio-e-alloggi-intesa-tra-unical-e-guardia-di-finanza\/"]}]},{"@type":"ImageObject","inLanguage":"it-IT","@id":"https:\/\/progettotouring.it\/radiotouring104\/2024\/10\/08\/borse-studio-e-alloggi-intesa-tra-unical-e-guardia-di-finanza\/#primaryimage","url":"https:\/\/progettotouring.it\/radiotouring104\/wp-content\/uploads\/sites\/6\/2024\/02\/unical.jpeg","contentUrl":"https:\/\/progettotouring.it\/radiotouring104\/wp-content\/uploads\/sites\/6\/2024\/02\/unical.jpeg","width":968,"height":788},{"@type":"BreadcrumbList","@id":"https:\/\/progettotouring.it\/radiotouring104\/2024\/10\/08\/borse-studio-e-alloggi-intesa-tra-unical-e-guardia-di-finanza\/#breadcrumb","itemListElement":[{"@type":"ListItem","position":1,"name":"Home","item":"https:\/\/progettotouring.it\/radiotouring104\/"},{"@type":"ListItem","position":2,"name":"Borse studio e alloggi: intesa tra Unical e Guardia di Finanza"}]},{"@type":"WebSite","@id":"https:\/\/progettotouring.it\/radiotouring104\/#website","url":"https:\/\/progettotouring.it\/radiotouring104\/","name":"Radio Touring 104","description":"La prima radio Reggina","publisher":{"@id":"https:\/\/progettotouring.it\/radiotouring104\/#organization"},"potentialAction":[{"@type":"SearchAction","target":{"@type":"EntryPoint","urlTemplate":"https:\/\/progettotouring.it\/radiotouring104\/?s={search_term_string}"},"query-input":{"@type":"PropertyValueSpecification","valueRequired":true,"valueName":"search_term_string"}}],"inLanguage":"it-IT"},{"@type":"Organization","@id":"https:\/\/progettotouring.it\/radiotouring104\/#organization","name":"Radio Touring 104","url":"https:\/\/progettotouring.it\/radiotouring104\/","logo":{"@type":"ImageObject","inLanguage":"it-IT","@id":"https:\/\/progettotouring.it\/radiotouring104\/#\/schema\/logo\/image\/","url":"https:\/\/progettotouring.it\/radiotouring104\/wp-content\/uploads\/sites\/6\/2022\/02\/cropped-logo-radio-touring-104.png","contentUrl":"https:\/\/progettotouring.it\/radiotouring104\/wp-content\/uploads\/sites\/6\/2022\/02\/cropped-logo-radio-touring-104.png","width":377,"height":182,"caption":"Radio Touring 104"},"image":{"@id":"https:\/\/progettotouring.it\/radiotouring104\/#\/schema\/logo\/image\/"}},{"@type":"Person","@id":"https:\/\/progettotouring.it\/radiotouring104\/#\/schema\/person\/78613917f1851f041f7483f5af1d422e","name":"Sebastiano Plutino","image":{"@type":"ImageObject","inLanguage":"it-IT","@id":"https:\/\/secure.gravatar.com\/avatar\/0546ffaa9b79224faf9f2a156b67a529ae861d3287c66c1d8ccfdf909bcba78d?s=96&d=mm&r=g","url":"https:\/\/secure.gravatar.com\/avatar\/0546ffaa9b79224faf9f2a156b67a529ae861d3287c66c1d8ccfdf909bcba78d?s=96&d=mm&r=g","contentUrl":"https:\/\/secure.gravatar.com\/avatar\/0546ffaa9b79224faf9f2a156b67a529ae861d3287c66c1d8ccfdf909bcba78d?s=96&d=mm&r=g","caption":"Sebastiano Plutino"},"url":"https:\/\/progettotouring.it\/radiotouring104\/author\/sebastiano\/"}]}},"jetpack_publicize_connections":[],"jetpack_featured_media_url":"https:\/\/progettotouring.it\/radiotouring104\/wp-content\/uploads\/sites\/6\/2024\/02\/unical.jpeg","jetpack_sharing_enabled":true,"_links":{"self":[{"href":"https:\/\/progettotouring.it\/radiotouring104\/wp-json\/wp\/v2\/posts\/59381","targetHints":{"allow":["GET"]}}],"collection":[{"href":"https:\/\/progettotouring.it\/radiotouring104\/wp-json\/wp\/v2\/posts"}],"about":[{"href":"https:\/\/progettotouring.it\/radiotouring104\/wp-json\/wp\/v2\/types\/post"}],"author":[{"embeddable":true,"href":"https:\/\/progettotouring.it\/radiotouring104\/wp-json\/wp\/v2\/users\/12"}],"replies":[{"embeddable":true,"href":"https:\/\/progettotouring.it\/radiotouring104\/wp-json\/wp\/v2\/comments?post=59381"}],"version-history":[{"count":1,"href":"https:\/\/progettotouring.it\/radiotouring104\/wp-json\/wp\/v2\/posts\/59381\/revisions"}],"predecessor-version":[{"id":59382,"href":"https:\/\/progettotouring.it\/radiotouring104\/wp-json\/wp\/v2\/posts\/59381\/revisions\/59382"}],"wp:featuredmedia":[{"embeddable":true,"href":"https:\/\/progettotouring.it\/radiotouring104\/wp-json\/wp\/v2\/media\/45341"}],"wp:attachment":[{"href":"https:\/\/progettotouring.it\/radiotouring104\/wp-json\/wp\/v2\/media?parent=59381"}],"wp:term":[{"taxonomy":"category","embeddable":true,"href":"https:\/\/progettotouring.it\/radiotouring104\/wp-json\/wp\/v2\/categories?post=59381"},{"taxonomy":"post_tag","embeddable":true,"href":"https:\/\/progettotouring.it\/radiotouring104\/wp-json\/wp\/v2\/tags?post=59381"}],"curies":[{"name":"wp","href":"https:\/\/api.w.org\/{rel}","templated":true}]}}