{"id":59389,"date":"2024-10-08T13:10:23","date_gmt":"2024-10-08T11:10:23","guid":{"rendered":"https:\/\/progettotouring.it\/radiotouring104\/?p=59389"},"modified":"2024-10-08T13:11:11","modified_gmt":"2024-10-08T11:11:11","slug":"pasquale-amato-il-brand-del-bergamotto-di-reggio-tra-storia-e-attualita","status":"publish","type":"post","link":"https:\/\/progettotouring.it\/radiotouring104\/2024\/10\/08\/pasquale-amato-il-brand-del-bergamotto-di-reggio-tra-storia-e-attualita\/","title":{"rendered":"Pasquale Amato: &#8220;Il brand del bergamotto di Reggio tra storia e attualit\u00e0&#8221;."},"content":{"rendered":"<div dir=\"auto\" style=\"text-align: justify\"><em><span style=\"font-size: large\">&#8220;Questo \u00e8 l&#8217;argomento che ho trattato nel primo talk di &#8220;Bergar\u00e9 2024&#8221;. Perch\u00e9 lo ritengo fondamentale per il presente e il futuro della Citt\u00e0 Metropolitana di Reggio Calabria.\u00a0<\/span><\/em><\/div>\n<div dir=\"auto\" style=\"text-align: justify\"><em><span style=\"font-size: large\">Ed i giornalisti ospiti venuti da altre parti d&#8217;Italia hanno testimoniato all&#8217;unanimit\u00e0 che avevo ragione. Hanno confessato di conoscere tutti il nostro prezioso agrume ma nessuno di loro aveva mai saputo che era di Reggio Calabria.<\/span><\/em><\/div>\n<div dir=\"auto\" style=\"text-align: justify\"><em><span style=\"font-size: large\">E&#8217; stato un riconoscimento che mi ha ripagato delle indifferenze, delle spallucce, delle battute ironiche da oltre 30 anni.\u00a0<\/span><\/em><\/div>\n<div dir=\"auto\" style=\"text-align: justify\"><em><span style=\"font-size: large\">Eppure anche ieri sera non ho fatto altro che riferirmi alla passione della mia vita, la storia, per analizzare il percorso plurisecolare parallelo di due eccellenze: l&#8217;Aceto Balsamico di Modena e il Bergamotto di Reggio Calabria.\u00a0<\/span><\/em><\/div>\n<div dir=\"auto\" style=\"text-align: justify\"><em><span style=\"font-size: large\">Il primo \u00e8 stato promosso per secoli con il suo nome e cognome ed oggi non c&#8217;\u00e8 angolo del pianeta in cui non si conosca l&#8217;Aceto Balsamico di Modena.<\/span><\/em><\/div>\n<div dir=\"auto\" style=\"text-align: justify\"><em><span style=\"font-size: large\">Il secondo &#8211; ben pi\u00f9 prezioso per la sua unicit\u00e0 e per aver profumato da secoli il mondo, per aver curato il mondo e per aver deliziato i palati del mondo &#8211; \u00e8 conosciuto anch&#8217;esso ovunque. Tuttavia\u00a0 (come hanno confermato gli ospiti) la maggioranza dei cittadini del pianeta conosce il Bergamotto ma non sa che \u00e8 di Reggio Calabria.<\/span><\/em><\/div>\n<div dir=\"auto\" style=\"text-align: justify\"><em><span style=\"font-size: large\">Ho concluso osservando che \u00e8 positivo ed apprezzabile che dopo pi\u00f9 di tre secoli di questa informazione mutilata del cognome si organizzi una bella iniziativa come &#8220;Bergar\u00e9&#8221;. Ma sarebbe stato meglio porre sempre al fianco del logo &#8220;Bergar\u00e9&#8221; la dicitura esplicativa &#8220;Evento dedicato al Bergamotto di Reggio Calabria&#8221;.\u00a0<\/span><\/em><\/div>\n<div dir=\"auto\" style=\"text-align: justify\"><em><span style=\"font-size: large\">Auspico che venga inserito nel Bergar\u00e8 2025. Altrimenti continueremo a non promuovere il nostro tesoro nella maniera pi\u00f9 corretta ed efficace. E il mondo continuer\u00e0 a non sapere che il Bergamotto \u00e8 di Reggio Calabria. &#8220;, scrive in una nota il prof Pasquale Amato.<\/span><\/em><\/div>\n","protected":false},"excerpt":{"rendered":"<p>&#8220;Questo \u00e8 l&#8217;argomento che ho trattato nel primo talk di &#8220;Bergar\u00e9 2024&#8221;. Perch\u00e9 lo ritengo fondamentale per il presente e il futuro della Citt\u00e0 Metropolitana di Reggio Calabria.\u00a0 Ed i&hellip;<\/p>\n","protected":false},"author":12,"featured_media":59391,"comment_status":"closed","ping_status":"open","sticky":false,"template":"","format":"standard","meta":{"_jetpack_memberships_contains_paid_content":false,"footnotes":"","jetpack_publicize_message":"","jetpack_publicize_feature_enabled":true,"jetpack_social_post_already_shared":false,"jetpack_social_options":{"image_generator_settings":{"template":"highway","default_image_id":0,"font":"","enabled":false},"version":2}},"categories":[921,196,140],"tags":[36180,36179,3101],"class_list":["post-59389","post","type-post","status-publish","format-standard","has-post-thumbnail","hentry","category-home","category-news","category-reggio-calabria","tag-il-brand-del-bergamotto-di-reggio-tra-storia-e-attualita","tag-bargare-2024","tag-pasquale-amato"],"yoast_head":"<!-- This site is optimized with the Yoast SEO plugin v27.2 - https:\/\/yoast.com\/product\/yoast-seo-wordpress\/ -->\n<title>Pasquale Amato: &quot;Il brand del bergamotto di Reggio tra storia e attualit\u00e0&quot;. - Radio Touring 104<\/title>\n<meta name=\"description\" content=\"Questo \u00e8 l&#039;argomento che ha trattato il professore Pasquale Amato nel corso del primo talk di &quot;Bergar\u00e9 2024&quot;\" \/>\n<meta name=\"robots\" content=\"index, follow, max-snippet:-1, max-image-preview:large, max-video-preview:-1\" \/>\n<link rel=\"canonical\" href=\"https:\/\/progettotouring.it\/radiotouring104\/2024\/10\/08\/pasquale-amato-il-brand-del-bergamotto-di-reggio-tra-storia-e-attualita\/\" \/>\n<meta property=\"og:locale\" content=\"it_IT\" \/>\n<meta property=\"og:type\" content=\"article\" \/>\n<meta property=\"og:title\" content=\"Pasquale Amato: &quot;Il brand del bergamotto di Reggio tra storia e attualit\u00e0&quot;. - Radio Touring 104\" \/>\n<meta property=\"og:description\" content=\"Questo \u00e8 l&#039;argomento che ha trattato il professore Pasquale Amato nel corso del primo talk di &quot;Bergar\u00e9 2024&quot;\" \/>\n<meta property=\"og:url\" content=\"https:\/\/progettotouring.it\/radiotouring104\/2024\/10\/08\/pasquale-amato-il-brand-del-bergamotto-di-reggio-tra-storia-e-attualita\/\" \/>\n<meta property=\"og:site_name\" content=\"Radio Touring 104\" \/>\n<meta property=\"article:published_time\" content=\"2024-10-08T11:10:23+00:00\" \/>\n<meta property=\"article:modified_time\" content=\"2024-10-08T11:11:11+00:00\" \/>\n<meta property=\"og:image\" content=\"https:\/\/progettotouring.it\/radiotouring104\/wp-content\/uploads\/sites\/6\/2024\/10\/Amato-Bergamotto.jpg\" \/>\n\t<meta property=\"og:image:width\" content=\"960\" \/>\n\t<meta property=\"og:image:height\" content=\"540\" \/>\n\t<meta property=\"og:image:type\" content=\"image\/jpeg\" \/>\n<meta name=\"author\" content=\"Sebastiano Plutino\" \/>\n<meta name=\"twitter:card\" content=\"summary_large_image\" \/>\n<meta name=\"twitter:label1\" content=\"Scritto da\" \/>\n\t<meta name=\"twitter:data1\" content=\"Sebastiano Plutino\" \/>\n\t<meta name=\"twitter:label2\" content=\"Tempo di lettura stimato\" \/>\n\t<meta name=\"twitter:data2\" content=\"1 minuto\" \/>\n<script type=\"application\/ld+json\" class=\"yoast-schema-graph\">{\"@context\":\"https:\/\/schema.org\",\"@graph\":[{\"@type\":\"Article\",\"@id\":\"https:\/\/progettotouring.it\/radiotouring104\/2024\/10\/08\/pasquale-amato-il-brand-del-bergamotto-di-reggio-tra-storia-e-attualita\/#article\",\"isPartOf\":{\"@id\":\"https:\/\/progettotouring.it\/radiotouring104\/2024\/10\/08\/pasquale-amato-il-brand-del-bergamotto-di-reggio-tra-storia-e-attualita\/\"},\"author\":{\"name\":\"Sebastiano Plutino\",\"@id\":\"https:\/\/progettotouring.it\/radiotouring104\/#\/schema\/person\/78613917f1851f041f7483f5af1d422e\"},\"headline\":\"Pasquale Amato: &#8220;Il brand del bergamotto di Reggio tra storia e attualit\u00e0&#8221;.\",\"datePublished\":\"2024-10-08T11:10:23+00:00\",\"dateModified\":\"2024-10-08T11:11:11+00:00\",\"mainEntityOfPage\":{\"@id\":\"https:\/\/progettotouring.it\/radiotouring104\/2024\/10\/08\/pasquale-amato-il-brand-del-bergamotto-di-reggio-tra-storia-e-attualita\/\"},\"wordCount\":301,\"publisher\":{\"@id\":\"https:\/\/progettotouring.it\/radiotouring104\/#organization\"},\"image\":{\"@id\":\"https:\/\/progettotouring.it\/radiotouring104\/2024\/10\/08\/pasquale-amato-il-brand-del-bergamotto-di-reggio-tra-storia-e-attualita\/#primaryimage\"},\"thumbnailUrl\":\"https:\/\/progettotouring.it\/radiotouring104\/wp-content\/uploads\/sites\/6\/2024\/10\/Amato-Bergamotto.jpg\",\"keywords\":[\"\\\"Il brand del bergamotto di Reggio tra storia e attualit\u00e0\\\".\",\"Bargar\u00e8 2024\",\"Pasquale Amato\"],\"articleSection\":[\"Home\",\"News\",\"Reggio Calabria\"],\"inLanguage\":\"it-IT\"},{\"@type\":\"WebPage\",\"@id\":\"https:\/\/progettotouring.it\/radiotouring104\/2024\/10\/08\/pasquale-amato-il-brand-del-bergamotto-di-reggio-tra-storia-e-attualita\/\",\"url\":\"https:\/\/progettotouring.it\/radiotouring104\/2024\/10\/08\/pasquale-amato-il-brand-del-bergamotto-di-reggio-tra-storia-e-attualita\/\",\"name\":\"Pasquale Amato: \\\"Il brand del bergamotto di Reggio tra storia e attualit\u00e0\\\". - Radio Touring 104\",\"isPartOf\":{\"@id\":\"https:\/\/progettotouring.it\/radiotouring104\/#website\"},\"primaryImageOfPage\":{\"@id\":\"https:\/\/progettotouring.it\/radiotouring104\/2024\/10\/08\/pasquale-amato-il-brand-del-bergamotto-di-reggio-tra-storia-e-attualita\/#primaryimage\"},\"image\":{\"@id\":\"https:\/\/progettotouring.it\/radiotouring104\/2024\/10\/08\/pasquale-amato-il-brand-del-bergamotto-di-reggio-tra-storia-e-attualita\/#primaryimage\"},\"thumbnailUrl\":\"https:\/\/progettotouring.it\/radiotouring104\/wp-content\/uploads\/sites\/6\/2024\/10\/Amato-Bergamotto.jpg\",\"datePublished\":\"2024-10-08T11:10:23+00:00\",\"dateModified\":\"2024-10-08T11:11:11+00:00\",\"description\":\"Questo \u00e8 l'argomento che ha trattato il professore Pasquale Amato nel corso del primo talk di \\\"Bergar\u00e9 2024\\\"\",\"breadcrumb\":{\"@id\":\"https:\/\/progettotouring.it\/radiotouring104\/2024\/10\/08\/pasquale-amato-il-brand-del-bergamotto-di-reggio-tra-storia-e-attualita\/#breadcrumb\"},\"inLanguage\":\"it-IT\",\"potentialAction\":[{\"@type\":\"ReadAction\",\"target\":[\"https:\/\/progettotouring.it\/radiotouring104\/2024\/10\/08\/pasquale-amato-il-brand-del-bergamotto-di-reggio-tra-storia-e-attualita\/\"]}]},{\"@type\":\"ImageObject\",\"inLanguage\":\"it-IT\",\"@id\":\"https:\/\/progettotouring.it\/radiotouring104\/2024\/10\/08\/pasquale-amato-il-brand-del-bergamotto-di-reggio-tra-storia-e-attualita\/#primaryimage\",\"url\":\"https:\/\/progettotouring.it\/radiotouring104\/wp-content\/uploads\/sites\/6\/2024\/10\/Amato-Bergamotto.jpg\",\"contentUrl\":\"https:\/\/progettotouring.it\/radiotouring104\/wp-content\/uploads\/sites\/6\/2024\/10\/Amato-Bergamotto.jpg\",\"width\":960,\"height\":540},{\"@type\":\"BreadcrumbList\",\"@id\":\"https:\/\/progettotouring.it\/radiotouring104\/2024\/10\/08\/pasquale-amato-il-brand-del-bergamotto-di-reggio-tra-storia-e-attualita\/#breadcrumb\",\"itemListElement\":[{\"@type\":\"ListItem\",\"position\":1,\"name\":\"Home\",\"item\":\"https:\/\/progettotouring.it\/radiotouring104\/\"},{\"@type\":\"ListItem\",\"position\":2,\"name\":\"Pasquale Amato: &#8220;Il brand del bergamotto di Reggio tra storia e attualit\u00e0&#8221;.\"}]},{\"@type\":\"WebSite\",\"@id\":\"https:\/\/progettotouring.it\/radiotouring104\/#website\",\"url\":\"https:\/\/progettotouring.it\/radiotouring104\/\",\"name\":\"Radio Touring 104\",\"description\":\"La prima radio Reggina\",\"publisher\":{\"@id\":\"https:\/\/progettotouring.it\/radiotouring104\/#organization\"},\"potentialAction\":[{\"@type\":\"SearchAction\",\"target\":{\"@type\":\"EntryPoint\",\"urlTemplate\":\"https:\/\/progettotouring.it\/radiotouring104\/?s={search_term_string}\"},\"query-input\":{\"@type\":\"PropertyValueSpecification\",\"valueRequired\":true,\"valueName\":\"search_term_string\"}}],\"inLanguage\":\"it-IT\"},{\"@type\":\"Organization\",\"@id\":\"https:\/\/progettotouring.it\/radiotouring104\/#organization\",\"name\":\"Radio Touring 104\",\"url\":\"https:\/\/progettotouring.it\/radiotouring104\/\",\"logo\":{\"@type\":\"ImageObject\",\"inLanguage\":\"it-IT\",\"@id\":\"https:\/\/progettotouring.it\/radiotouring104\/#\/schema\/logo\/image\/\",\"url\":\"https:\/\/progettotouring.it\/radiotouring104\/wp-content\/uploads\/sites\/6\/2022\/02\/cropped-logo-radio-touring-104.png\",\"contentUrl\":\"https:\/\/progettotouring.it\/radiotouring104\/wp-content\/uploads\/sites\/6\/2022\/02\/cropped-logo-radio-touring-104.png\",\"width\":377,\"height\":182,\"caption\":\"Radio Touring 104\"},\"image\":{\"@id\":\"https:\/\/progettotouring.it\/radiotouring104\/#\/schema\/logo\/image\/\"}},{\"@type\":\"Person\",\"@id\":\"https:\/\/progettotouring.it\/radiotouring104\/#\/schema\/person\/78613917f1851f041f7483f5af1d422e\",\"name\":\"Sebastiano Plutino\",\"image\":{\"@type\":\"ImageObject\",\"inLanguage\":\"it-IT\",\"@id\":\"https:\/\/secure.gravatar.com\/avatar\/0546ffaa9b79224faf9f2a156b67a529ae861d3287c66c1d8ccfdf909bcba78d?s=96&d=mm&r=g\",\"url\":\"https:\/\/secure.gravatar.com\/avatar\/0546ffaa9b79224faf9f2a156b67a529ae861d3287c66c1d8ccfdf909bcba78d?s=96&d=mm&r=g\",\"contentUrl\":\"https:\/\/secure.gravatar.com\/avatar\/0546ffaa9b79224faf9f2a156b67a529ae861d3287c66c1d8ccfdf909bcba78d?s=96&d=mm&r=g\",\"caption\":\"Sebastiano Plutino\"},\"url\":\"https:\/\/progettotouring.it\/radiotouring104\/author\/sebastiano\/\"}]}<\/script>\n<!-- \/ Yoast SEO plugin. -->","yoast_head_json":{"title":"Pasquale Amato: \"Il brand del bergamotto di Reggio tra storia e attualit\u00e0\". - Radio Touring 104","description":"Questo \u00e8 l'argomento che ha trattato il professore Pasquale Amato nel corso del primo talk di \"Bergar\u00e9 2024\"","robots":{"index":"index","follow":"follow","max-snippet":"max-snippet:-1","max-image-preview":"max-image-preview:large","max-video-preview":"max-video-preview:-1"},"canonical":"https:\/\/progettotouring.it\/radiotouring104\/2024\/10\/08\/pasquale-amato-il-brand-del-bergamotto-di-reggio-tra-storia-e-attualita\/","og_locale":"it_IT","og_type":"article","og_title":"Pasquale Amato: \"Il brand del bergamotto di Reggio tra storia e attualit\u00e0\". - Radio Touring 104","og_description":"Questo \u00e8 l'argomento che ha trattato il professore Pasquale Amato nel corso del primo talk di \"Bergar\u00e9 2024\"","og_url":"https:\/\/progettotouring.it\/radiotouring104\/2024\/10\/08\/pasquale-amato-il-brand-del-bergamotto-di-reggio-tra-storia-e-attualita\/","og_site_name":"Radio Touring 104","article_published_time":"2024-10-08T11:10:23+00:00","article_modified_time":"2024-10-08T11:11:11+00:00","og_image":[{"width":960,"height":540,"url":"https:\/\/progettotouring.it\/radiotouring104\/wp-content\/uploads\/sites\/6\/2024\/10\/Amato-Bergamotto.jpg","type":"image\/jpeg"}],"author":"Sebastiano Plutino","twitter_card":"summary_large_image","twitter_misc":{"Scritto da":"Sebastiano Plutino","Tempo di lettura stimato":"1 minuto"},"schema":{"@context":"https:\/\/schema.org","@graph":[{"@type":"Article","@id":"https:\/\/progettotouring.it\/radiotouring104\/2024\/10\/08\/pasquale-amato-il-brand-del-bergamotto-di-reggio-tra-storia-e-attualita\/#article","isPartOf":{"@id":"https:\/\/progettotouring.it\/radiotouring104\/2024\/10\/08\/pasquale-amato-il-brand-del-bergamotto-di-reggio-tra-storia-e-attualita\/"},"author":{"name":"Sebastiano Plutino","@id":"https:\/\/progettotouring.it\/radiotouring104\/#\/schema\/person\/78613917f1851f041f7483f5af1d422e"},"headline":"Pasquale Amato: &#8220;Il brand del bergamotto di Reggio tra storia e attualit\u00e0&#8221;.","datePublished":"2024-10-08T11:10:23+00:00","dateModified":"2024-10-08T11:11:11+00:00","mainEntityOfPage":{"@id":"https:\/\/progettotouring.it\/radiotouring104\/2024\/10\/08\/pasquale-amato-il-brand-del-bergamotto-di-reggio-tra-storia-e-attualita\/"},"wordCount":301,"publisher":{"@id":"https:\/\/progettotouring.it\/radiotouring104\/#organization"},"image":{"@id":"https:\/\/progettotouring.it\/radiotouring104\/2024\/10\/08\/pasquale-amato-il-brand-del-bergamotto-di-reggio-tra-storia-e-attualita\/#primaryimage"},"thumbnailUrl":"https:\/\/progettotouring.it\/radiotouring104\/wp-content\/uploads\/sites\/6\/2024\/10\/Amato-Bergamotto.jpg","keywords":["\"Il brand del bergamotto di Reggio tra storia e attualit\u00e0\".","Bargar\u00e8 2024","Pasquale Amato"],"articleSection":["Home","News","Reggio Calabria"],"inLanguage":"it-IT"},{"@type":"WebPage","@id":"https:\/\/progettotouring.it\/radiotouring104\/2024\/10\/08\/pasquale-amato-il-brand-del-bergamotto-di-reggio-tra-storia-e-attualita\/","url":"https:\/\/progettotouring.it\/radiotouring104\/2024\/10\/08\/pasquale-amato-il-brand-del-bergamotto-di-reggio-tra-storia-e-attualita\/","name":"Pasquale Amato: \"Il brand del bergamotto di Reggio tra storia e attualit\u00e0\". - Radio Touring 104","isPartOf":{"@id":"https:\/\/progettotouring.it\/radiotouring104\/#website"},"primaryImageOfPage":{"@id":"https:\/\/progettotouring.it\/radiotouring104\/2024\/10\/08\/pasquale-amato-il-brand-del-bergamotto-di-reggio-tra-storia-e-attualita\/#primaryimage"},"image":{"@id":"https:\/\/progettotouring.it\/radiotouring104\/2024\/10\/08\/pasquale-amato-il-brand-del-bergamotto-di-reggio-tra-storia-e-attualita\/#primaryimage"},"thumbnailUrl":"https:\/\/progettotouring.it\/radiotouring104\/wp-content\/uploads\/sites\/6\/2024\/10\/Amato-Bergamotto.jpg","datePublished":"2024-10-08T11:10:23+00:00","dateModified":"2024-10-08T11:11:11+00:00","description":"Questo \u00e8 l'argomento che ha trattato il professore Pasquale Amato nel corso del primo talk di \"Bergar\u00e9 2024\"","breadcrumb":{"@id":"https:\/\/progettotouring.it\/radiotouring104\/2024\/10\/08\/pasquale-amato-il-brand-del-bergamotto-di-reggio-tra-storia-e-attualita\/#breadcrumb"},"inLanguage":"it-IT","potentialAction":[{"@type":"ReadAction","target":["https:\/\/progettotouring.it\/radiotouring104\/2024\/10\/08\/pasquale-amato-il-brand-del-bergamotto-di-reggio-tra-storia-e-attualita\/"]}]},{"@type":"ImageObject","inLanguage":"it-IT","@id":"https:\/\/progettotouring.it\/radiotouring104\/2024\/10\/08\/pasquale-amato-il-brand-del-bergamotto-di-reggio-tra-storia-e-attualita\/#primaryimage","url":"https:\/\/progettotouring.it\/radiotouring104\/wp-content\/uploads\/sites\/6\/2024\/10\/Amato-Bergamotto.jpg","contentUrl":"https:\/\/progettotouring.it\/radiotouring104\/wp-content\/uploads\/sites\/6\/2024\/10\/Amato-Bergamotto.jpg","width":960,"height":540},{"@type":"BreadcrumbList","@id":"https:\/\/progettotouring.it\/radiotouring104\/2024\/10\/08\/pasquale-amato-il-brand-del-bergamotto-di-reggio-tra-storia-e-attualita\/#breadcrumb","itemListElement":[{"@type":"ListItem","position":1,"name":"Home","item":"https:\/\/progettotouring.it\/radiotouring104\/"},{"@type":"ListItem","position":2,"name":"Pasquale Amato: &#8220;Il brand del bergamotto di Reggio tra storia e attualit\u00e0&#8221;."}]},{"@type":"WebSite","@id":"https:\/\/progettotouring.it\/radiotouring104\/#website","url":"https:\/\/progettotouring.it\/radiotouring104\/","name":"Radio Touring 104","description":"La prima radio Reggina","publisher":{"@id":"https:\/\/progettotouring.it\/radiotouring104\/#organization"},"potentialAction":[{"@type":"SearchAction","target":{"@type":"EntryPoint","urlTemplate":"https:\/\/progettotouring.it\/radiotouring104\/?s={search_term_string}"},"query-input":{"@type":"PropertyValueSpecification","valueRequired":true,"valueName":"search_term_string"}}],"inLanguage":"it-IT"},{"@type":"Organization","@id":"https:\/\/progettotouring.it\/radiotouring104\/#organization","name":"Radio Touring 104","url":"https:\/\/progettotouring.it\/radiotouring104\/","logo":{"@type":"ImageObject","inLanguage":"it-IT","@id":"https:\/\/progettotouring.it\/radiotouring104\/#\/schema\/logo\/image\/","url":"https:\/\/progettotouring.it\/radiotouring104\/wp-content\/uploads\/sites\/6\/2022\/02\/cropped-logo-radio-touring-104.png","contentUrl":"https:\/\/progettotouring.it\/radiotouring104\/wp-content\/uploads\/sites\/6\/2022\/02\/cropped-logo-radio-touring-104.png","width":377,"height":182,"caption":"Radio Touring 104"},"image":{"@id":"https:\/\/progettotouring.it\/radiotouring104\/#\/schema\/logo\/image\/"}},{"@type":"Person","@id":"https:\/\/progettotouring.it\/radiotouring104\/#\/schema\/person\/78613917f1851f041f7483f5af1d422e","name":"Sebastiano Plutino","image":{"@type":"ImageObject","inLanguage":"it-IT","@id":"https:\/\/secure.gravatar.com\/avatar\/0546ffaa9b79224faf9f2a156b67a529ae861d3287c66c1d8ccfdf909bcba78d?s=96&d=mm&r=g","url":"https:\/\/secure.gravatar.com\/avatar\/0546ffaa9b79224faf9f2a156b67a529ae861d3287c66c1d8ccfdf909bcba78d?s=96&d=mm&r=g","contentUrl":"https:\/\/secure.gravatar.com\/avatar\/0546ffaa9b79224faf9f2a156b67a529ae861d3287c66c1d8ccfdf909bcba78d?s=96&d=mm&r=g","caption":"Sebastiano Plutino"},"url":"https:\/\/progettotouring.it\/radiotouring104\/author\/sebastiano\/"}]}},"jetpack_publicize_connections":[],"jetpack_featured_media_url":"https:\/\/progettotouring.it\/radiotouring104\/wp-content\/uploads\/sites\/6\/2024\/10\/Amato-Bergamotto.jpg","jetpack_sharing_enabled":true,"_links":{"self":[{"href":"https:\/\/progettotouring.it\/radiotouring104\/wp-json\/wp\/v2\/posts\/59389","targetHints":{"allow":["GET"]}}],"collection":[{"href":"https:\/\/progettotouring.it\/radiotouring104\/wp-json\/wp\/v2\/posts"}],"about":[{"href":"https:\/\/progettotouring.it\/radiotouring104\/wp-json\/wp\/v2\/types\/post"}],"author":[{"embeddable":true,"href":"https:\/\/progettotouring.it\/radiotouring104\/wp-json\/wp\/v2\/users\/12"}],"replies":[{"embeddable":true,"href":"https:\/\/progettotouring.it\/radiotouring104\/wp-json\/wp\/v2\/comments?post=59389"}],"version-history":[{"count":1,"href":"https:\/\/progettotouring.it\/radiotouring104\/wp-json\/wp\/v2\/posts\/59389\/revisions"}],"predecessor-version":[{"id":59390,"href":"https:\/\/progettotouring.it\/radiotouring104\/wp-json\/wp\/v2\/posts\/59389\/revisions\/59390"}],"wp:featuredmedia":[{"embeddable":true,"href":"https:\/\/progettotouring.it\/radiotouring104\/wp-json\/wp\/v2\/media\/59391"}],"wp:attachment":[{"href":"https:\/\/progettotouring.it\/radiotouring104\/wp-json\/wp\/v2\/media?parent=59389"}],"wp:term":[{"taxonomy":"category","embeddable":true,"href":"https:\/\/progettotouring.it\/radiotouring104\/wp-json\/wp\/v2\/categories?post=59389"},{"taxonomy":"post_tag","embeddable":true,"href":"https:\/\/progettotouring.it\/radiotouring104\/wp-json\/wp\/v2\/tags?post=59389"}],"curies":[{"name":"wp","href":"https:\/\/api.w.org\/{rel}","templated":true}]}}