{"id":5944,"date":"2022-05-28T11:52:39","date_gmt":"2022-05-28T09:52:39","guid":{"rendered":"https:\/\/progettotouring.it\/radiotouring104\/?p=5944"},"modified":"2022-05-28T11:52:39","modified_gmt":"2022-05-28T09:52:39","slug":"proclamato-lo-sciopero-dei-lavoratori-settore-commercio-e-distribuzione-organizzata","status":"publish","type":"post","link":"https:\/\/progettotouring.it\/radiotouring104\/2022\/05\/28\/proclamato-lo-sciopero-dei-lavoratori-settore-commercio-e-distribuzione-organizzata\/","title":{"rendered":"Proclamato lo sciopero dei lavoratori settore Commercio e Distribuzione organizzata"},"content":{"rendered":"<p style=\"text-align: justify;\">Filcams Cgil, Fisascat Cisl e Uiltucs Uil della Calabria hanno proclamato lo sciopero dei lavoratori del settore Commercio e Distribuzione organizzata per il prossimo 2 giugno. Questo il testo della nota informativa inviata alla stampa:<\/p>\n<p class=\"Body\" style=\"text-align: justify;\"><em>&#8220;Nella Repubblica fondata sul lavoro, chi lavora nel Commercio e nella Distribuzione organizzata non ha diritto a festeggiare. Per questo, ancora una volta, Filcams Cgil &#8211; Fisascat Cisl &#8211; Uiltucs Uil della Calabria hanno proclamato lo sciopero del settore per il prossimo 2 giugno. <\/em><em>La disattenzione delle Istituzioni, la corsa al consumo, un modello sociale che vorrebbe lavoratrici e lavoratori disponibili a lavorare sempre, senza poter fruire del giusto riposo, sono alla base delle ragioni di questo sciopero. <\/em><em>Invitiamo quelle aziende sensibili e rispettose della dignit\u00e0 dei propri dipendenti a non aprire la propria attivit\u00e0 il 2 giugno, lo si faccia anche per una forma di risparmio energetivo visto che, la calura prevista sta gi\u00e0 facendo azionare i condizionatori. <\/em><em>Chiediamo responsabilit\u00e0 e rispetto&#8221;.<\/em><\/p>\n","protected":false},"excerpt":{"rendered":"<p>Filcams Cgil, Fisascat Cisl e Uiltucs Uil della Calabria hanno proclamato lo sciopero dei lavoratori del settore Commercio e Distribuzione organizzata per il prossimo 2 giugno. Questo il testo della&hellip;<\/p>\n","protected":false},"author":1,"featured_media":3627,"comment_status":"open","ping_status":"open","sticky":false,"template":"","format":"standard","meta":{"_jetpack_memberships_contains_paid_content":false,"footnotes":"","jetpack_publicize_message":"","jetpack_publicize_feature_enabled":true,"jetpack_social_post_already_shared":false,"jetpack_social_options":{"image_generator_settings":{"template":"highway","default_image_id":0,"font":"","enabled":false},"version":2}},"categories":[142,921,196,140],"tags":[2197,2198,2199,2196,2200],"class_list":["post-5944","post","type-post","status-publish","format-standard","has-post-thumbnail","hentry","category-calabria","category-home","category-news","category-reggio-calabria","tag-2-giugno","tag-filcams-cgil","tag-fisascat-cisl","tag-sciopero","tag-uiltucs-uil"],"yoast_head":"<!-- This site is optimized with the Yoast SEO plugin v27.2 - https:\/\/yoast.com\/product\/yoast-seo-wordpress\/ -->\n<title>Proclamato lo sciopero dei lavoratori settore Commercio e Distribuzione<\/title>\n<meta name=\"description\" content=\"Filcams Cgil - Fisascat Cisl - Uiltucs Uil della Calabria hanno proclamato lo sciopero del settore per il prossimo 2 giugno\" \/>\n<meta name=\"robots\" content=\"index, follow, max-snippet:-1, max-image-preview:large, max-video-preview:-1\" \/>\n<link rel=\"canonical\" href=\"https:\/\/progettotouring.it\/radiotouring104\/2022\/05\/28\/proclamato-lo-sciopero-dei-lavoratori-settore-commercio-e-distribuzione-organizzata\/\" \/>\n<meta property=\"og:locale\" content=\"it_IT\" \/>\n<meta property=\"og:type\" content=\"article\" \/>\n<meta property=\"og:title\" content=\"Proclamato lo sciopero dei lavoratori settore Commercio e Distribuzione\" \/>\n<meta property=\"og:description\" content=\"Filcams Cgil - Fisascat Cisl - Uiltucs Uil della Calabria hanno proclamato lo sciopero del settore per il prossimo 2 giugno\" \/>\n<meta property=\"og:url\" content=\"https:\/\/progettotouring.it\/radiotouring104\/2022\/05\/28\/proclamato-lo-sciopero-dei-lavoratori-settore-commercio-e-distribuzione-organizzata\/\" \/>\n<meta property=\"og:site_name\" content=\"Radio Touring 104\" \/>\n<meta property=\"article:published_time\" content=\"2022-05-28T09:52:39+00:00\" \/>\n<meta property=\"og:image\" content=\"https:\/\/progettotouring.it\/radiotouring104\/wp-content\/uploads\/sites\/6\/2022\/04\/bandiera-italia.jpg\" \/>\n\t<meta property=\"og:image:width\" content=\"1280\" \/>\n\t<meta property=\"og:image:height\" content=\"960\" \/>\n\t<meta property=\"og:image:type\" content=\"image\/jpeg\" \/>\n<meta name=\"author\" content=\"Chiara Cucinotta\" \/>\n<meta name=\"twitter:card\" content=\"summary_large_image\" \/>\n<meta name=\"twitter:label1\" content=\"Scritto da\" \/>\n\t<meta name=\"twitter:data1\" content=\"Chiara Cucinotta\" \/>\n\t<meta name=\"twitter:label2\" content=\"Tempo di lettura stimato\" \/>\n\t<meta name=\"twitter:data2\" content=\"1 minuto\" \/>\n<script type=\"application\/ld+json\" class=\"yoast-schema-graph\">{\"@context\":\"https:\/\/schema.org\",\"@graph\":[{\"@type\":\"Article\",\"@id\":\"https:\/\/progettotouring.it\/radiotouring104\/2022\/05\/28\/proclamato-lo-sciopero-dei-lavoratori-settore-commercio-e-distribuzione-organizzata\/#article\",\"isPartOf\":{\"@id\":\"https:\/\/progettotouring.it\/radiotouring104\/2022\/05\/28\/proclamato-lo-sciopero-dei-lavoratori-settore-commercio-e-distribuzione-organizzata\/\"},\"author\":{\"name\":\"Chiara Cucinotta\",\"@id\":\"https:\/\/progettotouring.it\/radiotouring104\/#\/schema\/person\/f01f189b71df20dcfc0890eea7e67a0e\"},\"headline\":\"Proclamato lo sciopero dei lavoratori settore Commercio e Distribuzione organizzata\",\"datePublished\":\"2022-05-28T09:52:39+00:00\",\"mainEntityOfPage\":{\"@id\":\"https:\/\/progettotouring.it\/radiotouring104\/2022\/05\/28\/proclamato-lo-sciopero-dei-lavoratori-settore-commercio-e-distribuzione-organizzata\/\"},\"wordCount\":165,\"commentCount\":0,\"publisher\":{\"@id\":\"https:\/\/progettotouring.it\/radiotouring104\/#organization\"},\"image\":{\"@id\":\"https:\/\/progettotouring.it\/radiotouring104\/2022\/05\/28\/proclamato-lo-sciopero-dei-lavoratori-settore-commercio-e-distribuzione-organizzata\/#primaryimage\"},\"thumbnailUrl\":\"https:\/\/progettotouring.it\/radiotouring104\/wp-content\/uploads\/sites\/6\/2022\/04\/bandiera-italia.jpg\",\"keywords\":[\"2 giugno\",\"Filcams Cgil\",\"Fisascat Cisl\",\"sciopero\",\"Uiltucs Uil\"],\"articleSection\":[\"Calabria\",\"Home\",\"News\",\"Reggio Calabria\"],\"inLanguage\":\"it-IT\",\"potentialAction\":[{\"@type\":\"CommentAction\",\"name\":\"Comment\",\"target\":[\"https:\/\/progettotouring.it\/radiotouring104\/2022\/05\/28\/proclamato-lo-sciopero-dei-lavoratori-settore-commercio-e-distribuzione-organizzata\/#respond\"]}]},{\"@type\":\"WebPage\",\"@id\":\"https:\/\/progettotouring.it\/radiotouring104\/2022\/05\/28\/proclamato-lo-sciopero-dei-lavoratori-settore-commercio-e-distribuzione-organizzata\/\",\"url\":\"https:\/\/progettotouring.it\/radiotouring104\/2022\/05\/28\/proclamato-lo-sciopero-dei-lavoratori-settore-commercio-e-distribuzione-organizzata\/\",\"name\":\"Proclamato lo sciopero dei lavoratori settore Commercio e Distribuzione\",\"isPartOf\":{\"@id\":\"https:\/\/progettotouring.it\/radiotouring104\/#website\"},\"primaryImageOfPage\":{\"@id\":\"https:\/\/progettotouring.it\/radiotouring104\/2022\/05\/28\/proclamato-lo-sciopero-dei-lavoratori-settore-commercio-e-distribuzione-organizzata\/#primaryimage\"},\"image\":{\"@id\":\"https:\/\/progettotouring.it\/radiotouring104\/2022\/05\/28\/proclamato-lo-sciopero-dei-lavoratori-settore-commercio-e-distribuzione-organizzata\/#primaryimage\"},\"thumbnailUrl\":\"https:\/\/progettotouring.it\/radiotouring104\/wp-content\/uploads\/sites\/6\/2022\/04\/bandiera-italia.jpg\",\"datePublished\":\"2022-05-28T09:52:39+00:00\",\"description\":\"Filcams Cgil - Fisascat Cisl - Uiltucs Uil della Calabria hanno proclamato lo sciopero del settore per il prossimo 2 giugno\",\"breadcrumb\":{\"@id\":\"https:\/\/progettotouring.it\/radiotouring104\/2022\/05\/28\/proclamato-lo-sciopero-dei-lavoratori-settore-commercio-e-distribuzione-organizzata\/#breadcrumb\"},\"inLanguage\":\"it-IT\",\"potentialAction\":[{\"@type\":\"ReadAction\",\"target\":[\"https:\/\/progettotouring.it\/radiotouring104\/2022\/05\/28\/proclamato-lo-sciopero-dei-lavoratori-settore-commercio-e-distribuzione-organizzata\/\"]}]},{\"@type\":\"ImageObject\",\"inLanguage\":\"it-IT\",\"@id\":\"https:\/\/progettotouring.it\/radiotouring104\/2022\/05\/28\/proclamato-lo-sciopero-dei-lavoratori-settore-commercio-e-distribuzione-organizzata\/#primaryimage\",\"url\":\"https:\/\/progettotouring.it\/radiotouring104\/wp-content\/uploads\/sites\/6\/2022\/04\/bandiera-italia.jpg\",\"contentUrl\":\"https:\/\/progettotouring.it\/radiotouring104\/wp-content\/uploads\/sites\/6\/2022\/04\/bandiera-italia.jpg\",\"width\":1280,\"height\":960,\"caption\":\"bandiera italiana\"},{\"@type\":\"BreadcrumbList\",\"@id\":\"https:\/\/progettotouring.it\/radiotouring104\/2022\/05\/28\/proclamato-lo-sciopero-dei-lavoratori-settore-commercio-e-distribuzione-organizzata\/#breadcrumb\",\"itemListElement\":[{\"@type\":\"ListItem\",\"position\":1,\"name\":\"Home\",\"item\":\"https:\/\/progettotouring.it\/radiotouring104\/\"},{\"@type\":\"ListItem\",\"position\":2,\"name\":\"Proclamato lo sciopero dei lavoratori settore Commercio e Distribuzione organizzata\"}]},{\"@type\":\"WebSite\",\"@id\":\"https:\/\/progettotouring.it\/radiotouring104\/#website\",\"url\":\"https:\/\/progettotouring.it\/radiotouring104\/\",\"name\":\"Radio Touring 104\",\"description\":\"La prima radio Reggina\",\"publisher\":{\"@id\":\"https:\/\/progettotouring.it\/radiotouring104\/#organization\"},\"potentialAction\":[{\"@type\":\"SearchAction\",\"target\":{\"@type\":\"EntryPoint\",\"urlTemplate\":\"https:\/\/progettotouring.it\/radiotouring104\/?s={search_term_string}\"},\"query-input\":{\"@type\":\"PropertyValueSpecification\",\"valueRequired\":true,\"valueName\":\"search_term_string\"}}],\"inLanguage\":\"it-IT\"},{\"@type\":\"Organization\",\"@id\":\"https:\/\/progettotouring.it\/radiotouring104\/#organization\",\"name\":\"Radio Touring 104\",\"url\":\"https:\/\/progettotouring.it\/radiotouring104\/\",\"logo\":{\"@type\":\"ImageObject\",\"inLanguage\":\"it-IT\",\"@id\":\"https:\/\/progettotouring.it\/radiotouring104\/#\/schema\/logo\/image\/\",\"url\":\"https:\/\/progettotouring.it\/radiotouring104\/wp-content\/uploads\/sites\/6\/2022\/02\/cropped-logo-radio-touring-104.png\",\"contentUrl\":\"https:\/\/progettotouring.it\/radiotouring104\/wp-content\/uploads\/sites\/6\/2022\/02\/cropped-logo-radio-touring-104.png\",\"width\":377,\"height\":182,\"caption\":\"Radio Touring 104\"},\"image\":{\"@id\":\"https:\/\/progettotouring.it\/radiotouring104\/#\/schema\/logo\/image\/\"}},{\"@type\":\"Person\",\"@id\":\"https:\/\/progettotouring.it\/radiotouring104\/#\/schema\/person\/f01f189b71df20dcfc0890eea7e67a0e\",\"name\":\"Chiara Cucinotta\",\"image\":{\"@type\":\"ImageObject\",\"inLanguage\":\"it-IT\",\"@id\":\"https:\/\/secure.gravatar.com\/avatar\/efe17e5613fdef9b05741a23cd4ef4e9b1c39955d8fe11176cb1da3641c96104?s=96&d=mm&r=g\",\"url\":\"https:\/\/secure.gravatar.com\/avatar\/efe17e5613fdef9b05741a23cd4ef4e9b1c39955d8fe11176cb1da3641c96104?s=96&d=mm&r=g\",\"contentUrl\":\"https:\/\/secure.gravatar.com\/avatar\/efe17e5613fdef9b05741a23cd4ef4e9b1c39955d8fe11176cb1da3641c96104?s=96&d=mm&r=g\",\"caption\":\"Chiara Cucinotta\"},\"sameAs\":[\"https:\/\/progettotouring.it\"],\"url\":\"https:\/\/progettotouring.it\/radiotouring104\/author\/auranex\/\"}]}<\/script>\n<!-- \/ Yoast SEO plugin. -->","yoast_head_json":{"title":"Proclamato lo sciopero dei lavoratori settore Commercio e Distribuzione","description":"Filcams Cgil - Fisascat Cisl - Uiltucs Uil della Calabria hanno proclamato lo sciopero del settore per il prossimo 2 giugno","robots":{"index":"index","follow":"follow","max-snippet":"max-snippet:-1","max-image-preview":"max-image-preview:large","max-video-preview":"max-video-preview:-1"},"canonical":"https:\/\/progettotouring.it\/radiotouring104\/2022\/05\/28\/proclamato-lo-sciopero-dei-lavoratori-settore-commercio-e-distribuzione-organizzata\/","og_locale":"it_IT","og_type":"article","og_title":"Proclamato lo sciopero dei lavoratori settore Commercio e Distribuzione","og_description":"Filcams Cgil - Fisascat Cisl - Uiltucs Uil della Calabria hanno proclamato lo sciopero del settore per il prossimo 2 giugno","og_url":"https:\/\/progettotouring.it\/radiotouring104\/2022\/05\/28\/proclamato-lo-sciopero-dei-lavoratori-settore-commercio-e-distribuzione-organizzata\/","og_site_name":"Radio Touring 104","article_published_time":"2022-05-28T09:52:39+00:00","og_image":[{"width":1280,"height":960,"url":"https:\/\/progettotouring.it\/radiotouring104\/wp-content\/uploads\/sites\/6\/2022\/04\/bandiera-italia.jpg","type":"image\/jpeg"}],"author":"Chiara Cucinotta","twitter_card":"summary_large_image","twitter_misc":{"Scritto da":"Chiara Cucinotta","Tempo di lettura stimato":"1 minuto"},"schema":{"@context":"https:\/\/schema.org","@graph":[{"@type":"Article","@id":"https:\/\/progettotouring.it\/radiotouring104\/2022\/05\/28\/proclamato-lo-sciopero-dei-lavoratori-settore-commercio-e-distribuzione-organizzata\/#article","isPartOf":{"@id":"https:\/\/progettotouring.it\/radiotouring104\/2022\/05\/28\/proclamato-lo-sciopero-dei-lavoratori-settore-commercio-e-distribuzione-organizzata\/"},"author":{"name":"Chiara Cucinotta","@id":"https:\/\/progettotouring.it\/radiotouring104\/#\/schema\/person\/f01f189b71df20dcfc0890eea7e67a0e"},"headline":"Proclamato lo sciopero dei lavoratori settore Commercio e Distribuzione organizzata","datePublished":"2022-05-28T09:52:39+00:00","mainEntityOfPage":{"@id":"https:\/\/progettotouring.it\/radiotouring104\/2022\/05\/28\/proclamato-lo-sciopero-dei-lavoratori-settore-commercio-e-distribuzione-organizzata\/"},"wordCount":165,"commentCount":0,"publisher":{"@id":"https:\/\/progettotouring.it\/radiotouring104\/#organization"},"image":{"@id":"https:\/\/progettotouring.it\/radiotouring104\/2022\/05\/28\/proclamato-lo-sciopero-dei-lavoratori-settore-commercio-e-distribuzione-organizzata\/#primaryimage"},"thumbnailUrl":"https:\/\/progettotouring.it\/radiotouring104\/wp-content\/uploads\/sites\/6\/2022\/04\/bandiera-italia.jpg","keywords":["2 giugno","Filcams Cgil","Fisascat Cisl","sciopero","Uiltucs Uil"],"articleSection":["Calabria","Home","News","Reggio Calabria"],"inLanguage":"it-IT","potentialAction":[{"@type":"CommentAction","name":"Comment","target":["https:\/\/progettotouring.it\/radiotouring104\/2022\/05\/28\/proclamato-lo-sciopero-dei-lavoratori-settore-commercio-e-distribuzione-organizzata\/#respond"]}]},{"@type":"WebPage","@id":"https:\/\/progettotouring.it\/radiotouring104\/2022\/05\/28\/proclamato-lo-sciopero-dei-lavoratori-settore-commercio-e-distribuzione-organizzata\/","url":"https:\/\/progettotouring.it\/radiotouring104\/2022\/05\/28\/proclamato-lo-sciopero-dei-lavoratori-settore-commercio-e-distribuzione-organizzata\/","name":"Proclamato lo sciopero dei lavoratori settore Commercio e Distribuzione","isPartOf":{"@id":"https:\/\/progettotouring.it\/radiotouring104\/#website"},"primaryImageOfPage":{"@id":"https:\/\/progettotouring.it\/radiotouring104\/2022\/05\/28\/proclamato-lo-sciopero-dei-lavoratori-settore-commercio-e-distribuzione-organizzata\/#primaryimage"},"image":{"@id":"https:\/\/progettotouring.it\/radiotouring104\/2022\/05\/28\/proclamato-lo-sciopero-dei-lavoratori-settore-commercio-e-distribuzione-organizzata\/#primaryimage"},"thumbnailUrl":"https:\/\/progettotouring.it\/radiotouring104\/wp-content\/uploads\/sites\/6\/2022\/04\/bandiera-italia.jpg","datePublished":"2022-05-28T09:52:39+00:00","description":"Filcams Cgil - Fisascat Cisl - Uiltucs Uil della Calabria hanno proclamato lo sciopero del settore per il prossimo 2 giugno","breadcrumb":{"@id":"https:\/\/progettotouring.it\/radiotouring104\/2022\/05\/28\/proclamato-lo-sciopero-dei-lavoratori-settore-commercio-e-distribuzione-organizzata\/#breadcrumb"},"inLanguage":"it-IT","potentialAction":[{"@type":"ReadAction","target":["https:\/\/progettotouring.it\/radiotouring104\/2022\/05\/28\/proclamato-lo-sciopero-dei-lavoratori-settore-commercio-e-distribuzione-organizzata\/"]}]},{"@type":"ImageObject","inLanguage":"it-IT","@id":"https:\/\/progettotouring.it\/radiotouring104\/2022\/05\/28\/proclamato-lo-sciopero-dei-lavoratori-settore-commercio-e-distribuzione-organizzata\/#primaryimage","url":"https:\/\/progettotouring.it\/radiotouring104\/wp-content\/uploads\/sites\/6\/2022\/04\/bandiera-italia.jpg","contentUrl":"https:\/\/progettotouring.it\/radiotouring104\/wp-content\/uploads\/sites\/6\/2022\/04\/bandiera-italia.jpg","width":1280,"height":960,"caption":"bandiera italiana"},{"@type":"BreadcrumbList","@id":"https:\/\/progettotouring.it\/radiotouring104\/2022\/05\/28\/proclamato-lo-sciopero-dei-lavoratori-settore-commercio-e-distribuzione-organizzata\/#breadcrumb","itemListElement":[{"@type":"ListItem","position":1,"name":"Home","item":"https:\/\/progettotouring.it\/radiotouring104\/"},{"@type":"ListItem","position":2,"name":"Proclamato lo sciopero dei lavoratori settore Commercio e Distribuzione organizzata"}]},{"@type":"WebSite","@id":"https:\/\/progettotouring.it\/radiotouring104\/#website","url":"https:\/\/progettotouring.it\/radiotouring104\/","name":"Radio Touring 104","description":"La prima radio Reggina","publisher":{"@id":"https:\/\/progettotouring.it\/radiotouring104\/#organization"},"potentialAction":[{"@type":"SearchAction","target":{"@type":"EntryPoint","urlTemplate":"https:\/\/progettotouring.it\/radiotouring104\/?s={search_term_string}"},"query-input":{"@type":"PropertyValueSpecification","valueRequired":true,"valueName":"search_term_string"}}],"inLanguage":"it-IT"},{"@type":"Organization","@id":"https:\/\/progettotouring.it\/radiotouring104\/#organization","name":"Radio Touring 104","url":"https:\/\/progettotouring.it\/radiotouring104\/","logo":{"@type":"ImageObject","inLanguage":"it-IT","@id":"https:\/\/progettotouring.it\/radiotouring104\/#\/schema\/logo\/image\/","url":"https:\/\/progettotouring.it\/radiotouring104\/wp-content\/uploads\/sites\/6\/2022\/02\/cropped-logo-radio-touring-104.png","contentUrl":"https:\/\/progettotouring.it\/radiotouring104\/wp-content\/uploads\/sites\/6\/2022\/02\/cropped-logo-radio-touring-104.png","width":377,"height":182,"caption":"Radio Touring 104"},"image":{"@id":"https:\/\/progettotouring.it\/radiotouring104\/#\/schema\/logo\/image\/"}},{"@type":"Person","@id":"https:\/\/progettotouring.it\/radiotouring104\/#\/schema\/person\/f01f189b71df20dcfc0890eea7e67a0e","name":"Chiara Cucinotta","image":{"@type":"ImageObject","inLanguage":"it-IT","@id":"https:\/\/secure.gravatar.com\/avatar\/efe17e5613fdef9b05741a23cd4ef4e9b1c39955d8fe11176cb1da3641c96104?s=96&d=mm&r=g","url":"https:\/\/secure.gravatar.com\/avatar\/efe17e5613fdef9b05741a23cd4ef4e9b1c39955d8fe11176cb1da3641c96104?s=96&d=mm&r=g","contentUrl":"https:\/\/secure.gravatar.com\/avatar\/efe17e5613fdef9b05741a23cd4ef4e9b1c39955d8fe11176cb1da3641c96104?s=96&d=mm&r=g","caption":"Chiara Cucinotta"},"sameAs":["https:\/\/progettotouring.it"],"url":"https:\/\/progettotouring.it\/radiotouring104\/author\/auranex\/"}]}},"jetpack_publicize_connections":[],"jetpack_featured_media_url":"https:\/\/progettotouring.it\/radiotouring104\/wp-content\/uploads\/sites\/6\/2022\/04\/bandiera-italia.jpg","jetpack_sharing_enabled":true,"_links":{"self":[{"href":"https:\/\/progettotouring.it\/radiotouring104\/wp-json\/wp\/v2\/posts\/5944","targetHints":{"allow":["GET"]}}],"collection":[{"href":"https:\/\/progettotouring.it\/radiotouring104\/wp-json\/wp\/v2\/posts"}],"about":[{"href":"https:\/\/progettotouring.it\/radiotouring104\/wp-json\/wp\/v2\/types\/post"}],"author":[{"embeddable":true,"href":"https:\/\/progettotouring.it\/radiotouring104\/wp-json\/wp\/v2\/users\/1"}],"replies":[{"embeddable":true,"href":"https:\/\/progettotouring.it\/radiotouring104\/wp-json\/wp\/v2\/comments?post=5944"}],"version-history":[{"count":1,"href":"https:\/\/progettotouring.it\/radiotouring104\/wp-json\/wp\/v2\/posts\/5944\/revisions"}],"predecessor-version":[{"id":5945,"href":"https:\/\/progettotouring.it\/radiotouring104\/wp-json\/wp\/v2\/posts\/5944\/revisions\/5945"}],"wp:featuredmedia":[{"embeddable":true,"href":"https:\/\/progettotouring.it\/radiotouring104\/wp-json\/wp\/v2\/media\/3627"}],"wp:attachment":[{"href":"https:\/\/progettotouring.it\/radiotouring104\/wp-json\/wp\/v2\/media?parent=5944"}],"wp:term":[{"taxonomy":"category","embeddable":true,"href":"https:\/\/progettotouring.it\/radiotouring104\/wp-json\/wp\/v2\/categories?post=5944"},{"taxonomy":"post_tag","embeddable":true,"href":"https:\/\/progettotouring.it\/radiotouring104\/wp-json\/wp\/v2\/tags?post=5944"}],"curies":[{"name":"wp","href":"https:\/\/api.w.org\/{rel}","templated":true}]}}