{"id":59817,"date":"2024-10-16T10:50:57","date_gmt":"2024-10-16T08:50:57","guid":{"rendered":"https:\/\/progettotouring.it\/radiotouring104\/?p=59817"},"modified":"2024-10-16T10:50:57","modified_gmt":"2024-10-16T08:50:57","slug":"consiglio-regionale-ok-in-commissione-salute-alla-proposta-sullistituzione-del-registro-diabete","status":"publish","type":"post","link":"https:\/\/progettotouring.it\/radiotouring104\/2024\/10\/16\/consiglio-regionale-ok-in-commissione-salute-alla-proposta-sullistituzione-del-registro-diabete\/","title":{"rendered":"Consiglio Regionale: ok in Commissione salute alla proposta sull&#8217;istituzione del Registro Diabete"},"content":{"rendered":"<p style=\"text-align: justify\"><strong>Si bipartisan alla Proposta di Legge del Consigliere regionale Domenico Giannetta<\/strong> (FI) <strong>che prevede l\u2019Istituzione del Registro Regionale dei Pazienti Diabetici della Calabria, RRDC.<\/strong><\/p>\n<p><em>\u201cHo ritenuto doveroso impegnare il Consiglio regionale della Calabria su una patologia pandemica cronica che sta diventando sempre pi\u00f9 dilagante<\/em><strong> &#8211; dichiara il Consigliere <\/strong><em><strong>&#8211;<\/strong> e ho apprezzato l\u2019accoglienza che la proposta ha ricevuto da parte di tutte le forze politiche.<\/em><\/p>\n<p><em>E\u2019 stata colta l\u2019urgenza di affrontare il tema del diabete nella sua complessit<\/em>\u00e0 <strong>&#8211; evidenzia Giannetta<\/strong> <em>&#8211; ed \u00e8 stato apprezzato lo strumento legislativo messo in campo. Con il Registro vogliamo essere pi\u00f9 vicini a tutti i calabresi affetti da questa patologia, dai bambini ai pazienti geriatrici, conoscere i loro specifici bisogni, in base alle fasce di et\u00e0, alla tipologia della malattia. Potremo &#8211; sottolinea Giannetta &#8211; essere pi\u00f9 efficaci nella programmazione delle risorse e dei servizi. Pi\u00f9 puntuali nell\u2019assistenza, in tutto il territorio regionale, e pi\u00f9 aderenti ai fabbisogni nei programmi di prevenzione, diagnosi e cura della malattia.<\/em><\/p>\n<p><em>Il Registro RRDC \u00e8 uno strumento cruciale nel quadro della Rete Regionale Assistenziale Diabetologica <strong>&#8211;<\/strong><\/em><strong> dichiara Giannetta &#8211;<\/strong> e, <em>con il contributo di tutte le Asp e il Coordinamento del Dipartimento Salute della Regione Calabria, avremo un costante aggiornamento delle condizioni dei pazienti e dei loro bisogni.<\/em><\/p>\n<p><em>Potremo cos\u00ec sostenere con pi\u00f9 forza le iniziative gi\u00e0 in atto, come i Percorsi Diagnostico Terapeutici Assistenziali e programmare nuovi servizi di cura e nuove campagne di prevenzione e screening &#8211; continua Giannetta &#8211; per intervenire sul diffondersi di una malattia che tende altrimenti a sfuggire ad un attento e puntuale controllo.<\/em><\/p>\n<p><em>Infine, &#8211;<\/em><strong> conclude<\/strong><em><strong> &#8211;<\/strong> ho apprezzato particolarmente la sensibilit\u00e0 mostrata alla proposta di aderire alla Giornata mondiale del Diabete e, unitamente alle iniziative di sensibilizzazione e prevenzione, illuminare, simbolicamente di blu il Palazzo del Consiglio regionale della Calabria il 14 Novembre di ogni anno\u201d.<\/em><\/p>\n","protected":false},"excerpt":{"rendered":"<p>Si bipartisan alla Proposta di Legge del Consigliere regionale Domenico Giannetta (FI) che prevede l\u2019Istituzione del Registro Regionale dei Pazienti Diabetici della Calabria, RRDC. \u201cHo ritenuto doveroso impegnare il Consiglio&hellip;<\/p>\n","protected":false},"author":12,"featured_media":22932,"comment_status":"closed","ping_status":"open","sticky":false,"template":"","format":"standard","meta":{"_jetpack_memberships_contains_paid_content":false,"footnotes":"","jetpack_publicize_message":"","jetpack_publicize_feature_enabled":true,"jetpack_social_post_already_shared":false,"jetpack_social_options":{"image_generator_settings":{"template":"highway","default_image_id":0,"font":"","enabled":false},"version":2}},"categories":[921,196,140],"tags":[36480,36478,36477,36479],"class_list":["post-59817","post","type-post","status-publish","format-standard","has-post-thumbnail","hentry","category-home","category-news","category-reggio-calabria","tag-consigliere-giannetta","tag-ok-in-commissione-salute","tag-registro-diabete","tag-si-bipartisan-alla-proposta-di-legge"],"yoast_head":"<!-- This site is optimized with the Yoast SEO plugin v27.2 - https:\/\/yoast.com\/product\/yoast-seo-wordpress\/ -->\n<title>Consiglio Regionale: ok a proposta su istituzione Registro Diabete<\/title>\n<meta name=\"description\" content=\"Arriva il Si bipartisan, in Commissione Salute, alla proposta di legge del Consigliere Giannetta per l&#039;istituzione del Registro Diabete\" \/>\n<meta name=\"robots\" content=\"index, follow, max-snippet:-1, max-image-preview:large, max-video-preview:-1\" \/>\n<link rel=\"canonical\" href=\"https:\/\/progettotouring.it\/radiotouring104\/2024\/10\/16\/consiglio-regionale-ok-in-commissione-salute-alla-proposta-sullistituzione-del-registro-diabete\/\" \/>\n<meta property=\"og:locale\" content=\"it_IT\" \/>\n<meta property=\"og:type\" content=\"article\" \/>\n<meta property=\"og:title\" content=\"Consiglio Regionale: ok a proposta su istituzione Registro Diabete\" \/>\n<meta property=\"og:description\" content=\"Arriva il Si bipartisan, in Commissione Salute, alla proposta di legge del Consigliere Giannetta per l&#039;istituzione del Registro Diabete\" \/>\n<meta property=\"og:url\" content=\"https:\/\/progettotouring.it\/radiotouring104\/2024\/10\/16\/consiglio-regionale-ok-in-commissione-salute-alla-proposta-sullistituzione-del-registro-diabete\/\" \/>\n<meta property=\"og:site_name\" content=\"Radio Touring 104\" \/>\n<meta property=\"article:published_time\" content=\"2024-10-16T08:50:57+00:00\" \/>\n<meta property=\"og:image\" content=\"https:\/\/progettotouring.it\/radiotouring104\/wp-content\/uploads\/sites\/6\/2023\/04\/Consigliere-Regionale-Domenico-Giannetta.jpg\" \/>\n\t<meta property=\"og:image:width\" content=\"960\" \/>\n\t<meta property=\"og:image:height\" content=\"959\" \/>\n\t<meta property=\"og:image:type\" content=\"image\/jpeg\" \/>\n<meta name=\"author\" content=\"Sebastiano Plutino\" \/>\n<meta name=\"twitter:card\" content=\"summary_large_image\" \/>\n<meta name=\"twitter:label1\" content=\"Scritto da\" \/>\n\t<meta name=\"twitter:data1\" content=\"Sebastiano Plutino\" \/>\n\t<meta name=\"twitter:label2\" content=\"Tempo di lettura stimato\" \/>\n\t<meta name=\"twitter:data2\" content=\"2 minuti\" \/>\n<script type=\"application\/ld+json\" class=\"yoast-schema-graph\">{\"@context\":\"https:\/\/schema.org\",\"@graph\":[{\"@type\":\"Article\",\"@id\":\"https:\/\/progettotouring.it\/radiotouring104\/2024\/10\/16\/consiglio-regionale-ok-in-commissione-salute-alla-proposta-sullistituzione-del-registro-diabete\/#article\",\"isPartOf\":{\"@id\":\"https:\/\/progettotouring.it\/radiotouring104\/2024\/10\/16\/consiglio-regionale-ok-in-commissione-salute-alla-proposta-sullistituzione-del-registro-diabete\/\"},\"author\":{\"name\":\"Sebastiano Plutino\",\"@id\":\"https:\/\/progettotouring.it\/radiotouring104\/#\/schema\/person\/78613917f1851f041f7483f5af1d422e\"},\"headline\":\"Consiglio Regionale: ok in Commissione salute alla proposta sull&#8217;istituzione del Registro Diabete\",\"datePublished\":\"2024-10-16T08:50:57+00:00\",\"mainEntityOfPage\":{\"@id\":\"https:\/\/progettotouring.it\/radiotouring104\/2024\/10\/16\/consiglio-regionale-ok-in-commissione-salute-alla-proposta-sullistituzione-del-registro-diabete\/\"},\"wordCount\":320,\"publisher\":{\"@id\":\"https:\/\/progettotouring.it\/radiotouring104\/#organization\"},\"image\":{\"@id\":\"https:\/\/progettotouring.it\/radiotouring104\/2024\/10\/16\/consiglio-regionale-ok-in-commissione-salute-alla-proposta-sullistituzione-del-registro-diabete\/#primaryimage\"},\"thumbnailUrl\":\"https:\/\/progettotouring.it\/radiotouring104\/wp-content\/uploads\/sites\/6\/2023\/04\/Consigliere-Regionale-Domenico-Giannetta.jpg\",\"keywords\":[\"Consigliere Giannetta\",\"Ok in Commissione Salute\",\"Registro Diabete\",\"Si bipartisan alla proposta di legge\"],\"articleSection\":[\"Home\",\"News\",\"Reggio Calabria\"],\"inLanguage\":\"it-IT\"},{\"@type\":\"WebPage\",\"@id\":\"https:\/\/progettotouring.it\/radiotouring104\/2024\/10\/16\/consiglio-regionale-ok-in-commissione-salute-alla-proposta-sullistituzione-del-registro-diabete\/\",\"url\":\"https:\/\/progettotouring.it\/radiotouring104\/2024\/10\/16\/consiglio-regionale-ok-in-commissione-salute-alla-proposta-sullistituzione-del-registro-diabete\/\",\"name\":\"Consiglio Regionale: ok a proposta su istituzione Registro Diabete\",\"isPartOf\":{\"@id\":\"https:\/\/progettotouring.it\/radiotouring104\/#website\"},\"primaryImageOfPage\":{\"@id\":\"https:\/\/progettotouring.it\/radiotouring104\/2024\/10\/16\/consiglio-regionale-ok-in-commissione-salute-alla-proposta-sullistituzione-del-registro-diabete\/#primaryimage\"},\"image\":{\"@id\":\"https:\/\/progettotouring.it\/radiotouring104\/2024\/10\/16\/consiglio-regionale-ok-in-commissione-salute-alla-proposta-sullistituzione-del-registro-diabete\/#primaryimage\"},\"thumbnailUrl\":\"https:\/\/progettotouring.it\/radiotouring104\/wp-content\/uploads\/sites\/6\/2023\/04\/Consigliere-Regionale-Domenico-Giannetta.jpg\",\"datePublished\":\"2024-10-16T08:50:57+00:00\",\"description\":\"Arriva il Si bipartisan, in Commissione Salute, alla proposta di legge del Consigliere Giannetta per l'istituzione del Registro Diabete\",\"breadcrumb\":{\"@id\":\"https:\/\/progettotouring.it\/radiotouring104\/2024\/10\/16\/consiglio-regionale-ok-in-commissione-salute-alla-proposta-sullistituzione-del-registro-diabete\/#breadcrumb\"},\"inLanguage\":\"it-IT\",\"potentialAction\":[{\"@type\":\"ReadAction\",\"target\":[\"https:\/\/progettotouring.it\/radiotouring104\/2024\/10\/16\/consiglio-regionale-ok-in-commissione-salute-alla-proposta-sullistituzione-del-registro-diabete\/\"]}]},{\"@type\":\"ImageObject\",\"inLanguage\":\"it-IT\",\"@id\":\"https:\/\/progettotouring.it\/radiotouring104\/2024\/10\/16\/consiglio-regionale-ok-in-commissione-salute-alla-proposta-sullistituzione-del-registro-diabete\/#primaryimage\",\"url\":\"https:\/\/progettotouring.it\/radiotouring104\/wp-content\/uploads\/sites\/6\/2023\/04\/Consigliere-Regionale-Domenico-Giannetta.jpg\",\"contentUrl\":\"https:\/\/progettotouring.it\/radiotouring104\/wp-content\/uploads\/sites\/6\/2023\/04\/Consigliere-Regionale-Domenico-Giannetta.jpg\",\"width\":960,\"height\":959},{\"@type\":\"BreadcrumbList\",\"@id\":\"https:\/\/progettotouring.it\/radiotouring104\/2024\/10\/16\/consiglio-regionale-ok-in-commissione-salute-alla-proposta-sullistituzione-del-registro-diabete\/#breadcrumb\",\"itemListElement\":[{\"@type\":\"ListItem\",\"position\":1,\"name\":\"Home\",\"item\":\"https:\/\/progettotouring.it\/radiotouring104\/\"},{\"@type\":\"ListItem\",\"position\":2,\"name\":\"Consiglio Regionale: ok in Commissione salute alla proposta sull&#8217;istituzione del Registro Diabete\"}]},{\"@type\":\"WebSite\",\"@id\":\"https:\/\/progettotouring.it\/radiotouring104\/#website\",\"url\":\"https:\/\/progettotouring.it\/radiotouring104\/\",\"name\":\"Radio Touring 104\",\"description\":\"La prima radio Reggina\",\"publisher\":{\"@id\":\"https:\/\/progettotouring.it\/radiotouring104\/#organization\"},\"potentialAction\":[{\"@type\":\"SearchAction\",\"target\":{\"@type\":\"EntryPoint\",\"urlTemplate\":\"https:\/\/progettotouring.it\/radiotouring104\/?s={search_term_string}\"},\"query-input\":{\"@type\":\"PropertyValueSpecification\",\"valueRequired\":true,\"valueName\":\"search_term_string\"}}],\"inLanguage\":\"it-IT\"},{\"@type\":\"Organization\",\"@id\":\"https:\/\/progettotouring.it\/radiotouring104\/#organization\",\"name\":\"Radio Touring 104\",\"url\":\"https:\/\/progettotouring.it\/radiotouring104\/\",\"logo\":{\"@type\":\"ImageObject\",\"inLanguage\":\"it-IT\",\"@id\":\"https:\/\/progettotouring.it\/radiotouring104\/#\/schema\/logo\/image\/\",\"url\":\"https:\/\/progettotouring.it\/radiotouring104\/wp-content\/uploads\/sites\/6\/2022\/02\/cropped-logo-radio-touring-104.png\",\"contentUrl\":\"https:\/\/progettotouring.it\/radiotouring104\/wp-content\/uploads\/sites\/6\/2022\/02\/cropped-logo-radio-touring-104.png\",\"width\":377,\"height\":182,\"caption\":\"Radio Touring 104\"},\"image\":{\"@id\":\"https:\/\/progettotouring.it\/radiotouring104\/#\/schema\/logo\/image\/\"}},{\"@type\":\"Person\",\"@id\":\"https:\/\/progettotouring.it\/radiotouring104\/#\/schema\/person\/78613917f1851f041f7483f5af1d422e\",\"name\":\"Sebastiano Plutino\",\"image\":{\"@type\":\"ImageObject\",\"inLanguage\":\"it-IT\",\"@id\":\"https:\/\/secure.gravatar.com\/avatar\/0546ffaa9b79224faf9f2a156b67a529ae861d3287c66c1d8ccfdf909bcba78d?s=96&d=mm&r=g\",\"url\":\"https:\/\/secure.gravatar.com\/avatar\/0546ffaa9b79224faf9f2a156b67a529ae861d3287c66c1d8ccfdf909bcba78d?s=96&d=mm&r=g\",\"contentUrl\":\"https:\/\/secure.gravatar.com\/avatar\/0546ffaa9b79224faf9f2a156b67a529ae861d3287c66c1d8ccfdf909bcba78d?s=96&d=mm&r=g\",\"caption\":\"Sebastiano Plutino\"},\"url\":\"https:\/\/progettotouring.it\/radiotouring104\/author\/sebastiano\/\"}]}<\/script>\n<!-- \/ Yoast SEO plugin. -->","yoast_head_json":{"title":"Consiglio Regionale: ok a proposta su istituzione Registro Diabete","description":"Arriva il Si bipartisan, in Commissione Salute, alla proposta di legge del Consigliere Giannetta per l'istituzione del Registro Diabete","robots":{"index":"index","follow":"follow","max-snippet":"max-snippet:-1","max-image-preview":"max-image-preview:large","max-video-preview":"max-video-preview:-1"},"canonical":"https:\/\/progettotouring.it\/radiotouring104\/2024\/10\/16\/consiglio-regionale-ok-in-commissione-salute-alla-proposta-sullistituzione-del-registro-diabete\/","og_locale":"it_IT","og_type":"article","og_title":"Consiglio Regionale: ok a proposta su istituzione Registro Diabete","og_description":"Arriva il Si bipartisan, in Commissione Salute, alla proposta di legge del Consigliere Giannetta per l'istituzione del Registro Diabete","og_url":"https:\/\/progettotouring.it\/radiotouring104\/2024\/10\/16\/consiglio-regionale-ok-in-commissione-salute-alla-proposta-sullistituzione-del-registro-diabete\/","og_site_name":"Radio Touring 104","article_published_time":"2024-10-16T08:50:57+00:00","og_image":[{"width":960,"height":959,"url":"https:\/\/progettotouring.it\/radiotouring104\/wp-content\/uploads\/sites\/6\/2023\/04\/Consigliere-Regionale-Domenico-Giannetta.jpg","type":"image\/jpeg"}],"author":"Sebastiano Plutino","twitter_card":"summary_large_image","twitter_misc":{"Scritto da":"Sebastiano Plutino","Tempo di lettura stimato":"2 minuti"},"schema":{"@context":"https:\/\/schema.org","@graph":[{"@type":"Article","@id":"https:\/\/progettotouring.it\/radiotouring104\/2024\/10\/16\/consiglio-regionale-ok-in-commissione-salute-alla-proposta-sullistituzione-del-registro-diabete\/#article","isPartOf":{"@id":"https:\/\/progettotouring.it\/radiotouring104\/2024\/10\/16\/consiglio-regionale-ok-in-commissione-salute-alla-proposta-sullistituzione-del-registro-diabete\/"},"author":{"name":"Sebastiano Plutino","@id":"https:\/\/progettotouring.it\/radiotouring104\/#\/schema\/person\/78613917f1851f041f7483f5af1d422e"},"headline":"Consiglio Regionale: ok in Commissione salute alla proposta sull&#8217;istituzione del Registro Diabete","datePublished":"2024-10-16T08:50:57+00:00","mainEntityOfPage":{"@id":"https:\/\/progettotouring.it\/radiotouring104\/2024\/10\/16\/consiglio-regionale-ok-in-commissione-salute-alla-proposta-sullistituzione-del-registro-diabete\/"},"wordCount":320,"publisher":{"@id":"https:\/\/progettotouring.it\/radiotouring104\/#organization"},"image":{"@id":"https:\/\/progettotouring.it\/radiotouring104\/2024\/10\/16\/consiglio-regionale-ok-in-commissione-salute-alla-proposta-sullistituzione-del-registro-diabete\/#primaryimage"},"thumbnailUrl":"https:\/\/progettotouring.it\/radiotouring104\/wp-content\/uploads\/sites\/6\/2023\/04\/Consigliere-Regionale-Domenico-Giannetta.jpg","keywords":["Consigliere Giannetta","Ok in Commissione Salute","Registro Diabete","Si bipartisan alla proposta di legge"],"articleSection":["Home","News","Reggio Calabria"],"inLanguage":"it-IT"},{"@type":"WebPage","@id":"https:\/\/progettotouring.it\/radiotouring104\/2024\/10\/16\/consiglio-regionale-ok-in-commissione-salute-alla-proposta-sullistituzione-del-registro-diabete\/","url":"https:\/\/progettotouring.it\/radiotouring104\/2024\/10\/16\/consiglio-regionale-ok-in-commissione-salute-alla-proposta-sullistituzione-del-registro-diabete\/","name":"Consiglio Regionale: ok a proposta su istituzione Registro Diabete","isPartOf":{"@id":"https:\/\/progettotouring.it\/radiotouring104\/#website"},"primaryImageOfPage":{"@id":"https:\/\/progettotouring.it\/radiotouring104\/2024\/10\/16\/consiglio-regionale-ok-in-commissione-salute-alla-proposta-sullistituzione-del-registro-diabete\/#primaryimage"},"image":{"@id":"https:\/\/progettotouring.it\/radiotouring104\/2024\/10\/16\/consiglio-regionale-ok-in-commissione-salute-alla-proposta-sullistituzione-del-registro-diabete\/#primaryimage"},"thumbnailUrl":"https:\/\/progettotouring.it\/radiotouring104\/wp-content\/uploads\/sites\/6\/2023\/04\/Consigliere-Regionale-Domenico-Giannetta.jpg","datePublished":"2024-10-16T08:50:57+00:00","description":"Arriva il Si bipartisan, in Commissione Salute, alla proposta di legge del Consigliere Giannetta per l'istituzione del Registro Diabete","breadcrumb":{"@id":"https:\/\/progettotouring.it\/radiotouring104\/2024\/10\/16\/consiglio-regionale-ok-in-commissione-salute-alla-proposta-sullistituzione-del-registro-diabete\/#breadcrumb"},"inLanguage":"it-IT","potentialAction":[{"@type":"ReadAction","target":["https:\/\/progettotouring.it\/radiotouring104\/2024\/10\/16\/consiglio-regionale-ok-in-commissione-salute-alla-proposta-sullistituzione-del-registro-diabete\/"]}]},{"@type":"ImageObject","inLanguage":"it-IT","@id":"https:\/\/progettotouring.it\/radiotouring104\/2024\/10\/16\/consiglio-regionale-ok-in-commissione-salute-alla-proposta-sullistituzione-del-registro-diabete\/#primaryimage","url":"https:\/\/progettotouring.it\/radiotouring104\/wp-content\/uploads\/sites\/6\/2023\/04\/Consigliere-Regionale-Domenico-Giannetta.jpg","contentUrl":"https:\/\/progettotouring.it\/radiotouring104\/wp-content\/uploads\/sites\/6\/2023\/04\/Consigliere-Regionale-Domenico-Giannetta.jpg","width":960,"height":959},{"@type":"BreadcrumbList","@id":"https:\/\/progettotouring.it\/radiotouring104\/2024\/10\/16\/consiglio-regionale-ok-in-commissione-salute-alla-proposta-sullistituzione-del-registro-diabete\/#breadcrumb","itemListElement":[{"@type":"ListItem","position":1,"name":"Home","item":"https:\/\/progettotouring.it\/radiotouring104\/"},{"@type":"ListItem","position":2,"name":"Consiglio Regionale: ok in Commissione salute alla proposta sull&#8217;istituzione del Registro Diabete"}]},{"@type":"WebSite","@id":"https:\/\/progettotouring.it\/radiotouring104\/#website","url":"https:\/\/progettotouring.it\/radiotouring104\/","name":"Radio Touring 104","description":"La prima radio Reggina","publisher":{"@id":"https:\/\/progettotouring.it\/radiotouring104\/#organization"},"potentialAction":[{"@type":"SearchAction","target":{"@type":"EntryPoint","urlTemplate":"https:\/\/progettotouring.it\/radiotouring104\/?s={search_term_string}"},"query-input":{"@type":"PropertyValueSpecification","valueRequired":true,"valueName":"search_term_string"}}],"inLanguage":"it-IT"},{"@type":"Organization","@id":"https:\/\/progettotouring.it\/radiotouring104\/#organization","name":"Radio Touring 104","url":"https:\/\/progettotouring.it\/radiotouring104\/","logo":{"@type":"ImageObject","inLanguage":"it-IT","@id":"https:\/\/progettotouring.it\/radiotouring104\/#\/schema\/logo\/image\/","url":"https:\/\/progettotouring.it\/radiotouring104\/wp-content\/uploads\/sites\/6\/2022\/02\/cropped-logo-radio-touring-104.png","contentUrl":"https:\/\/progettotouring.it\/radiotouring104\/wp-content\/uploads\/sites\/6\/2022\/02\/cropped-logo-radio-touring-104.png","width":377,"height":182,"caption":"Radio Touring 104"},"image":{"@id":"https:\/\/progettotouring.it\/radiotouring104\/#\/schema\/logo\/image\/"}},{"@type":"Person","@id":"https:\/\/progettotouring.it\/radiotouring104\/#\/schema\/person\/78613917f1851f041f7483f5af1d422e","name":"Sebastiano Plutino","image":{"@type":"ImageObject","inLanguage":"it-IT","@id":"https:\/\/secure.gravatar.com\/avatar\/0546ffaa9b79224faf9f2a156b67a529ae861d3287c66c1d8ccfdf909bcba78d?s=96&d=mm&r=g","url":"https:\/\/secure.gravatar.com\/avatar\/0546ffaa9b79224faf9f2a156b67a529ae861d3287c66c1d8ccfdf909bcba78d?s=96&d=mm&r=g","contentUrl":"https:\/\/secure.gravatar.com\/avatar\/0546ffaa9b79224faf9f2a156b67a529ae861d3287c66c1d8ccfdf909bcba78d?s=96&d=mm&r=g","caption":"Sebastiano Plutino"},"url":"https:\/\/progettotouring.it\/radiotouring104\/author\/sebastiano\/"}]}},"jetpack_publicize_connections":[],"jetpack_featured_media_url":"https:\/\/progettotouring.it\/radiotouring104\/wp-content\/uploads\/sites\/6\/2023\/04\/Consigliere-Regionale-Domenico-Giannetta.jpg","jetpack_sharing_enabled":true,"_links":{"self":[{"href":"https:\/\/progettotouring.it\/radiotouring104\/wp-json\/wp\/v2\/posts\/59817","targetHints":{"allow":["GET"]}}],"collection":[{"href":"https:\/\/progettotouring.it\/radiotouring104\/wp-json\/wp\/v2\/posts"}],"about":[{"href":"https:\/\/progettotouring.it\/radiotouring104\/wp-json\/wp\/v2\/types\/post"}],"author":[{"embeddable":true,"href":"https:\/\/progettotouring.it\/radiotouring104\/wp-json\/wp\/v2\/users\/12"}],"replies":[{"embeddable":true,"href":"https:\/\/progettotouring.it\/radiotouring104\/wp-json\/wp\/v2\/comments?post=59817"}],"version-history":[{"count":1,"href":"https:\/\/progettotouring.it\/radiotouring104\/wp-json\/wp\/v2\/posts\/59817\/revisions"}],"predecessor-version":[{"id":59818,"href":"https:\/\/progettotouring.it\/radiotouring104\/wp-json\/wp\/v2\/posts\/59817\/revisions\/59818"}],"wp:featuredmedia":[{"embeddable":true,"href":"https:\/\/progettotouring.it\/radiotouring104\/wp-json\/wp\/v2\/media\/22932"}],"wp:attachment":[{"href":"https:\/\/progettotouring.it\/radiotouring104\/wp-json\/wp\/v2\/media?parent=59817"}],"wp:term":[{"taxonomy":"category","embeddable":true,"href":"https:\/\/progettotouring.it\/radiotouring104\/wp-json\/wp\/v2\/categories?post=59817"},{"taxonomy":"post_tag","embeddable":true,"href":"https:\/\/progettotouring.it\/radiotouring104\/wp-json\/wp\/v2\/tags?post=59817"}],"curies":[{"name":"wp","href":"https:\/\/api.w.org\/{rel}","templated":true}]}}