{"id":59819,"date":"2024-10-16T11:00:20","date_gmt":"2024-10-16T09:00:20","guid":{"rendered":"https:\/\/progettotouring.it\/radiotouring104\/?p=59819"},"modified":"2024-10-16T11:00:20","modified_gmt":"2024-10-16T09:00:20","slug":"vibo-valentia-listituto-per-la-famiglia-ionadi-conclude-il-progetto-lumina","status":"publish","type":"post","link":"https:\/\/progettotouring.it\/radiotouring104\/2024\/10\/16\/vibo-valentia-listituto-per-la-famiglia-ionadi-conclude-il-progetto-lumina\/","title":{"rendered":"Vibo Valentia: l&#8217;Istituto per la Famiglia Ionadi conclude il progetto LUMINA"},"content":{"rendered":"<p style=\"text-align: justify\">L\u2019Associazione di Volontariato Istituto per la Famiglia Sez. 278 Ionadi (VV) , afferente al sistema socio- lavorativo Azione Cristiana Umanitaria, fondato dal missionario cristiano <strong>Gilberto Perri<\/strong> e nato dall\u2019ispirazione cristiana \u201c<em>Nel bene del tuo prossimo sta il tuo bene\u201d<\/em>, annuncia la conclusione del progetto <strong>LUMINA<\/strong>, un\u2019iniziativa che ha contribuito in maniera attiva e costante al miglioramento della qualit\u00e0 della vita di giovani, adulti e anziani, ponendosi come promotore di attivit\u00e0 innovative e di grande rilevanza nel <strong>Terzo Settore<\/strong>.<\/p>\n<p style=\"text-align: justify\">IL presidente <strong>Luigi Leone<\/strong> ci offre una breve sintesi: \u201c<em>Il progetto, partito a gennaio 2024, ha dato vita allo <strong>Sportello INTERATTIVO LUMINA<\/strong>, uno spazio dedicato al supporto informativo e assistenziale per la comunit\u00e0. Attraverso questo sportello, l&#8217;Istituto Per la Famiglia sez. 278 ha risposto in maniera concreta ai bisogni quotidiani della cittadinanza, fornendo consulenze gratuite su orientamento scolastico, universitario e lavorativo, assistenza alla compilazione di documenti e bollette, e informazioni su agevolazioni e bonus pubblici. In un contesto in cui gli strumenti tradizionali di comunicazione amministrativa risultano spesso obsoleti o inefficaci, LUMINA ha creato un <strong>canale di informazione accessibile e capillare<\/strong>, rivolto non solo ai residenti di Ionadi, ma anche ai cittadini dei comuni limitrofi. Grazie all&#8217;attivazione di questo servizio, \u00e8 stato possibile raggiungere oltre <strong>720 persone<\/strong>, offrendo loro assistenza personalizzata e strumenti utili per migliorare la propria qualit\u00e0 di vita<\/em>.\u201d<\/p>\n<p style=\"text-align: justify\">Inoltre, le attivit\u00e0 progettuali si sono distinte per la capacit\u00e0 di <strong>promuovere la cittadinanza attiva e la consapevolezza dei propri diritti<\/strong>, rendendo i cittadini pi\u00f9 informati e partecipi della vita pubblica. A supporto di questo obiettivo, sono stati organizzati <strong>numerosi corsi di formazione gratuiti<\/strong> per diverse fasce della popolazione: corsi di digitalizzazione per anziani, di alfabetizzazione per stranieri, di sicurezza e privacy sul posto di lavoro, nonch\u00e9 un corso di protezione civile che ha coinvolto direttamente i cittadini nella gestione delle emergenze.<\/p>\n<p style=\"text-align: justify\">Ci illustrano i responsabili della comunicazione <strong>Yael Ripepi<\/strong> ed <strong>Emanuele Casuscelli<\/strong>: <em>\u201cLUMINA si \u00e8 anche impegnato nella sensibilizzazione della popolazione su tematiche sociali fondamentali utilizzando i pi\u00f9 conosciuti social networks per contrastare fenomeni come il cyberbullismo, la violenza di genere e le nuove dipendenze. Attraverso dei <strong>seminari formativi nelle scuole<\/strong> sono stati coinvolti oltre 1.000 studenti. L\u2019utilizzo di strumenti multimediali ha risposto efficacemente ad alcune problematiche locali, come la scarsa digitalizzazione tra gli anziani e l\u2019integrazione degli stranieri, fornendo strumenti pratici e soluzioni innovative.\u201d<\/em><\/p>\n<p style=\"text-align: justify\">In linea con la sua missione di supporto alle fasce pi\u00f9 vulnerabili, il progetto LUMINA ha facilitato l\u2019accesso a servizi pubblici e privati, migliorando la comunicazione tra cittadini ed enti locali, e promuovendo la <strong>collaborazione interistituzionale<\/strong> tra il settore pubblico e quello del volontariato. Un elemento distintivo del progetto \u00e8 stato proprio la capacit\u00e0 di integrare servizi telematici e tradizionali, offrendo un sostegno concreto a chi aveva difficolt\u00e0 nell&#8217;utilizzo delle tecnologie, come gli anziani o le persone con basse competenze digitali. Inoltre, il progetto ha contribuito in modo significativo al <strong>rafforzamento delle reti sociali e della solidariet\u00e0 locale<\/strong>, organizzando eventi come la presentazione del libro \u201c<em>La bambina e il suo coraggio<\/em>\u201d di <strong>Maria Grazia Bova<\/strong>, pubblicato da <strong>Laruffa Editore<\/strong> che ha visto la partecipazione del Garante per l\u2019infanzia e l\u2019adolescenza <strong>Antonio Marziale<\/strong>. Durante l\u2019incontro \u00e8 stato affrontato il delicato tema degli abusi sui minori. Molteplici giornate di raccolta fondi hanno coinvolto numerosi cittadini e istituzioni locali.<\/p>\n<p style=\"text-align: justify\">In questi giorni in cui l\u2019opinione pubblica mette in discussione la fede cristiana volendola relegare a fenomeno di creduloneria e simil superstizione \u00e8 l\u2019evidenza a mostrare il contrario. L&#8217;Istituto per la Famiglia Sez. 278 di Ionadi, che da oltre dieci anni opera su tutto il territorio vibonese assistendo numerose famiglie e individui bisognosi con l\u2019obiettivo di restituire loro dignit\u00e0 sociale, desidera ringraziare tutti coloro che hanno collaborato al <strong>Progetto LUMINA<\/strong>, dai volontari agli attori locali, dimostrando ancora una volta il proprio ruolo centrale nella promozione di iniziative di grande rilevanza sociale nel <strong>Terzo Settore<\/strong>. I risultati raggiunti confermano quanto sia fondamentale il lavoro sinergico tra istituzioni e cittadini per rispondere in modo efficace ai bisogni emergenti della societ\u00e0. Con la conclusione delle attivit\u00e0 progettuali, l\u2019Istituto si impegna a continuare il suo prezioso operato nell\u2019assistenza e nella promozione sociale, con l\u2019auspicio che il <strong>Progetto LUMINA<\/strong> possa fungere da modello di riferimento per future iniziative di inclusione, formazione e partecipazione civica.<\/p>\n","protected":false},"excerpt":{"rendered":"<p>L\u2019Associazione di Volontariato Istituto per la Famiglia Sez. 278 Ionadi (VV) , afferente al sistema socio- lavorativo Azione Cristiana Umanitaria, fondato dal missionario cristiano Gilberto Perri e nato dall\u2019ispirazione cristiana&hellip;<\/p>\n","protected":false},"author":12,"featured_media":59820,"comment_status":"closed","ping_status":"open","sticky":false,"template":"","format":"standard","meta":{"_jetpack_memberships_contains_paid_content":false,"footnotes":"","jetpack_publicize_message":"","jetpack_publicize_feature_enabled":true,"jetpack_social_post_already_shared":false,"jetpack_social_options":{"image_generator_settings":{"template":"highway","default_image_id":0,"font":"","enabled":false},"version":2}},"categories":[142,921,196,140],"tags":[36481,26324,36482],"class_list":["post-59819","post","type-post","status-publish","format-standard","has-post-thumbnail","hentry","category-calabria","category-home","category-news","category-reggio-calabria","tag-lassociazione-di-volontariato-istituto-per-la-famiglia","tag-progetto-lumina","tag-sezione-ionadi"],"yoast_head":"<!-- This site is optimized with the Yoast SEO plugin v27.2 - https:\/\/yoast.com\/product\/yoast-seo-wordpress\/ -->\n<title>L&#039;Istituto per la Famiglia Ionadi conclude il progetto LUMINA<\/title>\n<meta name=\"description\" content=\"L\u2019Associazione di Volontariato Istituto per la Famiglia Sez. 278 Ionadi annuncia di aver concluso con successo il progetto LUMINA\" \/>\n<meta name=\"robots\" content=\"index, follow, max-snippet:-1, max-image-preview:large, max-video-preview:-1\" \/>\n<link rel=\"canonical\" href=\"https:\/\/progettotouring.it\/radiotouring104\/2024\/10\/16\/vibo-valentia-listituto-per-la-famiglia-ionadi-conclude-il-progetto-lumina\/\" \/>\n<meta property=\"og:locale\" content=\"it_IT\" \/>\n<meta property=\"og:type\" content=\"article\" \/>\n<meta property=\"og:title\" content=\"L&#039;Istituto per la Famiglia Ionadi conclude il progetto LUMINA\" \/>\n<meta property=\"og:description\" content=\"L\u2019Associazione di Volontariato Istituto per la Famiglia Sez. 278 Ionadi annuncia di aver concluso con successo il progetto LUMINA\" \/>\n<meta property=\"og:url\" content=\"https:\/\/progettotouring.it\/radiotouring104\/2024\/10\/16\/vibo-valentia-listituto-per-la-famiglia-ionadi-conclude-il-progetto-lumina\/\" \/>\n<meta property=\"og:site_name\" content=\"Radio Touring 104\" \/>\n<meta property=\"article:published_time\" content=\"2024-10-16T09:00:20+00:00\" \/>\n<meta property=\"og:image\" content=\"https:\/\/progettotouring.it\/radiotouring104\/wp-content\/uploads\/sites\/6\/2024\/10\/Progetto-LUMINA-IONADI-ISTITUTO-PER-LA-FAMIGLIA.png\" \/>\n\t<meta property=\"og:image:width\" content=\"1110\" \/>\n\t<meta property=\"og:image:height\" content=\"519\" \/>\n\t<meta property=\"og:image:type\" content=\"image\/png\" \/>\n<meta name=\"author\" content=\"Sebastiano Plutino\" \/>\n<meta name=\"twitter:card\" content=\"summary_large_image\" \/>\n<meta name=\"twitter:label1\" content=\"Scritto da\" \/>\n\t<meta name=\"twitter:data1\" content=\"Sebastiano Plutino\" \/>\n\t<meta name=\"twitter:label2\" content=\"Tempo di lettura stimato\" \/>\n\t<meta name=\"twitter:data2\" content=\"4 minuti\" \/>\n<script type=\"application\/ld+json\" class=\"yoast-schema-graph\">{\"@context\":\"https:\/\/schema.org\",\"@graph\":[{\"@type\":\"Article\",\"@id\":\"https:\/\/progettotouring.it\/radiotouring104\/2024\/10\/16\/vibo-valentia-listituto-per-la-famiglia-ionadi-conclude-il-progetto-lumina\/#article\",\"isPartOf\":{\"@id\":\"https:\/\/progettotouring.it\/radiotouring104\/2024\/10\/16\/vibo-valentia-listituto-per-la-famiglia-ionadi-conclude-il-progetto-lumina\/\"},\"author\":{\"name\":\"Sebastiano Plutino\",\"@id\":\"https:\/\/progettotouring.it\/radiotouring104\/#\/schema\/person\/78613917f1851f041f7483f5af1d422e\"},\"headline\":\"Vibo Valentia: l&#8217;Istituto per la Famiglia Ionadi conclude il progetto LUMINA\",\"datePublished\":\"2024-10-16T09:00:20+00:00\",\"mainEntityOfPage\":{\"@id\":\"https:\/\/progettotouring.it\/radiotouring104\/2024\/10\/16\/vibo-valentia-listituto-per-la-famiglia-ionadi-conclude-il-progetto-lumina\/\"},\"wordCount\":714,\"publisher\":{\"@id\":\"https:\/\/progettotouring.it\/radiotouring104\/#organization\"},\"image\":{\"@id\":\"https:\/\/progettotouring.it\/radiotouring104\/2024\/10\/16\/vibo-valentia-listituto-per-la-famiglia-ionadi-conclude-il-progetto-lumina\/#primaryimage\"},\"thumbnailUrl\":\"https:\/\/progettotouring.it\/radiotouring104\/wp-content\/uploads\/sites\/6\/2024\/10\/Progetto-LUMINA-IONADI-ISTITUTO-PER-LA-FAMIGLIA.png\",\"keywords\":[\"L\u2019Associazione di Volontariato Istituto per la Famiglia\",\"progetto lumina\",\"sezione Ionadi\"],\"articleSection\":[\"Calabria\",\"Home\",\"News\",\"Reggio Calabria\"],\"inLanguage\":\"it-IT\"},{\"@type\":\"WebPage\",\"@id\":\"https:\/\/progettotouring.it\/radiotouring104\/2024\/10\/16\/vibo-valentia-listituto-per-la-famiglia-ionadi-conclude-il-progetto-lumina\/\",\"url\":\"https:\/\/progettotouring.it\/radiotouring104\/2024\/10\/16\/vibo-valentia-listituto-per-la-famiglia-ionadi-conclude-il-progetto-lumina\/\",\"name\":\"L'Istituto per la Famiglia Ionadi conclude il progetto LUMINA\",\"isPartOf\":{\"@id\":\"https:\/\/progettotouring.it\/radiotouring104\/#website\"},\"primaryImageOfPage\":{\"@id\":\"https:\/\/progettotouring.it\/radiotouring104\/2024\/10\/16\/vibo-valentia-listituto-per-la-famiglia-ionadi-conclude-il-progetto-lumina\/#primaryimage\"},\"image\":{\"@id\":\"https:\/\/progettotouring.it\/radiotouring104\/2024\/10\/16\/vibo-valentia-listituto-per-la-famiglia-ionadi-conclude-il-progetto-lumina\/#primaryimage\"},\"thumbnailUrl\":\"https:\/\/progettotouring.it\/radiotouring104\/wp-content\/uploads\/sites\/6\/2024\/10\/Progetto-LUMINA-IONADI-ISTITUTO-PER-LA-FAMIGLIA.png\",\"datePublished\":\"2024-10-16T09:00:20+00:00\",\"description\":\"L\u2019Associazione di Volontariato Istituto per la Famiglia Sez. 278 Ionadi annuncia di aver concluso con successo il progetto LUMINA\",\"breadcrumb\":{\"@id\":\"https:\/\/progettotouring.it\/radiotouring104\/2024\/10\/16\/vibo-valentia-listituto-per-la-famiglia-ionadi-conclude-il-progetto-lumina\/#breadcrumb\"},\"inLanguage\":\"it-IT\",\"potentialAction\":[{\"@type\":\"ReadAction\",\"target\":[\"https:\/\/progettotouring.it\/radiotouring104\/2024\/10\/16\/vibo-valentia-listituto-per-la-famiglia-ionadi-conclude-il-progetto-lumina\/\"]}]},{\"@type\":\"ImageObject\",\"inLanguage\":\"it-IT\",\"@id\":\"https:\/\/progettotouring.it\/radiotouring104\/2024\/10\/16\/vibo-valentia-listituto-per-la-famiglia-ionadi-conclude-il-progetto-lumina\/#primaryimage\",\"url\":\"https:\/\/progettotouring.it\/radiotouring104\/wp-content\/uploads\/sites\/6\/2024\/10\/Progetto-LUMINA-IONADI-ISTITUTO-PER-LA-FAMIGLIA.png\",\"contentUrl\":\"https:\/\/progettotouring.it\/radiotouring104\/wp-content\/uploads\/sites\/6\/2024\/10\/Progetto-LUMINA-IONADI-ISTITUTO-PER-LA-FAMIGLIA.png\",\"width\":1110,\"height\":519},{\"@type\":\"BreadcrumbList\",\"@id\":\"https:\/\/progettotouring.it\/radiotouring104\/2024\/10\/16\/vibo-valentia-listituto-per-la-famiglia-ionadi-conclude-il-progetto-lumina\/#breadcrumb\",\"itemListElement\":[{\"@type\":\"ListItem\",\"position\":1,\"name\":\"Home\",\"item\":\"https:\/\/progettotouring.it\/radiotouring104\/\"},{\"@type\":\"ListItem\",\"position\":2,\"name\":\"Vibo Valentia: l&#8217;Istituto per la Famiglia Ionadi conclude il progetto LUMINA\"}]},{\"@type\":\"WebSite\",\"@id\":\"https:\/\/progettotouring.it\/radiotouring104\/#website\",\"url\":\"https:\/\/progettotouring.it\/radiotouring104\/\",\"name\":\"Radio Touring 104\",\"description\":\"La prima radio Reggina\",\"publisher\":{\"@id\":\"https:\/\/progettotouring.it\/radiotouring104\/#organization\"},\"potentialAction\":[{\"@type\":\"SearchAction\",\"target\":{\"@type\":\"EntryPoint\",\"urlTemplate\":\"https:\/\/progettotouring.it\/radiotouring104\/?s={search_term_string}\"},\"query-input\":{\"@type\":\"PropertyValueSpecification\",\"valueRequired\":true,\"valueName\":\"search_term_string\"}}],\"inLanguage\":\"it-IT\"},{\"@type\":\"Organization\",\"@id\":\"https:\/\/progettotouring.it\/radiotouring104\/#organization\",\"name\":\"Radio Touring 104\",\"url\":\"https:\/\/progettotouring.it\/radiotouring104\/\",\"logo\":{\"@type\":\"ImageObject\",\"inLanguage\":\"it-IT\",\"@id\":\"https:\/\/progettotouring.it\/radiotouring104\/#\/schema\/logo\/image\/\",\"url\":\"https:\/\/progettotouring.it\/radiotouring104\/wp-content\/uploads\/sites\/6\/2022\/02\/cropped-logo-radio-touring-104.png\",\"contentUrl\":\"https:\/\/progettotouring.it\/radiotouring104\/wp-content\/uploads\/sites\/6\/2022\/02\/cropped-logo-radio-touring-104.png\",\"width\":377,\"height\":182,\"caption\":\"Radio Touring 104\"},\"image\":{\"@id\":\"https:\/\/progettotouring.it\/radiotouring104\/#\/schema\/logo\/image\/\"}},{\"@type\":\"Person\",\"@id\":\"https:\/\/progettotouring.it\/radiotouring104\/#\/schema\/person\/78613917f1851f041f7483f5af1d422e\",\"name\":\"Sebastiano Plutino\",\"image\":{\"@type\":\"ImageObject\",\"inLanguage\":\"it-IT\",\"@id\":\"https:\/\/secure.gravatar.com\/avatar\/0546ffaa9b79224faf9f2a156b67a529ae861d3287c66c1d8ccfdf909bcba78d?s=96&d=mm&r=g\",\"url\":\"https:\/\/secure.gravatar.com\/avatar\/0546ffaa9b79224faf9f2a156b67a529ae861d3287c66c1d8ccfdf909bcba78d?s=96&d=mm&r=g\",\"contentUrl\":\"https:\/\/secure.gravatar.com\/avatar\/0546ffaa9b79224faf9f2a156b67a529ae861d3287c66c1d8ccfdf909bcba78d?s=96&d=mm&r=g\",\"caption\":\"Sebastiano Plutino\"},\"url\":\"https:\/\/progettotouring.it\/radiotouring104\/author\/sebastiano\/\"}]}<\/script>\n<!-- \/ Yoast SEO plugin. -->","yoast_head_json":{"title":"L'Istituto per la Famiglia Ionadi conclude il progetto LUMINA","description":"L\u2019Associazione di Volontariato Istituto per la Famiglia Sez. 278 Ionadi annuncia di aver concluso con successo il progetto LUMINA","robots":{"index":"index","follow":"follow","max-snippet":"max-snippet:-1","max-image-preview":"max-image-preview:large","max-video-preview":"max-video-preview:-1"},"canonical":"https:\/\/progettotouring.it\/radiotouring104\/2024\/10\/16\/vibo-valentia-listituto-per-la-famiglia-ionadi-conclude-il-progetto-lumina\/","og_locale":"it_IT","og_type":"article","og_title":"L'Istituto per la Famiglia Ionadi conclude il progetto LUMINA","og_description":"L\u2019Associazione di Volontariato Istituto per la Famiglia Sez. 278 Ionadi annuncia di aver concluso con successo il progetto LUMINA","og_url":"https:\/\/progettotouring.it\/radiotouring104\/2024\/10\/16\/vibo-valentia-listituto-per-la-famiglia-ionadi-conclude-il-progetto-lumina\/","og_site_name":"Radio Touring 104","article_published_time":"2024-10-16T09:00:20+00:00","og_image":[{"width":1110,"height":519,"url":"https:\/\/progettotouring.it\/radiotouring104\/wp-content\/uploads\/sites\/6\/2024\/10\/Progetto-LUMINA-IONADI-ISTITUTO-PER-LA-FAMIGLIA.png","type":"image\/png"}],"author":"Sebastiano Plutino","twitter_card":"summary_large_image","twitter_misc":{"Scritto da":"Sebastiano Plutino","Tempo di lettura stimato":"4 minuti"},"schema":{"@context":"https:\/\/schema.org","@graph":[{"@type":"Article","@id":"https:\/\/progettotouring.it\/radiotouring104\/2024\/10\/16\/vibo-valentia-listituto-per-la-famiglia-ionadi-conclude-il-progetto-lumina\/#article","isPartOf":{"@id":"https:\/\/progettotouring.it\/radiotouring104\/2024\/10\/16\/vibo-valentia-listituto-per-la-famiglia-ionadi-conclude-il-progetto-lumina\/"},"author":{"name":"Sebastiano Plutino","@id":"https:\/\/progettotouring.it\/radiotouring104\/#\/schema\/person\/78613917f1851f041f7483f5af1d422e"},"headline":"Vibo Valentia: l&#8217;Istituto per la Famiglia Ionadi conclude il progetto LUMINA","datePublished":"2024-10-16T09:00:20+00:00","mainEntityOfPage":{"@id":"https:\/\/progettotouring.it\/radiotouring104\/2024\/10\/16\/vibo-valentia-listituto-per-la-famiglia-ionadi-conclude-il-progetto-lumina\/"},"wordCount":714,"publisher":{"@id":"https:\/\/progettotouring.it\/radiotouring104\/#organization"},"image":{"@id":"https:\/\/progettotouring.it\/radiotouring104\/2024\/10\/16\/vibo-valentia-listituto-per-la-famiglia-ionadi-conclude-il-progetto-lumina\/#primaryimage"},"thumbnailUrl":"https:\/\/progettotouring.it\/radiotouring104\/wp-content\/uploads\/sites\/6\/2024\/10\/Progetto-LUMINA-IONADI-ISTITUTO-PER-LA-FAMIGLIA.png","keywords":["L\u2019Associazione di Volontariato Istituto per la Famiglia","progetto lumina","sezione Ionadi"],"articleSection":["Calabria","Home","News","Reggio Calabria"],"inLanguage":"it-IT"},{"@type":"WebPage","@id":"https:\/\/progettotouring.it\/radiotouring104\/2024\/10\/16\/vibo-valentia-listituto-per-la-famiglia-ionadi-conclude-il-progetto-lumina\/","url":"https:\/\/progettotouring.it\/radiotouring104\/2024\/10\/16\/vibo-valentia-listituto-per-la-famiglia-ionadi-conclude-il-progetto-lumina\/","name":"L'Istituto per la Famiglia Ionadi conclude il progetto LUMINA","isPartOf":{"@id":"https:\/\/progettotouring.it\/radiotouring104\/#website"},"primaryImageOfPage":{"@id":"https:\/\/progettotouring.it\/radiotouring104\/2024\/10\/16\/vibo-valentia-listituto-per-la-famiglia-ionadi-conclude-il-progetto-lumina\/#primaryimage"},"image":{"@id":"https:\/\/progettotouring.it\/radiotouring104\/2024\/10\/16\/vibo-valentia-listituto-per-la-famiglia-ionadi-conclude-il-progetto-lumina\/#primaryimage"},"thumbnailUrl":"https:\/\/progettotouring.it\/radiotouring104\/wp-content\/uploads\/sites\/6\/2024\/10\/Progetto-LUMINA-IONADI-ISTITUTO-PER-LA-FAMIGLIA.png","datePublished":"2024-10-16T09:00:20+00:00","description":"L\u2019Associazione di Volontariato Istituto per la Famiglia Sez. 278 Ionadi annuncia di aver concluso con successo il progetto LUMINA","breadcrumb":{"@id":"https:\/\/progettotouring.it\/radiotouring104\/2024\/10\/16\/vibo-valentia-listituto-per-la-famiglia-ionadi-conclude-il-progetto-lumina\/#breadcrumb"},"inLanguage":"it-IT","potentialAction":[{"@type":"ReadAction","target":["https:\/\/progettotouring.it\/radiotouring104\/2024\/10\/16\/vibo-valentia-listituto-per-la-famiglia-ionadi-conclude-il-progetto-lumina\/"]}]},{"@type":"ImageObject","inLanguage":"it-IT","@id":"https:\/\/progettotouring.it\/radiotouring104\/2024\/10\/16\/vibo-valentia-listituto-per-la-famiglia-ionadi-conclude-il-progetto-lumina\/#primaryimage","url":"https:\/\/progettotouring.it\/radiotouring104\/wp-content\/uploads\/sites\/6\/2024\/10\/Progetto-LUMINA-IONADI-ISTITUTO-PER-LA-FAMIGLIA.png","contentUrl":"https:\/\/progettotouring.it\/radiotouring104\/wp-content\/uploads\/sites\/6\/2024\/10\/Progetto-LUMINA-IONADI-ISTITUTO-PER-LA-FAMIGLIA.png","width":1110,"height":519},{"@type":"BreadcrumbList","@id":"https:\/\/progettotouring.it\/radiotouring104\/2024\/10\/16\/vibo-valentia-listituto-per-la-famiglia-ionadi-conclude-il-progetto-lumina\/#breadcrumb","itemListElement":[{"@type":"ListItem","position":1,"name":"Home","item":"https:\/\/progettotouring.it\/radiotouring104\/"},{"@type":"ListItem","position":2,"name":"Vibo Valentia: l&#8217;Istituto per la Famiglia Ionadi conclude il progetto LUMINA"}]},{"@type":"WebSite","@id":"https:\/\/progettotouring.it\/radiotouring104\/#website","url":"https:\/\/progettotouring.it\/radiotouring104\/","name":"Radio Touring 104","description":"La prima radio Reggina","publisher":{"@id":"https:\/\/progettotouring.it\/radiotouring104\/#organization"},"potentialAction":[{"@type":"SearchAction","target":{"@type":"EntryPoint","urlTemplate":"https:\/\/progettotouring.it\/radiotouring104\/?s={search_term_string}"},"query-input":{"@type":"PropertyValueSpecification","valueRequired":true,"valueName":"search_term_string"}}],"inLanguage":"it-IT"},{"@type":"Organization","@id":"https:\/\/progettotouring.it\/radiotouring104\/#organization","name":"Radio Touring 104","url":"https:\/\/progettotouring.it\/radiotouring104\/","logo":{"@type":"ImageObject","inLanguage":"it-IT","@id":"https:\/\/progettotouring.it\/radiotouring104\/#\/schema\/logo\/image\/","url":"https:\/\/progettotouring.it\/radiotouring104\/wp-content\/uploads\/sites\/6\/2022\/02\/cropped-logo-radio-touring-104.png","contentUrl":"https:\/\/progettotouring.it\/radiotouring104\/wp-content\/uploads\/sites\/6\/2022\/02\/cropped-logo-radio-touring-104.png","width":377,"height":182,"caption":"Radio Touring 104"},"image":{"@id":"https:\/\/progettotouring.it\/radiotouring104\/#\/schema\/logo\/image\/"}},{"@type":"Person","@id":"https:\/\/progettotouring.it\/radiotouring104\/#\/schema\/person\/78613917f1851f041f7483f5af1d422e","name":"Sebastiano Plutino","image":{"@type":"ImageObject","inLanguage":"it-IT","@id":"https:\/\/secure.gravatar.com\/avatar\/0546ffaa9b79224faf9f2a156b67a529ae861d3287c66c1d8ccfdf909bcba78d?s=96&d=mm&r=g","url":"https:\/\/secure.gravatar.com\/avatar\/0546ffaa9b79224faf9f2a156b67a529ae861d3287c66c1d8ccfdf909bcba78d?s=96&d=mm&r=g","contentUrl":"https:\/\/secure.gravatar.com\/avatar\/0546ffaa9b79224faf9f2a156b67a529ae861d3287c66c1d8ccfdf909bcba78d?s=96&d=mm&r=g","caption":"Sebastiano Plutino"},"url":"https:\/\/progettotouring.it\/radiotouring104\/author\/sebastiano\/"}]}},"jetpack_publicize_connections":[],"jetpack_featured_media_url":"https:\/\/progettotouring.it\/radiotouring104\/wp-content\/uploads\/sites\/6\/2024\/10\/Progetto-LUMINA-IONADI-ISTITUTO-PER-LA-FAMIGLIA.png","jetpack_sharing_enabled":true,"_links":{"self":[{"href":"https:\/\/progettotouring.it\/radiotouring104\/wp-json\/wp\/v2\/posts\/59819","targetHints":{"allow":["GET"]}}],"collection":[{"href":"https:\/\/progettotouring.it\/radiotouring104\/wp-json\/wp\/v2\/posts"}],"about":[{"href":"https:\/\/progettotouring.it\/radiotouring104\/wp-json\/wp\/v2\/types\/post"}],"author":[{"embeddable":true,"href":"https:\/\/progettotouring.it\/radiotouring104\/wp-json\/wp\/v2\/users\/12"}],"replies":[{"embeddable":true,"href":"https:\/\/progettotouring.it\/radiotouring104\/wp-json\/wp\/v2\/comments?post=59819"}],"version-history":[{"count":1,"href":"https:\/\/progettotouring.it\/radiotouring104\/wp-json\/wp\/v2\/posts\/59819\/revisions"}],"predecessor-version":[{"id":59821,"href":"https:\/\/progettotouring.it\/radiotouring104\/wp-json\/wp\/v2\/posts\/59819\/revisions\/59821"}],"wp:featuredmedia":[{"embeddable":true,"href":"https:\/\/progettotouring.it\/radiotouring104\/wp-json\/wp\/v2\/media\/59820"}],"wp:attachment":[{"href":"https:\/\/progettotouring.it\/radiotouring104\/wp-json\/wp\/v2\/media?parent=59819"}],"wp:term":[{"taxonomy":"category","embeddable":true,"href":"https:\/\/progettotouring.it\/radiotouring104\/wp-json\/wp\/v2\/categories?post=59819"},{"taxonomy":"post_tag","embeddable":true,"href":"https:\/\/progettotouring.it\/radiotouring104\/wp-json\/wp\/v2\/tags?post=59819"}],"curies":[{"name":"wp","href":"https:\/\/api.w.org\/{rel}","templated":true}]}}