{"id":59822,"date":"2024-10-16T11:04:51","date_gmt":"2024-10-16T09:04:51","guid":{"rendered":"https:\/\/progettotouring.it\/radiotouring104\/?p=59822"},"modified":"2024-10-16T11:04:51","modified_gmt":"2024-10-16T09:04:51","slug":"cigl-vasta-area-lavoro-e-sicurezza-sono-indivisibili-la-prevenzione-e-fondamentale","status":"publish","type":"post","link":"https:\/\/progettotouring.it\/radiotouring104\/2024\/10\/16\/cigl-vasta-area-lavoro-e-sicurezza-sono-indivisibili-la-prevenzione-e-fondamentale\/","title":{"rendered":"Cigl Vasta Area: \u201cLavoro e sicurezza sono indivisibili, la prevenzione \u00e8 fondamentale.\u201d"},"content":{"rendered":"<p class=\"xmprfx_MsoNormal\" style=\"text-align: justify\">\u00a0\u201cLavoro e sicurezza sono indivisibili. \u00c8 necessario intervenire subito per fermare le stragi sul lavoro. Le soluzioni ci sono e non convergono sicuramente nella patente a punti per le aziende, che, seppur apprezzabile, non pu\u00f2 barattare la vita dei lavoratori con sterili corsi di recupero dei crediti da parte dei datori di lavoro. Non \u00e8 accettabile che con la semplice presentazione di un\u2019autocertificazione le aziende siano esonerate da controlli ispettivi per un anno.\u201d \u00c8 quanto afferma\u00a0<b>Nadia Fortuna, segretaria confederale della CGIL Area Vasta Catanzaro-Crotone-Vibo con delega a salute e sicurezza nei luoghi di lavoro<\/b>.<\/p>\n<p class=\"xmprfx_MsoNormal\" style=\"text-align: justify\">&#8220;Si rende necessario implementare le competenze in materia ispettiva e potenziare le norme sanzionatorie, come proposto dalla CGIL nel quarto quesito referendario, riguardante la maggiore responsabilit\u00e0 in caso di infortuni e malattie professionali delle ditte committenti o appaltatrici di servizi. Inoltre, bisogna migliorare la comunicazione, poich\u00e9 spesso l&#8217;incidenza degli infortuni \u00e8 maggiore dove c&#8217;\u00e8 scarsa o inefficiente comunicazione. Non si stabilisce a pieno cosa si fa,\u201d ha proseguito Fortuna.<\/p>\n<p class=\"xmprfx_MsoNormal\" style=\"text-align: justify\">\u201cL&#8217;imprenditore \u00e8 il garante dell&#8217;incolumit\u00e0 psico-fisica dei lavoratori e non pu\u00f2 adibire a mansioni tecnico-pratiche complesse un neoassunto. Puntiamo molto a diffondere la cultura della sicurezza attraverso la formazione congiunta tra categorie e la CGIL, RSU, RSA e RLS. \u00c8 un dato da non sottovalutare che le malattie professionali sono in aumento e influiscono negativamente sulla qualit\u00e0 della vita dei lavoratori. Riteniamo pertanto che la prevenzione sia essenziale per contenere il fenomeno,\u201d ha concluso la segretaria confederale della CGIL Area Vasta con delega a salute e sicurezza nei luoghi di lavoro.<\/p>\n","protected":false},"excerpt":{"rendered":"<p>\u00a0\u201cLavoro e sicurezza sono indivisibili. \u00c8 necessario intervenire subito per fermare le stragi sul lavoro. Le soluzioni ci sono e non convergono sicuramente nella patente a punti per le aziende,&hellip;<\/p>\n","protected":false},"author":12,"featured_media":59823,"comment_status":"closed","ping_status":"open","sticky":false,"template":"","format":"standard","meta":{"_jetpack_memberships_contains_paid_content":false,"footnotes":"","jetpack_publicize_message":"","jetpack_publicize_feature_enabled":true,"jetpack_social_post_already_shared":false,"jetpack_social_options":{"image_generator_settings":{"template":"highway","default_image_id":0,"font":"","enabled":false},"version":2}},"categories":[142,921,196],"tags":[11258,36483,12852],"class_list":["post-59822","post","type-post","status-publish","format-standard","has-post-thumbnail","hentry","category-calabria","category-home","category-news","tag-cigl-vasta-area","tag-lavoro-sicurezza-indivisibili","tag-nadia-fortuna"],"yoast_head":"<!-- This site is optimized with the Yoast SEO plugin v27.2 - https:\/\/yoast.com\/product\/yoast-seo-wordpress\/ -->\n<title>Cigl Vasta Area: \u201cLavoro e sicurezza sono indivisibili&quot;<\/title>\n<meta name=\"description\" content=\"Nota stampa di Nadia Fortuna, segretaria CGIL Area Vasta Catanzaro-Crotone-Vibo con delega a salute e sicurezza nei luoghi di lavoro.\" \/>\n<meta name=\"robots\" content=\"index, follow, max-snippet:-1, max-image-preview:large, max-video-preview:-1\" \/>\n<link rel=\"canonical\" href=\"https:\/\/progettotouring.it\/radiotouring104\/2024\/10\/16\/cigl-vasta-area-lavoro-e-sicurezza-sono-indivisibili-la-prevenzione-e-fondamentale\/\" \/>\n<meta property=\"og:locale\" content=\"it_IT\" \/>\n<meta property=\"og:type\" content=\"article\" \/>\n<meta property=\"og:title\" content=\"Cigl Vasta Area: \u201cLavoro e sicurezza sono indivisibili&quot;\" \/>\n<meta property=\"og:description\" content=\"Nota stampa di Nadia Fortuna, segretaria CGIL Area Vasta Catanzaro-Crotone-Vibo con delega a salute e sicurezza nei luoghi di lavoro.\" \/>\n<meta property=\"og:url\" content=\"https:\/\/progettotouring.it\/radiotouring104\/2024\/10\/16\/cigl-vasta-area-lavoro-e-sicurezza-sono-indivisibili-la-prevenzione-e-fondamentale\/\" \/>\n<meta property=\"og:site_name\" content=\"Radio Touring 104\" \/>\n<meta property=\"article:published_time\" content=\"2024-10-16T09:04:51+00:00\" \/>\n<meta property=\"og:image\" content=\"https:\/\/progettotouring.it\/radiotouring104\/wp-content\/uploads\/sites\/6\/2024\/10\/NADIA-FORTUNA-Cigl-Vasta-Area.jpeg\" \/>\n\t<meta property=\"og:image:width\" content=\"1250\" \/>\n\t<meta property=\"og:image:height\" content=\"1289\" \/>\n\t<meta property=\"og:image:type\" content=\"image\/jpeg\" \/>\n<meta name=\"author\" content=\"Sebastiano Plutino\" \/>\n<meta name=\"twitter:card\" content=\"summary_large_image\" \/>\n<meta name=\"twitter:label1\" content=\"Scritto da\" \/>\n\t<meta name=\"twitter:data1\" content=\"Sebastiano Plutino\" \/>\n\t<meta name=\"twitter:label2\" content=\"Tempo di lettura stimato\" \/>\n\t<meta name=\"twitter:data2\" content=\"1 minuto\" \/>\n<script type=\"application\/ld+json\" class=\"yoast-schema-graph\">{\"@context\":\"https:\/\/schema.org\",\"@graph\":[{\"@type\":\"Article\",\"@id\":\"https:\/\/progettotouring.it\/radiotouring104\/2024\/10\/16\/cigl-vasta-area-lavoro-e-sicurezza-sono-indivisibili-la-prevenzione-e-fondamentale\/#article\",\"isPartOf\":{\"@id\":\"https:\/\/progettotouring.it\/radiotouring104\/2024\/10\/16\/cigl-vasta-area-lavoro-e-sicurezza-sono-indivisibili-la-prevenzione-e-fondamentale\/\"},\"author\":{\"name\":\"Sebastiano Plutino\",\"@id\":\"https:\/\/progettotouring.it\/radiotouring104\/#\/schema\/person\/78613917f1851f041f7483f5af1d422e\"},\"headline\":\"Cigl Vasta Area: \u201cLavoro e sicurezza sono indivisibili, la prevenzione \u00e8 fondamentale.\u201d\",\"datePublished\":\"2024-10-16T09:04:51+00:00\",\"mainEntityOfPage\":{\"@id\":\"https:\/\/progettotouring.it\/radiotouring104\/2024\/10\/16\/cigl-vasta-area-lavoro-e-sicurezza-sono-indivisibili-la-prevenzione-e-fondamentale\/\"},\"wordCount\":261,\"publisher\":{\"@id\":\"https:\/\/progettotouring.it\/radiotouring104\/#organization\"},\"image\":{\"@id\":\"https:\/\/progettotouring.it\/radiotouring104\/2024\/10\/16\/cigl-vasta-area-lavoro-e-sicurezza-sono-indivisibili-la-prevenzione-e-fondamentale\/#primaryimage\"},\"thumbnailUrl\":\"https:\/\/progettotouring.it\/radiotouring104\/wp-content\/uploads\/sites\/6\/2024\/10\/NADIA-FORTUNA-Cigl-Vasta-Area.jpeg\",\"keywords\":[\"Cigl Vasta Area\",\"Lavoro Sicurezza indivisibili\",\"Nadia Fortuna\"],\"articleSection\":[\"Calabria\",\"Home\",\"News\"],\"inLanguage\":\"it-IT\"},{\"@type\":\"WebPage\",\"@id\":\"https:\/\/progettotouring.it\/radiotouring104\/2024\/10\/16\/cigl-vasta-area-lavoro-e-sicurezza-sono-indivisibili-la-prevenzione-e-fondamentale\/\",\"url\":\"https:\/\/progettotouring.it\/radiotouring104\/2024\/10\/16\/cigl-vasta-area-lavoro-e-sicurezza-sono-indivisibili-la-prevenzione-e-fondamentale\/\",\"name\":\"Cigl Vasta Area: \u201cLavoro e sicurezza sono indivisibili\\\"\",\"isPartOf\":{\"@id\":\"https:\/\/progettotouring.it\/radiotouring104\/#website\"},\"primaryImageOfPage\":{\"@id\":\"https:\/\/progettotouring.it\/radiotouring104\/2024\/10\/16\/cigl-vasta-area-lavoro-e-sicurezza-sono-indivisibili-la-prevenzione-e-fondamentale\/#primaryimage\"},\"image\":{\"@id\":\"https:\/\/progettotouring.it\/radiotouring104\/2024\/10\/16\/cigl-vasta-area-lavoro-e-sicurezza-sono-indivisibili-la-prevenzione-e-fondamentale\/#primaryimage\"},\"thumbnailUrl\":\"https:\/\/progettotouring.it\/radiotouring104\/wp-content\/uploads\/sites\/6\/2024\/10\/NADIA-FORTUNA-Cigl-Vasta-Area.jpeg\",\"datePublished\":\"2024-10-16T09:04:51+00:00\",\"description\":\"Nota stampa di Nadia Fortuna, segretaria CGIL Area Vasta Catanzaro-Crotone-Vibo con delega a salute e sicurezza nei luoghi di lavoro.\",\"breadcrumb\":{\"@id\":\"https:\/\/progettotouring.it\/radiotouring104\/2024\/10\/16\/cigl-vasta-area-lavoro-e-sicurezza-sono-indivisibili-la-prevenzione-e-fondamentale\/#breadcrumb\"},\"inLanguage\":\"it-IT\",\"potentialAction\":[{\"@type\":\"ReadAction\",\"target\":[\"https:\/\/progettotouring.it\/radiotouring104\/2024\/10\/16\/cigl-vasta-area-lavoro-e-sicurezza-sono-indivisibili-la-prevenzione-e-fondamentale\/\"]}]},{\"@type\":\"ImageObject\",\"inLanguage\":\"it-IT\",\"@id\":\"https:\/\/progettotouring.it\/radiotouring104\/2024\/10\/16\/cigl-vasta-area-lavoro-e-sicurezza-sono-indivisibili-la-prevenzione-e-fondamentale\/#primaryimage\",\"url\":\"https:\/\/progettotouring.it\/radiotouring104\/wp-content\/uploads\/sites\/6\/2024\/10\/NADIA-FORTUNA-Cigl-Vasta-Area.jpeg\",\"contentUrl\":\"https:\/\/progettotouring.it\/radiotouring104\/wp-content\/uploads\/sites\/6\/2024\/10\/NADIA-FORTUNA-Cigl-Vasta-Area.jpeg\",\"width\":1250,\"height\":1289},{\"@type\":\"BreadcrumbList\",\"@id\":\"https:\/\/progettotouring.it\/radiotouring104\/2024\/10\/16\/cigl-vasta-area-lavoro-e-sicurezza-sono-indivisibili-la-prevenzione-e-fondamentale\/#breadcrumb\",\"itemListElement\":[{\"@type\":\"ListItem\",\"position\":1,\"name\":\"Home\",\"item\":\"https:\/\/progettotouring.it\/radiotouring104\/\"},{\"@type\":\"ListItem\",\"position\":2,\"name\":\"Cigl Vasta Area: \u201cLavoro e sicurezza sono indivisibili, la prevenzione \u00e8 fondamentale.\u201d\"}]},{\"@type\":\"WebSite\",\"@id\":\"https:\/\/progettotouring.it\/radiotouring104\/#website\",\"url\":\"https:\/\/progettotouring.it\/radiotouring104\/\",\"name\":\"Radio Touring 104\",\"description\":\"La prima radio Reggina\",\"publisher\":{\"@id\":\"https:\/\/progettotouring.it\/radiotouring104\/#organization\"},\"potentialAction\":[{\"@type\":\"SearchAction\",\"target\":{\"@type\":\"EntryPoint\",\"urlTemplate\":\"https:\/\/progettotouring.it\/radiotouring104\/?s={search_term_string}\"},\"query-input\":{\"@type\":\"PropertyValueSpecification\",\"valueRequired\":true,\"valueName\":\"search_term_string\"}}],\"inLanguage\":\"it-IT\"},{\"@type\":\"Organization\",\"@id\":\"https:\/\/progettotouring.it\/radiotouring104\/#organization\",\"name\":\"Radio Touring 104\",\"url\":\"https:\/\/progettotouring.it\/radiotouring104\/\",\"logo\":{\"@type\":\"ImageObject\",\"inLanguage\":\"it-IT\",\"@id\":\"https:\/\/progettotouring.it\/radiotouring104\/#\/schema\/logo\/image\/\",\"url\":\"https:\/\/progettotouring.it\/radiotouring104\/wp-content\/uploads\/sites\/6\/2022\/02\/cropped-logo-radio-touring-104.png\",\"contentUrl\":\"https:\/\/progettotouring.it\/radiotouring104\/wp-content\/uploads\/sites\/6\/2022\/02\/cropped-logo-radio-touring-104.png\",\"width\":377,\"height\":182,\"caption\":\"Radio Touring 104\"},\"image\":{\"@id\":\"https:\/\/progettotouring.it\/radiotouring104\/#\/schema\/logo\/image\/\"}},{\"@type\":\"Person\",\"@id\":\"https:\/\/progettotouring.it\/radiotouring104\/#\/schema\/person\/78613917f1851f041f7483f5af1d422e\",\"name\":\"Sebastiano Plutino\",\"image\":{\"@type\":\"ImageObject\",\"inLanguage\":\"it-IT\",\"@id\":\"https:\/\/secure.gravatar.com\/avatar\/0546ffaa9b79224faf9f2a156b67a529ae861d3287c66c1d8ccfdf909bcba78d?s=96&d=mm&r=g\",\"url\":\"https:\/\/secure.gravatar.com\/avatar\/0546ffaa9b79224faf9f2a156b67a529ae861d3287c66c1d8ccfdf909bcba78d?s=96&d=mm&r=g\",\"contentUrl\":\"https:\/\/secure.gravatar.com\/avatar\/0546ffaa9b79224faf9f2a156b67a529ae861d3287c66c1d8ccfdf909bcba78d?s=96&d=mm&r=g\",\"caption\":\"Sebastiano Plutino\"},\"url\":\"https:\/\/progettotouring.it\/radiotouring104\/author\/sebastiano\/\"}]}<\/script>\n<!-- \/ Yoast SEO plugin. -->","yoast_head_json":{"title":"Cigl Vasta Area: \u201cLavoro e sicurezza sono indivisibili\"","description":"Nota stampa di Nadia Fortuna, segretaria CGIL Area Vasta Catanzaro-Crotone-Vibo con delega a salute e sicurezza nei luoghi di lavoro.","robots":{"index":"index","follow":"follow","max-snippet":"max-snippet:-1","max-image-preview":"max-image-preview:large","max-video-preview":"max-video-preview:-1"},"canonical":"https:\/\/progettotouring.it\/radiotouring104\/2024\/10\/16\/cigl-vasta-area-lavoro-e-sicurezza-sono-indivisibili-la-prevenzione-e-fondamentale\/","og_locale":"it_IT","og_type":"article","og_title":"Cigl Vasta Area: \u201cLavoro e sicurezza sono indivisibili\"","og_description":"Nota stampa di Nadia Fortuna, segretaria CGIL Area Vasta Catanzaro-Crotone-Vibo con delega a salute e sicurezza nei luoghi di lavoro.","og_url":"https:\/\/progettotouring.it\/radiotouring104\/2024\/10\/16\/cigl-vasta-area-lavoro-e-sicurezza-sono-indivisibili-la-prevenzione-e-fondamentale\/","og_site_name":"Radio Touring 104","article_published_time":"2024-10-16T09:04:51+00:00","og_image":[{"width":1250,"height":1289,"url":"https:\/\/progettotouring.it\/radiotouring104\/wp-content\/uploads\/sites\/6\/2024\/10\/NADIA-FORTUNA-Cigl-Vasta-Area.jpeg","type":"image\/jpeg"}],"author":"Sebastiano Plutino","twitter_card":"summary_large_image","twitter_misc":{"Scritto da":"Sebastiano Plutino","Tempo di lettura stimato":"1 minuto"},"schema":{"@context":"https:\/\/schema.org","@graph":[{"@type":"Article","@id":"https:\/\/progettotouring.it\/radiotouring104\/2024\/10\/16\/cigl-vasta-area-lavoro-e-sicurezza-sono-indivisibili-la-prevenzione-e-fondamentale\/#article","isPartOf":{"@id":"https:\/\/progettotouring.it\/radiotouring104\/2024\/10\/16\/cigl-vasta-area-lavoro-e-sicurezza-sono-indivisibili-la-prevenzione-e-fondamentale\/"},"author":{"name":"Sebastiano Plutino","@id":"https:\/\/progettotouring.it\/radiotouring104\/#\/schema\/person\/78613917f1851f041f7483f5af1d422e"},"headline":"Cigl Vasta Area: \u201cLavoro e sicurezza sono indivisibili, la prevenzione \u00e8 fondamentale.\u201d","datePublished":"2024-10-16T09:04:51+00:00","mainEntityOfPage":{"@id":"https:\/\/progettotouring.it\/radiotouring104\/2024\/10\/16\/cigl-vasta-area-lavoro-e-sicurezza-sono-indivisibili-la-prevenzione-e-fondamentale\/"},"wordCount":261,"publisher":{"@id":"https:\/\/progettotouring.it\/radiotouring104\/#organization"},"image":{"@id":"https:\/\/progettotouring.it\/radiotouring104\/2024\/10\/16\/cigl-vasta-area-lavoro-e-sicurezza-sono-indivisibili-la-prevenzione-e-fondamentale\/#primaryimage"},"thumbnailUrl":"https:\/\/progettotouring.it\/radiotouring104\/wp-content\/uploads\/sites\/6\/2024\/10\/NADIA-FORTUNA-Cigl-Vasta-Area.jpeg","keywords":["Cigl Vasta Area","Lavoro Sicurezza indivisibili","Nadia Fortuna"],"articleSection":["Calabria","Home","News"],"inLanguage":"it-IT"},{"@type":"WebPage","@id":"https:\/\/progettotouring.it\/radiotouring104\/2024\/10\/16\/cigl-vasta-area-lavoro-e-sicurezza-sono-indivisibili-la-prevenzione-e-fondamentale\/","url":"https:\/\/progettotouring.it\/radiotouring104\/2024\/10\/16\/cigl-vasta-area-lavoro-e-sicurezza-sono-indivisibili-la-prevenzione-e-fondamentale\/","name":"Cigl Vasta Area: \u201cLavoro e sicurezza sono indivisibili\"","isPartOf":{"@id":"https:\/\/progettotouring.it\/radiotouring104\/#website"},"primaryImageOfPage":{"@id":"https:\/\/progettotouring.it\/radiotouring104\/2024\/10\/16\/cigl-vasta-area-lavoro-e-sicurezza-sono-indivisibili-la-prevenzione-e-fondamentale\/#primaryimage"},"image":{"@id":"https:\/\/progettotouring.it\/radiotouring104\/2024\/10\/16\/cigl-vasta-area-lavoro-e-sicurezza-sono-indivisibili-la-prevenzione-e-fondamentale\/#primaryimage"},"thumbnailUrl":"https:\/\/progettotouring.it\/radiotouring104\/wp-content\/uploads\/sites\/6\/2024\/10\/NADIA-FORTUNA-Cigl-Vasta-Area.jpeg","datePublished":"2024-10-16T09:04:51+00:00","description":"Nota stampa di Nadia Fortuna, segretaria CGIL Area Vasta Catanzaro-Crotone-Vibo con delega a salute e sicurezza nei luoghi di lavoro.","breadcrumb":{"@id":"https:\/\/progettotouring.it\/radiotouring104\/2024\/10\/16\/cigl-vasta-area-lavoro-e-sicurezza-sono-indivisibili-la-prevenzione-e-fondamentale\/#breadcrumb"},"inLanguage":"it-IT","potentialAction":[{"@type":"ReadAction","target":["https:\/\/progettotouring.it\/radiotouring104\/2024\/10\/16\/cigl-vasta-area-lavoro-e-sicurezza-sono-indivisibili-la-prevenzione-e-fondamentale\/"]}]},{"@type":"ImageObject","inLanguage":"it-IT","@id":"https:\/\/progettotouring.it\/radiotouring104\/2024\/10\/16\/cigl-vasta-area-lavoro-e-sicurezza-sono-indivisibili-la-prevenzione-e-fondamentale\/#primaryimage","url":"https:\/\/progettotouring.it\/radiotouring104\/wp-content\/uploads\/sites\/6\/2024\/10\/NADIA-FORTUNA-Cigl-Vasta-Area.jpeg","contentUrl":"https:\/\/progettotouring.it\/radiotouring104\/wp-content\/uploads\/sites\/6\/2024\/10\/NADIA-FORTUNA-Cigl-Vasta-Area.jpeg","width":1250,"height":1289},{"@type":"BreadcrumbList","@id":"https:\/\/progettotouring.it\/radiotouring104\/2024\/10\/16\/cigl-vasta-area-lavoro-e-sicurezza-sono-indivisibili-la-prevenzione-e-fondamentale\/#breadcrumb","itemListElement":[{"@type":"ListItem","position":1,"name":"Home","item":"https:\/\/progettotouring.it\/radiotouring104\/"},{"@type":"ListItem","position":2,"name":"Cigl Vasta Area: \u201cLavoro e sicurezza sono indivisibili, la prevenzione \u00e8 fondamentale.\u201d"}]},{"@type":"WebSite","@id":"https:\/\/progettotouring.it\/radiotouring104\/#website","url":"https:\/\/progettotouring.it\/radiotouring104\/","name":"Radio Touring 104","description":"La prima radio Reggina","publisher":{"@id":"https:\/\/progettotouring.it\/radiotouring104\/#organization"},"potentialAction":[{"@type":"SearchAction","target":{"@type":"EntryPoint","urlTemplate":"https:\/\/progettotouring.it\/radiotouring104\/?s={search_term_string}"},"query-input":{"@type":"PropertyValueSpecification","valueRequired":true,"valueName":"search_term_string"}}],"inLanguage":"it-IT"},{"@type":"Organization","@id":"https:\/\/progettotouring.it\/radiotouring104\/#organization","name":"Radio Touring 104","url":"https:\/\/progettotouring.it\/radiotouring104\/","logo":{"@type":"ImageObject","inLanguage":"it-IT","@id":"https:\/\/progettotouring.it\/radiotouring104\/#\/schema\/logo\/image\/","url":"https:\/\/progettotouring.it\/radiotouring104\/wp-content\/uploads\/sites\/6\/2022\/02\/cropped-logo-radio-touring-104.png","contentUrl":"https:\/\/progettotouring.it\/radiotouring104\/wp-content\/uploads\/sites\/6\/2022\/02\/cropped-logo-radio-touring-104.png","width":377,"height":182,"caption":"Radio Touring 104"},"image":{"@id":"https:\/\/progettotouring.it\/radiotouring104\/#\/schema\/logo\/image\/"}},{"@type":"Person","@id":"https:\/\/progettotouring.it\/radiotouring104\/#\/schema\/person\/78613917f1851f041f7483f5af1d422e","name":"Sebastiano Plutino","image":{"@type":"ImageObject","inLanguage":"it-IT","@id":"https:\/\/secure.gravatar.com\/avatar\/0546ffaa9b79224faf9f2a156b67a529ae861d3287c66c1d8ccfdf909bcba78d?s=96&d=mm&r=g","url":"https:\/\/secure.gravatar.com\/avatar\/0546ffaa9b79224faf9f2a156b67a529ae861d3287c66c1d8ccfdf909bcba78d?s=96&d=mm&r=g","contentUrl":"https:\/\/secure.gravatar.com\/avatar\/0546ffaa9b79224faf9f2a156b67a529ae861d3287c66c1d8ccfdf909bcba78d?s=96&d=mm&r=g","caption":"Sebastiano Plutino"},"url":"https:\/\/progettotouring.it\/radiotouring104\/author\/sebastiano\/"}]}},"jetpack_publicize_connections":[],"jetpack_featured_media_url":"https:\/\/progettotouring.it\/radiotouring104\/wp-content\/uploads\/sites\/6\/2024\/10\/NADIA-FORTUNA-Cigl-Vasta-Area.jpeg","jetpack_sharing_enabled":true,"_links":{"self":[{"href":"https:\/\/progettotouring.it\/radiotouring104\/wp-json\/wp\/v2\/posts\/59822","targetHints":{"allow":["GET"]}}],"collection":[{"href":"https:\/\/progettotouring.it\/radiotouring104\/wp-json\/wp\/v2\/posts"}],"about":[{"href":"https:\/\/progettotouring.it\/radiotouring104\/wp-json\/wp\/v2\/types\/post"}],"author":[{"embeddable":true,"href":"https:\/\/progettotouring.it\/radiotouring104\/wp-json\/wp\/v2\/users\/12"}],"replies":[{"embeddable":true,"href":"https:\/\/progettotouring.it\/radiotouring104\/wp-json\/wp\/v2\/comments?post=59822"}],"version-history":[{"count":1,"href":"https:\/\/progettotouring.it\/radiotouring104\/wp-json\/wp\/v2\/posts\/59822\/revisions"}],"predecessor-version":[{"id":59824,"href":"https:\/\/progettotouring.it\/radiotouring104\/wp-json\/wp\/v2\/posts\/59822\/revisions\/59824"}],"wp:featuredmedia":[{"embeddable":true,"href":"https:\/\/progettotouring.it\/radiotouring104\/wp-json\/wp\/v2\/media\/59823"}],"wp:attachment":[{"href":"https:\/\/progettotouring.it\/radiotouring104\/wp-json\/wp\/v2\/media?parent=59822"}],"wp:term":[{"taxonomy":"category","embeddable":true,"href":"https:\/\/progettotouring.it\/radiotouring104\/wp-json\/wp\/v2\/categories?post=59822"},{"taxonomy":"post_tag","embeddable":true,"href":"https:\/\/progettotouring.it\/radiotouring104\/wp-json\/wp\/v2\/tags?post=59822"}],"curies":[{"name":"wp","href":"https:\/\/api.w.org\/{rel}","templated":true}]}}