{"id":5996,"date":"2022-05-30T17:40:11","date_gmt":"2022-05-30T15:40:11","guid":{"rendered":"https:\/\/progettotouring.it\/radiotouring104\/?p=5996"},"modified":"2022-05-30T17:40:20","modified_gmt":"2022-05-30T15:40:20","slug":"reggio-calabria-tutto-pronto-per-la-mostra-darte-contagio-positivo-info-e-date","status":"publish","type":"post","link":"https:\/\/progettotouring.it\/radiotouring104\/2022\/05\/30\/reggio-calabria-tutto-pronto-per-la-mostra-darte-contagio-positivo-info-e-date\/","title":{"rendered":"Reggio Calabria: tutto pronto per la mostra d&#8217;arte Contagio Positivo. Info e date"},"content":{"rendered":"<div dir=\"auto\" style=\"text-align: justify;\">Contagio Positivo \u00e8 una mostra d\u2019arte che nasce da una collaborazione tra l\u2019associazione studentesca M.U.S.A.\u00a0e il\u00a0Corso di Comunicazione e valorizzazione delle collezioni museali della\u00a0Scuola di Comunicazione e Didattica dell\u2019Arte dell\u2019Accademia di Belle Arti di Reggio Calabria. L&#8217;inaugurazione avr\u00e0 luogo il 30 maggio 2022 alle ore 10.30 presso il Lotto D (Aula Laboratori Didattici) dell\u2019Universit\u00e0 Mediterranea di Reggio Calabria e le opere saranno esposte fino al 3 Giugno dalle 9.00 alle 12.30 e dalle 15.30 alle 18.30.<\/div>\n<div dir=\"auto\"><\/div>\n<div dir=\"auto\" style=\"text-align: justify;\"><em>&#8220;La mostra \u201cContagio Positivo\u201d nasce da una collaborazione tra l\u2019associazione M.U.S.A. dell\u2019Universit\u00e0 degli Studi Mediterranea e il Corso di Comunicazione e Valorizzazione delle collezioni museali della Scuola di Comunicazione e didattica dell\u2019Arte dell\u2019Accademia delle Belle Arti di Reggio Calabria. Contagio Positivo rappresenta un binomio che nell\u2019ultimo periodo, a seguito della grave crisi pandemica che stiamo vivendo, ha assunto un\u2019accezione tutt\u2019altro che positiva. Il dilagare dei contagi ha significato un aumento dei casi positivi al virus e un parallelo aumento della percezione negativa della vita. L\u2019obiettivo della mostra \u00e8 quello di riportare il termine \u201cpositivo\u201d al suo significato originario, ma come farlo? La pandemia ci ha costretto a cambiare radicalmente il nostro stile di vita: ci ha rinchiusi nelle nostre case, ci ha precluso ogni tipo di contatto fisico con l\u2019altro, ha stravolto i nostri piani. La ricerca del positivo ci ha condotto a considerare che se da un lato il periodo di isolamento ha vietato le interazioni sociali, dall\u2019altro ci ha permesso di interagire maggiormente con il nostro \u201cio\u201d interiore. L\u2019introspezione ha significato per gli artisti una maggiore consapevolezza personale e adesso vogliono raccontarvela attraverso le loro opere. La mostra avr\u00e0 luogo nei locali del Lotto D del Dipartimento di Giurisprudenza, Economia e Scienze Umane dell&#8217;Universit\u00e0 Mediterranea di Reggio Calabria, dal 30 Maggio al 3 Giugno. Il vernissage \u00e8 previsto alle ore 10.30 di luned\u00ec 30 Maggio&#8221;. ha <\/em>dichiarato <strong>Alessia Guarrera<\/strong>, studentessa dell\u2019Universit\u00e0 Mediterranea e membro attivo dell\u2019associazione M.U.S.A., sul suo profilo Facebook.<\/div>\n","protected":false},"excerpt":{"rendered":"<p>Contagio Positivo \u00e8 una mostra d\u2019arte che nasce da una collaborazione tra l\u2019associazione studentesca M.U.S.A.\u00a0e il\u00a0Corso di Comunicazione e valorizzazione delle collezioni museali della\u00a0Scuola di Comunicazione e Didattica dell\u2019Arte dell\u2019Accademia&hellip;<\/p>\n","protected":false},"author":5,"featured_media":5997,"comment_status":"open","ping_status":"open","sticky":false,"template":"","format":"standard","meta":{"_jetpack_memberships_contains_paid_content":false,"footnotes":"","jetpack_publicize_message":"","jetpack_publicize_feature_enabled":true,"jetpack_social_post_already_shared":false,"jetpack_social_options":{"image_generator_settings":{"template":"highway","default_image_id":0,"font":"","enabled":false},"version":2}},"categories":[921,196,140],"tags":[2236,2234,2235,236,2237],"class_list":["post-5996","post","type-post","status-publish","format-standard","has-post-thumbnail","hentry","category-home","category-news","category-reggio-calabria","tag-accademia-delle-belle-arti-di-reggio-calabria","tag-alessia-guarrera","tag-contagio-positivo","tag-reggio-calabria","tag-universita-mediterranea-di-reggio-calabria"],"yoast_head":"<!-- This site is optimized with the Yoast SEO plugin v27.2 - https:\/\/yoast.com\/product\/yoast-seo-wordpress\/ -->\n<title>Reggio Calabria: tutto pronto per la mostra d&#039;arte Contagio Positivo<\/title>\n<meta name=\"description\" content=\"Contagio Positivo \u00e8 una mostra d\u2019arte che si terr\u00e0 dal 30 maggio al 3 giugno all&#039;Universit\u00e0 Mediterranea di Reggio Calabria\" \/>\n<meta name=\"robots\" content=\"index, follow, max-snippet:-1, max-image-preview:large, max-video-preview:-1\" \/>\n<link rel=\"canonical\" href=\"https:\/\/progettotouring.it\/radiotouring104\/2022\/05\/30\/reggio-calabria-tutto-pronto-per-la-mostra-darte-contagio-positivo-info-e-date\/\" \/>\n<meta property=\"og:locale\" content=\"it_IT\" \/>\n<meta property=\"og:type\" content=\"article\" \/>\n<meta property=\"og:title\" content=\"Reggio Calabria: tutto pronto per la mostra d&#039;arte Contagio Positivo\" \/>\n<meta property=\"og:description\" content=\"Contagio Positivo \u00e8 una mostra d\u2019arte che si terr\u00e0 dal 30 maggio al 3 giugno all&#039;Universit\u00e0 Mediterranea di Reggio Calabria\" \/>\n<meta property=\"og:url\" content=\"https:\/\/progettotouring.it\/radiotouring104\/2022\/05\/30\/reggio-calabria-tutto-pronto-per-la-mostra-darte-contagio-positivo-info-e-date\/\" \/>\n<meta property=\"og:site_name\" content=\"Radio Touring 104\" \/>\n<meta property=\"article:published_time\" content=\"2022-05-30T15:40:11+00:00\" \/>\n<meta property=\"article:modified_time\" content=\"2022-05-30T15:40:20+00:00\" \/>\n<meta property=\"og:image\" content=\"https:\/\/progettotouring.it\/radiotouring104\/wp-content\/uploads\/sites\/6\/2022\/05\/contagio-positivo.jpg\" \/>\n\t<meta property=\"og:image:width\" content=\"679\" \/>\n\t<meta property=\"og:image:height\" content=\"960\" \/>\n\t<meta property=\"og:image:type\" content=\"image\/jpeg\" \/>\n<meta name=\"author\" content=\"redazione\" \/>\n<meta name=\"twitter:card\" content=\"summary_large_image\" \/>\n<meta name=\"twitter:label1\" content=\"Scritto da\" \/>\n\t<meta name=\"twitter:data1\" content=\"redazione\" \/>\n\t<meta name=\"twitter:label2\" content=\"Tempo di lettura stimato\" \/>\n\t<meta name=\"twitter:data2\" content=\"2 minuti\" \/>\n<script type=\"application\/ld+json\" class=\"yoast-schema-graph\">{\"@context\":\"https:\/\/schema.org\",\"@graph\":[{\"@type\":\"Article\",\"@id\":\"https:\/\/progettotouring.it\/radiotouring104\/2022\/05\/30\/reggio-calabria-tutto-pronto-per-la-mostra-darte-contagio-positivo-info-e-date\/#article\",\"isPartOf\":{\"@id\":\"https:\/\/progettotouring.it\/radiotouring104\/2022\/05\/30\/reggio-calabria-tutto-pronto-per-la-mostra-darte-contagio-positivo-info-e-date\/\"},\"author\":{\"name\":\"redazione\",\"@id\":\"https:\/\/progettotouring.it\/radiotouring104\/#\/schema\/person\/1b3eb3c07c47136bc44c785c543e635f\"},\"headline\":\"Reggio Calabria: tutto pronto per la mostra d&#8217;arte Contagio Positivo. Info e date\",\"datePublished\":\"2022-05-30T15:40:11+00:00\",\"dateModified\":\"2022-05-30T15:40:20+00:00\",\"mainEntityOfPage\":{\"@id\":\"https:\/\/progettotouring.it\/radiotouring104\/2022\/05\/30\/reggio-calabria-tutto-pronto-per-la-mostra-darte-contagio-positivo-info-e-date\/\"},\"wordCount\":347,\"commentCount\":0,\"publisher\":{\"@id\":\"https:\/\/progettotouring.it\/radiotouring104\/#organization\"},\"image\":{\"@id\":\"https:\/\/progettotouring.it\/radiotouring104\/2022\/05\/30\/reggio-calabria-tutto-pronto-per-la-mostra-darte-contagio-positivo-info-e-date\/#primaryimage\"},\"thumbnailUrl\":\"https:\/\/progettotouring.it\/radiotouring104\/wp-content\/uploads\/sites\/6\/2022\/05\/contagio-positivo.jpg\",\"keywords\":[\"Accademia delle Belle Arti di Reggio Calabria.\",\"Alessia Guarrera\",\"contagio positivo\",\"reggio calabria\",\"Universit\u00e0 Mediterranea di Reggio Calabria\"],\"articleSection\":[\"Home\",\"News\",\"Reggio Calabria\"],\"inLanguage\":\"it-IT\",\"potentialAction\":[{\"@type\":\"CommentAction\",\"name\":\"Comment\",\"target\":[\"https:\/\/progettotouring.it\/radiotouring104\/2022\/05\/30\/reggio-calabria-tutto-pronto-per-la-mostra-darte-contagio-positivo-info-e-date\/#respond\"]}]},{\"@type\":\"WebPage\",\"@id\":\"https:\/\/progettotouring.it\/radiotouring104\/2022\/05\/30\/reggio-calabria-tutto-pronto-per-la-mostra-darte-contagio-positivo-info-e-date\/\",\"url\":\"https:\/\/progettotouring.it\/radiotouring104\/2022\/05\/30\/reggio-calabria-tutto-pronto-per-la-mostra-darte-contagio-positivo-info-e-date\/\",\"name\":\"Reggio Calabria: tutto pronto per la mostra d'arte Contagio Positivo\",\"isPartOf\":{\"@id\":\"https:\/\/progettotouring.it\/radiotouring104\/#website\"},\"primaryImageOfPage\":{\"@id\":\"https:\/\/progettotouring.it\/radiotouring104\/2022\/05\/30\/reggio-calabria-tutto-pronto-per-la-mostra-darte-contagio-positivo-info-e-date\/#primaryimage\"},\"image\":{\"@id\":\"https:\/\/progettotouring.it\/radiotouring104\/2022\/05\/30\/reggio-calabria-tutto-pronto-per-la-mostra-darte-contagio-positivo-info-e-date\/#primaryimage\"},\"thumbnailUrl\":\"https:\/\/progettotouring.it\/radiotouring104\/wp-content\/uploads\/sites\/6\/2022\/05\/contagio-positivo.jpg\",\"datePublished\":\"2022-05-30T15:40:11+00:00\",\"dateModified\":\"2022-05-30T15:40:20+00:00\",\"description\":\"Contagio Positivo \u00e8 una mostra d\u2019arte che si terr\u00e0 dal 30 maggio al 3 giugno all'Universit\u00e0 Mediterranea di Reggio Calabria\",\"breadcrumb\":{\"@id\":\"https:\/\/progettotouring.it\/radiotouring104\/2022\/05\/30\/reggio-calabria-tutto-pronto-per-la-mostra-darte-contagio-positivo-info-e-date\/#breadcrumb\"},\"inLanguage\":\"it-IT\",\"potentialAction\":[{\"@type\":\"ReadAction\",\"target\":[\"https:\/\/progettotouring.it\/radiotouring104\/2022\/05\/30\/reggio-calabria-tutto-pronto-per-la-mostra-darte-contagio-positivo-info-e-date\/\"]}]},{\"@type\":\"ImageObject\",\"inLanguage\":\"it-IT\",\"@id\":\"https:\/\/progettotouring.it\/radiotouring104\/2022\/05\/30\/reggio-calabria-tutto-pronto-per-la-mostra-darte-contagio-positivo-info-e-date\/#primaryimage\",\"url\":\"https:\/\/progettotouring.it\/radiotouring104\/wp-content\/uploads\/sites\/6\/2022\/05\/contagio-positivo.jpg\",\"contentUrl\":\"https:\/\/progettotouring.it\/radiotouring104\/wp-content\/uploads\/sites\/6\/2022\/05\/contagio-positivo.jpg\",\"width\":679,\"height\":960},{\"@type\":\"BreadcrumbList\",\"@id\":\"https:\/\/progettotouring.it\/radiotouring104\/2022\/05\/30\/reggio-calabria-tutto-pronto-per-la-mostra-darte-contagio-positivo-info-e-date\/#breadcrumb\",\"itemListElement\":[{\"@type\":\"ListItem\",\"position\":1,\"name\":\"Home\",\"item\":\"https:\/\/progettotouring.it\/radiotouring104\/\"},{\"@type\":\"ListItem\",\"position\":2,\"name\":\"Reggio Calabria: tutto pronto per la mostra d&#8217;arte Contagio Positivo. Info e date\"}]},{\"@type\":\"WebSite\",\"@id\":\"https:\/\/progettotouring.it\/radiotouring104\/#website\",\"url\":\"https:\/\/progettotouring.it\/radiotouring104\/\",\"name\":\"Radio Touring 104\",\"description\":\"La prima radio Reggina\",\"publisher\":{\"@id\":\"https:\/\/progettotouring.it\/radiotouring104\/#organization\"},\"potentialAction\":[{\"@type\":\"SearchAction\",\"target\":{\"@type\":\"EntryPoint\",\"urlTemplate\":\"https:\/\/progettotouring.it\/radiotouring104\/?s={search_term_string}\"},\"query-input\":{\"@type\":\"PropertyValueSpecification\",\"valueRequired\":true,\"valueName\":\"search_term_string\"}}],\"inLanguage\":\"it-IT\"},{\"@type\":\"Organization\",\"@id\":\"https:\/\/progettotouring.it\/radiotouring104\/#organization\",\"name\":\"Radio Touring 104\",\"url\":\"https:\/\/progettotouring.it\/radiotouring104\/\",\"logo\":{\"@type\":\"ImageObject\",\"inLanguage\":\"it-IT\",\"@id\":\"https:\/\/progettotouring.it\/radiotouring104\/#\/schema\/logo\/image\/\",\"url\":\"https:\/\/progettotouring.it\/radiotouring104\/wp-content\/uploads\/sites\/6\/2022\/02\/cropped-logo-radio-touring-104.png\",\"contentUrl\":\"https:\/\/progettotouring.it\/radiotouring104\/wp-content\/uploads\/sites\/6\/2022\/02\/cropped-logo-radio-touring-104.png\",\"width\":377,\"height\":182,\"caption\":\"Radio Touring 104\"},\"image\":{\"@id\":\"https:\/\/progettotouring.it\/radiotouring104\/#\/schema\/logo\/image\/\"}},{\"@type\":\"Person\",\"@id\":\"https:\/\/progettotouring.it\/radiotouring104\/#\/schema\/person\/1b3eb3c07c47136bc44c785c543e635f\",\"name\":\"redazione\",\"image\":{\"@type\":\"ImageObject\",\"inLanguage\":\"it-IT\",\"@id\":\"https:\/\/secure.gravatar.com\/avatar\/0b31605b49f100769e8b624b3e05de1b73e1692e9568a352f60f53fd072e6e11?s=96&d=mm&r=g\",\"url\":\"https:\/\/secure.gravatar.com\/avatar\/0b31605b49f100769e8b624b3e05de1b73e1692e9568a352f60f53fd072e6e11?s=96&d=mm&r=g\",\"contentUrl\":\"https:\/\/secure.gravatar.com\/avatar\/0b31605b49f100769e8b624b3e05de1b73e1692e9568a352f60f53fd072e6e11?s=96&d=mm&r=g\",\"caption\":\"redazione\"},\"url\":\"https:\/\/progettotouring.it\/radiotouring104\/author\/redazione\/\"}]}<\/script>\n<!-- \/ Yoast SEO plugin. -->","yoast_head_json":{"title":"Reggio Calabria: tutto pronto per la mostra d'arte Contagio Positivo","description":"Contagio Positivo \u00e8 una mostra d\u2019arte che si terr\u00e0 dal 30 maggio al 3 giugno all'Universit\u00e0 Mediterranea di Reggio Calabria","robots":{"index":"index","follow":"follow","max-snippet":"max-snippet:-1","max-image-preview":"max-image-preview:large","max-video-preview":"max-video-preview:-1"},"canonical":"https:\/\/progettotouring.it\/radiotouring104\/2022\/05\/30\/reggio-calabria-tutto-pronto-per-la-mostra-darte-contagio-positivo-info-e-date\/","og_locale":"it_IT","og_type":"article","og_title":"Reggio Calabria: tutto pronto per la mostra d'arte Contagio Positivo","og_description":"Contagio Positivo \u00e8 una mostra d\u2019arte che si terr\u00e0 dal 30 maggio al 3 giugno all'Universit\u00e0 Mediterranea di Reggio Calabria","og_url":"https:\/\/progettotouring.it\/radiotouring104\/2022\/05\/30\/reggio-calabria-tutto-pronto-per-la-mostra-darte-contagio-positivo-info-e-date\/","og_site_name":"Radio Touring 104","article_published_time":"2022-05-30T15:40:11+00:00","article_modified_time":"2022-05-30T15:40:20+00:00","og_image":[{"width":679,"height":960,"url":"https:\/\/progettotouring.it\/radiotouring104\/wp-content\/uploads\/sites\/6\/2022\/05\/contagio-positivo.jpg","type":"image\/jpeg"}],"author":"redazione","twitter_card":"summary_large_image","twitter_misc":{"Scritto da":"redazione","Tempo di lettura stimato":"2 minuti"},"schema":{"@context":"https:\/\/schema.org","@graph":[{"@type":"Article","@id":"https:\/\/progettotouring.it\/radiotouring104\/2022\/05\/30\/reggio-calabria-tutto-pronto-per-la-mostra-darte-contagio-positivo-info-e-date\/#article","isPartOf":{"@id":"https:\/\/progettotouring.it\/radiotouring104\/2022\/05\/30\/reggio-calabria-tutto-pronto-per-la-mostra-darte-contagio-positivo-info-e-date\/"},"author":{"name":"redazione","@id":"https:\/\/progettotouring.it\/radiotouring104\/#\/schema\/person\/1b3eb3c07c47136bc44c785c543e635f"},"headline":"Reggio Calabria: tutto pronto per la mostra d&#8217;arte Contagio Positivo. Info e date","datePublished":"2022-05-30T15:40:11+00:00","dateModified":"2022-05-30T15:40:20+00:00","mainEntityOfPage":{"@id":"https:\/\/progettotouring.it\/radiotouring104\/2022\/05\/30\/reggio-calabria-tutto-pronto-per-la-mostra-darte-contagio-positivo-info-e-date\/"},"wordCount":347,"commentCount":0,"publisher":{"@id":"https:\/\/progettotouring.it\/radiotouring104\/#organization"},"image":{"@id":"https:\/\/progettotouring.it\/radiotouring104\/2022\/05\/30\/reggio-calabria-tutto-pronto-per-la-mostra-darte-contagio-positivo-info-e-date\/#primaryimage"},"thumbnailUrl":"https:\/\/progettotouring.it\/radiotouring104\/wp-content\/uploads\/sites\/6\/2022\/05\/contagio-positivo.jpg","keywords":["Accademia delle Belle Arti di Reggio Calabria.","Alessia Guarrera","contagio positivo","reggio calabria","Universit\u00e0 Mediterranea di Reggio Calabria"],"articleSection":["Home","News","Reggio Calabria"],"inLanguage":"it-IT","potentialAction":[{"@type":"CommentAction","name":"Comment","target":["https:\/\/progettotouring.it\/radiotouring104\/2022\/05\/30\/reggio-calabria-tutto-pronto-per-la-mostra-darte-contagio-positivo-info-e-date\/#respond"]}]},{"@type":"WebPage","@id":"https:\/\/progettotouring.it\/radiotouring104\/2022\/05\/30\/reggio-calabria-tutto-pronto-per-la-mostra-darte-contagio-positivo-info-e-date\/","url":"https:\/\/progettotouring.it\/radiotouring104\/2022\/05\/30\/reggio-calabria-tutto-pronto-per-la-mostra-darte-contagio-positivo-info-e-date\/","name":"Reggio Calabria: tutto pronto per la mostra d'arte Contagio Positivo","isPartOf":{"@id":"https:\/\/progettotouring.it\/radiotouring104\/#website"},"primaryImageOfPage":{"@id":"https:\/\/progettotouring.it\/radiotouring104\/2022\/05\/30\/reggio-calabria-tutto-pronto-per-la-mostra-darte-contagio-positivo-info-e-date\/#primaryimage"},"image":{"@id":"https:\/\/progettotouring.it\/radiotouring104\/2022\/05\/30\/reggio-calabria-tutto-pronto-per-la-mostra-darte-contagio-positivo-info-e-date\/#primaryimage"},"thumbnailUrl":"https:\/\/progettotouring.it\/radiotouring104\/wp-content\/uploads\/sites\/6\/2022\/05\/contagio-positivo.jpg","datePublished":"2022-05-30T15:40:11+00:00","dateModified":"2022-05-30T15:40:20+00:00","description":"Contagio Positivo \u00e8 una mostra d\u2019arte che si terr\u00e0 dal 30 maggio al 3 giugno all'Universit\u00e0 Mediterranea di Reggio Calabria","breadcrumb":{"@id":"https:\/\/progettotouring.it\/radiotouring104\/2022\/05\/30\/reggio-calabria-tutto-pronto-per-la-mostra-darte-contagio-positivo-info-e-date\/#breadcrumb"},"inLanguage":"it-IT","potentialAction":[{"@type":"ReadAction","target":["https:\/\/progettotouring.it\/radiotouring104\/2022\/05\/30\/reggio-calabria-tutto-pronto-per-la-mostra-darte-contagio-positivo-info-e-date\/"]}]},{"@type":"ImageObject","inLanguage":"it-IT","@id":"https:\/\/progettotouring.it\/radiotouring104\/2022\/05\/30\/reggio-calabria-tutto-pronto-per-la-mostra-darte-contagio-positivo-info-e-date\/#primaryimage","url":"https:\/\/progettotouring.it\/radiotouring104\/wp-content\/uploads\/sites\/6\/2022\/05\/contagio-positivo.jpg","contentUrl":"https:\/\/progettotouring.it\/radiotouring104\/wp-content\/uploads\/sites\/6\/2022\/05\/contagio-positivo.jpg","width":679,"height":960},{"@type":"BreadcrumbList","@id":"https:\/\/progettotouring.it\/radiotouring104\/2022\/05\/30\/reggio-calabria-tutto-pronto-per-la-mostra-darte-contagio-positivo-info-e-date\/#breadcrumb","itemListElement":[{"@type":"ListItem","position":1,"name":"Home","item":"https:\/\/progettotouring.it\/radiotouring104\/"},{"@type":"ListItem","position":2,"name":"Reggio Calabria: tutto pronto per la mostra d&#8217;arte Contagio Positivo. Info e date"}]},{"@type":"WebSite","@id":"https:\/\/progettotouring.it\/radiotouring104\/#website","url":"https:\/\/progettotouring.it\/radiotouring104\/","name":"Radio Touring 104","description":"La prima radio Reggina","publisher":{"@id":"https:\/\/progettotouring.it\/radiotouring104\/#organization"},"potentialAction":[{"@type":"SearchAction","target":{"@type":"EntryPoint","urlTemplate":"https:\/\/progettotouring.it\/radiotouring104\/?s={search_term_string}"},"query-input":{"@type":"PropertyValueSpecification","valueRequired":true,"valueName":"search_term_string"}}],"inLanguage":"it-IT"},{"@type":"Organization","@id":"https:\/\/progettotouring.it\/radiotouring104\/#organization","name":"Radio Touring 104","url":"https:\/\/progettotouring.it\/radiotouring104\/","logo":{"@type":"ImageObject","inLanguage":"it-IT","@id":"https:\/\/progettotouring.it\/radiotouring104\/#\/schema\/logo\/image\/","url":"https:\/\/progettotouring.it\/radiotouring104\/wp-content\/uploads\/sites\/6\/2022\/02\/cropped-logo-radio-touring-104.png","contentUrl":"https:\/\/progettotouring.it\/radiotouring104\/wp-content\/uploads\/sites\/6\/2022\/02\/cropped-logo-radio-touring-104.png","width":377,"height":182,"caption":"Radio Touring 104"},"image":{"@id":"https:\/\/progettotouring.it\/radiotouring104\/#\/schema\/logo\/image\/"}},{"@type":"Person","@id":"https:\/\/progettotouring.it\/radiotouring104\/#\/schema\/person\/1b3eb3c07c47136bc44c785c543e635f","name":"redazione","image":{"@type":"ImageObject","inLanguage":"it-IT","@id":"https:\/\/secure.gravatar.com\/avatar\/0b31605b49f100769e8b624b3e05de1b73e1692e9568a352f60f53fd072e6e11?s=96&d=mm&r=g","url":"https:\/\/secure.gravatar.com\/avatar\/0b31605b49f100769e8b624b3e05de1b73e1692e9568a352f60f53fd072e6e11?s=96&d=mm&r=g","contentUrl":"https:\/\/secure.gravatar.com\/avatar\/0b31605b49f100769e8b624b3e05de1b73e1692e9568a352f60f53fd072e6e11?s=96&d=mm&r=g","caption":"redazione"},"url":"https:\/\/progettotouring.it\/radiotouring104\/author\/redazione\/"}]}},"jetpack_publicize_connections":[],"jetpack_featured_media_url":"https:\/\/progettotouring.it\/radiotouring104\/wp-content\/uploads\/sites\/6\/2022\/05\/contagio-positivo.jpg","jetpack_sharing_enabled":true,"_links":{"self":[{"href":"https:\/\/progettotouring.it\/radiotouring104\/wp-json\/wp\/v2\/posts\/5996","targetHints":{"allow":["GET"]}}],"collection":[{"href":"https:\/\/progettotouring.it\/radiotouring104\/wp-json\/wp\/v2\/posts"}],"about":[{"href":"https:\/\/progettotouring.it\/radiotouring104\/wp-json\/wp\/v2\/types\/post"}],"author":[{"embeddable":true,"href":"https:\/\/progettotouring.it\/radiotouring104\/wp-json\/wp\/v2\/users\/5"}],"replies":[{"embeddable":true,"href":"https:\/\/progettotouring.it\/radiotouring104\/wp-json\/wp\/v2\/comments?post=5996"}],"version-history":[{"count":2,"href":"https:\/\/progettotouring.it\/radiotouring104\/wp-json\/wp\/v2\/posts\/5996\/revisions"}],"predecessor-version":[{"id":6011,"href":"https:\/\/progettotouring.it\/radiotouring104\/wp-json\/wp\/v2\/posts\/5996\/revisions\/6011"}],"wp:featuredmedia":[{"embeddable":true,"href":"https:\/\/progettotouring.it\/radiotouring104\/wp-json\/wp\/v2\/media\/5997"}],"wp:attachment":[{"href":"https:\/\/progettotouring.it\/radiotouring104\/wp-json\/wp\/v2\/media?parent=5996"}],"wp:term":[{"taxonomy":"category","embeddable":true,"href":"https:\/\/progettotouring.it\/radiotouring104\/wp-json\/wp\/v2\/categories?post=5996"},{"taxonomy":"post_tag","embeddable":true,"href":"https:\/\/progettotouring.it\/radiotouring104\/wp-json\/wp\/v2\/tags?post=5996"}],"curies":[{"name":"wp","href":"https:\/\/api.w.org\/{rel}","templated":true}]}}