{"id":60040,"date":"2024-10-21T11:03:09","date_gmt":"2024-10-21T09:03:09","guid":{"rendered":"https:\/\/progettotouring.it\/radiotouring104\/?p=60040"},"modified":"2024-10-21T11:03:09","modified_gmt":"2024-10-21T09:03:09","slug":"migranti-in-albania-la-condanna-dellarcivescovo-savino-attenti-scontro-poteri-persone-non-sono-pacchi","status":"publish","type":"post","link":"https:\/\/progettotouring.it\/radiotouring104\/2024\/10\/21\/migranti-in-albania-la-condanna-dellarcivescovo-savino-attenti-scontro-poteri-persone-non-sono-pacchi\/","title":{"rendered":"Migranti in Albania, la condanna dell&#8217;Arcivescovo Savino: &#8220;Attenti scontro poteri, persone non sono pacchi&#8221;"},"content":{"rendered":"<p style=\"text-align: justify\"><strong>Francesco Savino<\/strong>, vescovo di Cassano all&#8217;Jonio, <strong>interviene duramente sulla questione del piano del Governo sul trasferimento migranti in Albania,<\/strong> in seguito bocciato dal Tribunale di Roma.<\/p>\n<p style=\"text-align: justify\"><em>&#8220;Come cittadino e come pastore chiedo di stare attenti allo scontro tra poteri. Sono convinto che quando i poteri non si rispettano reciprocamente &#8211;<\/em> sottolinea il vescovo <em>&#8211; il cuore della democrazia \u00e8 a rischio. Se facciamo memoria di tutte le leggi, dalla Bossi-Fini al decreto Cutro, fino alla scelta di esternalizzare i migranti in Albania il filo rosso \u00e8 considerare l&#8217;immigrato un criminale. C&#8217;\u00e8 un atteggiamento securitario che va al di l\u00e0 di ogni oggettivit\u00e0&#8221;<\/em><strong>, dichiara l&#8217;arcivescovo Savino<\/strong><\/p>\n<p style=\"text-align: justify\"><strong>Sul centro in Albania aggiunge:<\/strong> <em>&#8220;Chiedono sacrifici, dispiace per i soldi buttati via&#8221;.<\/em><\/p>\n","protected":false},"excerpt":{"rendered":"<p>Francesco Savino, vescovo di Cassano all&#8217;Jonio, interviene duramente sulla questione del piano del Governo sul trasferimento migranti in Albania, in seguito bocciato dal Tribunale di Roma. &#8220;Come cittadino e come&hellip;<\/p>\n","protected":false},"author":12,"featured_media":34810,"comment_status":"closed","ping_status":"open","sticky":false,"template":"","format":"standard","meta":{"_jetpack_memberships_contains_paid_content":false,"footnotes":"","jetpack_publicize_message":"","jetpack_publicize_feature_enabled":true,"jetpack_social_post_already_shared":false,"jetpack_social_options":{"image_generator_settings":{"template":"highway","default_image_id":0,"font":"","enabled":false},"version":2}},"categories":[142,921,196],"tags":[10593,36605,5686,36606,36604],"class_list":["post-60040","post","type-post","status-publish","format-standard","has-post-thumbnail","hentry","category-calabria","category-home","category-news","tag-arcivescovo-savino","tag-attenti-scontro-poteri","tag-governo-meloni","tag-migranti-non-pacchi","tag-migranti-trasferiti-in-albania"],"yoast_head":"<!-- This site is optimized with the Yoast SEO plugin v27.2 - https:\/\/yoast.com\/product\/yoast-seo-wordpress\/ -->\n<title>Savino (Cei): &quot;Attenti scontro poteri, migranti non pacchi&quot;<\/title>\n<meta name=\"description\" content=\"&#039;Attenti a scontro poteri, dispiace anche per soldi buttati via&#039;, le parole di condanna dell&#039;Arcivescovo di Cassano allo Jonio.\" \/>\n<meta name=\"robots\" content=\"index, follow, max-snippet:-1, max-image-preview:large, max-video-preview:-1\" \/>\n<link rel=\"canonical\" href=\"https:\/\/progettotouring.it\/radiotouring104\/2024\/10\/21\/migranti-in-albania-la-condanna-dellarcivescovo-savino-attenti-scontro-poteri-persone-non-sono-pacchi\/\" \/>\n<meta property=\"og:locale\" content=\"it_IT\" \/>\n<meta property=\"og:type\" content=\"article\" \/>\n<meta property=\"og:title\" content=\"Savino (Cei): &quot;Attenti scontro poteri, migranti non pacchi&quot;\" \/>\n<meta property=\"og:description\" content=\"&#039;Attenti a scontro poteri, dispiace anche per soldi buttati via&#039;, le parole di condanna dell&#039;Arcivescovo di Cassano allo Jonio.\" \/>\n<meta property=\"og:url\" content=\"https:\/\/progettotouring.it\/radiotouring104\/2024\/10\/21\/migranti-in-albania-la-condanna-dellarcivescovo-savino-attenti-scontro-poteri-persone-non-sono-pacchi\/\" \/>\n<meta property=\"og:site_name\" content=\"Radio Touring 104\" \/>\n<meta property=\"article:published_time\" content=\"2024-10-21T09:03:09+00:00\" \/>\n<meta property=\"og:image\" content=\"https:\/\/progettotouring.it\/radiotouring104\/wp-content\/uploads\/sites\/6\/2023\/09\/Navi-Marina-Migranti.jpg\" \/>\n\t<meta property=\"og:image:width\" content=\"580\" \/>\n\t<meta property=\"og:image:height\" content=\"422\" \/>\n\t<meta property=\"og:image:type\" content=\"image\/jpeg\" \/>\n<meta name=\"author\" content=\"Sebastiano Plutino\" \/>\n<meta name=\"twitter:card\" content=\"summary_large_image\" \/>\n<meta name=\"twitter:label1\" content=\"Scritto da\" \/>\n\t<meta name=\"twitter:data1\" content=\"Sebastiano Plutino\" \/>\n\t<meta name=\"twitter:label2\" content=\"Tempo di lettura stimato\" \/>\n\t<meta name=\"twitter:data2\" content=\"1 minuto\" \/>\n<script type=\"application\/ld+json\" class=\"yoast-schema-graph\">{\"@context\":\"https:\/\/schema.org\",\"@graph\":[{\"@type\":\"Article\",\"@id\":\"https:\/\/progettotouring.it\/radiotouring104\/2024\/10\/21\/migranti-in-albania-la-condanna-dellarcivescovo-savino-attenti-scontro-poteri-persone-non-sono-pacchi\/#article\",\"isPartOf\":{\"@id\":\"https:\/\/progettotouring.it\/radiotouring104\/2024\/10\/21\/migranti-in-albania-la-condanna-dellarcivescovo-savino-attenti-scontro-poteri-persone-non-sono-pacchi\/\"},\"author\":{\"name\":\"Sebastiano Plutino\",\"@id\":\"https:\/\/progettotouring.it\/radiotouring104\/#\/schema\/person\/78613917f1851f041f7483f5af1d422e\"},\"headline\":\"Migranti in Albania, la condanna dell&#8217;Arcivescovo Savino: &#8220;Attenti scontro poteri, persone non sono pacchi&#8221;\",\"datePublished\":\"2024-10-21T09:03:09+00:00\",\"mainEntityOfPage\":{\"@id\":\"https:\/\/progettotouring.it\/radiotouring104\/2024\/10\/21\/migranti-in-albania-la-condanna-dellarcivescovo-savino-attenti-scontro-poteri-persone-non-sono-pacchi\/\"},\"wordCount\":130,\"publisher\":{\"@id\":\"https:\/\/progettotouring.it\/radiotouring104\/#organization\"},\"image\":{\"@id\":\"https:\/\/progettotouring.it\/radiotouring104\/2024\/10\/21\/migranti-in-albania-la-condanna-dellarcivescovo-savino-attenti-scontro-poteri-persone-non-sono-pacchi\/#primaryimage\"},\"thumbnailUrl\":\"https:\/\/progettotouring.it\/radiotouring104\/wp-content\/uploads\/sites\/6\/2023\/09\/Navi-Marina-Migranti.jpg\",\"keywords\":[\"Arcivescovo Savino\",\"attenti scontro poteri\",\"governo meloni\",\"migranti non pacchi\",\"Migranti trasferiti in Albania\"],\"articleSection\":[\"Calabria\",\"Home\",\"News\"],\"inLanguage\":\"it-IT\"},{\"@type\":\"WebPage\",\"@id\":\"https:\/\/progettotouring.it\/radiotouring104\/2024\/10\/21\/migranti-in-albania-la-condanna-dellarcivescovo-savino-attenti-scontro-poteri-persone-non-sono-pacchi\/\",\"url\":\"https:\/\/progettotouring.it\/radiotouring104\/2024\/10\/21\/migranti-in-albania-la-condanna-dellarcivescovo-savino-attenti-scontro-poteri-persone-non-sono-pacchi\/\",\"name\":\"Savino (Cei): \\\"Attenti scontro poteri, migranti non pacchi\\\"\",\"isPartOf\":{\"@id\":\"https:\/\/progettotouring.it\/radiotouring104\/#website\"},\"primaryImageOfPage\":{\"@id\":\"https:\/\/progettotouring.it\/radiotouring104\/2024\/10\/21\/migranti-in-albania-la-condanna-dellarcivescovo-savino-attenti-scontro-poteri-persone-non-sono-pacchi\/#primaryimage\"},\"image\":{\"@id\":\"https:\/\/progettotouring.it\/radiotouring104\/2024\/10\/21\/migranti-in-albania-la-condanna-dellarcivescovo-savino-attenti-scontro-poteri-persone-non-sono-pacchi\/#primaryimage\"},\"thumbnailUrl\":\"https:\/\/progettotouring.it\/radiotouring104\/wp-content\/uploads\/sites\/6\/2023\/09\/Navi-Marina-Migranti.jpg\",\"datePublished\":\"2024-10-21T09:03:09+00:00\",\"description\":\"'Attenti a scontro poteri, dispiace anche per soldi buttati via', le parole di condanna dell'Arcivescovo di Cassano allo Jonio.\",\"breadcrumb\":{\"@id\":\"https:\/\/progettotouring.it\/radiotouring104\/2024\/10\/21\/migranti-in-albania-la-condanna-dellarcivescovo-savino-attenti-scontro-poteri-persone-non-sono-pacchi\/#breadcrumb\"},\"inLanguage\":\"it-IT\",\"potentialAction\":[{\"@type\":\"ReadAction\",\"target\":[\"https:\/\/progettotouring.it\/radiotouring104\/2024\/10\/21\/migranti-in-albania-la-condanna-dellarcivescovo-savino-attenti-scontro-poteri-persone-non-sono-pacchi\/\"]}]},{\"@type\":\"ImageObject\",\"inLanguage\":\"it-IT\",\"@id\":\"https:\/\/progettotouring.it\/radiotouring104\/2024\/10\/21\/migranti-in-albania-la-condanna-dellarcivescovo-savino-attenti-scontro-poteri-persone-non-sono-pacchi\/#primaryimage\",\"url\":\"https:\/\/progettotouring.it\/radiotouring104\/wp-content\/uploads\/sites\/6\/2023\/09\/Navi-Marina-Migranti.jpg\",\"contentUrl\":\"https:\/\/progettotouring.it\/radiotouring104\/wp-content\/uploads\/sites\/6\/2023\/09\/Navi-Marina-Migranti.jpg\",\"width\":580,\"height\":422},{\"@type\":\"BreadcrumbList\",\"@id\":\"https:\/\/progettotouring.it\/radiotouring104\/2024\/10\/21\/migranti-in-albania-la-condanna-dellarcivescovo-savino-attenti-scontro-poteri-persone-non-sono-pacchi\/#breadcrumb\",\"itemListElement\":[{\"@type\":\"ListItem\",\"position\":1,\"name\":\"Home\",\"item\":\"https:\/\/progettotouring.it\/radiotouring104\/\"},{\"@type\":\"ListItem\",\"position\":2,\"name\":\"Migranti in Albania, la condanna dell&#8217;Arcivescovo Savino: &#8220;Attenti scontro poteri, persone non sono pacchi&#8221;\"}]},{\"@type\":\"WebSite\",\"@id\":\"https:\/\/progettotouring.it\/radiotouring104\/#website\",\"url\":\"https:\/\/progettotouring.it\/radiotouring104\/\",\"name\":\"Radio Touring 104\",\"description\":\"La prima radio Reggina\",\"publisher\":{\"@id\":\"https:\/\/progettotouring.it\/radiotouring104\/#organization\"},\"potentialAction\":[{\"@type\":\"SearchAction\",\"target\":{\"@type\":\"EntryPoint\",\"urlTemplate\":\"https:\/\/progettotouring.it\/radiotouring104\/?s={search_term_string}\"},\"query-input\":{\"@type\":\"PropertyValueSpecification\",\"valueRequired\":true,\"valueName\":\"search_term_string\"}}],\"inLanguage\":\"it-IT\"},{\"@type\":\"Organization\",\"@id\":\"https:\/\/progettotouring.it\/radiotouring104\/#organization\",\"name\":\"Radio Touring 104\",\"url\":\"https:\/\/progettotouring.it\/radiotouring104\/\",\"logo\":{\"@type\":\"ImageObject\",\"inLanguage\":\"it-IT\",\"@id\":\"https:\/\/progettotouring.it\/radiotouring104\/#\/schema\/logo\/image\/\",\"url\":\"https:\/\/progettotouring.it\/radiotouring104\/wp-content\/uploads\/sites\/6\/2022\/02\/cropped-logo-radio-touring-104.png\",\"contentUrl\":\"https:\/\/progettotouring.it\/radiotouring104\/wp-content\/uploads\/sites\/6\/2022\/02\/cropped-logo-radio-touring-104.png\",\"width\":377,\"height\":182,\"caption\":\"Radio Touring 104\"},\"image\":{\"@id\":\"https:\/\/progettotouring.it\/radiotouring104\/#\/schema\/logo\/image\/\"}},{\"@type\":\"Person\",\"@id\":\"https:\/\/progettotouring.it\/radiotouring104\/#\/schema\/person\/78613917f1851f041f7483f5af1d422e\",\"name\":\"Sebastiano Plutino\",\"image\":{\"@type\":\"ImageObject\",\"inLanguage\":\"it-IT\",\"@id\":\"https:\/\/secure.gravatar.com\/avatar\/0546ffaa9b79224faf9f2a156b67a529ae861d3287c66c1d8ccfdf909bcba78d?s=96&d=mm&r=g\",\"url\":\"https:\/\/secure.gravatar.com\/avatar\/0546ffaa9b79224faf9f2a156b67a529ae861d3287c66c1d8ccfdf909bcba78d?s=96&d=mm&r=g\",\"contentUrl\":\"https:\/\/secure.gravatar.com\/avatar\/0546ffaa9b79224faf9f2a156b67a529ae861d3287c66c1d8ccfdf909bcba78d?s=96&d=mm&r=g\",\"caption\":\"Sebastiano Plutino\"},\"url\":\"https:\/\/progettotouring.it\/radiotouring104\/author\/sebastiano\/\"}]}<\/script>\n<!-- \/ Yoast SEO plugin. -->","yoast_head_json":{"title":"Savino (Cei): \"Attenti scontro poteri, migranti non pacchi\"","description":"'Attenti a scontro poteri, dispiace anche per soldi buttati via', le parole di condanna dell'Arcivescovo di Cassano allo Jonio.","robots":{"index":"index","follow":"follow","max-snippet":"max-snippet:-1","max-image-preview":"max-image-preview:large","max-video-preview":"max-video-preview:-1"},"canonical":"https:\/\/progettotouring.it\/radiotouring104\/2024\/10\/21\/migranti-in-albania-la-condanna-dellarcivescovo-savino-attenti-scontro-poteri-persone-non-sono-pacchi\/","og_locale":"it_IT","og_type":"article","og_title":"Savino (Cei): \"Attenti scontro poteri, migranti non pacchi\"","og_description":"'Attenti a scontro poteri, dispiace anche per soldi buttati via', le parole di condanna dell'Arcivescovo di Cassano allo Jonio.","og_url":"https:\/\/progettotouring.it\/radiotouring104\/2024\/10\/21\/migranti-in-albania-la-condanna-dellarcivescovo-savino-attenti-scontro-poteri-persone-non-sono-pacchi\/","og_site_name":"Radio Touring 104","article_published_time":"2024-10-21T09:03:09+00:00","og_image":[{"width":580,"height":422,"url":"https:\/\/progettotouring.it\/radiotouring104\/wp-content\/uploads\/sites\/6\/2023\/09\/Navi-Marina-Migranti.jpg","type":"image\/jpeg"}],"author":"Sebastiano Plutino","twitter_card":"summary_large_image","twitter_misc":{"Scritto da":"Sebastiano Plutino","Tempo di lettura stimato":"1 minuto"},"schema":{"@context":"https:\/\/schema.org","@graph":[{"@type":"Article","@id":"https:\/\/progettotouring.it\/radiotouring104\/2024\/10\/21\/migranti-in-albania-la-condanna-dellarcivescovo-savino-attenti-scontro-poteri-persone-non-sono-pacchi\/#article","isPartOf":{"@id":"https:\/\/progettotouring.it\/radiotouring104\/2024\/10\/21\/migranti-in-albania-la-condanna-dellarcivescovo-savino-attenti-scontro-poteri-persone-non-sono-pacchi\/"},"author":{"name":"Sebastiano Plutino","@id":"https:\/\/progettotouring.it\/radiotouring104\/#\/schema\/person\/78613917f1851f041f7483f5af1d422e"},"headline":"Migranti in Albania, la condanna dell&#8217;Arcivescovo Savino: &#8220;Attenti scontro poteri, persone non sono pacchi&#8221;","datePublished":"2024-10-21T09:03:09+00:00","mainEntityOfPage":{"@id":"https:\/\/progettotouring.it\/radiotouring104\/2024\/10\/21\/migranti-in-albania-la-condanna-dellarcivescovo-savino-attenti-scontro-poteri-persone-non-sono-pacchi\/"},"wordCount":130,"publisher":{"@id":"https:\/\/progettotouring.it\/radiotouring104\/#organization"},"image":{"@id":"https:\/\/progettotouring.it\/radiotouring104\/2024\/10\/21\/migranti-in-albania-la-condanna-dellarcivescovo-savino-attenti-scontro-poteri-persone-non-sono-pacchi\/#primaryimage"},"thumbnailUrl":"https:\/\/progettotouring.it\/radiotouring104\/wp-content\/uploads\/sites\/6\/2023\/09\/Navi-Marina-Migranti.jpg","keywords":["Arcivescovo Savino","attenti scontro poteri","governo meloni","migranti non pacchi","Migranti trasferiti in Albania"],"articleSection":["Calabria","Home","News"],"inLanguage":"it-IT"},{"@type":"WebPage","@id":"https:\/\/progettotouring.it\/radiotouring104\/2024\/10\/21\/migranti-in-albania-la-condanna-dellarcivescovo-savino-attenti-scontro-poteri-persone-non-sono-pacchi\/","url":"https:\/\/progettotouring.it\/radiotouring104\/2024\/10\/21\/migranti-in-albania-la-condanna-dellarcivescovo-savino-attenti-scontro-poteri-persone-non-sono-pacchi\/","name":"Savino (Cei): \"Attenti scontro poteri, migranti non pacchi\"","isPartOf":{"@id":"https:\/\/progettotouring.it\/radiotouring104\/#website"},"primaryImageOfPage":{"@id":"https:\/\/progettotouring.it\/radiotouring104\/2024\/10\/21\/migranti-in-albania-la-condanna-dellarcivescovo-savino-attenti-scontro-poteri-persone-non-sono-pacchi\/#primaryimage"},"image":{"@id":"https:\/\/progettotouring.it\/radiotouring104\/2024\/10\/21\/migranti-in-albania-la-condanna-dellarcivescovo-savino-attenti-scontro-poteri-persone-non-sono-pacchi\/#primaryimage"},"thumbnailUrl":"https:\/\/progettotouring.it\/radiotouring104\/wp-content\/uploads\/sites\/6\/2023\/09\/Navi-Marina-Migranti.jpg","datePublished":"2024-10-21T09:03:09+00:00","description":"'Attenti a scontro poteri, dispiace anche per soldi buttati via', le parole di condanna dell'Arcivescovo di Cassano allo Jonio.","breadcrumb":{"@id":"https:\/\/progettotouring.it\/radiotouring104\/2024\/10\/21\/migranti-in-albania-la-condanna-dellarcivescovo-savino-attenti-scontro-poteri-persone-non-sono-pacchi\/#breadcrumb"},"inLanguage":"it-IT","potentialAction":[{"@type":"ReadAction","target":["https:\/\/progettotouring.it\/radiotouring104\/2024\/10\/21\/migranti-in-albania-la-condanna-dellarcivescovo-savino-attenti-scontro-poteri-persone-non-sono-pacchi\/"]}]},{"@type":"ImageObject","inLanguage":"it-IT","@id":"https:\/\/progettotouring.it\/radiotouring104\/2024\/10\/21\/migranti-in-albania-la-condanna-dellarcivescovo-savino-attenti-scontro-poteri-persone-non-sono-pacchi\/#primaryimage","url":"https:\/\/progettotouring.it\/radiotouring104\/wp-content\/uploads\/sites\/6\/2023\/09\/Navi-Marina-Migranti.jpg","contentUrl":"https:\/\/progettotouring.it\/radiotouring104\/wp-content\/uploads\/sites\/6\/2023\/09\/Navi-Marina-Migranti.jpg","width":580,"height":422},{"@type":"BreadcrumbList","@id":"https:\/\/progettotouring.it\/radiotouring104\/2024\/10\/21\/migranti-in-albania-la-condanna-dellarcivescovo-savino-attenti-scontro-poteri-persone-non-sono-pacchi\/#breadcrumb","itemListElement":[{"@type":"ListItem","position":1,"name":"Home","item":"https:\/\/progettotouring.it\/radiotouring104\/"},{"@type":"ListItem","position":2,"name":"Migranti in Albania, la condanna dell&#8217;Arcivescovo Savino: &#8220;Attenti scontro poteri, persone non sono pacchi&#8221;"}]},{"@type":"WebSite","@id":"https:\/\/progettotouring.it\/radiotouring104\/#website","url":"https:\/\/progettotouring.it\/radiotouring104\/","name":"Radio Touring 104","description":"La prima radio Reggina","publisher":{"@id":"https:\/\/progettotouring.it\/radiotouring104\/#organization"},"potentialAction":[{"@type":"SearchAction","target":{"@type":"EntryPoint","urlTemplate":"https:\/\/progettotouring.it\/radiotouring104\/?s={search_term_string}"},"query-input":{"@type":"PropertyValueSpecification","valueRequired":true,"valueName":"search_term_string"}}],"inLanguage":"it-IT"},{"@type":"Organization","@id":"https:\/\/progettotouring.it\/radiotouring104\/#organization","name":"Radio Touring 104","url":"https:\/\/progettotouring.it\/radiotouring104\/","logo":{"@type":"ImageObject","inLanguage":"it-IT","@id":"https:\/\/progettotouring.it\/radiotouring104\/#\/schema\/logo\/image\/","url":"https:\/\/progettotouring.it\/radiotouring104\/wp-content\/uploads\/sites\/6\/2022\/02\/cropped-logo-radio-touring-104.png","contentUrl":"https:\/\/progettotouring.it\/radiotouring104\/wp-content\/uploads\/sites\/6\/2022\/02\/cropped-logo-radio-touring-104.png","width":377,"height":182,"caption":"Radio Touring 104"},"image":{"@id":"https:\/\/progettotouring.it\/radiotouring104\/#\/schema\/logo\/image\/"}},{"@type":"Person","@id":"https:\/\/progettotouring.it\/radiotouring104\/#\/schema\/person\/78613917f1851f041f7483f5af1d422e","name":"Sebastiano Plutino","image":{"@type":"ImageObject","inLanguage":"it-IT","@id":"https:\/\/secure.gravatar.com\/avatar\/0546ffaa9b79224faf9f2a156b67a529ae861d3287c66c1d8ccfdf909bcba78d?s=96&d=mm&r=g","url":"https:\/\/secure.gravatar.com\/avatar\/0546ffaa9b79224faf9f2a156b67a529ae861d3287c66c1d8ccfdf909bcba78d?s=96&d=mm&r=g","contentUrl":"https:\/\/secure.gravatar.com\/avatar\/0546ffaa9b79224faf9f2a156b67a529ae861d3287c66c1d8ccfdf909bcba78d?s=96&d=mm&r=g","caption":"Sebastiano Plutino"},"url":"https:\/\/progettotouring.it\/radiotouring104\/author\/sebastiano\/"}]}},"jetpack_publicize_connections":[],"jetpack_featured_media_url":"https:\/\/progettotouring.it\/radiotouring104\/wp-content\/uploads\/sites\/6\/2023\/09\/Navi-Marina-Migranti.jpg","jetpack_sharing_enabled":true,"_links":{"self":[{"href":"https:\/\/progettotouring.it\/radiotouring104\/wp-json\/wp\/v2\/posts\/60040","targetHints":{"allow":["GET"]}}],"collection":[{"href":"https:\/\/progettotouring.it\/radiotouring104\/wp-json\/wp\/v2\/posts"}],"about":[{"href":"https:\/\/progettotouring.it\/radiotouring104\/wp-json\/wp\/v2\/types\/post"}],"author":[{"embeddable":true,"href":"https:\/\/progettotouring.it\/radiotouring104\/wp-json\/wp\/v2\/users\/12"}],"replies":[{"embeddable":true,"href":"https:\/\/progettotouring.it\/radiotouring104\/wp-json\/wp\/v2\/comments?post=60040"}],"version-history":[{"count":1,"href":"https:\/\/progettotouring.it\/radiotouring104\/wp-json\/wp\/v2\/posts\/60040\/revisions"}],"predecessor-version":[{"id":60041,"href":"https:\/\/progettotouring.it\/radiotouring104\/wp-json\/wp\/v2\/posts\/60040\/revisions\/60041"}],"wp:featuredmedia":[{"embeddable":true,"href":"https:\/\/progettotouring.it\/radiotouring104\/wp-json\/wp\/v2\/media\/34810"}],"wp:attachment":[{"href":"https:\/\/progettotouring.it\/radiotouring104\/wp-json\/wp\/v2\/media?parent=60040"}],"wp:term":[{"taxonomy":"category","embeddable":true,"href":"https:\/\/progettotouring.it\/radiotouring104\/wp-json\/wp\/v2\/categories?post=60040"},{"taxonomy":"post_tag","embeddable":true,"href":"https:\/\/progettotouring.it\/radiotouring104\/wp-json\/wp\/v2\/tags?post=60040"}],"curies":[{"name":"wp","href":"https:\/\/api.w.org\/{rel}","templated":true}]}}