{"id":60046,"date":"2024-10-21T11:36:09","date_gmt":"2024-10-21T09:36:09","guid":{"rendered":"https:\/\/progettotouring.it\/radiotouring104\/?p=60046"},"modified":"2024-10-21T11:37:12","modified_gmt":"2024-10-21T09:37:12","slug":"don-ciotti-libera-mafie-fanno-meno-rumore-ma-continuano-ad-esserci","status":"publish","type":"post","link":"https:\/\/progettotouring.it\/radiotouring104\/2024\/10\/21\/don-ciotti-libera-mafie-fanno-meno-rumore-ma-continuano-ad-esserci\/","title":{"rendered":"Don Ciotti (Libera): &#8220;Mafie fanno meno rumore, ma continuano ad esserci&#8221;"},"content":{"rendered":"<p style=\"text-align: justify\"><em>&#8220;Le mafie sono tornate ad essere forti sullo scenario internazionale e italiano. Sparano di meno, fanno meno rumore, ma continuano ad esserci, per di pi\u00f9 rigenerate&#8221;.<\/em> Lo <strong>ha detto don Luigi Ciotti<\/strong>, fondatore di Libera, parlando con i giornalisti <strong>a margine dell&#8217;iniziativa<\/strong> &#8220;Contromafiecorruzione&#8221;, <strong>promossa dall&#8217;associazione a Vibo Valentia.<\/strong><\/p>\n<p style=\"text-align: justify\"><em>&#8220;Non basta, allora<strong> &#8211;<\/strong><\/em><strong> ha aggiunto<\/strong> &#8211;<em> tagliare la mala erba in superficie con il lavoro di magistrati, forze di polizia e prefetture. Occorre andare pi\u00f9 a fondo ed estirpare il male alla radice. E per raggiungere questo scopo bisogna avviare un impegno culturale ed educativo in vari settori, come l&#8217;occupazione e la sanit\u00e0. Insieme a questo serve, inoltre, attuare un investimento reale, e non a parole, sui giovani, che devono essere ascoltati e valorizzati con politiche che offrano loro spazi e opportunit\u00e0. Occorre anche fare una riflessione per arrivare ad uno scatto qualitativo ulteriore nella lotta contro le mafie&#8221;.<\/em><\/p>\n<p style=\"text-align: justify\"><em>&#8220;Abbiamo voluto tenere questa iniziativa in Calabria<\/em> &#8211; <strong>ha detto ancora don Ciotti<\/strong> &#8211;<em> per uno scopo simbolico. Negli ultimi anni proprio in questa regione ci sono state tante operazioni contro la &#8216;ndrangheta e c&#8217;\u00e8 stata, soprattutto, una reazione della societ\u00e0. La Calabria \u00e8 una terra stupenda e non bisogna dimenticarsi che gli abitanti di questa terra sono persone che lavorano e s&#8217;impegnano per emergere e combattere il malaffare. E non possono essere duecento clan mafiosi a mortificarne il valore. Noi siamo qui proprio per chiederci cosa possiamo fare come cittadini per fare prevalere il bene sul male del crimine&#8221;.<\/em><\/p>\n","protected":false},"excerpt":{"rendered":"<p>&#8220;Le mafie sono tornate ad essere forti sullo scenario internazionale e italiano. Sparano di meno, fanno meno rumore, ma continuano ad esserci, per di pi\u00f9 rigenerate&#8221;. Lo ha detto don&hellip;<\/p>\n","protected":false},"author":12,"featured_media":60048,"comment_status":"closed","ping_status":"open","sticky":false,"template":"","format":"standard","meta":{"_jetpack_memberships_contains_paid_content":false,"footnotes":"","jetpack_publicize_message":"","jetpack_publicize_feature_enabled":true,"jetpack_social_post_already_shared":false,"jetpack_social_options":{"image_generator_settings":{"template":"highway","default_image_id":0,"font":"","enabled":false},"version":2}},"categories":[142,921,196],"tags":[36614,10926,17837,36616,36615,644],"class_list":["post-60046","post","type-post","status-publish","format-standard","has-post-thumbnail","hentry","category-calabria","category-home","category-news","tag-mafie-fanno-meno-rumore","tag-associazione-libera","tag-don-ciotti","tag-iniziativa-contromafiecorruzione","tag-ma-continuano-ad-esserci","tag-vibo-valentia"],"yoast_head":"<!-- This site is optimized with the Yoast SEO plugin v27.2 - https:\/\/yoast.com\/product\/yoast-seo-wordpress\/ -->\n<title>Don Ciotti (Libera): &quot;Mafie continuano ad esserci&quot;<\/title>\n<meta name=\"description\" content=\"Il fondatore di &quot;Libera&quot; \u00e8 intervenuto a margine dell&#039;iniziativa &quot;Contromafiecorruzione&quot;, promossa dall&#039;associazione a Vibo Valentia.\" \/>\n<meta name=\"robots\" content=\"index, follow, max-snippet:-1, max-image-preview:large, max-video-preview:-1\" \/>\n<link rel=\"canonical\" href=\"https:\/\/progettotouring.it\/radiotouring104\/2024\/10\/21\/don-ciotti-libera-mafie-fanno-meno-rumore-ma-continuano-ad-esserci\/\" \/>\n<meta property=\"og:locale\" content=\"it_IT\" \/>\n<meta property=\"og:type\" content=\"article\" \/>\n<meta property=\"og:title\" content=\"Don Ciotti (Libera): &quot;Mafie continuano ad esserci&quot;\" \/>\n<meta property=\"og:description\" content=\"Il fondatore di &quot;Libera&quot; \u00e8 intervenuto a margine dell&#039;iniziativa &quot;Contromafiecorruzione&quot;, promossa dall&#039;associazione a Vibo Valentia.\" \/>\n<meta property=\"og:url\" content=\"https:\/\/progettotouring.it\/radiotouring104\/2024\/10\/21\/don-ciotti-libera-mafie-fanno-meno-rumore-ma-continuano-ad-esserci\/\" \/>\n<meta property=\"og:site_name\" content=\"Radio Touring 104\" \/>\n<meta property=\"article:published_time\" content=\"2024-10-21T09:36:09+00:00\" \/>\n<meta property=\"article:modified_time\" content=\"2024-10-21T09:37:12+00:00\" \/>\n<meta property=\"og:image\" content=\"https:\/\/progettotouring.it\/radiotouring104\/wp-content\/uploads\/sites\/6\/2024\/10\/Don_Ciotti_2023.jpg\" \/>\n\t<meta property=\"og:image:width\" content=\"800\" \/>\n\t<meta property=\"og:image:height\" content=\"1157\" \/>\n\t<meta property=\"og:image:type\" content=\"image\/jpeg\" \/>\n<meta name=\"author\" content=\"Sebastiano Plutino\" \/>\n<meta name=\"twitter:card\" content=\"summary_large_image\" \/>\n<meta name=\"twitter:label1\" content=\"Scritto da\" \/>\n\t<meta name=\"twitter:data1\" content=\"Sebastiano Plutino\" \/>\n\t<meta name=\"twitter:label2\" content=\"Tempo di lettura stimato\" \/>\n\t<meta name=\"twitter:data2\" content=\"1 minuto\" \/>\n<script type=\"application\/ld+json\" class=\"yoast-schema-graph\">{\"@context\":\"https:\/\/schema.org\",\"@graph\":[{\"@type\":\"Article\",\"@id\":\"https:\/\/progettotouring.it\/radiotouring104\/2024\/10\/21\/don-ciotti-libera-mafie-fanno-meno-rumore-ma-continuano-ad-esserci\/#article\",\"isPartOf\":{\"@id\":\"https:\/\/progettotouring.it\/radiotouring104\/2024\/10\/21\/don-ciotti-libera-mafie-fanno-meno-rumore-ma-continuano-ad-esserci\/\"},\"author\":{\"name\":\"Sebastiano Plutino\",\"@id\":\"https:\/\/progettotouring.it\/radiotouring104\/#\/schema\/person\/78613917f1851f041f7483f5af1d422e\"},\"headline\":\"Don Ciotti (Libera): &#8220;Mafie fanno meno rumore, ma continuano ad esserci&#8221;\",\"datePublished\":\"2024-10-21T09:36:09+00:00\",\"dateModified\":\"2024-10-21T09:37:12+00:00\",\"mainEntityOfPage\":{\"@id\":\"https:\/\/progettotouring.it\/radiotouring104\/2024\/10\/21\/don-ciotti-libera-mafie-fanno-meno-rumore-ma-continuano-ad-esserci\/\"},\"wordCount\":258,\"publisher\":{\"@id\":\"https:\/\/progettotouring.it\/radiotouring104\/#organization\"},\"image\":{\"@id\":\"https:\/\/progettotouring.it\/radiotouring104\/2024\/10\/21\/don-ciotti-libera-mafie-fanno-meno-rumore-ma-continuano-ad-esserci\/#primaryimage\"},\"thumbnailUrl\":\"https:\/\/progettotouring.it\/radiotouring104\/wp-content\/uploads\/sites\/6\/2024\/10\/Don_Ciotti_2023.jpg\",\"keywords\":[\"\\\"Mafie fanno meno rumore\",\"Associazione Libera\",\"Don Ciotti\",\"iniziativa \\\"Contromafiecorruzione\\\"\",\"ma continuano ad esserci\\\"\",\"vibo valentia\"],\"articleSection\":[\"Calabria\",\"Home\",\"News\"],\"inLanguage\":\"it-IT\"},{\"@type\":\"WebPage\",\"@id\":\"https:\/\/progettotouring.it\/radiotouring104\/2024\/10\/21\/don-ciotti-libera-mafie-fanno-meno-rumore-ma-continuano-ad-esserci\/\",\"url\":\"https:\/\/progettotouring.it\/radiotouring104\/2024\/10\/21\/don-ciotti-libera-mafie-fanno-meno-rumore-ma-continuano-ad-esserci\/\",\"name\":\"Don Ciotti (Libera): \\\"Mafie continuano ad esserci\\\"\",\"isPartOf\":{\"@id\":\"https:\/\/progettotouring.it\/radiotouring104\/#website\"},\"primaryImageOfPage\":{\"@id\":\"https:\/\/progettotouring.it\/radiotouring104\/2024\/10\/21\/don-ciotti-libera-mafie-fanno-meno-rumore-ma-continuano-ad-esserci\/#primaryimage\"},\"image\":{\"@id\":\"https:\/\/progettotouring.it\/radiotouring104\/2024\/10\/21\/don-ciotti-libera-mafie-fanno-meno-rumore-ma-continuano-ad-esserci\/#primaryimage\"},\"thumbnailUrl\":\"https:\/\/progettotouring.it\/radiotouring104\/wp-content\/uploads\/sites\/6\/2024\/10\/Don_Ciotti_2023.jpg\",\"datePublished\":\"2024-10-21T09:36:09+00:00\",\"dateModified\":\"2024-10-21T09:37:12+00:00\",\"description\":\"Il fondatore di \\\"Libera\\\" \u00e8 intervenuto a margine dell'iniziativa \\\"Contromafiecorruzione\\\", promossa dall'associazione a Vibo Valentia.\",\"breadcrumb\":{\"@id\":\"https:\/\/progettotouring.it\/radiotouring104\/2024\/10\/21\/don-ciotti-libera-mafie-fanno-meno-rumore-ma-continuano-ad-esserci\/#breadcrumb\"},\"inLanguage\":\"it-IT\",\"potentialAction\":[{\"@type\":\"ReadAction\",\"target\":[\"https:\/\/progettotouring.it\/radiotouring104\/2024\/10\/21\/don-ciotti-libera-mafie-fanno-meno-rumore-ma-continuano-ad-esserci\/\"]}]},{\"@type\":\"ImageObject\",\"inLanguage\":\"it-IT\",\"@id\":\"https:\/\/progettotouring.it\/radiotouring104\/2024\/10\/21\/don-ciotti-libera-mafie-fanno-meno-rumore-ma-continuano-ad-esserci\/#primaryimage\",\"url\":\"https:\/\/progettotouring.it\/radiotouring104\/wp-content\/uploads\/sites\/6\/2024\/10\/Don_Ciotti_2023.jpg\",\"contentUrl\":\"https:\/\/progettotouring.it\/radiotouring104\/wp-content\/uploads\/sites\/6\/2024\/10\/Don_Ciotti_2023.jpg\",\"width\":800,\"height\":1157,\"caption\":\"Il Presidente della Repubblica Sergio Mattarella incontra Don Luigi Ciotti,Presidente dell'Associazione Libera.(foto di Francesco Ammendola - Ufficio per la Stampa e la Comunicazione della Presidenza della Repubblica)\"},{\"@type\":\"BreadcrumbList\",\"@id\":\"https:\/\/progettotouring.it\/radiotouring104\/2024\/10\/21\/don-ciotti-libera-mafie-fanno-meno-rumore-ma-continuano-ad-esserci\/#breadcrumb\",\"itemListElement\":[{\"@type\":\"ListItem\",\"position\":1,\"name\":\"Home\",\"item\":\"https:\/\/progettotouring.it\/radiotouring104\/\"},{\"@type\":\"ListItem\",\"position\":2,\"name\":\"Don Ciotti (Libera): &#8220;Mafie fanno meno rumore, ma continuano ad esserci&#8221;\"}]},{\"@type\":\"WebSite\",\"@id\":\"https:\/\/progettotouring.it\/radiotouring104\/#website\",\"url\":\"https:\/\/progettotouring.it\/radiotouring104\/\",\"name\":\"Radio Touring 104\",\"description\":\"La prima radio Reggina\",\"publisher\":{\"@id\":\"https:\/\/progettotouring.it\/radiotouring104\/#organization\"},\"potentialAction\":[{\"@type\":\"SearchAction\",\"target\":{\"@type\":\"EntryPoint\",\"urlTemplate\":\"https:\/\/progettotouring.it\/radiotouring104\/?s={search_term_string}\"},\"query-input\":{\"@type\":\"PropertyValueSpecification\",\"valueRequired\":true,\"valueName\":\"search_term_string\"}}],\"inLanguage\":\"it-IT\"},{\"@type\":\"Organization\",\"@id\":\"https:\/\/progettotouring.it\/radiotouring104\/#organization\",\"name\":\"Radio Touring 104\",\"url\":\"https:\/\/progettotouring.it\/radiotouring104\/\",\"logo\":{\"@type\":\"ImageObject\",\"inLanguage\":\"it-IT\",\"@id\":\"https:\/\/progettotouring.it\/radiotouring104\/#\/schema\/logo\/image\/\",\"url\":\"https:\/\/progettotouring.it\/radiotouring104\/wp-content\/uploads\/sites\/6\/2022\/02\/cropped-logo-radio-touring-104.png\",\"contentUrl\":\"https:\/\/progettotouring.it\/radiotouring104\/wp-content\/uploads\/sites\/6\/2022\/02\/cropped-logo-radio-touring-104.png\",\"width\":377,\"height\":182,\"caption\":\"Radio Touring 104\"},\"image\":{\"@id\":\"https:\/\/progettotouring.it\/radiotouring104\/#\/schema\/logo\/image\/\"}},{\"@type\":\"Person\",\"@id\":\"https:\/\/progettotouring.it\/radiotouring104\/#\/schema\/person\/78613917f1851f041f7483f5af1d422e\",\"name\":\"Sebastiano Plutino\",\"image\":{\"@type\":\"ImageObject\",\"inLanguage\":\"it-IT\",\"@id\":\"https:\/\/secure.gravatar.com\/avatar\/0546ffaa9b79224faf9f2a156b67a529ae861d3287c66c1d8ccfdf909bcba78d?s=96&d=mm&r=g\",\"url\":\"https:\/\/secure.gravatar.com\/avatar\/0546ffaa9b79224faf9f2a156b67a529ae861d3287c66c1d8ccfdf909bcba78d?s=96&d=mm&r=g\",\"contentUrl\":\"https:\/\/secure.gravatar.com\/avatar\/0546ffaa9b79224faf9f2a156b67a529ae861d3287c66c1d8ccfdf909bcba78d?s=96&d=mm&r=g\",\"caption\":\"Sebastiano Plutino\"},\"url\":\"https:\/\/progettotouring.it\/radiotouring104\/author\/sebastiano\/\"}]}<\/script>\n<!-- \/ Yoast SEO plugin. -->","yoast_head_json":{"title":"Don Ciotti (Libera): \"Mafie continuano ad esserci\"","description":"Il fondatore di \"Libera\" \u00e8 intervenuto a margine dell'iniziativa \"Contromafiecorruzione\", promossa dall'associazione a Vibo Valentia.","robots":{"index":"index","follow":"follow","max-snippet":"max-snippet:-1","max-image-preview":"max-image-preview:large","max-video-preview":"max-video-preview:-1"},"canonical":"https:\/\/progettotouring.it\/radiotouring104\/2024\/10\/21\/don-ciotti-libera-mafie-fanno-meno-rumore-ma-continuano-ad-esserci\/","og_locale":"it_IT","og_type":"article","og_title":"Don Ciotti (Libera): \"Mafie continuano ad esserci\"","og_description":"Il fondatore di \"Libera\" \u00e8 intervenuto a margine dell'iniziativa \"Contromafiecorruzione\", promossa dall'associazione a Vibo Valentia.","og_url":"https:\/\/progettotouring.it\/radiotouring104\/2024\/10\/21\/don-ciotti-libera-mafie-fanno-meno-rumore-ma-continuano-ad-esserci\/","og_site_name":"Radio Touring 104","article_published_time":"2024-10-21T09:36:09+00:00","article_modified_time":"2024-10-21T09:37:12+00:00","og_image":[{"width":800,"height":1157,"url":"https:\/\/progettotouring.it\/radiotouring104\/wp-content\/uploads\/sites\/6\/2024\/10\/Don_Ciotti_2023.jpg","type":"image\/jpeg"}],"author":"Sebastiano Plutino","twitter_card":"summary_large_image","twitter_misc":{"Scritto da":"Sebastiano Plutino","Tempo di lettura stimato":"1 minuto"},"schema":{"@context":"https:\/\/schema.org","@graph":[{"@type":"Article","@id":"https:\/\/progettotouring.it\/radiotouring104\/2024\/10\/21\/don-ciotti-libera-mafie-fanno-meno-rumore-ma-continuano-ad-esserci\/#article","isPartOf":{"@id":"https:\/\/progettotouring.it\/radiotouring104\/2024\/10\/21\/don-ciotti-libera-mafie-fanno-meno-rumore-ma-continuano-ad-esserci\/"},"author":{"name":"Sebastiano Plutino","@id":"https:\/\/progettotouring.it\/radiotouring104\/#\/schema\/person\/78613917f1851f041f7483f5af1d422e"},"headline":"Don Ciotti (Libera): &#8220;Mafie fanno meno rumore, ma continuano ad esserci&#8221;","datePublished":"2024-10-21T09:36:09+00:00","dateModified":"2024-10-21T09:37:12+00:00","mainEntityOfPage":{"@id":"https:\/\/progettotouring.it\/radiotouring104\/2024\/10\/21\/don-ciotti-libera-mafie-fanno-meno-rumore-ma-continuano-ad-esserci\/"},"wordCount":258,"publisher":{"@id":"https:\/\/progettotouring.it\/radiotouring104\/#organization"},"image":{"@id":"https:\/\/progettotouring.it\/radiotouring104\/2024\/10\/21\/don-ciotti-libera-mafie-fanno-meno-rumore-ma-continuano-ad-esserci\/#primaryimage"},"thumbnailUrl":"https:\/\/progettotouring.it\/radiotouring104\/wp-content\/uploads\/sites\/6\/2024\/10\/Don_Ciotti_2023.jpg","keywords":["\"Mafie fanno meno rumore","Associazione Libera","Don Ciotti","iniziativa \"Contromafiecorruzione\"","ma continuano ad esserci\"","vibo valentia"],"articleSection":["Calabria","Home","News"],"inLanguage":"it-IT"},{"@type":"WebPage","@id":"https:\/\/progettotouring.it\/radiotouring104\/2024\/10\/21\/don-ciotti-libera-mafie-fanno-meno-rumore-ma-continuano-ad-esserci\/","url":"https:\/\/progettotouring.it\/radiotouring104\/2024\/10\/21\/don-ciotti-libera-mafie-fanno-meno-rumore-ma-continuano-ad-esserci\/","name":"Don Ciotti (Libera): \"Mafie continuano ad esserci\"","isPartOf":{"@id":"https:\/\/progettotouring.it\/radiotouring104\/#website"},"primaryImageOfPage":{"@id":"https:\/\/progettotouring.it\/radiotouring104\/2024\/10\/21\/don-ciotti-libera-mafie-fanno-meno-rumore-ma-continuano-ad-esserci\/#primaryimage"},"image":{"@id":"https:\/\/progettotouring.it\/radiotouring104\/2024\/10\/21\/don-ciotti-libera-mafie-fanno-meno-rumore-ma-continuano-ad-esserci\/#primaryimage"},"thumbnailUrl":"https:\/\/progettotouring.it\/radiotouring104\/wp-content\/uploads\/sites\/6\/2024\/10\/Don_Ciotti_2023.jpg","datePublished":"2024-10-21T09:36:09+00:00","dateModified":"2024-10-21T09:37:12+00:00","description":"Il fondatore di \"Libera\" \u00e8 intervenuto a margine dell'iniziativa \"Contromafiecorruzione\", promossa dall'associazione a Vibo Valentia.","breadcrumb":{"@id":"https:\/\/progettotouring.it\/radiotouring104\/2024\/10\/21\/don-ciotti-libera-mafie-fanno-meno-rumore-ma-continuano-ad-esserci\/#breadcrumb"},"inLanguage":"it-IT","potentialAction":[{"@type":"ReadAction","target":["https:\/\/progettotouring.it\/radiotouring104\/2024\/10\/21\/don-ciotti-libera-mafie-fanno-meno-rumore-ma-continuano-ad-esserci\/"]}]},{"@type":"ImageObject","inLanguage":"it-IT","@id":"https:\/\/progettotouring.it\/radiotouring104\/2024\/10\/21\/don-ciotti-libera-mafie-fanno-meno-rumore-ma-continuano-ad-esserci\/#primaryimage","url":"https:\/\/progettotouring.it\/radiotouring104\/wp-content\/uploads\/sites\/6\/2024\/10\/Don_Ciotti_2023.jpg","contentUrl":"https:\/\/progettotouring.it\/radiotouring104\/wp-content\/uploads\/sites\/6\/2024\/10\/Don_Ciotti_2023.jpg","width":800,"height":1157,"caption":"Il Presidente della Repubblica Sergio Mattarella incontra Don Luigi Ciotti,Presidente dell'Associazione Libera.(foto di Francesco Ammendola - Ufficio per la Stampa e la Comunicazione della Presidenza della Repubblica)"},{"@type":"BreadcrumbList","@id":"https:\/\/progettotouring.it\/radiotouring104\/2024\/10\/21\/don-ciotti-libera-mafie-fanno-meno-rumore-ma-continuano-ad-esserci\/#breadcrumb","itemListElement":[{"@type":"ListItem","position":1,"name":"Home","item":"https:\/\/progettotouring.it\/radiotouring104\/"},{"@type":"ListItem","position":2,"name":"Don Ciotti (Libera): &#8220;Mafie fanno meno rumore, ma continuano ad esserci&#8221;"}]},{"@type":"WebSite","@id":"https:\/\/progettotouring.it\/radiotouring104\/#website","url":"https:\/\/progettotouring.it\/radiotouring104\/","name":"Radio Touring 104","description":"La prima radio Reggina","publisher":{"@id":"https:\/\/progettotouring.it\/radiotouring104\/#organization"},"potentialAction":[{"@type":"SearchAction","target":{"@type":"EntryPoint","urlTemplate":"https:\/\/progettotouring.it\/radiotouring104\/?s={search_term_string}"},"query-input":{"@type":"PropertyValueSpecification","valueRequired":true,"valueName":"search_term_string"}}],"inLanguage":"it-IT"},{"@type":"Organization","@id":"https:\/\/progettotouring.it\/radiotouring104\/#organization","name":"Radio Touring 104","url":"https:\/\/progettotouring.it\/radiotouring104\/","logo":{"@type":"ImageObject","inLanguage":"it-IT","@id":"https:\/\/progettotouring.it\/radiotouring104\/#\/schema\/logo\/image\/","url":"https:\/\/progettotouring.it\/radiotouring104\/wp-content\/uploads\/sites\/6\/2022\/02\/cropped-logo-radio-touring-104.png","contentUrl":"https:\/\/progettotouring.it\/radiotouring104\/wp-content\/uploads\/sites\/6\/2022\/02\/cropped-logo-radio-touring-104.png","width":377,"height":182,"caption":"Radio Touring 104"},"image":{"@id":"https:\/\/progettotouring.it\/radiotouring104\/#\/schema\/logo\/image\/"}},{"@type":"Person","@id":"https:\/\/progettotouring.it\/radiotouring104\/#\/schema\/person\/78613917f1851f041f7483f5af1d422e","name":"Sebastiano Plutino","image":{"@type":"ImageObject","inLanguage":"it-IT","@id":"https:\/\/secure.gravatar.com\/avatar\/0546ffaa9b79224faf9f2a156b67a529ae861d3287c66c1d8ccfdf909bcba78d?s=96&d=mm&r=g","url":"https:\/\/secure.gravatar.com\/avatar\/0546ffaa9b79224faf9f2a156b67a529ae861d3287c66c1d8ccfdf909bcba78d?s=96&d=mm&r=g","contentUrl":"https:\/\/secure.gravatar.com\/avatar\/0546ffaa9b79224faf9f2a156b67a529ae861d3287c66c1d8ccfdf909bcba78d?s=96&d=mm&r=g","caption":"Sebastiano Plutino"},"url":"https:\/\/progettotouring.it\/radiotouring104\/author\/sebastiano\/"}]}},"jetpack_publicize_connections":[],"jetpack_featured_media_url":"https:\/\/progettotouring.it\/radiotouring104\/wp-content\/uploads\/sites\/6\/2024\/10\/Don_Ciotti_2023.jpg","jetpack_sharing_enabled":true,"_links":{"self":[{"href":"https:\/\/progettotouring.it\/radiotouring104\/wp-json\/wp\/v2\/posts\/60046","targetHints":{"allow":["GET"]}}],"collection":[{"href":"https:\/\/progettotouring.it\/radiotouring104\/wp-json\/wp\/v2\/posts"}],"about":[{"href":"https:\/\/progettotouring.it\/radiotouring104\/wp-json\/wp\/v2\/types\/post"}],"author":[{"embeddable":true,"href":"https:\/\/progettotouring.it\/radiotouring104\/wp-json\/wp\/v2\/users\/12"}],"replies":[{"embeddable":true,"href":"https:\/\/progettotouring.it\/radiotouring104\/wp-json\/wp\/v2\/comments?post=60046"}],"version-history":[{"count":1,"href":"https:\/\/progettotouring.it\/radiotouring104\/wp-json\/wp\/v2\/posts\/60046\/revisions"}],"predecessor-version":[{"id":60047,"href":"https:\/\/progettotouring.it\/radiotouring104\/wp-json\/wp\/v2\/posts\/60046\/revisions\/60047"}],"wp:featuredmedia":[{"embeddable":true,"href":"https:\/\/progettotouring.it\/radiotouring104\/wp-json\/wp\/v2\/media\/60048"}],"wp:attachment":[{"href":"https:\/\/progettotouring.it\/radiotouring104\/wp-json\/wp\/v2\/media?parent=60046"}],"wp:term":[{"taxonomy":"category","embeddable":true,"href":"https:\/\/progettotouring.it\/radiotouring104\/wp-json\/wp\/v2\/categories?post=60046"},{"taxonomy":"post_tag","embeddable":true,"href":"https:\/\/progettotouring.it\/radiotouring104\/wp-json\/wp\/v2\/tags?post=60046"}],"curies":[{"name":"wp","href":"https:\/\/api.w.org\/{rel}","templated":true}]}}