{"id":60049,"date":"2024-10-21T11:52:28","date_gmt":"2024-10-21T09:52:28","guid":{"rendered":"https:\/\/progettotouring.it\/radiotouring104\/?p=60049"},"modified":"2024-10-21T11:53:17","modified_gmt":"2024-10-21T09:53:17","slug":"reggio-parte-il-progetto-alta-voce","status":"publish","type":"post","link":"https:\/\/progettotouring.it\/radiotouring104\/2024\/10\/21\/reggio-parte-il-progetto-alta-voce\/","title":{"rendered":"Reggio: al via il progetto \u201cAlta voce\u201d"},"content":{"rendered":"<p style=\"text-align: justify\">Accendere il desiderio di partecipazione nei giovani,<em> &#8220;Alta Voce&#8221;<\/em> un<strong> progetto di Save The Children e del Centro Comunitario Agape<\/strong><\/p>\n<p style=\"text-align: justify\"><em>&#8220;I ragazzi non sono vasi da riempire ma fuochi da accendere&#8221;:<\/em>\u00a0\u00e8<strong> questo lo slogan<\/strong> che sintetizza le finalit\u00e0 del <strong>percorso formativo<\/strong><em> &#8220;Alta Voce&#8221;<\/em> completamente gratuito<strong> realizzato da Save The Children con Cittadinanzattiva e Agesci<\/strong> per fornire a ragazzi e <strong>ragazze tra i 16 e i 23 anni<\/strong> le nozioni necessarie per l\u2019utilizzo dei principali strumenti di attivismo e partecipazione. <strong>Giunto quest\u2019anno alla seconda edizione,<\/strong> il progetto, che conta sulla partnership accademica della Scuola Superiore Sant\u2019Anna di Pisa e di Edulia-Treccani e sul contributo di partner territoriali come Il Centro Comunitario Agape in Calabria. In Italia circa un giovane su due nella fascia 14-19 anni ha svolto almeno un\u2019attivit\u00e0 di partecipazione civica e politica (49,9%).<\/p>\n<p style=\"text-align: justify\">Nella fascia di et\u00e0 20-24 anni i valori salgono a 63,3% e sono in linea con la media nazionale (63,5%). La partecipazione sociale\u00a0 nel 2022 non \u00e8 ancora tornata ai livelli pre-pandemia (31,3% nel 2019), ma coinvolge il 25,4% della popolazione ed \u00e8 pi\u00f9 diffusa rispetto all\u2019anno precedente (19,9%). \u00c8 pi\u00f9 elevata fra i giovanissimi, con uno scarto di nove punti percentuali tra i 14-19enni (39,9%) e i giovani 20-24enni (30,9%), senza grandi differenze di genere. Giulia Melissari referente per il progetto nella nostra provincia<em> &#8220;ricorda come gli adulti continuano a ripetere che gli adolescenti tendono a rinchiudersi in s\u00e9 stessi, a rifugiarsi nello smartphone, a rifiutare la partecipazione e la politica,\u00a0 ma non si chiedono \u00a0cosa si fa per offrire loro opportunit\u00e0 e spazi per sperimentare percorsi di cittadinanza attiva? L\u2019 esperienze fatte dicono che quando si investe sui giovani con proposte dove si sentono coinvolti i risultati arrivano, \u00a0cos\u00ec come \u00e8 successo in occasione della prima edizione el progetto che ha avuto un successo anche nel territorio reggino.\u00a0 <\/em><\/p>\n<p style=\"text-align: justify\">Alta voce \u00e8 un percorso di approfondimento intensivo rivolto ai <strong>ragazzi\u00a0 dai 16 ai 24 anni che intendono esplorare il tema della sostenibilit\u00e0 e impegnarsi attivamente per il cambiamento<\/strong>, un progetto educativo innovativo che offre loro conoscenze e strumenti per incidere positivamente in contesti che lasciano poco spazio ai giovani, attraverso moduli e laboratori in presenza in alcune citt\u00e0, da nord a sud del Paese con un\u2019attenzione alle periferie e alle aree urbane a maggiore fragilit\u00e0 sociale, con docenti e professionisti, capace di orientare a futuri percorsi accademici\/universitari o professionali. Previsi laboratori in presenza in varie citt\u00e0 finalizzati allo sviluppo di un\u2019iniziativa. I ragazzi provenienti da altre parti di Italia saranno seguiti online da tutor esperti per sviluppare a distanza il loro progetto. Nelle sedi delle citt\u00e0 coinvolte i gruppi si incontreranno per seguire insieme i live streaming. Previsti anche campi nazionali in presenza per conoscersi con altri gruppi giovanili delle altre citt\u00e0, per mettere in pratica le conoscenze acquisite e progettare azioni per i territori<\/p>\n<p style=\"text-align: justify\"><strong>Si parler\u00e0 di cosa \u00e8 l\u2019attivismo giovanile,<\/strong> del potere che i cittadini hanno di cambiare le realt\u00e0 in cui vivono, a partire della storia della cittadinanza attiva e di esperienze attuali di attivismo giovanile. La consapevolezza e la conoscenza delle dinamiche tra le dimensioni locali e globali di alcuni fenomeni \u00e8 infatti fondamentale per chi vuole attivarsi per il cambiamento. <strong>Il cambiamento climatico ne \u00e8 oggi la rappresentazione evidente,<\/strong> sui cui sono previsti approfondimenti. L\u2019espressione <em>non \u00e8 giusto<\/em>\u00a0 che pi\u00f9 di frequente viene usata trova risposa nella individuazione delle forme attraverso le quali il potere dei cittadini di cambiare le cose riguardi ancora diritti gi\u00e0 affermati (ma non pienamente realizzati) e nuovi diritti. La lunga storia di attivismo ci consegna una molteplicit\u00e0 di strumenti di azione civica, che possono essere utilizzati per raggiungere gli obiettivi. Attraverso il racconto di giovani attivisti saranno approfonditi vari strumenti come le azioni simboliche e il monitoraggio civico. Coinvolte le citt\u00e0 di Napoli,\u00a0 Reggio Calabria, Udine, Prato,Torino, Firenze, Roma<\/p>\n<p style=\"text-align: justify\">Le iscrizioni sono aperte a tutte le attivit\u00e0 sono completamente gratuite compreso l\u2019incontro residenziale e il rilascio dell\u2019attestato finale. <strong>AltaVoce Academy \u00e8 un progetto interamente finanziato da Save The Children<\/strong> con il contributo operativo di Cittadinanzattiva e degli altri partner, che intende contribuire allo sviluppo dell\u2019attivismo giovanile come potenziale di cambiamento e crescita del nostro Paese. <strong>Iscrizioni fino ad esaurimento posti fino al 28 ottobre 2024https:\/\/form.jotform.com\/242461640147351.<\/strong><\/p>\n<p style=\"text-align: justify\"><strong>Per informazioni 09657894705<\/strong><\/p>\n","protected":false},"excerpt":{"rendered":"<p>Accendere il desiderio di partecipazione nei giovani, &#8220;Alta Voce&#8221; un progetto di Save The Children e del Centro Comunitario Agape &#8220;I ragazzi non sono vasi da riempire ma fuochi da&hellip;<\/p>\n","protected":false},"author":12,"featured_media":60051,"comment_status":"closed","ping_status":"open","sticky":false,"template":"","format":"standard","meta":{"_jetpack_memberships_contains_paid_content":false,"footnotes":"","jetpack_publicize_message":"","jetpack_publicize_feature_enabled":true,"jetpack_social_post_already_shared":false,"jetpack_social_options":{"image_generator_settings":{"template":"highway","default_image_id":0,"font":"","enabled":false},"version":2}},"categories":[921,196,140],"tags":[6621,36617,36618,2521,11832],"class_list":["post-60049","post","type-post","status-publish","format-standard","has-post-thumbnail","hentry","category-home","category-news","category-reggio-calabria","tag-agape","tag-progetto-alta-voce","tag-ragazzi-tra-16-e-24-anni","tag-save-the-children","tag-sostenibilita-ambientale"],"yoast_head":"<!-- This site is optimized with the Yoast SEO plugin v27.2 - https:\/\/yoast.com\/product\/yoast-seo-wordpress\/ -->\n<title>Reggio: al via il progetto \u201cAlta voce\u201d<\/title>\n<meta name=\"description\" content=\"Al via il progetto dell&#039;Agape, in sinergia con Save The Children, rivolto ai ragazzi dai 16 ai 24 anni sulla sostenibilit\u00e0. Ecco come aderire\" \/>\n<meta name=\"robots\" content=\"index, follow, max-snippet:-1, max-image-preview:large, max-video-preview:-1\" \/>\n<link rel=\"canonical\" href=\"https:\/\/progettotouring.it\/radiotouring104\/2024\/10\/21\/reggio-parte-il-progetto-alta-voce\/\" \/>\n<meta property=\"og:locale\" content=\"it_IT\" \/>\n<meta property=\"og:type\" content=\"article\" \/>\n<meta property=\"og:title\" content=\"Reggio: al via il progetto \u201cAlta voce\u201d\" \/>\n<meta property=\"og:description\" content=\"Al via il progetto dell&#039;Agape, in sinergia con Save The Children, rivolto ai ragazzi dai 16 ai 24 anni sulla sostenibilit\u00e0. Ecco come aderire\" \/>\n<meta property=\"og:url\" content=\"https:\/\/progettotouring.it\/radiotouring104\/2024\/10\/21\/reggio-parte-il-progetto-alta-voce\/\" \/>\n<meta property=\"og:site_name\" content=\"Radio Touring 104\" \/>\n<meta property=\"article:published_time\" content=\"2024-10-21T09:52:28+00:00\" \/>\n<meta property=\"article:modified_time\" content=\"2024-10-21T09:53:17+00:00\" \/>\n<meta property=\"og:image\" content=\"https:\/\/progettotouring.it\/radiotouring104\/wp-content\/uploads\/sites\/6\/2024\/10\/AGAPE-PROGETTO-ALTA-VOCE.png\" \/>\n\t<meta property=\"og:image:width\" content=\"388\" \/>\n\t<meta property=\"og:image:height\" content=\"285\" \/>\n\t<meta property=\"og:image:type\" content=\"image\/png\" \/>\n<meta name=\"author\" content=\"Sebastiano Plutino\" \/>\n<meta name=\"twitter:card\" content=\"summary_large_image\" \/>\n<meta name=\"twitter:label1\" content=\"Scritto da\" \/>\n\t<meta name=\"twitter:data1\" content=\"Sebastiano Plutino\" \/>\n\t<meta name=\"twitter:label2\" content=\"Tempo di lettura stimato\" \/>\n\t<meta name=\"twitter:data2\" content=\"3 minuti\" \/>\n<script type=\"application\/ld+json\" class=\"yoast-schema-graph\">{\"@context\":\"https:\/\/schema.org\",\"@graph\":[{\"@type\":\"Article\",\"@id\":\"https:\/\/progettotouring.it\/radiotouring104\/2024\/10\/21\/reggio-parte-il-progetto-alta-voce\/#article\",\"isPartOf\":{\"@id\":\"https:\/\/progettotouring.it\/radiotouring104\/2024\/10\/21\/reggio-parte-il-progetto-alta-voce\/\"},\"author\":{\"name\":\"Sebastiano Plutino\",\"@id\":\"https:\/\/progettotouring.it\/radiotouring104\/#\/schema\/person\/78613917f1851f041f7483f5af1d422e\"},\"headline\":\"Reggio: al via il progetto \u201cAlta voce\u201d\",\"datePublished\":\"2024-10-21T09:52:28+00:00\",\"dateModified\":\"2024-10-21T09:53:17+00:00\",\"mainEntityOfPage\":{\"@id\":\"https:\/\/progettotouring.it\/radiotouring104\/2024\/10\/21\/reggio-parte-il-progetto-alta-voce\/\"},\"wordCount\":703,\"publisher\":{\"@id\":\"https:\/\/progettotouring.it\/radiotouring104\/#organization\"},\"image\":{\"@id\":\"https:\/\/progettotouring.it\/radiotouring104\/2024\/10\/21\/reggio-parte-il-progetto-alta-voce\/#primaryimage\"},\"thumbnailUrl\":\"https:\/\/progettotouring.it\/radiotouring104\/wp-content\/uploads\/sites\/6\/2024\/10\/AGAPE-PROGETTO-ALTA-VOCE.png\",\"keywords\":[\"Agape\",\"Progetto Alta Voce\",\"ragazzi tra 16 e 24 anni\",\"save the children\",\"sostenibilit\u00e0 ambientale\"],\"articleSection\":[\"Home\",\"News\",\"Reggio Calabria\"],\"inLanguage\":\"it-IT\"},{\"@type\":\"WebPage\",\"@id\":\"https:\/\/progettotouring.it\/radiotouring104\/2024\/10\/21\/reggio-parte-il-progetto-alta-voce\/\",\"url\":\"https:\/\/progettotouring.it\/radiotouring104\/2024\/10\/21\/reggio-parte-il-progetto-alta-voce\/\",\"name\":\"Reggio: al via il progetto \u201cAlta voce\u201d\",\"isPartOf\":{\"@id\":\"https:\/\/progettotouring.it\/radiotouring104\/#website\"},\"primaryImageOfPage\":{\"@id\":\"https:\/\/progettotouring.it\/radiotouring104\/2024\/10\/21\/reggio-parte-il-progetto-alta-voce\/#primaryimage\"},\"image\":{\"@id\":\"https:\/\/progettotouring.it\/radiotouring104\/2024\/10\/21\/reggio-parte-il-progetto-alta-voce\/#primaryimage\"},\"thumbnailUrl\":\"https:\/\/progettotouring.it\/radiotouring104\/wp-content\/uploads\/sites\/6\/2024\/10\/AGAPE-PROGETTO-ALTA-VOCE.png\",\"datePublished\":\"2024-10-21T09:52:28+00:00\",\"dateModified\":\"2024-10-21T09:53:17+00:00\",\"description\":\"Al via il progetto dell'Agape, in sinergia con Save The Children, rivolto ai ragazzi dai 16 ai 24 anni sulla sostenibilit\u00e0. Ecco come aderire\",\"breadcrumb\":{\"@id\":\"https:\/\/progettotouring.it\/radiotouring104\/2024\/10\/21\/reggio-parte-il-progetto-alta-voce\/#breadcrumb\"},\"inLanguage\":\"it-IT\",\"potentialAction\":[{\"@type\":\"ReadAction\",\"target\":[\"https:\/\/progettotouring.it\/radiotouring104\/2024\/10\/21\/reggio-parte-il-progetto-alta-voce\/\"]}]},{\"@type\":\"ImageObject\",\"inLanguage\":\"it-IT\",\"@id\":\"https:\/\/progettotouring.it\/radiotouring104\/2024\/10\/21\/reggio-parte-il-progetto-alta-voce\/#primaryimage\",\"url\":\"https:\/\/progettotouring.it\/radiotouring104\/wp-content\/uploads\/sites\/6\/2024\/10\/AGAPE-PROGETTO-ALTA-VOCE.png\",\"contentUrl\":\"https:\/\/progettotouring.it\/radiotouring104\/wp-content\/uploads\/sites\/6\/2024\/10\/AGAPE-PROGETTO-ALTA-VOCE.png\",\"width\":388,\"height\":285},{\"@type\":\"BreadcrumbList\",\"@id\":\"https:\/\/progettotouring.it\/radiotouring104\/2024\/10\/21\/reggio-parte-il-progetto-alta-voce\/#breadcrumb\",\"itemListElement\":[{\"@type\":\"ListItem\",\"position\":1,\"name\":\"Home\",\"item\":\"https:\/\/progettotouring.it\/radiotouring104\/\"},{\"@type\":\"ListItem\",\"position\":2,\"name\":\"Reggio: al via il progetto \u201cAlta voce\u201d\"}]},{\"@type\":\"WebSite\",\"@id\":\"https:\/\/progettotouring.it\/radiotouring104\/#website\",\"url\":\"https:\/\/progettotouring.it\/radiotouring104\/\",\"name\":\"Radio Touring 104\",\"description\":\"La prima radio Reggina\",\"publisher\":{\"@id\":\"https:\/\/progettotouring.it\/radiotouring104\/#organization\"},\"potentialAction\":[{\"@type\":\"SearchAction\",\"target\":{\"@type\":\"EntryPoint\",\"urlTemplate\":\"https:\/\/progettotouring.it\/radiotouring104\/?s={search_term_string}\"},\"query-input\":{\"@type\":\"PropertyValueSpecification\",\"valueRequired\":true,\"valueName\":\"search_term_string\"}}],\"inLanguage\":\"it-IT\"},{\"@type\":\"Organization\",\"@id\":\"https:\/\/progettotouring.it\/radiotouring104\/#organization\",\"name\":\"Radio Touring 104\",\"url\":\"https:\/\/progettotouring.it\/radiotouring104\/\",\"logo\":{\"@type\":\"ImageObject\",\"inLanguage\":\"it-IT\",\"@id\":\"https:\/\/progettotouring.it\/radiotouring104\/#\/schema\/logo\/image\/\",\"url\":\"https:\/\/progettotouring.it\/radiotouring104\/wp-content\/uploads\/sites\/6\/2022\/02\/cropped-logo-radio-touring-104.png\",\"contentUrl\":\"https:\/\/progettotouring.it\/radiotouring104\/wp-content\/uploads\/sites\/6\/2022\/02\/cropped-logo-radio-touring-104.png\",\"width\":377,\"height\":182,\"caption\":\"Radio Touring 104\"},\"image\":{\"@id\":\"https:\/\/progettotouring.it\/radiotouring104\/#\/schema\/logo\/image\/\"}},{\"@type\":\"Person\",\"@id\":\"https:\/\/progettotouring.it\/radiotouring104\/#\/schema\/person\/78613917f1851f041f7483f5af1d422e\",\"name\":\"Sebastiano Plutino\",\"image\":{\"@type\":\"ImageObject\",\"inLanguage\":\"it-IT\",\"@id\":\"https:\/\/secure.gravatar.com\/avatar\/0546ffaa9b79224faf9f2a156b67a529ae861d3287c66c1d8ccfdf909bcba78d?s=96&d=mm&r=g\",\"url\":\"https:\/\/secure.gravatar.com\/avatar\/0546ffaa9b79224faf9f2a156b67a529ae861d3287c66c1d8ccfdf909bcba78d?s=96&d=mm&r=g\",\"contentUrl\":\"https:\/\/secure.gravatar.com\/avatar\/0546ffaa9b79224faf9f2a156b67a529ae861d3287c66c1d8ccfdf909bcba78d?s=96&d=mm&r=g\",\"caption\":\"Sebastiano Plutino\"},\"url\":\"https:\/\/progettotouring.it\/radiotouring104\/author\/sebastiano\/\"}]}<\/script>\n<!-- \/ Yoast SEO plugin. -->","yoast_head_json":{"title":"Reggio: al via il progetto \u201cAlta voce\u201d","description":"Al via il progetto dell'Agape, in sinergia con Save The Children, rivolto ai ragazzi dai 16 ai 24 anni sulla sostenibilit\u00e0. Ecco come aderire","robots":{"index":"index","follow":"follow","max-snippet":"max-snippet:-1","max-image-preview":"max-image-preview:large","max-video-preview":"max-video-preview:-1"},"canonical":"https:\/\/progettotouring.it\/radiotouring104\/2024\/10\/21\/reggio-parte-il-progetto-alta-voce\/","og_locale":"it_IT","og_type":"article","og_title":"Reggio: al via il progetto \u201cAlta voce\u201d","og_description":"Al via il progetto dell'Agape, in sinergia con Save The Children, rivolto ai ragazzi dai 16 ai 24 anni sulla sostenibilit\u00e0. Ecco come aderire","og_url":"https:\/\/progettotouring.it\/radiotouring104\/2024\/10\/21\/reggio-parte-il-progetto-alta-voce\/","og_site_name":"Radio Touring 104","article_published_time":"2024-10-21T09:52:28+00:00","article_modified_time":"2024-10-21T09:53:17+00:00","og_image":[{"width":388,"height":285,"url":"https:\/\/progettotouring.it\/radiotouring104\/wp-content\/uploads\/sites\/6\/2024\/10\/AGAPE-PROGETTO-ALTA-VOCE.png","type":"image\/png"}],"author":"Sebastiano Plutino","twitter_card":"summary_large_image","twitter_misc":{"Scritto da":"Sebastiano Plutino","Tempo di lettura stimato":"3 minuti"},"schema":{"@context":"https:\/\/schema.org","@graph":[{"@type":"Article","@id":"https:\/\/progettotouring.it\/radiotouring104\/2024\/10\/21\/reggio-parte-il-progetto-alta-voce\/#article","isPartOf":{"@id":"https:\/\/progettotouring.it\/radiotouring104\/2024\/10\/21\/reggio-parte-il-progetto-alta-voce\/"},"author":{"name":"Sebastiano Plutino","@id":"https:\/\/progettotouring.it\/radiotouring104\/#\/schema\/person\/78613917f1851f041f7483f5af1d422e"},"headline":"Reggio: al via il progetto \u201cAlta voce\u201d","datePublished":"2024-10-21T09:52:28+00:00","dateModified":"2024-10-21T09:53:17+00:00","mainEntityOfPage":{"@id":"https:\/\/progettotouring.it\/radiotouring104\/2024\/10\/21\/reggio-parte-il-progetto-alta-voce\/"},"wordCount":703,"publisher":{"@id":"https:\/\/progettotouring.it\/radiotouring104\/#organization"},"image":{"@id":"https:\/\/progettotouring.it\/radiotouring104\/2024\/10\/21\/reggio-parte-il-progetto-alta-voce\/#primaryimage"},"thumbnailUrl":"https:\/\/progettotouring.it\/radiotouring104\/wp-content\/uploads\/sites\/6\/2024\/10\/AGAPE-PROGETTO-ALTA-VOCE.png","keywords":["Agape","Progetto Alta Voce","ragazzi tra 16 e 24 anni","save the children","sostenibilit\u00e0 ambientale"],"articleSection":["Home","News","Reggio Calabria"],"inLanguage":"it-IT"},{"@type":"WebPage","@id":"https:\/\/progettotouring.it\/radiotouring104\/2024\/10\/21\/reggio-parte-il-progetto-alta-voce\/","url":"https:\/\/progettotouring.it\/radiotouring104\/2024\/10\/21\/reggio-parte-il-progetto-alta-voce\/","name":"Reggio: al via il progetto \u201cAlta voce\u201d","isPartOf":{"@id":"https:\/\/progettotouring.it\/radiotouring104\/#website"},"primaryImageOfPage":{"@id":"https:\/\/progettotouring.it\/radiotouring104\/2024\/10\/21\/reggio-parte-il-progetto-alta-voce\/#primaryimage"},"image":{"@id":"https:\/\/progettotouring.it\/radiotouring104\/2024\/10\/21\/reggio-parte-il-progetto-alta-voce\/#primaryimage"},"thumbnailUrl":"https:\/\/progettotouring.it\/radiotouring104\/wp-content\/uploads\/sites\/6\/2024\/10\/AGAPE-PROGETTO-ALTA-VOCE.png","datePublished":"2024-10-21T09:52:28+00:00","dateModified":"2024-10-21T09:53:17+00:00","description":"Al via il progetto dell'Agape, in sinergia con Save The Children, rivolto ai ragazzi dai 16 ai 24 anni sulla sostenibilit\u00e0. Ecco come aderire","breadcrumb":{"@id":"https:\/\/progettotouring.it\/radiotouring104\/2024\/10\/21\/reggio-parte-il-progetto-alta-voce\/#breadcrumb"},"inLanguage":"it-IT","potentialAction":[{"@type":"ReadAction","target":["https:\/\/progettotouring.it\/radiotouring104\/2024\/10\/21\/reggio-parte-il-progetto-alta-voce\/"]}]},{"@type":"ImageObject","inLanguage":"it-IT","@id":"https:\/\/progettotouring.it\/radiotouring104\/2024\/10\/21\/reggio-parte-il-progetto-alta-voce\/#primaryimage","url":"https:\/\/progettotouring.it\/radiotouring104\/wp-content\/uploads\/sites\/6\/2024\/10\/AGAPE-PROGETTO-ALTA-VOCE.png","contentUrl":"https:\/\/progettotouring.it\/radiotouring104\/wp-content\/uploads\/sites\/6\/2024\/10\/AGAPE-PROGETTO-ALTA-VOCE.png","width":388,"height":285},{"@type":"BreadcrumbList","@id":"https:\/\/progettotouring.it\/radiotouring104\/2024\/10\/21\/reggio-parte-il-progetto-alta-voce\/#breadcrumb","itemListElement":[{"@type":"ListItem","position":1,"name":"Home","item":"https:\/\/progettotouring.it\/radiotouring104\/"},{"@type":"ListItem","position":2,"name":"Reggio: al via il progetto \u201cAlta voce\u201d"}]},{"@type":"WebSite","@id":"https:\/\/progettotouring.it\/radiotouring104\/#website","url":"https:\/\/progettotouring.it\/radiotouring104\/","name":"Radio Touring 104","description":"La prima radio Reggina","publisher":{"@id":"https:\/\/progettotouring.it\/radiotouring104\/#organization"},"potentialAction":[{"@type":"SearchAction","target":{"@type":"EntryPoint","urlTemplate":"https:\/\/progettotouring.it\/radiotouring104\/?s={search_term_string}"},"query-input":{"@type":"PropertyValueSpecification","valueRequired":true,"valueName":"search_term_string"}}],"inLanguage":"it-IT"},{"@type":"Organization","@id":"https:\/\/progettotouring.it\/radiotouring104\/#organization","name":"Radio Touring 104","url":"https:\/\/progettotouring.it\/radiotouring104\/","logo":{"@type":"ImageObject","inLanguage":"it-IT","@id":"https:\/\/progettotouring.it\/radiotouring104\/#\/schema\/logo\/image\/","url":"https:\/\/progettotouring.it\/radiotouring104\/wp-content\/uploads\/sites\/6\/2022\/02\/cropped-logo-radio-touring-104.png","contentUrl":"https:\/\/progettotouring.it\/radiotouring104\/wp-content\/uploads\/sites\/6\/2022\/02\/cropped-logo-radio-touring-104.png","width":377,"height":182,"caption":"Radio Touring 104"},"image":{"@id":"https:\/\/progettotouring.it\/radiotouring104\/#\/schema\/logo\/image\/"}},{"@type":"Person","@id":"https:\/\/progettotouring.it\/radiotouring104\/#\/schema\/person\/78613917f1851f041f7483f5af1d422e","name":"Sebastiano Plutino","image":{"@type":"ImageObject","inLanguage":"it-IT","@id":"https:\/\/secure.gravatar.com\/avatar\/0546ffaa9b79224faf9f2a156b67a529ae861d3287c66c1d8ccfdf909bcba78d?s=96&d=mm&r=g","url":"https:\/\/secure.gravatar.com\/avatar\/0546ffaa9b79224faf9f2a156b67a529ae861d3287c66c1d8ccfdf909bcba78d?s=96&d=mm&r=g","contentUrl":"https:\/\/secure.gravatar.com\/avatar\/0546ffaa9b79224faf9f2a156b67a529ae861d3287c66c1d8ccfdf909bcba78d?s=96&d=mm&r=g","caption":"Sebastiano Plutino"},"url":"https:\/\/progettotouring.it\/radiotouring104\/author\/sebastiano\/"}]}},"jetpack_publicize_connections":[],"jetpack_featured_media_url":"https:\/\/progettotouring.it\/radiotouring104\/wp-content\/uploads\/sites\/6\/2024\/10\/AGAPE-PROGETTO-ALTA-VOCE.png","jetpack_sharing_enabled":true,"_links":{"self":[{"href":"https:\/\/progettotouring.it\/radiotouring104\/wp-json\/wp\/v2\/posts\/60049","targetHints":{"allow":["GET"]}}],"collection":[{"href":"https:\/\/progettotouring.it\/radiotouring104\/wp-json\/wp\/v2\/posts"}],"about":[{"href":"https:\/\/progettotouring.it\/radiotouring104\/wp-json\/wp\/v2\/types\/post"}],"author":[{"embeddable":true,"href":"https:\/\/progettotouring.it\/radiotouring104\/wp-json\/wp\/v2\/users\/12"}],"replies":[{"embeddable":true,"href":"https:\/\/progettotouring.it\/radiotouring104\/wp-json\/wp\/v2\/comments?post=60049"}],"version-history":[{"count":2,"href":"https:\/\/progettotouring.it\/radiotouring104\/wp-json\/wp\/v2\/posts\/60049\/revisions"}],"predecessor-version":[{"id":60053,"href":"https:\/\/progettotouring.it\/radiotouring104\/wp-json\/wp\/v2\/posts\/60049\/revisions\/60053"}],"wp:featuredmedia":[{"embeddable":true,"href":"https:\/\/progettotouring.it\/radiotouring104\/wp-json\/wp\/v2\/media\/60051"}],"wp:attachment":[{"href":"https:\/\/progettotouring.it\/radiotouring104\/wp-json\/wp\/v2\/media?parent=60049"}],"wp:term":[{"taxonomy":"category","embeddable":true,"href":"https:\/\/progettotouring.it\/radiotouring104\/wp-json\/wp\/v2\/categories?post=60049"},{"taxonomy":"post_tag","embeddable":true,"href":"https:\/\/progettotouring.it\/radiotouring104\/wp-json\/wp\/v2\/tags?post=60049"}],"curies":[{"name":"wp","href":"https:\/\/api.w.org\/{rel}","templated":true}]}}