{"id":60059,"date":"2024-10-21T12:19:28","date_gmt":"2024-10-21T10:19:28","guid":{"rendered":"https:\/\/progettotouring.it\/radiotouring104\/?p=60059"},"modified":"2024-10-21T12:19:48","modified_gmt":"2024-10-21T10:19:48","slug":"campo-calabro-inaugurato-il-museo-faunistico-diorama","status":"publish","type":"post","link":"https:\/\/progettotouring.it\/radiotouring104\/2024\/10\/21\/campo-calabro-inaugurato-il-museo-faunistico-diorama\/","title":{"rendered":"Campo Calabro: inaugurato il Museo Faunistico Diorama"},"content":{"rendered":"<p style=\"text-align: justify\"><strong>Si \u00e8 tenuta nelle sale di Fortino Poggio Pignatelli<\/strong>, a Campo Calabro<em>, l\u2019inaugurazione del Museo Faunistico Diorama<\/em> (www.museofaunisticodiorama.it), <strong>il primo museo della fauna dell\u2019Aspromonte<\/strong>. <strong>Presentato all\u2019\u2019Amministrazione<\/strong> comunale di Campo Calabro ed alle Autorit\u00e0, la cerimonia ha visto protagonisti del taglio del nastro i realizzatori, <strong>Giuseppe Martino e Andrea Ciulla,<\/strong> naturalisti e guide ufficiali del Parco Nazionale dell\u2019Aspromonte, accompagnati dal Sindaco di Campo Calabro <strong>Rocco Repaci,<\/strong> dal Consigliere regionale<strong> Domenico Giannetta<\/strong> e dal Consigliere della Citt\u00e0 Metropolitana <strong>Giuseppe Giordano.<\/strong><\/p>\n<p style=\"text-align: justify\"><strong>Il Museo \u00e8 composto da 4 sale in cui sono presenti 7 diorami,<\/strong> fedeli ricreazioni naturalistiche dei pi\u00f9 importanti ambienti aspromontani, dalla costa fino all\u2019alta montagna.<strong> La visita del Museo permette ai visitatori di osservare da vicino decine di specie animali che popolano l\u2019Aspromonte<\/strong>, immersi in un vero e proprio concentrato di natura e biodiversit\u00e0. Oltre alle esposizioni, il Museo propone visite guidate, attivit\u00e0 didattiche e percorsi escursionistici. Un&#8217;ottima occasione per riscoprire la bellezza e la biodiversit\u00e0 di uno dei luoghi pi\u00f9 affascinanti del Mediterraneo.<\/p>\n<p style=\"text-align: justify\">Il Museo \u00e8 anche luogo della memoria essendo <strong>dedicato a Sergio Tralongo, primo naturalista reggino<\/strong> a partire dal XX secolo che, fin da giovane, ha dedicato la sua vita alla fauna divenendo infine direttore del Parco Nazionale dell\u2019Aspromonte.<\/p>\n<p style=\"text-align: justify\">\n","protected":false},"excerpt":{"rendered":"<p>Si \u00e8 tenuta nelle sale di Fortino Poggio Pignatelli, a Campo Calabro, l\u2019inaugurazione del Museo Faunistico Diorama (www.museofaunisticodiorama.it), il primo museo della fauna dell\u2019Aspromonte. Presentato all\u2019\u2019Amministrazione comunale di Campo Calabro&hellip;<\/p>\n","protected":false},"author":12,"featured_media":60060,"comment_status":"closed","ping_status":"open","sticky":false,"template":"","format":"standard","meta":{"_jetpack_memberships_contains_paid_content":false,"footnotes":"","jetpack_publicize_message":"","jetpack_publicize_feature_enabled":true,"jetpack_social_post_already_shared":false,"jetpack_social_options":{"image_generator_settings":{"template":"highway","default_image_id":0,"font":"","enabled":false},"version":2}},"categories":[921,196,140],"tags":[36624,1070,22435,1763,21997,36622,36623],"class_list":["post-60059","post","type-post","status-publish","format-standard","has-post-thumbnail","hentry","category-home","category-news","category-reggio-calabria","tag-andrea-ciulla","tag-campo-calabro","tag-dott-sandro-repaci","tag-giuseppe-giordano","tag-giuseppe-martino","tag-inaugurato-il-museo-faunistico-diorama","tag-primo-museo-della-fauna-dellaspromonte"],"yoast_head":"<!-- This site is optimized with the Yoast SEO plugin v27.2 - https:\/\/yoast.com\/product\/yoast-seo-wordpress\/ -->\n<title>Campo Calabro: inaugurato il Museo Faunistico Diorama<\/title>\n<meta name=\"description\" content=\"Svolta nelle sale di Fortino Poggio Pignatelli l\u2019inaugurazione del Museo Faunistico Diorama, 1\u00b0 museo della fauna dell\u2019Aspromonte\" \/>\n<meta name=\"robots\" content=\"index, follow, max-snippet:-1, max-image-preview:large, max-video-preview:-1\" \/>\n<link rel=\"canonical\" href=\"https:\/\/progettotouring.it\/radiotouring104\/2024\/10\/21\/campo-calabro-inaugurato-il-museo-faunistico-diorama\/\" \/>\n<meta property=\"og:locale\" content=\"it_IT\" \/>\n<meta property=\"og:type\" content=\"article\" \/>\n<meta property=\"og:title\" content=\"Campo Calabro: inaugurato il Museo Faunistico Diorama\" \/>\n<meta property=\"og:description\" content=\"Svolta nelle sale di Fortino Poggio Pignatelli l\u2019inaugurazione del Museo Faunistico Diorama, 1\u00b0 museo della fauna dell\u2019Aspromonte\" \/>\n<meta property=\"og:url\" content=\"https:\/\/progettotouring.it\/radiotouring104\/2024\/10\/21\/campo-calabro-inaugurato-il-museo-faunistico-diorama\/\" \/>\n<meta property=\"og:site_name\" content=\"Radio Touring 104\" \/>\n<meta property=\"article:published_time\" content=\"2024-10-21T10:19:28+00:00\" \/>\n<meta property=\"article:modified_time\" content=\"2024-10-21T10:19:48+00:00\" \/>\n<meta property=\"og:image\" content=\"https:\/\/progettotouring.it\/radiotouring104\/wp-content\/uploads\/sites\/6\/2024\/10\/inaugurato-il-Museo-Faunistico-Diorama.jpg\" \/>\n\t<meta property=\"og:image:width\" content=\"1200\" \/>\n\t<meta property=\"og:image:height\" content=\"1600\" \/>\n\t<meta property=\"og:image:type\" content=\"image\/jpeg\" \/>\n<meta name=\"author\" content=\"Sebastiano Plutino\" \/>\n<meta name=\"twitter:card\" content=\"summary_large_image\" \/>\n<meta name=\"twitter:label1\" content=\"Scritto da\" \/>\n\t<meta name=\"twitter:data1\" content=\"Sebastiano Plutino\" \/>\n\t<meta name=\"twitter:label2\" content=\"Tempo di lettura stimato\" \/>\n\t<meta name=\"twitter:data2\" content=\"1 minuto\" \/>\n<script type=\"application\/ld+json\" class=\"yoast-schema-graph\">{\"@context\":\"https:\/\/schema.org\",\"@graph\":[{\"@type\":\"Article\",\"@id\":\"https:\/\/progettotouring.it\/radiotouring104\/2024\/10\/21\/campo-calabro-inaugurato-il-museo-faunistico-diorama\/#article\",\"isPartOf\":{\"@id\":\"https:\/\/progettotouring.it\/radiotouring104\/2024\/10\/21\/campo-calabro-inaugurato-il-museo-faunistico-diorama\/\"},\"author\":{\"name\":\"Sebastiano Plutino\",\"@id\":\"https:\/\/progettotouring.it\/radiotouring104\/#\/schema\/person\/78613917f1851f041f7483f5af1d422e\"},\"headline\":\"Campo Calabro: inaugurato il Museo Faunistico Diorama\",\"datePublished\":\"2024-10-21T10:19:28+00:00\",\"dateModified\":\"2024-10-21T10:19:48+00:00\",\"mainEntityOfPage\":{\"@id\":\"https:\/\/progettotouring.it\/radiotouring104\/2024\/10\/21\/campo-calabro-inaugurato-il-museo-faunistico-diorama\/\"},\"wordCount\":212,\"publisher\":{\"@id\":\"https:\/\/progettotouring.it\/radiotouring104\/#organization\"},\"image\":{\"@id\":\"https:\/\/progettotouring.it\/radiotouring104\/2024\/10\/21\/campo-calabro-inaugurato-il-museo-faunistico-diorama\/#primaryimage\"},\"thumbnailUrl\":\"https:\/\/progettotouring.it\/radiotouring104\/wp-content\/uploads\/sites\/6\/2024\/10\/inaugurato-il-Museo-Faunistico-Diorama.jpg\",\"keywords\":[\"Andrea Ciulla\",\"campo calabro\",\"Dott. Sandro Repaci\",\"Giuseppe Giordano\",\"Giuseppe Martino\",\"inaugurato il Museo Faunistico Diorama\",\"primo museo della fauna dell\u2019Aspromonte.\"],\"articleSection\":[\"Home\",\"News\",\"Reggio Calabria\"],\"inLanguage\":\"it-IT\"},{\"@type\":\"WebPage\",\"@id\":\"https:\/\/progettotouring.it\/radiotouring104\/2024\/10\/21\/campo-calabro-inaugurato-il-museo-faunistico-diorama\/\",\"url\":\"https:\/\/progettotouring.it\/radiotouring104\/2024\/10\/21\/campo-calabro-inaugurato-il-museo-faunistico-diorama\/\",\"name\":\"Campo Calabro: inaugurato il Museo Faunistico Diorama\",\"isPartOf\":{\"@id\":\"https:\/\/progettotouring.it\/radiotouring104\/#website\"},\"primaryImageOfPage\":{\"@id\":\"https:\/\/progettotouring.it\/radiotouring104\/2024\/10\/21\/campo-calabro-inaugurato-il-museo-faunistico-diorama\/#primaryimage\"},\"image\":{\"@id\":\"https:\/\/progettotouring.it\/radiotouring104\/2024\/10\/21\/campo-calabro-inaugurato-il-museo-faunistico-diorama\/#primaryimage\"},\"thumbnailUrl\":\"https:\/\/progettotouring.it\/radiotouring104\/wp-content\/uploads\/sites\/6\/2024\/10\/inaugurato-il-Museo-Faunistico-Diorama.jpg\",\"datePublished\":\"2024-10-21T10:19:28+00:00\",\"dateModified\":\"2024-10-21T10:19:48+00:00\",\"description\":\"Svolta nelle sale di Fortino Poggio Pignatelli l\u2019inaugurazione del Museo Faunistico Diorama, 1\u00b0 museo della fauna dell\u2019Aspromonte\",\"breadcrumb\":{\"@id\":\"https:\/\/progettotouring.it\/radiotouring104\/2024\/10\/21\/campo-calabro-inaugurato-il-museo-faunistico-diorama\/#breadcrumb\"},\"inLanguage\":\"it-IT\",\"potentialAction\":[{\"@type\":\"ReadAction\",\"target\":[\"https:\/\/progettotouring.it\/radiotouring104\/2024\/10\/21\/campo-calabro-inaugurato-il-museo-faunistico-diorama\/\"]}]},{\"@type\":\"ImageObject\",\"inLanguage\":\"it-IT\",\"@id\":\"https:\/\/progettotouring.it\/radiotouring104\/2024\/10\/21\/campo-calabro-inaugurato-il-museo-faunistico-diorama\/#primaryimage\",\"url\":\"https:\/\/progettotouring.it\/radiotouring104\/wp-content\/uploads\/sites\/6\/2024\/10\/inaugurato-il-Museo-Faunistico-Diorama.jpg\",\"contentUrl\":\"https:\/\/progettotouring.it\/radiotouring104\/wp-content\/uploads\/sites\/6\/2024\/10\/inaugurato-il-Museo-Faunistico-Diorama.jpg\",\"width\":1200,\"height\":1600},{\"@type\":\"BreadcrumbList\",\"@id\":\"https:\/\/progettotouring.it\/radiotouring104\/2024\/10\/21\/campo-calabro-inaugurato-il-museo-faunistico-diorama\/#breadcrumb\",\"itemListElement\":[{\"@type\":\"ListItem\",\"position\":1,\"name\":\"Home\",\"item\":\"https:\/\/progettotouring.it\/radiotouring104\/\"},{\"@type\":\"ListItem\",\"position\":2,\"name\":\"Campo Calabro: inaugurato il Museo Faunistico Diorama\"}]},{\"@type\":\"WebSite\",\"@id\":\"https:\/\/progettotouring.it\/radiotouring104\/#website\",\"url\":\"https:\/\/progettotouring.it\/radiotouring104\/\",\"name\":\"Radio Touring 104\",\"description\":\"La prima radio Reggina\",\"publisher\":{\"@id\":\"https:\/\/progettotouring.it\/radiotouring104\/#organization\"},\"potentialAction\":[{\"@type\":\"SearchAction\",\"target\":{\"@type\":\"EntryPoint\",\"urlTemplate\":\"https:\/\/progettotouring.it\/radiotouring104\/?s={search_term_string}\"},\"query-input\":{\"@type\":\"PropertyValueSpecification\",\"valueRequired\":true,\"valueName\":\"search_term_string\"}}],\"inLanguage\":\"it-IT\"},{\"@type\":\"Organization\",\"@id\":\"https:\/\/progettotouring.it\/radiotouring104\/#organization\",\"name\":\"Radio Touring 104\",\"url\":\"https:\/\/progettotouring.it\/radiotouring104\/\",\"logo\":{\"@type\":\"ImageObject\",\"inLanguage\":\"it-IT\",\"@id\":\"https:\/\/progettotouring.it\/radiotouring104\/#\/schema\/logo\/image\/\",\"url\":\"https:\/\/progettotouring.it\/radiotouring104\/wp-content\/uploads\/sites\/6\/2022\/02\/cropped-logo-radio-touring-104.png\",\"contentUrl\":\"https:\/\/progettotouring.it\/radiotouring104\/wp-content\/uploads\/sites\/6\/2022\/02\/cropped-logo-radio-touring-104.png\",\"width\":377,\"height\":182,\"caption\":\"Radio Touring 104\"},\"image\":{\"@id\":\"https:\/\/progettotouring.it\/radiotouring104\/#\/schema\/logo\/image\/\"}},{\"@type\":\"Person\",\"@id\":\"https:\/\/progettotouring.it\/radiotouring104\/#\/schema\/person\/78613917f1851f041f7483f5af1d422e\",\"name\":\"Sebastiano Plutino\",\"image\":{\"@type\":\"ImageObject\",\"inLanguage\":\"it-IT\",\"@id\":\"https:\/\/secure.gravatar.com\/avatar\/0546ffaa9b79224faf9f2a156b67a529ae861d3287c66c1d8ccfdf909bcba78d?s=96&d=mm&r=g\",\"url\":\"https:\/\/secure.gravatar.com\/avatar\/0546ffaa9b79224faf9f2a156b67a529ae861d3287c66c1d8ccfdf909bcba78d?s=96&d=mm&r=g\",\"contentUrl\":\"https:\/\/secure.gravatar.com\/avatar\/0546ffaa9b79224faf9f2a156b67a529ae861d3287c66c1d8ccfdf909bcba78d?s=96&d=mm&r=g\",\"caption\":\"Sebastiano Plutino\"},\"url\":\"https:\/\/progettotouring.it\/radiotouring104\/author\/sebastiano\/\"}]}<\/script>\n<!-- \/ Yoast SEO plugin. -->","yoast_head_json":{"title":"Campo Calabro: inaugurato il Museo Faunistico Diorama","description":"Svolta nelle sale di Fortino Poggio Pignatelli l\u2019inaugurazione del Museo Faunistico Diorama, 1\u00b0 museo della fauna dell\u2019Aspromonte","robots":{"index":"index","follow":"follow","max-snippet":"max-snippet:-1","max-image-preview":"max-image-preview:large","max-video-preview":"max-video-preview:-1"},"canonical":"https:\/\/progettotouring.it\/radiotouring104\/2024\/10\/21\/campo-calabro-inaugurato-il-museo-faunistico-diorama\/","og_locale":"it_IT","og_type":"article","og_title":"Campo Calabro: inaugurato il Museo Faunistico Diorama","og_description":"Svolta nelle sale di Fortino Poggio Pignatelli l\u2019inaugurazione del Museo Faunistico Diorama, 1\u00b0 museo della fauna dell\u2019Aspromonte","og_url":"https:\/\/progettotouring.it\/radiotouring104\/2024\/10\/21\/campo-calabro-inaugurato-il-museo-faunistico-diorama\/","og_site_name":"Radio Touring 104","article_published_time":"2024-10-21T10:19:28+00:00","article_modified_time":"2024-10-21T10:19:48+00:00","og_image":[{"width":1200,"height":1600,"url":"https:\/\/progettotouring.it\/radiotouring104\/wp-content\/uploads\/sites\/6\/2024\/10\/inaugurato-il-Museo-Faunistico-Diorama.jpg","type":"image\/jpeg"}],"author":"Sebastiano Plutino","twitter_card":"summary_large_image","twitter_misc":{"Scritto da":"Sebastiano Plutino","Tempo di lettura stimato":"1 minuto"},"schema":{"@context":"https:\/\/schema.org","@graph":[{"@type":"Article","@id":"https:\/\/progettotouring.it\/radiotouring104\/2024\/10\/21\/campo-calabro-inaugurato-il-museo-faunistico-diorama\/#article","isPartOf":{"@id":"https:\/\/progettotouring.it\/radiotouring104\/2024\/10\/21\/campo-calabro-inaugurato-il-museo-faunistico-diorama\/"},"author":{"name":"Sebastiano Plutino","@id":"https:\/\/progettotouring.it\/radiotouring104\/#\/schema\/person\/78613917f1851f041f7483f5af1d422e"},"headline":"Campo Calabro: inaugurato il Museo Faunistico Diorama","datePublished":"2024-10-21T10:19:28+00:00","dateModified":"2024-10-21T10:19:48+00:00","mainEntityOfPage":{"@id":"https:\/\/progettotouring.it\/radiotouring104\/2024\/10\/21\/campo-calabro-inaugurato-il-museo-faunistico-diorama\/"},"wordCount":212,"publisher":{"@id":"https:\/\/progettotouring.it\/radiotouring104\/#organization"},"image":{"@id":"https:\/\/progettotouring.it\/radiotouring104\/2024\/10\/21\/campo-calabro-inaugurato-il-museo-faunistico-diorama\/#primaryimage"},"thumbnailUrl":"https:\/\/progettotouring.it\/radiotouring104\/wp-content\/uploads\/sites\/6\/2024\/10\/inaugurato-il-Museo-Faunistico-Diorama.jpg","keywords":["Andrea Ciulla","campo calabro","Dott. Sandro Repaci","Giuseppe Giordano","Giuseppe Martino","inaugurato il Museo Faunistico Diorama","primo museo della fauna dell\u2019Aspromonte."],"articleSection":["Home","News","Reggio Calabria"],"inLanguage":"it-IT"},{"@type":"WebPage","@id":"https:\/\/progettotouring.it\/radiotouring104\/2024\/10\/21\/campo-calabro-inaugurato-il-museo-faunistico-diorama\/","url":"https:\/\/progettotouring.it\/radiotouring104\/2024\/10\/21\/campo-calabro-inaugurato-il-museo-faunistico-diorama\/","name":"Campo Calabro: inaugurato il Museo Faunistico Diorama","isPartOf":{"@id":"https:\/\/progettotouring.it\/radiotouring104\/#website"},"primaryImageOfPage":{"@id":"https:\/\/progettotouring.it\/radiotouring104\/2024\/10\/21\/campo-calabro-inaugurato-il-museo-faunistico-diorama\/#primaryimage"},"image":{"@id":"https:\/\/progettotouring.it\/radiotouring104\/2024\/10\/21\/campo-calabro-inaugurato-il-museo-faunistico-diorama\/#primaryimage"},"thumbnailUrl":"https:\/\/progettotouring.it\/radiotouring104\/wp-content\/uploads\/sites\/6\/2024\/10\/inaugurato-il-Museo-Faunistico-Diorama.jpg","datePublished":"2024-10-21T10:19:28+00:00","dateModified":"2024-10-21T10:19:48+00:00","description":"Svolta nelle sale di Fortino Poggio Pignatelli l\u2019inaugurazione del Museo Faunistico Diorama, 1\u00b0 museo della fauna dell\u2019Aspromonte","breadcrumb":{"@id":"https:\/\/progettotouring.it\/radiotouring104\/2024\/10\/21\/campo-calabro-inaugurato-il-museo-faunistico-diorama\/#breadcrumb"},"inLanguage":"it-IT","potentialAction":[{"@type":"ReadAction","target":["https:\/\/progettotouring.it\/radiotouring104\/2024\/10\/21\/campo-calabro-inaugurato-il-museo-faunistico-diorama\/"]}]},{"@type":"ImageObject","inLanguage":"it-IT","@id":"https:\/\/progettotouring.it\/radiotouring104\/2024\/10\/21\/campo-calabro-inaugurato-il-museo-faunistico-diorama\/#primaryimage","url":"https:\/\/progettotouring.it\/radiotouring104\/wp-content\/uploads\/sites\/6\/2024\/10\/inaugurato-il-Museo-Faunistico-Diorama.jpg","contentUrl":"https:\/\/progettotouring.it\/radiotouring104\/wp-content\/uploads\/sites\/6\/2024\/10\/inaugurato-il-Museo-Faunistico-Diorama.jpg","width":1200,"height":1600},{"@type":"BreadcrumbList","@id":"https:\/\/progettotouring.it\/radiotouring104\/2024\/10\/21\/campo-calabro-inaugurato-il-museo-faunistico-diorama\/#breadcrumb","itemListElement":[{"@type":"ListItem","position":1,"name":"Home","item":"https:\/\/progettotouring.it\/radiotouring104\/"},{"@type":"ListItem","position":2,"name":"Campo Calabro: inaugurato il Museo Faunistico Diorama"}]},{"@type":"WebSite","@id":"https:\/\/progettotouring.it\/radiotouring104\/#website","url":"https:\/\/progettotouring.it\/radiotouring104\/","name":"Radio Touring 104","description":"La prima radio Reggina","publisher":{"@id":"https:\/\/progettotouring.it\/radiotouring104\/#organization"},"potentialAction":[{"@type":"SearchAction","target":{"@type":"EntryPoint","urlTemplate":"https:\/\/progettotouring.it\/radiotouring104\/?s={search_term_string}"},"query-input":{"@type":"PropertyValueSpecification","valueRequired":true,"valueName":"search_term_string"}}],"inLanguage":"it-IT"},{"@type":"Organization","@id":"https:\/\/progettotouring.it\/radiotouring104\/#organization","name":"Radio Touring 104","url":"https:\/\/progettotouring.it\/radiotouring104\/","logo":{"@type":"ImageObject","inLanguage":"it-IT","@id":"https:\/\/progettotouring.it\/radiotouring104\/#\/schema\/logo\/image\/","url":"https:\/\/progettotouring.it\/radiotouring104\/wp-content\/uploads\/sites\/6\/2022\/02\/cropped-logo-radio-touring-104.png","contentUrl":"https:\/\/progettotouring.it\/radiotouring104\/wp-content\/uploads\/sites\/6\/2022\/02\/cropped-logo-radio-touring-104.png","width":377,"height":182,"caption":"Radio Touring 104"},"image":{"@id":"https:\/\/progettotouring.it\/radiotouring104\/#\/schema\/logo\/image\/"}},{"@type":"Person","@id":"https:\/\/progettotouring.it\/radiotouring104\/#\/schema\/person\/78613917f1851f041f7483f5af1d422e","name":"Sebastiano Plutino","image":{"@type":"ImageObject","inLanguage":"it-IT","@id":"https:\/\/secure.gravatar.com\/avatar\/0546ffaa9b79224faf9f2a156b67a529ae861d3287c66c1d8ccfdf909bcba78d?s=96&d=mm&r=g","url":"https:\/\/secure.gravatar.com\/avatar\/0546ffaa9b79224faf9f2a156b67a529ae861d3287c66c1d8ccfdf909bcba78d?s=96&d=mm&r=g","contentUrl":"https:\/\/secure.gravatar.com\/avatar\/0546ffaa9b79224faf9f2a156b67a529ae861d3287c66c1d8ccfdf909bcba78d?s=96&d=mm&r=g","caption":"Sebastiano Plutino"},"url":"https:\/\/progettotouring.it\/radiotouring104\/author\/sebastiano\/"}]}},"jetpack_publicize_connections":[],"jetpack_featured_media_url":"https:\/\/progettotouring.it\/radiotouring104\/wp-content\/uploads\/sites\/6\/2024\/10\/inaugurato-il-Museo-Faunistico-Diorama.jpg","jetpack_sharing_enabled":true,"_links":{"self":[{"href":"https:\/\/progettotouring.it\/radiotouring104\/wp-json\/wp\/v2\/posts\/60059","targetHints":{"allow":["GET"]}}],"collection":[{"href":"https:\/\/progettotouring.it\/radiotouring104\/wp-json\/wp\/v2\/posts"}],"about":[{"href":"https:\/\/progettotouring.it\/radiotouring104\/wp-json\/wp\/v2\/types\/post"}],"author":[{"embeddable":true,"href":"https:\/\/progettotouring.it\/radiotouring104\/wp-json\/wp\/v2\/users\/12"}],"replies":[{"embeddable":true,"href":"https:\/\/progettotouring.it\/radiotouring104\/wp-json\/wp\/v2\/comments?post=60059"}],"version-history":[{"count":1,"href":"https:\/\/progettotouring.it\/radiotouring104\/wp-json\/wp\/v2\/posts\/60059\/revisions"}],"predecessor-version":[{"id":60061,"href":"https:\/\/progettotouring.it\/radiotouring104\/wp-json\/wp\/v2\/posts\/60059\/revisions\/60061"}],"wp:featuredmedia":[{"embeddable":true,"href":"https:\/\/progettotouring.it\/radiotouring104\/wp-json\/wp\/v2\/media\/60060"}],"wp:attachment":[{"href":"https:\/\/progettotouring.it\/radiotouring104\/wp-json\/wp\/v2\/media?parent=60059"}],"wp:term":[{"taxonomy":"category","embeddable":true,"href":"https:\/\/progettotouring.it\/radiotouring104\/wp-json\/wp\/v2\/categories?post=60059"},{"taxonomy":"post_tag","embeddable":true,"href":"https:\/\/progettotouring.it\/radiotouring104\/wp-json\/wp\/v2\/tags?post=60059"}],"curies":[{"name":"wp","href":"https:\/\/api.w.org\/{rel}","templated":true}]}}