{"id":60062,"date":"2024-10-21T12:28:40","date_gmt":"2024-10-21T10:28:40","guid":{"rendered":"https:\/\/progettotouring.it\/radiotouring104\/?p=60062"},"modified":"2024-10-21T12:28:40","modified_gmt":"2024-10-21T10:28:40","slug":"rosarno-il-6-novembre-aprira-villa-jole-santelli","status":"publish","type":"post","link":"https:\/\/progettotouring.it\/radiotouring104\/2024\/10\/21\/rosarno-il-6-novembre-aprira-villa-jole-santelli\/","title":{"rendered":"Rosarno: il 6 novembre aprir\u00e0 &#8220;Villa Jole Santelli&#8221;"},"content":{"rendered":"<p style=\"text-align: justify\">A seguito della riunione congiunta svoltasi nei giorni scorsi tra UniReggio, Comune di Rosarno e personale sanitario, si annuncia che il prossimo <strong>6 novembre alle ore 15:00<\/strong>, prenderanno il via le attivit\u00e0 di <strong>Assistenza Medica Solidale<\/strong> all\u2019interno dell\u2019immobile confiscato alla criminalit\u00e0 organizzata e intitolato a <strong>Jole Santelli<\/strong> lo scorso 23 maggio, in occasione della <strong>\u201cGiornata nazionale per la legalit\u00e0 e il contrasto alla criminalit\u00e0 mafiosa\u201d<\/strong>.<\/p>\n<p style=\"text-align: justify\">La <strong>grande sinergia<\/strong> &#8211; voluta esaltare dal <strong>prof. Paolo Ferrara<\/strong>, Presidente di UniReggio &#8211; creatasi con l\u2019intera Amministrazione guidata dal Sindaco<strong> Pasquale Cutr\u00ec<\/strong> e con il Responsabile del Settore Area Tecnica 2 e Beni Confiscati, <strong>arch.<\/strong> <strong>Alessandro Messina<\/strong>, ha giocato un ruolo fondamentale per superare molti degli ostacoli che si sono presentati lungo il cammino e che ci hanno consentito oggi di pianificare l\u2019avvio delle attivit\u00e0 di Assistenza Medica Solidale.<\/p>\n<p style=\"text-align: justify\"><em>\u201cLa loro disponibilit\u00e0 e il loro sostegno sono stati essenziali per dare una nuova vita a un luogo simbolico, trasformandolo in un punto di riferimento per la comunit\u00e0\u201d<\/em>.<\/p>\n<p style=\"text-align: justify\">Le attivit\u00e0 previste all\u2019interno di villa Jole Santelli si rivolgeranno principalmente alle persone in difficolt\u00e0, offrendo servizi sanitari gratuiti e supporto medico a chi non ha accesso alle cure necessarie. Questo progetto ha una duplice valenza: da un lato, rappresenta un\u2019azione concreta per garantire il diritto alla salute e all\u2019assistenza, dall\u2019altro, simboleggia una vittoria della legalit\u00e0 e della giustizia sociale in un territorio che ha spesso sofferto per l\u2019influenza della criminalit\u00e0 organizzata.<\/p>\n<p style=\"text-align: justify\">L\u2019avvio delle attivit\u00e0 rappresenta un momento di grande orgoglio per UniReggio e sono rese possibili grazie alla disponibilit\u00e0 volontaria di medici e operatori socio-sanitari. Il Presidente Ferrara ha sottolineato l\u2019importanza di questo contributo: <em>\u201cSono i dirigenti medici <strong>Domenico Antonio Greco<\/strong> e <strong>Marina Macr\u00ec<\/strong> affiancati dall\u2019operatore socio sanitario <strong>Francesco Loiacono<\/strong> i volontari che a partire dal 6 novembre, ogni mercoled\u00ec dalle ore 15:00 alle 18:00, renderanno possibile la realizzazione di questo straordinario progetto. Senza il loro prezioso supporto, l\u2019idea di un\u2019assistenza sanitaria gratuita in questo luogo non sarebbe diventata realt\u00e0. Il loro gesto rappresenta la vera essenza della solidariet\u00e0 e del servizio alla comunit\u00e0\u201d.<\/em><\/p>\n<p style=\"text-align: justify\"><em>Grazie a questo impegno collettivo, la villa non \u00e8 solo un simbolo di rinascita, ma anche un luogo dove l\u2019aiuto concreto si traduce in cure e attenzioni per chi vive situazioni di fragilit\u00e0. <\/em><\/p>\n<p style=\"text-align: justify\"><em>Questo progetto non solo conferma l\u2019impegno di UniReggio nella promozione della legalit\u00e0 e della giustizia sociale, ma valorizza anche il suo ruolo come punto di riferimento per le iniziative a sostegno delle comunit\u00e0 pi\u00f9 vulnerabili\u201d.<\/em><\/p>\n<p style=\"text-align: justify\">In conclusione il <strong>Presidente di UniReggio <\/strong><strong>Paolo Ferrara<\/strong>: <em>\u201c<\/em><em>L\u2019attivazione di servizi sanitari gratuiti tutti i mercoled\u00ec a partire dal prossimo 6 novembre all\u2019interno di Villa Jole Santelli non \u00e8 solo un traguardo, ma una dimostrazione concreta di come la societ\u00e0 civile possa trasformare un luogo di dolore in uno spazio di speranza e di solidariet\u00e0. Sar\u00e0 possibile prenotarsi anche attraverso il numero preposto <strong>338 5214503<\/strong>. L\u2019avvio di questo progetto di Assistenza Medica Solidale non solo conferma l\u2019impegno di UniReggio nella promozione della legalit\u00e0 e della giustizia sociale, ma valorizza anche il suo ruolo come punto di riferimento per le iniziative a sostegno delle comunit\u00e0 pi\u00f9 vulnerabili contribuendo alla crescita sociale e al benessere delle persone, soprattutto di quelle che vivono in condizioni di maggiore fragilit\u00e0\u201d.<\/em><\/p>\n","protected":false},"excerpt":{"rendered":"<p>A seguito della riunione congiunta svoltasi nei giorni scorsi tra UniReggio, Comune di Rosarno e personale sanitario, si annuncia che il prossimo 6 novembre alle ore 15:00, prenderanno il via&hellip;<\/p>\n","protected":false},"author":12,"featured_media":7722,"comment_status":"closed","ping_status":"open","sticky":false,"template":"","format":"standard","meta":{"_jetpack_memberships_contains_paid_content":false,"footnotes":"","jetpack_publicize_message":"","jetpack_publicize_feature_enabled":true,"jetpack_social_post_already_shared":false,"jetpack_social_options":{"image_generator_settings":{"template":"highway","default_image_id":0,"font":"","enabled":false},"version":2}},"categories":[921,196,140],"tags":[36626,24353,36627,1314,36625],"class_list":["post-60062","post","type-post","status-publish","format-standard","has-post-thumbnail","hentry","category-home","category-news","category-reggio-calabria","tag-assistenza-medica-solidale","tag-pasquale-cutri","tag-prof-paolo-ferrara","tag-rosarno","tag-villa-jole-santelli"],"yoast_head":"<!-- This site is optimized with the Yoast SEO plugin v27.2 - https:\/\/yoast.com\/product\/yoast-seo-wordpress\/ -->\n<title>Rosarno: il 6 novembre aprir\u00e0 &quot;Villa Jole Santelli&quot;<\/title>\n<meta name=\"description\" content=\"Il 6 novembre, alle 15:00, il via ad attivit\u00e0 di Assistenza Medica Solidale, dentro la villa intitolata alla Governatrice scomparsa nel 2020\" \/>\n<meta name=\"robots\" content=\"index, follow, max-snippet:-1, max-image-preview:large, max-video-preview:-1\" \/>\n<link rel=\"canonical\" href=\"https:\/\/progettotouring.it\/radiotouring104\/2024\/10\/21\/rosarno-il-6-novembre-aprira-villa-jole-santelli\/\" \/>\n<meta property=\"og:locale\" content=\"it_IT\" \/>\n<meta property=\"og:type\" content=\"article\" \/>\n<meta property=\"og:title\" content=\"Rosarno: il 6 novembre aprir\u00e0 &quot;Villa Jole Santelli&quot;\" \/>\n<meta property=\"og:description\" content=\"Il 6 novembre, alle 15:00, il via ad attivit\u00e0 di Assistenza Medica Solidale, dentro la villa intitolata alla Governatrice scomparsa nel 2020\" \/>\n<meta property=\"og:url\" content=\"https:\/\/progettotouring.it\/radiotouring104\/2024\/10\/21\/rosarno-il-6-novembre-aprira-villa-jole-santelli\/\" \/>\n<meta property=\"og:site_name\" content=\"Radio Touring 104\" \/>\n<meta property=\"article:published_time\" content=\"2024-10-21T10:28:40+00:00\" \/>\n<meta property=\"og:image\" content=\"https:\/\/progettotouring.it\/radiotouring104\/wp-content\/uploads\/sites\/6\/2022\/07\/rosarno-comune.jpg\" \/>\n\t<meta property=\"og:image:width\" content=\"743\" \/>\n\t<meta property=\"og:image:height\" content=\"388\" \/>\n\t<meta property=\"og:image:type\" content=\"image\/jpeg\" \/>\n<meta name=\"author\" content=\"Sebastiano Plutino\" \/>\n<meta name=\"twitter:card\" content=\"summary_large_image\" \/>\n<meta name=\"twitter:label1\" content=\"Scritto da\" \/>\n\t<meta name=\"twitter:data1\" content=\"Sebastiano Plutino\" \/>\n\t<meta name=\"twitter:label2\" content=\"Tempo di lettura stimato\" \/>\n\t<meta name=\"twitter:data2\" content=\"3 minuti\" \/>\n<script type=\"application\/ld+json\" class=\"yoast-schema-graph\">{\"@context\":\"https:\/\/schema.org\",\"@graph\":[{\"@type\":\"Article\",\"@id\":\"https:\/\/progettotouring.it\/radiotouring104\/2024\/10\/21\/rosarno-il-6-novembre-aprira-villa-jole-santelli\/#article\",\"isPartOf\":{\"@id\":\"https:\/\/progettotouring.it\/radiotouring104\/2024\/10\/21\/rosarno-il-6-novembre-aprira-villa-jole-santelli\/\"},\"author\":{\"name\":\"Sebastiano Plutino\",\"@id\":\"https:\/\/progettotouring.it\/radiotouring104\/#\/schema\/person\/78613917f1851f041f7483f5af1d422e\"},\"headline\":\"Rosarno: il 6 novembre aprir\u00e0 &#8220;Villa Jole Santelli&#8221;\",\"datePublished\":\"2024-10-21T10:28:40+00:00\",\"mainEntityOfPage\":{\"@id\":\"https:\/\/progettotouring.it\/radiotouring104\/2024\/10\/21\/rosarno-il-6-novembre-aprira-villa-jole-santelli\/\"},\"wordCount\":546,\"publisher\":{\"@id\":\"https:\/\/progettotouring.it\/radiotouring104\/#organization\"},\"image\":{\"@id\":\"https:\/\/progettotouring.it\/radiotouring104\/2024\/10\/21\/rosarno-il-6-novembre-aprira-villa-jole-santelli\/#primaryimage\"},\"thumbnailUrl\":\"https:\/\/progettotouring.it\/radiotouring104\/wp-content\/uploads\/sites\/6\/2022\/07\/rosarno-comune.jpg\",\"keywords\":[\"Assistenza Medica Solidale\",\"Pasquale Cutr\u00ec\",\"prof Paolo Ferrara\",\"rosarno\",\"Villa Jole Santelli\"],\"articleSection\":[\"Home\",\"News\",\"Reggio Calabria\"],\"inLanguage\":\"it-IT\"},{\"@type\":\"WebPage\",\"@id\":\"https:\/\/progettotouring.it\/radiotouring104\/2024\/10\/21\/rosarno-il-6-novembre-aprira-villa-jole-santelli\/\",\"url\":\"https:\/\/progettotouring.it\/radiotouring104\/2024\/10\/21\/rosarno-il-6-novembre-aprira-villa-jole-santelli\/\",\"name\":\"Rosarno: il 6 novembre aprir\u00e0 \\\"Villa Jole Santelli\\\"\",\"isPartOf\":{\"@id\":\"https:\/\/progettotouring.it\/radiotouring104\/#website\"},\"primaryImageOfPage\":{\"@id\":\"https:\/\/progettotouring.it\/radiotouring104\/2024\/10\/21\/rosarno-il-6-novembre-aprira-villa-jole-santelli\/#primaryimage\"},\"image\":{\"@id\":\"https:\/\/progettotouring.it\/radiotouring104\/2024\/10\/21\/rosarno-il-6-novembre-aprira-villa-jole-santelli\/#primaryimage\"},\"thumbnailUrl\":\"https:\/\/progettotouring.it\/radiotouring104\/wp-content\/uploads\/sites\/6\/2022\/07\/rosarno-comune.jpg\",\"datePublished\":\"2024-10-21T10:28:40+00:00\",\"description\":\"Il 6 novembre, alle 15:00, il via ad attivit\u00e0 di Assistenza Medica Solidale, dentro la villa intitolata alla Governatrice scomparsa nel 2020\",\"breadcrumb\":{\"@id\":\"https:\/\/progettotouring.it\/radiotouring104\/2024\/10\/21\/rosarno-il-6-novembre-aprira-villa-jole-santelli\/#breadcrumb\"},\"inLanguage\":\"it-IT\",\"potentialAction\":[{\"@type\":\"ReadAction\",\"target\":[\"https:\/\/progettotouring.it\/radiotouring104\/2024\/10\/21\/rosarno-il-6-novembre-aprira-villa-jole-santelli\/\"]}]},{\"@type\":\"ImageObject\",\"inLanguage\":\"it-IT\",\"@id\":\"https:\/\/progettotouring.it\/radiotouring104\/2024\/10\/21\/rosarno-il-6-novembre-aprira-villa-jole-santelli\/#primaryimage\",\"url\":\"https:\/\/progettotouring.it\/radiotouring104\/wp-content\/uploads\/sites\/6\/2022\/07\/rosarno-comune.jpg\",\"contentUrl\":\"https:\/\/progettotouring.it\/radiotouring104\/wp-content\/uploads\/sites\/6\/2022\/07\/rosarno-comune.jpg\",\"width\":743,\"height\":388},{\"@type\":\"BreadcrumbList\",\"@id\":\"https:\/\/progettotouring.it\/radiotouring104\/2024\/10\/21\/rosarno-il-6-novembre-aprira-villa-jole-santelli\/#breadcrumb\",\"itemListElement\":[{\"@type\":\"ListItem\",\"position\":1,\"name\":\"Home\",\"item\":\"https:\/\/progettotouring.it\/radiotouring104\/\"},{\"@type\":\"ListItem\",\"position\":2,\"name\":\"Rosarno: il 6 novembre aprir\u00e0 &#8220;Villa Jole Santelli&#8221;\"}]},{\"@type\":\"WebSite\",\"@id\":\"https:\/\/progettotouring.it\/radiotouring104\/#website\",\"url\":\"https:\/\/progettotouring.it\/radiotouring104\/\",\"name\":\"Radio Touring 104\",\"description\":\"La prima radio Reggina\",\"publisher\":{\"@id\":\"https:\/\/progettotouring.it\/radiotouring104\/#organization\"},\"potentialAction\":[{\"@type\":\"SearchAction\",\"target\":{\"@type\":\"EntryPoint\",\"urlTemplate\":\"https:\/\/progettotouring.it\/radiotouring104\/?s={search_term_string}\"},\"query-input\":{\"@type\":\"PropertyValueSpecification\",\"valueRequired\":true,\"valueName\":\"search_term_string\"}}],\"inLanguage\":\"it-IT\"},{\"@type\":\"Organization\",\"@id\":\"https:\/\/progettotouring.it\/radiotouring104\/#organization\",\"name\":\"Radio Touring 104\",\"url\":\"https:\/\/progettotouring.it\/radiotouring104\/\",\"logo\":{\"@type\":\"ImageObject\",\"inLanguage\":\"it-IT\",\"@id\":\"https:\/\/progettotouring.it\/radiotouring104\/#\/schema\/logo\/image\/\",\"url\":\"https:\/\/progettotouring.it\/radiotouring104\/wp-content\/uploads\/sites\/6\/2022\/02\/cropped-logo-radio-touring-104.png\",\"contentUrl\":\"https:\/\/progettotouring.it\/radiotouring104\/wp-content\/uploads\/sites\/6\/2022\/02\/cropped-logo-radio-touring-104.png\",\"width\":377,\"height\":182,\"caption\":\"Radio Touring 104\"},\"image\":{\"@id\":\"https:\/\/progettotouring.it\/radiotouring104\/#\/schema\/logo\/image\/\"}},{\"@type\":\"Person\",\"@id\":\"https:\/\/progettotouring.it\/radiotouring104\/#\/schema\/person\/78613917f1851f041f7483f5af1d422e\",\"name\":\"Sebastiano Plutino\",\"image\":{\"@type\":\"ImageObject\",\"inLanguage\":\"it-IT\",\"@id\":\"https:\/\/secure.gravatar.com\/avatar\/0546ffaa9b79224faf9f2a156b67a529ae861d3287c66c1d8ccfdf909bcba78d?s=96&d=mm&r=g\",\"url\":\"https:\/\/secure.gravatar.com\/avatar\/0546ffaa9b79224faf9f2a156b67a529ae861d3287c66c1d8ccfdf909bcba78d?s=96&d=mm&r=g\",\"contentUrl\":\"https:\/\/secure.gravatar.com\/avatar\/0546ffaa9b79224faf9f2a156b67a529ae861d3287c66c1d8ccfdf909bcba78d?s=96&d=mm&r=g\",\"caption\":\"Sebastiano Plutino\"},\"url\":\"https:\/\/progettotouring.it\/radiotouring104\/author\/sebastiano\/\"}]}<\/script>\n<!-- \/ Yoast SEO plugin. -->","yoast_head_json":{"title":"Rosarno: il 6 novembre aprir\u00e0 \"Villa Jole Santelli\"","description":"Il 6 novembre, alle 15:00, il via ad attivit\u00e0 di Assistenza Medica Solidale, dentro la villa intitolata alla Governatrice scomparsa nel 2020","robots":{"index":"index","follow":"follow","max-snippet":"max-snippet:-1","max-image-preview":"max-image-preview:large","max-video-preview":"max-video-preview:-1"},"canonical":"https:\/\/progettotouring.it\/radiotouring104\/2024\/10\/21\/rosarno-il-6-novembre-aprira-villa-jole-santelli\/","og_locale":"it_IT","og_type":"article","og_title":"Rosarno: il 6 novembre aprir\u00e0 \"Villa Jole Santelli\"","og_description":"Il 6 novembre, alle 15:00, il via ad attivit\u00e0 di Assistenza Medica Solidale, dentro la villa intitolata alla Governatrice scomparsa nel 2020","og_url":"https:\/\/progettotouring.it\/radiotouring104\/2024\/10\/21\/rosarno-il-6-novembre-aprira-villa-jole-santelli\/","og_site_name":"Radio Touring 104","article_published_time":"2024-10-21T10:28:40+00:00","og_image":[{"width":743,"height":388,"url":"https:\/\/progettotouring.it\/radiotouring104\/wp-content\/uploads\/sites\/6\/2022\/07\/rosarno-comune.jpg","type":"image\/jpeg"}],"author":"Sebastiano Plutino","twitter_card":"summary_large_image","twitter_misc":{"Scritto da":"Sebastiano Plutino","Tempo di lettura stimato":"3 minuti"},"schema":{"@context":"https:\/\/schema.org","@graph":[{"@type":"Article","@id":"https:\/\/progettotouring.it\/radiotouring104\/2024\/10\/21\/rosarno-il-6-novembre-aprira-villa-jole-santelli\/#article","isPartOf":{"@id":"https:\/\/progettotouring.it\/radiotouring104\/2024\/10\/21\/rosarno-il-6-novembre-aprira-villa-jole-santelli\/"},"author":{"name":"Sebastiano Plutino","@id":"https:\/\/progettotouring.it\/radiotouring104\/#\/schema\/person\/78613917f1851f041f7483f5af1d422e"},"headline":"Rosarno: il 6 novembre aprir\u00e0 &#8220;Villa Jole Santelli&#8221;","datePublished":"2024-10-21T10:28:40+00:00","mainEntityOfPage":{"@id":"https:\/\/progettotouring.it\/radiotouring104\/2024\/10\/21\/rosarno-il-6-novembre-aprira-villa-jole-santelli\/"},"wordCount":546,"publisher":{"@id":"https:\/\/progettotouring.it\/radiotouring104\/#organization"},"image":{"@id":"https:\/\/progettotouring.it\/radiotouring104\/2024\/10\/21\/rosarno-il-6-novembre-aprira-villa-jole-santelli\/#primaryimage"},"thumbnailUrl":"https:\/\/progettotouring.it\/radiotouring104\/wp-content\/uploads\/sites\/6\/2022\/07\/rosarno-comune.jpg","keywords":["Assistenza Medica Solidale","Pasquale Cutr\u00ec","prof Paolo Ferrara","rosarno","Villa Jole Santelli"],"articleSection":["Home","News","Reggio Calabria"],"inLanguage":"it-IT"},{"@type":"WebPage","@id":"https:\/\/progettotouring.it\/radiotouring104\/2024\/10\/21\/rosarno-il-6-novembre-aprira-villa-jole-santelli\/","url":"https:\/\/progettotouring.it\/radiotouring104\/2024\/10\/21\/rosarno-il-6-novembre-aprira-villa-jole-santelli\/","name":"Rosarno: il 6 novembre aprir\u00e0 \"Villa Jole Santelli\"","isPartOf":{"@id":"https:\/\/progettotouring.it\/radiotouring104\/#website"},"primaryImageOfPage":{"@id":"https:\/\/progettotouring.it\/radiotouring104\/2024\/10\/21\/rosarno-il-6-novembre-aprira-villa-jole-santelli\/#primaryimage"},"image":{"@id":"https:\/\/progettotouring.it\/radiotouring104\/2024\/10\/21\/rosarno-il-6-novembre-aprira-villa-jole-santelli\/#primaryimage"},"thumbnailUrl":"https:\/\/progettotouring.it\/radiotouring104\/wp-content\/uploads\/sites\/6\/2022\/07\/rosarno-comune.jpg","datePublished":"2024-10-21T10:28:40+00:00","description":"Il 6 novembre, alle 15:00, il via ad attivit\u00e0 di Assistenza Medica Solidale, dentro la villa intitolata alla Governatrice scomparsa nel 2020","breadcrumb":{"@id":"https:\/\/progettotouring.it\/radiotouring104\/2024\/10\/21\/rosarno-il-6-novembre-aprira-villa-jole-santelli\/#breadcrumb"},"inLanguage":"it-IT","potentialAction":[{"@type":"ReadAction","target":["https:\/\/progettotouring.it\/radiotouring104\/2024\/10\/21\/rosarno-il-6-novembre-aprira-villa-jole-santelli\/"]}]},{"@type":"ImageObject","inLanguage":"it-IT","@id":"https:\/\/progettotouring.it\/radiotouring104\/2024\/10\/21\/rosarno-il-6-novembre-aprira-villa-jole-santelli\/#primaryimage","url":"https:\/\/progettotouring.it\/radiotouring104\/wp-content\/uploads\/sites\/6\/2022\/07\/rosarno-comune.jpg","contentUrl":"https:\/\/progettotouring.it\/radiotouring104\/wp-content\/uploads\/sites\/6\/2022\/07\/rosarno-comune.jpg","width":743,"height":388},{"@type":"BreadcrumbList","@id":"https:\/\/progettotouring.it\/radiotouring104\/2024\/10\/21\/rosarno-il-6-novembre-aprira-villa-jole-santelli\/#breadcrumb","itemListElement":[{"@type":"ListItem","position":1,"name":"Home","item":"https:\/\/progettotouring.it\/radiotouring104\/"},{"@type":"ListItem","position":2,"name":"Rosarno: il 6 novembre aprir\u00e0 &#8220;Villa Jole Santelli&#8221;"}]},{"@type":"WebSite","@id":"https:\/\/progettotouring.it\/radiotouring104\/#website","url":"https:\/\/progettotouring.it\/radiotouring104\/","name":"Radio Touring 104","description":"La prima radio Reggina","publisher":{"@id":"https:\/\/progettotouring.it\/radiotouring104\/#organization"},"potentialAction":[{"@type":"SearchAction","target":{"@type":"EntryPoint","urlTemplate":"https:\/\/progettotouring.it\/radiotouring104\/?s={search_term_string}"},"query-input":{"@type":"PropertyValueSpecification","valueRequired":true,"valueName":"search_term_string"}}],"inLanguage":"it-IT"},{"@type":"Organization","@id":"https:\/\/progettotouring.it\/radiotouring104\/#organization","name":"Radio Touring 104","url":"https:\/\/progettotouring.it\/radiotouring104\/","logo":{"@type":"ImageObject","inLanguage":"it-IT","@id":"https:\/\/progettotouring.it\/radiotouring104\/#\/schema\/logo\/image\/","url":"https:\/\/progettotouring.it\/radiotouring104\/wp-content\/uploads\/sites\/6\/2022\/02\/cropped-logo-radio-touring-104.png","contentUrl":"https:\/\/progettotouring.it\/radiotouring104\/wp-content\/uploads\/sites\/6\/2022\/02\/cropped-logo-radio-touring-104.png","width":377,"height":182,"caption":"Radio Touring 104"},"image":{"@id":"https:\/\/progettotouring.it\/radiotouring104\/#\/schema\/logo\/image\/"}},{"@type":"Person","@id":"https:\/\/progettotouring.it\/radiotouring104\/#\/schema\/person\/78613917f1851f041f7483f5af1d422e","name":"Sebastiano Plutino","image":{"@type":"ImageObject","inLanguage":"it-IT","@id":"https:\/\/secure.gravatar.com\/avatar\/0546ffaa9b79224faf9f2a156b67a529ae861d3287c66c1d8ccfdf909bcba78d?s=96&d=mm&r=g","url":"https:\/\/secure.gravatar.com\/avatar\/0546ffaa9b79224faf9f2a156b67a529ae861d3287c66c1d8ccfdf909bcba78d?s=96&d=mm&r=g","contentUrl":"https:\/\/secure.gravatar.com\/avatar\/0546ffaa9b79224faf9f2a156b67a529ae861d3287c66c1d8ccfdf909bcba78d?s=96&d=mm&r=g","caption":"Sebastiano Plutino"},"url":"https:\/\/progettotouring.it\/radiotouring104\/author\/sebastiano\/"}]}},"jetpack_publicize_connections":[],"jetpack_featured_media_url":"https:\/\/progettotouring.it\/radiotouring104\/wp-content\/uploads\/sites\/6\/2022\/07\/rosarno-comune.jpg","jetpack_sharing_enabled":true,"_links":{"self":[{"href":"https:\/\/progettotouring.it\/radiotouring104\/wp-json\/wp\/v2\/posts\/60062","targetHints":{"allow":["GET"]}}],"collection":[{"href":"https:\/\/progettotouring.it\/radiotouring104\/wp-json\/wp\/v2\/posts"}],"about":[{"href":"https:\/\/progettotouring.it\/radiotouring104\/wp-json\/wp\/v2\/types\/post"}],"author":[{"embeddable":true,"href":"https:\/\/progettotouring.it\/radiotouring104\/wp-json\/wp\/v2\/users\/12"}],"replies":[{"embeddable":true,"href":"https:\/\/progettotouring.it\/radiotouring104\/wp-json\/wp\/v2\/comments?post=60062"}],"version-history":[{"count":1,"href":"https:\/\/progettotouring.it\/radiotouring104\/wp-json\/wp\/v2\/posts\/60062\/revisions"}],"predecessor-version":[{"id":60063,"href":"https:\/\/progettotouring.it\/radiotouring104\/wp-json\/wp\/v2\/posts\/60062\/revisions\/60063"}],"wp:featuredmedia":[{"embeddable":true,"href":"https:\/\/progettotouring.it\/radiotouring104\/wp-json\/wp\/v2\/media\/7722"}],"wp:attachment":[{"href":"https:\/\/progettotouring.it\/radiotouring104\/wp-json\/wp\/v2\/media?parent=60062"}],"wp:term":[{"taxonomy":"category","embeddable":true,"href":"https:\/\/progettotouring.it\/radiotouring104\/wp-json\/wp\/v2\/categories?post=60062"},{"taxonomy":"post_tag","embeddable":true,"href":"https:\/\/progettotouring.it\/radiotouring104\/wp-json\/wp\/v2\/tags?post=60062"}],"curies":[{"name":"wp","href":"https:\/\/api.w.org\/{rel}","templated":true}]}}