{"id":60066,"date":"2024-10-21T20:36:42","date_gmt":"2024-10-21T18:36:42","guid":{"rendered":"https:\/\/progettotouring.it\/radiotouring104\/?p=60066"},"modified":"2024-10-21T20:36:42","modified_gmt":"2024-10-21T18:36:42","slug":"verso-enna-reggina","status":"publish","type":"post","link":"https:\/\/progettotouring.it\/radiotouring104\/2024\/10\/21\/verso-enna-reggina\/","title":{"rendered":"Verso Enna &#8211; Reggina"},"content":{"rendered":"<p>Mister Pergolizzi non si sar\u00e0 goduto appieno la classifica dopo i risultati di ieri dovendo immediatamente pensare alla trasferta infrasettimanale di Enna ma, anche, per la tensione accumulata nel corso del secondo tempo in cui la sua squadra ha ballato davanti agli attacchi del volenteroso Licata non dimostrando quella superiorit\u00e0 emersa nel corso del primo tempo quando, soprattutto per frenesia degli attaccanti, non \u00e8 riuscita a mettere al sicuro il risultato.<\/p>\n<p>E, nonostante al fischio finale, guardando i risultati delle altre squadre,\u00a0 si \u00e8 avuta la bella sorpresa di leggere della sconfitta del Siracusa in casa dei cugini del Locri,\u00a0 rivitalizzati dalla cura di mister Cozza,\u00a0 e del pareggio interno della battistrada Scafatese, i tifosi reggini, anche nel dopopartita, non si sono dimostrati teneri verso il mister palermitano &#8220;reo&#8221; di scelte tecniche non condivise e che avrebbero condizionato negativamente la prestazione della squadra nel secondo tempo.<\/p>\n<p>Con la consueta schiettezza il tecnico\u00a0 ha ammesso che, probabilmente, i cambi, ancorch\u00e9 forzati dall&#8217;infortunio di Vesprini e dall&#8217;obbligo di mettere in campo un 2006, hanno creato un p\u00f2 di confusione nei calciatori e da ci\u00f2 le altre repentine sostituzioni nel tentativo di schierare la squadra con lo stesso modulo iniziale ( difesa a 4 ) ma ai pi\u00f9 non \u00e8 andata gi\u00f9 la girandola di cambi e, alla sostituzione di Barranco con Adejo, la tribuna ha rumorosamente fatto intendere al tecnico il proprio dissenso.<\/p>\n<p>Archiviata la gara con il Licata tra due giorni si torna in campo a Enna.<\/p>\n<p>La squadra non avr\u00e0 il consueto supporto dei tifosi perch\u00e9 il settore ospiti dello stadio &#8220;Generale Gaeta&#8221; \u00e8 in ristrutturazione.<\/p>\n<p>L&#8217;orario della partita \u00e8 stato spostato alle 15,30 per scelta condivisa delle due compagini.<\/p>\n<p>Domani la partenza del gruppo verso la cittadina siciliana con le convocazioni che,\u00a0 vista la preannunciata assenza di Giuliodori e quella probabile di Vesprini, saranno meno numerose del solito.<\/p>\n<p>&nbsp;<\/p>\n<p>&nbsp;<\/p>\n<p>&nbsp;<\/p>\n<p>&nbsp;<\/p>\n<p>&nbsp;<\/p>\n","protected":false},"excerpt":{"rendered":"<p>Mister Pergolizzi non si sar\u00e0 goduto appieno la classifica dopo i risultati di ieri dovendo immediatamente pensare alla trasferta infrasettimanale di Enna ma, anche, per la tensione accumulata nel corso&hellip;<\/p>\n","protected":false},"author":19,"featured_media":60067,"comment_status":"closed","ping_status":"open","sticky":false,"template":"","format":"standard","meta":{"_jetpack_memberships_contains_paid_content":false,"footnotes":"","jetpack_publicize_message":"","jetpack_publicize_feature_enabled":true,"jetpack_social_post_already_shared":false,"jetpack_social_options":{"image_generator_settings":{"template":"highway","default_image_id":0,"font":"","enabled":false},"version":2}},"categories":[196,140,144],"tags":[],"class_list":["post-60066","post","type-post","status-publish","format-standard","has-post-thumbnail","hentry","category-news","category-reggio-calabria","category-sport"],"yoast_head":"<!-- This site is optimized with the Yoast SEO plugin v27.2 - https:\/\/yoast.com\/product\/yoast-seo-wordpress\/ -->\n<title>Verso Enna - Reggina - Radio Touring 104<\/title>\n<meta name=\"description\" content=\"L&#039;orario d&#039;inizio dell&#039;incontro infrasettimanale \u00e8 stato spostato alle 15,30 di mercoled\u00ec 23 ottobre\" \/>\n<meta name=\"robots\" content=\"index, follow, max-snippet:-1, max-image-preview:large, max-video-preview:-1\" \/>\n<link rel=\"canonical\" href=\"https:\/\/progettotouring.it\/radiotouring104\/2024\/10\/21\/verso-enna-reggina\/\" \/>\n<meta property=\"og:locale\" content=\"it_IT\" \/>\n<meta property=\"og:type\" content=\"article\" \/>\n<meta property=\"og:title\" content=\"Verso Enna - Reggina - Radio Touring 104\" \/>\n<meta property=\"og:description\" content=\"L&#039;orario d&#039;inizio dell&#039;incontro infrasettimanale \u00e8 stato spostato alle 15,30 di mercoled\u00ec 23 ottobre\" \/>\n<meta property=\"og:url\" content=\"https:\/\/progettotouring.it\/radiotouring104\/2024\/10\/21\/verso-enna-reggina\/\" \/>\n<meta property=\"og:site_name\" content=\"Radio Touring 104\" \/>\n<meta property=\"article:published_time\" content=\"2024-10-21T18:36:42+00:00\" \/>\n<meta property=\"og:image\" content=\"https:\/\/progettotouring.it\/radiotouring104\/wp-content\/uploads\/sites\/6\/2024\/10\/20241020_165636.jpg\" \/>\n\t<meta property=\"og:image:width\" content=\"1403\" \/>\n\t<meta property=\"og:image:height\" content=\"648\" \/>\n\t<meta property=\"og:image:type\" content=\"image\/jpeg\" \/>\n<meta name=\"author\" content=\"S L\" \/>\n<meta name=\"twitter:card\" content=\"summary_large_image\" \/>\n<meta name=\"twitter:label1\" content=\"Scritto da\" \/>\n\t<meta name=\"twitter:data1\" content=\"S L\" \/>\n\t<meta name=\"twitter:label2\" content=\"Tempo di lettura stimato\" \/>\n\t<meta name=\"twitter:data2\" content=\"2 minuti\" \/>\n<script type=\"application\/ld+json\" class=\"yoast-schema-graph\">{\"@context\":\"https:\/\/schema.org\",\"@graph\":[{\"@type\":\"Article\",\"@id\":\"https:\/\/progettotouring.it\/radiotouring104\/2024\/10\/21\/verso-enna-reggina\/#article\",\"isPartOf\":{\"@id\":\"https:\/\/progettotouring.it\/radiotouring104\/2024\/10\/21\/verso-enna-reggina\/\"},\"author\":{\"name\":\"S L\",\"@id\":\"https:\/\/progettotouring.it\/radiotouring104\/#\/schema\/person\/b9f9c3730b0a78814c9b9f3bfc52c619\"},\"headline\":\"Verso Enna &#8211; Reggina\",\"datePublished\":\"2024-10-21T18:36:42+00:00\",\"mainEntityOfPage\":{\"@id\":\"https:\/\/progettotouring.it\/radiotouring104\/2024\/10\/21\/verso-enna-reggina\/\"},\"wordCount\":308,\"publisher\":{\"@id\":\"https:\/\/progettotouring.it\/radiotouring104\/#organization\"},\"image\":{\"@id\":\"https:\/\/progettotouring.it\/radiotouring104\/2024\/10\/21\/verso-enna-reggina\/#primaryimage\"},\"thumbnailUrl\":\"https:\/\/progettotouring.it\/radiotouring104\/wp-content\/uploads\/sites\/6\/2024\/10\/20241020_165636.jpg\",\"articleSection\":[\"News\",\"Reggio Calabria\",\"Sport\"],\"inLanguage\":\"it-IT\"},{\"@type\":\"WebPage\",\"@id\":\"https:\/\/progettotouring.it\/radiotouring104\/2024\/10\/21\/verso-enna-reggina\/\",\"url\":\"https:\/\/progettotouring.it\/radiotouring104\/2024\/10\/21\/verso-enna-reggina\/\",\"name\":\"Verso Enna - Reggina - Radio Touring 104\",\"isPartOf\":{\"@id\":\"https:\/\/progettotouring.it\/radiotouring104\/#website\"},\"primaryImageOfPage\":{\"@id\":\"https:\/\/progettotouring.it\/radiotouring104\/2024\/10\/21\/verso-enna-reggina\/#primaryimage\"},\"image\":{\"@id\":\"https:\/\/progettotouring.it\/radiotouring104\/2024\/10\/21\/verso-enna-reggina\/#primaryimage\"},\"thumbnailUrl\":\"https:\/\/progettotouring.it\/radiotouring104\/wp-content\/uploads\/sites\/6\/2024\/10\/20241020_165636.jpg\",\"datePublished\":\"2024-10-21T18:36:42+00:00\",\"description\":\"L'orario d'inizio dell'incontro infrasettimanale \u00e8 stato spostato alle 15,30 di mercoled\u00ec 23 ottobre\",\"breadcrumb\":{\"@id\":\"https:\/\/progettotouring.it\/radiotouring104\/2024\/10\/21\/verso-enna-reggina\/#breadcrumb\"},\"inLanguage\":\"it-IT\",\"potentialAction\":[{\"@type\":\"ReadAction\",\"target\":[\"https:\/\/progettotouring.it\/radiotouring104\/2024\/10\/21\/verso-enna-reggina\/\"]}]},{\"@type\":\"ImageObject\",\"inLanguage\":\"it-IT\",\"@id\":\"https:\/\/progettotouring.it\/radiotouring104\/2024\/10\/21\/verso-enna-reggina\/#primaryimage\",\"url\":\"https:\/\/progettotouring.it\/radiotouring104\/wp-content\/uploads\/sites\/6\/2024\/10\/20241020_165636.jpg\",\"contentUrl\":\"https:\/\/progettotouring.it\/radiotouring104\/wp-content\/uploads\/sites\/6\/2024\/10\/20241020_165636.jpg\",\"width\":1403,\"height\":648},{\"@type\":\"BreadcrumbList\",\"@id\":\"https:\/\/progettotouring.it\/radiotouring104\/2024\/10\/21\/verso-enna-reggina\/#breadcrumb\",\"itemListElement\":[{\"@type\":\"ListItem\",\"position\":1,\"name\":\"Home\",\"item\":\"https:\/\/progettotouring.it\/radiotouring104\/\"},{\"@type\":\"ListItem\",\"position\":2,\"name\":\"Verso Enna &#8211; Reggina\"}]},{\"@type\":\"WebSite\",\"@id\":\"https:\/\/progettotouring.it\/radiotouring104\/#website\",\"url\":\"https:\/\/progettotouring.it\/radiotouring104\/\",\"name\":\"Radio Touring 104\",\"description\":\"La prima radio Reggina\",\"publisher\":{\"@id\":\"https:\/\/progettotouring.it\/radiotouring104\/#organization\"},\"potentialAction\":[{\"@type\":\"SearchAction\",\"target\":{\"@type\":\"EntryPoint\",\"urlTemplate\":\"https:\/\/progettotouring.it\/radiotouring104\/?s={search_term_string}\"},\"query-input\":{\"@type\":\"PropertyValueSpecification\",\"valueRequired\":true,\"valueName\":\"search_term_string\"}}],\"inLanguage\":\"it-IT\"},{\"@type\":\"Organization\",\"@id\":\"https:\/\/progettotouring.it\/radiotouring104\/#organization\",\"name\":\"Radio Touring 104\",\"url\":\"https:\/\/progettotouring.it\/radiotouring104\/\",\"logo\":{\"@type\":\"ImageObject\",\"inLanguage\":\"it-IT\",\"@id\":\"https:\/\/progettotouring.it\/radiotouring104\/#\/schema\/logo\/image\/\",\"url\":\"https:\/\/progettotouring.it\/radiotouring104\/wp-content\/uploads\/sites\/6\/2022\/02\/cropped-logo-radio-touring-104.png\",\"contentUrl\":\"https:\/\/progettotouring.it\/radiotouring104\/wp-content\/uploads\/sites\/6\/2022\/02\/cropped-logo-radio-touring-104.png\",\"width\":377,\"height\":182,\"caption\":\"Radio Touring 104\"},\"image\":{\"@id\":\"https:\/\/progettotouring.it\/radiotouring104\/#\/schema\/logo\/image\/\"}},{\"@type\":\"Person\",\"@id\":\"https:\/\/progettotouring.it\/radiotouring104\/#\/schema\/person\/b9f9c3730b0a78814c9b9f3bfc52c619\",\"name\":\"S L\",\"image\":{\"@type\":\"ImageObject\",\"inLanguage\":\"it-IT\",\"@id\":\"https:\/\/secure.gravatar.com\/avatar\/652c51789d7030aaed9ff828331360502a68204fe6fb0831bc280515210e16d2?s=96&d=mm&r=g\",\"url\":\"https:\/\/secure.gravatar.com\/avatar\/652c51789d7030aaed9ff828331360502a68204fe6fb0831bc280515210e16d2?s=96&d=mm&r=g\",\"contentUrl\":\"https:\/\/secure.gravatar.com\/avatar\/652c51789d7030aaed9ff828331360502a68204fe6fb0831bc280515210e16d2?s=96&d=mm&r=g\",\"caption\":\"S L\"},\"url\":\"https:\/\/progettotouring.it\/radiotouring104\/author\/slibri\/\"}]}<\/script>\n<!-- \/ Yoast SEO plugin. -->","yoast_head_json":{"title":"Verso Enna - Reggina - Radio Touring 104","description":"L'orario d'inizio dell'incontro infrasettimanale \u00e8 stato spostato alle 15,30 di mercoled\u00ec 23 ottobre","robots":{"index":"index","follow":"follow","max-snippet":"max-snippet:-1","max-image-preview":"max-image-preview:large","max-video-preview":"max-video-preview:-1"},"canonical":"https:\/\/progettotouring.it\/radiotouring104\/2024\/10\/21\/verso-enna-reggina\/","og_locale":"it_IT","og_type":"article","og_title":"Verso Enna - Reggina - Radio Touring 104","og_description":"L'orario d'inizio dell'incontro infrasettimanale \u00e8 stato spostato alle 15,30 di mercoled\u00ec 23 ottobre","og_url":"https:\/\/progettotouring.it\/radiotouring104\/2024\/10\/21\/verso-enna-reggina\/","og_site_name":"Radio Touring 104","article_published_time":"2024-10-21T18:36:42+00:00","og_image":[{"width":1403,"height":648,"url":"https:\/\/progettotouring.it\/radiotouring104\/wp-content\/uploads\/sites\/6\/2024\/10\/20241020_165636.jpg","type":"image\/jpeg"}],"author":"S L","twitter_card":"summary_large_image","twitter_misc":{"Scritto da":"S L","Tempo di lettura stimato":"2 minuti"},"schema":{"@context":"https:\/\/schema.org","@graph":[{"@type":"Article","@id":"https:\/\/progettotouring.it\/radiotouring104\/2024\/10\/21\/verso-enna-reggina\/#article","isPartOf":{"@id":"https:\/\/progettotouring.it\/radiotouring104\/2024\/10\/21\/verso-enna-reggina\/"},"author":{"name":"S L","@id":"https:\/\/progettotouring.it\/radiotouring104\/#\/schema\/person\/b9f9c3730b0a78814c9b9f3bfc52c619"},"headline":"Verso Enna &#8211; Reggina","datePublished":"2024-10-21T18:36:42+00:00","mainEntityOfPage":{"@id":"https:\/\/progettotouring.it\/radiotouring104\/2024\/10\/21\/verso-enna-reggina\/"},"wordCount":308,"publisher":{"@id":"https:\/\/progettotouring.it\/radiotouring104\/#organization"},"image":{"@id":"https:\/\/progettotouring.it\/radiotouring104\/2024\/10\/21\/verso-enna-reggina\/#primaryimage"},"thumbnailUrl":"https:\/\/progettotouring.it\/radiotouring104\/wp-content\/uploads\/sites\/6\/2024\/10\/20241020_165636.jpg","articleSection":["News","Reggio Calabria","Sport"],"inLanguage":"it-IT"},{"@type":"WebPage","@id":"https:\/\/progettotouring.it\/radiotouring104\/2024\/10\/21\/verso-enna-reggina\/","url":"https:\/\/progettotouring.it\/radiotouring104\/2024\/10\/21\/verso-enna-reggina\/","name":"Verso Enna - Reggina - Radio Touring 104","isPartOf":{"@id":"https:\/\/progettotouring.it\/radiotouring104\/#website"},"primaryImageOfPage":{"@id":"https:\/\/progettotouring.it\/radiotouring104\/2024\/10\/21\/verso-enna-reggina\/#primaryimage"},"image":{"@id":"https:\/\/progettotouring.it\/radiotouring104\/2024\/10\/21\/verso-enna-reggina\/#primaryimage"},"thumbnailUrl":"https:\/\/progettotouring.it\/radiotouring104\/wp-content\/uploads\/sites\/6\/2024\/10\/20241020_165636.jpg","datePublished":"2024-10-21T18:36:42+00:00","description":"L'orario d'inizio dell'incontro infrasettimanale \u00e8 stato spostato alle 15,30 di mercoled\u00ec 23 ottobre","breadcrumb":{"@id":"https:\/\/progettotouring.it\/radiotouring104\/2024\/10\/21\/verso-enna-reggina\/#breadcrumb"},"inLanguage":"it-IT","potentialAction":[{"@type":"ReadAction","target":["https:\/\/progettotouring.it\/radiotouring104\/2024\/10\/21\/verso-enna-reggina\/"]}]},{"@type":"ImageObject","inLanguage":"it-IT","@id":"https:\/\/progettotouring.it\/radiotouring104\/2024\/10\/21\/verso-enna-reggina\/#primaryimage","url":"https:\/\/progettotouring.it\/radiotouring104\/wp-content\/uploads\/sites\/6\/2024\/10\/20241020_165636.jpg","contentUrl":"https:\/\/progettotouring.it\/radiotouring104\/wp-content\/uploads\/sites\/6\/2024\/10\/20241020_165636.jpg","width":1403,"height":648},{"@type":"BreadcrumbList","@id":"https:\/\/progettotouring.it\/radiotouring104\/2024\/10\/21\/verso-enna-reggina\/#breadcrumb","itemListElement":[{"@type":"ListItem","position":1,"name":"Home","item":"https:\/\/progettotouring.it\/radiotouring104\/"},{"@type":"ListItem","position":2,"name":"Verso Enna &#8211; Reggina"}]},{"@type":"WebSite","@id":"https:\/\/progettotouring.it\/radiotouring104\/#website","url":"https:\/\/progettotouring.it\/radiotouring104\/","name":"Radio Touring 104","description":"La prima radio Reggina","publisher":{"@id":"https:\/\/progettotouring.it\/radiotouring104\/#organization"},"potentialAction":[{"@type":"SearchAction","target":{"@type":"EntryPoint","urlTemplate":"https:\/\/progettotouring.it\/radiotouring104\/?s={search_term_string}"},"query-input":{"@type":"PropertyValueSpecification","valueRequired":true,"valueName":"search_term_string"}}],"inLanguage":"it-IT"},{"@type":"Organization","@id":"https:\/\/progettotouring.it\/radiotouring104\/#organization","name":"Radio Touring 104","url":"https:\/\/progettotouring.it\/radiotouring104\/","logo":{"@type":"ImageObject","inLanguage":"it-IT","@id":"https:\/\/progettotouring.it\/radiotouring104\/#\/schema\/logo\/image\/","url":"https:\/\/progettotouring.it\/radiotouring104\/wp-content\/uploads\/sites\/6\/2022\/02\/cropped-logo-radio-touring-104.png","contentUrl":"https:\/\/progettotouring.it\/radiotouring104\/wp-content\/uploads\/sites\/6\/2022\/02\/cropped-logo-radio-touring-104.png","width":377,"height":182,"caption":"Radio Touring 104"},"image":{"@id":"https:\/\/progettotouring.it\/radiotouring104\/#\/schema\/logo\/image\/"}},{"@type":"Person","@id":"https:\/\/progettotouring.it\/radiotouring104\/#\/schema\/person\/b9f9c3730b0a78814c9b9f3bfc52c619","name":"S L","image":{"@type":"ImageObject","inLanguage":"it-IT","@id":"https:\/\/secure.gravatar.com\/avatar\/652c51789d7030aaed9ff828331360502a68204fe6fb0831bc280515210e16d2?s=96&d=mm&r=g","url":"https:\/\/secure.gravatar.com\/avatar\/652c51789d7030aaed9ff828331360502a68204fe6fb0831bc280515210e16d2?s=96&d=mm&r=g","contentUrl":"https:\/\/secure.gravatar.com\/avatar\/652c51789d7030aaed9ff828331360502a68204fe6fb0831bc280515210e16d2?s=96&d=mm&r=g","caption":"S L"},"url":"https:\/\/progettotouring.it\/radiotouring104\/author\/slibri\/"}]}},"jetpack_publicize_connections":[],"jetpack_featured_media_url":"https:\/\/progettotouring.it\/radiotouring104\/wp-content\/uploads\/sites\/6\/2024\/10\/20241020_165636.jpg","jetpack_sharing_enabled":true,"_links":{"self":[{"href":"https:\/\/progettotouring.it\/radiotouring104\/wp-json\/wp\/v2\/posts\/60066","targetHints":{"allow":["GET"]}}],"collection":[{"href":"https:\/\/progettotouring.it\/radiotouring104\/wp-json\/wp\/v2\/posts"}],"about":[{"href":"https:\/\/progettotouring.it\/radiotouring104\/wp-json\/wp\/v2\/types\/post"}],"author":[{"embeddable":true,"href":"https:\/\/progettotouring.it\/radiotouring104\/wp-json\/wp\/v2\/users\/19"}],"replies":[{"embeddable":true,"href":"https:\/\/progettotouring.it\/radiotouring104\/wp-json\/wp\/v2\/comments?post=60066"}],"version-history":[{"count":2,"href":"https:\/\/progettotouring.it\/radiotouring104\/wp-json\/wp\/v2\/posts\/60066\/revisions"}],"predecessor-version":[{"id":60069,"href":"https:\/\/progettotouring.it\/radiotouring104\/wp-json\/wp\/v2\/posts\/60066\/revisions\/60069"}],"wp:featuredmedia":[{"embeddable":true,"href":"https:\/\/progettotouring.it\/radiotouring104\/wp-json\/wp\/v2\/media\/60067"}],"wp:attachment":[{"href":"https:\/\/progettotouring.it\/radiotouring104\/wp-json\/wp\/v2\/media?parent=60066"}],"wp:term":[{"taxonomy":"category","embeddable":true,"href":"https:\/\/progettotouring.it\/radiotouring104\/wp-json\/wp\/v2\/categories?post=60066"},{"taxonomy":"post_tag","embeddable":true,"href":"https:\/\/progettotouring.it\/radiotouring104\/wp-json\/wp\/v2\/tags?post=60066"}],"curies":[{"name":"wp","href":"https:\/\/api.w.org\/{rel}","templated":true}]}}