{"id":60079,"date":"2024-10-22T10:03:10","date_gmt":"2024-10-22T08:03:10","guid":{"rendered":"https:\/\/progettotouring.it\/radiotouring104\/?p=60079"},"modified":"2024-10-22T10:06:10","modified_gmt":"2024-10-22T08:06:10","slug":"gioia-tauro-consegnati-i-locali-dellistituto-severi-sezione-nautico-in-un-bene-confiscato","status":"publish","type":"post","link":"https:\/\/progettotouring.it\/radiotouring104\/2024\/10\/22\/gioia-tauro-consegnati-i-locali-dellistituto-severi-sezione-nautico-in-un-bene-confiscato\/","title":{"rendered":"Gioia Tauro: consegnati i locali dell\u2019Istituto \u2018Severi\u2019 sezione \u2018Nautico\u2019, in un bene confiscato"},"content":{"rendered":"<p style=\"text-align: justify\">Sono stati <strong>consegnati<\/strong> alla comunit\u00e0 scolastica dell\u2019<strong>Istituto di istruzione superiore<\/strong> <em>\u2018Severi\u2019<\/em><strong> a Gioia Tauro, i nuovi locali destinati alla sezione<\/strong><em> \u2018Nautica\u2019.<\/em> Si tratta di un intervento<strong> finanziato dalla Citt\u00e0 Metropolitana<\/strong> di Reggio Calabria, per un ammontare di circa 180mila euro, e<strong> realizzato in un immobile confiscato<\/strong> alla criminalit\u00e0 organizzata, di circa 460 mq, lungo la SS 111.<\/p>\n<p style=\"text-align: justify\"><strong>Per l\u2019occasione era presente<\/strong> il sindaco metropolitano<strong>, Giuseppe Falcomat\u00e0<\/strong>, insieme al vicesindaco <strong>Carmelo Versace<\/strong>, con delega all\u2019edilizia scolastica, al consigliere delegato all\u2019Istruzione, <strong>Rudi Lizzi<\/strong> e al dirigente metropolitano del settore Edilizia <strong>, Giuseppe Mezzatesta<\/strong>. <strong>Il nuovo plesso scolastico era stato chiesto<\/strong> dal dirigente dell\u2019Istituto Severi, per urgenti necessit\u00e0 di reperire nuovi locali da destinarsi ad aule <strong>in previsione dell\u2019incremento della popolazione scolastica prevista per l\u2019anno 2024-2025.<\/strong><\/p>\n<p style=\"text-align: justify\"><strong>La Citt\u00e0 metropolitana ha quindi deciso di destinare il locale confiscato a tale scopo<\/strong>, avendo preventivamente verificato che presentava caratteristiche dimensionali adeguate allo scopo,<strong> apportando tutte le modifiche<\/strong> e migliorie tecniche\/strutturali, eseguite dalla societ\u00e0 in house,<strong> Castore spl srl.<\/strong> Sono state ricavate 6 aule richieste, un laboratorio, una segreteria, un locale ripostiglio ed i servizi igienici suddivisi per docenti, alunni, alunne e portatori di handicap. <strong>La sezione<\/strong> \u2018Nautico<strong>\u2019 torna quindi a Gioia Tauro<\/strong>, dopo diversi anni nel corso dei quali \u00e8 stato ospitato anche fuori comune. <strong>I lavori sono iniziati nella prima met\u00e0 del mese di agosto ed ultimati lo scorso 30 settembre.<\/strong> Tutte le nuove aule sono dotate di comfort termico con l\u2019installazione di nove climatizzatori e pompe di calore.<\/p>\n<p style=\"text-align: justify\"><em>\u201cUna giornata storica per Gioia Tauro<\/em> &#8211; <strong>ha affermato il sindaco partecipando alla consegna dei nuovi locali scolastici &#8211;<\/strong> <em>finalmente si riappropria di un presidio sociale e culturale. Saluto la sindaca Scarcella che potr\u00e0 far crescere la propria comunit\u00e0, facendola camminare sui sentieri di trasparenza e legalit\u00e0. E\u2019 un momento significativo anche per la Citt\u00e0 metropolitana, che conferma la scelta vincente con la societ\u00e0 Castore che si \u00e8 occupata dei lavori di ristrutturazione e adeguamento. Un ringraziamento particolare va al vicesindaco Carmelo Versace e ai nostri consiglieri delegati, Lizzi e Conia\u201d<\/em>.<strong> Cos\u00ec il sindaco<\/strong> metropolitano di Reggio Calabria, <strong>Giuseppe Falcomat\u00e0, partecipando ieri alla consegna dei nuovi locali scolastici&#8221;.<\/strong><\/p>\n<p style=\"text-align: justify\">\u201cQuesto momento \u2013<strong> ha aggiunto<\/strong> &#8211; \u00e8 di altissimo valore simbolico per Gioia Tauro ma anche per l\u2019intera area metropolitana di Reggio Calabria che vanta il primato del pi\u00f9 alto numero di beni confiscati. Ecco questo primato vogliamo realizzarlo anche restituiti alla collettivit\u00e0, come fatto in questo caso con l\u2019istituto scolastico \u2018Severi\u2019. I cittadini devono avere la percezione che quando un bene viene confiscato definitivamente, poi potr\u00e0 essere riassegnato per fini sociali, culturali o altro. Questa \u00e8 una vittoria della squadra Stato \u2013<strong> ha concluso Falcomat\u00e0<\/strong> &#8211; che ci ricorda anche il sacrificio delle forze dell\u2019ordine, della magistratura che hanno svolto un lungo lavoro di indagine, poi il sequestro e la confisca fino alla riassegnazione\u201d.<\/p>\n<p style=\"text-align: justify\"><strong>Per il vicesindaco metropolitano Versace<\/strong> \u201c<em>investire nella scuola significa investire nel futuro della nostra terra. I giovani sono una ricchezza di cui non possiamo privarci. Ecco perch\u00e9, su iniziativa del sindaco Falcomat\u00e0, siamo impegnati da sempre affinch\u00e9 su tutto il territorio metropolitano, per il miglioramento degli edifici scolastici ed in molti casi a nuove realizzazioni di istituti, pi\u00f9 moderni ed al passo con i tempi\u201d.<\/em><\/p>\n<p style=\"text-align: justify\"><strong>Per il consigliere Lizzi<\/strong> <em>\u201c\u00e8 davvero bello e soddisfacente leggere nei volti dei ragazzi la soddisfazione di frequentare una scuola bella ed attrezzata. Questa di Gioia Tauro<\/em> \u2013<strong> ha aggiunto<\/strong> \u2013 <em>fa parte di una programmazione attenta, voluta dal sindaco Falcomat\u00e0, indirizzata al miglioramento degli spazi di didattica, con l\u2019obiettivo di dare a tutti la possibilit\u00e0 di studiare di pi\u00f9 e meglio\u201d.<\/em><\/p>\n<div style=\"text-align: justify\"><\/div>\n","protected":false},"excerpt":{"rendered":"<p>Sono stati consegnati alla comunit\u00e0 scolastica dell\u2019Istituto di istruzione superiore \u2018Severi\u2019 a Gioia Tauro, i nuovi locali destinati alla sezione \u2018Nautica\u2019. Si tratta di un intervento finanziato dalla Citt\u00e0 Metropolitana&hellip;<\/p>\n","protected":false},"author":12,"featured_media":60080,"comment_status":"closed","ping_status":"open","sticky":false,"template":"","format":"standard","meta":{"_jetpack_memberships_contains_paid_content":false,"footnotes":"","jetpack_publicize_message":"","jetpack_publicize_feature_enabled":true,"jetpack_social_post_already_shared":false,"jetpack_social_options":{"image_generator_settings":{"template":"highway","default_image_id":0,"font":"","enabled":false},"version":2}},"categories":[921,196,140],"tags":[26462,239,36635,517,24942,1244],"class_list":["post-60079","post","type-post","status-publish","format-standard","has-post-thumbnail","hentry","category-home","category-news","category-reggio-calabria","tag-bene-confiscato","tag-carmelo-versace","tag-consegna-i-locali-dellistituto-severi-sezione-nautico","tag-gioia-tauro","tag-giuseppe-facomata","tag-rudi-lizzi"],"yoast_head":"<!-- This site is optimized with the Yoast SEO plugin v27.2 - https:\/\/yoast.com\/product\/yoast-seo-wordpress\/ -->\n<title>Gioia Tauro: Metrocity consegna locali Istituto \u2018Severi\u2019<\/title>\n<meta name=\"description\" content=\"Consegnati da Metrocity i nuovi locali dell&#039;istituto \u2018Severi\u2019 sezione \u2018Nautico\u2019, in un bene confiscato. Falcomat\u00e0: &quot;Giornata importante&quot;\" \/>\n<meta name=\"robots\" content=\"index, follow, max-snippet:-1, max-image-preview:large, max-video-preview:-1\" \/>\n<link rel=\"canonical\" href=\"https:\/\/progettotouring.it\/radiotouring104\/2024\/10\/22\/gioia-tauro-consegnati-i-locali-dellistituto-severi-sezione-nautico-in-un-bene-confiscato\/\" \/>\n<meta property=\"og:locale\" content=\"it_IT\" \/>\n<meta property=\"og:type\" content=\"article\" \/>\n<meta property=\"og:title\" content=\"Gioia Tauro: Metrocity consegna locali Istituto \u2018Severi\u2019\" \/>\n<meta property=\"og:description\" content=\"Consegnati da Metrocity i nuovi locali dell&#039;istituto \u2018Severi\u2019 sezione \u2018Nautico\u2019, in un bene confiscato. Falcomat\u00e0: &quot;Giornata importante&quot;\" \/>\n<meta property=\"og:url\" content=\"https:\/\/progettotouring.it\/radiotouring104\/2024\/10\/22\/gioia-tauro-consegnati-i-locali-dellistituto-severi-sezione-nautico-in-un-bene-confiscato\/\" \/>\n<meta property=\"og:site_name\" content=\"Radio Touring 104\" \/>\n<meta property=\"article:published_time\" content=\"2024-10-22T08:03:10+00:00\" \/>\n<meta property=\"article:modified_time\" content=\"2024-10-22T08:06:10+00:00\" \/>\n<meta property=\"og:image\" content=\"https:\/\/progettotouring.it\/radiotouring104\/wp-content\/uploads\/sites\/6\/2024\/10\/severi-sezione-nautico-gioia-tauro-1.jpeg\" \/>\n\t<meta property=\"og:image:width\" content=\"1600\" \/>\n\t<meta property=\"og:image:height\" content=\"900\" \/>\n\t<meta property=\"og:image:type\" content=\"image\/jpeg\" \/>\n<meta name=\"author\" content=\"Sebastiano Plutino\" \/>\n<meta name=\"twitter:card\" content=\"summary_large_image\" \/>\n<meta name=\"twitter:label1\" content=\"Scritto da\" \/>\n\t<meta name=\"twitter:data1\" content=\"Sebastiano Plutino\" \/>\n\t<meta name=\"twitter:label2\" content=\"Tempo di lettura stimato\" \/>\n\t<meta name=\"twitter:data2\" content=\"3 minuti\" \/>\n<script type=\"application\/ld+json\" class=\"yoast-schema-graph\">{\"@context\":\"https:\/\/schema.org\",\"@graph\":[{\"@type\":\"Article\",\"@id\":\"https:\/\/progettotouring.it\/radiotouring104\/2024\/10\/22\/gioia-tauro-consegnati-i-locali-dellistituto-severi-sezione-nautico-in-un-bene-confiscato\/#article\",\"isPartOf\":{\"@id\":\"https:\/\/progettotouring.it\/radiotouring104\/2024\/10\/22\/gioia-tauro-consegnati-i-locali-dellistituto-severi-sezione-nautico-in-un-bene-confiscato\/\"},\"author\":{\"name\":\"Sebastiano Plutino\",\"@id\":\"https:\/\/progettotouring.it\/radiotouring104\/#\/schema\/person\/78613917f1851f041f7483f5af1d422e\"},\"headline\":\"Gioia Tauro: consegnati i locali dell\u2019Istituto \u2018Severi\u2019 sezione \u2018Nautico\u2019, in un bene confiscato\",\"datePublished\":\"2024-10-22T08:03:10+00:00\",\"dateModified\":\"2024-10-22T08:06:10+00:00\",\"mainEntityOfPage\":{\"@id\":\"https:\/\/progettotouring.it\/radiotouring104\/2024\/10\/22\/gioia-tauro-consegnati-i-locali-dellistituto-severi-sezione-nautico-in-un-bene-confiscato\/\"},\"wordCount\":607,\"publisher\":{\"@id\":\"https:\/\/progettotouring.it\/radiotouring104\/#organization\"},\"image\":{\"@id\":\"https:\/\/progettotouring.it\/radiotouring104\/2024\/10\/22\/gioia-tauro-consegnati-i-locali-dellistituto-severi-sezione-nautico-in-un-bene-confiscato\/#primaryimage\"},\"thumbnailUrl\":\"https:\/\/progettotouring.it\/radiotouring104\/wp-content\/uploads\/sites\/6\/2024\/10\/severi-sezione-nautico-gioia-tauro-1.jpeg\",\"keywords\":[\"bene confiscato\",\"carmelo versace\",\"consegna i locali dell\u2019Istituto \u2018Severi\u2019 sezione \u2018Nautico\u2019\",\"Gioia Tauro\",\"Giuseppe Facomat\u00e0\",\"Rudi Lizzi\"],\"articleSection\":[\"Home\",\"News\",\"Reggio Calabria\"],\"inLanguage\":\"it-IT\"},{\"@type\":\"WebPage\",\"@id\":\"https:\/\/progettotouring.it\/radiotouring104\/2024\/10\/22\/gioia-tauro-consegnati-i-locali-dellistituto-severi-sezione-nautico-in-un-bene-confiscato\/\",\"url\":\"https:\/\/progettotouring.it\/radiotouring104\/2024\/10\/22\/gioia-tauro-consegnati-i-locali-dellistituto-severi-sezione-nautico-in-un-bene-confiscato\/\",\"name\":\"Gioia Tauro: Metrocity consegna locali Istituto \u2018Severi\u2019\",\"isPartOf\":{\"@id\":\"https:\/\/progettotouring.it\/radiotouring104\/#website\"},\"primaryImageOfPage\":{\"@id\":\"https:\/\/progettotouring.it\/radiotouring104\/2024\/10\/22\/gioia-tauro-consegnati-i-locali-dellistituto-severi-sezione-nautico-in-un-bene-confiscato\/#primaryimage\"},\"image\":{\"@id\":\"https:\/\/progettotouring.it\/radiotouring104\/2024\/10\/22\/gioia-tauro-consegnati-i-locali-dellistituto-severi-sezione-nautico-in-un-bene-confiscato\/#primaryimage\"},\"thumbnailUrl\":\"https:\/\/progettotouring.it\/radiotouring104\/wp-content\/uploads\/sites\/6\/2024\/10\/severi-sezione-nautico-gioia-tauro-1.jpeg\",\"datePublished\":\"2024-10-22T08:03:10+00:00\",\"dateModified\":\"2024-10-22T08:06:10+00:00\",\"description\":\"Consegnati da Metrocity i nuovi locali dell'istituto \u2018Severi\u2019 sezione \u2018Nautico\u2019, in un bene confiscato. Falcomat\u00e0: \\\"Giornata importante\\\"\",\"breadcrumb\":{\"@id\":\"https:\/\/progettotouring.it\/radiotouring104\/2024\/10\/22\/gioia-tauro-consegnati-i-locali-dellistituto-severi-sezione-nautico-in-un-bene-confiscato\/#breadcrumb\"},\"inLanguage\":\"it-IT\",\"potentialAction\":[{\"@type\":\"ReadAction\",\"target\":[\"https:\/\/progettotouring.it\/radiotouring104\/2024\/10\/22\/gioia-tauro-consegnati-i-locali-dellistituto-severi-sezione-nautico-in-un-bene-confiscato\/\"]}]},{\"@type\":\"ImageObject\",\"inLanguage\":\"it-IT\",\"@id\":\"https:\/\/progettotouring.it\/radiotouring104\/2024\/10\/22\/gioia-tauro-consegnati-i-locali-dellistituto-severi-sezione-nautico-in-un-bene-confiscato\/#primaryimage\",\"url\":\"https:\/\/progettotouring.it\/radiotouring104\/wp-content\/uploads\/sites\/6\/2024\/10\/severi-sezione-nautico-gioia-tauro-1.jpeg\",\"contentUrl\":\"https:\/\/progettotouring.it\/radiotouring104\/wp-content\/uploads\/sites\/6\/2024\/10\/severi-sezione-nautico-gioia-tauro-1.jpeg\",\"width\":1600,\"height\":900},{\"@type\":\"BreadcrumbList\",\"@id\":\"https:\/\/progettotouring.it\/radiotouring104\/2024\/10\/22\/gioia-tauro-consegnati-i-locali-dellistituto-severi-sezione-nautico-in-un-bene-confiscato\/#breadcrumb\",\"itemListElement\":[{\"@type\":\"ListItem\",\"position\":1,\"name\":\"Home\",\"item\":\"https:\/\/progettotouring.it\/radiotouring104\/\"},{\"@type\":\"ListItem\",\"position\":2,\"name\":\"Gioia Tauro: consegnati i locali dell\u2019Istituto \u2018Severi\u2019 sezione \u2018Nautico\u2019, in un bene confiscato\"}]},{\"@type\":\"WebSite\",\"@id\":\"https:\/\/progettotouring.it\/radiotouring104\/#website\",\"url\":\"https:\/\/progettotouring.it\/radiotouring104\/\",\"name\":\"Radio Touring 104\",\"description\":\"La prima radio Reggina\",\"publisher\":{\"@id\":\"https:\/\/progettotouring.it\/radiotouring104\/#organization\"},\"potentialAction\":[{\"@type\":\"SearchAction\",\"target\":{\"@type\":\"EntryPoint\",\"urlTemplate\":\"https:\/\/progettotouring.it\/radiotouring104\/?s={search_term_string}\"},\"query-input\":{\"@type\":\"PropertyValueSpecification\",\"valueRequired\":true,\"valueName\":\"search_term_string\"}}],\"inLanguage\":\"it-IT\"},{\"@type\":\"Organization\",\"@id\":\"https:\/\/progettotouring.it\/radiotouring104\/#organization\",\"name\":\"Radio Touring 104\",\"url\":\"https:\/\/progettotouring.it\/radiotouring104\/\",\"logo\":{\"@type\":\"ImageObject\",\"inLanguage\":\"it-IT\",\"@id\":\"https:\/\/progettotouring.it\/radiotouring104\/#\/schema\/logo\/image\/\",\"url\":\"https:\/\/progettotouring.it\/radiotouring104\/wp-content\/uploads\/sites\/6\/2022\/02\/cropped-logo-radio-touring-104.png\",\"contentUrl\":\"https:\/\/progettotouring.it\/radiotouring104\/wp-content\/uploads\/sites\/6\/2022\/02\/cropped-logo-radio-touring-104.png\",\"width\":377,\"height\":182,\"caption\":\"Radio Touring 104\"},\"image\":{\"@id\":\"https:\/\/progettotouring.it\/radiotouring104\/#\/schema\/logo\/image\/\"}},{\"@type\":\"Person\",\"@id\":\"https:\/\/progettotouring.it\/radiotouring104\/#\/schema\/person\/78613917f1851f041f7483f5af1d422e\",\"name\":\"Sebastiano Plutino\",\"image\":{\"@type\":\"ImageObject\",\"inLanguage\":\"it-IT\",\"@id\":\"https:\/\/secure.gravatar.com\/avatar\/0546ffaa9b79224faf9f2a156b67a529ae861d3287c66c1d8ccfdf909bcba78d?s=96&d=mm&r=g\",\"url\":\"https:\/\/secure.gravatar.com\/avatar\/0546ffaa9b79224faf9f2a156b67a529ae861d3287c66c1d8ccfdf909bcba78d?s=96&d=mm&r=g\",\"contentUrl\":\"https:\/\/secure.gravatar.com\/avatar\/0546ffaa9b79224faf9f2a156b67a529ae861d3287c66c1d8ccfdf909bcba78d?s=96&d=mm&r=g\",\"caption\":\"Sebastiano Plutino\"},\"url\":\"https:\/\/progettotouring.it\/radiotouring104\/author\/sebastiano\/\"}]}<\/script>\n<!-- \/ Yoast SEO plugin. -->","yoast_head_json":{"title":"Gioia Tauro: Metrocity consegna locali Istituto \u2018Severi\u2019","description":"Consegnati da Metrocity i nuovi locali dell'istituto \u2018Severi\u2019 sezione \u2018Nautico\u2019, in un bene confiscato. Falcomat\u00e0: \"Giornata importante\"","robots":{"index":"index","follow":"follow","max-snippet":"max-snippet:-1","max-image-preview":"max-image-preview:large","max-video-preview":"max-video-preview:-1"},"canonical":"https:\/\/progettotouring.it\/radiotouring104\/2024\/10\/22\/gioia-tauro-consegnati-i-locali-dellistituto-severi-sezione-nautico-in-un-bene-confiscato\/","og_locale":"it_IT","og_type":"article","og_title":"Gioia Tauro: Metrocity consegna locali Istituto \u2018Severi\u2019","og_description":"Consegnati da Metrocity i nuovi locali dell'istituto \u2018Severi\u2019 sezione \u2018Nautico\u2019, in un bene confiscato. Falcomat\u00e0: \"Giornata importante\"","og_url":"https:\/\/progettotouring.it\/radiotouring104\/2024\/10\/22\/gioia-tauro-consegnati-i-locali-dellistituto-severi-sezione-nautico-in-un-bene-confiscato\/","og_site_name":"Radio Touring 104","article_published_time":"2024-10-22T08:03:10+00:00","article_modified_time":"2024-10-22T08:06:10+00:00","og_image":[{"width":1600,"height":900,"url":"https:\/\/progettotouring.it\/radiotouring104\/wp-content\/uploads\/sites\/6\/2024\/10\/severi-sezione-nautico-gioia-tauro-1.jpeg","type":"image\/jpeg"}],"author":"Sebastiano Plutino","twitter_card":"summary_large_image","twitter_misc":{"Scritto da":"Sebastiano Plutino","Tempo di lettura stimato":"3 minuti"},"schema":{"@context":"https:\/\/schema.org","@graph":[{"@type":"Article","@id":"https:\/\/progettotouring.it\/radiotouring104\/2024\/10\/22\/gioia-tauro-consegnati-i-locali-dellistituto-severi-sezione-nautico-in-un-bene-confiscato\/#article","isPartOf":{"@id":"https:\/\/progettotouring.it\/radiotouring104\/2024\/10\/22\/gioia-tauro-consegnati-i-locali-dellistituto-severi-sezione-nautico-in-un-bene-confiscato\/"},"author":{"name":"Sebastiano Plutino","@id":"https:\/\/progettotouring.it\/radiotouring104\/#\/schema\/person\/78613917f1851f041f7483f5af1d422e"},"headline":"Gioia Tauro: consegnati i locali dell\u2019Istituto \u2018Severi\u2019 sezione \u2018Nautico\u2019, in un bene confiscato","datePublished":"2024-10-22T08:03:10+00:00","dateModified":"2024-10-22T08:06:10+00:00","mainEntityOfPage":{"@id":"https:\/\/progettotouring.it\/radiotouring104\/2024\/10\/22\/gioia-tauro-consegnati-i-locali-dellistituto-severi-sezione-nautico-in-un-bene-confiscato\/"},"wordCount":607,"publisher":{"@id":"https:\/\/progettotouring.it\/radiotouring104\/#organization"},"image":{"@id":"https:\/\/progettotouring.it\/radiotouring104\/2024\/10\/22\/gioia-tauro-consegnati-i-locali-dellistituto-severi-sezione-nautico-in-un-bene-confiscato\/#primaryimage"},"thumbnailUrl":"https:\/\/progettotouring.it\/radiotouring104\/wp-content\/uploads\/sites\/6\/2024\/10\/severi-sezione-nautico-gioia-tauro-1.jpeg","keywords":["bene confiscato","carmelo versace","consegna i locali dell\u2019Istituto \u2018Severi\u2019 sezione \u2018Nautico\u2019","Gioia Tauro","Giuseppe Facomat\u00e0","Rudi Lizzi"],"articleSection":["Home","News","Reggio Calabria"],"inLanguage":"it-IT"},{"@type":"WebPage","@id":"https:\/\/progettotouring.it\/radiotouring104\/2024\/10\/22\/gioia-tauro-consegnati-i-locali-dellistituto-severi-sezione-nautico-in-un-bene-confiscato\/","url":"https:\/\/progettotouring.it\/radiotouring104\/2024\/10\/22\/gioia-tauro-consegnati-i-locali-dellistituto-severi-sezione-nautico-in-un-bene-confiscato\/","name":"Gioia Tauro: Metrocity consegna locali Istituto \u2018Severi\u2019","isPartOf":{"@id":"https:\/\/progettotouring.it\/radiotouring104\/#website"},"primaryImageOfPage":{"@id":"https:\/\/progettotouring.it\/radiotouring104\/2024\/10\/22\/gioia-tauro-consegnati-i-locali-dellistituto-severi-sezione-nautico-in-un-bene-confiscato\/#primaryimage"},"image":{"@id":"https:\/\/progettotouring.it\/radiotouring104\/2024\/10\/22\/gioia-tauro-consegnati-i-locali-dellistituto-severi-sezione-nautico-in-un-bene-confiscato\/#primaryimage"},"thumbnailUrl":"https:\/\/progettotouring.it\/radiotouring104\/wp-content\/uploads\/sites\/6\/2024\/10\/severi-sezione-nautico-gioia-tauro-1.jpeg","datePublished":"2024-10-22T08:03:10+00:00","dateModified":"2024-10-22T08:06:10+00:00","description":"Consegnati da Metrocity i nuovi locali dell'istituto \u2018Severi\u2019 sezione \u2018Nautico\u2019, in un bene confiscato. Falcomat\u00e0: \"Giornata importante\"","breadcrumb":{"@id":"https:\/\/progettotouring.it\/radiotouring104\/2024\/10\/22\/gioia-tauro-consegnati-i-locali-dellistituto-severi-sezione-nautico-in-un-bene-confiscato\/#breadcrumb"},"inLanguage":"it-IT","potentialAction":[{"@type":"ReadAction","target":["https:\/\/progettotouring.it\/radiotouring104\/2024\/10\/22\/gioia-tauro-consegnati-i-locali-dellistituto-severi-sezione-nautico-in-un-bene-confiscato\/"]}]},{"@type":"ImageObject","inLanguage":"it-IT","@id":"https:\/\/progettotouring.it\/radiotouring104\/2024\/10\/22\/gioia-tauro-consegnati-i-locali-dellistituto-severi-sezione-nautico-in-un-bene-confiscato\/#primaryimage","url":"https:\/\/progettotouring.it\/radiotouring104\/wp-content\/uploads\/sites\/6\/2024\/10\/severi-sezione-nautico-gioia-tauro-1.jpeg","contentUrl":"https:\/\/progettotouring.it\/radiotouring104\/wp-content\/uploads\/sites\/6\/2024\/10\/severi-sezione-nautico-gioia-tauro-1.jpeg","width":1600,"height":900},{"@type":"BreadcrumbList","@id":"https:\/\/progettotouring.it\/radiotouring104\/2024\/10\/22\/gioia-tauro-consegnati-i-locali-dellistituto-severi-sezione-nautico-in-un-bene-confiscato\/#breadcrumb","itemListElement":[{"@type":"ListItem","position":1,"name":"Home","item":"https:\/\/progettotouring.it\/radiotouring104\/"},{"@type":"ListItem","position":2,"name":"Gioia Tauro: consegnati i locali dell\u2019Istituto \u2018Severi\u2019 sezione \u2018Nautico\u2019, in un bene confiscato"}]},{"@type":"WebSite","@id":"https:\/\/progettotouring.it\/radiotouring104\/#website","url":"https:\/\/progettotouring.it\/radiotouring104\/","name":"Radio Touring 104","description":"La prima radio Reggina","publisher":{"@id":"https:\/\/progettotouring.it\/radiotouring104\/#organization"},"potentialAction":[{"@type":"SearchAction","target":{"@type":"EntryPoint","urlTemplate":"https:\/\/progettotouring.it\/radiotouring104\/?s={search_term_string}"},"query-input":{"@type":"PropertyValueSpecification","valueRequired":true,"valueName":"search_term_string"}}],"inLanguage":"it-IT"},{"@type":"Organization","@id":"https:\/\/progettotouring.it\/radiotouring104\/#organization","name":"Radio Touring 104","url":"https:\/\/progettotouring.it\/radiotouring104\/","logo":{"@type":"ImageObject","inLanguage":"it-IT","@id":"https:\/\/progettotouring.it\/radiotouring104\/#\/schema\/logo\/image\/","url":"https:\/\/progettotouring.it\/radiotouring104\/wp-content\/uploads\/sites\/6\/2022\/02\/cropped-logo-radio-touring-104.png","contentUrl":"https:\/\/progettotouring.it\/radiotouring104\/wp-content\/uploads\/sites\/6\/2022\/02\/cropped-logo-radio-touring-104.png","width":377,"height":182,"caption":"Radio Touring 104"},"image":{"@id":"https:\/\/progettotouring.it\/radiotouring104\/#\/schema\/logo\/image\/"}},{"@type":"Person","@id":"https:\/\/progettotouring.it\/radiotouring104\/#\/schema\/person\/78613917f1851f041f7483f5af1d422e","name":"Sebastiano Plutino","image":{"@type":"ImageObject","inLanguage":"it-IT","@id":"https:\/\/secure.gravatar.com\/avatar\/0546ffaa9b79224faf9f2a156b67a529ae861d3287c66c1d8ccfdf909bcba78d?s=96&d=mm&r=g","url":"https:\/\/secure.gravatar.com\/avatar\/0546ffaa9b79224faf9f2a156b67a529ae861d3287c66c1d8ccfdf909bcba78d?s=96&d=mm&r=g","contentUrl":"https:\/\/secure.gravatar.com\/avatar\/0546ffaa9b79224faf9f2a156b67a529ae861d3287c66c1d8ccfdf909bcba78d?s=96&d=mm&r=g","caption":"Sebastiano Plutino"},"url":"https:\/\/progettotouring.it\/radiotouring104\/author\/sebastiano\/"}]}},"jetpack_publicize_connections":[],"jetpack_featured_media_url":"https:\/\/progettotouring.it\/radiotouring104\/wp-content\/uploads\/sites\/6\/2024\/10\/severi-sezione-nautico-gioia-tauro-1.jpeg","jetpack_sharing_enabled":true,"_links":{"self":[{"href":"https:\/\/progettotouring.it\/radiotouring104\/wp-json\/wp\/v2\/posts\/60079","targetHints":{"allow":["GET"]}}],"collection":[{"href":"https:\/\/progettotouring.it\/radiotouring104\/wp-json\/wp\/v2\/posts"}],"about":[{"href":"https:\/\/progettotouring.it\/radiotouring104\/wp-json\/wp\/v2\/types\/post"}],"author":[{"embeddable":true,"href":"https:\/\/progettotouring.it\/radiotouring104\/wp-json\/wp\/v2\/users\/12"}],"replies":[{"embeddable":true,"href":"https:\/\/progettotouring.it\/radiotouring104\/wp-json\/wp\/v2\/comments?post=60079"}],"version-history":[{"count":2,"href":"https:\/\/progettotouring.it\/radiotouring104\/wp-json\/wp\/v2\/posts\/60079\/revisions"}],"predecessor-version":[{"id":60082,"href":"https:\/\/progettotouring.it\/radiotouring104\/wp-json\/wp\/v2\/posts\/60079\/revisions\/60082"}],"wp:featuredmedia":[{"embeddable":true,"href":"https:\/\/progettotouring.it\/radiotouring104\/wp-json\/wp\/v2\/media\/60080"}],"wp:attachment":[{"href":"https:\/\/progettotouring.it\/radiotouring104\/wp-json\/wp\/v2\/media?parent=60079"}],"wp:term":[{"taxonomy":"category","embeddable":true,"href":"https:\/\/progettotouring.it\/radiotouring104\/wp-json\/wp\/v2\/categories?post=60079"},{"taxonomy":"post_tag","embeddable":true,"href":"https:\/\/progettotouring.it\/radiotouring104\/wp-json\/wp\/v2\/tags?post=60079"}],"curies":[{"name":"wp","href":"https:\/\/api.w.org\/{rel}","templated":true}]}}