{"id":60086,"date":"2024-10-22T10:32:38","date_gmt":"2024-10-22T08:32:38","guid":{"rendered":"https:\/\/progettotouring.it\/radiotouring104\/?p=60086"},"modified":"2024-10-22T10:32:38","modified_gmt":"2024-10-22T08:32:38","slug":"reggio-presentato-a-palazzo-san-giorgio-il-campionato-italiano-wing-foil-freeride","status":"publish","type":"post","link":"https:\/\/progettotouring.it\/radiotouring104\/2024\/10\/22\/reggio-presentato-a-palazzo-san-giorgio-il-campionato-italiano-wing-foil-freeride\/","title":{"rendered":"Reggio: presentato a Palazzo San Giorgio il Campionato italiano Wing Foil Freeride"},"content":{"rendered":"<div class=\"msg-view-text-cnt\">\n<div class=\"xam_msg_class\">\n<div dir=\"ltr\" style=\"text-align: justify\">Sar\u00e0 ancora il <strong>grande sport ad animare le acque di fronte allo Stretto.<\/strong><\/div>\n<div dir=\"ltr\" style=\"text-align: justify\"><\/div>\n<div dir=\"ltr\"><strong>\u00c8 stato presentato<\/strong> nel salone dei Lampadari \u201cItalo Falcomat\u00e0\u201d <strong>il Campionato italiano Wing Foil Freeride, in programma negli spazi del circolo velico dal 21 al 27 ottobre<\/strong> e che preceder\u00e0 solo di qualche giorno la Mediterranean cup.<\/p>\n<div style=\"text-align: justify\"><\/div>\n<div style=\"text-align: justify\"><strong>Previste anche attivit\u00e0 di trekking urbano<\/strong> in collaborazione col Cral Mediterranea, <strong>per far riscoprire la citt\u00e0 di Reggio;<\/strong> spazi dedicati ai portatori di disabilit\u00e0 negli spazi del circolo velico con il simulatore che d\u00e0 la sensazione di navigare in acqua; una sessione di gaming dedicata ai ragazzi; sabato mattina un workshop con la Mediterranea sul patrimonio subacqueo.<\/div>\n<div style=\"text-align: justify\"><\/div>\n<div style=\"text-align: justify\"><strong>Al tavolo c\u2019erano il presidente del Consiglio comunale Enzo Marra, Il consigliere delegato<\/strong> a Sport e Turismo<strong> Giovanni Latella, Carlo Colella,<\/strong> presidente del Circolo velico, Walter Malacrino, coordinatore regionale Sport e salute; <strong>Antonello Scagliola,<\/strong> presidente del Cip,<strong> Claudio De Capua<\/strong> Direttore del Dipartimento di ingegneria della Mediterranea.<\/div>\n<div style=\"text-align: justify\">\n<strong>Il presidente del Consiglio comunale Enzo Marra:<\/strong><em> \u00abVedere allo stesso tavolo tutte queste istituzioni e amministratori, all\u2019Universit\u00e0 significa che questo gioco di squadra sta funzionando \u2013<\/em><strong> ha spiegato agli studenti del liceo scientifico &#8211;<\/strong><em>\u00a0significa che in citt\u00e0 fare rete porta risultati positivi. Ho visto un fitto calendario di eventi e come Amministrazione comunale vi diciamo grazie e vi saremo vicini. Ben vengano eventi del genere che vedono al lavoro tutti questi attori per uno sforzo corale, sacrifici. Buona settimana azzurra a tutti\u00bb.<\/em><\/div>\n<div style=\"text-align: justify\">\nIl consigliere delegato a Sport e Turismo <strong>Giovanni Latella parla di una<\/strong> \u00ab<em>Grande sinergia tra le istituzioni sportive, culturali, scolastiche e universitarie: questo pu\u00f2 far s\u00ec che la citt\u00e0 possa avere ulteriori opportunit\u00e0 sociali e di sviluppo e che i nostri figli possano studiare e rimanere nella nostra citt\u00e0 a realizzare qui i loro sogni. Voglio ringraziare Fabio e Valentina Colella per il lavoro che fanno durante l\u2019anno nel mondo della vela che \u00e8 determinante, la citt\u00e0 \u00e8 ricca di persone che, con amore e impegno, danno l\u2019opportunit\u00e0 a tanti ragazzi di fare sport e lo fanno in situazioni anche di difficolt\u00e0. Questa iniziativa, che vedr\u00e0 protagonisti tantissimi atleti a promuovere le bellezze di questa citt\u00e0 che tutti dobbiamo amare, coinvolgendo il mondo della scuola, dell\u2019universit\u00e0 che devono essere attori principali. Come dico sempre attraverso lo sport pu\u00f2 essere esaltato anche il turismo\u00bb.<\/em><\/div>\n<div style=\"text-align: justify\">\n<strong>Fabio Colella,<\/strong> consigliere della Federazione italiana Vela, <strong>nell\u2019illustrare la manifestazione ha chiarito<\/strong><em>: \u00abCi troviamo a presentare questo progetto a Reggio Calabria e ne siamo felici che sia la citt\u00e0 dello Stretto a ospitare questa manifestazione. Wing Foil \u00e8 uno sport che si fa con tavole nuove e innovative che volano sull\u2019acqua, come gi\u00e0 sa chi ha visto la coppa America, molto simile a quel modo di andare in barca. Sar\u00e0 un vero spettacolo con 60 atleti che arriveranno da tutta Italia, con le regate previste il 26 e 27 ottobre, visibili dal Lungomare Falcomat\u00e0. Una intera settimana di eventi con la citt\u00e0 protagonista con il suo mare per celebrare la blue economy e i rapporti con le istituzioni e le bellezze di Reggio, mostrate a chi verr\u00e0 per partecipare alla regata. Nella settimana successiva ci sar\u00e0 poi la 38esima edizione della \u201cMediterranean Cup\u201d, con barche 120 imbarcazioni pi\u00f9 piccole. Due settimane intense di vela per tutto ci\u00f2 che di bello ci sar\u00e0 da conoscere\u00bb.<\/em><\/p>\n<\/div>\n<\/div>\n<\/div>\n<\/div>\n<div class=\"msg-view-attach-preview\">\n<div id=\"uiLogic_webmail__view_AttachmentsImageBlock_9\" class=\"attachmentsBlock\" role=\"group\"><\/div>\n<\/div>\n","protected":false},"excerpt":{"rendered":"<p>Sar\u00e0 ancora il grande sport ad animare le acque di fronte allo Stretto. \u00c8 stato presentato nel salone dei Lampadari \u201cItalo Falcomat\u00e0\u201d il Campionato italiano Wing Foil Freeride, in programma&hellip;<\/p>\n","protected":false},"author":12,"featured_media":60087,"comment_status":"closed","ping_status":"open","sticky":false,"template":"","format":"standard","meta":{"_jetpack_memberships_contains_paid_content":false,"footnotes":"","jetpack_publicize_message":"","jetpack_publicize_feature_enabled":true,"jetpack_social_post_already_shared":false,"jetpack_social_options":{"image_generator_settings":{"template":"highway","default_image_id":0,"font":"","enabled":false},"version":2}},"categories":[921,196,140],"tags":[2335,16093,17289,1264,659,36638],"class_list":["post-60086","post","type-post","status-publish","format-standard","has-post-thumbnail","hentry","category-home","category-news","category-reggio-calabria","tag-circolo-velico","tag-enzo-marra","tag-fabio-colella","tag-giovanni-latella","tag-palazzo-san-giorgio","tag-presentato-il-campionato-italiano-wing-foil-freeride"],"yoast_head":"<!-- This site is optimized with the Yoast SEO plugin v27.2 - https:\/\/yoast.com\/product\/yoast-seo-wordpress\/ -->\n<title>Palazzo S. Giorgio: presentato il Campionato Wing Foil Freeride<\/title>\n<meta name=\"description\" content=\"Latella: \u00abNon solo grande sport, ma anche una spinta al turismo\u00bb, dichiara il Consigliere comunale, Giovanni Latella\" \/>\n<meta name=\"robots\" content=\"index, follow, max-snippet:-1, max-image-preview:large, max-video-preview:-1\" \/>\n<link rel=\"canonical\" href=\"https:\/\/progettotouring.it\/radiotouring104\/2024\/10\/22\/reggio-presentato-a-palazzo-san-giorgio-il-campionato-italiano-wing-foil-freeride\/\" \/>\n<meta property=\"og:locale\" content=\"it_IT\" \/>\n<meta property=\"og:type\" content=\"article\" \/>\n<meta property=\"og:title\" content=\"Palazzo S. Giorgio: presentato il Campionato Wing Foil Freeride\" \/>\n<meta property=\"og:description\" content=\"Latella: \u00abNon solo grande sport, ma anche una spinta al turismo\u00bb, dichiara il Consigliere comunale, Giovanni Latella\" \/>\n<meta property=\"og:url\" content=\"https:\/\/progettotouring.it\/radiotouring104\/2024\/10\/22\/reggio-presentato-a-palazzo-san-giorgio-il-campionato-italiano-wing-foil-freeride\/\" \/>\n<meta property=\"og:site_name\" content=\"Radio Touring 104\" \/>\n<meta property=\"article:published_time\" content=\"2024-10-22T08:32:38+00:00\" \/>\n<meta property=\"og:image\" content=\"https:\/\/progettotouring.it\/radiotouring104\/wp-content\/uploads\/sites\/6\/2024\/10\/wingfoil-free-ride-Palazzo-San-Giorgio-Circolo-Velico-scaled.jpeg\" \/>\n\t<meta property=\"og:image:width\" content=\"2560\" \/>\n\t<meta property=\"og:image:height\" content=\"1920\" \/>\n\t<meta property=\"og:image:type\" content=\"image\/jpeg\" \/>\n<meta name=\"author\" content=\"Sebastiano Plutino\" \/>\n<meta name=\"twitter:card\" content=\"summary_large_image\" \/>\n<meta name=\"twitter:label1\" content=\"Scritto da\" \/>\n\t<meta name=\"twitter:data1\" content=\"Sebastiano Plutino\" \/>\n\t<meta name=\"twitter:label2\" content=\"Tempo di lettura stimato\" \/>\n\t<meta name=\"twitter:data2\" content=\"3 minuti\" \/>\n<script type=\"application\/ld+json\" class=\"yoast-schema-graph\">{\"@context\":\"https:\/\/schema.org\",\"@graph\":[{\"@type\":\"Article\",\"@id\":\"https:\/\/progettotouring.it\/radiotouring104\/2024\/10\/22\/reggio-presentato-a-palazzo-san-giorgio-il-campionato-italiano-wing-foil-freeride\/#article\",\"isPartOf\":{\"@id\":\"https:\/\/progettotouring.it\/radiotouring104\/2024\/10\/22\/reggio-presentato-a-palazzo-san-giorgio-il-campionato-italiano-wing-foil-freeride\/\"},\"author\":{\"name\":\"Sebastiano Plutino\",\"@id\":\"https:\/\/progettotouring.it\/radiotouring104\/#\/schema\/person\/78613917f1851f041f7483f5af1d422e\"},\"headline\":\"Reggio: presentato a Palazzo San Giorgio il Campionato italiano Wing Foil Freeride\",\"datePublished\":\"2024-10-22T08:32:38+00:00\",\"mainEntityOfPage\":{\"@id\":\"https:\/\/progettotouring.it\/radiotouring104\/2024\/10\/22\/reggio-presentato-a-palazzo-san-giorgio-il-campionato-italiano-wing-foil-freeride\/\"},\"wordCount\":552,\"publisher\":{\"@id\":\"https:\/\/progettotouring.it\/radiotouring104\/#organization\"},\"image\":{\"@id\":\"https:\/\/progettotouring.it\/radiotouring104\/2024\/10\/22\/reggio-presentato-a-palazzo-san-giorgio-il-campionato-italiano-wing-foil-freeride\/#primaryimage\"},\"thumbnailUrl\":\"https:\/\/progettotouring.it\/radiotouring104\/wp-content\/uploads\/sites\/6\/2024\/10\/wingfoil-free-ride-Palazzo-San-Giorgio-Circolo-Velico-scaled.jpeg\",\"keywords\":[\"circolo velico\",\"Enzo Marra\",\"Fabio Colella\",\"giovanni latella\",\"palazzo san giorgio\",\"presentato il Campionato italiano Wing Foil Freeride\"],\"articleSection\":[\"Home\",\"News\",\"Reggio Calabria\"],\"inLanguage\":\"it-IT\"},{\"@type\":\"WebPage\",\"@id\":\"https:\/\/progettotouring.it\/radiotouring104\/2024\/10\/22\/reggio-presentato-a-palazzo-san-giorgio-il-campionato-italiano-wing-foil-freeride\/\",\"url\":\"https:\/\/progettotouring.it\/radiotouring104\/2024\/10\/22\/reggio-presentato-a-palazzo-san-giorgio-il-campionato-italiano-wing-foil-freeride\/\",\"name\":\"Palazzo S. Giorgio: presentato il Campionato Wing Foil Freeride\",\"isPartOf\":{\"@id\":\"https:\/\/progettotouring.it\/radiotouring104\/#website\"},\"primaryImageOfPage\":{\"@id\":\"https:\/\/progettotouring.it\/radiotouring104\/2024\/10\/22\/reggio-presentato-a-palazzo-san-giorgio-il-campionato-italiano-wing-foil-freeride\/#primaryimage\"},\"image\":{\"@id\":\"https:\/\/progettotouring.it\/radiotouring104\/2024\/10\/22\/reggio-presentato-a-palazzo-san-giorgio-il-campionato-italiano-wing-foil-freeride\/#primaryimage\"},\"thumbnailUrl\":\"https:\/\/progettotouring.it\/radiotouring104\/wp-content\/uploads\/sites\/6\/2024\/10\/wingfoil-free-ride-Palazzo-San-Giorgio-Circolo-Velico-scaled.jpeg\",\"datePublished\":\"2024-10-22T08:32:38+00:00\",\"description\":\"Latella: \u00abNon solo grande sport, ma anche una spinta al turismo\u00bb, dichiara il Consigliere comunale, Giovanni Latella\",\"breadcrumb\":{\"@id\":\"https:\/\/progettotouring.it\/radiotouring104\/2024\/10\/22\/reggio-presentato-a-palazzo-san-giorgio-il-campionato-italiano-wing-foil-freeride\/#breadcrumb\"},\"inLanguage\":\"it-IT\",\"potentialAction\":[{\"@type\":\"ReadAction\",\"target\":[\"https:\/\/progettotouring.it\/radiotouring104\/2024\/10\/22\/reggio-presentato-a-palazzo-san-giorgio-il-campionato-italiano-wing-foil-freeride\/\"]}]},{\"@type\":\"ImageObject\",\"inLanguage\":\"it-IT\",\"@id\":\"https:\/\/progettotouring.it\/radiotouring104\/2024\/10\/22\/reggio-presentato-a-palazzo-san-giorgio-il-campionato-italiano-wing-foil-freeride\/#primaryimage\",\"url\":\"https:\/\/progettotouring.it\/radiotouring104\/wp-content\/uploads\/sites\/6\/2024\/10\/wingfoil-free-ride-Palazzo-San-Giorgio-Circolo-Velico-scaled.jpeg\",\"contentUrl\":\"https:\/\/progettotouring.it\/radiotouring104\/wp-content\/uploads\/sites\/6\/2024\/10\/wingfoil-free-ride-Palazzo-San-Giorgio-Circolo-Velico-scaled.jpeg\",\"width\":2560,\"height\":1920},{\"@type\":\"BreadcrumbList\",\"@id\":\"https:\/\/progettotouring.it\/radiotouring104\/2024\/10\/22\/reggio-presentato-a-palazzo-san-giorgio-il-campionato-italiano-wing-foil-freeride\/#breadcrumb\",\"itemListElement\":[{\"@type\":\"ListItem\",\"position\":1,\"name\":\"Home\",\"item\":\"https:\/\/progettotouring.it\/radiotouring104\/\"},{\"@type\":\"ListItem\",\"position\":2,\"name\":\"Reggio: presentato a Palazzo San Giorgio il Campionato italiano Wing Foil Freeride\"}]},{\"@type\":\"WebSite\",\"@id\":\"https:\/\/progettotouring.it\/radiotouring104\/#website\",\"url\":\"https:\/\/progettotouring.it\/radiotouring104\/\",\"name\":\"Radio Touring 104\",\"description\":\"La prima radio Reggina\",\"publisher\":{\"@id\":\"https:\/\/progettotouring.it\/radiotouring104\/#organization\"},\"potentialAction\":[{\"@type\":\"SearchAction\",\"target\":{\"@type\":\"EntryPoint\",\"urlTemplate\":\"https:\/\/progettotouring.it\/radiotouring104\/?s={search_term_string}\"},\"query-input\":{\"@type\":\"PropertyValueSpecification\",\"valueRequired\":true,\"valueName\":\"search_term_string\"}}],\"inLanguage\":\"it-IT\"},{\"@type\":\"Organization\",\"@id\":\"https:\/\/progettotouring.it\/radiotouring104\/#organization\",\"name\":\"Radio Touring 104\",\"url\":\"https:\/\/progettotouring.it\/radiotouring104\/\",\"logo\":{\"@type\":\"ImageObject\",\"inLanguage\":\"it-IT\",\"@id\":\"https:\/\/progettotouring.it\/radiotouring104\/#\/schema\/logo\/image\/\",\"url\":\"https:\/\/progettotouring.it\/radiotouring104\/wp-content\/uploads\/sites\/6\/2022\/02\/cropped-logo-radio-touring-104.png\",\"contentUrl\":\"https:\/\/progettotouring.it\/radiotouring104\/wp-content\/uploads\/sites\/6\/2022\/02\/cropped-logo-radio-touring-104.png\",\"width\":377,\"height\":182,\"caption\":\"Radio Touring 104\"},\"image\":{\"@id\":\"https:\/\/progettotouring.it\/radiotouring104\/#\/schema\/logo\/image\/\"}},{\"@type\":\"Person\",\"@id\":\"https:\/\/progettotouring.it\/radiotouring104\/#\/schema\/person\/78613917f1851f041f7483f5af1d422e\",\"name\":\"Sebastiano Plutino\",\"image\":{\"@type\":\"ImageObject\",\"inLanguage\":\"it-IT\",\"@id\":\"https:\/\/secure.gravatar.com\/avatar\/0546ffaa9b79224faf9f2a156b67a529ae861d3287c66c1d8ccfdf909bcba78d?s=96&d=mm&r=g\",\"url\":\"https:\/\/secure.gravatar.com\/avatar\/0546ffaa9b79224faf9f2a156b67a529ae861d3287c66c1d8ccfdf909bcba78d?s=96&d=mm&r=g\",\"contentUrl\":\"https:\/\/secure.gravatar.com\/avatar\/0546ffaa9b79224faf9f2a156b67a529ae861d3287c66c1d8ccfdf909bcba78d?s=96&d=mm&r=g\",\"caption\":\"Sebastiano Plutino\"},\"url\":\"https:\/\/progettotouring.it\/radiotouring104\/author\/sebastiano\/\"}]}<\/script>\n<!-- \/ Yoast SEO plugin. -->","yoast_head_json":{"title":"Palazzo S. Giorgio: presentato il Campionato Wing Foil Freeride","description":"Latella: \u00abNon solo grande sport, ma anche una spinta al turismo\u00bb, dichiara il Consigliere comunale, Giovanni Latella","robots":{"index":"index","follow":"follow","max-snippet":"max-snippet:-1","max-image-preview":"max-image-preview:large","max-video-preview":"max-video-preview:-1"},"canonical":"https:\/\/progettotouring.it\/radiotouring104\/2024\/10\/22\/reggio-presentato-a-palazzo-san-giorgio-il-campionato-italiano-wing-foil-freeride\/","og_locale":"it_IT","og_type":"article","og_title":"Palazzo S. Giorgio: presentato il Campionato Wing Foil Freeride","og_description":"Latella: \u00abNon solo grande sport, ma anche una spinta al turismo\u00bb, dichiara il Consigliere comunale, Giovanni Latella","og_url":"https:\/\/progettotouring.it\/radiotouring104\/2024\/10\/22\/reggio-presentato-a-palazzo-san-giorgio-il-campionato-italiano-wing-foil-freeride\/","og_site_name":"Radio Touring 104","article_published_time":"2024-10-22T08:32:38+00:00","og_image":[{"width":2560,"height":1920,"url":"https:\/\/progettotouring.it\/radiotouring104\/wp-content\/uploads\/sites\/6\/2024\/10\/wingfoil-free-ride-Palazzo-San-Giorgio-Circolo-Velico-scaled.jpeg","type":"image\/jpeg"}],"author":"Sebastiano Plutino","twitter_card":"summary_large_image","twitter_misc":{"Scritto da":"Sebastiano Plutino","Tempo di lettura stimato":"3 minuti"},"schema":{"@context":"https:\/\/schema.org","@graph":[{"@type":"Article","@id":"https:\/\/progettotouring.it\/radiotouring104\/2024\/10\/22\/reggio-presentato-a-palazzo-san-giorgio-il-campionato-italiano-wing-foil-freeride\/#article","isPartOf":{"@id":"https:\/\/progettotouring.it\/radiotouring104\/2024\/10\/22\/reggio-presentato-a-palazzo-san-giorgio-il-campionato-italiano-wing-foil-freeride\/"},"author":{"name":"Sebastiano Plutino","@id":"https:\/\/progettotouring.it\/radiotouring104\/#\/schema\/person\/78613917f1851f041f7483f5af1d422e"},"headline":"Reggio: presentato a Palazzo San Giorgio il Campionato italiano Wing Foil Freeride","datePublished":"2024-10-22T08:32:38+00:00","mainEntityOfPage":{"@id":"https:\/\/progettotouring.it\/radiotouring104\/2024\/10\/22\/reggio-presentato-a-palazzo-san-giorgio-il-campionato-italiano-wing-foil-freeride\/"},"wordCount":552,"publisher":{"@id":"https:\/\/progettotouring.it\/radiotouring104\/#organization"},"image":{"@id":"https:\/\/progettotouring.it\/radiotouring104\/2024\/10\/22\/reggio-presentato-a-palazzo-san-giorgio-il-campionato-italiano-wing-foil-freeride\/#primaryimage"},"thumbnailUrl":"https:\/\/progettotouring.it\/radiotouring104\/wp-content\/uploads\/sites\/6\/2024\/10\/wingfoil-free-ride-Palazzo-San-Giorgio-Circolo-Velico-scaled.jpeg","keywords":["circolo velico","Enzo Marra","Fabio Colella","giovanni latella","palazzo san giorgio","presentato il Campionato italiano Wing Foil Freeride"],"articleSection":["Home","News","Reggio Calabria"],"inLanguage":"it-IT"},{"@type":"WebPage","@id":"https:\/\/progettotouring.it\/radiotouring104\/2024\/10\/22\/reggio-presentato-a-palazzo-san-giorgio-il-campionato-italiano-wing-foil-freeride\/","url":"https:\/\/progettotouring.it\/radiotouring104\/2024\/10\/22\/reggio-presentato-a-palazzo-san-giorgio-il-campionato-italiano-wing-foil-freeride\/","name":"Palazzo S. Giorgio: presentato il Campionato Wing Foil Freeride","isPartOf":{"@id":"https:\/\/progettotouring.it\/radiotouring104\/#website"},"primaryImageOfPage":{"@id":"https:\/\/progettotouring.it\/radiotouring104\/2024\/10\/22\/reggio-presentato-a-palazzo-san-giorgio-il-campionato-italiano-wing-foil-freeride\/#primaryimage"},"image":{"@id":"https:\/\/progettotouring.it\/radiotouring104\/2024\/10\/22\/reggio-presentato-a-palazzo-san-giorgio-il-campionato-italiano-wing-foil-freeride\/#primaryimage"},"thumbnailUrl":"https:\/\/progettotouring.it\/radiotouring104\/wp-content\/uploads\/sites\/6\/2024\/10\/wingfoil-free-ride-Palazzo-San-Giorgio-Circolo-Velico-scaled.jpeg","datePublished":"2024-10-22T08:32:38+00:00","description":"Latella: \u00abNon solo grande sport, ma anche una spinta al turismo\u00bb, dichiara il Consigliere comunale, Giovanni Latella","breadcrumb":{"@id":"https:\/\/progettotouring.it\/radiotouring104\/2024\/10\/22\/reggio-presentato-a-palazzo-san-giorgio-il-campionato-italiano-wing-foil-freeride\/#breadcrumb"},"inLanguage":"it-IT","potentialAction":[{"@type":"ReadAction","target":["https:\/\/progettotouring.it\/radiotouring104\/2024\/10\/22\/reggio-presentato-a-palazzo-san-giorgio-il-campionato-italiano-wing-foil-freeride\/"]}]},{"@type":"ImageObject","inLanguage":"it-IT","@id":"https:\/\/progettotouring.it\/radiotouring104\/2024\/10\/22\/reggio-presentato-a-palazzo-san-giorgio-il-campionato-italiano-wing-foil-freeride\/#primaryimage","url":"https:\/\/progettotouring.it\/radiotouring104\/wp-content\/uploads\/sites\/6\/2024\/10\/wingfoil-free-ride-Palazzo-San-Giorgio-Circolo-Velico-scaled.jpeg","contentUrl":"https:\/\/progettotouring.it\/radiotouring104\/wp-content\/uploads\/sites\/6\/2024\/10\/wingfoil-free-ride-Palazzo-San-Giorgio-Circolo-Velico-scaled.jpeg","width":2560,"height":1920},{"@type":"BreadcrumbList","@id":"https:\/\/progettotouring.it\/radiotouring104\/2024\/10\/22\/reggio-presentato-a-palazzo-san-giorgio-il-campionato-italiano-wing-foil-freeride\/#breadcrumb","itemListElement":[{"@type":"ListItem","position":1,"name":"Home","item":"https:\/\/progettotouring.it\/radiotouring104\/"},{"@type":"ListItem","position":2,"name":"Reggio: presentato a Palazzo San Giorgio il Campionato italiano Wing Foil Freeride"}]},{"@type":"WebSite","@id":"https:\/\/progettotouring.it\/radiotouring104\/#website","url":"https:\/\/progettotouring.it\/radiotouring104\/","name":"Radio Touring 104","description":"La prima radio Reggina","publisher":{"@id":"https:\/\/progettotouring.it\/radiotouring104\/#organization"},"potentialAction":[{"@type":"SearchAction","target":{"@type":"EntryPoint","urlTemplate":"https:\/\/progettotouring.it\/radiotouring104\/?s={search_term_string}"},"query-input":{"@type":"PropertyValueSpecification","valueRequired":true,"valueName":"search_term_string"}}],"inLanguage":"it-IT"},{"@type":"Organization","@id":"https:\/\/progettotouring.it\/radiotouring104\/#organization","name":"Radio Touring 104","url":"https:\/\/progettotouring.it\/radiotouring104\/","logo":{"@type":"ImageObject","inLanguage":"it-IT","@id":"https:\/\/progettotouring.it\/radiotouring104\/#\/schema\/logo\/image\/","url":"https:\/\/progettotouring.it\/radiotouring104\/wp-content\/uploads\/sites\/6\/2022\/02\/cropped-logo-radio-touring-104.png","contentUrl":"https:\/\/progettotouring.it\/radiotouring104\/wp-content\/uploads\/sites\/6\/2022\/02\/cropped-logo-radio-touring-104.png","width":377,"height":182,"caption":"Radio Touring 104"},"image":{"@id":"https:\/\/progettotouring.it\/radiotouring104\/#\/schema\/logo\/image\/"}},{"@type":"Person","@id":"https:\/\/progettotouring.it\/radiotouring104\/#\/schema\/person\/78613917f1851f041f7483f5af1d422e","name":"Sebastiano Plutino","image":{"@type":"ImageObject","inLanguage":"it-IT","@id":"https:\/\/secure.gravatar.com\/avatar\/0546ffaa9b79224faf9f2a156b67a529ae861d3287c66c1d8ccfdf909bcba78d?s=96&d=mm&r=g","url":"https:\/\/secure.gravatar.com\/avatar\/0546ffaa9b79224faf9f2a156b67a529ae861d3287c66c1d8ccfdf909bcba78d?s=96&d=mm&r=g","contentUrl":"https:\/\/secure.gravatar.com\/avatar\/0546ffaa9b79224faf9f2a156b67a529ae861d3287c66c1d8ccfdf909bcba78d?s=96&d=mm&r=g","caption":"Sebastiano Plutino"},"url":"https:\/\/progettotouring.it\/radiotouring104\/author\/sebastiano\/"}]}},"jetpack_publicize_connections":[],"jetpack_featured_media_url":"https:\/\/progettotouring.it\/radiotouring104\/wp-content\/uploads\/sites\/6\/2024\/10\/wingfoil-free-ride-Palazzo-San-Giorgio-Circolo-Velico-scaled.jpeg","jetpack_sharing_enabled":true,"_links":{"self":[{"href":"https:\/\/progettotouring.it\/radiotouring104\/wp-json\/wp\/v2\/posts\/60086","targetHints":{"allow":["GET"]}}],"collection":[{"href":"https:\/\/progettotouring.it\/radiotouring104\/wp-json\/wp\/v2\/posts"}],"about":[{"href":"https:\/\/progettotouring.it\/radiotouring104\/wp-json\/wp\/v2\/types\/post"}],"author":[{"embeddable":true,"href":"https:\/\/progettotouring.it\/radiotouring104\/wp-json\/wp\/v2\/users\/12"}],"replies":[{"embeddable":true,"href":"https:\/\/progettotouring.it\/radiotouring104\/wp-json\/wp\/v2\/comments?post=60086"}],"version-history":[{"count":1,"href":"https:\/\/progettotouring.it\/radiotouring104\/wp-json\/wp\/v2\/posts\/60086\/revisions"}],"predecessor-version":[{"id":60088,"href":"https:\/\/progettotouring.it\/radiotouring104\/wp-json\/wp\/v2\/posts\/60086\/revisions\/60088"}],"wp:featuredmedia":[{"embeddable":true,"href":"https:\/\/progettotouring.it\/radiotouring104\/wp-json\/wp\/v2\/media\/60087"}],"wp:attachment":[{"href":"https:\/\/progettotouring.it\/radiotouring104\/wp-json\/wp\/v2\/media?parent=60086"}],"wp:term":[{"taxonomy":"category","embeddable":true,"href":"https:\/\/progettotouring.it\/radiotouring104\/wp-json\/wp\/v2\/categories?post=60086"},{"taxonomy":"post_tag","embeddable":true,"href":"https:\/\/progettotouring.it\/radiotouring104\/wp-json\/wp\/v2\/tags?post=60086"}],"curies":[{"name":"wp","href":"https:\/\/api.w.org\/{rel}","templated":true}]}}