{"id":60089,"date":"2024-10-22T10:55:55","date_gmt":"2024-10-22T08:55:55","guid":{"rendered":"https:\/\/progettotouring.it\/radiotouring104\/?p=60089"},"modified":"2024-10-22T10:56:59","modified_gmt":"2024-10-22T08:56:59","slug":"maltempo-gruppo-pd-chiede-alla-regione-dattivarsi-per-riconoscere-lo-stato-demergenza","status":"publish","type":"post","link":"https:\/\/progettotouring.it\/radiotouring104\/2024\/10\/22\/maltempo-gruppo-pd-chiede-alla-regione-dattivarsi-per-riconoscere-lo-stato-demergenza\/","title":{"rendered":"Maltempo: gruppo Pd chiede alla Regione d&#8217;attivarsi per riconoscere lo Stato d&#8217;Emergenza"},"content":{"rendered":"<p class=\"xmprfx_MsoNormal\" style=\"text-align: justify\"><em>\u201cI gravi eventi atmosferici che hanno colpito la Calabria negli ultimi giorni mettono in luce, ancora una volta, le fragilit\u00e0 strutturali del nostro territorio. I comuni di Maida e San Pietro a Maida \u2013 alle cui comunit\u00e0 rivolgiamo la nostra vicinanza e solidariet\u00e0 \u2013 sono attualmente isolati a causa dell\u2019esondazione di un torrente, che ha provocato il crollo del ponte stradale sulla SS280. In questa stessa arteria, una voragine ha inghiottito un\u2019autovettura, fortunatamente senza vittime, ma la situazione \u00e8 drammatica: case e attivit\u00e0 commerciali sono state allagate e la circolazione \u00e8 fortemente compromessa. Questa emergenza non \u00e8 solo il risultato di un temporale: rappresenta gli effetti tangibili della crisi climatica, la quale sta generando eventi meteorologici sempre pi\u00f9 intensi e frequenti. Le valutazioni basate su dinamiche stagionali tradizionali non sono pi\u00f9 adeguate ad affrontare una realt\u00e0 in continua evoluzione.<\/em>\u201d \u00c8 quanto si legge in una nota\u00a0<b>del gruppo consiliare del Partito Democratico <\/b>che nella seduta del <strong>Consiglio regionale <\/strong>convocato per oggi presenter\u00e0 un apposito ordine del giorno <strong><b>per chiedere al governo regionale di attivarsi per riconoscimento lo stato di emergenza e\/o calamit\u00e0 naturale.<\/b><\/strong><\/p>\n<p class=\"xmprfx_MsoNormal\" style=\"text-align: justify\"><em>\u201cIn un momento in cui la nostra regione ha bisogno di risposte rapide ed efficaci, ci troviamo a constatare che le priorit\u00e0 del governo sembrano orientate altrove. Mentre i nostri comuni affrontano emergenze quotidiane, si continua a parlare del Ponte sullo Stretto di Messina, un progetto faraonico da 15 miliardi di euro che non pu\u00f2 essere la risposta alle urgenti esigenze di sicurezza e manutenzione del nostro territorio<\/em>\u201d,<strong> prosegue il documento.<\/strong><\/p>\n<p class=\"xmprfx_MsoNormal\" style=\"text-align: justify\"><em>\u201c\u00c8 ora di mettere in campo un piano straordinario per la manutenzione delle infrastrutture esistenti, piuttosto che disperdere risorse in opere che non affrontano i problemi immediati dei cittadini calabresi. La sicurezza delle nostre strade, la tutela delle nostre abitazioni e la salvaguardia della vita dei nostri concittadini devono essere al centro dell\u2019agenda politica\u201d<\/em>,<strong> si legge ancora nella nota.<\/strong><\/p>\n<p class=\"xmprfx_MsoNormal\" style=\"text-align: justify\"><strong>Il gruppo regionale del Partito Democratico chiede<\/strong><em> \u201cuna strategia attiva nella gestione delle emergenze, con interventi e investimenti mirati per prevenire ulteriori disastri. \u00c8 fondamentale avviare una pianificazione lungimirante che tenga conto della vulnerabilit\u00e0 del nostro territorio e della crescente incidenza dei cambiamenti climatici. \u00c8 il momento di agire e di investire nel presente: lo chiede il territorio calabrese, che ha bisogno di concretezza e responsabilit\u00e0, affinch\u00e9 si possano finalmente tradurre le parole in azioni tangibili\u201d.<\/em><\/p>\n<p class=\"xmprfx_MsoNormal\">\n","protected":false},"excerpt":{"rendered":"<p>\u201cI gravi eventi atmosferici che hanno colpito la Calabria negli ultimi giorni mettono in luce, ancora una volta, le fragilit\u00e0 strutturali del nostro territorio. I comuni di Maida e San&hellip;<\/p>\n","protected":false},"author":12,"featured_media":28694,"comment_status":"closed","ping_status":"open","sticky":false,"template":"","format":"standard","meta":{"_jetpack_memberships_contains_paid_content":false,"footnotes":"","jetpack_publicize_message":"","jetpack_publicize_feature_enabled":true,"jetpack_social_post_already_shared":false,"jetpack_social_options":{"image_generator_settings":{"template":"highway","default_image_id":0,"font":"","enabled":false},"version":2}},"categories":[921,196,140],"tags":[36642,218,36639,26129,36640,36641],"class_list":["post-60089","post","type-post","status-publish","format-standard","has-post-thumbnail","hentry","category-home","category-news","category-reggio-calabria","tag-calamita-naturale","tag-consiglio-regionale","tag-gruppo-pd","tag-maltempo-calabria","tag-presentazione-odg","tag-richiesta-attivazione-stato-emergenza"],"yoast_head":"<!-- This site is optimized with the Yoast SEO plugin v27.2 - https:\/\/yoast.com\/product\/yoast-seo-wordpress\/ -->\n<title>Maltempo: Gruppo Pd chiede di riconoscere lo Stato Emergenza<\/title>\n<meta name=\"description\" content=\"La richiesta alla Regione di riconoscere lo Stato di Emergenza verr\u00e0 presentato con un odg nel corso della seduta mattutina in Consiglio\" \/>\n<meta name=\"robots\" content=\"index, follow, max-snippet:-1, max-image-preview:large, max-video-preview:-1\" \/>\n<link rel=\"canonical\" href=\"https:\/\/progettotouring.it\/radiotouring104\/2024\/10\/22\/maltempo-gruppo-pd-chiede-alla-regione-dattivarsi-per-riconoscere-lo-stato-demergenza\/\" \/>\n<meta property=\"og:locale\" content=\"it_IT\" \/>\n<meta property=\"og:type\" content=\"article\" \/>\n<meta property=\"og:title\" content=\"Maltempo: Gruppo Pd chiede di riconoscere lo Stato Emergenza\" \/>\n<meta property=\"og:description\" content=\"La richiesta alla Regione di riconoscere lo Stato di Emergenza verr\u00e0 presentato con un odg nel corso della seduta mattutina in Consiglio\" \/>\n<meta property=\"og:url\" content=\"https:\/\/progettotouring.it\/radiotouring104\/2024\/10\/22\/maltempo-gruppo-pd-chiede-alla-regione-dattivarsi-per-riconoscere-lo-stato-demergenza\/\" \/>\n<meta property=\"og:site_name\" content=\"Radio Touring 104\" \/>\n<meta property=\"article:published_time\" content=\"2024-10-22T08:55:55+00:00\" \/>\n<meta property=\"article:modified_time\" content=\"2024-10-22T08:56:59+00:00\" \/>\n<meta property=\"og:image\" content=\"https:\/\/progettotouring.it\/radiotouring104\/wp-content\/uploads\/sites\/6\/2023\/06\/consiglio-regionane.jpg\" \/>\n\t<meta property=\"og:image:width\" content=\"1024\" \/>\n\t<meta property=\"og:image:height\" content=\"768\" \/>\n\t<meta property=\"og:image:type\" content=\"image\/jpeg\" \/>\n<meta name=\"author\" content=\"Sebastiano Plutino\" \/>\n<meta name=\"twitter:card\" content=\"summary_large_image\" \/>\n<meta name=\"twitter:label1\" content=\"Scritto da\" \/>\n\t<meta name=\"twitter:data1\" content=\"Sebastiano Plutino\" \/>\n\t<meta name=\"twitter:label2\" content=\"Tempo di lettura stimato\" \/>\n\t<meta name=\"twitter:data2\" content=\"2 minuti\" \/>\n<script type=\"application\/ld+json\" class=\"yoast-schema-graph\">{\"@context\":\"https:\/\/schema.org\",\"@graph\":[{\"@type\":\"Article\",\"@id\":\"https:\/\/progettotouring.it\/radiotouring104\/2024\/10\/22\/maltempo-gruppo-pd-chiede-alla-regione-dattivarsi-per-riconoscere-lo-stato-demergenza\/#article\",\"isPartOf\":{\"@id\":\"https:\/\/progettotouring.it\/radiotouring104\/2024\/10\/22\/maltempo-gruppo-pd-chiede-alla-regione-dattivarsi-per-riconoscere-lo-stato-demergenza\/\"},\"author\":{\"name\":\"Sebastiano Plutino\",\"@id\":\"https:\/\/progettotouring.it\/radiotouring104\/#\/schema\/person\/78613917f1851f041f7483f5af1d422e\"},\"headline\":\"Maltempo: gruppo Pd chiede alla Regione d&#8217;attivarsi per riconoscere lo Stato d&#8217;Emergenza\",\"datePublished\":\"2024-10-22T08:55:55+00:00\",\"dateModified\":\"2024-10-22T08:56:59+00:00\",\"mainEntityOfPage\":{\"@id\":\"https:\/\/progettotouring.it\/radiotouring104\/2024\/10\/22\/maltempo-gruppo-pd-chiede-alla-regione-dattivarsi-per-riconoscere-lo-stato-demergenza\/\"},\"wordCount\":395,\"publisher\":{\"@id\":\"https:\/\/progettotouring.it\/radiotouring104\/#organization\"},\"image\":{\"@id\":\"https:\/\/progettotouring.it\/radiotouring104\/2024\/10\/22\/maltempo-gruppo-pd-chiede-alla-regione-dattivarsi-per-riconoscere-lo-stato-demergenza\/#primaryimage\"},\"thumbnailUrl\":\"https:\/\/progettotouring.it\/radiotouring104\/wp-content\/uploads\/sites\/6\/2023\/06\/consiglio-regionane.jpg\",\"keywords\":[\"calamit\u00e0 naturale\",\"Consiglio regionale\",\"Gruppo Pd\",\"Maltempo Calabria\",\"presentazione Odg\",\"richiesta attivazione stato emergenza\"],\"articleSection\":[\"Home\",\"News\",\"Reggio Calabria\"],\"inLanguage\":\"it-IT\"},{\"@type\":\"WebPage\",\"@id\":\"https:\/\/progettotouring.it\/radiotouring104\/2024\/10\/22\/maltempo-gruppo-pd-chiede-alla-regione-dattivarsi-per-riconoscere-lo-stato-demergenza\/\",\"url\":\"https:\/\/progettotouring.it\/radiotouring104\/2024\/10\/22\/maltempo-gruppo-pd-chiede-alla-regione-dattivarsi-per-riconoscere-lo-stato-demergenza\/\",\"name\":\"Maltempo: Gruppo Pd chiede di riconoscere lo Stato Emergenza\",\"isPartOf\":{\"@id\":\"https:\/\/progettotouring.it\/radiotouring104\/#website\"},\"primaryImageOfPage\":{\"@id\":\"https:\/\/progettotouring.it\/radiotouring104\/2024\/10\/22\/maltempo-gruppo-pd-chiede-alla-regione-dattivarsi-per-riconoscere-lo-stato-demergenza\/#primaryimage\"},\"image\":{\"@id\":\"https:\/\/progettotouring.it\/radiotouring104\/2024\/10\/22\/maltempo-gruppo-pd-chiede-alla-regione-dattivarsi-per-riconoscere-lo-stato-demergenza\/#primaryimage\"},\"thumbnailUrl\":\"https:\/\/progettotouring.it\/radiotouring104\/wp-content\/uploads\/sites\/6\/2023\/06\/consiglio-regionane.jpg\",\"datePublished\":\"2024-10-22T08:55:55+00:00\",\"dateModified\":\"2024-10-22T08:56:59+00:00\",\"description\":\"La richiesta alla Regione di riconoscere lo Stato di Emergenza verr\u00e0 presentato con un odg nel corso della seduta mattutina in Consiglio\",\"breadcrumb\":{\"@id\":\"https:\/\/progettotouring.it\/radiotouring104\/2024\/10\/22\/maltempo-gruppo-pd-chiede-alla-regione-dattivarsi-per-riconoscere-lo-stato-demergenza\/#breadcrumb\"},\"inLanguage\":\"it-IT\",\"potentialAction\":[{\"@type\":\"ReadAction\",\"target\":[\"https:\/\/progettotouring.it\/radiotouring104\/2024\/10\/22\/maltempo-gruppo-pd-chiede-alla-regione-dattivarsi-per-riconoscere-lo-stato-demergenza\/\"]}]},{\"@type\":\"ImageObject\",\"inLanguage\":\"it-IT\",\"@id\":\"https:\/\/progettotouring.it\/radiotouring104\/2024\/10\/22\/maltempo-gruppo-pd-chiede-alla-regione-dattivarsi-per-riconoscere-lo-stato-demergenza\/#primaryimage\",\"url\":\"https:\/\/progettotouring.it\/radiotouring104\/wp-content\/uploads\/sites\/6\/2023\/06\/consiglio-regionane.jpg\",\"contentUrl\":\"https:\/\/progettotouring.it\/radiotouring104\/wp-content\/uploads\/sites\/6\/2023\/06\/consiglio-regionane.jpg\",\"width\":1024,\"height\":768},{\"@type\":\"BreadcrumbList\",\"@id\":\"https:\/\/progettotouring.it\/radiotouring104\/2024\/10\/22\/maltempo-gruppo-pd-chiede-alla-regione-dattivarsi-per-riconoscere-lo-stato-demergenza\/#breadcrumb\",\"itemListElement\":[{\"@type\":\"ListItem\",\"position\":1,\"name\":\"Home\",\"item\":\"https:\/\/progettotouring.it\/radiotouring104\/\"},{\"@type\":\"ListItem\",\"position\":2,\"name\":\"Maltempo: gruppo Pd chiede alla Regione d&#8217;attivarsi per riconoscere lo Stato d&#8217;Emergenza\"}]},{\"@type\":\"WebSite\",\"@id\":\"https:\/\/progettotouring.it\/radiotouring104\/#website\",\"url\":\"https:\/\/progettotouring.it\/radiotouring104\/\",\"name\":\"Radio Touring 104\",\"description\":\"La prima radio Reggina\",\"publisher\":{\"@id\":\"https:\/\/progettotouring.it\/radiotouring104\/#organization\"},\"potentialAction\":[{\"@type\":\"SearchAction\",\"target\":{\"@type\":\"EntryPoint\",\"urlTemplate\":\"https:\/\/progettotouring.it\/radiotouring104\/?s={search_term_string}\"},\"query-input\":{\"@type\":\"PropertyValueSpecification\",\"valueRequired\":true,\"valueName\":\"search_term_string\"}}],\"inLanguage\":\"it-IT\"},{\"@type\":\"Organization\",\"@id\":\"https:\/\/progettotouring.it\/radiotouring104\/#organization\",\"name\":\"Radio Touring 104\",\"url\":\"https:\/\/progettotouring.it\/radiotouring104\/\",\"logo\":{\"@type\":\"ImageObject\",\"inLanguage\":\"it-IT\",\"@id\":\"https:\/\/progettotouring.it\/radiotouring104\/#\/schema\/logo\/image\/\",\"url\":\"https:\/\/progettotouring.it\/radiotouring104\/wp-content\/uploads\/sites\/6\/2022\/02\/cropped-logo-radio-touring-104.png\",\"contentUrl\":\"https:\/\/progettotouring.it\/radiotouring104\/wp-content\/uploads\/sites\/6\/2022\/02\/cropped-logo-radio-touring-104.png\",\"width\":377,\"height\":182,\"caption\":\"Radio Touring 104\"},\"image\":{\"@id\":\"https:\/\/progettotouring.it\/radiotouring104\/#\/schema\/logo\/image\/\"}},{\"@type\":\"Person\",\"@id\":\"https:\/\/progettotouring.it\/radiotouring104\/#\/schema\/person\/78613917f1851f041f7483f5af1d422e\",\"name\":\"Sebastiano Plutino\",\"image\":{\"@type\":\"ImageObject\",\"inLanguage\":\"it-IT\",\"@id\":\"https:\/\/secure.gravatar.com\/avatar\/0546ffaa9b79224faf9f2a156b67a529ae861d3287c66c1d8ccfdf909bcba78d?s=96&d=mm&r=g\",\"url\":\"https:\/\/secure.gravatar.com\/avatar\/0546ffaa9b79224faf9f2a156b67a529ae861d3287c66c1d8ccfdf909bcba78d?s=96&d=mm&r=g\",\"contentUrl\":\"https:\/\/secure.gravatar.com\/avatar\/0546ffaa9b79224faf9f2a156b67a529ae861d3287c66c1d8ccfdf909bcba78d?s=96&d=mm&r=g\",\"caption\":\"Sebastiano Plutino\"},\"url\":\"https:\/\/progettotouring.it\/radiotouring104\/author\/sebastiano\/\"}]}<\/script>\n<!-- \/ Yoast SEO plugin. -->","yoast_head_json":{"title":"Maltempo: Gruppo Pd chiede di riconoscere lo Stato Emergenza","description":"La richiesta alla Regione di riconoscere lo Stato di Emergenza verr\u00e0 presentato con un odg nel corso della seduta mattutina in Consiglio","robots":{"index":"index","follow":"follow","max-snippet":"max-snippet:-1","max-image-preview":"max-image-preview:large","max-video-preview":"max-video-preview:-1"},"canonical":"https:\/\/progettotouring.it\/radiotouring104\/2024\/10\/22\/maltempo-gruppo-pd-chiede-alla-regione-dattivarsi-per-riconoscere-lo-stato-demergenza\/","og_locale":"it_IT","og_type":"article","og_title":"Maltempo: Gruppo Pd chiede di riconoscere lo Stato Emergenza","og_description":"La richiesta alla Regione di riconoscere lo Stato di Emergenza verr\u00e0 presentato con un odg nel corso della seduta mattutina in Consiglio","og_url":"https:\/\/progettotouring.it\/radiotouring104\/2024\/10\/22\/maltempo-gruppo-pd-chiede-alla-regione-dattivarsi-per-riconoscere-lo-stato-demergenza\/","og_site_name":"Radio Touring 104","article_published_time":"2024-10-22T08:55:55+00:00","article_modified_time":"2024-10-22T08:56:59+00:00","og_image":[{"width":1024,"height":768,"url":"https:\/\/progettotouring.it\/radiotouring104\/wp-content\/uploads\/sites\/6\/2023\/06\/consiglio-regionane.jpg","type":"image\/jpeg"}],"author":"Sebastiano Plutino","twitter_card":"summary_large_image","twitter_misc":{"Scritto da":"Sebastiano Plutino","Tempo di lettura stimato":"2 minuti"},"schema":{"@context":"https:\/\/schema.org","@graph":[{"@type":"Article","@id":"https:\/\/progettotouring.it\/radiotouring104\/2024\/10\/22\/maltempo-gruppo-pd-chiede-alla-regione-dattivarsi-per-riconoscere-lo-stato-demergenza\/#article","isPartOf":{"@id":"https:\/\/progettotouring.it\/radiotouring104\/2024\/10\/22\/maltempo-gruppo-pd-chiede-alla-regione-dattivarsi-per-riconoscere-lo-stato-demergenza\/"},"author":{"name":"Sebastiano Plutino","@id":"https:\/\/progettotouring.it\/radiotouring104\/#\/schema\/person\/78613917f1851f041f7483f5af1d422e"},"headline":"Maltempo: gruppo Pd chiede alla Regione d&#8217;attivarsi per riconoscere lo Stato d&#8217;Emergenza","datePublished":"2024-10-22T08:55:55+00:00","dateModified":"2024-10-22T08:56:59+00:00","mainEntityOfPage":{"@id":"https:\/\/progettotouring.it\/radiotouring104\/2024\/10\/22\/maltempo-gruppo-pd-chiede-alla-regione-dattivarsi-per-riconoscere-lo-stato-demergenza\/"},"wordCount":395,"publisher":{"@id":"https:\/\/progettotouring.it\/radiotouring104\/#organization"},"image":{"@id":"https:\/\/progettotouring.it\/radiotouring104\/2024\/10\/22\/maltempo-gruppo-pd-chiede-alla-regione-dattivarsi-per-riconoscere-lo-stato-demergenza\/#primaryimage"},"thumbnailUrl":"https:\/\/progettotouring.it\/radiotouring104\/wp-content\/uploads\/sites\/6\/2023\/06\/consiglio-regionane.jpg","keywords":["calamit\u00e0 naturale","Consiglio regionale","Gruppo Pd","Maltempo Calabria","presentazione Odg","richiesta attivazione stato emergenza"],"articleSection":["Home","News","Reggio Calabria"],"inLanguage":"it-IT"},{"@type":"WebPage","@id":"https:\/\/progettotouring.it\/radiotouring104\/2024\/10\/22\/maltempo-gruppo-pd-chiede-alla-regione-dattivarsi-per-riconoscere-lo-stato-demergenza\/","url":"https:\/\/progettotouring.it\/radiotouring104\/2024\/10\/22\/maltempo-gruppo-pd-chiede-alla-regione-dattivarsi-per-riconoscere-lo-stato-demergenza\/","name":"Maltempo: Gruppo Pd chiede di riconoscere lo Stato Emergenza","isPartOf":{"@id":"https:\/\/progettotouring.it\/radiotouring104\/#website"},"primaryImageOfPage":{"@id":"https:\/\/progettotouring.it\/radiotouring104\/2024\/10\/22\/maltempo-gruppo-pd-chiede-alla-regione-dattivarsi-per-riconoscere-lo-stato-demergenza\/#primaryimage"},"image":{"@id":"https:\/\/progettotouring.it\/radiotouring104\/2024\/10\/22\/maltempo-gruppo-pd-chiede-alla-regione-dattivarsi-per-riconoscere-lo-stato-demergenza\/#primaryimage"},"thumbnailUrl":"https:\/\/progettotouring.it\/radiotouring104\/wp-content\/uploads\/sites\/6\/2023\/06\/consiglio-regionane.jpg","datePublished":"2024-10-22T08:55:55+00:00","dateModified":"2024-10-22T08:56:59+00:00","description":"La richiesta alla Regione di riconoscere lo Stato di Emergenza verr\u00e0 presentato con un odg nel corso della seduta mattutina in Consiglio","breadcrumb":{"@id":"https:\/\/progettotouring.it\/radiotouring104\/2024\/10\/22\/maltempo-gruppo-pd-chiede-alla-regione-dattivarsi-per-riconoscere-lo-stato-demergenza\/#breadcrumb"},"inLanguage":"it-IT","potentialAction":[{"@type":"ReadAction","target":["https:\/\/progettotouring.it\/radiotouring104\/2024\/10\/22\/maltempo-gruppo-pd-chiede-alla-regione-dattivarsi-per-riconoscere-lo-stato-demergenza\/"]}]},{"@type":"ImageObject","inLanguage":"it-IT","@id":"https:\/\/progettotouring.it\/radiotouring104\/2024\/10\/22\/maltempo-gruppo-pd-chiede-alla-regione-dattivarsi-per-riconoscere-lo-stato-demergenza\/#primaryimage","url":"https:\/\/progettotouring.it\/radiotouring104\/wp-content\/uploads\/sites\/6\/2023\/06\/consiglio-regionane.jpg","contentUrl":"https:\/\/progettotouring.it\/radiotouring104\/wp-content\/uploads\/sites\/6\/2023\/06\/consiglio-regionane.jpg","width":1024,"height":768},{"@type":"BreadcrumbList","@id":"https:\/\/progettotouring.it\/radiotouring104\/2024\/10\/22\/maltempo-gruppo-pd-chiede-alla-regione-dattivarsi-per-riconoscere-lo-stato-demergenza\/#breadcrumb","itemListElement":[{"@type":"ListItem","position":1,"name":"Home","item":"https:\/\/progettotouring.it\/radiotouring104\/"},{"@type":"ListItem","position":2,"name":"Maltempo: gruppo Pd chiede alla Regione d&#8217;attivarsi per riconoscere lo Stato d&#8217;Emergenza"}]},{"@type":"WebSite","@id":"https:\/\/progettotouring.it\/radiotouring104\/#website","url":"https:\/\/progettotouring.it\/radiotouring104\/","name":"Radio Touring 104","description":"La prima radio Reggina","publisher":{"@id":"https:\/\/progettotouring.it\/radiotouring104\/#organization"},"potentialAction":[{"@type":"SearchAction","target":{"@type":"EntryPoint","urlTemplate":"https:\/\/progettotouring.it\/radiotouring104\/?s={search_term_string}"},"query-input":{"@type":"PropertyValueSpecification","valueRequired":true,"valueName":"search_term_string"}}],"inLanguage":"it-IT"},{"@type":"Organization","@id":"https:\/\/progettotouring.it\/radiotouring104\/#organization","name":"Radio Touring 104","url":"https:\/\/progettotouring.it\/radiotouring104\/","logo":{"@type":"ImageObject","inLanguage":"it-IT","@id":"https:\/\/progettotouring.it\/radiotouring104\/#\/schema\/logo\/image\/","url":"https:\/\/progettotouring.it\/radiotouring104\/wp-content\/uploads\/sites\/6\/2022\/02\/cropped-logo-radio-touring-104.png","contentUrl":"https:\/\/progettotouring.it\/radiotouring104\/wp-content\/uploads\/sites\/6\/2022\/02\/cropped-logo-radio-touring-104.png","width":377,"height":182,"caption":"Radio Touring 104"},"image":{"@id":"https:\/\/progettotouring.it\/radiotouring104\/#\/schema\/logo\/image\/"}},{"@type":"Person","@id":"https:\/\/progettotouring.it\/radiotouring104\/#\/schema\/person\/78613917f1851f041f7483f5af1d422e","name":"Sebastiano Plutino","image":{"@type":"ImageObject","inLanguage":"it-IT","@id":"https:\/\/secure.gravatar.com\/avatar\/0546ffaa9b79224faf9f2a156b67a529ae861d3287c66c1d8ccfdf909bcba78d?s=96&d=mm&r=g","url":"https:\/\/secure.gravatar.com\/avatar\/0546ffaa9b79224faf9f2a156b67a529ae861d3287c66c1d8ccfdf909bcba78d?s=96&d=mm&r=g","contentUrl":"https:\/\/secure.gravatar.com\/avatar\/0546ffaa9b79224faf9f2a156b67a529ae861d3287c66c1d8ccfdf909bcba78d?s=96&d=mm&r=g","caption":"Sebastiano Plutino"},"url":"https:\/\/progettotouring.it\/radiotouring104\/author\/sebastiano\/"}]}},"jetpack_publicize_connections":[],"jetpack_featured_media_url":"https:\/\/progettotouring.it\/radiotouring104\/wp-content\/uploads\/sites\/6\/2023\/06\/consiglio-regionane.jpg","jetpack_sharing_enabled":true,"_links":{"self":[{"href":"https:\/\/progettotouring.it\/radiotouring104\/wp-json\/wp\/v2\/posts\/60089","targetHints":{"allow":["GET"]}}],"collection":[{"href":"https:\/\/progettotouring.it\/radiotouring104\/wp-json\/wp\/v2\/posts"}],"about":[{"href":"https:\/\/progettotouring.it\/radiotouring104\/wp-json\/wp\/v2\/types\/post"}],"author":[{"embeddable":true,"href":"https:\/\/progettotouring.it\/radiotouring104\/wp-json\/wp\/v2\/users\/12"}],"replies":[{"embeddable":true,"href":"https:\/\/progettotouring.it\/radiotouring104\/wp-json\/wp\/v2\/comments?post=60089"}],"version-history":[{"count":2,"href":"https:\/\/progettotouring.it\/radiotouring104\/wp-json\/wp\/v2\/posts\/60089\/revisions"}],"predecessor-version":[{"id":60091,"href":"https:\/\/progettotouring.it\/radiotouring104\/wp-json\/wp\/v2\/posts\/60089\/revisions\/60091"}],"wp:featuredmedia":[{"embeddable":true,"href":"https:\/\/progettotouring.it\/radiotouring104\/wp-json\/wp\/v2\/media\/28694"}],"wp:attachment":[{"href":"https:\/\/progettotouring.it\/radiotouring104\/wp-json\/wp\/v2\/media?parent=60089"}],"wp:term":[{"taxonomy":"category","embeddable":true,"href":"https:\/\/progettotouring.it\/radiotouring104\/wp-json\/wp\/v2\/categories?post=60089"},{"taxonomy":"post_tag","embeddable":true,"href":"https:\/\/progettotouring.it\/radiotouring104\/wp-json\/wp\/v2\/tags?post=60089"}],"curies":[{"name":"wp","href":"https:\/\/api.w.org\/{rel}","templated":true}]}}