{"id":60092,"date":"2024-10-22T11:13:55","date_gmt":"2024-10-22T09:13:55","guid":{"rendered":"https:\/\/progettotouring.it\/radiotouring104\/?p=60092"},"modified":"2024-10-22T11:14:25","modified_gmt":"2024-10-22T09:14:25","slug":"anassilaos-due-incontri-dedicati-alla-storia-piazze-ed-arte-di-reggio","status":"publish","type":"post","link":"https:\/\/progettotouring.it\/radiotouring104\/2024\/10\/22\/anassilaos-due-incontri-dedicati-alla-storia-piazze-ed-arte-di-reggio\/","title":{"rendered":"Anassilaos: due incontri dedicati alla Storia, Piazze ed Arte di Reggio"},"content":{"rendered":"<p style=\"text-align: justify\">Il Museo Archeologico e la Biblioteca Pietro De Nava saranno gli spazi di due distinte manifestazioni promosse dall\u2019Associazione Culturale Anassilaos dedicate alla Citt\u00e0 di Reggio Calabria, alla sua storia, alle sue piazze, alla sua arte. <strong><u>Mercoled\u00ec 23 ottobre alle ore 17,00 presso il MaRC<\/u>, <\/strong>promossa dal Centro Studi per la Cultura dell\u2019Architettura e del Paesaggio di Anassilaos, congiuntamente con il Museo Archeologico Nazionale, e con il patrocinio dell\u2019Ordine degli Architetti Pianificatori Paesaggisti e Conservatori di Reggio Calabria e dell\u2019Associazione Nike, il <strong>Prof. Arch. Renato Lagan\u00e0<\/strong>, gi\u00e0 docente presso l\u2019Universit\u00e0 Mediterranea terr\u00e0 una conversazione sul tema \u201c<strong><em>Piazza Garibaldi uno spazio urbano tra passato e presente<\/em><\/strong>\u201d che si inserisce in un percorso di approfondimento sulle strutture urbane di Reggio Calabria che fa seguito all\u2019incontro in precedenza dedicato a Piazza del Popolo.<\/p>\n<p style=\"text-align: justify\">Lo studioso ripercorrer\u00e0 le vicende pi\u00f9 significative di uno spazio da sempre centrale per la Citt\u00e0 con la sua stazione e il monumento all\u2019Eroe dei Due Mondi con la celebre statua eretta nel 1884 opera di Rocco Larussa poi sostituita da quella opera del grande Alessandro Monteleone. Una Piazza da qualche anno al centro dell\u2019attenzione dei Reggini e degli archeologi per il ritrovamento di quel manufatto di probabile origine romana che ha dato origine ad una serie di scavi da poco conclusi.<\/p>\n<p style=\"text-align: justify\"><strong>All\u2019incontro porteranno i saluti introduttivi Fabrizio Sudano,<\/strong> Direttore del MArRC, Stefano Iorfida, Presidente dell\u2019Associazione Culturale Anassilaos, Ilario Tassone, Presidente dell\u2019OAPPC di Reggio Calabria \u00a0<strong>Irene Calabr\u00f2,<\/strong> Presidente dell\u2019Associazione Nike. Introdurr\u00e0 l\u2019ospite <strong>Antonella Postorino,<\/strong> Referente del Centro Studi Anassilaos per la cultura dell\u2019Architettura e del Paesaggio, interverr\u00e0 <strong>Claudio Sergi<\/strong>, membro del Centro Studi per la Cultura dell\u2019Architettura e del Paesaggio Anassilaos. Il giorno successivo <strong>24 ottobre alle ore 16,45 presso la Sala Giuffr\u00e8 della Biblioteca De Nava<\/strong>\u00a0 la P<strong>rof.ssa Roberta Filardi<\/strong>, Docente di Storia dell\u2019Arte presso il Liceo Artistico Mattia Preti-Frangipane di Reggio Calabria, \u00a0terr\u00e0 una conversazione sul tema \u201c<strong><em>L\u2019arte di Alessandro Monteleone in dialogo con la citt\u00e0<\/em><\/strong>\u201d che inaugura una serie di viaggi nell\u2019arte figurativa di Reggio Calabria.<\/p>\n<p style=\"text-align: justify\"><strong>Alessandro Monteleone<\/strong> (Taurianova 1897- Roma 1967) <strong>scultore calabrese \u00e8 stato un artista prolifico e versatile,<\/strong> che rivest\u00ec un ruolo interessante nel panorama artistico italiano del Novecento. Artista completo matur\u00f2 negli anni una sua cifra stilistica, in un contesto culturale, il Novecento, attraversato da opposte ricerche estetiche nel dibattito fra classicisti e modernisti. Le numerose opere del maestro che trovano posto in alcune chiese, in spazi urbani, palazzi pubblici, e musei di Reggio Calabria testimoniano, oltremodo, il legame mai interrotto con la sua terra d\u2019origine, come pure con intellettuali e artisti calabresi, quali Leonida Repaci, Alfonso Frangipane, Corrado Alvaro, Andrea Alfano, di cui ci ha lasciato memorabili ritratti, pervasi di una forte carica emotiva. La studiosa analizzer\u00e0 una \u00a0ristretta selezione di opere reggine, diverse per soggetto, formato, e tecniche esecutive, al fine di raccontare questo importante interprete della cultura figurativa del Novecento, nel segno di un\u2019eredit\u00e0 artistica straordinaria per la nostra citt\u00e0. <strong>All\u2019incontro porter\u00e0 il saluto la Dott.ssa<\/strong> <strong>Daniela Neri,<\/strong> responsabile della Biblioteca De Nava.<\/p>\n<p>&nbsp;<\/p>\n","protected":false},"excerpt":{"rendered":"<p>Il Museo Archeologico e la Biblioteca Pietro De Nava saranno gli spazi di due distinte manifestazioni promosse dall\u2019Associazione Culturale Anassilaos dedicate alla Citt\u00e0 di Reggio Calabria, alla sua storia, alle&hellip;<\/p>\n","protected":false},"author":12,"featured_media":60093,"comment_status":"closed","ping_status":"open","sticky":false,"template":"","format":"standard","meta":{"_jetpack_memberships_contains_paid_content":false,"footnotes":"","jetpack_publicize_message":"","jetpack_publicize_feature_enabled":true,"jetpack_social_post_already_shared":false,"jetpack_social_options":{"image_generator_settings":{"template":"highway","default_image_id":0,"font":"","enabled":false},"version":2}},"categories":[921,196,140],"tags":[2174,1766,13854,3075,238,345,33107,36643],"class_list":["post-60092","post","type-post","status-publish","format-standard","has-post-thumbnail","hentry","category-home","category-news","category-reggio-calabria","tag-antonella-postorino","tag-associazione-culturale-anassilaos","tag-claudio-sergi","tag-daniela-neri","tag-fabrizio-sudano","tag-irene-calabro","tag-museo-archeologico-d-reggio-calabria","tag-prof-arch-renato-lagana"],"yoast_head":"<!-- This site is optimized with the Yoast SEO plugin v27.2 - https:\/\/yoast.com\/product\/yoast-seo-wordpress\/ -->\n<title>Anassilaos: due incontri dedicati alla Storia, Piazze ed Arte di Reggio - Radio Touring 104<\/title>\n<meta name=\"description\" content=\"I due incontri promossi dall&#039;Anassilaos si svolgeranno domani presso il Museo e gioved\u00ec alle 16:45 alla Biblioteca De Nava\" \/>\n<meta name=\"robots\" content=\"index, follow, max-snippet:-1, max-image-preview:large, max-video-preview:-1\" \/>\n<link rel=\"canonical\" href=\"https:\/\/progettotouring.it\/radiotouring104\/2024\/10\/22\/anassilaos-due-incontri-dedicati-alla-storia-piazze-ed-arte-di-reggio\/\" \/>\n<meta property=\"og:locale\" content=\"it_IT\" \/>\n<meta property=\"og:type\" content=\"article\" \/>\n<meta property=\"og:title\" content=\"Anassilaos: due incontri dedicati alla Storia, Piazze ed Arte di Reggio - Radio Touring 104\" \/>\n<meta property=\"og:description\" content=\"I due incontri promossi dall&#039;Anassilaos si svolgeranno domani presso il Museo e gioved\u00ec alle 16:45 alla Biblioteca De Nava\" \/>\n<meta property=\"og:url\" content=\"https:\/\/progettotouring.it\/radiotouring104\/2024\/10\/22\/anassilaos-due-incontri-dedicati-alla-storia-piazze-ed-arte-di-reggio\/\" \/>\n<meta property=\"og:site_name\" content=\"Radio Touring 104\" \/>\n<meta property=\"article:published_time\" content=\"2024-10-22T09:13:55+00:00\" \/>\n<meta property=\"article:modified_time\" content=\"2024-10-22T09:14:25+00:00\" \/>\n<meta property=\"og:image\" content=\"https:\/\/progettotouring.it\/radiotouring104\/wp-content\/uploads\/sites\/6\/2024\/10\/Locandina-Anassilaos-Museo.png\" \/>\n\t<meta property=\"og:image:width\" content=\"543\" \/>\n\t<meta property=\"og:image:height\" content=\"486\" \/>\n\t<meta property=\"og:image:type\" content=\"image\/png\" \/>\n<meta name=\"author\" content=\"Sebastiano Plutino\" \/>\n<meta name=\"twitter:card\" content=\"summary_large_image\" \/>\n<meta name=\"twitter:label1\" content=\"Scritto da\" \/>\n\t<meta name=\"twitter:data1\" content=\"Sebastiano Plutino\" \/>\n\t<meta name=\"twitter:label2\" content=\"Tempo di lettura stimato\" \/>\n\t<meta name=\"twitter:data2\" content=\"3 minuti\" \/>\n<script type=\"application\/ld+json\" class=\"yoast-schema-graph\">{\"@context\":\"https:\/\/schema.org\",\"@graph\":[{\"@type\":\"Article\",\"@id\":\"https:\/\/progettotouring.it\/radiotouring104\/2024\/10\/22\/anassilaos-due-incontri-dedicati-alla-storia-piazze-ed-arte-di-reggio\/#article\",\"isPartOf\":{\"@id\":\"https:\/\/progettotouring.it\/radiotouring104\/2024\/10\/22\/anassilaos-due-incontri-dedicati-alla-storia-piazze-ed-arte-di-reggio\/\"},\"author\":{\"name\":\"Sebastiano Plutino\",\"@id\":\"https:\/\/progettotouring.it\/radiotouring104\/#\/schema\/person\/78613917f1851f041f7483f5af1d422e\"},\"headline\":\"Anassilaos: due incontri dedicati alla Storia, Piazze ed Arte di Reggio\",\"datePublished\":\"2024-10-22T09:13:55+00:00\",\"dateModified\":\"2024-10-22T09:14:25+00:00\",\"mainEntityOfPage\":{\"@id\":\"https:\/\/progettotouring.it\/radiotouring104\/2024\/10\/22\/anassilaos-due-incontri-dedicati-alla-storia-piazze-ed-arte-di-reggio\/\"},\"wordCount\":520,\"publisher\":{\"@id\":\"https:\/\/progettotouring.it\/radiotouring104\/#organization\"},\"image\":{\"@id\":\"https:\/\/progettotouring.it\/radiotouring104\/2024\/10\/22\/anassilaos-due-incontri-dedicati-alla-storia-piazze-ed-arte-di-reggio\/#primaryimage\"},\"thumbnailUrl\":\"https:\/\/progettotouring.it\/radiotouring104\/wp-content\/uploads\/sites\/6\/2024\/10\/Locandina-Anassilaos-Museo.png\",\"keywords\":[\"Antonella Postorino\",\"Associazione Culturale Anassilaos\",\"Claudio Sergi\",\"daniela neri\",\"fabrizio sudano\",\"Irene Calabr\u00f2\",\"Museo Archeologico d Reggio Calabria\",\"Prof. Arch. Renato Lagan\u00e0\"],\"articleSection\":[\"Home\",\"News\",\"Reggio Calabria\"],\"inLanguage\":\"it-IT\"},{\"@type\":\"WebPage\",\"@id\":\"https:\/\/progettotouring.it\/radiotouring104\/2024\/10\/22\/anassilaos-due-incontri-dedicati-alla-storia-piazze-ed-arte-di-reggio\/\",\"url\":\"https:\/\/progettotouring.it\/radiotouring104\/2024\/10\/22\/anassilaos-due-incontri-dedicati-alla-storia-piazze-ed-arte-di-reggio\/\",\"name\":\"Anassilaos: due incontri dedicati alla Storia, Piazze ed Arte di Reggio - Radio Touring 104\",\"isPartOf\":{\"@id\":\"https:\/\/progettotouring.it\/radiotouring104\/#website\"},\"primaryImageOfPage\":{\"@id\":\"https:\/\/progettotouring.it\/radiotouring104\/2024\/10\/22\/anassilaos-due-incontri-dedicati-alla-storia-piazze-ed-arte-di-reggio\/#primaryimage\"},\"image\":{\"@id\":\"https:\/\/progettotouring.it\/radiotouring104\/2024\/10\/22\/anassilaos-due-incontri-dedicati-alla-storia-piazze-ed-arte-di-reggio\/#primaryimage\"},\"thumbnailUrl\":\"https:\/\/progettotouring.it\/radiotouring104\/wp-content\/uploads\/sites\/6\/2024\/10\/Locandina-Anassilaos-Museo.png\",\"datePublished\":\"2024-10-22T09:13:55+00:00\",\"dateModified\":\"2024-10-22T09:14:25+00:00\",\"description\":\"I due incontri promossi dall'Anassilaos si svolgeranno domani presso il Museo e gioved\u00ec alle 16:45 alla Biblioteca De Nava\",\"breadcrumb\":{\"@id\":\"https:\/\/progettotouring.it\/radiotouring104\/2024\/10\/22\/anassilaos-due-incontri-dedicati-alla-storia-piazze-ed-arte-di-reggio\/#breadcrumb\"},\"inLanguage\":\"it-IT\",\"potentialAction\":[{\"@type\":\"ReadAction\",\"target\":[\"https:\/\/progettotouring.it\/radiotouring104\/2024\/10\/22\/anassilaos-due-incontri-dedicati-alla-storia-piazze-ed-arte-di-reggio\/\"]}]},{\"@type\":\"ImageObject\",\"inLanguage\":\"it-IT\",\"@id\":\"https:\/\/progettotouring.it\/radiotouring104\/2024\/10\/22\/anassilaos-due-incontri-dedicati-alla-storia-piazze-ed-arte-di-reggio\/#primaryimage\",\"url\":\"https:\/\/progettotouring.it\/radiotouring104\/wp-content\/uploads\/sites\/6\/2024\/10\/Locandina-Anassilaos-Museo.png\",\"contentUrl\":\"https:\/\/progettotouring.it\/radiotouring104\/wp-content\/uploads\/sites\/6\/2024\/10\/Locandina-Anassilaos-Museo.png\",\"width\":543,\"height\":486},{\"@type\":\"BreadcrumbList\",\"@id\":\"https:\/\/progettotouring.it\/radiotouring104\/2024\/10\/22\/anassilaos-due-incontri-dedicati-alla-storia-piazze-ed-arte-di-reggio\/#breadcrumb\",\"itemListElement\":[{\"@type\":\"ListItem\",\"position\":1,\"name\":\"Home\",\"item\":\"https:\/\/progettotouring.it\/radiotouring104\/\"},{\"@type\":\"ListItem\",\"position\":2,\"name\":\"Anassilaos: due incontri dedicati alla Storia, Piazze ed Arte di Reggio\"}]},{\"@type\":\"WebSite\",\"@id\":\"https:\/\/progettotouring.it\/radiotouring104\/#website\",\"url\":\"https:\/\/progettotouring.it\/radiotouring104\/\",\"name\":\"Radio Touring 104\",\"description\":\"La prima radio Reggina\",\"publisher\":{\"@id\":\"https:\/\/progettotouring.it\/radiotouring104\/#organization\"},\"potentialAction\":[{\"@type\":\"SearchAction\",\"target\":{\"@type\":\"EntryPoint\",\"urlTemplate\":\"https:\/\/progettotouring.it\/radiotouring104\/?s={search_term_string}\"},\"query-input\":{\"@type\":\"PropertyValueSpecification\",\"valueRequired\":true,\"valueName\":\"search_term_string\"}}],\"inLanguage\":\"it-IT\"},{\"@type\":\"Organization\",\"@id\":\"https:\/\/progettotouring.it\/radiotouring104\/#organization\",\"name\":\"Radio Touring 104\",\"url\":\"https:\/\/progettotouring.it\/radiotouring104\/\",\"logo\":{\"@type\":\"ImageObject\",\"inLanguage\":\"it-IT\",\"@id\":\"https:\/\/progettotouring.it\/radiotouring104\/#\/schema\/logo\/image\/\",\"url\":\"https:\/\/progettotouring.it\/radiotouring104\/wp-content\/uploads\/sites\/6\/2022\/02\/cropped-logo-radio-touring-104.png\",\"contentUrl\":\"https:\/\/progettotouring.it\/radiotouring104\/wp-content\/uploads\/sites\/6\/2022\/02\/cropped-logo-radio-touring-104.png\",\"width\":377,\"height\":182,\"caption\":\"Radio Touring 104\"},\"image\":{\"@id\":\"https:\/\/progettotouring.it\/radiotouring104\/#\/schema\/logo\/image\/\"}},{\"@type\":\"Person\",\"@id\":\"https:\/\/progettotouring.it\/radiotouring104\/#\/schema\/person\/78613917f1851f041f7483f5af1d422e\",\"name\":\"Sebastiano Plutino\",\"image\":{\"@type\":\"ImageObject\",\"inLanguage\":\"it-IT\",\"@id\":\"https:\/\/secure.gravatar.com\/avatar\/0546ffaa9b79224faf9f2a156b67a529ae861d3287c66c1d8ccfdf909bcba78d?s=96&d=mm&r=g\",\"url\":\"https:\/\/secure.gravatar.com\/avatar\/0546ffaa9b79224faf9f2a156b67a529ae861d3287c66c1d8ccfdf909bcba78d?s=96&d=mm&r=g\",\"contentUrl\":\"https:\/\/secure.gravatar.com\/avatar\/0546ffaa9b79224faf9f2a156b67a529ae861d3287c66c1d8ccfdf909bcba78d?s=96&d=mm&r=g\",\"caption\":\"Sebastiano Plutino\"},\"url\":\"https:\/\/progettotouring.it\/radiotouring104\/author\/sebastiano\/\"}]}<\/script>\n<!-- \/ Yoast SEO plugin. -->","yoast_head_json":{"title":"Anassilaos: due incontri dedicati alla Storia, Piazze ed Arte di Reggio - Radio Touring 104","description":"I due incontri promossi dall'Anassilaos si svolgeranno domani presso il Museo e gioved\u00ec alle 16:45 alla Biblioteca De Nava","robots":{"index":"index","follow":"follow","max-snippet":"max-snippet:-1","max-image-preview":"max-image-preview:large","max-video-preview":"max-video-preview:-1"},"canonical":"https:\/\/progettotouring.it\/radiotouring104\/2024\/10\/22\/anassilaos-due-incontri-dedicati-alla-storia-piazze-ed-arte-di-reggio\/","og_locale":"it_IT","og_type":"article","og_title":"Anassilaos: due incontri dedicati alla Storia, Piazze ed Arte di Reggio - Radio Touring 104","og_description":"I due incontri promossi dall'Anassilaos si svolgeranno domani presso il Museo e gioved\u00ec alle 16:45 alla Biblioteca De Nava","og_url":"https:\/\/progettotouring.it\/radiotouring104\/2024\/10\/22\/anassilaos-due-incontri-dedicati-alla-storia-piazze-ed-arte-di-reggio\/","og_site_name":"Radio Touring 104","article_published_time":"2024-10-22T09:13:55+00:00","article_modified_time":"2024-10-22T09:14:25+00:00","og_image":[{"width":543,"height":486,"url":"https:\/\/progettotouring.it\/radiotouring104\/wp-content\/uploads\/sites\/6\/2024\/10\/Locandina-Anassilaos-Museo.png","type":"image\/png"}],"author":"Sebastiano Plutino","twitter_card":"summary_large_image","twitter_misc":{"Scritto da":"Sebastiano Plutino","Tempo di lettura stimato":"3 minuti"},"schema":{"@context":"https:\/\/schema.org","@graph":[{"@type":"Article","@id":"https:\/\/progettotouring.it\/radiotouring104\/2024\/10\/22\/anassilaos-due-incontri-dedicati-alla-storia-piazze-ed-arte-di-reggio\/#article","isPartOf":{"@id":"https:\/\/progettotouring.it\/radiotouring104\/2024\/10\/22\/anassilaos-due-incontri-dedicati-alla-storia-piazze-ed-arte-di-reggio\/"},"author":{"name":"Sebastiano Plutino","@id":"https:\/\/progettotouring.it\/radiotouring104\/#\/schema\/person\/78613917f1851f041f7483f5af1d422e"},"headline":"Anassilaos: due incontri dedicati alla Storia, Piazze ed Arte di Reggio","datePublished":"2024-10-22T09:13:55+00:00","dateModified":"2024-10-22T09:14:25+00:00","mainEntityOfPage":{"@id":"https:\/\/progettotouring.it\/radiotouring104\/2024\/10\/22\/anassilaos-due-incontri-dedicati-alla-storia-piazze-ed-arte-di-reggio\/"},"wordCount":520,"publisher":{"@id":"https:\/\/progettotouring.it\/radiotouring104\/#organization"},"image":{"@id":"https:\/\/progettotouring.it\/radiotouring104\/2024\/10\/22\/anassilaos-due-incontri-dedicati-alla-storia-piazze-ed-arte-di-reggio\/#primaryimage"},"thumbnailUrl":"https:\/\/progettotouring.it\/radiotouring104\/wp-content\/uploads\/sites\/6\/2024\/10\/Locandina-Anassilaos-Museo.png","keywords":["Antonella Postorino","Associazione Culturale Anassilaos","Claudio Sergi","daniela neri","fabrizio sudano","Irene Calabr\u00f2","Museo Archeologico d Reggio Calabria","Prof. Arch. Renato Lagan\u00e0"],"articleSection":["Home","News","Reggio Calabria"],"inLanguage":"it-IT"},{"@type":"WebPage","@id":"https:\/\/progettotouring.it\/radiotouring104\/2024\/10\/22\/anassilaos-due-incontri-dedicati-alla-storia-piazze-ed-arte-di-reggio\/","url":"https:\/\/progettotouring.it\/radiotouring104\/2024\/10\/22\/anassilaos-due-incontri-dedicati-alla-storia-piazze-ed-arte-di-reggio\/","name":"Anassilaos: due incontri dedicati alla Storia, Piazze ed Arte di Reggio - Radio Touring 104","isPartOf":{"@id":"https:\/\/progettotouring.it\/radiotouring104\/#website"},"primaryImageOfPage":{"@id":"https:\/\/progettotouring.it\/radiotouring104\/2024\/10\/22\/anassilaos-due-incontri-dedicati-alla-storia-piazze-ed-arte-di-reggio\/#primaryimage"},"image":{"@id":"https:\/\/progettotouring.it\/radiotouring104\/2024\/10\/22\/anassilaos-due-incontri-dedicati-alla-storia-piazze-ed-arte-di-reggio\/#primaryimage"},"thumbnailUrl":"https:\/\/progettotouring.it\/radiotouring104\/wp-content\/uploads\/sites\/6\/2024\/10\/Locandina-Anassilaos-Museo.png","datePublished":"2024-10-22T09:13:55+00:00","dateModified":"2024-10-22T09:14:25+00:00","description":"I due incontri promossi dall'Anassilaos si svolgeranno domani presso il Museo e gioved\u00ec alle 16:45 alla Biblioteca De Nava","breadcrumb":{"@id":"https:\/\/progettotouring.it\/radiotouring104\/2024\/10\/22\/anassilaos-due-incontri-dedicati-alla-storia-piazze-ed-arte-di-reggio\/#breadcrumb"},"inLanguage":"it-IT","potentialAction":[{"@type":"ReadAction","target":["https:\/\/progettotouring.it\/radiotouring104\/2024\/10\/22\/anassilaos-due-incontri-dedicati-alla-storia-piazze-ed-arte-di-reggio\/"]}]},{"@type":"ImageObject","inLanguage":"it-IT","@id":"https:\/\/progettotouring.it\/radiotouring104\/2024\/10\/22\/anassilaos-due-incontri-dedicati-alla-storia-piazze-ed-arte-di-reggio\/#primaryimage","url":"https:\/\/progettotouring.it\/radiotouring104\/wp-content\/uploads\/sites\/6\/2024\/10\/Locandina-Anassilaos-Museo.png","contentUrl":"https:\/\/progettotouring.it\/radiotouring104\/wp-content\/uploads\/sites\/6\/2024\/10\/Locandina-Anassilaos-Museo.png","width":543,"height":486},{"@type":"BreadcrumbList","@id":"https:\/\/progettotouring.it\/radiotouring104\/2024\/10\/22\/anassilaos-due-incontri-dedicati-alla-storia-piazze-ed-arte-di-reggio\/#breadcrumb","itemListElement":[{"@type":"ListItem","position":1,"name":"Home","item":"https:\/\/progettotouring.it\/radiotouring104\/"},{"@type":"ListItem","position":2,"name":"Anassilaos: due incontri dedicati alla Storia, Piazze ed Arte di Reggio"}]},{"@type":"WebSite","@id":"https:\/\/progettotouring.it\/radiotouring104\/#website","url":"https:\/\/progettotouring.it\/radiotouring104\/","name":"Radio Touring 104","description":"La prima radio Reggina","publisher":{"@id":"https:\/\/progettotouring.it\/radiotouring104\/#organization"},"potentialAction":[{"@type":"SearchAction","target":{"@type":"EntryPoint","urlTemplate":"https:\/\/progettotouring.it\/radiotouring104\/?s={search_term_string}"},"query-input":{"@type":"PropertyValueSpecification","valueRequired":true,"valueName":"search_term_string"}}],"inLanguage":"it-IT"},{"@type":"Organization","@id":"https:\/\/progettotouring.it\/radiotouring104\/#organization","name":"Radio Touring 104","url":"https:\/\/progettotouring.it\/radiotouring104\/","logo":{"@type":"ImageObject","inLanguage":"it-IT","@id":"https:\/\/progettotouring.it\/radiotouring104\/#\/schema\/logo\/image\/","url":"https:\/\/progettotouring.it\/radiotouring104\/wp-content\/uploads\/sites\/6\/2022\/02\/cropped-logo-radio-touring-104.png","contentUrl":"https:\/\/progettotouring.it\/radiotouring104\/wp-content\/uploads\/sites\/6\/2022\/02\/cropped-logo-radio-touring-104.png","width":377,"height":182,"caption":"Radio Touring 104"},"image":{"@id":"https:\/\/progettotouring.it\/radiotouring104\/#\/schema\/logo\/image\/"}},{"@type":"Person","@id":"https:\/\/progettotouring.it\/radiotouring104\/#\/schema\/person\/78613917f1851f041f7483f5af1d422e","name":"Sebastiano Plutino","image":{"@type":"ImageObject","inLanguage":"it-IT","@id":"https:\/\/secure.gravatar.com\/avatar\/0546ffaa9b79224faf9f2a156b67a529ae861d3287c66c1d8ccfdf909bcba78d?s=96&d=mm&r=g","url":"https:\/\/secure.gravatar.com\/avatar\/0546ffaa9b79224faf9f2a156b67a529ae861d3287c66c1d8ccfdf909bcba78d?s=96&d=mm&r=g","contentUrl":"https:\/\/secure.gravatar.com\/avatar\/0546ffaa9b79224faf9f2a156b67a529ae861d3287c66c1d8ccfdf909bcba78d?s=96&d=mm&r=g","caption":"Sebastiano Plutino"},"url":"https:\/\/progettotouring.it\/radiotouring104\/author\/sebastiano\/"}]}},"jetpack_publicize_connections":[],"jetpack_featured_media_url":"https:\/\/progettotouring.it\/radiotouring104\/wp-content\/uploads\/sites\/6\/2024\/10\/Locandina-Anassilaos-Museo.png","jetpack_sharing_enabled":true,"_links":{"self":[{"href":"https:\/\/progettotouring.it\/radiotouring104\/wp-json\/wp\/v2\/posts\/60092","targetHints":{"allow":["GET"]}}],"collection":[{"href":"https:\/\/progettotouring.it\/radiotouring104\/wp-json\/wp\/v2\/posts"}],"about":[{"href":"https:\/\/progettotouring.it\/radiotouring104\/wp-json\/wp\/v2\/types\/post"}],"author":[{"embeddable":true,"href":"https:\/\/progettotouring.it\/radiotouring104\/wp-json\/wp\/v2\/users\/12"}],"replies":[{"embeddable":true,"href":"https:\/\/progettotouring.it\/radiotouring104\/wp-json\/wp\/v2\/comments?post=60092"}],"version-history":[{"count":1,"href":"https:\/\/progettotouring.it\/radiotouring104\/wp-json\/wp\/v2\/posts\/60092\/revisions"}],"predecessor-version":[{"id":60094,"href":"https:\/\/progettotouring.it\/radiotouring104\/wp-json\/wp\/v2\/posts\/60092\/revisions\/60094"}],"wp:featuredmedia":[{"embeddable":true,"href":"https:\/\/progettotouring.it\/radiotouring104\/wp-json\/wp\/v2\/media\/60093"}],"wp:attachment":[{"href":"https:\/\/progettotouring.it\/radiotouring104\/wp-json\/wp\/v2\/media?parent=60092"}],"wp:term":[{"taxonomy":"category","embeddable":true,"href":"https:\/\/progettotouring.it\/radiotouring104\/wp-json\/wp\/v2\/categories?post=60092"},{"taxonomy":"post_tag","embeddable":true,"href":"https:\/\/progettotouring.it\/radiotouring104\/wp-json\/wp\/v2\/tags?post=60092"}],"curies":[{"name":"wp","href":"https:\/\/api.w.org\/{rel}","templated":true}]}}