{"id":60095,"date":"2024-10-22T11:25:12","date_gmt":"2024-10-22T09:25:12","guid":{"rendered":"https:\/\/progettotouring.it\/radiotouring104\/?p=60095"},"modified":"2024-10-22T11:25:12","modified_gmt":"2024-10-22T09:25:12","slug":"lamezia-bruni-soddisfatta-per-la-tappa-dellalzheimer-fest","status":"publish","type":"post","link":"https:\/\/progettotouring.it\/radiotouring104\/2024\/10\/22\/lamezia-bruni-soddisfatta-per-la-tappa-dellalzheimer-fest\/","title":{"rendered":"Lamezia: Bruni soddisfatta per la tappa dell&#8217;Alzheimer Fest"},"content":{"rendered":"<p class=\"xmprfx_MsoNormal\" style=\"text-align: justify\"><em>\u201cDiffondere la conoscenza sulle demenze e ridurre lo stigma che spesso le circonda \u00e8 fondamentale: una maggiore consapevolezza consente di comprendere meglio le sfide affrontate da chi vive con questa condizione. Attraverso il dialogo e le attivit\u00e0, si promuove una cultura che accoglie le diversit\u00e0 e sostiene le persone con demenza, creando ambienti inclusivi e comprensivi. Questi sono alcuni degli aspetti della mission dell&#8217;Alzheimer Fest, un evento nazionale \u2013 diventato itinerante da qualche anno \u2013 dedicato alla sensibilizzazione sulle demenze e sulla malattia di Alzheimer, che il 18 e 19 ottobre 2024 ha fatto tappa a Lamezia Terme, nel Chiostro San Domenico, attirando un pubblico variegato, tra cui famiglie, operatori e volontari\u201d<strong>.<\/strong><\/em><strong> \u00c8 quanto<\/strong> afferma <strong>Amalia Bruni<\/strong>, neurologa, ricercatrice, oggi consigliera regionale e tra i <strong>protagonisti e organizzatori dell\u2019evento.<\/strong><\/p>\n<p class=\"xmprfx_MsoNormal\" style=\"text-align: justify\">L&#8217;Alzheimer Fest 2024, giunta alla sua ottava edizione, ha avuto inizio il 6 settembre a Senigallia, culminando a Lamezia Terme. <strong>Organizzata dall\u2019Associazione per la Ricerca Neurogenetica,<\/strong> fondata nel 1992 proprio da<strong> Amalia Bruni, la manifestazione ha rappresentato un\u2019occasione unica per incontrare malati,<\/strong> famiglie e professionisti, creando alleanze in favore di chi vive con una demenza.<\/p>\n<p class=\"xmprfx_MsoNormal\" style=\"text-align: justify\">Lamezia Terme, infatti, \u00e8 una citt\u00e0 che ha iniziato a parlare di demenza e Alzheimer quando questa tematica era ancora poco diffusa in Italia. Le due giornate dedicate all\u2019Alzheimer Fest<strong> hanno visto la partecipazione attiva dei giovani dell&#8217;Orchestra dell&#8217;Istituto Pitagora Perri Don Milani,<\/strong> che con il loro concerto hanno dato il benvenuto ai partecipanti.<\/p>\n<p class=\"xmprfx_MsoNormal\" style=\"text-align: justify\"><em>\u201cL&#8217;atmosfera festosa ha sottolineato l&#8217;importanza della musica come strumento di connessione emotiva. Le magnifiche foto di Eliana Godino nel progetto \u2018Scatole di vita\u2019 e di Lorenzo Cardamone della compagnia Ba17 hanno immortalato personaggi, ma soprattutto emozioni e frammenti di vita<\/em>\u201d<strong>, spiega ancora Bruni.<\/strong><\/p>\n<p class=\"xmprfx_MsoNormal\" style=\"text-align: justify\"><em>\u201cTantissimi sono stati i momenti di discussione e confronto in cui professionisti, ricercatori, associazioni e collettivit\u00e0 hanno condiviso esperienze e riflessioni sulle demenze, in particolare su tematiche di grande rilievo come il \u2018soccorso\u2019 alle persone con demenza nei vari setting assistenziali, gli screening cognitivi e le consulenze nutrizionali. Sono state messe in evidenza le importanti ricadute dei progetti di ricerca sviluppati dal Centro regionale di Neurogenetica in collaborazione con universit\u00e0 di varie regioni, le ricadute positive dei tanti Caff\u00e8 Alzheimer e la necessit\u00e0 che la Regione Calabria stabilizzi queste realt\u00e0\u201d,<\/em><strong> rimarca ancora la consigliera regionale.<\/strong><\/p>\n<p class=\"xmprfx_MsoNormal\" style=\"text-align: justify\"><strong>Importante la presenza di Michele Farina,<\/strong> presidente e fondatore dell\u2019Alzheimer Fest,<strong> e di Flavio Pagano,<\/strong> giornalista e scrittore<strong>, che ha presentato il suo ultimo lavoro<\/strong> <em>\u201cUn milione di giorni&#8221;<\/em> e le strisce del nuovo fumetto Alz e Aimer, rivolto ai giovani per diffondere la tematica con un linguaggio nuovo. <strong>Presenti anche le responsabili del progetto dei Musei Toscani<\/strong> per l\u2019Alzheimer, insieme a tantissimi partecipanti accorsi da fuori regione.<\/p>\n<p class=\"xmprfx_MsoNormal\" style=\"text-align: justify\"><em>\u201cUn evento dunque riuscitissimo, apertosi con il saluto istituzionale del sindaco Paolo Mascaro e del vicepresidente della giunta, dottor Filippo Pietropaolo, che si intende riproporre stabilmente per segnare un nuovo entusiasmante cammino. Un contenitore di idee, progetti e inclusivit\u00e0 per un futuro da costruire insieme\u201d, c<\/em>onclude Amalia Bruni.<\/p>\n<p class=\"xmprfx_MsoNormal\" style=\"text-align: justify\"><strong>L&#8217;edizione di quest&#8217;anno ha ottenuto i patrocini della Regione Calabria,<\/strong> dell\u2019Amministrazione Provinciale di Catanzaro, del Comune di Lamezia Terme, dell\u2019ASP di Catanzaro e della Fondazione Carical.<\/p>\n<p class=\"xmprfx_MsoNormal\">\n","protected":false},"excerpt":{"rendered":"<p>\u201cDiffondere la conoscenza sulle demenze e ridurre lo stigma che spesso le circonda \u00e8 fondamentale: una maggiore consapevolezza consente di comprendere meglio le sfide affrontate da chi vive con questa&hellip;<\/p>\n","protected":false},"author":12,"featured_media":60096,"comment_status":"closed","ping_status":"open","sticky":false,"template":"","format":"standard","meta":{"_jetpack_memberships_contains_paid_content":false,"footnotes":"","jetpack_publicize_message":"","jetpack_publicize_feature_enabled":true,"jetpack_social_post_already_shared":false,"jetpack_social_options":{"image_generator_settings":{"template":"highway","default_image_id":0,"font":"","enabled":false},"version":2}},"categories":[142,921,196],"tags":[36644,4265,1705,36646,36645],"class_list":["post-60095","post","type-post","status-publish","format-standard","has-post-thumbnail","hentry","category-calabria","category-home","category-news","tag-alzheimer-fest","tag-amalia-bruni","tag-lamezia-terme","tag-michele-farina","tag-orchestra-dellistituto-pitagora-perri-don-milani"],"yoast_head":"<!-- This site is optimized with the Yoast SEO plugin v27.2 - https:\/\/yoast.com\/product\/yoast-seo-wordpress\/ -->\n<title>Lamezia: Bruni soddisfatta per la tappa dell&#039;Alzheimer Fest - Radio Touring 104<\/title>\n<meta name=\"description\" content=\"&quot;Maggiore consapevolezza consente di comprendere meglio le sfide affrontate da chi vive con questa condizione&quot;, dichiara la Consigliera Pd\" \/>\n<meta name=\"robots\" content=\"index, follow, max-snippet:-1, max-image-preview:large, max-video-preview:-1\" \/>\n<link rel=\"canonical\" href=\"https:\/\/progettotouring.it\/radiotouring104\/2024\/10\/22\/lamezia-bruni-soddisfatta-per-la-tappa-dellalzheimer-fest\/\" \/>\n<meta property=\"og:locale\" content=\"it_IT\" \/>\n<meta property=\"og:type\" content=\"article\" \/>\n<meta property=\"og:title\" content=\"Lamezia: Bruni soddisfatta per la tappa dell&#039;Alzheimer Fest - Radio Touring 104\" \/>\n<meta property=\"og:description\" content=\"&quot;Maggiore consapevolezza consente di comprendere meglio le sfide affrontate da chi vive con questa condizione&quot;, dichiara la Consigliera Pd\" \/>\n<meta property=\"og:url\" content=\"https:\/\/progettotouring.it\/radiotouring104\/2024\/10\/22\/lamezia-bruni-soddisfatta-per-la-tappa-dellalzheimer-fest\/\" \/>\n<meta property=\"og:site_name\" content=\"Radio Touring 104\" \/>\n<meta property=\"article:published_time\" content=\"2024-10-22T09:25:12+00:00\" \/>\n<meta property=\"og:image\" content=\"https:\/\/progettotouring.it\/radiotouring104\/wp-content\/uploads\/sites\/6\/2024\/10\/Amalia-Bruni-Alzheimer-Fest-Lamezia.jpeg\" \/>\n\t<meta property=\"og:image:width\" content=\"1200\" \/>\n\t<meta property=\"og:image:height\" content=\"1600\" \/>\n\t<meta property=\"og:image:type\" content=\"image\/jpeg\" \/>\n<meta name=\"author\" content=\"Sebastiano Plutino\" \/>\n<meta name=\"twitter:card\" content=\"summary_large_image\" \/>\n<meta name=\"twitter:label1\" content=\"Scritto da\" \/>\n\t<meta name=\"twitter:data1\" content=\"Sebastiano Plutino\" \/>\n\t<meta name=\"twitter:label2\" content=\"Tempo di lettura stimato\" \/>\n\t<meta name=\"twitter:data2\" content=\"3 minuti\" \/>\n<script type=\"application\/ld+json\" class=\"yoast-schema-graph\">{\"@context\":\"https:\/\/schema.org\",\"@graph\":[{\"@type\":\"Article\",\"@id\":\"https:\/\/progettotouring.it\/radiotouring104\/2024\/10\/22\/lamezia-bruni-soddisfatta-per-la-tappa-dellalzheimer-fest\/#article\",\"isPartOf\":{\"@id\":\"https:\/\/progettotouring.it\/radiotouring104\/2024\/10\/22\/lamezia-bruni-soddisfatta-per-la-tappa-dellalzheimer-fest\/\"},\"author\":{\"name\":\"Sebastiano Plutino\",\"@id\":\"https:\/\/progettotouring.it\/radiotouring104\/#\/schema\/person\/78613917f1851f041f7483f5af1d422e\"},\"headline\":\"Lamezia: Bruni soddisfatta per la tappa dell&#8217;Alzheimer Fest\",\"datePublished\":\"2024-10-22T09:25:12+00:00\",\"mainEntityOfPage\":{\"@id\":\"https:\/\/progettotouring.it\/radiotouring104\/2024\/10\/22\/lamezia-bruni-soddisfatta-per-la-tappa-dellalzheimer-fest\/\"},\"wordCount\":523,\"publisher\":{\"@id\":\"https:\/\/progettotouring.it\/radiotouring104\/#organization\"},\"image\":{\"@id\":\"https:\/\/progettotouring.it\/radiotouring104\/2024\/10\/22\/lamezia-bruni-soddisfatta-per-la-tappa-dellalzheimer-fest\/#primaryimage\"},\"thumbnailUrl\":\"https:\/\/progettotouring.it\/radiotouring104\/wp-content\/uploads\/sites\/6\/2024\/10\/Amalia-Bruni-Alzheimer-Fest-Lamezia.jpeg\",\"keywords\":[\"Alzheimer Fest\",\"Amalia bruni\",\"Lamezia Terme\",\"Michele Farina\",\"Orchestra dell'Istituto Pitagora Perri Don Milani\"],\"articleSection\":[\"Calabria\",\"Home\",\"News\"],\"inLanguage\":\"it-IT\"},{\"@type\":\"WebPage\",\"@id\":\"https:\/\/progettotouring.it\/radiotouring104\/2024\/10\/22\/lamezia-bruni-soddisfatta-per-la-tappa-dellalzheimer-fest\/\",\"url\":\"https:\/\/progettotouring.it\/radiotouring104\/2024\/10\/22\/lamezia-bruni-soddisfatta-per-la-tappa-dellalzheimer-fest\/\",\"name\":\"Lamezia: Bruni soddisfatta per la tappa dell'Alzheimer Fest - Radio Touring 104\",\"isPartOf\":{\"@id\":\"https:\/\/progettotouring.it\/radiotouring104\/#website\"},\"primaryImageOfPage\":{\"@id\":\"https:\/\/progettotouring.it\/radiotouring104\/2024\/10\/22\/lamezia-bruni-soddisfatta-per-la-tappa-dellalzheimer-fest\/#primaryimage\"},\"image\":{\"@id\":\"https:\/\/progettotouring.it\/radiotouring104\/2024\/10\/22\/lamezia-bruni-soddisfatta-per-la-tappa-dellalzheimer-fest\/#primaryimage\"},\"thumbnailUrl\":\"https:\/\/progettotouring.it\/radiotouring104\/wp-content\/uploads\/sites\/6\/2024\/10\/Amalia-Bruni-Alzheimer-Fest-Lamezia.jpeg\",\"datePublished\":\"2024-10-22T09:25:12+00:00\",\"description\":\"\\\"Maggiore consapevolezza consente di comprendere meglio le sfide affrontate da chi vive con questa condizione\\\", dichiara la Consigliera Pd\",\"breadcrumb\":{\"@id\":\"https:\/\/progettotouring.it\/radiotouring104\/2024\/10\/22\/lamezia-bruni-soddisfatta-per-la-tappa-dellalzheimer-fest\/#breadcrumb\"},\"inLanguage\":\"it-IT\",\"potentialAction\":[{\"@type\":\"ReadAction\",\"target\":[\"https:\/\/progettotouring.it\/radiotouring104\/2024\/10\/22\/lamezia-bruni-soddisfatta-per-la-tappa-dellalzheimer-fest\/\"]}]},{\"@type\":\"ImageObject\",\"inLanguage\":\"it-IT\",\"@id\":\"https:\/\/progettotouring.it\/radiotouring104\/2024\/10\/22\/lamezia-bruni-soddisfatta-per-la-tappa-dellalzheimer-fest\/#primaryimage\",\"url\":\"https:\/\/progettotouring.it\/radiotouring104\/wp-content\/uploads\/sites\/6\/2024\/10\/Amalia-Bruni-Alzheimer-Fest-Lamezia.jpeg\",\"contentUrl\":\"https:\/\/progettotouring.it\/radiotouring104\/wp-content\/uploads\/sites\/6\/2024\/10\/Amalia-Bruni-Alzheimer-Fest-Lamezia.jpeg\",\"width\":1200,\"height\":1600},{\"@type\":\"BreadcrumbList\",\"@id\":\"https:\/\/progettotouring.it\/radiotouring104\/2024\/10\/22\/lamezia-bruni-soddisfatta-per-la-tappa-dellalzheimer-fest\/#breadcrumb\",\"itemListElement\":[{\"@type\":\"ListItem\",\"position\":1,\"name\":\"Home\",\"item\":\"https:\/\/progettotouring.it\/radiotouring104\/\"},{\"@type\":\"ListItem\",\"position\":2,\"name\":\"Lamezia: Bruni soddisfatta per la tappa dell&#8217;Alzheimer Fest\"}]},{\"@type\":\"WebSite\",\"@id\":\"https:\/\/progettotouring.it\/radiotouring104\/#website\",\"url\":\"https:\/\/progettotouring.it\/radiotouring104\/\",\"name\":\"Radio Touring 104\",\"description\":\"La prima radio Reggina\",\"publisher\":{\"@id\":\"https:\/\/progettotouring.it\/radiotouring104\/#organization\"},\"potentialAction\":[{\"@type\":\"SearchAction\",\"target\":{\"@type\":\"EntryPoint\",\"urlTemplate\":\"https:\/\/progettotouring.it\/radiotouring104\/?s={search_term_string}\"},\"query-input\":{\"@type\":\"PropertyValueSpecification\",\"valueRequired\":true,\"valueName\":\"search_term_string\"}}],\"inLanguage\":\"it-IT\"},{\"@type\":\"Organization\",\"@id\":\"https:\/\/progettotouring.it\/radiotouring104\/#organization\",\"name\":\"Radio Touring 104\",\"url\":\"https:\/\/progettotouring.it\/radiotouring104\/\",\"logo\":{\"@type\":\"ImageObject\",\"inLanguage\":\"it-IT\",\"@id\":\"https:\/\/progettotouring.it\/radiotouring104\/#\/schema\/logo\/image\/\",\"url\":\"https:\/\/progettotouring.it\/radiotouring104\/wp-content\/uploads\/sites\/6\/2022\/02\/cropped-logo-radio-touring-104.png\",\"contentUrl\":\"https:\/\/progettotouring.it\/radiotouring104\/wp-content\/uploads\/sites\/6\/2022\/02\/cropped-logo-radio-touring-104.png\",\"width\":377,\"height\":182,\"caption\":\"Radio Touring 104\"},\"image\":{\"@id\":\"https:\/\/progettotouring.it\/radiotouring104\/#\/schema\/logo\/image\/\"}},{\"@type\":\"Person\",\"@id\":\"https:\/\/progettotouring.it\/radiotouring104\/#\/schema\/person\/78613917f1851f041f7483f5af1d422e\",\"name\":\"Sebastiano Plutino\",\"image\":{\"@type\":\"ImageObject\",\"inLanguage\":\"it-IT\",\"@id\":\"https:\/\/secure.gravatar.com\/avatar\/0546ffaa9b79224faf9f2a156b67a529ae861d3287c66c1d8ccfdf909bcba78d?s=96&d=mm&r=g\",\"url\":\"https:\/\/secure.gravatar.com\/avatar\/0546ffaa9b79224faf9f2a156b67a529ae861d3287c66c1d8ccfdf909bcba78d?s=96&d=mm&r=g\",\"contentUrl\":\"https:\/\/secure.gravatar.com\/avatar\/0546ffaa9b79224faf9f2a156b67a529ae861d3287c66c1d8ccfdf909bcba78d?s=96&d=mm&r=g\",\"caption\":\"Sebastiano Plutino\"},\"url\":\"https:\/\/progettotouring.it\/radiotouring104\/author\/sebastiano\/\"}]}<\/script>\n<!-- \/ Yoast SEO plugin. -->","yoast_head_json":{"title":"Lamezia: Bruni soddisfatta per la tappa dell'Alzheimer Fest - Radio Touring 104","description":"\"Maggiore consapevolezza consente di comprendere meglio le sfide affrontate da chi vive con questa condizione\", dichiara la Consigliera Pd","robots":{"index":"index","follow":"follow","max-snippet":"max-snippet:-1","max-image-preview":"max-image-preview:large","max-video-preview":"max-video-preview:-1"},"canonical":"https:\/\/progettotouring.it\/radiotouring104\/2024\/10\/22\/lamezia-bruni-soddisfatta-per-la-tappa-dellalzheimer-fest\/","og_locale":"it_IT","og_type":"article","og_title":"Lamezia: Bruni soddisfatta per la tappa dell'Alzheimer Fest - Radio Touring 104","og_description":"\"Maggiore consapevolezza consente di comprendere meglio le sfide affrontate da chi vive con questa condizione\", dichiara la Consigliera Pd","og_url":"https:\/\/progettotouring.it\/radiotouring104\/2024\/10\/22\/lamezia-bruni-soddisfatta-per-la-tappa-dellalzheimer-fest\/","og_site_name":"Radio Touring 104","article_published_time":"2024-10-22T09:25:12+00:00","og_image":[{"width":1200,"height":1600,"url":"https:\/\/progettotouring.it\/radiotouring104\/wp-content\/uploads\/sites\/6\/2024\/10\/Amalia-Bruni-Alzheimer-Fest-Lamezia.jpeg","type":"image\/jpeg"}],"author":"Sebastiano Plutino","twitter_card":"summary_large_image","twitter_misc":{"Scritto da":"Sebastiano Plutino","Tempo di lettura stimato":"3 minuti"},"schema":{"@context":"https:\/\/schema.org","@graph":[{"@type":"Article","@id":"https:\/\/progettotouring.it\/radiotouring104\/2024\/10\/22\/lamezia-bruni-soddisfatta-per-la-tappa-dellalzheimer-fest\/#article","isPartOf":{"@id":"https:\/\/progettotouring.it\/radiotouring104\/2024\/10\/22\/lamezia-bruni-soddisfatta-per-la-tappa-dellalzheimer-fest\/"},"author":{"name":"Sebastiano Plutino","@id":"https:\/\/progettotouring.it\/radiotouring104\/#\/schema\/person\/78613917f1851f041f7483f5af1d422e"},"headline":"Lamezia: Bruni soddisfatta per la tappa dell&#8217;Alzheimer Fest","datePublished":"2024-10-22T09:25:12+00:00","mainEntityOfPage":{"@id":"https:\/\/progettotouring.it\/radiotouring104\/2024\/10\/22\/lamezia-bruni-soddisfatta-per-la-tappa-dellalzheimer-fest\/"},"wordCount":523,"publisher":{"@id":"https:\/\/progettotouring.it\/radiotouring104\/#organization"},"image":{"@id":"https:\/\/progettotouring.it\/radiotouring104\/2024\/10\/22\/lamezia-bruni-soddisfatta-per-la-tappa-dellalzheimer-fest\/#primaryimage"},"thumbnailUrl":"https:\/\/progettotouring.it\/radiotouring104\/wp-content\/uploads\/sites\/6\/2024\/10\/Amalia-Bruni-Alzheimer-Fest-Lamezia.jpeg","keywords":["Alzheimer Fest","Amalia bruni","Lamezia Terme","Michele Farina","Orchestra dell'Istituto Pitagora Perri Don Milani"],"articleSection":["Calabria","Home","News"],"inLanguage":"it-IT"},{"@type":"WebPage","@id":"https:\/\/progettotouring.it\/radiotouring104\/2024\/10\/22\/lamezia-bruni-soddisfatta-per-la-tappa-dellalzheimer-fest\/","url":"https:\/\/progettotouring.it\/radiotouring104\/2024\/10\/22\/lamezia-bruni-soddisfatta-per-la-tappa-dellalzheimer-fest\/","name":"Lamezia: Bruni soddisfatta per la tappa dell'Alzheimer Fest - Radio Touring 104","isPartOf":{"@id":"https:\/\/progettotouring.it\/radiotouring104\/#website"},"primaryImageOfPage":{"@id":"https:\/\/progettotouring.it\/radiotouring104\/2024\/10\/22\/lamezia-bruni-soddisfatta-per-la-tappa-dellalzheimer-fest\/#primaryimage"},"image":{"@id":"https:\/\/progettotouring.it\/radiotouring104\/2024\/10\/22\/lamezia-bruni-soddisfatta-per-la-tappa-dellalzheimer-fest\/#primaryimage"},"thumbnailUrl":"https:\/\/progettotouring.it\/radiotouring104\/wp-content\/uploads\/sites\/6\/2024\/10\/Amalia-Bruni-Alzheimer-Fest-Lamezia.jpeg","datePublished":"2024-10-22T09:25:12+00:00","description":"\"Maggiore consapevolezza consente di comprendere meglio le sfide affrontate da chi vive con questa condizione\", dichiara la Consigliera Pd","breadcrumb":{"@id":"https:\/\/progettotouring.it\/radiotouring104\/2024\/10\/22\/lamezia-bruni-soddisfatta-per-la-tappa-dellalzheimer-fest\/#breadcrumb"},"inLanguage":"it-IT","potentialAction":[{"@type":"ReadAction","target":["https:\/\/progettotouring.it\/radiotouring104\/2024\/10\/22\/lamezia-bruni-soddisfatta-per-la-tappa-dellalzheimer-fest\/"]}]},{"@type":"ImageObject","inLanguage":"it-IT","@id":"https:\/\/progettotouring.it\/radiotouring104\/2024\/10\/22\/lamezia-bruni-soddisfatta-per-la-tappa-dellalzheimer-fest\/#primaryimage","url":"https:\/\/progettotouring.it\/radiotouring104\/wp-content\/uploads\/sites\/6\/2024\/10\/Amalia-Bruni-Alzheimer-Fest-Lamezia.jpeg","contentUrl":"https:\/\/progettotouring.it\/radiotouring104\/wp-content\/uploads\/sites\/6\/2024\/10\/Amalia-Bruni-Alzheimer-Fest-Lamezia.jpeg","width":1200,"height":1600},{"@type":"BreadcrumbList","@id":"https:\/\/progettotouring.it\/radiotouring104\/2024\/10\/22\/lamezia-bruni-soddisfatta-per-la-tappa-dellalzheimer-fest\/#breadcrumb","itemListElement":[{"@type":"ListItem","position":1,"name":"Home","item":"https:\/\/progettotouring.it\/radiotouring104\/"},{"@type":"ListItem","position":2,"name":"Lamezia: Bruni soddisfatta per la tappa dell&#8217;Alzheimer Fest"}]},{"@type":"WebSite","@id":"https:\/\/progettotouring.it\/radiotouring104\/#website","url":"https:\/\/progettotouring.it\/radiotouring104\/","name":"Radio Touring 104","description":"La prima radio Reggina","publisher":{"@id":"https:\/\/progettotouring.it\/radiotouring104\/#organization"},"potentialAction":[{"@type":"SearchAction","target":{"@type":"EntryPoint","urlTemplate":"https:\/\/progettotouring.it\/radiotouring104\/?s={search_term_string}"},"query-input":{"@type":"PropertyValueSpecification","valueRequired":true,"valueName":"search_term_string"}}],"inLanguage":"it-IT"},{"@type":"Organization","@id":"https:\/\/progettotouring.it\/radiotouring104\/#organization","name":"Radio Touring 104","url":"https:\/\/progettotouring.it\/radiotouring104\/","logo":{"@type":"ImageObject","inLanguage":"it-IT","@id":"https:\/\/progettotouring.it\/radiotouring104\/#\/schema\/logo\/image\/","url":"https:\/\/progettotouring.it\/radiotouring104\/wp-content\/uploads\/sites\/6\/2022\/02\/cropped-logo-radio-touring-104.png","contentUrl":"https:\/\/progettotouring.it\/radiotouring104\/wp-content\/uploads\/sites\/6\/2022\/02\/cropped-logo-radio-touring-104.png","width":377,"height":182,"caption":"Radio Touring 104"},"image":{"@id":"https:\/\/progettotouring.it\/radiotouring104\/#\/schema\/logo\/image\/"}},{"@type":"Person","@id":"https:\/\/progettotouring.it\/radiotouring104\/#\/schema\/person\/78613917f1851f041f7483f5af1d422e","name":"Sebastiano Plutino","image":{"@type":"ImageObject","inLanguage":"it-IT","@id":"https:\/\/secure.gravatar.com\/avatar\/0546ffaa9b79224faf9f2a156b67a529ae861d3287c66c1d8ccfdf909bcba78d?s=96&d=mm&r=g","url":"https:\/\/secure.gravatar.com\/avatar\/0546ffaa9b79224faf9f2a156b67a529ae861d3287c66c1d8ccfdf909bcba78d?s=96&d=mm&r=g","contentUrl":"https:\/\/secure.gravatar.com\/avatar\/0546ffaa9b79224faf9f2a156b67a529ae861d3287c66c1d8ccfdf909bcba78d?s=96&d=mm&r=g","caption":"Sebastiano Plutino"},"url":"https:\/\/progettotouring.it\/radiotouring104\/author\/sebastiano\/"}]}},"jetpack_publicize_connections":[],"jetpack_featured_media_url":"https:\/\/progettotouring.it\/radiotouring104\/wp-content\/uploads\/sites\/6\/2024\/10\/Amalia-Bruni-Alzheimer-Fest-Lamezia.jpeg","jetpack_sharing_enabled":true,"_links":{"self":[{"href":"https:\/\/progettotouring.it\/radiotouring104\/wp-json\/wp\/v2\/posts\/60095","targetHints":{"allow":["GET"]}}],"collection":[{"href":"https:\/\/progettotouring.it\/radiotouring104\/wp-json\/wp\/v2\/posts"}],"about":[{"href":"https:\/\/progettotouring.it\/radiotouring104\/wp-json\/wp\/v2\/types\/post"}],"author":[{"embeddable":true,"href":"https:\/\/progettotouring.it\/radiotouring104\/wp-json\/wp\/v2\/users\/12"}],"replies":[{"embeddable":true,"href":"https:\/\/progettotouring.it\/radiotouring104\/wp-json\/wp\/v2\/comments?post=60095"}],"version-history":[{"count":1,"href":"https:\/\/progettotouring.it\/radiotouring104\/wp-json\/wp\/v2\/posts\/60095\/revisions"}],"predecessor-version":[{"id":60097,"href":"https:\/\/progettotouring.it\/radiotouring104\/wp-json\/wp\/v2\/posts\/60095\/revisions\/60097"}],"wp:featuredmedia":[{"embeddable":true,"href":"https:\/\/progettotouring.it\/radiotouring104\/wp-json\/wp\/v2\/media\/60096"}],"wp:attachment":[{"href":"https:\/\/progettotouring.it\/radiotouring104\/wp-json\/wp\/v2\/media?parent=60095"}],"wp:term":[{"taxonomy":"category","embeddable":true,"href":"https:\/\/progettotouring.it\/radiotouring104\/wp-json\/wp\/v2\/categories?post=60095"},{"taxonomy":"post_tag","embeddable":true,"href":"https:\/\/progettotouring.it\/radiotouring104\/wp-json\/wp\/v2\/tags?post=60095"}],"curies":[{"name":"wp","href":"https:\/\/api.w.org\/{rel}","templated":true}]}}