{"id":60099,"date":"2024-10-22T11:36:21","date_gmt":"2024-10-22T09:36:21","guid":{"rendered":"https:\/\/progettotouring.it\/radiotouring104\/?p=60099"},"modified":"2024-10-22T11:36:21","modified_gmt":"2024-10-22T09:36:21","slug":"a-taurianova-capitale-del-libro-il-convegno-internazionale-dei-critici-letterari","status":"publish","type":"post","link":"https:\/\/progettotouring.it\/radiotouring104\/2024\/10\/22\/a-taurianova-capitale-del-libro-il-convegno-internazionale-dei-critici-letterari\/","title":{"rendered":"A Taurianova Capitale del Libro il \u201cConvegno Internazionale dei Critici Letterari\u201d"},"content":{"rendered":"<p class=\"xmprfx_MsoNormal\" style=\"text-align: justify\"><span lang=\"it\">Venerd\u00ec 25 e sabato 26 ottobre, la Sala Consiliare di Taurianova ospiter\u00e0 il <b>Convegno Internazionale dei critici Letterari<\/b>, curato dall\u2019A.I.C.L. (Associazione Internazionale Critici Letterari) in collaborazione con l\u2019Amministrazione Comunale. Un evento di grande rilievo che pone la citt\u00e0 Capitale Italiana del Libro al centro del dibattito letterario internazionale e che avr\u00e0 come tematica\u00a0<b>\u201cIl Mediterraneo: da Corrado Alvaro alla letteratura moderna\u201d<\/b>.<\/span><\/p>\n<p class=\"xmprfx_MsoNormal\" style=\"text-align: justify\"><span lang=\"it\">\u00a0<\/span><\/p>\n<p class=\"xmprfx_MsoNormal\" style=\"text-align: justify\"><span lang=\"it\">Partendo dalla figura di Corrado Alvaro, critici letterari, accademici, studiosi e scrittori da diversi paesi del mondo, come Spagna, Portogallo, Austria, Romania, USA, Francia, e da numerose citt\u00e0 italiane tra cui Cagliari, Roma, Taranto, Modica, Matera, Ispica e Torino, si confronteranno non solo sull\u2019opera del grande scrittore calabrese, ma amplieranno l\u2019indagine anche ai tanti autori che hanno reso il Mediterraneo protagonista importante della loro produzione.<\/span><\/p>\n<p class=\"xmprfx_MsoNormal\" style=\"text-align: justify\"><span lang=\"it\">\u00a0<\/span><\/p>\n<p class=\"xmprfx_MsoNormal\" style=\"text-align: justify\"><span lang=\"it\"><strong>Un evento fortemente voluto<\/strong> a Taurianova dalla presidente dell\u2019A.I.C.L.\u00a0<b>Neria De Giovanni<\/b>, <strong>che ha dichiarato<\/strong>:\u00a0<i>\u00abCrediamo molto nella cultura e nella letteratura come veicolo di conoscenza reciproca tra i popoli. Il silenzio molte volte pu\u00f2 generare ambiguit\u00e0,\u00a0 invece la parola, soprattutto quella scritta, \u00e8 veicolo di libert\u00e0. Siamo fortemente convinti che il libro sia il maggiore strumento di diffusione della cultura e la sua difesa \u00e8 uno dei compiti pi\u00f9 importanti del nostro tempo. Per questo, era importante per noi realizzare l\u2019edizione 2024 del nostro convegno nella citt\u00e0 Capitale Italiana del Libro\u00bb.<\/i><\/span><\/p>\n<p class=\"xmprfx_MsoNormal\" style=\"text-align: justify\"><b><span lang=\"it\">\u00a0<\/span><\/b><\/p>\n<p class=\"xmprfx_MsoNormal\" style=\"text-align: justify\"><span lang=\"it\"><strong>Il convegno porta a Taurianova anche un\u2019importante novit\u00e0:<\/strong> per la prima volta gli atti del convegno &#8211; pubblicati proprio dalla Capitale del Libro 2024 &#8211; verranno distribuiti durante le due giornate di studi, e non dopo mesi dalla conclusione dell\u2019evento come da consuetudine accademica. Un modo per lasciare un segno tangibile del lavoro svolto creando nuove sinergie istituzionali, e stringendo maggiormente il legame con il territorio che ospita il convegno.<\/span><\/p>\n<p class=\"xmprfx_MsoNormal\" style=\"text-align: justify\"><span lang=\"it\">\u00a0<\/span><\/p>\n<p class=\"xmprfx_MsoNormal\" style=\"text-align: justify\"><span lang=\"it\">Taurianova Capitale del Libro si unisce cos\u00ec alle prestigiose istituzioni che negli anni hanno collaborato con l\u2019A.IC.L., come il Ministero del turismo della Grecia, che ha nel 2004 ha ospitato ad Demostene il convegno durante le Olimpiadi di Atene, e la Presidenza del Consiglio dei Ministri, che nel 2011 ha patrocinato e sponsorizzato l\u2019evento, svoltosi a Morra De Sanctis, patria di Francesco De Sanctis, in occasione dei centocinquant\u2019anni del Regno d\u2019Italia.<\/span><\/p>\n<p class=\"xmprfx_MsoNormal\" style=\"text-align: justify\"><span lang=\"it\">\u00a0<\/span><\/p>\n<p class=\"xmprfx_MsoNormal\" style=\"text-align: justify\"><span lang=\"it\">\u00ab<i>Ospitare un evento di questo calibro \u00e8 per noi un grande onore<\/i>\u00a0\u2013 <strong>hanno dichiarato il sindaco di Taurianova<\/strong><b>\u00a0Rocco Biasi\u00a0<\/b>e l\u2019assessore alla Cultura\u00a0<b>Maria Fedele<\/b>\u00a0\u2013.\u00a0<i>perch\u00e9 permette alla nostra cittadina di essere al centro di un dibattito internazionale che non solo celebra l&#8217;opera di un simbolo della letteratura calabrese come Corrado Alvaro, ma riflette sul Mediterraneo come crocevia di culture e punto di incontro di civilt\u00e0, lingue e tradizioni. Questo convegno, che riunisce studiosi e scrittori da tutto il mondo, testimonia il ruolo fondamentale della letteratura come ponte tra le culture e strumento di dialogo e offrir\u00e0 all\u2019intera citt\u00e0 un momento fondamentale di arricchimento culturale\u00bb.<\/i><\/span><b><\/b><\/p>\n<p class=\"xmprfx_MsoNormal\" style=\"text-align: justify\"><b><span lang=\"it\">\u00a0<\/span><\/b><\/p>\n<p class=\"xmprfx_MsoNormal\" style=\"text-align: justify\"><b><span lang=\"it\">Il programma del convegno<\/span><\/b><\/p>\n<p class=\"xmprfx_MsoNormal\" style=\"text-align: justify\"><b><span lang=\"it\">\u00a0<\/span><\/b><\/p>\n<p class=\"xmprfx_MsoNormal\" style=\"text-align: justify\"><span lang=\"it\">L\u2019evento si aprir\u00e0 venerd\u00ec 25 ottobre alle ore 10:00 con i saluti di\u00a0<b>Rocco Biasi<\/b>, Sindaco di Taurianova;\u00a0<b>Maria Fedele<\/b>\u00a0Assessore Cultura Comune di Taurianova e direttore TCIL;\u00a0<b>Pierfranco Bruni,\u00a0<\/b>Presidente della Commissione del MiC per la Capitale del Libro 2024 e socio AICL;\u00a0<b>Neria De Giovanni\u00a0<\/b>Presidente AICL;\u00a0<b>Anna Maria Fazzari<\/b>, Presidente Consulta delle Associazioni di Taurianova;\u00a0<b>Carlo Parisi,<\/b>\u00a0Direttore di Giornalisti Italia e segretario Figec Cisal. Coordina e presiede\u00a0<b>Pierfranco Bruni,<\/b>\u00a0che aprir\u00e0 il convegno con un intervento dal titolo \u201cGiuseppe Berto, Francesco Grisi e Cesare Pavese con gli echi del mare e delle colline di un Mediterraneo vissuto\u201d. Dopo la pausa pranzo, i lavori riprenderanno alle 16:00, coordinati dalla vicepresidente AICL\u00a0<b>Angel Basanta<\/b>\u00a0(Spagna).<\/span><\/p>\n<p class=\"xmprfx_MsoNormal\" style=\"text-align: justify\"><span lang=\"it\">\u00a0<\/span><\/p>\n<p class=\"xmprfx_MsoNormal\" style=\"text-align: justify\"><span lang=\"it\">Sabato 26 ottobre, il convegno proseguir\u00e0 con l\u2019ultima sessione, dalle 10:00 alle 13:00. La chiusura sar\u00e0 affidata al giornalista\u00a0<b>Carlo Parisi<\/b>. Coordina e presiede il vicepresidente AICL\u00a0<b>Stefan Damian<\/b>\u00a0(Romania).<\/span><\/p>\n<p class=\"xmprfx_MsoNormal\" style=\"text-align: justify\"><span lang=\"it\"><strong>Tra le relazioni che verranno presentate, vi sono:<\/strong> \u201c100 a\u00f1os de Marinero en tierra de Rafael Alberti (1924-2024)\u201d di\u00a0<b>Francisco Morales Lomas<\/b>\u00a0dell\u2019Universit\u00e0 di Malaga;\u00a0<b>Sabino Caronia<\/b>, scrittore e critico romano, su \u201cTra terra e mare: Alvaro e il motivo dell\u2019acqua\u201d;\u00a0<b>Andr\u00e9 Ughetto<\/b>, caporedattore della rivista Ph\u0153nix di Marsiglia, su \u201cAlbert Camus, d\u00e9chir\u00e9 entre deux rives\u201d; la sociologa e poeta lucana\u00a0<b>Antonella Pagano<\/b>\u00a0con \u201cCalabria melusina! Il femminile alvariano tra acqua mediterranea e acqua d\u2019Aspromonte\u201d;<\/span><\/p>\n<p class=\"xmprfx_MsoNormal\" style=\"text-align: justify\"><b><span lang=\"it\">Andrea Guiati<\/span><\/b><span lang=\"it\">\u00a0dell\u2019Universit\u00e0 di Buffalo (USA) con \u201cVoci del Mediterraneo\u201d;\u00a0<b>Jean Pierre Castellani<\/b>, Universit\u00e0 di Tours, con \u201cRivages m\u00e9diterran\u00e9ens\u201d; il vicepresidente\u00a0<b>\u00c1ngel Basanta<\/b>, presidente onorario dell\u2019Associazione Spagnola dei critici letterari, con \u201cEspacios del Mediterr\u00e1neo en la narrativa espa\u00f1ola de los siglos XX y XXI. Cuatro calas\u201d;\u00a0<b>\u015etefan Damian<\/b>\u00a0con \u201cIon Minulescu: Giochi ed ombre nella poesia del mare\u201d;\u00a0<b>Tudorel Radu<\/b>, dalla Romania, su \u201cCorrado Alvaro, Panait Istrati, Mediterana \u015fi dictaturile de \u00eenceput de secol XX\u201d; il tesoriere\u00a0<b>Massimo Milza<\/b>\u00a0su \u201cIl romanzo distopico: George Orwell e Corrado Alvaro\u201d;<\/span><\/p>\n<p class=\"xmprfx_MsoNormal\" style=\"text-align: justify\"><b><span lang=\"it\">Duilio Caocci<\/span><\/b><span lang=\"it\">, Universit\u00e0 di Cagliari, su \u201cTra Ivrea e Santu Lussurgiu. Antonio Cossu: la letteratura al servizio della comunit\u00e0\u201d; lo scrittore e drammaturgo\u00a0<b>Franco Idone<\/b>\u00a0su \u201cPoeti di Calabria e di \u03b1\u03c0\u03bf \u039a\u03b1\u03bb\u03b1\u03b2\u03c1\u03b9\u03b1\u201d;\u00a0<b>Flora Salveti<\/b>, docente da Torino, con \u201cIl Mediterraneo in Barca di Simenon\u201d;\u00a0<b>Lucia Trombadore<\/b>, docente da Modica, con \u201cLa signora dell\u2019isola e il Mediterraneo onirico di Corrado Alvaro\u201d;<b>\u00a0Antonio Pileggi\u00a0<\/b>con un ricordo su \u201cTommaso Campanella e La citt\u00e0 del sole\u201d;\u00a0<b>Corrado Monaca<\/b>, direttore strategico per la transizione ecologica, con \u201cIl liberty delle maestranze euro-mediterranee\u201d.<\/span><\/p>\n<p class=\"xmprfx_MsoNormal\" style=\"text-align: justify\"><span lang=\"it\">Concluder\u00e0 la presidente\u00a0<b>Neria De Giovanni<\/b>\u00a0con una breve riflessione su \u201cCorrado Alvaro da un Mediterraneo che parla di Europa\u201d.<\/span><\/p>\n<p class=\"xmprfx_MsoNormal\"><span lang=\"it\">\u00a0<\/span><\/p>\n","protected":false},"excerpt":{"rendered":"<p>Venerd\u00ec 25 e sabato 26 ottobre, la Sala Consiliare di Taurianova ospiter\u00e0 il Convegno Internazionale dei critici Letterari, curato dall\u2019A.I.C.L. (Associazione Internazionale Critici Letterari) in collaborazione con l\u2019Amministrazione Comunale. Un&hellip;<\/p>\n","protected":false},"author":12,"featured_media":60100,"comment_status":"closed","ping_status":"open","sticky":false,"template":"","format":"standard","meta":{"_jetpack_memberships_contains_paid_content":false,"footnotes":"","jetpack_publicize_message":"","jetpack_publicize_feature_enabled":true,"jetpack_social_post_already_shared":false,"jetpack_social_options":{"image_generator_settings":{"template":"highway","default_image_id":0,"font":"","enabled":false},"version":2}},"categories":[921,196,140],"tags":[36647,18230,33373,7103,36648,14122,31675],"class_list":["post-60099","post","type-post","status-publish","format-standard","has-post-thumbnail","hentry","category-home","category-news","category-reggio-calabria","tag-convegno-internazionale-dei-critici-letterari","tag-corrado-alvaro","tag-letteratura","tag-mediterraneo","tag-neria-de-giovanni","tag-rocco-biasi","tag-taurianova-capitale-del-libro-2024"],"yoast_head":"<!-- This site is optimized with the Yoast SEO plugin v27.2 - https:\/\/yoast.com\/product\/yoast-seo-wordpress\/ -->\n<title>A Taurianova Capitale del Libro il \u201cConvegno Internazionale dei Critici Letterari\u201d - Radio Touring 104<\/title>\n<meta name=\"description\" content=\"\u201cConvegno Internazionale dei Critici Letterari\u201d su Corrado Alvaro, il Mediterraneo e la letteratura, si svolger\u00e0 il 25 e 26 ottobre.\" \/>\n<meta name=\"robots\" content=\"index, follow, max-snippet:-1, max-image-preview:large, max-video-preview:-1\" \/>\n<link rel=\"canonical\" href=\"https:\/\/progettotouring.it\/radiotouring104\/2024\/10\/22\/a-taurianova-capitale-del-libro-il-convegno-internazionale-dei-critici-letterari\/\" \/>\n<meta property=\"og:locale\" content=\"it_IT\" \/>\n<meta property=\"og:type\" content=\"article\" \/>\n<meta property=\"og:title\" content=\"A Taurianova Capitale del Libro il \u201cConvegno Internazionale dei Critici Letterari\u201d - Radio Touring 104\" \/>\n<meta property=\"og:description\" content=\"\u201cConvegno Internazionale dei Critici Letterari\u201d su Corrado Alvaro, il Mediterraneo e la letteratura, si svolger\u00e0 il 25 e 26 ottobre.\" \/>\n<meta property=\"og:url\" content=\"https:\/\/progettotouring.it\/radiotouring104\/2024\/10\/22\/a-taurianova-capitale-del-libro-il-convegno-internazionale-dei-critici-letterari\/\" \/>\n<meta property=\"og:site_name\" content=\"Radio Touring 104\" \/>\n<meta property=\"article:published_time\" content=\"2024-10-22T09:36:21+00:00\" \/>\n<meta property=\"og:image\" content=\"https:\/\/progettotouring.it\/radiotouring104\/wp-content\/uploads\/sites\/6\/2024\/10\/Municipio-e-Piazza-Liberta-Taurianova-.jpeg\" \/>\n\t<meta property=\"og:image:width\" content=\"1600\" \/>\n\t<meta property=\"og:image:height\" content=\"900\" \/>\n\t<meta property=\"og:image:type\" content=\"image\/jpeg\" \/>\n<meta name=\"author\" content=\"Sebastiano Plutino\" \/>\n<meta name=\"twitter:card\" content=\"summary_large_image\" \/>\n<meta name=\"twitter:label1\" content=\"Scritto da\" \/>\n\t<meta name=\"twitter:data1\" content=\"Sebastiano Plutino\" \/>\n\t<meta name=\"twitter:label2\" content=\"Tempo di lettura stimato\" \/>\n\t<meta name=\"twitter:data2\" content=\"5 minuti\" \/>\n<script type=\"application\/ld+json\" class=\"yoast-schema-graph\">{\"@context\":\"https:\/\/schema.org\",\"@graph\":[{\"@type\":\"Article\",\"@id\":\"https:\/\/progettotouring.it\/radiotouring104\/2024\/10\/22\/a-taurianova-capitale-del-libro-il-convegno-internazionale-dei-critici-letterari\/#article\",\"isPartOf\":{\"@id\":\"https:\/\/progettotouring.it\/radiotouring104\/2024\/10\/22\/a-taurianova-capitale-del-libro-il-convegno-internazionale-dei-critici-letterari\/\"},\"author\":{\"name\":\"Sebastiano Plutino\",\"@id\":\"https:\/\/progettotouring.it\/radiotouring104\/#\/schema\/person\/78613917f1851f041f7483f5af1d422e\"},\"headline\":\"A Taurianova Capitale del Libro il \u201cConvegno Internazionale dei Critici Letterari\u201d\",\"datePublished\":\"2024-10-22T09:36:21+00:00\",\"mainEntityOfPage\":{\"@id\":\"https:\/\/progettotouring.it\/radiotouring104\/2024\/10\/22\/a-taurianova-capitale-del-libro-il-convegno-internazionale-dei-critici-letterari\/\"},\"wordCount\":916,\"publisher\":{\"@id\":\"https:\/\/progettotouring.it\/radiotouring104\/#organization\"},\"image\":{\"@id\":\"https:\/\/progettotouring.it\/radiotouring104\/2024\/10\/22\/a-taurianova-capitale-del-libro-il-convegno-internazionale-dei-critici-letterari\/#primaryimage\"},\"thumbnailUrl\":\"https:\/\/progettotouring.it\/radiotouring104\/wp-content\/uploads\/sites\/6\/2024\/10\/Municipio-e-Piazza-Liberta-Taurianova-.jpeg\",\"keywords\":[\"Convegno Internazionale dei critici Letterari\",\"corrado alvaro\",\"letteratura\",\"Mediterraneo\",\"Neria De Giovanni\",\"rocco biasi\",\"Taurianova Capitale del Libro 2024\"],\"articleSection\":[\"Home\",\"News\",\"Reggio Calabria\"],\"inLanguage\":\"it-IT\"},{\"@type\":\"WebPage\",\"@id\":\"https:\/\/progettotouring.it\/radiotouring104\/2024\/10\/22\/a-taurianova-capitale-del-libro-il-convegno-internazionale-dei-critici-letterari\/\",\"url\":\"https:\/\/progettotouring.it\/radiotouring104\/2024\/10\/22\/a-taurianova-capitale-del-libro-il-convegno-internazionale-dei-critici-letterari\/\",\"name\":\"A Taurianova Capitale del Libro il \u201cConvegno Internazionale dei Critici Letterari\u201d - Radio Touring 104\",\"isPartOf\":{\"@id\":\"https:\/\/progettotouring.it\/radiotouring104\/#website\"},\"primaryImageOfPage\":{\"@id\":\"https:\/\/progettotouring.it\/radiotouring104\/2024\/10\/22\/a-taurianova-capitale-del-libro-il-convegno-internazionale-dei-critici-letterari\/#primaryimage\"},\"image\":{\"@id\":\"https:\/\/progettotouring.it\/radiotouring104\/2024\/10\/22\/a-taurianova-capitale-del-libro-il-convegno-internazionale-dei-critici-letterari\/#primaryimage\"},\"thumbnailUrl\":\"https:\/\/progettotouring.it\/radiotouring104\/wp-content\/uploads\/sites\/6\/2024\/10\/Municipio-e-Piazza-Liberta-Taurianova-.jpeg\",\"datePublished\":\"2024-10-22T09:36:21+00:00\",\"description\":\"\u201cConvegno Internazionale dei Critici Letterari\u201d su Corrado Alvaro, il Mediterraneo e la letteratura, si svolger\u00e0 il 25 e 26 ottobre.\",\"breadcrumb\":{\"@id\":\"https:\/\/progettotouring.it\/radiotouring104\/2024\/10\/22\/a-taurianova-capitale-del-libro-il-convegno-internazionale-dei-critici-letterari\/#breadcrumb\"},\"inLanguage\":\"it-IT\",\"potentialAction\":[{\"@type\":\"ReadAction\",\"target\":[\"https:\/\/progettotouring.it\/radiotouring104\/2024\/10\/22\/a-taurianova-capitale-del-libro-il-convegno-internazionale-dei-critici-letterari\/\"]}]},{\"@type\":\"ImageObject\",\"inLanguage\":\"it-IT\",\"@id\":\"https:\/\/progettotouring.it\/radiotouring104\/2024\/10\/22\/a-taurianova-capitale-del-libro-il-convegno-internazionale-dei-critici-letterari\/#primaryimage\",\"url\":\"https:\/\/progettotouring.it\/radiotouring104\/wp-content\/uploads\/sites\/6\/2024\/10\/Municipio-e-Piazza-Liberta-Taurianova-.jpeg\",\"contentUrl\":\"https:\/\/progettotouring.it\/radiotouring104\/wp-content\/uploads\/sites\/6\/2024\/10\/Municipio-e-Piazza-Liberta-Taurianova-.jpeg\",\"width\":1600,\"height\":900},{\"@type\":\"BreadcrumbList\",\"@id\":\"https:\/\/progettotouring.it\/radiotouring104\/2024\/10\/22\/a-taurianova-capitale-del-libro-il-convegno-internazionale-dei-critici-letterari\/#breadcrumb\",\"itemListElement\":[{\"@type\":\"ListItem\",\"position\":1,\"name\":\"Home\",\"item\":\"https:\/\/progettotouring.it\/radiotouring104\/\"},{\"@type\":\"ListItem\",\"position\":2,\"name\":\"A Taurianova Capitale del Libro il \u201cConvegno Internazionale dei Critici Letterari\u201d\"}]},{\"@type\":\"WebSite\",\"@id\":\"https:\/\/progettotouring.it\/radiotouring104\/#website\",\"url\":\"https:\/\/progettotouring.it\/radiotouring104\/\",\"name\":\"Radio Touring 104\",\"description\":\"La prima radio Reggina\",\"publisher\":{\"@id\":\"https:\/\/progettotouring.it\/radiotouring104\/#organization\"},\"potentialAction\":[{\"@type\":\"SearchAction\",\"target\":{\"@type\":\"EntryPoint\",\"urlTemplate\":\"https:\/\/progettotouring.it\/radiotouring104\/?s={search_term_string}\"},\"query-input\":{\"@type\":\"PropertyValueSpecification\",\"valueRequired\":true,\"valueName\":\"search_term_string\"}}],\"inLanguage\":\"it-IT\"},{\"@type\":\"Organization\",\"@id\":\"https:\/\/progettotouring.it\/radiotouring104\/#organization\",\"name\":\"Radio Touring 104\",\"url\":\"https:\/\/progettotouring.it\/radiotouring104\/\",\"logo\":{\"@type\":\"ImageObject\",\"inLanguage\":\"it-IT\",\"@id\":\"https:\/\/progettotouring.it\/radiotouring104\/#\/schema\/logo\/image\/\",\"url\":\"https:\/\/progettotouring.it\/radiotouring104\/wp-content\/uploads\/sites\/6\/2022\/02\/cropped-logo-radio-touring-104.png\",\"contentUrl\":\"https:\/\/progettotouring.it\/radiotouring104\/wp-content\/uploads\/sites\/6\/2022\/02\/cropped-logo-radio-touring-104.png\",\"width\":377,\"height\":182,\"caption\":\"Radio Touring 104\"},\"image\":{\"@id\":\"https:\/\/progettotouring.it\/radiotouring104\/#\/schema\/logo\/image\/\"}},{\"@type\":\"Person\",\"@id\":\"https:\/\/progettotouring.it\/radiotouring104\/#\/schema\/person\/78613917f1851f041f7483f5af1d422e\",\"name\":\"Sebastiano Plutino\",\"image\":{\"@type\":\"ImageObject\",\"inLanguage\":\"it-IT\",\"@id\":\"https:\/\/secure.gravatar.com\/avatar\/0546ffaa9b79224faf9f2a156b67a529ae861d3287c66c1d8ccfdf909bcba78d?s=96&d=mm&r=g\",\"url\":\"https:\/\/secure.gravatar.com\/avatar\/0546ffaa9b79224faf9f2a156b67a529ae861d3287c66c1d8ccfdf909bcba78d?s=96&d=mm&r=g\",\"contentUrl\":\"https:\/\/secure.gravatar.com\/avatar\/0546ffaa9b79224faf9f2a156b67a529ae861d3287c66c1d8ccfdf909bcba78d?s=96&d=mm&r=g\",\"caption\":\"Sebastiano Plutino\"},\"url\":\"https:\/\/progettotouring.it\/radiotouring104\/author\/sebastiano\/\"}]}<\/script>\n<!-- \/ Yoast SEO plugin. -->","yoast_head_json":{"title":"A Taurianova Capitale del Libro il \u201cConvegno Internazionale dei Critici Letterari\u201d - Radio Touring 104","description":"\u201cConvegno Internazionale dei Critici Letterari\u201d su Corrado Alvaro, il Mediterraneo e la letteratura, si svolger\u00e0 il 25 e 26 ottobre.","robots":{"index":"index","follow":"follow","max-snippet":"max-snippet:-1","max-image-preview":"max-image-preview:large","max-video-preview":"max-video-preview:-1"},"canonical":"https:\/\/progettotouring.it\/radiotouring104\/2024\/10\/22\/a-taurianova-capitale-del-libro-il-convegno-internazionale-dei-critici-letterari\/","og_locale":"it_IT","og_type":"article","og_title":"A Taurianova Capitale del Libro il \u201cConvegno Internazionale dei Critici Letterari\u201d - Radio Touring 104","og_description":"\u201cConvegno Internazionale dei Critici Letterari\u201d su Corrado Alvaro, il Mediterraneo e la letteratura, si svolger\u00e0 il 25 e 26 ottobre.","og_url":"https:\/\/progettotouring.it\/radiotouring104\/2024\/10\/22\/a-taurianova-capitale-del-libro-il-convegno-internazionale-dei-critici-letterari\/","og_site_name":"Radio Touring 104","article_published_time":"2024-10-22T09:36:21+00:00","og_image":[{"width":1600,"height":900,"url":"https:\/\/progettotouring.it\/radiotouring104\/wp-content\/uploads\/sites\/6\/2024\/10\/Municipio-e-Piazza-Liberta-Taurianova-.jpeg","type":"image\/jpeg"}],"author":"Sebastiano Plutino","twitter_card":"summary_large_image","twitter_misc":{"Scritto da":"Sebastiano Plutino","Tempo di lettura stimato":"5 minuti"},"schema":{"@context":"https:\/\/schema.org","@graph":[{"@type":"Article","@id":"https:\/\/progettotouring.it\/radiotouring104\/2024\/10\/22\/a-taurianova-capitale-del-libro-il-convegno-internazionale-dei-critici-letterari\/#article","isPartOf":{"@id":"https:\/\/progettotouring.it\/radiotouring104\/2024\/10\/22\/a-taurianova-capitale-del-libro-il-convegno-internazionale-dei-critici-letterari\/"},"author":{"name":"Sebastiano Plutino","@id":"https:\/\/progettotouring.it\/radiotouring104\/#\/schema\/person\/78613917f1851f041f7483f5af1d422e"},"headline":"A Taurianova Capitale del Libro il \u201cConvegno Internazionale dei Critici Letterari\u201d","datePublished":"2024-10-22T09:36:21+00:00","mainEntityOfPage":{"@id":"https:\/\/progettotouring.it\/radiotouring104\/2024\/10\/22\/a-taurianova-capitale-del-libro-il-convegno-internazionale-dei-critici-letterari\/"},"wordCount":916,"publisher":{"@id":"https:\/\/progettotouring.it\/radiotouring104\/#organization"},"image":{"@id":"https:\/\/progettotouring.it\/radiotouring104\/2024\/10\/22\/a-taurianova-capitale-del-libro-il-convegno-internazionale-dei-critici-letterari\/#primaryimage"},"thumbnailUrl":"https:\/\/progettotouring.it\/radiotouring104\/wp-content\/uploads\/sites\/6\/2024\/10\/Municipio-e-Piazza-Liberta-Taurianova-.jpeg","keywords":["Convegno Internazionale dei critici Letterari","corrado alvaro","letteratura","Mediterraneo","Neria De Giovanni","rocco biasi","Taurianova Capitale del Libro 2024"],"articleSection":["Home","News","Reggio Calabria"],"inLanguage":"it-IT"},{"@type":"WebPage","@id":"https:\/\/progettotouring.it\/radiotouring104\/2024\/10\/22\/a-taurianova-capitale-del-libro-il-convegno-internazionale-dei-critici-letterari\/","url":"https:\/\/progettotouring.it\/radiotouring104\/2024\/10\/22\/a-taurianova-capitale-del-libro-il-convegno-internazionale-dei-critici-letterari\/","name":"A Taurianova Capitale del Libro il \u201cConvegno Internazionale dei Critici Letterari\u201d - Radio Touring 104","isPartOf":{"@id":"https:\/\/progettotouring.it\/radiotouring104\/#website"},"primaryImageOfPage":{"@id":"https:\/\/progettotouring.it\/radiotouring104\/2024\/10\/22\/a-taurianova-capitale-del-libro-il-convegno-internazionale-dei-critici-letterari\/#primaryimage"},"image":{"@id":"https:\/\/progettotouring.it\/radiotouring104\/2024\/10\/22\/a-taurianova-capitale-del-libro-il-convegno-internazionale-dei-critici-letterari\/#primaryimage"},"thumbnailUrl":"https:\/\/progettotouring.it\/radiotouring104\/wp-content\/uploads\/sites\/6\/2024\/10\/Municipio-e-Piazza-Liberta-Taurianova-.jpeg","datePublished":"2024-10-22T09:36:21+00:00","description":"\u201cConvegno Internazionale dei Critici Letterari\u201d su Corrado Alvaro, il Mediterraneo e la letteratura, si svolger\u00e0 il 25 e 26 ottobre.","breadcrumb":{"@id":"https:\/\/progettotouring.it\/radiotouring104\/2024\/10\/22\/a-taurianova-capitale-del-libro-il-convegno-internazionale-dei-critici-letterari\/#breadcrumb"},"inLanguage":"it-IT","potentialAction":[{"@type":"ReadAction","target":["https:\/\/progettotouring.it\/radiotouring104\/2024\/10\/22\/a-taurianova-capitale-del-libro-il-convegno-internazionale-dei-critici-letterari\/"]}]},{"@type":"ImageObject","inLanguage":"it-IT","@id":"https:\/\/progettotouring.it\/radiotouring104\/2024\/10\/22\/a-taurianova-capitale-del-libro-il-convegno-internazionale-dei-critici-letterari\/#primaryimage","url":"https:\/\/progettotouring.it\/radiotouring104\/wp-content\/uploads\/sites\/6\/2024\/10\/Municipio-e-Piazza-Liberta-Taurianova-.jpeg","contentUrl":"https:\/\/progettotouring.it\/radiotouring104\/wp-content\/uploads\/sites\/6\/2024\/10\/Municipio-e-Piazza-Liberta-Taurianova-.jpeg","width":1600,"height":900},{"@type":"BreadcrumbList","@id":"https:\/\/progettotouring.it\/radiotouring104\/2024\/10\/22\/a-taurianova-capitale-del-libro-il-convegno-internazionale-dei-critici-letterari\/#breadcrumb","itemListElement":[{"@type":"ListItem","position":1,"name":"Home","item":"https:\/\/progettotouring.it\/radiotouring104\/"},{"@type":"ListItem","position":2,"name":"A Taurianova Capitale del Libro il \u201cConvegno Internazionale dei Critici Letterari\u201d"}]},{"@type":"WebSite","@id":"https:\/\/progettotouring.it\/radiotouring104\/#website","url":"https:\/\/progettotouring.it\/radiotouring104\/","name":"Radio Touring 104","description":"La prima radio Reggina","publisher":{"@id":"https:\/\/progettotouring.it\/radiotouring104\/#organization"},"potentialAction":[{"@type":"SearchAction","target":{"@type":"EntryPoint","urlTemplate":"https:\/\/progettotouring.it\/radiotouring104\/?s={search_term_string}"},"query-input":{"@type":"PropertyValueSpecification","valueRequired":true,"valueName":"search_term_string"}}],"inLanguage":"it-IT"},{"@type":"Organization","@id":"https:\/\/progettotouring.it\/radiotouring104\/#organization","name":"Radio Touring 104","url":"https:\/\/progettotouring.it\/radiotouring104\/","logo":{"@type":"ImageObject","inLanguage":"it-IT","@id":"https:\/\/progettotouring.it\/radiotouring104\/#\/schema\/logo\/image\/","url":"https:\/\/progettotouring.it\/radiotouring104\/wp-content\/uploads\/sites\/6\/2022\/02\/cropped-logo-radio-touring-104.png","contentUrl":"https:\/\/progettotouring.it\/radiotouring104\/wp-content\/uploads\/sites\/6\/2022\/02\/cropped-logo-radio-touring-104.png","width":377,"height":182,"caption":"Radio Touring 104"},"image":{"@id":"https:\/\/progettotouring.it\/radiotouring104\/#\/schema\/logo\/image\/"}},{"@type":"Person","@id":"https:\/\/progettotouring.it\/radiotouring104\/#\/schema\/person\/78613917f1851f041f7483f5af1d422e","name":"Sebastiano Plutino","image":{"@type":"ImageObject","inLanguage":"it-IT","@id":"https:\/\/secure.gravatar.com\/avatar\/0546ffaa9b79224faf9f2a156b67a529ae861d3287c66c1d8ccfdf909bcba78d?s=96&d=mm&r=g","url":"https:\/\/secure.gravatar.com\/avatar\/0546ffaa9b79224faf9f2a156b67a529ae861d3287c66c1d8ccfdf909bcba78d?s=96&d=mm&r=g","contentUrl":"https:\/\/secure.gravatar.com\/avatar\/0546ffaa9b79224faf9f2a156b67a529ae861d3287c66c1d8ccfdf909bcba78d?s=96&d=mm&r=g","caption":"Sebastiano Plutino"},"url":"https:\/\/progettotouring.it\/radiotouring104\/author\/sebastiano\/"}]}},"jetpack_publicize_connections":[],"jetpack_featured_media_url":"https:\/\/progettotouring.it\/radiotouring104\/wp-content\/uploads\/sites\/6\/2024\/10\/Municipio-e-Piazza-Liberta-Taurianova-.jpeg","jetpack_sharing_enabled":true,"_links":{"self":[{"href":"https:\/\/progettotouring.it\/radiotouring104\/wp-json\/wp\/v2\/posts\/60099","targetHints":{"allow":["GET"]}}],"collection":[{"href":"https:\/\/progettotouring.it\/radiotouring104\/wp-json\/wp\/v2\/posts"}],"about":[{"href":"https:\/\/progettotouring.it\/radiotouring104\/wp-json\/wp\/v2\/types\/post"}],"author":[{"embeddable":true,"href":"https:\/\/progettotouring.it\/radiotouring104\/wp-json\/wp\/v2\/users\/12"}],"replies":[{"embeddable":true,"href":"https:\/\/progettotouring.it\/radiotouring104\/wp-json\/wp\/v2\/comments?post=60099"}],"version-history":[{"count":1,"href":"https:\/\/progettotouring.it\/radiotouring104\/wp-json\/wp\/v2\/posts\/60099\/revisions"}],"predecessor-version":[{"id":60101,"href":"https:\/\/progettotouring.it\/radiotouring104\/wp-json\/wp\/v2\/posts\/60099\/revisions\/60101"}],"wp:featuredmedia":[{"embeddable":true,"href":"https:\/\/progettotouring.it\/radiotouring104\/wp-json\/wp\/v2\/media\/60100"}],"wp:attachment":[{"href":"https:\/\/progettotouring.it\/radiotouring104\/wp-json\/wp\/v2\/media?parent=60099"}],"wp:term":[{"taxonomy":"category","embeddable":true,"href":"https:\/\/progettotouring.it\/radiotouring104\/wp-json\/wp\/v2\/categories?post=60099"},{"taxonomy":"post_tag","embeddable":true,"href":"https:\/\/progettotouring.it\/radiotouring104\/wp-json\/wp\/v2\/tags?post=60099"}],"curies":[{"name":"wp","href":"https:\/\/api.w.org\/{rel}","templated":true}]}}