{"id":60105,"date":"2024-10-22T12:07:08","date_gmt":"2024-10-22T10:07:08","guid":{"rendered":"https:\/\/progettotouring.it\/radiotouring104\/?p=60105"},"modified":"2024-10-22T12:07:08","modified_gmt":"2024-10-22T10:07:08","slug":"maltempo-in-calabria-il-sindaco-di-lamezia-chiederemo-lo-stato-di-calamita-naturale","status":"publish","type":"post","link":"https:\/\/progettotouring.it\/radiotouring104\/2024\/10\/22\/maltempo-in-calabria-il-sindaco-di-lamezia-chiederemo-lo-stato-di-calamita-naturale\/","title":{"rendered":"Maltempo in Calabria, il Sindaco di Lamezia: Chiederemo lo stato di Calamit\u00e0 Naturale&#8221;"},"content":{"rendered":"<p style=\"text-align: justify\">&#8220;Il Comune di Lamezia Terme chieder\u00e0 lo stato di calamit\u00e0 naturale&#8221;,<strong> ha dichiarato<\/strong> all&#8217;Ansa\u00a0<strong>il sindaco Paolo Mascaro,<\/strong> contattato dall&#8217;ANSA, <strong>all&#8217;indomani dell&#8217;ondata di maltempo che ha imperversato in citt\u00e0<\/strong> e nell&#8217;hinterland provocando danni ingenti soprattutto nella zona industriale <strong>dove moltissime aziende, in particolare nel comparto agricolo, sono state letteralmente messe in ginocchio.<\/strong><\/p>\n<p style=\"text-align: justify\"><em>&#8220;Stamattina <strong>&#8211;<\/strong><\/em><strong> ha aggiunto Mascaro &#8211;<\/strong><em> chiederemo lo stato di calamit\u00e0 naturale, faremo la delibera di Giunta e la trasmetteremo alla Regione Calabria. Allo stato si \u00e8 intervenuti nella zona pi\u00f9 duramente colpita, quella industriale. C&#8217;\u00e8 stata la mia ordinanza che ha consentito anche di poter far sfociare le acque in mare e quindi ci sono stati lavori di somma urgenza che sono stati realizzati immediatamente. Si \u00e8 intervenuti subito anche rispetto a quanto avvenuto in centro citt\u00e0. Negli edifici scolastici di propriet\u00e0 comunale dove vi erano state infiltrazioni e oggi molte di queste strutture sono chiuse proprio per consentire altri interventi&#8221;.<\/em><\/p>\n<p style=\"text-align: justify\"><em>&#8220;C&#8217;\u00e8 un lavoro di coordinamento h 24 &#8211;<\/em> <strong>ha sottolineato il sindaco di Lamezia Terme &#8211;<\/strong> <em>e si sta monitorando ogni aspetto.<\/em><br \/>\n<em>Anche stamattina si sta seguendo la situazione a San Pietro Lametino e Ginepri, le zone dove ieri sono state evacuate alcune famiglie. Adesso si sono programmati con la Protezione civile e i Vigili del fuoco una miriade di interventi soprattutto per il fango che ha invaso alcune abitazioni, aziende e altri luoghi. Si sta procedendo in questo senso su tutto, e il lavoro del Coc \u00e8 incessante&#8221;.<\/em><\/p>\n<p style=\"text-align: justify\">\n<h3 style=\"text-align: justify\">Maida (Cz): esondato torrente e Comune isolato.<\/h3>\n<p style=\"text-align: justify\">Maltempo nel catanzarese.<\/p>\n<p style=\"text-align: justify\">Situazione critica nel lametino: la SS 280 direzione Lamezia Terme \u00e8 interrotta cos\u00ec come una complanare dell&#8217;arteria per smottamenti e alberi caduti.<\/p>\n<p style=\"text-align: justify\"><strong>Isolato il comune di Maida per l&#8217;esondazione di un torrente.<\/strong><br \/>\nI vigili del fuoco comunicano che si sono <strong>registrate forti criticit\u00e0 dovute alle condizioni meteo avverse in tutta la provincia<\/strong> e in particolare nel comprensorio lametino.<\/p>\n<p style=\"text-align: justify\">Sul posto hanno operato per allagamenti, smottamenti, caduta di alberi squadre squadre del locale distaccamento assieme a squadre della sede centrale e del distaccamento volontario di Taverna. Intervenute in seguito anche ulteriori squadre rispettivamente dai comandi di Cosenza e Crotone.Sul posto inviate unit\u00e0 Saf fluviali che con gommoni pneumatici in dotazione stanno provvedendo a raggiungere alcune abitazioni rimaste isolate causa allagamento delle sedi stradali.<br \/>\nGi\u00e0 dalle prime ore del mattino sono circa 90 gli interventi espletati e in attesa relativi a verifiche per infiltrazioni di acqua e prosciugamenti.<\/p>\n<p id=\"ob\">\n<div id=\"inArticle\">\n<aside>\n<div class=\"ob-smartfeed-wrapper feedIdx-0\">\n<div id=\"outbrain_widget_0\" class=\"OUTBRAIN\" data-src=\"DROP_PERMALINK_HERE\" data-widget-id=\"AR_4\" data-ob-mark=\"true\" data-browser=\"chrome\" data-os=\"win32\" data-dynload=\"\" data-idx=\"0\">\n<div class=\"ob-widget ob-feed-layout CR_7\">\n<div class=\"ob-widget-header\"><span class=\"ob-widget-text\">\u00a0<\/span><\/div>\n<\/div>\n<\/div>\n<\/div>\n<\/aside>\n<\/div>\n<p id=\"ob\">\n<div id=\"inArticle\">\n<aside>\n<div class=\"ob-smartfeed-wrapper feedIdx-0\">\n<div id=\"outbrain_widget_0\" class=\"OUTBRAIN\" data-src=\"DROP_PERMALINK_HERE\" data-widget-id=\"AR_4\" data-ob-mark=\"true\" data-browser=\"chrome\" data-os=\"win32\" data-dynload=\"\" data-idx=\"0\">\n<div class=\"ob-widget ob-feed-layout CR_7\">\n<div class=\"ob-widget-header\"><\/div>\n<\/div>\n<\/div>\n<\/div>\n<\/aside>\n<\/div>\n","protected":false},"excerpt":{"rendered":"<p>&#8220;Il Comune di Lamezia Terme chieder\u00e0 lo stato di calamit\u00e0 naturale&#8221;, ha dichiarato all&#8217;Ansa\u00a0il sindaco Paolo Mascaro, contattato dall&#8217;ANSA, all&#8217;indomani dell&#8217;ondata di maltempo che ha imperversato in citt\u00e0 e nell&#8217;hinterland&hellip;<\/p>\n","protected":false},"author":12,"featured_media":14068,"comment_status":"closed","ping_status":"open","sticky":false,"template":"","format":"standard","meta":{"_jetpack_memberships_contains_paid_content":false,"footnotes":"","jetpack_publicize_message":"","jetpack_publicize_feature_enabled":true,"jetpack_social_post_already_shared":false,"jetpack_social_options":{"image_generator_settings":{"template":"highway","default_image_id":0,"font":"","enabled":false},"version":2}},"categories":[921,196,140],"tags":[36642,698,30450,6705,36653],"class_list":["post-60105","post","type-post","status-publish","format-standard","has-post-thumbnail","hentry","category-home","category-news","category-reggio-calabria","tag-calamita-naturale","tag-catanzaro","tag-maida","tag-maltempo-in-calabria","tag-sindaco-di-lamezia"],"yoast_head":"<!-- This site is optimized with the Yoast SEO plugin v27.2 - https:\/\/yoast.com\/product\/yoast-seo-wordpress\/ -->\n<title>Maltempo in Calabria, il Sindaco di Lamezia: Chiederemo lo stato di Calamit\u00e0 Naturale&quot; - Radio Touring 104<\/title>\n<meta name=\"description\" content=\"il Sindaco lamentino annuncia la richiesta di calamit\u00e0 naturale a causa dei danni provocati dal maltempo. A Maida esondato torrente\" \/>\n<meta name=\"robots\" content=\"index, follow, max-snippet:-1, max-image-preview:large, max-video-preview:-1\" \/>\n<link rel=\"canonical\" href=\"https:\/\/progettotouring.it\/radiotouring104\/2024\/10\/22\/maltempo-in-calabria-il-sindaco-di-lamezia-chiederemo-lo-stato-di-calamita-naturale\/\" \/>\n<meta property=\"og:locale\" content=\"it_IT\" \/>\n<meta property=\"og:type\" content=\"article\" \/>\n<meta property=\"og:title\" content=\"Maltempo in Calabria, il Sindaco di Lamezia: Chiederemo lo stato di Calamit\u00e0 Naturale&quot; - Radio Touring 104\" \/>\n<meta property=\"og:description\" content=\"il Sindaco lamentino annuncia la richiesta di calamit\u00e0 naturale a causa dei danni provocati dal maltempo. A Maida esondato torrente\" \/>\n<meta property=\"og:url\" content=\"https:\/\/progettotouring.it\/radiotouring104\/2024\/10\/22\/maltempo-in-calabria-il-sindaco-di-lamezia-chiederemo-lo-stato-di-calamita-naturale\/\" \/>\n<meta property=\"og:site_name\" content=\"Radio Touring 104\" \/>\n<meta property=\"article:published_time\" content=\"2024-10-22T10:07:08+00:00\" \/>\n<meta property=\"og:image\" content=\"https:\/\/progettotouring.it\/radiotouring104\/wp-content\/uploads\/sites\/6\/2022\/12\/Maltempo-Catanzarese.jpg\" \/>\n\t<meta property=\"og:image:width\" content=\"660\" \/>\n\t<meta property=\"og:image:height\" content=\"368\" \/>\n\t<meta property=\"og:image:type\" content=\"image\/jpeg\" \/>\n<meta name=\"author\" content=\"Sebastiano Plutino\" \/>\n<meta name=\"twitter:card\" content=\"summary_large_image\" \/>\n<meta name=\"twitter:label1\" content=\"Scritto da\" \/>\n\t<meta name=\"twitter:data1\" content=\"Sebastiano Plutino\" \/>\n\t<meta name=\"twitter:label2\" content=\"Tempo di lettura stimato\" \/>\n\t<meta name=\"twitter:data2\" content=\"2 minuti\" \/>\n<script type=\"application\/ld+json\" class=\"yoast-schema-graph\">{\"@context\":\"https:\/\/schema.org\",\"@graph\":[{\"@type\":\"Article\",\"@id\":\"https:\/\/progettotouring.it\/radiotouring104\/2024\/10\/22\/maltempo-in-calabria-il-sindaco-di-lamezia-chiederemo-lo-stato-di-calamita-naturale\/#article\",\"isPartOf\":{\"@id\":\"https:\/\/progettotouring.it\/radiotouring104\/2024\/10\/22\/maltempo-in-calabria-il-sindaco-di-lamezia-chiederemo-lo-stato-di-calamita-naturale\/\"},\"author\":{\"name\":\"Sebastiano Plutino\",\"@id\":\"https:\/\/progettotouring.it\/radiotouring104\/#\/schema\/person\/78613917f1851f041f7483f5af1d422e\"},\"headline\":\"Maltempo in Calabria, il Sindaco di Lamezia: Chiederemo lo stato di Calamit\u00e0 Naturale&#8221;\",\"datePublished\":\"2024-10-22T10:07:08+00:00\",\"mainEntityOfPage\":{\"@id\":\"https:\/\/progettotouring.it\/radiotouring104\/2024\/10\/22\/maltempo-in-calabria-il-sindaco-di-lamezia-chiederemo-lo-stato-di-calamita-naturale\/\"},\"wordCount\":406,\"publisher\":{\"@id\":\"https:\/\/progettotouring.it\/radiotouring104\/#organization\"},\"image\":{\"@id\":\"https:\/\/progettotouring.it\/radiotouring104\/2024\/10\/22\/maltempo-in-calabria-il-sindaco-di-lamezia-chiederemo-lo-stato-di-calamita-naturale\/#primaryimage\"},\"thumbnailUrl\":\"https:\/\/progettotouring.it\/radiotouring104\/wp-content\/uploads\/sites\/6\/2022\/12\/Maltempo-Catanzarese.jpg\",\"keywords\":[\"calamit\u00e0 naturale\",\"catanzaro\",\"Maida\",\"maltempo in calabria\",\"Sindaco di Lamezia\"],\"articleSection\":[\"Home\",\"News\",\"Reggio Calabria\"],\"inLanguage\":\"it-IT\"},{\"@type\":\"WebPage\",\"@id\":\"https:\/\/progettotouring.it\/radiotouring104\/2024\/10\/22\/maltempo-in-calabria-il-sindaco-di-lamezia-chiederemo-lo-stato-di-calamita-naturale\/\",\"url\":\"https:\/\/progettotouring.it\/radiotouring104\/2024\/10\/22\/maltempo-in-calabria-il-sindaco-di-lamezia-chiederemo-lo-stato-di-calamita-naturale\/\",\"name\":\"Maltempo in Calabria, il Sindaco di Lamezia: Chiederemo lo stato di Calamit\u00e0 Naturale\\\" - Radio Touring 104\",\"isPartOf\":{\"@id\":\"https:\/\/progettotouring.it\/radiotouring104\/#website\"},\"primaryImageOfPage\":{\"@id\":\"https:\/\/progettotouring.it\/radiotouring104\/2024\/10\/22\/maltempo-in-calabria-il-sindaco-di-lamezia-chiederemo-lo-stato-di-calamita-naturale\/#primaryimage\"},\"image\":{\"@id\":\"https:\/\/progettotouring.it\/radiotouring104\/2024\/10\/22\/maltempo-in-calabria-il-sindaco-di-lamezia-chiederemo-lo-stato-di-calamita-naturale\/#primaryimage\"},\"thumbnailUrl\":\"https:\/\/progettotouring.it\/radiotouring104\/wp-content\/uploads\/sites\/6\/2022\/12\/Maltempo-Catanzarese.jpg\",\"datePublished\":\"2024-10-22T10:07:08+00:00\",\"description\":\"il Sindaco lamentino annuncia la richiesta di calamit\u00e0 naturale a causa dei danni provocati dal maltempo. A Maida esondato torrente\",\"breadcrumb\":{\"@id\":\"https:\/\/progettotouring.it\/radiotouring104\/2024\/10\/22\/maltempo-in-calabria-il-sindaco-di-lamezia-chiederemo-lo-stato-di-calamita-naturale\/#breadcrumb\"},\"inLanguage\":\"it-IT\",\"potentialAction\":[{\"@type\":\"ReadAction\",\"target\":[\"https:\/\/progettotouring.it\/radiotouring104\/2024\/10\/22\/maltempo-in-calabria-il-sindaco-di-lamezia-chiederemo-lo-stato-di-calamita-naturale\/\"]}]},{\"@type\":\"ImageObject\",\"inLanguage\":\"it-IT\",\"@id\":\"https:\/\/progettotouring.it\/radiotouring104\/2024\/10\/22\/maltempo-in-calabria-il-sindaco-di-lamezia-chiederemo-lo-stato-di-calamita-naturale\/#primaryimage\",\"url\":\"https:\/\/progettotouring.it\/radiotouring104\/wp-content\/uploads\/sites\/6\/2022\/12\/Maltempo-Catanzarese.jpg\",\"contentUrl\":\"https:\/\/progettotouring.it\/radiotouring104\/wp-content\/uploads\/sites\/6\/2022\/12\/Maltempo-Catanzarese.jpg\",\"width\":660,\"height\":368},{\"@type\":\"BreadcrumbList\",\"@id\":\"https:\/\/progettotouring.it\/radiotouring104\/2024\/10\/22\/maltempo-in-calabria-il-sindaco-di-lamezia-chiederemo-lo-stato-di-calamita-naturale\/#breadcrumb\",\"itemListElement\":[{\"@type\":\"ListItem\",\"position\":1,\"name\":\"Home\",\"item\":\"https:\/\/progettotouring.it\/radiotouring104\/\"},{\"@type\":\"ListItem\",\"position\":2,\"name\":\"Maltempo in Calabria, il Sindaco di Lamezia: Chiederemo lo stato di Calamit\u00e0 Naturale&#8221;\"}]},{\"@type\":\"WebSite\",\"@id\":\"https:\/\/progettotouring.it\/radiotouring104\/#website\",\"url\":\"https:\/\/progettotouring.it\/radiotouring104\/\",\"name\":\"Radio Touring 104\",\"description\":\"La prima radio Reggina\",\"publisher\":{\"@id\":\"https:\/\/progettotouring.it\/radiotouring104\/#organization\"},\"potentialAction\":[{\"@type\":\"SearchAction\",\"target\":{\"@type\":\"EntryPoint\",\"urlTemplate\":\"https:\/\/progettotouring.it\/radiotouring104\/?s={search_term_string}\"},\"query-input\":{\"@type\":\"PropertyValueSpecification\",\"valueRequired\":true,\"valueName\":\"search_term_string\"}}],\"inLanguage\":\"it-IT\"},{\"@type\":\"Organization\",\"@id\":\"https:\/\/progettotouring.it\/radiotouring104\/#organization\",\"name\":\"Radio Touring 104\",\"url\":\"https:\/\/progettotouring.it\/radiotouring104\/\",\"logo\":{\"@type\":\"ImageObject\",\"inLanguage\":\"it-IT\",\"@id\":\"https:\/\/progettotouring.it\/radiotouring104\/#\/schema\/logo\/image\/\",\"url\":\"https:\/\/progettotouring.it\/radiotouring104\/wp-content\/uploads\/sites\/6\/2022\/02\/cropped-logo-radio-touring-104.png\",\"contentUrl\":\"https:\/\/progettotouring.it\/radiotouring104\/wp-content\/uploads\/sites\/6\/2022\/02\/cropped-logo-radio-touring-104.png\",\"width\":377,\"height\":182,\"caption\":\"Radio Touring 104\"},\"image\":{\"@id\":\"https:\/\/progettotouring.it\/radiotouring104\/#\/schema\/logo\/image\/\"}},{\"@type\":\"Person\",\"@id\":\"https:\/\/progettotouring.it\/radiotouring104\/#\/schema\/person\/78613917f1851f041f7483f5af1d422e\",\"name\":\"Sebastiano Plutino\",\"image\":{\"@type\":\"ImageObject\",\"inLanguage\":\"it-IT\",\"@id\":\"https:\/\/secure.gravatar.com\/avatar\/0546ffaa9b79224faf9f2a156b67a529ae861d3287c66c1d8ccfdf909bcba78d?s=96&d=mm&r=g\",\"url\":\"https:\/\/secure.gravatar.com\/avatar\/0546ffaa9b79224faf9f2a156b67a529ae861d3287c66c1d8ccfdf909bcba78d?s=96&d=mm&r=g\",\"contentUrl\":\"https:\/\/secure.gravatar.com\/avatar\/0546ffaa9b79224faf9f2a156b67a529ae861d3287c66c1d8ccfdf909bcba78d?s=96&d=mm&r=g\",\"caption\":\"Sebastiano Plutino\"},\"url\":\"https:\/\/progettotouring.it\/radiotouring104\/author\/sebastiano\/\"}]}<\/script>\n<!-- \/ Yoast SEO plugin. -->","yoast_head_json":{"title":"Maltempo in Calabria, il Sindaco di Lamezia: Chiederemo lo stato di Calamit\u00e0 Naturale\" - Radio Touring 104","description":"il Sindaco lamentino annuncia la richiesta di calamit\u00e0 naturale a causa dei danni provocati dal maltempo. A Maida esondato torrente","robots":{"index":"index","follow":"follow","max-snippet":"max-snippet:-1","max-image-preview":"max-image-preview:large","max-video-preview":"max-video-preview:-1"},"canonical":"https:\/\/progettotouring.it\/radiotouring104\/2024\/10\/22\/maltempo-in-calabria-il-sindaco-di-lamezia-chiederemo-lo-stato-di-calamita-naturale\/","og_locale":"it_IT","og_type":"article","og_title":"Maltempo in Calabria, il Sindaco di Lamezia: Chiederemo lo stato di Calamit\u00e0 Naturale\" - Radio Touring 104","og_description":"il Sindaco lamentino annuncia la richiesta di calamit\u00e0 naturale a causa dei danni provocati dal maltempo. A Maida esondato torrente","og_url":"https:\/\/progettotouring.it\/radiotouring104\/2024\/10\/22\/maltempo-in-calabria-il-sindaco-di-lamezia-chiederemo-lo-stato-di-calamita-naturale\/","og_site_name":"Radio Touring 104","article_published_time":"2024-10-22T10:07:08+00:00","og_image":[{"width":660,"height":368,"url":"https:\/\/progettotouring.it\/radiotouring104\/wp-content\/uploads\/sites\/6\/2022\/12\/Maltempo-Catanzarese.jpg","type":"image\/jpeg"}],"author":"Sebastiano Plutino","twitter_card":"summary_large_image","twitter_misc":{"Scritto da":"Sebastiano Plutino","Tempo di lettura stimato":"2 minuti"},"schema":{"@context":"https:\/\/schema.org","@graph":[{"@type":"Article","@id":"https:\/\/progettotouring.it\/radiotouring104\/2024\/10\/22\/maltempo-in-calabria-il-sindaco-di-lamezia-chiederemo-lo-stato-di-calamita-naturale\/#article","isPartOf":{"@id":"https:\/\/progettotouring.it\/radiotouring104\/2024\/10\/22\/maltempo-in-calabria-il-sindaco-di-lamezia-chiederemo-lo-stato-di-calamita-naturale\/"},"author":{"name":"Sebastiano Plutino","@id":"https:\/\/progettotouring.it\/radiotouring104\/#\/schema\/person\/78613917f1851f041f7483f5af1d422e"},"headline":"Maltempo in Calabria, il Sindaco di Lamezia: Chiederemo lo stato di Calamit\u00e0 Naturale&#8221;","datePublished":"2024-10-22T10:07:08+00:00","mainEntityOfPage":{"@id":"https:\/\/progettotouring.it\/radiotouring104\/2024\/10\/22\/maltempo-in-calabria-il-sindaco-di-lamezia-chiederemo-lo-stato-di-calamita-naturale\/"},"wordCount":406,"publisher":{"@id":"https:\/\/progettotouring.it\/radiotouring104\/#organization"},"image":{"@id":"https:\/\/progettotouring.it\/radiotouring104\/2024\/10\/22\/maltempo-in-calabria-il-sindaco-di-lamezia-chiederemo-lo-stato-di-calamita-naturale\/#primaryimage"},"thumbnailUrl":"https:\/\/progettotouring.it\/radiotouring104\/wp-content\/uploads\/sites\/6\/2022\/12\/Maltempo-Catanzarese.jpg","keywords":["calamit\u00e0 naturale","catanzaro","Maida","maltempo in calabria","Sindaco di Lamezia"],"articleSection":["Home","News","Reggio Calabria"],"inLanguage":"it-IT"},{"@type":"WebPage","@id":"https:\/\/progettotouring.it\/radiotouring104\/2024\/10\/22\/maltempo-in-calabria-il-sindaco-di-lamezia-chiederemo-lo-stato-di-calamita-naturale\/","url":"https:\/\/progettotouring.it\/radiotouring104\/2024\/10\/22\/maltempo-in-calabria-il-sindaco-di-lamezia-chiederemo-lo-stato-di-calamita-naturale\/","name":"Maltempo in Calabria, il Sindaco di Lamezia: Chiederemo lo stato di Calamit\u00e0 Naturale\" - Radio Touring 104","isPartOf":{"@id":"https:\/\/progettotouring.it\/radiotouring104\/#website"},"primaryImageOfPage":{"@id":"https:\/\/progettotouring.it\/radiotouring104\/2024\/10\/22\/maltempo-in-calabria-il-sindaco-di-lamezia-chiederemo-lo-stato-di-calamita-naturale\/#primaryimage"},"image":{"@id":"https:\/\/progettotouring.it\/radiotouring104\/2024\/10\/22\/maltempo-in-calabria-il-sindaco-di-lamezia-chiederemo-lo-stato-di-calamita-naturale\/#primaryimage"},"thumbnailUrl":"https:\/\/progettotouring.it\/radiotouring104\/wp-content\/uploads\/sites\/6\/2022\/12\/Maltempo-Catanzarese.jpg","datePublished":"2024-10-22T10:07:08+00:00","description":"il Sindaco lamentino annuncia la richiesta di calamit\u00e0 naturale a causa dei danni provocati dal maltempo. A Maida esondato torrente","breadcrumb":{"@id":"https:\/\/progettotouring.it\/radiotouring104\/2024\/10\/22\/maltempo-in-calabria-il-sindaco-di-lamezia-chiederemo-lo-stato-di-calamita-naturale\/#breadcrumb"},"inLanguage":"it-IT","potentialAction":[{"@type":"ReadAction","target":["https:\/\/progettotouring.it\/radiotouring104\/2024\/10\/22\/maltempo-in-calabria-il-sindaco-di-lamezia-chiederemo-lo-stato-di-calamita-naturale\/"]}]},{"@type":"ImageObject","inLanguage":"it-IT","@id":"https:\/\/progettotouring.it\/radiotouring104\/2024\/10\/22\/maltempo-in-calabria-il-sindaco-di-lamezia-chiederemo-lo-stato-di-calamita-naturale\/#primaryimage","url":"https:\/\/progettotouring.it\/radiotouring104\/wp-content\/uploads\/sites\/6\/2022\/12\/Maltempo-Catanzarese.jpg","contentUrl":"https:\/\/progettotouring.it\/radiotouring104\/wp-content\/uploads\/sites\/6\/2022\/12\/Maltempo-Catanzarese.jpg","width":660,"height":368},{"@type":"BreadcrumbList","@id":"https:\/\/progettotouring.it\/radiotouring104\/2024\/10\/22\/maltempo-in-calabria-il-sindaco-di-lamezia-chiederemo-lo-stato-di-calamita-naturale\/#breadcrumb","itemListElement":[{"@type":"ListItem","position":1,"name":"Home","item":"https:\/\/progettotouring.it\/radiotouring104\/"},{"@type":"ListItem","position":2,"name":"Maltempo in Calabria, il Sindaco di Lamezia: Chiederemo lo stato di Calamit\u00e0 Naturale&#8221;"}]},{"@type":"WebSite","@id":"https:\/\/progettotouring.it\/radiotouring104\/#website","url":"https:\/\/progettotouring.it\/radiotouring104\/","name":"Radio Touring 104","description":"La prima radio Reggina","publisher":{"@id":"https:\/\/progettotouring.it\/radiotouring104\/#organization"},"potentialAction":[{"@type":"SearchAction","target":{"@type":"EntryPoint","urlTemplate":"https:\/\/progettotouring.it\/radiotouring104\/?s={search_term_string}"},"query-input":{"@type":"PropertyValueSpecification","valueRequired":true,"valueName":"search_term_string"}}],"inLanguage":"it-IT"},{"@type":"Organization","@id":"https:\/\/progettotouring.it\/radiotouring104\/#organization","name":"Radio Touring 104","url":"https:\/\/progettotouring.it\/radiotouring104\/","logo":{"@type":"ImageObject","inLanguage":"it-IT","@id":"https:\/\/progettotouring.it\/radiotouring104\/#\/schema\/logo\/image\/","url":"https:\/\/progettotouring.it\/radiotouring104\/wp-content\/uploads\/sites\/6\/2022\/02\/cropped-logo-radio-touring-104.png","contentUrl":"https:\/\/progettotouring.it\/radiotouring104\/wp-content\/uploads\/sites\/6\/2022\/02\/cropped-logo-radio-touring-104.png","width":377,"height":182,"caption":"Radio Touring 104"},"image":{"@id":"https:\/\/progettotouring.it\/radiotouring104\/#\/schema\/logo\/image\/"}},{"@type":"Person","@id":"https:\/\/progettotouring.it\/radiotouring104\/#\/schema\/person\/78613917f1851f041f7483f5af1d422e","name":"Sebastiano Plutino","image":{"@type":"ImageObject","inLanguage":"it-IT","@id":"https:\/\/secure.gravatar.com\/avatar\/0546ffaa9b79224faf9f2a156b67a529ae861d3287c66c1d8ccfdf909bcba78d?s=96&d=mm&r=g","url":"https:\/\/secure.gravatar.com\/avatar\/0546ffaa9b79224faf9f2a156b67a529ae861d3287c66c1d8ccfdf909bcba78d?s=96&d=mm&r=g","contentUrl":"https:\/\/secure.gravatar.com\/avatar\/0546ffaa9b79224faf9f2a156b67a529ae861d3287c66c1d8ccfdf909bcba78d?s=96&d=mm&r=g","caption":"Sebastiano Plutino"},"url":"https:\/\/progettotouring.it\/radiotouring104\/author\/sebastiano\/"}]}},"jetpack_publicize_connections":[],"jetpack_featured_media_url":"https:\/\/progettotouring.it\/radiotouring104\/wp-content\/uploads\/sites\/6\/2022\/12\/Maltempo-Catanzarese.jpg","jetpack_sharing_enabled":true,"_links":{"self":[{"href":"https:\/\/progettotouring.it\/radiotouring104\/wp-json\/wp\/v2\/posts\/60105","targetHints":{"allow":["GET"]}}],"collection":[{"href":"https:\/\/progettotouring.it\/radiotouring104\/wp-json\/wp\/v2\/posts"}],"about":[{"href":"https:\/\/progettotouring.it\/radiotouring104\/wp-json\/wp\/v2\/types\/post"}],"author":[{"embeddable":true,"href":"https:\/\/progettotouring.it\/radiotouring104\/wp-json\/wp\/v2\/users\/12"}],"replies":[{"embeddable":true,"href":"https:\/\/progettotouring.it\/radiotouring104\/wp-json\/wp\/v2\/comments?post=60105"}],"version-history":[{"count":1,"href":"https:\/\/progettotouring.it\/radiotouring104\/wp-json\/wp\/v2\/posts\/60105\/revisions"}],"predecessor-version":[{"id":60106,"href":"https:\/\/progettotouring.it\/radiotouring104\/wp-json\/wp\/v2\/posts\/60105\/revisions\/60106"}],"wp:featuredmedia":[{"embeddable":true,"href":"https:\/\/progettotouring.it\/radiotouring104\/wp-json\/wp\/v2\/media\/14068"}],"wp:attachment":[{"href":"https:\/\/progettotouring.it\/radiotouring104\/wp-json\/wp\/v2\/media?parent=60105"}],"wp:term":[{"taxonomy":"category","embeddable":true,"href":"https:\/\/progettotouring.it\/radiotouring104\/wp-json\/wp\/v2\/categories?post=60105"},{"taxonomy":"post_tag","embeddable":true,"href":"https:\/\/progettotouring.it\/radiotouring104\/wp-json\/wp\/v2\/tags?post=60105"}],"curies":[{"name":"wp","href":"https:\/\/api.w.org\/{rel}","templated":true}]}}