{"id":60112,"date":"2024-10-22T12:27:40","date_gmt":"2024-10-22T10:27:40","guid":{"rendered":"https:\/\/progettotouring.it\/radiotouring104\/?p=60112"},"modified":"2024-10-22T12:27:40","modified_gmt":"2024-10-22T10:27:40","slug":"a-bova-la-commemorazione-di-sergio-cancellara-morto-sul-lavoro","status":"publish","type":"post","link":"https:\/\/progettotouring.it\/radiotouring104\/2024\/10\/22\/a-bova-la-commemorazione-di-sergio-cancellara-morto-sul-lavoro\/","title":{"rendered":"A Bova la commemorazione di Sergio Cancellara, morto sul Lavoro"},"content":{"rendered":"<p style=\"text-align: justify\">\u00c8 fissata per <strong>sabato 26 ottobre alle ore 10:00, presso localit\u00e0 Portella di Bova<\/strong>, (Passo della zzita)<strong> la cerimonia di commemorazione del giovane Sergio Cancellara vittima di un incidente sul lavoro<\/strong>, un tributo che coincide col <strong>quarantesimo anniversario del tragico evento<\/strong>.<\/p>\n<p style=\"text-align: justify\"><strong>A spiegare le motivazioni dell\u2019iniziativa \u00e8 Gianfranco Marino, Vicesindaco<\/strong> del centro aspromontano. <em>\u201cL\u2019appuntamento di sabato prossimo<\/em>\u00a0<em>va oltre la semplice cerimonia di commemorazione, assumendo i connotati di opera di recupero di una memoria dimenticata, un doveroso tributo ad un giovane sfortunato che su queste montagne ha trovato la morte. L\u2019idea<\/em><em> prende le mosse dalla caparbiet\u00e0 di Alfonso Picone Chiodo, appassionato ricercatore di storie aspromontane dimenticate, che attraverso una certosina ricerca \u00e8 riuscito a risalire all\u2019identit\u00e0 dello sfortunato giovane, ricostruendo la vicenda e proponendoci un momento di ricordo e riflessione. Esattamente quarant\u2019anni, come ci ricorda proprio Picone, un elicottero stava posizionando delle reti a protezione della strada, in quel tratto particolarmente esposto alla caduta di massi e durante le delicate operazioni di posa che vedevano impegnati il pilota del velivolo e un operaio, quest\u2019ultimo precipit\u00f2 dalla parete di roccia schiantandosi sulla strada sottostante. In quel luogo teatro della vicenda, fino qualche tempo fa a ricordare la tragicit\u00e0 dell\u2019evento che mise fine ad una giovane vita, c\u2019era solo una anonima croce in ferro, peraltro scomparsa da diverso tempo. Sabato<\/em>\u00a0<em>procederemo alla scopertura di una pietra commemorativa che assocer\u00e0 finalmente un nome ad una vicenda tragica e sconosciuta specie ai pi\u00f9 giovani. Mi preme ringraziare Alfonso Picone Chiodo, per avere dimostrato grande sensibilit\u00e0 oltre a un non comune impegno rispetto ad una attivit\u00e0 di recupero della memoria certamente non facile. Un grazie sentito<\/em>\u00a0<em>da estendere a quanti hanno contribuito attraverso documenti e racconti, a fare riemergere dal dimenticatoio una storia dolorosa, una delle tante ingiustamente dimenticate\u201d, <\/em><strong>dichiara il Vicesindavo di Bova, Gianfranco Marino.<\/strong><\/p>\n<p>&nbsp;<\/p>\n","protected":false},"excerpt":{"rendered":"<p>\u00c8 fissata per sabato 26 ottobre alle ore 10:00, presso localit\u00e0 Portella di Bova, (Passo della zzita) la cerimonia di commemorazione del giovane Sergio Cancellara vittima di un incidente sul&hellip;<\/p>\n","protected":false},"author":12,"featured_media":60113,"comment_status":"closed","ping_status":"open","sticky":false,"template":"","format":"standard","meta":{"_jetpack_memberships_contains_paid_content":false,"footnotes":"","jetpack_publicize_message":"","jetpack_publicize_feature_enabled":true,"jetpack_social_post_already_shared":false,"jetpack_social_options":{"image_generator_settings":{"template":"highway","default_image_id":0,"font":"","enabled":false},"version":2}},"categories":[921,196,140],"tags":[2091,26760,36657,8143,36656],"class_list":["post-60112","post","type-post","status-publish","format-standard","has-post-thumbnail","hentry","category-home","category-news","category-reggio-calabria","tag-bova","tag-commemorazione","tag-commemorazione-di-sergio-cancellara-morto-sul-lavoro","tag-gianfranco-marino","tag-morto-sul-lavoro"],"yoast_head":"<!-- This site is optimized with the Yoast SEO plugin v27.2 - https:\/\/yoast.com\/product\/yoast-seo-wordpress\/ -->\n<title>Bova: sabato commemorazione di Cancellara, morto sul Lavoro<\/title>\n<meta name=\"description\" content=\"La cerimonia di commemorazione di Sergio Cancellara, morto sul lavoro, si svolger\u00e0 a Bova, sabato 26 ottobre, presso localit\u00e0 Portella\" \/>\n<meta name=\"robots\" content=\"index, follow, max-snippet:-1, max-image-preview:large, max-video-preview:-1\" \/>\n<link rel=\"canonical\" href=\"https:\/\/progettotouring.it\/radiotouring104\/2024\/10\/22\/a-bova-la-commemorazione-di-sergio-cancellara-morto-sul-lavoro\/\" \/>\n<meta property=\"og:locale\" content=\"it_IT\" \/>\n<meta property=\"og:type\" content=\"article\" \/>\n<meta property=\"og:title\" content=\"Bova: sabato commemorazione di Cancellara, morto sul Lavoro\" \/>\n<meta property=\"og:description\" content=\"La cerimonia di commemorazione di Sergio Cancellara, morto sul lavoro, si svolger\u00e0 a Bova, sabato 26 ottobre, presso localit\u00e0 Portella\" \/>\n<meta property=\"og:url\" content=\"https:\/\/progettotouring.it\/radiotouring104\/2024\/10\/22\/a-bova-la-commemorazione-di-sergio-cancellara-morto-sul-lavoro\/\" \/>\n<meta property=\"og:site_name\" content=\"Radio Touring 104\" \/>\n<meta property=\"article:published_time\" content=\"2024-10-22T10:27:40+00:00\" \/>\n<meta property=\"og:image\" content=\"https:\/\/progettotouring.it\/radiotouring104\/wp-content\/uploads\/sites\/6\/2024\/10\/Commemorazione-Cancellara-morto-sul-Lavoro-Bova.jpg\" \/>\n\t<meta property=\"og:image:width\" content=\"1030\" \/>\n\t<meta property=\"og:image:height\" content=\"687\" \/>\n\t<meta property=\"og:image:type\" content=\"image\/jpeg\" \/>\n<meta name=\"author\" content=\"Sebastiano Plutino\" \/>\n<meta name=\"twitter:card\" content=\"summary_large_image\" \/>\n<meta name=\"twitter:label1\" content=\"Scritto da\" \/>\n\t<meta name=\"twitter:data1\" content=\"Sebastiano Plutino\" \/>\n\t<meta name=\"twitter:label2\" content=\"Tempo di lettura stimato\" \/>\n\t<meta name=\"twitter:data2\" content=\"2 minuti\" \/>\n<script type=\"application\/ld+json\" class=\"yoast-schema-graph\">{\"@context\":\"https:\/\/schema.org\",\"@graph\":[{\"@type\":\"Article\",\"@id\":\"https:\/\/progettotouring.it\/radiotouring104\/2024\/10\/22\/a-bova-la-commemorazione-di-sergio-cancellara-morto-sul-lavoro\/#article\",\"isPartOf\":{\"@id\":\"https:\/\/progettotouring.it\/radiotouring104\/2024\/10\/22\/a-bova-la-commemorazione-di-sergio-cancellara-morto-sul-lavoro\/\"},\"author\":{\"name\":\"Sebastiano Plutino\",\"@id\":\"https:\/\/progettotouring.it\/radiotouring104\/#\/schema\/person\/78613917f1851f041f7483f5af1d422e\"},\"headline\":\"A Bova la commemorazione di Sergio Cancellara, morto sul Lavoro\",\"datePublished\":\"2024-10-22T10:27:40+00:00\",\"mainEntityOfPage\":{\"@id\":\"https:\/\/progettotouring.it\/radiotouring104\/2024\/10\/22\/a-bova-la-commemorazione-di-sergio-cancellara-morto-sul-lavoro\/\"},\"wordCount\":315,\"publisher\":{\"@id\":\"https:\/\/progettotouring.it\/radiotouring104\/#organization\"},\"image\":{\"@id\":\"https:\/\/progettotouring.it\/radiotouring104\/2024\/10\/22\/a-bova-la-commemorazione-di-sergio-cancellara-morto-sul-lavoro\/#primaryimage\"},\"thumbnailUrl\":\"https:\/\/progettotouring.it\/radiotouring104\/wp-content\/uploads\/sites\/6\/2024\/10\/Commemorazione-Cancellara-morto-sul-Lavoro-Bova.jpg\",\"keywords\":[\"bova\",\"commemorazione\",\"commemorazione di Sergio Cancellara morto sul lavoro\",\"Gianfranco Marino\",\"morto sul lavoro\"],\"articleSection\":[\"Home\",\"News\",\"Reggio Calabria\"],\"inLanguage\":\"it-IT\"},{\"@type\":\"WebPage\",\"@id\":\"https:\/\/progettotouring.it\/radiotouring104\/2024\/10\/22\/a-bova-la-commemorazione-di-sergio-cancellara-morto-sul-lavoro\/\",\"url\":\"https:\/\/progettotouring.it\/radiotouring104\/2024\/10\/22\/a-bova-la-commemorazione-di-sergio-cancellara-morto-sul-lavoro\/\",\"name\":\"Bova: sabato commemorazione di Cancellara, morto sul Lavoro\",\"isPartOf\":{\"@id\":\"https:\/\/progettotouring.it\/radiotouring104\/#website\"},\"primaryImageOfPage\":{\"@id\":\"https:\/\/progettotouring.it\/radiotouring104\/2024\/10\/22\/a-bova-la-commemorazione-di-sergio-cancellara-morto-sul-lavoro\/#primaryimage\"},\"image\":{\"@id\":\"https:\/\/progettotouring.it\/radiotouring104\/2024\/10\/22\/a-bova-la-commemorazione-di-sergio-cancellara-morto-sul-lavoro\/#primaryimage\"},\"thumbnailUrl\":\"https:\/\/progettotouring.it\/radiotouring104\/wp-content\/uploads\/sites\/6\/2024\/10\/Commemorazione-Cancellara-morto-sul-Lavoro-Bova.jpg\",\"datePublished\":\"2024-10-22T10:27:40+00:00\",\"description\":\"La cerimonia di commemorazione di Sergio Cancellara, morto sul lavoro, si svolger\u00e0 a Bova, sabato 26 ottobre, presso localit\u00e0 Portella\",\"breadcrumb\":{\"@id\":\"https:\/\/progettotouring.it\/radiotouring104\/2024\/10\/22\/a-bova-la-commemorazione-di-sergio-cancellara-morto-sul-lavoro\/#breadcrumb\"},\"inLanguage\":\"it-IT\",\"potentialAction\":[{\"@type\":\"ReadAction\",\"target\":[\"https:\/\/progettotouring.it\/radiotouring104\/2024\/10\/22\/a-bova-la-commemorazione-di-sergio-cancellara-morto-sul-lavoro\/\"]}]},{\"@type\":\"ImageObject\",\"inLanguage\":\"it-IT\",\"@id\":\"https:\/\/progettotouring.it\/radiotouring104\/2024\/10\/22\/a-bova-la-commemorazione-di-sergio-cancellara-morto-sul-lavoro\/#primaryimage\",\"url\":\"https:\/\/progettotouring.it\/radiotouring104\/wp-content\/uploads\/sites\/6\/2024\/10\/Commemorazione-Cancellara-morto-sul-Lavoro-Bova.jpg\",\"contentUrl\":\"https:\/\/progettotouring.it\/radiotouring104\/wp-content\/uploads\/sites\/6\/2024\/10\/Commemorazione-Cancellara-morto-sul-Lavoro-Bova.jpg\",\"width\":1030,\"height\":687},{\"@type\":\"BreadcrumbList\",\"@id\":\"https:\/\/progettotouring.it\/radiotouring104\/2024\/10\/22\/a-bova-la-commemorazione-di-sergio-cancellara-morto-sul-lavoro\/#breadcrumb\",\"itemListElement\":[{\"@type\":\"ListItem\",\"position\":1,\"name\":\"Home\",\"item\":\"https:\/\/progettotouring.it\/radiotouring104\/\"},{\"@type\":\"ListItem\",\"position\":2,\"name\":\"A Bova la commemorazione di Sergio Cancellara, morto sul Lavoro\"}]},{\"@type\":\"WebSite\",\"@id\":\"https:\/\/progettotouring.it\/radiotouring104\/#website\",\"url\":\"https:\/\/progettotouring.it\/radiotouring104\/\",\"name\":\"Radio Touring 104\",\"description\":\"La prima radio Reggina\",\"publisher\":{\"@id\":\"https:\/\/progettotouring.it\/radiotouring104\/#organization\"},\"potentialAction\":[{\"@type\":\"SearchAction\",\"target\":{\"@type\":\"EntryPoint\",\"urlTemplate\":\"https:\/\/progettotouring.it\/radiotouring104\/?s={search_term_string}\"},\"query-input\":{\"@type\":\"PropertyValueSpecification\",\"valueRequired\":true,\"valueName\":\"search_term_string\"}}],\"inLanguage\":\"it-IT\"},{\"@type\":\"Organization\",\"@id\":\"https:\/\/progettotouring.it\/radiotouring104\/#organization\",\"name\":\"Radio Touring 104\",\"url\":\"https:\/\/progettotouring.it\/radiotouring104\/\",\"logo\":{\"@type\":\"ImageObject\",\"inLanguage\":\"it-IT\",\"@id\":\"https:\/\/progettotouring.it\/radiotouring104\/#\/schema\/logo\/image\/\",\"url\":\"https:\/\/progettotouring.it\/radiotouring104\/wp-content\/uploads\/sites\/6\/2022\/02\/cropped-logo-radio-touring-104.png\",\"contentUrl\":\"https:\/\/progettotouring.it\/radiotouring104\/wp-content\/uploads\/sites\/6\/2022\/02\/cropped-logo-radio-touring-104.png\",\"width\":377,\"height\":182,\"caption\":\"Radio Touring 104\"},\"image\":{\"@id\":\"https:\/\/progettotouring.it\/radiotouring104\/#\/schema\/logo\/image\/\"}},{\"@type\":\"Person\",\"@id\":\"https:\/\/progettotouring.it\/radiotouring104\/#\/schema\/person\/78613917f1851f041f7483f5af1d422e\",\"name\":\"Sebastiano Plutino\",\"image\":{\"@type\":\"ImageObject\",\"inLanguage\":\"it-IT\",\"@id\":\"https:\/\/secure.gravatar.com\/avatar\/0546ffaa9b79224faf9f2a156b67a529ae861d3287c66c1d8ccfdf909bcba78d?s=96&d=mm&r=g\",\"url\":\"https:\/\/secure.gravatar.com\/avatar\/0546ffaa9b79224faf9f2a156b67a529ae861d3287c66c1d8ccfdf909bcba78d?s=96&d=mm&r=g\",\"contentUrl\":\"https:\/\/secure.gravatar.com\/avatar\/0546ffaa9b79224faf9f2a156b67a529ae861d3287c66c1d8ccfdf909bcba78d?s=96&d=mm&r=g\",\"caption\":\"Sebastiano Plutino\"},\"url\":\"https:\/\/progettotouring.it\/radiotouring104\/author\/sebastiano\/\"}]}<\/script>\n<!-- \/ Yoast SEO plugin. -->","yoast_head_json":{"title":"Bova: sabato commemorazione di Cancellara, morto sul Lavoro","description":"La cerimonia di commemorazione di Sergio Cancellara, morto sul lavoro, si svolger\u00e0 a Bova, sabato 26 ottobre, presso localit\u00e0 Portella","robots":{"index":"index","follow":"follow","max-snippet":"max-snippet:-1","max-image-preview":"max-image-preview:large","max-video-preview":"max-video-preview:-1"},"canonical":"https:\/\/progettotouring.it\/radiotouring104\/2024\/10\/22\/a-bova-la-commemorazione-di-sergio-cancellara-morto-sul-lavoro\/","og_locale":"it_IT","og_type":"article","og_title":"Bova: sabato commemorazione di Cancellara, morto sul Lavoro","og_description":"La cerimonia di commemorazione di Sergio Cancellara, morto sul lavoro, si svolger\u00e0 a Bova, sabato 26 ottobre, presso localit\u00e0 Portella","og_url":"https:\/\/progettotouring.it\/radiotouring104\/2024\/10\/22\/a-bova-la-commemorazione-di-sergio-cancellara-morto-sul-lavoro\/","og_site_name":"Radio Touring 104","article_published_time":"2024-10-22T10:27:40+00:00","og_image":[{"width":1030,"height":687,"url":"https:\/\/progettotouring.it\/radiotouring104\/wp-content\/uploads\/sites\/6\/2024\/10\/Commemorazione-Cancellara-morto-sul-Lavoro-Bova.jpg","type":"image\/jpeg"}],"author":"Sebastiano Plutino","twitter_card":"summary_large_image","twitter_misc":{"Scritto da":"Sebastiano Plutino","Tempo di lettura stimato":"2 minuti"},"schema":{"@context":"https:\/\/schema.org","@graph":[{"@type":"Article","@id":"https:\/\/progettotouring.it\/radiotouring104\/2024\/10\/22\/a-bova-la-commemorazione-di-sergio-cancellara-morto-sul-lavoro\/#article","isPartOf":{"@id":"https:\/\/progettotouring.it\/radiotouring104\/2024\/10\/22\/a-bova-la-commemorazione-di-sergio-cancellara-morto-sul-lavoro\/"},"author":{"name":"Sebastiano Plutino","@id":"https:\/\/progettotouring.it\/radiotouring104\/#\/schema\/person\/78613917f1851f041f7483f5af1d422e"},"headline":"A Bova la commemorazione di Sergio Cancellara, morto sul Lavoro","datePublished":"2024-10-22T10:27:40+00:00","mainEntityOfPage":{"@id":"https:\/\/progettotouring.it\/radiotouring104\/2024\/10\/22\/a-bova-la-commemorazione-di-sergio-cancellara-morto-sul-lavoro\/"},"wordCount":315,"publisher":{"@id":"https:\/\/progettotouring.it\/radiotouring104\/#organization"},"image":{"@id":"https:\/\/progettotouring.it\/radiotouring104\/2024\/10\/22\/a-bova-la-commemorazione-di-sergio-cancellara-morto-sul-lavoro\/#primaryimage"},"thumbnailUrl":"https:\/\/progettotouring.it\/radiotouring104\/wp-content\/uploads\/sites\/6\/2024\/10\/Commemorazione-Cancellara-morto-sul-Lavoro-Bova.jpg","keywords":["bova","commemorazione","commemorazione di Sergio Cancellara morto sul lavoro","Gianfranco Marino","morto sul lavoro"],"articleSection":["Home","News","Reggio Calabria"],"inLanguage":"it-IT"},{"@type":"WebPage","@id":"https:\/\/progettotouring.it\/radiotouring104\/2024\/10\/22\/a-bova-la-commemorazione-di-sergio-cancellara-morto-sul-lavoro\/","url":"https:\/\/progettotouring.it\/radiotouring104\/2024\/10\/22\/a-bova-la-commemorazione-di-sergio-cancellara-morto-sul-lavoro\/","name":"Bova: sabato commemorazione di Cancellara, morto sul Lavoro","isPartOf":{"@id":"https:\/\/progettotouring.it\/radiotouring104\/#website"},"primaryImageOfPage":{"@id":"https:\/\/progettotouring.it\/radiotouring104\/2024\/10\/22\/a-bova-la-commemorazione-di-sergio-cancellara-morto-sul-lavoro\/#primaryimage"},"image":{"@id":"https:\/\/progettotouring.it\/radiotouring104\/2024\/10\/22\/a-bova-la-commemorazione-di-sergio-cancellara-morto-sul-lavoro\/#primaryimage"},"thumbnailUrl":"https:\/\/progettotouring.it\/radiotouring104\/wp-content\/uploads\/sites\/6\/2024\/10\/Commemorazione-Cancellara-morto-sul-Lavoro-Bova.jpg","datePublished":"2024-10-22T10:27:40+00:00","description":"La cerimonia di commemorazione di Sergio Cancellara, morto sul lavoro, si svolger\u00e0 a Bova, sabato 26 ottobre, presso localit\u00e0 Portella","breadcrumb":{"@id":"https:\/\/progettotouring.it\/radiotouring104\/2024\/10\/22\/a-bova-la-commemorazione-di-sergio-cancellara-morto-sul-lavoro\/#breadcrumb"},"inLanguage":"it-IT","potentialAction":[{"@type":"ReadAction","target":["https:\/\/progettotouring.it\/radiotouring104\/2024\/10\/22\/a-bova-la-commemorazione-di-sergio-cancellara-morto-sul-lavoro\/"]}]},{"@type":"ImageObject","inLanguage":"it-IT","@id":"https:\/\/progettotouring.it\/radiotouring104\/2024\/10\/22\/a-bova-la-commemorazione-di-sergio-cancellara-morto-sul-lavoro\/#primaryimage","url":"https:\/\/progettotouring.it\/radiotouring104\/wp-content\/uploads\/sites\/6\/2024\/10\/Commemorazione-Cancellara-morto-sul-Lavoro-Bova.jpg","contentUrl":"https:\/\/progettotouring.it\/radiotouring104\/wp-content\/uploads\/sites\/6\/2024\/10\/Commemorazione-Cancellara-morto-sul-Lavoro-Bova.jpg","width":1030,"height":687},{"@type":"BreadcrumbList","@id":"https:\/\/progettotouring.it\/radiotouring104\/2024\/10\/22\/a-bova-la-commemorazione-di-sergio-cancellara-morto-sul-lavoro\/#breadcrumb","itemListElement":[{"@type":"ListItem","position":1,"name":"Home","item":"https:\/\/progettotouring.it\/radiotouring104\/"},{"@type":"ListItem","position":2,"name":"A Bova la commemorazione di Sergio Cancellara, morto sul Lavoro"}]},{"@type":"WebSite","@id":"https:\/\/progettotouring.it\/radiotouring104\/#website","url":"https:\/\/progettotouring.it\/radiotouring104\/","name":"Radio Touring 104","description":"La prima radio Reggina","publisher":{"@id":"https:\/\/progettotouring.it\/radiotouring104\/#organization"},"potentialAction":[{"@type":"SearchAction","target":{"@type":"EntryPoint","urlTemplate":"https:\/\/progettotouring.it\/radiotouring104\/?s={search_term_string}"},"query-input":{"@type":"PropertyValueSpecification","valueRequired":true,"valueName":"search_term_string"}}],"inLanguage":"it-IT"},{"@type":"Organization","@id":"https:\/\/progettotouring.it\/radiotouring104\/#organization","name":"Radio Touring 104","url":"https:\/\/progettotouring.it\/radiotouring104\/","logo":{"@type":"ImageObject","inLanguage":"it-IT","@id":"https:\/\/progettotouring.it\/radiotouring104\/#\/schema\/logo\/image\/","url":"https:\/\/progettotouring.it\/radiotouring104\/wp-content\/uploads\/sites\/6\/2022\/02\/cropped-logo-radio-touring-104.png","contentUrl":"https:\/\/progettotouring.it\/radiotouring104\/wp-content\/uploads\/sites\/6\/2022\/02\/cropped-logo-radio-touring-104.png","width":377,"height":182,"caption":"Radio Touring 104"},"image":{"@id":"https:\/\/progettotouring.it\/radiotouring104\/#\/schema\/logo\/image\/"}},{"@type":"Person","@id":"https:\/\/progettotouring.it\/radiotouring104\/#\/schema\/person\/78613917f1851f041f7483f5af1d422e","name":"Sebastiano Plutino","image":{"@type":"ImageObject","inLanguage":"it-IT","@id":"https:\/\/secure.gravatar.com\/avatar\/0546ffaa9b79224faf9f2a156b67a529ae861d3287c66c1d8ccfdf909bcba78d?s=96&d=mm&r=g","url":"https:\/\/secure.gravatar.com\/avatar\/0546ffaa9b79224faf9f2a156b67a529ae861d3287c66c1d8ccfdf909bcba78d?s=96&d=mm&r=g","contentUrl":"https:\/\/secure.gravatar.com\/avatar\/0546ffaa9b79224faf9f2a156b67a529ae861d3287c66c1d8ccfdf909bcba78d?s=96&d=mm&r=g","caption":"Sebastiano Plutino"},"url":"https:\/\/progettotouring.it\/radiotouring104\/author\/sebastiano\/"}]}},"jetpack_publicize_connections":[],"jetpack_featured_media_url":"https:\/\/progettotouring.it\/radiotouring104\/wp-content\/uploads\/sites\/6\/2024\/10\/Commemorazione-Cancellara-morto-sul-Lavoro-Bova.jpg","jetpack_sharing_enabled":true,"_links":{"self":[{"href":"https:\/\/progettotouring.it\/radiotouring104\/wp-json\/wp\/v2\/posts\/60112","targetHints":{"allow":["GET"]}}],"collection":[{"href":"https:\/\/progettotouring.it\/radiotouring104\/wp-json\/wp\/v2\/posts"}],"about":[{"href":"https:\/\/progettotouring.it\/radiotouring104\/wp-json\/wp\/v2\/types\/post"}],"author":[{"embeddable":true,"href":"https:\/\/progettotouring.it\/radiotouring104\/wp-json\/wp\/v2\/users\/12"}],"replies":[{"embeddable":true,"href":"https:\/\/progettotouring.it\/radiotouring104\/wp-json\/wp\/v2\/comments?post=60112"}],"version-history":[{"count":1,"href":"https:\/\/progettotouring.it\/radiotouring104\/wp-json\/wp\/v2\/posts\/60112\/revisions"}],"predecessor-version":[{"id":60114,"href":"https:\/\/progettotouring.it\/radiotouring104\/wp-json\/wp\/v2\/posts\/60112\/revisions\/60114"}],"wp:featuredmedia":[{"embeddable":true,"href":"https:\/\/progettotouring.it\/radiotouring104\/wp-json\/wp\/v2\/media\/60113"}],"wp:attachment":[{"href":"https:\/\/progettotouring.it\/radiotouring104\/wp-json\/wp\/v2\/media?parent=60112"}],"wp:term":[{"taxonomy":"category","embeddable":true,"href":"https:\/\/progettotouring.it\/radiotouring104\/wp-json\/wp\/v2\/categories?post=60112"},{"taxonomy":"post_tag","embeddable":true,"href":"https:\/\/progettotouring.it\/radiotouring104\/wp-json\/wp\/v2\/tags?post=60112"}],"curies":[{"name":"wp","href":"https:\/\/api.w.org\/{rel}","templated":true}]}}