{"id":60131,"date":"2024-10-23T09:38:08","date_gmt":"2024-10-23T07:38:08","guid":{"rendered":"https:\/\/progettotouring.it\/radiotouring104\/?p=60131"},"modified":"2024-10-23T09:40:47","modified_gmt":"2024-10-23T07:40:47","slug":"reggio-societa-castore-ricevuta-a-palazzo-san-giorgio","status":"publish","type":"post","link":"https:\/\/progettotouring.it\/radiotouring104\/2024\/10\/23\/reggio-societa-castore-ricevuta-a-palazzo-san-giorgio\/","title":{"rendered":"Reggio: societ\u00e0 Castore ricevuta a Palazzo San Giorgio"},"content":{"rendered":"<p style=\"text-align: justify\"><strong>Una riunione per fare il punto<\/strong> sullo stato dell\u2019arte e per ribadire l\u2019a<strong>pporto positivo dell\u2019Amministrazione comunale alle vicende di Castore SPL S.r.l..,<\/strong> societ\u00e0 per i servizi pubblici locali della Citt\u00e0 Metropolitana e del Comune di Reggio Calabria.<\/p>\n<p style=\"text-align: justify\"><strong>Al tavolo il sindaco Giuseppe Falcomat\u00e0,<\/strong> il Vicesindaco del Comune <strong>Paolo Brunetti,<\/strong> il Vicesindaco metropolitano Carmelo Versace, l\u2019assessore al Personale <strong>Domenico Battaglia,<\/strong> l\u2019Amministratore delegato<strong> Domenico Mallamaci,<\/strong> il Direttore tecnico <strong>Augusto Lacava<\/strong> e le rappresentanze sindacali delle segreterie provinciali di Fisascat Cisl <strong>(Antonio Giordano, Annarosa Marrapodi)<\/strong>, Uiltrasporti<strong> (Bruno Tomaselli),<\/strong> Cgil Filcams <strong>(Valerio Romano e Samantha Caridi)<\/strong>.<\/p>\n<p style=\"text-align: justify\"><strong>L\u2019incontro si \u00e8 svolto in un clima<\/strong> di grande serenit\u00e0 e<strong> collaborazione anche alla luce dei positivi risultati<\/strong> portati avanti dalla societ\u00e0 partecipata. <strong>Mallamaci ha ringraziato l\u2019Amministrazione<\/strong> comunale con il sindaco <strong>Falcomat\u00e0 e l\u2019assessore Battaglia<\/strong> e le organizzazioni sindacali, ed ha sottolineato la grande disponibilit\u00e0 da parte degli uffici comunali nel portare avanti <em>\u00abil programma di miglioramento del canone per riuscire a dare le risposte occupazionali necessarie e indispensabili per la societ\u00e0\u00bb.<\/em><\/p>\n<p style=\"text-align: justify\"><strong>Il sindaco Falcomat\u00e0 ha ricordato le tante riunioni<\/strong> <em>\u00abnecessarie a riorganizzare i servizi a livello cittadino e metropolitano alla luce di alcune novit\u00e0 frutto della decisione regionale di centralizzare con Arrical i servizi relativi al ciclo idrico\u00bb.<\/em><strong> Il primo cittadino ha ricordato le cifre coi <em>\u00ab<\/em><\/strong><em>112 dipendenti a tempo indeterminato e gli altri 4 che saranno stabilizzati nei prossimi giorni \u2013 ed ha aggiunto &#8211; C\u2019\u00e8 una partita cruciale che vogliamo chiudere che \u00e8 quella dei contratti a tempo determinato che si concluderanno tra dicembre e gennaio, circa 31 posizioni, e anche per loro, come abbiamo fatto in questi anni, l\u2019obiettivo \u00e8 arrivare alla stabilizzazione\u00bb.<\/em><\/p>\n<p><strong>Tra le altre novit\u00e0<\/strong> <em>\u00abAver ottenuto la certificazione SOA<\/em> \u2013 <strong>ha aggiunto il primo cittadino<\/strong> \u2013 <em>questo consentir\u00e0 di aprirci al mercato per come previsto dalla normativa. Saranno necessarie ulteriori figure professionali che metteranno la societ\u00e0 nelle condizioni di migliorare le proprie prestazioni\u00bb.<\/em><\/p>\n<p><strong>In conclusione il sindaco ha ribadito:<\/strong><em> \u00abCastore si avvicina all\u2019optimum previsto da quel piano industriale. Quando \u00e8 nata la societ\u00e0 si diceva che quello pensato inizialmente fosse quasi un piano dei sogni, ma ci siamo di fatto quasi arrivati, sono dei sogni che pian piano si stanno realizzando\u00bb.<\/em><\/p>\n","protected":false},"excerpt":{"rendered":"<p>Una riunione per fare il punto sullo stato dell\u2019arte e per ribadire l\u2019apporto positivo dell\u2019Amministrazione comunale alle vicende di Castore SPL S.r.l.., societ\u00e0 per i servizi pubblici locali della Citt\u00e0&hellip;<\/p>\n","protected":false},"author":12,"featured_media":60134,"comment_status":"closed","ping_status":"open","sticky":false,"template":"","format":"standard","meta":{"_jetpack_memberships_contains_paid_content":false,"footnotes":"","jetpack_publicize_message":"","jetpack_publicize_feature_enabled":true,"jetpack_social_post_already_shared":false,"jetpack_social_options":{"image_generator_settings":{"template":"highway","default_image_id":0,"font":"","enabled":false},"version":2}},"categories":[921,196,140],"tags":[30410,36664,30465,659,495,3317],"class_list":["post-60131","post","type-post","status-publish","format-standard","has-post-thumbnail","hentry","category-home","category-news","category-reggio-calabria","tag-ad-domenico-mallamaci","tag-augusto-lacava","tag-falcomata-giuseppe","tag-palazzo-san-giorgio","tag-paolo-brunetti","tag-societa-castore"],"yoast_head":"<!-- This site is optimized with the Yoast SEO plugin v27.2 - https:\/\/yoast.com\/product\/yoast-seo-wordpress\/ -->\n<title>Reggio: societ\u00e0 Castore ricevuta a Palazzo San Giorgio<\/title>\n<meta name=\"description\" content=\"Falcomat\u00e0: &quot;Societ\u00e0 sempre pi\u00f9 vicina all\u2019optimum&quot;, ha dichiarato il Sindaco Metropolitano di Reggio Calabria, Giuseppe Falcomat\u00e0\" \/>\n<meta name=\"robots\" content=\"index, follow, max-snippet:-1, max-image-preview:large, max-video-preview:-1\" \/>\n<link rel=\"canonical\" href=\"https:\/\/progettotouring.it\/radiotouring104\/2024\/10\/23\/reggio-societa-castore-ricevuta-a-palazzo-san-giorgio\/\" \/>\n<meta property=\"og:locale\" content=\"it_IT\" \/>\n<meta property=\"og:type\" content=\"article\" \/>\n<meta property=\"og:title\" content=\"Reggio: societ\u00e0 Castore ricevuta a Palazzo San Giorgio\" \/>\n<meta property=\"og:description\" content=\"Falcomat\u00e0: &quot;Societ\u00e0 sempre pi\u00f9 vicina all\u2019optimum&quot;, ha dichiarato il Sindaco Metropolitano di Reggio Calabria, Giuseppe Falcomat\u00e0\" \/>\n<meta property=\"og:url\" content=\"https:\/\/progettotouring.it\/radiotouring104\/2024\/10\/23\/reggio-societa-castore-ricevuta-a-palazzo-san-giorgio\/\" \/>\n<meta property=\"og:site_name\" content=\"Radio Touring 104\" \/>\n<meta property=\"article:published_time\" content=\"2024-10-23T07:38:08+00:00\" \/>\n<meta property=\"article:modified_time\" content=\"2024-10-23T07:40:47+00:00\" \/>\n<meta property=\"og:image\" content=\"https:\/\/progettotouring.it\/radiotouring104\/wp-content\/uploads\/sites\/6\/2024\/10\/Castore-Palazzo-San-Giorgio-scaled.jpeg\" \/>\n\t<meta property=\"og:image:width\" content=\"2560\" \/>\n\t<meta property=\"og:image:height\" content=\"1920\" \/>\n\t<meta property=\"og:image:type\" content=\"image\/jpeg\" \/>\n<meta name=\"author\" content=\"Sebastiano Plutino\" \/>\n<meta name=\"twitter:card\" content=\"summary_large_image\" \/>\n<meta name=\"twitter:label1\" content=\"Scritto da\" \/>\n\t<meta name=\"twitter:data1\" content=\"Sebastiano Plutino\" \/>\n\t<meta name=\"twitter:label2\" content=\"Tempo di lettura stimato\" \/>\n\t<meta name=\"twitter:data2\" content=\"2 minuti\" \/>\n<script type=\"application\/ld+json\" class=\"yoast-schema-graph\">{\"@context\":\"https:\/\/schema.org\",\"@graph\":[{\"@type\":\"Article\",\"@id\":\"https:\/\/progettotouring.it\/radiotouring104\/2024\/10\/23\/reggio-societa-castore-ricevuta-a-palazzo-san-giorgio\/#article\",\"isPartOf\":{\"@id\":\"https:\/\/progettotouring.it\/radiotouring104\/2024\/10\/23\/reggio-societa-castore-ricevuta-a-palazzo-san-giorgio\/\"},\"author\":{\"name\":\"Sebastiano Plutino\",\"@id\":\"https:\/\/progettotouring.it\/radiotouring104\/#\/schema\/person\/78613917f1851f041f7483f5af1d422e\"},\"headline\":\"Reggio: societ\u00e0 Castore ricevuta a Palazzo San Giorgio\",\"datePublished\":\"2024-10-23T07:38:08+00:00\",\"dateModified\":\"2024-10-23T07:40:47+00:00\",\"mainEntityOfPage\":{\"@id\":\"https:\/\/progettotouring.it\/radiotouring104\/2024\/10\/23\/reggio-societa-castore-ricevuta-a-palazzo-san-giorgio\/\"},\"wordCount\":370,\"publisher\":{\"@id\":\"https:\/\/progettotouring.it\/radiotouring104\/#organization\"},\"image\":{\"@id\":\"https:\/\/progettotouring.it\/radiotouring104\/2024\/10\/23\/reggio-societa-castore-ricevuta-a-palazzo-san-giorgio\/#primaryimage\"},\"thumbnailUrl\":\"https:\/\/progettotouring.it\/radiotouring104\/wp-content\/uploads\/sites\/6\/2024\/10\/Castore-Palazzo-San-Giorgio-scaled.jpeg\",\"keywords\":[\"Ad Domenico Mallamaci:\",\"Augusto Lacava\",\"Falcomat\u00e0 Giuseppe\",\"palazzo san giorgio\",\"Paolo Brunetti\",\"Societ\u00e0 Castore\"],\"articleSection\":[\"Home\",\"News\",\"Reggio Calabria\"],\"inLanguage\":\"it-IT\"},{\"@type\":\"WebPage\",\"@id\":\"https:\/\/progettotouring.it\/radiotouring104\/2024\/10\/23\/reggio-societa-castore-ricevuta-a-palazzo-san-giorgio\/\",\"url\":\"https:\/\/progettotouring.it\/radiotouring104\/2024\/10\/23\/reggio-societa-castore-ricevuta-a-palazzo-san-giorgio\/\",\"name\":\"Reggio: societ\u00e0 Castore ricevuta a Palazzo San Giorgio\",\"isPartOf\":{\"@id\":\"https:\/\/progettotouring.it\/radiotouring104\/#website\"},\"primaryImageOfPage\":{\"@id\":\"https:\/\/progettotouring.it\/radiotouring104\/2024\/10\/23\/reggio-societa-castore-ricevuta-a-palazzo-san-giorgio\/#primaryimage\"},\"image\":{\"@id\":\"https:\/\/progettotouring.it\/radiotouring104\/2024\/10\/23\/reggio-societa-castore-ricevuta-a-palazzo-san-giorgio\/#primaryimage\"},\"thumbnailUrl\":\"https:\/\/progettotouring.it\/radiotouring104\/wp-content\/uploads\/sites\/6\/2024\/10\/Castore-Palazzo-San-Giorgio-scaled.jpeg\",\"datePublished\":\"2024-10-23T07:38:08+00:00\",\"dateModified\":\"2024-10-23T07:40:47+00:00\",\"description\":\"Falcomat\u00e0: \\\"Societ\u00e0 sempre pi\u00f9 vicina all\u2019optimum\\\", ha dichiarato il Sindaco Metropolitano di Reggio Calabria, Giuseppe Falcomat\u00e0\",\"breadcrumb\":{\"@id\":\"https:\/\/progettotouring.it\/radiotouring104\/2024\/10\/23\/reggio-societa-castore-ricevuta-a-palazzo-san-giorgio\/#breadcrumb\"},\"inLanguage\":\"it-IT\",\"potentialAction\":[{\"@type\":\"ReadAction\",\"target\":[\"https:\/\/progettotouring.it\/radiotouring104\/2024\/10\/23\/reggio-societa-castore-ricevuta-a-palazzo-san-giorgio\/\"]}]},{\"@type\":\"ImageObject\",\"inLanguage\":\"it-IT\",\"@id\":\"https:\/\/progettotouring.it\/radiotouring104\/2024\/10\/23\/reggio-societa-castore-ricevuta-a-palazzo-san-giorgio\/#primaryimage\",\"url\":\"https:\/\/progettotouring.it\/radiotouring104\/wp-content\/uploads\/sites\/6\/2024\/10\/Castore-Palazzo-San-Giorgio-scaled.jpeg\",\"contentUrl\":\"https:\/\/progettotouring.it\/radiotouring104\/wp-content\/uploads\/sites\/6\/2024\/10\/Castore-Palazzo-San-Giorgio-scaled.jpeg\",\"width\":2560,\"height\":1920},{\"@type\":\"BreadcrumbList\",\"@id\":\"https:\/\/progettotouring.it\/radiotouring104\/2024\/10\/23\/reggio-societa-castore-ricevuta-a-palazzo-san-giorgio\/#breadcrumb\",\"itemListElement\":[{\"@type\":\"ListItem\",\"position\":1,\"name\":\"Home\",\"item\":\"https:\/\/progettotouring.it\/radiotouring104\/\"},{\"@type\":\"ListItem\",\"position\":2,\"name\":\"Reggio: societ\u00e0 Castore ricevuta a Palazzo San Giorgio\"}]},{\"@type\":\"WebSite\",\"@id\":\"https:\/\/progettotouring.it\/radiotouring104\/#website\",\"url\":\"https:\/\/progettotouring.it\/radiotouring104\/\",\"name\":\"Radio Touring 104\",\"description\":\"La prima radio Reggina\",\"publisher\":{\"@id\":\"https:\/\/progettotouring.it\/radiotouring104\/#organization\"},\"potentialAction\":[{\"@type\":\"SearchAction\",\"target\":{\"@type\":\"EntryPoint\",\"urlTemplate\":\"https:\/\/progettotouring.it\/radiotouring104\/?s={search_term_string}\"},\"query-input\":{\"@type\":\"PropertyValueSpecification\",\"valueRequired\":true,\"valueName\":\"search_term_string\"}}],\"inLanguage\":\"it-IT\"},{\"@type\":\"Organization\",\"@id\":\"https:\/\/progettotouring.it\/radiotouring104\/#organization\",\"name\":\"Radio Touring 104\",\"url\":\"https:\/\/progettotouring.it\/radiotouring104\/\",\"logo\":{\"@type\":\"ImageObject\",\"inLanguage\":\"it-IT\",\"@id\":\"https:\/\/progettotouring.it\/radiotouring104\/#\/schema\/logo\/image\/\",\"url\":\"https:\/\/progettotouring.it\/radiotouring104\/wp-content\/uploads\/sites\/6\/2022\/02\/cropped-logo-radio-touring-104.png\",\"contentUrl\":\"https:\/\/progettotouring.it\/radiotouring104\/wp-content\/uploads\/sites\/6\/2022\/02\/cropped-logo-radio-touring-104.png\",\"width\":377,\"height\":182,\"caption\":\"Radio Touring 104\"},\"image\":{\"@id\":\"https:\/\/progettotouring.it\/radiotouring104\/#\/schema\/logo\/image\/\"}},{\"@type\":\"Person\",\"@id\":\"https:\/\/progettotouring.it\/radiotouring104\/#\/schema\/person\/78613917f1851f041f7483f5af1d422e\",\"name\":\"Sebastiano Plutino\",\"image\":{\"@type\":\"ImageObject\",\"inLanguage\":\"it-IT\",\"@id\":\"https:\/\/secure.gravatar.com\/avatar\/0546ffaa9b79224faf9f2a156b67a529ae861d3287c66c1d8ccfdf909bcba78d?s=96&d=mm&r=g\",\"url\":\"https:\/\/secure.gravatar.com\/avatar\/0546ffaa9b79224faf9f2a156b67a529ae861d3287c66c1d8ccfdf909bcba78d?s=96&d=mm&r=g\",\"contentUrl\":\"https:\/\/secure.gravatar.com\/avatar\/0546ffaa9b79224faf9f2a156b67a529ae861d3287c66c1d8ccfdf909bcba78d?s=96&d=mm&r=g\",\"caption\":\"Sebastiano Plutino\"},\"url\":\"https:\/\/progettotouring.it\/radiotouring104\/author\/sebastiano\/\"}]}<\/script>\n<!-- \/ Yoast SEO plugin. -->","yoast_head_json":{"title":"Reggio: societ\u00e0 Castore ricevuta a Palazzo San Giorgio","description":"Falcomat\u00e0: \"Societ\u00e0 sempre pi\u00f9 vicina all\u2019optimum\", ha dichiarato il Sindaco Metropolitano di Reggio Calabria, Giuseppe Falcomat\u00e0","robots":{"index":"index","follow":"follow","max-snippet":"max-snippet:-1","max-image-preview":"max-image-preview:large","max-video-preview":"max-video-preview:-1"},"canonical":"https:\/\/progettotouring.it\/radiotouring104\/2024\/10\/23\/reggio-societa-castore-ricevuta-a-palazzo-san-giorgio\/","og_locale":"it_IT","og_type":"article","og_title":"Reggio: societ\u00e0 Castore ricevuta a Palazzo San Giorgio","og_description":"Falcomat\u00e0: \"Societ\u00e0 sempre pi\u00f9 vicina all\u2019optimum\", ha dichiarato il Sindaco Metropolitano di Reggio Calabria, Giuseppe Falcomat\u00e0","og_url":"https:\/\/progettotouring.it\/radiotouring104\/2024\/10\/23\/reggio-societa-castore-ricevuta-a-palazzo-san-giorgio\/","og_site_name":"Radio Touring 104","article_published_time":"2024-10-23T07:38:08+00:00","article_modified_time":"2024-10-23T07:40:47+00:00","og_image":[{"width":2560,"height":1920,"url":"https:\/\/progettotouring.it\/radiotouring104\/wp-content\/uploads\/sites\/6\/2024\/10\/Castore-Palazzo-San-Giorgio-scaled.jpeg","type":"image\/jpeg"}],"author":"Sebastiano Plutino","twitter_card":"summary_large_image","twitter_misc":{"Scritto da":"Sebastiano Plutino","Tempo di lettura stimato":"2 minuti"},"schema":{"@context":"https:\/\/schema.org","@graph":[{"@type":"Article","@id":"https:\/\/progettotouring.it\/radiotouring104\/2024\/10\/23\/reggio-societa-castore-ricevuta-a-palazzo-san-giorgio\/#article","isPartOf":{"@id":"https:\/\/progettotouring.it\/radiotouring104\/2024\/10\/23\/reggio-societa-castore-ricevuta-a-palazzo-san-giorgio\/"},"author":{"name":"Sebastiano Plutino","@id":"https:\/\/progettotouring.it\/radiotouring104\/#\/schema\/person\/78613917f1851f041f7483f5af1d422e"},"headline":"Reggio: societ\u00e0 Castore ricevuta a Palazzo San Giorgio","datePublished":"2024-10-23T07:38:08+00:00","dateModified":"2024-10-23T07:40:47+00:00","mainEntityOfPage":{"@id":"https:\/\/progettotouring.it\/radiotouring104\/2024\/10\/23\/reggio-societa-castore-ricevuta-a-palazzo-san-giorgio\/"},"wordCount":370,"publisher":{"@id":"https:\/\/progettotouring.it\/radiotouring104\/#organization"},"image":{"@id":"https:\/\/progettotouring.it\/radiotouring104\/2024\/10\/23\/reggio-societa-castore-ricevuta-a-palazzo-san-giorgio\/#primaryimage"},"thumbnailUrl":"https:\/\/progettotouring.it\/radiotouring104\/wp-content\/uploads\/sites\/6\/2024\/10\/Castore-Palazzo-San-Giorgio-scaled.jpeg","keywords":["Ad Domenico Mallamaci:","Augusto Lacava","Falcomat\u00e0 Giuseppe","palazzo san giorgio","Paolo Brunetti","Societ\u00e0 Castore"],"articleSection":["Home","News","Reggio Calabria"],"inLanguage":"it-IT"},{"@type":"WebPage","@id":"https:\/\/progettotouring.it\/radiotouring104\/2024\/10\/23\/reggio-societa-castore-ricevuta-a-palazzo-san-giorgio\/","url":"https:\/\/progettotouring.it\/radiotouring104\/2024\/10\/23\/reggio-societa-castore-ricevuta-a-palazzo-san-giorgio\/","name":"Reggio: societ\u00e0 Castore ricevuta a Palazzo San Giorgio","isPartOf":{"@id":"https:\/\/progettotouring.it\/radiotouring104\/#website"},"primaryImageOfPage":{"@id":"https:\/\/progettotouring.it\/radiotouring104\/2024\/10\/23\/reggio-societa-castore-ricevuta-a-palazzo-san-giorgio\/#primaryimage"},"image":{"@id":"https:\/\/progettotouring.it\/radiotouring104\/2024\/10\/23\/reggio-societa-castore-ricevuta-a-palazzo-san-giorgio\/#primaryimage"},"thumbnailUrl":"https:\/\/progettotouring.it\/radiotouring104\/wp-content\/uploads\/sites\/6\/2024\/10\/Castore-Palazzo-San-Giorgio-scaled.jpeg","datePublished":"2024-10-23T07:38:08+00:00","dateModified":"2024-10-23T07:40:47+00:00","description":"Falcomat\u00e0: \"Societ\u00e0 sempre pi\u00f9 vicina all\u2019optimum\", ha dichiarato il Sindaco Metropolitano di Reggio Calabria, Giuseppe Falcomat\u00e0","breadcrumb":{"@id":"https:\/\/progettotouring.it\/radiotouring104\/2024\/10\/23\/reggio-societa-castore-ricevuta-a-palazzo-san-giorgio\/#breadcrumb"},"inLanguage":"it-IT","potentialAction":[{"@type":"ReadAction","target":["https:\/\/progettotouring.it\/radiotouring104\/2024\/10\/23\/reggio-societa-castore-ricevuta-a-palazzo-san-giorgio\/"]}]},{"@type":"ImageObject","inLanguage":"it-IT","@id":"https:\/\/progettotouring.it\/radiotouring104\/2024\/10\/23\/reggio-societa-castore-ricevuta-a-palazzo-san-giorgio\/#primaryimage","url":"https:\/\/progettotouring.it\/radiotouring104\/wp-content\/uploads\/sites\/6\/2024\/10\/Castore-Palazzo-San-Giorgio-scaled.jpeg","contentUrl":"https:\/\/progettotouring.it\/radiotouring104\/wp-content\/uploads\/sites\/6\/2024\/10\/Castore-Palazzo-San-Giorgio-scaled.jpeg","width":2560,"height":1920},{"@type":"BreadcrumbList","@id":"https:\/\/progettotouring.it\/radiotouring104\/2024\/10\/23\/reggio-societa-castore-ricevuta-a-palazzo-san-giorgio\/#breadcrumb","itemListElement":[{"@type":"ListItem","position":1,"name":"Home","item":"https:\/\/progettotouring.it\/radiotouring104\/"},{"@type":"ListItem","position":2,"name":"Reggio: societ\u00e0 Castore ricevuta a Palazzo San Giorgio"}]},{"@type":"WebSite","@id":"https:\/\/progettotouring.it\/radiotouring104\/#website","url":"https:\/\/progettotouring.it\/radiotouring104\/","name":"Radio Touring 104","description":"La prima radio Reggina","publisher":{"@id":"https:\/\/progettotouring.it\/radiotouring104\/#organization"},"potentialAction":[{"@type":"SearchAction","target":{"@type":"EntryPoint","urlTemplate":"https:\/\/progettotouring.it\/radiotouring104\/?s={search_term_string}"},"query-input":{"@type":"PropertyValueSpecification","valueRequired":true,"valueName":"search_term_string"}}],"inLanguage":"it-IT"},{"@type":"Organization","@id":"https:\/\/progettotouring.it\/radiotouring104\/#organization","name":"Radio Touring 104","url":"https:\/\/progettotouring.it\/radiotouring104\/","logo":{"@type":"ImageObject","inLanguage":"it-IT","@id":"https:\/\/progettotouring.it\/radiotouring104\/#\/schema\/logo\/image\/","url":"https:\/\/progettotouring.it\/radiotouring104\/wp-content\/uploads\/sites\/6\/2022\/02\/cropped-logo-radio-touring-104.png","contentUrl":"https:\/\/progettotouring.it\/radiotouring104\/wp-content\/uploads\/sites\/6\/2022\/02\/cropped-logo-radio-touring-104.png","width":377,"height":182,"caption":"Radio Touring 104"},"image":{"@id":"https:\/\/progettotouring.it\/radiotouring104\/#\/schema\/logo\/image\/"}},{"@type":"Person","@id":"https:\/\/progettotouring.it\/radiotouring104\/#\/schema\/person\/78613917f1851f041f7483f5af1d422e","name":"Sebastiano Plutino","image":{"@type":"ImageObject","inLanguage":"it-IT","@id":"https:\/\/secure.gravatar.com\/avatar\/0546ffaa9b79224faf9f2a156b67a529ae861d3287c66c1d8ccfdf909bcba78d?s=96&d=mm&r=g","url":"https:\/\/secure.gravatar.com\/avatar\/0546ffaa9b79224faf9f2a156b67a529ae861d3287c66c1d8ccfdf909bcba78d?s=96&d=mm&r=g","contentUrl":"https:\/\/secure.gravatar.com\/avatar\/0546ffaa9b79224faf9f2a156b67a529ae861d3287c66c1d8ccfdf909bcba78d?s=96&d=mm&r=g","caption":"Sebastiano Plutino"},"url":"https:\/\/progettotouring.it\/radiotouring104\/author\/sebastiano\/"}]}},"jetpack_publicize_connections":[],"jetpack_featured_media_url":"https:\/\/progettotouring.it\/radiotouring104\/wp-content\/uploads\/sites\/6\/2024\/10\/Castore-Palazzo-San-Giorgio-scaled.jpeg","jetpack_sharing_enabled":true,"_links":{"self":[{"href":"https:\/\/progettotouring.it\/radiotouring104\/wp-json\/wp\/v2\/posts\/60131","targetHints":{"allow":["GET"]}}],"collection":[{"href":"https:\/\/progettotouring.it\/radiotouring104\/wp-json\/wp\/v2\/posts"}],"about":[{"href":"https:\/\/progettotouring.it\/radiotouring104\/wp-json\/wp\/v2\/types\/post"}],"author":[{"embeddable":true,"href":"https:\/\/progettotouring.it\/radiotouring104\/wp-json\/wp\/v2\/users\/12"}],"replies":[{"embeddable":true,"href":"https:\/\/progettotouring.it\/radiotouring104\/wp-json\/wp\/v2\/comments?post=60131"}],"version-history":[{"count":3,"href":"https:\/\/progettotouring.it\/radiotouring104\/wp-json\/wp\/v2\/posts\/60131\/revisions"}],"predecessor-version":[{"id":60136,"href":"https:\/\/progettotouring.it\/radiotouring104\/wp-json\/wp\/v2\/posts\/60131\/revisions\/60136"}],"wp:featuredmedia":[{"embeddable":true,"href":"https:\/\/progettotouring.it\/radiotouring104\/wp-json\/wp\/v2\/media\/60134"}],"wp:attachment":[{"href":"https:\/\/progettotouring.it\/radiotouring104\/wp-json\/wp\/v2\/media?parent=60131"}],"wp:term":[{"taxonomy":"category","embeddable":true,"href":"https:\/\/progettotouring.it\/radiotouring104\/wp-json\/wp\/v2\/categories?post=60131"},{"taxonomy":"post_tag","embeddable":true,"href":"https:\/\/progettotouring.it\/radiotouring104\/wp-json\/wp\/v2\/tags?post=60131"}],"curies":[{"name":"wp","href":"https:\/\/api.w.org\/{rel}","templated":true}]}}