{"id":60139,"date":"2024-10-23T10:01:53","date_gmt":"2024-10-23T08:01:53","guid":{"rendered":"https:\/\/progettotouring.it\/radiotouring104\/?p=60139"},"modified":"2024-10-23T10:03:23","modified_gmt":"2024-10-23T08:03:23","slug":"rhegium-julii-presentato-a-palazzo-alvaro-il-premio-internazionale","status":"publish","type":"post","link":"https:\/\/progettotouring.it\/radiotouring104\/2024\/10\/23\/rhegium-julii-presentato-a-palazzo-alvaro-il-premio-internazionale\/","title":{"rendered":"Rhegium Julii: presentato a Palazzo Alvaro il Premio internazionale"},"content":{"rendered":"<p style=\"text-align: justify\">Il sindaco della Citt\u00e0 Metropolitana, <strong>Giuseppe Falcomat\u00e0 \u00e8 intervenuto alla presentazione dei Premi internazionali Rhegium Julii 2024,<\/strong> l\u2019evento <strong>che si terr\u00e0 il prossimo 26 ottobre, alle ore 21.00, al teatro<\/strong><em> \u201cFrancesco Cilea\u201d.<\/em><\/p>\n<p style=\"text-align: justify\">Nella sala \u201cTrisolini\u201d di <strong>Palazzo Alvaro, insieme al presidente<\/strong> dell\u2019associazione <strong>Rhegium Julii, Pino Bova,<\/strong> ed alla presidente del consiglio comunale di Campo Calabro,<strong> Simona Bellantoni, il sindaco Falcomat\u00e0 si \u00e8 soffermato<\/strong> <em>\u00absull\u2019importanza di un riconoscimento che rappresenta un vanto ed un beneficio per l\u2019intera citt\u00e0\u00bb.<\/em><\/p>\n<p style=\"text-align: justify\"><em>\u00abLa parola migliore per descrivere e sintetizzare il Premio Rhegium Julii &#8211;<\/em> <strong>ha detto il sindaco<\/strong> &#8211;<em> \u00e8 \u201cesempio\u201d perch\u00e9, sul solco delle attivit\u00e0 promosse in queste 56 edizioni, sono nate tante associazioni culturali cresciute, poi, mutuando un\u2019idea divenuta parte integrante del tessuto sociale e culturale cittadino. Chiunque, oggi, sa che il Premio Rhegium Julii \u00e8 garanzia di qualit\u00e0\u00bb.<\/em><\/p>\n<p style=\"text-align: justify\"><em>\u00abA volte<strong> \u2013<\/strong><\/em><strong> ha aggiunto &#8211;<\/strong><em> assistiamo ad assegnazioni di premi che servano pi\u00f9 all\u2019associazione che li promuove che non ad altro. Il Rhegium Julii, invece, \u00e8 un premio che non si guarda l\u2019ombelico, non \u00e8 autoreferenziale, non serve a pubblicizzare l\u2019associazione stessa. Anzi, attraverso la qualit\u00e0 delle persone coinvolte e del lavoro dei giurati, da un lato, consente alla citt\u00e0 di crescere sul piano dell\u2019offerta culturale e, dall&#8217;altro, diventa ambito per chi lo riceve. Ricordo Carofiglio e non dimentico, ovviamente, i premi Nobel giunti a Reggio proprio in occasione del Rhegium Julii. Quindi, per il prestigio e l\u2019autorevolezza raggiunti, questo evento fa bene alla citt\u00e0 consentendole di avere un rimbalzo mediatico, soprattutto negli ambienti culturali e dell\u2019editoria\u00bb.<\/em><\/p>\n<p style=\"text-align: justify\"><em>\u00abCome detto<\/em> \u2013<strong> ha proseguito Falcomat\u00e0<\/strong> &#8211;<em> il Rhegium Julii \u00e8 fonte d\u2019ispirazione per tante altre associazioni, circostanza che non \u00e8 mai stata vissuta come un qualcosa di negativo, piuttosto come motivo di forza. Non pu\u00f2 esistere, infatti, alcun tipo di esclusivit\u00e0 sui temi culturali. La cultura \u00e8 patrimonio collettivo. Il professore Nicolini diceva che \u201cla cultura \u00e8 della stessa famiglia dell\u2019acqua\u201d, ovvero un bene preziosissimo che deve essere messo alla portata di tutti perch\u00e9 vitale. Non pu\u00f2 ritenersi, dunque, appannaggio di un\u2019\u00e9lite. Anzi, bisogna aiutare le altre associazioni in un percorso di crescita collettivo perseguendo un atteggiamento tipico di chi si approccia alla vita e a questi temi con umilt\u00e0, senza superbia o arroganza\u00bb. Ribadita la \u00abgrande qualit\u00e0 dei premiati e dei temi trattati della pace e dell\u2019integrazione\u00bb<\/em><strong>, il sindaco Falcomat\u00e0 ha affermato come il Premio Rhegium Julii<\/strong><em> \u00abvada nella direzione e nell\u2019idea di Reggio Capitale della Cultura\u00bb.<\/em><\/p>\n<p style=\"text-align: justify\"><em>\u00abL\u2019idea<\/em><strong> \u2013 ha concluso il sindaco <\/strong><em><strong>\u2013<\/strong> di una citt\u00e0 che non fa soltanto sfoggio, orgoglio e vanto del suo patrimonio artistico e culturale, ma che promuove ed esalta la sua storia fatta di integrazione, cooperazione, crocevia di popoli che hanno dimostrato di poter vivere in pace e da cui noi traiamo spunto ed insegnamento per costruire il futuro. Questa \u00e8 la visione che abbiamo di Reggio Capitale della Cultura che si sposa perfettamente con il tema della 56\u00b0 edizione del Premio Rhegium Julii\u00bb.<\/em><\/p>\n","protected":false},"excerpt":{"rendered":"<p>Il sindaco della Citt\u00e0 Metropolitana, Giuseppe Falcomat\u00e0 \u00e8 intervenuto alla presentazione dei Premi internazionali Rhegium Julii 2024, l\u2019evento che si terr\u00e0 il prossimo 26 ottobre, alle ore 21.00, al teatro&hellip;<\/p>\n","protected":false},"author":12,"featured_media":60141,"comment_status":"closed","ping_status":"open","sticky":false,"template":"","format":"standard","meta":{"_jetpack_memberships_contains_paid_content":false,"footnotes":"","jetpack_publicize_message":"","jetpack_publicize_feature_enabled":true,"jetpack_social_post_already_shared":false,"jetpack_social_options":{"image_generator_settings":{"template":"highway","default_image_id":0,"font":"","enabled":false},"version":2}},"categories":[921,196,140],"tags":[30465,739,1731,36668,36667],"class_list":["post-60139","post","type-post","status-publish","format-standard","has-post-thumbnail","hentry","category-home","category-news","category-reggio-calabria","tag-falcomata-giuseppe","tag-palazzo-alvaro","tag-pino-bova","tag-presentato-premio-internazionale-rhegium-julii","tag-simona-bellantoni"],"yoast_head":"<!-- This site is optimized with the Yoast SEO plugin v27.2 - https:\/\/yoast.com\/product\/yoast-seo-wordpress\/ -->\n<title>Rhegium Julii: presentato a Palazzo Alvaro il Premio internazionale<\/title>\n<meta name=\"description\" content=\"&quot;E&#039; un esempio per la citt\u00e0, garanzia di qualit\u00e0&quot;, dichiara il Sindaco Falcomat\u00e0, presentando il programma delle prossime iniziative\" \/>\n<meta name=\"robots\" content=\"index, follow, max-snippet:-1, max-image-preview:large, max-video-preview:-1\" \/>\n<link rel=\"canonical\" href=\"https:\/\/progettotouring.it\/radiotouring104\/2024\/10\/23\/rhegium-julii-presentato-a-palazzo-alvaro-il-premio-internazionale\/\" \/>\n<meta property=\"og:locale\" content=\"it_IT\" \/>\n<meta property=\"og:type\" content=\"article\" \/>\n<meta property=\"og:title\" content=\"Rhegium Julii: presentato a Palazzo Alvaro il Premio internazionale\" \/>\n<meta property=\"og:description\" content=\"&quot;E&#039; un esempio per la citt\u00e0, garanzia di qualit\u00e0&quot;, dichiara il Sindaco Falcomat\u00e0, presentando il programma delle prossime iniziative\" \/>\n<meta property=\"og:url\" content=\"https:\/\/progettotouring.it\/radiotouring104\/2024\/10\/23\/rhegium-julii-presentato-a-palazzo-alvaro-il-premio-internazionale\/\" \/>\n<meta property=\"og:site_name\" content=\"Radio Touring 104\" \/>\n<meta property=\"article:published_time\" content=\"2024-10-23T08:01:53+00:00\" \/>\n<meta property=\"article:modified_time\" content=\"2024-10-23T08:03:23+00:00\" \/>\n<meta property=\"og:image\" content=\"https:\/\/progettotouring.it\/radiotouring104\/wp-content\/uploads\/sites\/6\/2024\/10\/rhegium-julii-presentazione-Pino-Bova-Falcomata.jpeg\" \/>\n\t<meta property=\"og:image:width\" content=\"1982\" \/>\n\t<meta property=\"og:image:height\" content=\"1356\" \/>\n\t<meta property=\"og:image:type\" content=\"image\/jpeg\" \/>\n<meta name=\"author\" content=\"Sebastiano Plutino\" \/>\n<meta name=\"twitter:card\" content=\"summary_large_image\" \/>\n<meta name=\"twitter:label1\" content=\"Scritto da\" \/>\n\t<meta name=\"twitter:data1\" content=\"Sebastiano Plutino\" \/>\n\t<meta name=\"twitter:label2\" content=\"Tempo di lettura stimato\" \/>\n\t<meta name=\"twitter:data2\" content=\"2 minuti\" \/>\n<script type=\"application\/ld+json\" class=\"yoast-schema-graph\">{\"@context\":\"https:\/\/schema.org\",\"@graph\":[{\"@type\":\"Article\",\"@id\":\"https:\/\/progettotouring.it\/radiotouring104\/2024\/10\/23\/rhegium-julii-presentato-a-palazzo-alvaro-il-premio-internazionale\/#article\",\"isPartOf\":{\"@id\":\"https:\/\/progettotouring.it\/radiotouring104\/2024\/10\/23\/rhegium-julii-presentato-a-palazzo-alvaro-il-premio-internazionale\/\"},\"author\":{\"name\":\"Sebastiano Plutino\",\"@id\":\"https:\/\/progettotouring.it\/radiotouring104\/#\/schema\/person\/78613917f1851f041f7483f5af1d422e\"},\"headline\":\"Rhegium Julii: presentato a Palazzo Alvaro il Premio internazionale\",\"datePublished\":\"2024-10-23T08:01:53+00:00\",\"dateModified\":\"2024-10-23T08:03:23+00:00\",\"mainEntityOfPage\":{\"@id\":\"https:\/\/progettotouring.it\/radiotouring104\/2024\/10\/23\/rhegium-julii-presentato-a-palazzo-alvaro-il-premio-internazionale\/\"},\"wordCount\":493,\"publisher\":{\"@id\":\"https:\/\/progettotouring.it\/radiotouring104\/#organization\"},\"image\":{\"@id\":\"https:\/\/progettotouring.it\/radiotouring104\/2024\/10\/23\/rhegium-julii-presentato-a-palazzo-alvaro-il-premio-internazionale\/#primaryimage\"},\"thumbnailUrl\":\"https:\/\/progettotouring.it\/radiotouring104\/wp-content\/uploads\/sites\/6\/2024\/10\/rhegium-julii-presentazione-Pino-Bova-Falcomata.jpeg\",\"keywords\":[\"Falcomat\u00e0 Giuseppe\",\"Palazzo Alvaro\",\"Pino Bova\",\"presentato Premio internazionale Rhegium Julii:\",\"Simona Bellantoni\"],\"articleSection\":[\"Home\",\"News\",\"Reggio Calabria\"],\"inLanguage\":\"it-IT\"},{\"@type\":\"WebPage\",\"@id\":\"https:\/\/progettotouring.it\/radiotouring104\/2024\/10\/23\/rhegium-julii-presentato-a-palazzo-alvaro-il-premio-internazionale\/\",\"url\":\"https:\/\/progettotouring.it\/radiotouring104\/2024\/10\/23\/rhegium-julii-presentato-a-palazzo-alvaro-il-premio-internazionale\/\",\"name\":\"Rhegium Julii: presentato a Palazzo Alvaro il Premio internazionale\",\"isPartOf\":{\"@id\":\"https:\/\/progettotouring.it\/radiotouring104\/#website\"},\"primaryImageOfPage\":{\"@id\":\"https:\/\/progettotouring.it\/radiotouring104\/2024\/10\/23\/rhegium-julii-presentato-a-palazzo-alvaro-il-premio-internazionale\/#primaryimage\"},\"image\":{\"@id\":\"https:\/\/progettotouring.it\/radiotouring104\/2024\/10\/23\/rhegium-julii-presentato-a-palazzo-alvaro-il-premio-internazionale\/#primaryimage\"},\"thumbnailUrl\":\"https:\/\/progettotouring.it\/radiotouring104\/wp-content\/uploads\/sites\/6\/2024\/10\/rhegium-julii-presentazione-Pino-Bova-Falcomata.jpeg\",\"datePublished\":\"2024-10-23T08:01:53+00:00\",\"dateModified\":\"2024-10-23T08:03:23+00:00\",\"description\":\"\\\"E' un esempio per la citt\u00e0, garanzia di qualit\u00e0\\\", dichiara il Sindaco Falcomat\u00e0, presentando il programma delle prossime iniziative\",\"breadcrumb\":{\"@id\":\"https:\/\/progettotouring.it\/radiotouring104\/2024\/10\/23\/rhegium-julii-presentato-a-palazzo-alvaro-il-premio-internazionale\/#breadcrumb\"},\"inLanguage\":\"it-IT\",\"potentialAction\":[{\"@type\":\"ReadAction\",\"target\":[\"https:\/\/progettotouring.it\/radiotouring104\/2024\/10\/23\/rhegium-julii-presentato-a-palazzo-alvaro-il-premio-internazionale\/\"]}]},{\"@type\":\"ImageObject\",\"inLanguage\":\"it-IT\",\"@id\":\"https:\/\/progettotouring.it\/radiotouring104\/2024\/10\/23\/rhegium-julii-presentato-a-palazzo-alvaro-il-premio-internazionale\/#primaryimage\",\"url\":\"https:\/\/progettotouring.it\/radiotouring104\/wp-content\/uploads\/sites\/6\/2024\/10\/rhegium-julii-presentazione-Pino-Bova-Falcomata.jpeg\",\"contentUrl\":\"https:\/\/progettotouring.it\/radiotouring104\/wp-content\/uploads\/sites\/6\/2024\/10\/rhegium-julii-presentazione-Pino-Bova-Falcomata.jpeg\",\"width\":1982,\"height\":1356},{\"@type\":\"BreadcrumbList\",\"@id\":\"https:\/\/progettotouring.it\/radiotouring104\/2024\/10\/23\/rhegium-julii-presentato-a-palazzo-alvaro-il-premio-internazionale\/#breadcrumb\",\"itemListElement\":[{\"@type\":\"ListItem\",\"position\":1,\"name\":\"Home\",\"item\":\"https:\/\/progettotouring.it\/radiotouring104\/\"},{\"@type\":\"ListItem\",\"position\":2,\"name\":\"Rhegium Julii: presentato a Palazzo Alvaro il Premio internazionale\"}]},{\"@type\":\"WebSite\",\"@id\":\"https:\/\/progettotouring.it\/radiotouring104\/#website\",\"url\":\"https:\/\/progettotouring.it\/radiotouring104\/\",\"name\":\"Radio Touring 104\",\"description\":\"La prima radio Reggina\",\"publisher\":{\"@id\":\"https:\/\/progettotouring.it\/radiotouring104\/#organization\"},\"potentialAction\":[{\"@type\":\"SearchAction\",\"target\":{\"@type\":\"EntryPoint\",\"urlTemplate\":\"https:\/\/progettotouring.it\/radiotouring104\/?s={search_term_string}\"},\"query-input\":{\"@type\":\"PropertyValueSpecification\",\"valueRequired\":true,\"valueName\":\"search_term_string\"}}],\"inLanguage\":\"it-IT\"},{\"@type\":\"Organization\",\"@id\":\"https:\/\/progettotouring.it\/radiotouring104\/#organization\",\"name\":\"Radio Touring 104\",\"url\":\"https:\/\/progettotouring.it\/radiotouring104\/\",\"logo\":{\"@type\":\"ImageObject\",\"inLanguage\":\"it-IT\",\"@id\":\"https:\/\/progettotouring.it\/radiotouring104\/#\/schema\/logo\/image\/\",\"url\":\"https:\/\/progettotouring.it\/radiotouring104\/wp-content\/uploads\/sites\/6\/2022\/02\/cropped-logo-radio-touring-104.png\",\"contentUrl\":\"https:\/\/progettotouring.it\/radiotouring104\/wp-content\/uploads\/sites\/6\/2022\/02\/cropped-logo-radio-touring-104.png\",\"width\":377,\"height\":182,\"caption\":\"Radio Touring 104\"},\"image\":{\"@id\":\"https:\/\/progettotouring.it\/radiotouring104\/#\/schema\/logo\/image\/\"}},{\"@type\":\"Person\",\"@id\":\"https:\/\/progettotouring.it\/radiotouring104\/#\/schema\/person\/78613917f1851f041f7483f5af1d422e\",\"name\":\"Sebastiano Plutino\",\"image\":{\"@type\":\"ImageObject\",\"inLanguage\":\"it-IT\",\"@id\":\"https:\/\/secure.gravatar.com\/avatar\/0546ffaa9b79224faf9f2a156b67a529ae861d3287c66c1d8ccfdf909bcba78d?s=96&d=mm&r=g\",\"url\":\"https:\/\/secure.gravatar.com\/avatar\/0546ffaa9b79224faf9f2a156b67a529ae861d3287c66c1d8ccfdf909bcba78d?s=96&d=mm&r=g\",\"contentUrl\":\"https:\/\/secure.gravatar.com\/avatar\/0546ffaa9b79224faf9f2a156b67a529ae861d3287c66c1d8ccfdf909bcba78d?s=96&d=mm&r=g\",\"caption\":\"Sebastiano Plutino\"},\"url\":\"https:\/\/progettotouring.it\/radiotouring104\/author\/sebastiano\/\"}]}<\/script>\n<!-- \/ Yoast SEO plugin. -->","yoast_head_json":{"title":"Rhegium Julii: presentato a Palazzo Alvaro il Premio internazionale","description":"\"E' un esempio per la citt\u00e0, garanzia di qualit\u00e0\", dichiara il Sindaco Falcomat\u00e0, presentando il programma delle prossime iniziative","robots":{"index":"index","follow":"follow","max-snippet":"max-snippet:-1","max-image-preview":"max-image-preview:large","max-video-preview":"max-video-preview:-1"},"canonical":"https:\/\/progettotouring.it\/radiotouring104\/2024\/10\/23\/rhegium-julii-presentato-a-palazzo-alvaro-il-premio-internazionale\/","og_locale":"it_IT","og_type":"article","og_title":"Rhegium Julii: presentato a Palazzo Alvaro il Premio internazionale","og_description":"\"E' un esempio per la citt\u00e0, garanzia di qualit\u00e0\", dichiara il Sindaco Falcomat\u00e0, presentando il programma delle prossime iniziative","og_url":"https:\/\/progettotouring.it\/radiotouring104\/2024\/10\/23\/rhegium-julii-presentato-a-palazzo-alvaro-il-premio-internazionale\/","og_site_name":"Radio Touring 104","article_published_time":"2024-10-23T08:01:53+00:00","article_modified_time":"2024-10-23T08:03:23+00:00","og_image":[{"width":1982,"height":1356,"url":"https:\/\/progettotouring.it\/radiotouring104\/wp-content\/uploads\/sites\/6\/2024\/10\/rhegium-julii-presentazione-Pino-Bova-Falcomata.jpeg","type":"image\/jpeg"}],"author":"Sebastiano Plutino","twitter_card":"summary_large_image","twitter_misc":{"Scritto da":"Sebastiano Plutino","Tempo di lettura stimato":"2 minuti"},"schema":{"@context":"https:\/\/schema.org","@graph":[{"@type":"Article","@id":"https:\/\/progettotouring.it\/radiotouring104\/2024\/10\/23\/rhegium-julii-presentato-a-palazzo-alvaro-il-premio-internazionale\/#article","isPartOf":{"@id":"https:\/\/progettotouring.it\/radiotouring104\/2024\/10\/23\/rhegium-julii-presentato-a-palazzo-alvaro-il-premio-internazionale\/"},"author":{"name":"Sebastiano Plutino","@id":"https:\/\/progettotouring.it\/radiotouring104\/#\/schema\/person\/78613917f1851f041f7483f5af1d422e"},"headline":"Rhegium Julii: presentato a Palazzo Alvaro il Premio internazionale","datePublished":"2024-10-23T08:01:53+00:00","dateModified":"2024-10-23T08:03:23+00:00","mainEntityOfPage":{"@id":"https:\/\/progettotouring.it\/radiotouring104\/2024\/10\/23\/rhegium-julii-presentato-a-palazzo-alvaro-il-premio-internazionale\/"},"wordCount":493,"publisher":{"@id":"https:\/\/progettotouring.it\/radiotouring104\/#organization"},"image":{"@id":"https:\/\/progettotouring.it\/radiotouring104\/2024\/10\/23\/rhegium-julii-presentato-a-palazzo-alvaro-il-premio-internazionale\/#primaryimage"},"thumbnailUrl":"https:\/\/progettotouring.it\/radiotouring104\/wp-content\/uploads\/sites\/6\/2024\/10\/rhegium-julii-presentazione-Pino-Bova-Falcomata.jpeg","keywords":["Falcomat\u00e0 Giuseppe","Palazzo Alvaro","Pino Bova","presentato Premio internazionale Rhegium Julii:","Simona Bellantoni"],"articleSection":["Home","News","Reggio Calabria"],"inLanguage":"it-IT"},{"@type":"WebPage","@id":"https:\/\/progettotouring.it\/radiotouring104\/2024\/10\/23\/rhegium-julii-presentato-a-palazzo-alvaro-il-premio-internazionale\/","url":"https:\/\/progettotouring.it\/radiotouring104\/2024\/10\/23\/rhegium-julii-presentato-a-palazzo-alvaro-il-premio-internazionale\/","name":"Rhegium Julii: presentato a Palazzo Alvaro il Premio internazionale","isPartOf":{"@id":"https:\/\/progettotouring.it\/radiotouring104\/#website"},"primaryImageOfPage":{"@id":"https:\/\/progettotouring.it\/radiotouring104\/2024\/10\/23\/rhegium-julii-presentato-a-palazzo-alvaro-il-premio-internazionale\/#primaryimage"},"image":{"@id":"https:\/\/progettotouring.it\/radiotouring104\/2024\/10\/23\/rhegium-julii-presentato-a-palazzo-alvaro-il-premio-internazionale\/#primaryimage"},"thumbnailUrl":"https:\/\/progettotouring.it\/radiotouring104\/wp-content\/uploads\/sites\/6\/2024\/10\/rhegium-julii-presentazione-Pino-Bova-Falcomata.jpeg","datePublished":"2024-10-23T08:01:53+00:00","dateModified":"2024-10-23T08:03:23+00:00","description":"\"E' un esempio per la citt\u00e0, garanzia di qualit\u00e0\", dichiara il Sindaco Falcomat\u00e0, presentando il programma delle prossime iniziative","breadcrumb":{"@id":"https:\/\/progettotouring.it\/radiotouring104\/2024\/10\/23\/rhegium-julii-presentato-a-palazzo-alvaro-il-premio-internazionale\/#breadcrumb"},"inLanguage":"it-IT","potentialAction":[{"@type":"ReadAction","target":["https:\/\/progettotouring.it\/radiotouring104\/2024\/10\/23\/rhegium-julii-presentato-a-palazzo-alvaro-il-premio-internazionale\/"]}]},{"@type":"ImageObject","inLanguage":"it-IT","@id":"https:\/\/progettotouring.it\/radiotouring104\/2024\/10\/23\/rhegium-julii-presentato-a-palazzo-alvaro-il-premio-internazionale\/#primaryimage","url":"https:\/\/progettotouring.it\/radiotouring104\/wp-content\/uploads\/sites\/6\/2024\/10\/rhegium-julii-presentazione-Pino-Bova-Falcomata.jpeg","contentUrl":"https:\/\/progettotouring.it\/radiotouring104\/wp-content\/uploads\/sites\/6\/2024\/10\/rhegium-julii-presentazione-Pino-Bova-Falcomata.jpeg","width":1982,"height":1356},{"@type":"BreadcrumbList","@id":"https:\/\/progettotouring.it\/radiotouring104\/2024\/10\/23\/rhegium-julii-presentato-a-palazzo-alvaro-il-premio-internazionale\/#breadcrumb","itemListElement":[{"@type":"ListItem","position":1,"name":"Home","item":"https:\/\/progettotouring.it\/radiotouring104\/"},{"@type":"ListItem","position":2,"name":"Rhegium Julii: presentato a Palazzo Alvaro il Premio internazionale"}]},{"@type":"WebSite","@id":"https:\/\/progettotouring.it\/radiotouring104\/#website","url":"https:\/\/progettotouring.it\/radiotouring104\/","name":"Radio Touring 104","description":"La prima radio Reggina","publisher":{"@id":"https:\/\/progettotouring.it\/radiotouring104\/#organization"},"potentialAction":[{"@type":"SearchAction","target":{"@type":"EntryPoint","urlTemplate":"https:\/\/progettotouring.it\/radiotouring104\/?s={search_term_string}"},"query-input":{"@type":"PropertyValueSpecification","valueRequired":true,"valueName":"search_term_string"}}],"inLanguage":"it-IT"},{"@type":"Organization","@id":"https:\/\/progettotouring.it\/radiotouring104\/#organization","name":"Radio Touring 104","url":"https:\/\/progettotouring.it\/radiotouring104\/","logo":{"@type":"ImageObject","inLanguage":"it-IT","@id":"https:\/\/progettotouring.it\/radiotouring104\/#\/schema\/logo\/image\/","url":"https:\/\/progettotouring.it\/radiotouring104\/wp-content\/uploads\/sites\/6\/2022\/02\/cropped-logo-radio-touring-104.png","contentUrl":"https:\/\/progettotouring.it\/radiotouring104\/wp-content\/uploads\/sites\/6\/2022\/02\/cropped-logo-radio-touring-104.png","width":377,"height":182,"caption":"Radio Touring 104"},"image":{"@id":"https:\/\/progettotouring.it\/radiotouring104\/#\/schema\/logo\/image\/"}},{"@type":"Person","@id":"https:\/\/progettotouring.it\/radiotouring104\/#\/schema\/person\/78613917f1851f041f7483f5af1d422e","name":"Sebastiano Plutino","image":{"@type":"ImageObject","inLanguage":"it-IT","@id":"https:\/\/secure.gravatar.com\/avatar\/0546ffaa9b79224faf9f2a156b67a529ae861d3287c66c1d8ccfdf909bcba78d?s=96&d=mm&r=g","url":"https:\/\/secure.gravatar.com\/avatar\/0546ffaa9b79224faf9f2a156b67a529ae861d3287c66c1d8ccfdf909bcba78d?s=96&d=mm&r=g","contentUrl":"https:\/\/secure.gravatar.com\/avatar\/0546ffaa9b79224faf9f2a156b67a529ae861d3287c66c1d8ccfdf909bcba78d?s=96&d=mm&r=g","caption":"Sebastiano Plutino"},"url":"https:\/\/progettotouring.it\/radiotouring104\/author\/sebastiano\/"}]}},"jetpack_publicize_connections":[],"jetpack_featured_media_url":"https:\/\/progettotouring.it\/radiotouring104\/wp-content\/uploads\/sites\/6\/2024\/10\/rhegium-julii-presentazione-Pino-Bova-Falcomata.jpeg","jetpack_sharing_enabled":true,"_links":{"self":[{"href":"https:\/\/progettotouring.it\/radiotouring104\/wp-json\/wp\/v2\/posts\/60139","targetHints":{"allow":["GET"]}}],"collection":[{"href":"https:\/\/progettotouring.it\/radiotouring104\/wp-json\/wp\/v2\/posts"}],"about":[{"href":"https:\/\/progettotouring.it\/radiotouring104\/wp-json\/wp\/v2\/types\/post"}],"author":[{"embeddable":true,"href":"https:\/\/progettotouring.it\/radiotouring104\/wp-json\/wp\/v2\/users\/12"}],"replies":[{"embeddable":true,"href":"https:\/\/progettotouring.it\/radiotouring104\/wp-json\/wp\/v2\/comments?post=60139"}],"version-history":[{"count":2,"href":"https:\/\/progettotouring.it\/radiotouring104\/wp-json\/wp\/v2\/posts\/60139\/revisions"}],"predecessor-version":[{"id":60142,"href":"https:\/\/progettotouring.it\/radiotouring104\/wp-json\/wp\/v2\/posts\/60139\/revisions\/60142"}],"wp:featuredmedia":[{"embeddable":true,"href":"https:\/\/progettotouring.it\/radiotouring104\/wp-json\/wp\/v2\/media\/60141"}],"wp:attachment":[{"href":"https:\/\/progettotouring.it\/radiotouring104\/wp-json\/wp\/v2\/media?parent=60139"}],"wp:term":[{"taxonomy":"category","embeddable":true,"href":"https:\/\/progettotouring.it\/radiotouring104\/wp-json\/wp\/v2\/categories?post=60139"},{"taxonomy":"post_tag","embeddable":true,"href":"https:\/\/progettotouring.it\/radiotouring104\/wp-json\/wp\/v2\/tags?post=60139"}],"curies":[{"name":"wp","href":"https:\/\/api.w.org\/{rel}","templated":true}]}}