{"id":60143,"date":"2024-10-23T10:11:22","date_gmt":"2024-10-23T08:11:22","guid":{"rendered":"https:\/\/progettotouring.it\/radiotouring104\/?p=60143"},"modified":"2024-10-23T10:11:22","modified_gmt":"2024-10-23T08:11:22","slug":"il-segretario-del-pd-reggio-calabria-appoggia-la-schlein","status":"publish","type":"post","link":"https:\/\/progettotouring.it\/radiotouring104\/2024\/10\/23\/il-segretario-del-pd-reggio-calabria-appoggia-la-schlein\/","title":{"rendered":"Il Segretario del Pd Reggio Calabria appoggia la Schlein"},"content":{"rendered":"<p class=\"Standard\" style=\"text-align: justify;line-height: 150%\">La segretaria Elly Schlein ha ragione, l\u2019ha detto chiaramente a Mormanno:<\/p>\n<p class=\"Standard\" style=\"text-align: justify;line-height: 150%\">Il PD calabrese deve costruire l\u2019alternativa al Centrodestra che guida \u2013 male \u2013 la Regione.<\/p>\n<p class=\"Standard\" style=\"text-align: justify;line-height: 150%\">Saremo giudicati per questo:<\/p>\n<p class=\"Standard\" style=\"text-align: justify;line-height: 150%\">sulla capacit\u00e0 di rappresentare \u2013 con al centro i temi della Sanit\u00e0, del Lavoro e delle Infrastrutture \u2013 un\u2019offerta politica diversa, progressista, che non si arrenda, nell\u2019immobilismo, di fronte a tutti agli indici economici e sociali che condannano i calabresi ad una cittadinanza di serie B.<\/p>\n<p class=\"Standard\" style=\"text-align: justify;line-height: 150%\">Come costruire questo cambiamento, come farlo politicamente? Anche qui la Schlein \u00e8 stata chiara: 1) ci si deve aprire a tutte forze politiche e sociali che combattono l\u2019arroganza delle Destre corporative, incapaci di politiche \u201cuniversalistiche\u201d, per tutti; 2) si deve partire dai territori, dalle istanze dei cittadini organizzati, dei circoli, dei sindacati, dei corpi intermedi impegnati contro le intollerabili disuguaglianze. Possiamo ancora sintetizzare?<\/p>\n<p class=\"Standard\" style=\"text-align: justify;line-height: 150%\">\u201cPluralismo e Giustizia sociale\u201d debbono essere il fondamento del Nuovo Centrosinistra calabrese.<\/p>\n<p class=\"Standard\" style=\"text-align: justify;line-height: 150%\">Tutti in campo, nessuno escluso, contro il Regionalismo differenziato, contro l\u2019accesso limitato ai farmaci antitumorali, per lo svolgimento dei concorsi negli Ospedali, contro lo spreco di risorse legate al \u201cPonte\u201d di Salvini e di Occhiuto, contro chi ha deciso di negare alla radice ogni possibilit\u00e0 di perequazione tra Nord e Sud, mettendo da parte ogni serio tentativo di approntare veri livelli essenziali di prestazioni sociali \u201cuguali\u201d per tutti i cittadini italiani.<\/p>\n<p class=\"Standard\" style=\"text-align: justify;line-height: 150%\">Il PD pu\u00f2 essere davvero promotore di questa \u201crivoluzione\u201d di prospettiva, non chiudendosi nell\u2019inutile orgoglio di parte ma \u201caprendosi\u201d ad apporti diversi, articolando nei territori calabresi una stagione di ascolto e di analisi la pi\u00f9 condivisa possibile, la pi\u00f9 articolata e critica, la pi\u00f9 propositiva ed efficace.<\/p>\n<p class=\"Standard\" style=\"text-align: justify;line-height: 150%\">Il Partito Democratico Metropolitano ha gi\u00e0 iniziato, in occasione della raccolta firme sull\u2019autonomia differenziata, a dialogare con tutte le forze politiche ed i movimenti civici che sono contrari a questa destra e nei prossimi mesi continuer\u00e0 a farlo per costruire una coalizione quanto pi\u00f9 ampia possibile in vista anche dei prossimi appuntamenti amministrativi.<\/p>\n<p class=\"Standard\" style=\"text-align: justify;line-height: 150%\">Siamo in campo \u2013 lo abbiamo dimostrato mettendoci la faccia e scegliendo Elly Schlein nell\u2019ultimo Congresso \u2013 per dar corpo e anima ad una Coalizione Democratica che rifugga l\u2019arroganza dell\u2019autosufficienza e che sappia valorizzare il contributo di tutti i riformisti, di tutti gli amici e i compagni che vogliano costruire, insieme, una nuova Speranza per la Calabria.<\/p>\n","protected":false},"excerpt":{"rendered":"<p>La segretaria Elly Schlein ha ragione, l\u2019ha detto chiaramente a Mormanno: Il PD calabrese deve costruire l\u2019alternativa al Centrodestra che guida \u2013 male \u2013 la Regione. Saremo giudicati per questo:&hellip;<\/p>\n","protected":false},"author":12,"featured_media":60144,"comment_status":"closed","ping_status":"open","sticky":false,"template":"","format":"standard","meta":{"_jetpack_memberships_contains_paid_content":false,"footnotes":"","jetpack_publicize_message":"","jetpack_publicize_feature_enabled":true,"jetpack_social_post_already_shared":false,"jetpack_social_options":{"image_generator_settings":{"template":"highway","default_image_id":0,"font":"","enabled":false},"version":2}},"categories":[921,196,140],"tags":[36670,30424,10682,36669],"class_list":["post-60143","post","type-post","status-publish","format-standard","has-post-thumbnail","hentry","category-home","category-news","category-reggio-calabria","tag-il-cdx-guida-male-la-calabria-il-pd-guidera-il-cambiamento","tag-antonio-morabito-pd","tag-elly-schlein-segretaria-pd","tag-pd-reggio-sostiene-schlein"],"yoast_head":"<!-- This site is optimized with the Yoast SEO plugin v27.2 - https:\/\/yoast.com\/product\/yoast-seo-wordpress\/ -->\n<title>Il Segretario del Pd Reggio Calabria appoggia la Schlein<\/title>\n<meta name=\"description\" content=\"\u2018Il cdx guida male la Calabria. Il PD guider\u00e0 il cambiamento\u2019, dichiara il Segretario Pd Morabito sulla nascita di nuovo Csx calabrese\" \/>\n<meta name=\"robots\" content=\"index, follow, max-snippet:-1, max-image-preview:large, max-video-preview:-1\" \/>\n<link rel=\"canonical\" href=\"https:\/\/progettotouring.it\/radiotouring104\/2024\/10\/23\/il-segretario-del-pd-reggio-calabria-appoggia-la-schlein\/\" \/>\n<meta property=\"og:locale\" content=\"it_IT\" \/>\n<meta property=\"og:type\" content=\"article\" \/>\n<meta property=\"og:title\" content=\"Il Segretario del Pd Reggio Calabria appoggia la Schlein\" \/>\n<meta property=\"og:description\" content=\"\u2018Il cdx guida male la Calabria. Il PD guider\u00e0 il cambiamento\u2019, dichiara il Segretario Pd Morabito sulla nascita di nuovo Csx calabrese\" \/>\n<meta property=\"og:url\" content=\"https:\/\/progettotouring.it\/radiotouring104\/2024\/10\/23\/il-segretario-del-pd-reggio-calabria-appoggia-la-schlein\/\" \/>\n<meta property=\"og:site_name\" content=\"Radio Touring 104\" \/>\n<meta property=\"article:published_time\" content=\"2024-10-23T08:11:22+00:00\" \/>\n<meta property=\"og:image\" content=\"https:\/\/progettotouring.it\/radiotouring104\/wp-content\/uploads\/sites\/6\/2024\/10\/Morabito-Pd-Rc-Schlein.png\" \/>\n\t<meta property=\"og:image:width\" content=\"296\" \/>\n\t<meta property=\"og:image:height\" content=\"640\" \/>\n\t<meta property=\"og:image:type\" content=\"image\/png\" \/>\n<meta name=\"author\" content=\"Sebastiano Plutino\" \/>\n<meta name=\"twitter:card\" content=\"summary_large_image\" \/>\n<meta name=\"twitter:label1\" content=\"Scritto da\" \/>\n\t<meta name=\"twitter:data1\" content=\"Sebastiano Plutino\" \/>\n\t<meta name=\"twitter:label2\" content=\"Tempo di lettura stimato\" \/>\n\t<meta name=\"twitter:data2\" content=\"2 minuti\" \/>\n<script type=\"application\/ld+json\" class=\"yoast-schema-graph\">{\"@context\":\"https:\/\/schema.org\",\"@graph\":[{\"@type\":\"Article\",\"@id\":\"https:\/\/progettotouring.it\/radiotouring104\/2024\/10\/23\/il-segretario-del-pd-reggio-calabria-appoggia-la-schlein\/#article\",\"isPartOf\":{\"@id\":\"https:\/\/progettotouring.it\/radiotouring104\/2024\/10\/23\/il-segretario-del-pd-reggio-calabria-appoggia-la-schlein\/\"},\"author\":{\"name\":\"Sebastiano Plutino\",\"@id\":\"https:\/\/progettotouring.it\/radiotouring104\/#\/schema\/person\/78613917f1851f041f7483f5af1d422e\"},\"headline\":\"Il Segretario del Pd Reggio Calabria appoggia la Schlein\",\"datePublished\":\"2024-10-23T08:11:22+00:00\",\"mainEntityOfPage\":{\"@id\":\"https:\/\/progettotouring.it\/radiotouring104\/2024\/10\/23\/il-segretario-del-pd-reggio-calabria-appoggia-la-schlein\/\"},\"wordCount\":390,\"publisher\":{\"@id\":\"https:\/\/progettotouring.it\/radiotouring104\/#organization\"},\"image\":{\"@id\":\"https:\/\/progettotouring.it\/radiotouring104\/2024\/10\/23\/il-segretario-del-pd-reggio-calabria-appoggia-la-schlein\/#primaryimage\"},\"thumbnailUrl\":\"https:\/\/progettotouring.it\/radiotouring104\/wp-content\/uploads\/sites\/6\/2024\/10\/Morabito-Pd-Rc-Schlein.png\",\"keywords\":[\"\u2018Il cdx guida male la Calabria. Il PD guider\u00e0 il cambiamento\",\"Antonio Morabito PD\",\"Elly Schlein segretaria Pd\",\"Pd Reggio sostiene Schlein\"],\"articleSection\":[\"Home\",\"News\",\"Reggio Calabria\"],\"inLanguage\":\"it-IT\"},{\"@type\":\"WebPage\",\"@id\":\"https:\/\/progettotouring.it\/radiotouring104\/2024\/10\/23\/il-segretario-del-pd-reggio-calabria-appoggia-la-schlein\/\",\"url\":\"https:\/\/progettotouring.it\/radiotouring104\/2024\/10\/23\/il-segretario-del-pd-reggio-calabria-appoggia-la-schlein\/\",\"name\":\"Il Segretario del Pd Reggio Calabria appoggia la Schlein\",\"isPartOf\":{\"@id\":\"https:\/\/progettotouring.it\/radiotouring104\/#website\"},\"primaryImageOfPage\":{\"@id\":\"https:\/\/progettotouring.it\/radiotouring104\/2024\/10\/23\/il-segretario-del-pd-reggio-calabria-appoggia-la-schlein\/#primaryimage\"},\"image\":{\"@id\":\"https:\/\/progettotouring.it\/radiotouring104\/2024\/10\/23\/il-segretario-del-pd-reggio-calabria-appoggia-la-schlein\/#primaryimage\"},\"thumbnailUrl\":\"https:\/\/progettotouring.it\/radiotouring104\/wp-content\/uploads\/sites\/6\/2024\/10\/Morabito-Pd-Rc-Schlein.png\",\"datePublished\":\"2024-10-23T08:11:22+00:00\",\"description\":\"\u2018Il cdx guida male la Calabria. Il PD guider\u00e0 il cambiamento\u2019, dichiara il Segretario Pd Morabito sulla nascita di nuovo Csx calabrese\",\"breadcrumb\":{\"@id\":\"https:\/\/progettotouring.it\/radiotouring104\/2024\/10\/23\/il-segretario-del-pd-reggio-calabria-appoggia-la-schlein\/#breadcrumb\"},\"inLanguage\":\"it-IT\",\"potentialAction\":[{\"@type\":\"ReadAction\",\"target\":[\"https:\/\/progettotouring.it\/radiotouring104\/2024\/10\/23\/il-segretario-del-pd-reggio-calabria-appoggia-la-schlein\/\"]}]},{\"@type\":\"ImageObject\",\"inLanguage\":\"it-IT\",\"@id\":\"https:\/\/progettotouring.it\/radiotouring104\/2024\/10\/23\/il-segretario-del-pd-reggio-calabria-appoggia-la-schlein\/#primaryimage\",\"url\":\"https:\/\/progettotouring.it\/radiotouring104\/wp-content\/uploads\/sites\/6\/2024\/10\/Morabito-Pd-Rc-Schlein.png\",\"contentUrl\":\"https:\/\/progettotouring.it\/radiotouring104\/wp-content\/uploads\/sites\/6\/2024\/10\/Morabito-Pd-Rc-Schlein.png\",\"width\":296,\"height\":640},{\"@type\":\"BreadcrumbList\",\"@id\":\"https:\/\/progettotouring.it\/radiotouring104\/2024\/10\/23\/il-segretario-del-pd-reggio-calabria-appoggia-la-schlein\/#breadcrumb\",\"itemListElement\":[{\"@type\":\"ListItem\",\"position\":1,\"name\":\"Home\",\"item\":\"https:\/\/progettotouring.it\/radiotouring104\/\"},{\"@type\":\"ListItem\",\"position\":2,\"name\":\"Il Segretario del Pd Reggio Calabria appoggia la Schlein\"}]},{\"@type\":\"WebSite\",\"@id\":\"https:\/\/progettotouring.it\/radiotouring104\/#website\",\"url\":\"https:\/\/progettotouring.it\/radiotouring104\/\",\"name\":\"Radio Touring 104\",\"description\":\"La prima radio Reggina\",\"publisher\":{\"@id\":\"https:\/\/progettotouring.it\/radiotouring104\/#organization\"},\"potentialAction\":[{\"@type\":\"SearchAction\",\"target\":{\"@type\":\"EntryPoint\",\"urlTemplate\":\"https:\/\/progettotouring.it\/radiotouring104\/?s={search_term_string}\"},\"query-input\":{\"@type\":\"PropertyValueSpecification\",\"valueRequired\":true,\"valueName\":\"search_term_string\"}}],\"inLanguage\":\"it-IT\"},{\"@type\":\"Organization\",\"@id\":\"https:\/\/progettotouring.it\/radiotouring104\/#organization\",\"name\":\"Radio Touring 104\",\"url\":\"https:\/\/progettotouring.it\/radiotouring104\/\",\"logo\":{\"@type\":\"ImageObject\",\"inLanguage\":\"it-IT\",\"@id\":\"https:\/\/progettotouring.it\/radiotouring104\/#\/schema\/logo\/image\/\",\"url\":\"https:\/\/progettotouring.it\/radiotouring104\/wp-content\/uploads\/sites\/6\/2022\/02\/cropped-logo-radio-touring-104.png\",\"contentUrl\":\"https:\/\/progettotouring.it\/radiotouring104\/wp-content\/uploads\/sites\/6\/2022\/02\/cropped-logo-radio-touring-104.png\",\"width\":377,\"height\":182,\"caption\":\"Radio Touring 104\"},\"image\":{\"@id\":\"https:\/\/progettotouring.it\/radiotouring104\/#\/schema\/logo\/image\/\"}},{\"@type\":\"Person\",\"@id\":\"https:\/\/progettotouring.it\/radiotouring104\/#\/schema\/person\/78613917f1851f041f7483f5af1d422e\",\"name\":\"Sebastiano Plutino\",\"image\":{\"@type\":\"ImageObject\",\"inLanguage\":\"it-IT\",\"@id\":\"https:\/\/secure.gravatar.com\/avatar\/0546ffaa9b79224faf9f2a156b67a529ae861d3287c66c1d8ccfdf909bcba78d?s=96&d=mm&r=g\",\"url\":\"https:\/\/secure.gravatar.com\/avatar\/0546ffaa9b79224faf9f2a156b67a529ae861d3287c66c1d8ccfdf909bcba78d?s=96&d=mm&r=g\",\"contentUrl\":\"https:\/\/secure.gravatar.com\/avatar\/0546ffaa9b79224faf9f2a156b67a529ae861d3287c66c1d8ccfdf909bcba78d?s=96&d=mm&r=g\",\"caption\":\"Sebastiano Plutino\"},\"url\":\"https:\/\/progettotouring.it\/radiotouring104\/author\/sebastiano\/\"}]}<\/script>\n<!-- \/ Yoast SEO plugin. -->","yoast_head_json":{"title":"Il Segretario del Pd Reggio Calabria appoggia la Schlein","description":"\u2018Il cdx guida male la Calabria. Il PD guider\u00e0 il cambiamento\u2019, dichiara il Segretario Pd Morabito sulla nascita di nuovo Csx calabrese","robots":{"index":"index","follow":"follow","max-snippet":"max-snippet:-1","max-image-preview":"max-image-preview:large","max-video-preview":"max-video-preview:-1"},"canonical":"https:\/\/progettotouring.it\/radiotouring104\/2024\/10\/23\/il-segretario-del-pd-reggio-calabria-appoggia-la-schlein\/","og_locale":"it_IT","og_type":"article","og_title":"Il Segretario del Pd Reggio Calabria appoggia la Schlein","og_description":"\u2018Il cdx guida male la Calabria. Il PD guider\u00e0 il cambiamento\u2019, dichiara il Segretario Pd Morabito sulla nascita di nuovo Csx calabrese","og_url":"https:\/\/progettotouring.it\/radiotouring104\/2024\/10\/23\/il-segretario-del-pd-reggio-calabria-appoggia-la-schlein\/","og_site_name":"Radio Touring 104","article_published_time":"2024-10-23T08:11:22+00:00","og_image":[{"width":296,"height":640,"url":"https:\/\/progettotouring.it\/radiotouring104\/wp-content\/uploads\/sites\/6\/2024\/10\/Morabito-Pd-Rc-Schlein.png","type":"image\/png"}],"author":"Sebastiano Plutino","twitter_card":"summary_large_image","twitter_misc":{"Scritto da":"Sebastiano Plutino","Tempo di lettura stimato":"2 minuti"},"schema":{"@context":"https:\/\/schema.org","@graph":[{"@type":"Article","@id":"https:\/\/progettotouring.it\/radiotouring104\/2024\/10\/23\/il-segretario-del-pd-reggio-calabria-appoggia-la-schlein\/#article","isPartOf":{"@id":"https:\/\/progettotouring.it\/radiotouring104\/2024\/10\/23\/il-segretario-del-pd-reggio-calabria-appoggia-la-schlein\/"},"author":{"name":"Sebastiano Plutino","@id":"https:\/\/progettotouring.it\/radiotouring104\/#\/schema\/person\/78613917f1851f041f7483f5af1d422e"},"headline":"Il Segretario del Pd Reggio Calabria appoggia la Schlein","datePublished":"2024-10-23T08:11:22+00:00","mainEntityOfPage":{"@id":"https:\/\/progettotouring.it\/radiotouring104\/2024\/10\/23\/il-segretario-del-pd-reggio-calabria-appoggia-la-schlein\/"},"wordCount":390,"publisher":{"@id":"https:\/\/progettotouring.it\/radiotouring104\/#organization"},"image":{"@id":"https:\/\/progettotouring.it\/radiotouring104\/2024\/10\/23\/il-segretario-del-pd-reggio-calabria-appoggia-la-schlein\/#primaryimage"},"thumbnailUrl":"https:\/\/progettotouring.it\/radiotouring104\/wp-content\/uploads\/sites\/6\/2024\/10\/Morabito-Pd-Rc-Schlein.png","keywords":["\u2018Il cdx guida male la Calabria. Il PD guider\u00e0 il cambiamento","Antonio Morabito PD","Elly Schlein segretaria Pd","Pd Reggio sostiene Schlein"],"articleSection":["Home","News","Reggio Calabria"],"inLanguage":"it-IT"},{"@type":"WebPage","@id":"https:\/\/progettotouring.it\/radiotouring104\/2024\/10\/23\/il-segretario-del-pd-reggio-calabria-appoggia-la-schlein\/","url":"https:\/\/progettotouring.it\/radiotouring104\/2024\/10\/23\/il-segretario-del-pd-reggio-calabria-appoggia-la-schlein\/","name":"Il Segretario del Pd Reggio Calabria appoggia la Schlein","isPartOf":{"@id":"https:\/\/progettotouring.it\/radiotouring104\/#website"},"primaryImageOfPage":{"@id":"https:\/\/progettotouring.it\/radiotouring104\/2024\/10\/23\/il-segretario-del-pd-reggio-calabria-appoggia-la-schlein\/#primaryimage"},"image":{"@id":"https:\/\/progettotouring.it\/radiotouring104\/2024\/10\/23\/il-segretario-del-pd-reggio-calabria-appoggia-la-schlein\/#primaryimage"},"thumbnailUrl":"https:\/\/progettotouring.it\/radiotouring104\/wp-content\/uploads\/sites\/6\/2024\/10\/Morabito-Pd-Rc-Schlein.png","datePublished":"2024-10-23T08:11:22+00:00","description":"\u2018Il cdx guida male la Calabria. Il PD guider\u00e0 il cambiamento\u2019, dichiara il Segretario Pd Morabito sulla nascita di nuovo Csx calabrese","breadcrumb":{"@id":"https:\/\/progettotouring.it\/radiotouring104\/2024\/10\/23\/il-segretario-del-pd-reggio-calabria-appoggia-la-schlein\/#breadcrumb"},"inLanguage":"it-IT","potentialAction":[{"@type":"ReadAction","target":["https:\/\/progettotouring.it\/radiotouring104\/2024\/10\/23\/il-segretario-del-pd-reggio-calabria-appoggia-la-schlein\/"]}]},{"@type":"ImageObject","inLanguage":"it-IT","@id":"https:\/\/progettotouring.it\/radiotouring104\/2024\/10\/23\/il-segretario-del-pd-reggio-calabria-appoggia-la-schlein\/#primaryimage","url":"https:\/\/progettotouring.it\/radiotouring104\/wp-content\/uploads\/sites\/6\/2024\/10\/Morabito-Pd-Rc-Schlein.png","contentUrl":"https:\/\/progettotouring.it\/radiotouring104\/wp-content\/uploads\/sites\/6\/2024\/10\/Morabito-Pd-Rc-Schlein.png","width":296,"height":640},{"@type":"BreadcrumbList","@id":"https:\/\/progettotouring.it\/radiotouring104\/2024\/10\/23\/il-segretario-del-pd-reggio-calabria-appoggia-la-schlein\/#breadcrumb","itemListElement":[{"@type":"ListItem","position":1,"name":"Home","item":"https:\/\/progettotouring.it\/radiotouring104\/"},{"@type":"ListItem","position":2,"name":"Il Segretario del Pd Reggio Calabria appoggia la Schlein"}]},{"@type":"WebSite","@id":"https:\/\/progettotouring.it\/radiotouring104\/#website","url":"https:\/\/progettotouring.it\/radiotouring104\/","name":"Radio Touring 104","description":"La prima radio Reggina","publisher":{"@id":"https:\/\/progettotouring.it\/radiotouring104\/#organization"},"potentialAction":[{"@type":"SearchAction","target":{"@type":"EntryPoint","urlTemplate":"https:\/\/progettotouring.it\/radiotouring104\/?s={search_term_string}"},"query-input":{"@type":"PropertyValueSpecification","valueRequired":true,"valueName":"search_term_string"}}],"inLanguage":"it-IT"},{"@type":"Organization","@id":"https:\/\/progettotouring.it\/radiotouring104\/#organization","name":"Radio Touring 104","url":"https:\/\/progettotouring.it\/radiotouring104\/","logo":{"@type":"ImageObject","inLanguage":"it-IT","@id":"https:\/\/progettotouring.it\/radiotouring104\/#\/schema\/logo\/image\/","url":"https:\/\/progettotouring.it\/radiotouring104\/wp-content\/uploads\/sites\/6\/2022\/02\/cropped-logo-radio-touring-104.png","contentUrl":"https:\/\/progettotouring.it\/radiotouring104\/wp-content\/uploads\/sites\/6\/2022\/02\/cropped-logo-radio-touring-104.png","width":377,"height":182,"caption":"Radio Touring 104"},"image":{"@id":"https:\/\/progettotouring.it\/radiotouring104\/#\/schema\/logo\/image\/"}},{"@type":"Person","@id":"https:\/\/progettotouring.it\/radiotouring104\/#\/schema\/person\/78613917f1851f041f7483f5af1d422e","name":"Sebastiano Plutino","image":{"@type":"ImageObject","inLanguage":"it-IT","@id":"https:\/\/secure.gravatar.com\/avatar\/0546ffaa9b79224faf9f2a156b67a529ae861d3287c66c1d8ccfdf909bcba78d?s=96&d=mm&r=g","url":"https:\/\/secure.gravatar.com\/avatar\/0546ffaa9b79224faf9f2a156b67a529ae861d3287c66c1d8ccfdf909bcba78d?s=96&d=mm&r=g","contentUrl":"https:\/\/secure.gravatar.com\/avatar\/0546ffaa9b79224faf9f2a156b67a529ae861d3287c66c1d8ccfdf909bcba78d?s=96&d=mm&r=g","caption":"Sebastiano Plutino"},"url":"https:\/\/progettotouring.it\/radiotouring104\/author\/sebastiano\/"}]}},"jetpack_publicize_connections":[],"jetpack_featured_media_url":"https:\/\/progettotouring.it\/radiotouring104\/wp-content\/uploads\/sites\/6\/2024\/10\/Morabito-Pd-Rc-Schlein.png","jetpack_sharing_enabled":true,"_links":{"self":[{"href":"https:\/\/progettotouring.it\/radiotouring104\/wp-json\/wp\/v2\/posts\/60143","targetHints":{"allow":["GET"]}}],"collection":[{"href":"https:\/\/progettotouring.it\/radiotouring104\/wp-json\/wp\/v2\/posts"}],"about":[{"href":"https:\/\/progettotouring.it\/radiotouring104\/wp-json\/wp\/v2\/types\/post"}],"author":[{"embeddable":true,"href":"https:\/\/progettotouring.it\/radiotouring104\/wp-json\/wp\/v2\/users\/12"}],"replies":[{"embeddable":true,"href":"https:\/\/progettotouring.it\/radiotouring104\/wp-json\/wp\/v2\/comments?post=60143"}],"version-history":[{"count":1,"href":"https:\/\/progettotouring.it\/radiotouring104\/wp-json\/wp\/v2\/posts\/60143\/revisions"}],"predecessor-version":[{"id":60145,"href":"https:\/\/progettotouring.it\/radiotouring104\/wp-json\/wp\/v2\/posts\/60143\/revisions\/60145"}],"wp:featuredmedia":[{"embeddable":true,"href":"https:\/\/progettotouring.it\/radiotouring104\/wp-json\/wp\/v2\/media\/60144"}],"wp:attachment":[{"href":"https:\/\/progettotouring.it\/radiotouring104\/wp-json\/wp\/v2\/media?parent=60143"}],"wp:term":[{"taxonomy":"category","embeddable":true,"href":"https:\/\/progettotouring.it\/radiotouring104\/wp-json\/wp\/v2\/categories?post=60143"},{"taxonomy":"post_tag","embeddable":true,"href":"https:\/\/progettotouring.it\/radiotouring104\/wp-json\/wp\/v2\/tags?post=60143"}],"curies":[{"name":"wp","href":"https:\/\/api.w.org\/{rel}","templated":true}]}}