{"id":60155,"date":"2024-10-23T11:07:45","date_gmt":"2024-10-23T09:07:45","guid":{"rendered":"https:\/\/progettotouring.it\/radiotouring104\/?p=60155"},"modified":"2024-10-23T11:07:45","modified_gmt":"2024-10-23T09:07:45","slug":"palmi-il-liceo-einaudi-alvaro-accoglie-i-nuovi-indirizzi-quadriennali-dellite","status":"publish","type":"post","link":"https:\/\/progettotouring.it\/radiotouring104\/2024\/10\/23\/palmi-il-liceo-einaudi-alvaro-accoglie-i-nuovi-indirizzi-quadriennali-dellite\/","title":{"rendered":"Palmi: il Liceo Einaudi Alvaro accoglie i nuovi indirizzi quadriennali dell\u2019ITE"},"content":{"rendered":"<p style=\"text-align: justify\"><strong>A partire dal 21 ottobre 2024, l&#8217;Istituto di Istruzione Superiore<\/strong> <em>\u201cEinaudi-Alvaro\u201d<\/em> di Palmi vive un importante novit\u00e0.<\/p>\n<p style=\"text-align: justify\"><strong>Gli studenti dell&#8217;ITE,<\/strong> Istituto Tecnico Economico, con gli indirizzi <em>\u201camministrazione, finanza e marketing\u201d e \u201ctecnico del turismo\u201d,<\/em><strong> si trasferiscono presso la sede del Liceo<\/strong> <em>\u201cCorrado Alvaro\u201d.<\/em><\/p>\n<p style=\"text-align: justify\">Sar\u00e0 l&#8217;occasione per una sempre pi\u00f9 ampia condivisione dei percorsi tra le diverse realt\u00e0 dell&#8217;istituto, offrendo agli studenti e ai docenti dei differenti indirizzi un&#8217;apertura ulteriore degli orizzonti educativi e garantendo nuovi spazi di socializzazione e formazione.<\/p>\n<p style=\"text-align: justify\"><strong>L&#8217;introduzione dei nuovi indirizzi quadriennali \u00e8 stata fortemente voluta dal Dirigente<\/strong> Scolastico dell&#8217;Einaudi-Alvaro <strong>prof.ssa Pasqualina Maria Zaccheria<\/strong>, membro dell&#8217;Ufficio di Presidenza del CSPI, nonch\u00e9 dalla D.S. prof.ssa Eva Raffaella Nicol\u00f2 e dal D.S. dott. Giuseppe Eburnea.<\/p>\n<p style=\"text-align: justify\">Si tratta di corsi di studio che permettono, come i percorsi quinquennali tradizionali, l\u2019iscrizione a qualsiasi percorso universitario ma garantiscono una corsia preferenziale verso gli ITS Academy, gli Istituti tecnologici superiori che costituiscono l\u2019ossatura dell\u2019alta formazione tecnologica attraverso scuole di eccellenza post diploma diffuse su tutto il territorio nazionale e che permettono di conseguire il titolo di tecnico superiore.<\/p>\n<p style=\"text-align: justify\"><strong>Il percorso di studi dell\u2019ITE<\/strong> \u201cEinaudi-Alvaro\u201d, attraverso i due nuovi indirizzi,<strong> prevede percorsi di eccellenza basati su una didattica innovativa,<\/strong> caratterizzata da percorsi PCTO estremamente potenziati (da svolgere anche all\u2019estero) e da stage formativi presso le imprese del territorio, nazionali e internazionali, dall\u2019acquisizione del know how necessario all\u2019avvio di una start up e della sensibilit\u00e0 imprenditoriale. Oltre a ci\u00f2,<strong> i corsi puntano al potenziamento delle competenze informatiche, a<\/strong>llo studio sistematico delle materie tecnico-professionali, alla piena padronanza della lingua inglese e all\u2019acquisizione delle soft skills fondamentali per il futuro dei nostri giovani studenti.<strong> Dal terzo anno \u00e8 prevista anche la didattica CLIL<\/strong> (content and language integrated learning), con l\u2019insegnamento in lingua inglese di una materia di indirizzo. Inoltre, \u00e8 previsto un deciso potenziamento delle discipline STEM (scientifiche, tecnologiche, ingegneristiche e matematiche), privilegiando una modalit\u00e0 laboratoriale e applicata, in una stretta interconnessione tra sapere e saper fare, tra teoria e tecnica.<\/p>\n","protected":false},"excerpt":{"rendered":"<p>A partire dal 21 ottobre 2024, l&#8217;Istituto di Istruzione Superiore \u201cEinaudi-Alvaro\u201d di Palmi vive un importante novit\u00e0. Gli studenti dell&#8217;ITE, Istituto Tecnico Economico, con gli indirizzi \u201camministrazione, finanza e marketing\u201d&hellip;<\/p>\n","protected":false},"author":12,"featured_media":60156,"comment_status":"closed","ping_status":"open","sticky":false,"template":"","format":"standard","meta":{"_jetpack_memberships_contains_paid_content":false,"footnotes":"","jetpack_publicize_message":"","jetpack_publicize_feature_enabled":true,"jetpack_social_post_already_shared":false,"jetpack_social_options":{"image_generator_settings":{"template":"highway","default_image_id":0,"font":"","enabled":false},"version":2}},"categories":[921,196,140],"tags":[25587,36681,464],"class_list":["post-60155","post","type-post","status-publish","format-standard","has-post-thumbnail","hentry","category-home","category-news","category-reggio-calabria","tag-i-i-s-einaudi-alvaro","tag-nuovi-indirizzi-quadriennali-dellite","tag-palmi"],"yoast_head":"<!-- This site is optimized with the Yoast SEO plugin v27.2 - https:\/\/yoast.com\/product\/yoast-seo-wordpress\/ -->\n<title>Palmi: il Liceo Einaudi Alvaro accoglie i nuovi indirizzi quadriennali dell\u2019ITE - Radio Touring 104<\/title>\n<meta name=\"description\" content=\"A partire dal 21 ottobre 2024, l&#039;Istituto di Istruzione Superiore \u201cEinaudi-Alvaro\u201d di Palmi vive un importante novit\u00e0.\" \/>\n<meta name=\"robots\" content=\"index, follow, max-snippet:-1, max-image-preview:large, max-video-preview:-1\" \/>\n<link rel=\"canonical\" href=\"https:\/\/progettotouring.it\/radiotouring104\/2024\/10\/23\/palmi-il-liceo-einaudi-alvaro-accoglie-i-nuovi-indirizzi-quadriennali-dellite\/\" \/>\n<meta property=\"og:locale\" content=\"it_IT\" \/>\n<meta property=\"og:type\" content=\"article\" \/>\n<meta property=\"og:title\" content=\"Palmi: il Liceo Einaudi Alvaro accoglie i nuovi indirizzi quadriennali dell\u2019ITE - Radio Touring 104\" \/>\n<meta property=\"og:description\" content=\"A partire dal 21 ottobre 2024, l&#039;Istituto di Istruzione Superiore \u201cEinaudi-Alvaro\u201d di Palmi vive un importante novit\u00e0.\" \/>\n<meta property=\"og:url\" content=\"https:\/\/progettotouring.it\/radiotouring104\/2024\/10\/23\/palmi-il-liceo-einaudi-alvaro-accoglie-i-nuovi-indirizzi-quadriennali-dellite\/\" \/>\n<meta property=\"og:site_name\" content=\"Radio Touring 104\" \/>\n<meta property=\"article:published_time\" content=\"2024-10-23T09:07:45+00:00\" \/>\n<meta property=\"og:image\" content=\"https:\/\/progettotouring.it\/radiotouring104\/wp-content\/uploads\/sites\/6\/2024\/10\/Liceo-alvaro-palmi.jpg\" \/>\n\t<meta property=\"og:image:width\" content=\"1614\" \/>\n\t<meta property=\"og:image:height\" content=\"1134\" \/>\n\t<meta property=\"og:image:type\" content=\"image\/jpeg\" \/>\n<meta name=\"author\" content=\"Sebastiano Plutino\" \/>\n<meta name=\"twitter:card\" content=\"summary_large_image\" \/>\n<meta name=\"twitter:label1\" content=\"Scritto da\" \/>\n\t<meta name=\"twitter:data1\" content=\"Sebastiano Plutino\" \/>\n\t<meta name=\"twitter:label2\" content=\"Tempo di lettura stimato\" \/>\n\t<meta name=\"twitter:data2\" content=\"2 minuti\" \/>\n<script type=\"application\/ld+json\" class=\"yoast-schema-graph\">{\"@context\":\"https:\/\/schema.org\",\"@graph\":[{\"@type\":\"Article\",\"@id\":\"https:\/\/progettotouring.it\/radiotouring104\/2024\/10\/23\/palmi-il-liceo-einaudi-alvaro-accoglie-i-nuovi-indirizzi-quadriennali-dellite\/#article\",\"isPartOf\":{\"@id\":\"https:\/\/progettotouring.it\/radiotouring104\/2024\/10\/23\/palmi-il-liceo-einaudi-alvaro-accoglie-i-nuovi-indirizzi-quadriennali-dellite\/\"},\"author\":{\"name\":\"Sebastiano Plutino\",\"@id\":\"https:\/\/progettotouring.it\/radiotouring104\/#\/schema\/person\/78613917f1851f041f7483f5af1d422e\"},\"headline\":\"Palmi: il Liceo Einaudi Alvaro accoglie i nuovi indirizzi quadriennali dell\u2019ITE\",\"datePublished\":\"2024-10-23T09:07:45+00:00\",\"mainEntityOfPage\":{\"@id\":\"https:\/\/progettotouring.it\/radiotouring104\/2024\/10\/23\/palmi-il-liceo-einaudi-alvaro-accoglie-i-nuovi-indirizzi-quadriennali-dellite\/\"},\"wordCount\":344,\"publisher\":{\"@id\":\"https:\/\/progettotouring.it\/radiotouring104\/#organization\"},\"image\":{\"@id\":\"https:\/\/progettotouring.it\/radiotouring104\/2024\/10\/23\/palmi-il-liceo-einaudi-alvaro-accoglie-i-nuovi-indirizzi-quadriennali-dellite\/#primaryimage\"},\"thumbnailUrl\":\"https:\/\/progettotouring.it\/radiotouring104\/wp-content\/uploads\/sites\/6\/2024\/10\/Liceo-alvaro-palmi.jpg\",\"keywords\":[\"\u2019I.I.S. \u201cEinaudi-Alvaro\u201d\",\"nuovi indirizzi quadriennali dell\u2019ITE\",\"Palmi\"],\"articleSection\":[\"Home\",\"News\",\"Reggio Calabria\"],\"inLanguage\":\"it-IT\"},{\"@type\":\"WebPage\",\"@id\":\"https:\/\/progettotouring.it\/radiotouring104\/2024\/10\/23\/palmi-il-liceo-einaudi-alvaro-accoglie-i-nuovi-indirizzi-quadriennali-dellite\/\",\"url\":\"https:\/\/progettotouring.it\/radiotouring104\/2024\/10\/23\/palmi-il-liceo-einaudi-alvaro-accoglie-i-nuovi-indirizzi-quadriennali-dellite\/\",\"name\":\"Palmi: il Liceo Einaudi Alvaro accoglie i nuovi indirizzi quadriennali dell\u2019ITE - Radio Touring 104\",\"isPartOf\":{\"@id\":\"https:\/\/progettotouring.it\/radiotouring104\/#website\"},\"primaryImageOfPage\":{\"@id\":\"https:\/\/progettotouring.it\/radiotouring104\/2024\/10\/23\/palmi-il-liceo-einaudi-alvaro-accoglie-i-nuovi-indirizzi-quadriennali-dellite\/#primaryimage\"},\"image\":{\"@id\":\"https:\/\/progettotouring.it\/radiotouring104\/2024\/10\/23\/palmi-il-liceo-einaudi-alvaro-accoglie-i-nuovi-indirizzi-quadriennali-dellite\/#primaryimage\"},\"thumbnailUrl\":\"https:\/\/progettotouring.it\/radiotouring104\/wp-content\/uploads\/sites\/6\/2024\/10\/Liceo-alvaro-palmi.jpg\",\"datePublished\":\"2024-10-23T09:07:45+00:00\",\"description\":\"A partire dal 21 ottobre 2024, l'Istituto di Istruzione Superiore \u201cEinaudi-Alvaro\u201d di Palmi vive un importante novit\u00e0.\",\"breadcrumb\":{\"@id\":\"https:\/\/progettotouring.it\/radiotouring104\/2024\/10\/23\/palmi-il-liceo-einaudi-alvaro-accoglie-i-nuovi-indirizzi-quadriennali-dellite\/#breadcrumb\"},\"inLanguage\":\"it-IT\",\"potentialAction\":[{\"@type\":\"ReadAction\",\"target\":[\"https:\/\/progettotouring.it\/radiotouring104\/2024\/10\/23\/palmi-il-liceo-einaudi-alvaro-accoglie-i-nuovi-indirizzi-quadriennali-dellite\/\"]}]},{\"@type\":\"ImageObject\",\"inLanguage\":\"it-IT\",\"@id\":\"https:\/\/progettotouring.it\/radiotouring104\/2024\/10\/23\/palmi-il-liceo-einaudi-alvaro-accoglie-i-nuovi-indirizzi-quadriennali-dellite\/#primaryimage\",\"url\":\"https:\/\/progettotouring.it\/radiotouring104\/wp-content\/uploads\/sites\/6\/2024\/10\/Liceo-alvaro-palmi.jpg\",\"contentUrl\":\"https:\/\/progettotouring.it\/radiotouring104\/wp-content\/uploads\/sites\/6\/2024\/10\/Liceo-alvaro-palmi.jpg\",\"width\":1614,\"height\":1134},{\"@type\":\"BreadcrumbList\",\"@id\":\"https:\/\/progettotouring.it\/radiotouring104\/2024\/10\/23\/palmi-il-liceo-einaudi-alvaro-accoglie-i-nuovi-indirizzi-quadriennali-dellite\/#breadcrumb\",\"itemListElement\":[{\"@type\":\"ListItem\",\"position\":1,\"name\":\"Home\",\"item\":\"https:\/\/progettotouring.it\/radiotouring104\/\"},{\"@type\":\"ListItem\",\"position\":2,\"name\":\"Palmi: il Liceo Einaudi Alvaro accoglie i nuovi indirizzi quadriennali dell\u2019ITE\"}]},{\"@type\":\"WebSite\",\"@id\":\"https:\/\/progettotouring.it\/radiotouring104\/#website\",\"url\":\"https:\/\/progettotouring.it\/radiotouring104\/\",\"name\":\"Radio Touring 104\",\"description\":\"La prima radio Reggina\",\"publisher\":{\"@id\":\"https:\/\/progettotouring.it\/radiotouring104\/#organization\"},\"potentialAction\":[{\"@type\":\"SearchAction\",\"target\":{\"@type\":\"EntryPoint\",\"urlTemplate\":\"https:\/\/progettotouring.it\/radiotouring104\/?s={search_term_string}\"},\"query-input\":{\"@type\":\"PropertyValueSpecification\",\"valueRequired\":true,\"valueName\":\"search_term_string\"}}],\"inLanguage\":\"it-IT\"},{\"@type\":\"Organization\",\"@id\":\"https:\/\/progettotouring.it\/radiotouring104\/#organization\",\"name\":\"Radio Touring 104\",\"url\":\"https:\/\/progettotouring.it\/radiotouring104\/\",\"logo\":{\"@type\":\"ImageObject\",\"inLanguage\":\"it-IT\",\"@id\":\"https:\/\/progettotouring.it\/radiotouring104\/#\/schema\/logo\/image\/\",\"url\":\"https:\/\/progettotouring.it\/radiotouring104\/wp-content\/uploads\/sites\/6\/2022\/02\/cropped-logo-radio-touring-104.png\",\"contentUrl\":\"https:\/\/progettotouring.it\/radiotouring104\/wp-content\/uploads\/sites\/6\/2022\/02\/cropped-logo-radio-touring-104.png\",\"width\":377,\"height\":182,\"caption\":\"Radio Touring 104\"},\"image\":{\"@id\":\"https:\/\/progettotouring.it\/radiotouring104\/#\/schema\/logo\/image\/\"}},{\"@type\":\"Person\",\"@id\":\"https:\/\/progettotouring.it\/radiotouring104\/#\/schema\/person\/78613917f1851f041f7483f5af1d422e\",\"name\":\"Sebastiano Plutino\",\"image\":{\"@type\":\"ImageObject\",\"inLanguage\":\"it-IT\",\"@id\":\"https:\/\/secure.gravatar.com\/avatar\/0546ffaa9b79224faf9f2a156b67a529ae861d3287c66c1d8ccfdf909bcba78d?s=96&d=mm&r=g\",\"url\":\"https:\/\/secure.gravatar.com\/avatar\/0546ffaa9b79224faf9f2a156b67a529ae861d3287c66c1d8ccfdf909bcba78d?s=96&d=mm&r=g\",\"contentUrl\":\"https:\/\/secure.gravatar.com\/avatar\/0546ffaa9b79224faf9f2a156b67a529ae861d3287c66c1d8ccfdf909bcba78d?s=96&d=mm&r=g\",\"caption\":\"Sebastiano Plutino\"},\"url\":\"https:\/\/progettotouring.it\/radiotouring104\/author\/sebastiano\/\"}]}<\/script>\n<!-- \/ Yoast SEO plugin. -->","yoast_head_json":{"title":"Palmi: il Liceo Einaudi Alvaro accoglie i nuovi indirizzi quadriennali dell\u2019ITE - Radio Touring 104","description":"A partire dal 21 ottobre 2024, l'Istituto di Istruzione Superiore \u201cEinaudi-Alvaro\u201d di Palmi vive un importante novit\u00e0.","robots":{"index":"index","follow":"follow","max-snippet":"max-snippet:-1","max-image-preview":"max-image-preview:large","max-video-preview":"max-video-preview:-1"},"canonical":"https:\/\/progettotouring.it\/radiotouring104\/2024\/10\/23\/palmi-il-liceo-einaudi-alvaro-accoglie-i-nuovi-indirizzi-quadriennali-dellite\/","og_locale":"it_IT","og_type":"article","og_title":"Palmi: il Liceo Einaudi Alvaro accoglie i nuovi indirizzi quadriennali dell\u2019ITE - Radio Touring 104","og_description":"A partire dal 21 ottobre 2024, l'Istituto di Istruzione Superiore \u201cEinaudi-Alvaro\u201d di Palmi vive un importante novit\u00e0.","og_url":"https:\/\/progettotouring.it\/radiotouring104\/2024\/10\/23\/palmi-il-liceo-einaudi-alvaro-accoglie-i-nuovi-indirizzi-quadriennali-dellite\/","og_site_name":"Radio Touring 104","article_published_time":"2024-10-23T09:07:45+00:00","og_image":[{"width":1614,"height":1134,"url":"https:\/\/progettotouring.it\/radiotouring104\/wp-content\/uploads\/sites\/6\/2024\/10\/Liceo-alvaro-palmi.jpg","type":"image\/jpeg"}],"author":"Sebastiano Plutino","twitter_card":"summary_large_image","twitter_misc":{"Scritto da":"Sebastiano Plutino","Tempo di lettura stimato":"2 minuti"},"schema":{"@context":"https:\/\/schema.org","@graph":[{"@type":"Article","@id":"https:\/\/progettotouring.it\/radiotouring104\/2024\/10\/23\/palmi-il-liceo-einaudi-alvaro-accoglie-i-nuovi-indirizzi-quadriennali-dellite\/#article","isPartOf":{"@id":"https:\/\/progettotouring.it\/radiotouring104\/2024\/10\/23\/palmi-il-liceo-einaudi-alvaro-accoglie-i-nuovi-indirizzi-quadriennali-dellite\/"},"author":{"name":"Sebastiano Plutino","@id":"https:\/\/progettotouring.it\/radiotouring104\/#\/schema\/person\/78613917f1851f041f7483f5af1d422e"},"headline":"Palmi: il Liceo Einaudi Alvaro accoglie i nuovi indirizzi quadriennali dell\u2019ITE","datePublished":"2024-10-23T09:07:45+00:00","mainEntityOfPage":{"@id":"https:\/\/progettotouring.it\/radiotouring104\/2024\/10\/23\/palmi-il-liceo-einaudi-alvaro-accoglie-i-nuovi-indirizzi-quadriennali-dellite\/"},"wordCount":344,"publisher":{"@id":"https:\/\/progettotouring.it\/radiotouring104\/#organization"},"image":{"@id":"https:\/\/progettotouring.it\/radiotouring104\/2024\/10\/23\/palmi-il-liceo-einaudi-alvaro-accoglie-i-nuovi-indirizzi-quadriennali-dellite\/#primaryimage"},"thumbnailUrl":"https:\/\/progettotouring.it\/radiotouring104\/wp-content\/uploads\/sites\/6\/2024\/10\/Liceo-alvaro-palmi.jpg","keywords":["\u2019I.I.S. \u201cEinaudi-Alvaro\u201d","nuovi indirizzi quadriennali dell\u2019ITE","Palmi"],"articleSection":["Home","News","Reggio Calabria"],"inLanguage":"it-IT"},{"@type":"WebPage","@id":"https:\/\/progettotouring.it\/radiotouring104\/2024\/10\/23\/palmi-il-liceo-einaudi-alvaro-accoglie-i-nuovi-indirizzi-quadriennali-dellite\/","url":"https:\/\/progettotouring.it\/radiotouring104\/2024\/10\/23\/palmi-il-liceo-einaudi-alvaro-accoglie-i-nuovi-indirizzi-quadriennali-dellite\/","name":"Palmi: il Liceo Einaudi Alvaro accoglie i nuovi indirizzi quadriennali dell\u2019ITE - Radio Touring 104","isPartOf":{"@id":"https:\/\/progettotouring.it\/radiotouring104\/#website"},"primaryImageOfPage":{"@id":"https:\/\/progettotouring.it\/radiotouring104\/2024\/10\/23\/palmi-il-liceo-einaudi-alvaro-accoglie-i-nuovi-indirizzi-quadriennali-dellite\/#primaryimage"},"image":{"@id":"https:\/\/progettotouring.it\/radiotouring104\/2024\/10\/23\/palmi-il-liceo-einaudi-alvaro-accoglie-i-nuovi-indirizzi-quadriennali-dellite\/#primaryimage"},"thumbnailUrl":"https:\/\/progettotouring.it\/radiotouring104\/wp-content\/uploads\/sites\/6\/2024\/10\/Liceo-alvaro-palmi.jpg","datePublished":"2024-10-23T09:07:45+00:00","description":"A partire dal 21 ottobre 2024, l'Istituto di Istruzione Superiore \u201cEinaudi-Alvaro\u201d di Palmi vive un importante novit\u00e0.","breadcrumb":{"@id":"https:\/\/progettotouring.it\/radiotouring104\/2024\/10\/23\/palmi-il-liceo-einaudi-alvaro-accoglie-i-nuovi-indirizzi-quadriennali-dellite\/#breadcrumb"},"inLanguage":"it-IT","potentialAction":[{"@type":"ReadAction","target":["https:\/\/progettotouring.it\/radiotouring104\/2024\/10\/23\/palmi-il-liceo-einaudi-alvaro-accoglie-i-nuovi-indirizzi-quadriennali-dellite\/"]}]},{"@type":"ImageObject","inLanguage":"it-IT","@id":"https:\/\/progettotouring.it\/radiotouring104\/2024\/10\/23\/palmi-il-liceo-einaudi-alvaro-accoglie-i-nuovi-indirizzi-quadriennali-dellite\/#primaryimage","url":"https:\/\/progettotouring.it\/radiotouring104\/wp-content\/uploads\/sites\/6\/2024\/10\/Liceo-alvaro-palmi.jpg","contentUrl":"https:\/\/progettotouring.it\/radiotouring104\/wp-content\/uploads\/sites\/6\/2024\/10\/Liceo-alvaro-palmi.jpg","width":1614,"height":1134},{"@type":"BreadcrumbList","@id":"https:\/\/progettotouring.it\/radiotouring104\/2024\/10\/23\/palmi-il-liceo-einaudi-alvaro-accoglie-i-nuovi-indirizzi-quadriennali-dellite\/#breadcrumb","itemListElement":[{"@type":"ListItem","position":1,"name":"Home","item":"https:\/\/progettotouring.it\/radiotouring104\/"},{"@type":"ListItem","position":2,"name":"Palmi: il Liceo Einaudi Alvaro accoglie i nuovi indirizzi quadriennali dell\u2019ITE"}]},{"@type":"WebSite","@id":"https:\/\/progettotouring.it\/radiotouring104\/#website","url":"https:\/\/progettotouring.it\/radiotouring104\/","name":"Radio Touring 104","description":"La prima radio Reggina","publisher":{"@id":"https:\/\/progettotouring.it\/radiotouring104\/#organization"},"potentialAction":[{"@type":"SearchAction","target":{"@type":"EntryPoint","urlTemplate":"https:\/\/progettotouring.it\/radiotouring104\/?s={search_term_string}"},"query-input":{"@type":"PropertyValueSpecification","valueRequired":true,"valueName":"search_term_string"}}],"inLanguage":"it-IT"},{"@type":"Organization","@id":"https:\/\/progettotouring.it\/radiotouring104\/#organization","name":"Radio Touring 104","url":"https:\/\/progettotouring.it\/radiotouring104\/","logo":{"@type":"ImageObject","inLanguage":"it-IT","@id":"https:\/\/progettotouring.it\/radiotouring104\/#\/schema\/logo\/image\/","url":"https:\/\/progettotouring.it\/radiotouring104\/wp-content\/uploads\/sites\/6\/2022\/02\/cropped-logo-radio-touring-104.png","contentUrl":"https:\/\/progettotouring.it\/radiotouring104\/wp-content\/uploads\/sites\/6\/2022\/02\/cropped-logo-radio-touring-104.png","width":377,"height":182,"caption":"Radio Touring 104"},"image":{"@id":"https:\/\/progettotouring.it\/radiotouring104\/#\/schema\/logo\/image\/"}},{"@type":"Person","@id":"https:\/\/progettotouring.it\/radiotouring104\/#\/schema\/person\/78613917f1851f041f7483f5af1d422e","name":"Sebastiano Plutino","image":{"@type":"ImageObject","inLanguage":"it-IT","@id":"https:\/\/secure.gravatar.com\/avatar\/0546ffaa9b79224faf9f2a156b67a529ae861d3287c66c1d8ccfdf909bcba78d?s=96&d=mm&r=g","url":"https:\/\/secure.gravatar.com\/avatar\/0546ffaa9b79224faf9f2a156b67a529ae861d3287c66c1d8ccfdf909bcba78d?s=96&d=mm&r=g","contentUrl":"https:\/\/secure.gravatar.com\/avatar\/0546ffaa9b79224faf9f2a156b67a529ae861d3287c66c1d8ccfdf909bcba78d?s=96&d=mm&r=g","caption":"Sebastiano Plutino"},"url":"https:\/\/progettotouring.it\/radiotouring104\/author\/sebastiano\/"}]}},"jetpack_publicize_connections":[],"jetpack_featured_media_url":"https:\/\/progettotouring.it\/radiotouring104\/wp-content\/uploads\/sites\/6\/2024\/10\/Liceo-alvaro-palmi.jpg","jetpack_sharing_enabled":true,"_links":{"self":[{"href":"https:\/\/progettotouring.it\/radiotouring104\/wp-json\/wp\/v2\/posts\/60155","targetHints":{"allow":["GET"]}}],"collection":[{"href":"https:\/\/progettotouring.it\/radiotouring104\/wp-json\/wp\/v2\/posts"}],"about":[{"href":"https:\/\/progettotouring.it\/radiotouring104\/wp-json\/wp\/v2\/types\/post"}],"author":[{"embeddable":true,"href":"https:\/\/progettotouring.it\/radiotouring104\/wp-json\/wp\/v2\/users\/12"}],"replies":[{"embeddable":true,"href":"https:\/\/progettotouring.it\/radiotouring104\/wp-json\/wp\/v2\/comments?post=60155"}],"version-history":[{"count":1,"href":"https:\/\/progettotouring.it\/radiotouring104\/wp-json\/wp\/v2\/posts\/60155\/revisions"}],"predecessor-version":[{"id":60157,"href":"https:\/\/progettotouring.it\/radiotouring104\/wp-json\/wp\/v2\/posts\/60155\/revisions\/60157"}],"wp:featuredmedia":[{"embeddable":true,"href":"https:\/\/progettotouring.it\/radiotouring104\/wp-json\/wp\/v2\/media\/60156"}],"wp:attachment":[{"href":"https:\/\/progettotouring.it\/radiotouring104\/wp-json\/wp\/v2\/media?parent=60155"}],"wp:term":[{"taxonomy":"category","embeddable":true,"href":"https:\/\/progettotouring.it\/radiotouring104\/wp-json\/wp\/v2\/categories?post=60155"},{"taxonomy":"post_tag","embeddable":true,"href":"https:\/\/progettotouring.it\/radiotouring104\/wp-json\/wp\/v2\/tags?post=60155"}],"curies":[{"name":"wp","href":"https:\/\/api.w.org\/{rel}","templated":true}]}}