{"id":60164,"date":"2024-10-23T11:49:01","date_gmt":"2024-10-23T09:49:01","guid":{"rendered":"https:\/\/progettotouring.it\/radiotouring104\/?p=60164"},"modified":"2024-10-23T11:49:01","modified_gmt":"2024-10-23T09:49:01","slug":"caso-maysoon-majidi-attivista-curda-torna-in-liberta","status":"publish","type":"post","link":"https:\/\/progettotouring.it\/radiotouring104\/2024\/10\/23\/caso-maysoon-majidi-attivista-curda-torna-in-liberta\/","title":{"rendered":"Caso Maysoon Majidi: attivista curda torna in libert\u00e0"},"content":{"rendered":"<p><strong>Il Tribunale di Crotone ha rimesso in libert\u00e0 Maysoon Majdi,<\/strong> la ventottenne curda iraniana che era stata<strong> arrestata<\/strong> il 31 dicembre scorso, dopo uno sbarco di migranti, <strong>con l&#8217;accusa di essere una scafista.<\/strong><\/p>\n<p><strong>Il collegio, presieduto da Edoardo D&#8217;Ambrosio, ha accolto l&#8217;istanza<\/strong> che era stata<strong> presentata dal difensore<\/strong> della giovane, <strong>l&#8217;avvocato Giancarlo Liberati.<\/strong><\/p>\n<p><strong>La decisione<\/strong> del Ttribunale \u00e9 stata <strong>presa in considerazione del fatto che,<\/strong> alla luce delle <strong>dichiarazioni fatte dai testimoni citati dalla difesa<\/strong> nel corso dell&#8217;udienza odierna del processo<strong>, sono venuti meno gli indizi di colpevolezza<\/strong> a carico della ventottenne.<\/p>\n<p><em>&#8220;Siamo particolarmente soddisfatti<\/em> &#8211; <strong>ha detto l&#8217;avvocato Liberati<\/strong> &#8211;<em> del fatto che il Tribunale abbia accolto la nostra istanza, concordando con noi sull&#8217;insussistenza degli indizi a carico di Maysoo Majidi&#8221;. L&#8217;avvocato Liberati era intervenuto, nel corso dell&#8217;udienza di oggi del processo a carico dell&#8217;attivista curda, durata otto ore e nel corso della quale sono stati sentiti i testimoni citati dalla difesa, chiedendo non pi\u00f9 gli arresti domiciliari, con braccialetto elettronico, per la sua assistita, come aveva fatto in un primo tempo, bens\u00ec l&#8217;assoluzione e la rimessione in libert\u00e0 per &#8220;assoluta mancanza di indizi&#8221;. Tesi che \u00e9 stata accolta dal Tribunale.<\/em><\/p>\n","protected":false},"excerpt":{"rendered":"<p>Il Tribunale di Crotone ha rimesso in libert\u00e0 Maysoon Majdi, la ventottenne curda iraniana che era stata arrestata il 31 dicembre scorso, dopo uno sbarco di migranti, con l&#8217;accusa di&hellip;<\/p>\n","protected":false},"author":12,"featured_media":58971,"comment_status":"closed","ping_status":"open","sticky":false,"template":"","format":"standard","meta":{"_jetpack_memberships_contains_paid_content":false,"footnotes":"","jetpack_publicize_message":"","jetpack_publicize_feature_enabled":true,"jetpack_social_post_already_shared":false,"jetpack_social_options":{"image_generator_settings":{"template":"highway","default_image_id":0,"font":"","enabled":false},"version":2}},"categories":[142,921,196],"tags":[36684,36046,31152,13444],"class_list":["post-60164","post","type-post","status-publish","format-standard","has-post-thumbnail","hentry","category-calabria","category-home","category-news","tag-attivista-curda-torna-in-liberta","tag-avvocato-giancarlo-liberati","tag-maysoon-majidi","tag-tribunale-di-crotone"],"yoast_head":"<!-- This site is optimized with the Yoast SEO plugin v27.2 - https:\/\/yoast.com\/product\/yoast-seo-wordpress\/ -->\n<title>Caso Maysoon Majidi: attivista curda torna in libert\u00e0<\/title>\n<meta name=\"description\" content=\"Il Tribunale Crotone ha deliberato il ritorno alla libert\u00e0 per Maysoon Majidi:, l&#039;attivista curda accusata di essere una scafista\" \/>\n<meta name=\"robots\" content=\"index, follow, max-snippet:-1, max-image-preview:large, max-video-preview:-1\" \/>\n<link rel=\"canonical\" href=\"https:\/\/progettotouring.it\/radiotouring104\/2024\/10\/23\/caso-maysoon-majidi-attivista-curda-torna-in-liberta\/\" \/>\n<meta property=\"og:locale\" content=\"it_IT\" \/>\n<meta property=\"og:type\" content=\"article\" \/>\n<meta property=\"og:title\" content=\"Caso Maysoon Majidi: attivista curda torna in libert\u00e0\" \/>\n<meta property=\"og:description\" content=\"Il Tribunale Crotone ha deliberato il ritorno alla libert\u00e0 per Maysoon Majidi:, l&#039;attivista curda accusata di essere una scafista\" \/>\n<meta property=\"og:url\" content=\"https:\/\/progettotouring.it\/radiotouring104\/2024\/10\/23\/caso-maysoon-majidi-attivista-curda-torna-in-liberta\/\" \/>\n<meta property=\"og:site_name\" content=\"Radio Touring 104\" \/>\n<meta property=\"article:published_time\" content=\"2024-10-23T09:49:01+00:00\" \/>\n<meta property=\"og:image\" content=\"https:\/\/progettotouring.it\/radiotouring104\/wp-content\/uploads\/sites\/6\/2024\/10\/Tribunale-Crotone.jpg\" \/>\n\t<meta property=\"og:image:width\" content=\"800\" \/>\n\t<meta property=\"og:image:height\" content=\"600\" \/>\n\t<meta property=\"og:image:type\" content=\"image\/jpeg\" \/>\n<meta name=\"author\" content=\"Sebastiano Plutino\" \/>\n<meta name=\"twitter:card\" content=\"summary_large_image\" \/>\n<meta name=\"twitter:label1\" content=\"Scritto da\" \/>\n\t<meta name=\"twitter:data1\" content=\"Sebastiano Plutino\" \/>\n\t<meta name=\"twitter:label2\" content=\"Tempo di lettura stimato\" \/>\n\t<meta name=\"twitter:data2\" content=\"1 minuto\" \/>\n<script type=\"application\/ld+json\" class=\"yoast-schema-graph\">{\"@context\":\"https:\/\/schema.org\",\"@graph\":[{\"@type\":\"Article\",\"@id\":\"https:\/\/progettotouring.it\/radiotouring104\/2024\/10\/23\/caso-maysoon-majidi-attivista-curda-torna-in-liberta\/#article\",\"isPartOf\":{\"@id\":\"https:\/\/progettotouring.it\/radiotouring104\/2024\/10\/23\/caso-maysoon-majidi-attivista-curda-torna-in-liberta\/\"},\"author\":{\"name\":\"Sebastiano Plutino\",\"@id\":\"https:\/\/progettotouring.it\/radiotouring104\/#\/schema\/person\/78613917f1851f041f7483f5af1d422e\"},\"headline\":\"Caso Maysoon Majidi: attivista curda torna in libert\u00e0\",\"datePublished\":\"2024-10-23T09:49:01+00:00\",\"mainEntityOfPage\":{\"@id\":\"https:\/\/progettotouring.it\/radiotouring104\/2024\/10\/23\/caso-maysoon-majidi-attivista-curda-torna-in-liberta\/\"},\"wordCount\":197,\"publisher\":{\"@id\":\"https:\/\/progettotouring.it\/radiotouring104\/#organization\"},\"image\":{\"@id\":\"https:\/\/progettotouring.it\/radiotouring104\/2024\/10\/23\/caso-maysoon-majidi-attivista-curda-torna-in-liberta\/#primaryimage\"},\"thumbnailUrl\":\"https:\/\/progettotouring.it\/radiotouring104\/wp-content\/uploads\/sites\/6\/2024\/10\/Tribunale-Crotone.jpg\",\"keywords\":[\"attivista curda torna in libert\u00e0\",\"avvocato Giancarlo LIberati\",\"Maysoon Majidi\",\"tribunale di Crotone\"],\"articleSection\":[\"Calabria\",\"Home\",\"News\"],\"inLanguage\":\"it-IT\"},{\"@type\":\"WebPage\",\"@id\":\"https:\/\/progettotouring.it\/radiotouring104\/2024\/10\/23\/caso-maysoon-majidi-attivista-curda-torna-in-liberta\/\",\"url\":\"https:\/\/progettotouring.it\/radiotouring104\/2024\/10\/23\/caso-maysoon-majidi-attivista-curda-torna-in-liberta\/\",\"name\":\"Caso Maysoon Majidi: attivista curda torna in libert\u00e0\",\"isPartOf\":{\"@id\":\"https:\/\/progettotouring.it\/radiotouring104\/#website\"},\"primaryImageOfPage\":{\"@id\":\"https:\/\/progettotouring.it\/radiotouring104\/2024\/10\/23\/caso-maysoon-majidi-attivista-curda-torna-in-liberta\/#primaryimage\"},\"image\":{\"@id\":\"https:\/\/progettotouring.it\/radiotouring104\/2024\/10\/23\/caso-maysoon-majidi-attivista-curda-torna-in-liberta\/#primaryimage\"},\"thumbnailUrl\":\"https:\/\/progettotouring.it\/radiotouring104\/wp-content\/uploads\/sites\/6\/2024\/10\/Tribunale-Crotone.jpg\",\"datePublished\":\"2024-10-23T09:49:01+00:00\",\"description\":\"Il Tribunale Crotone ha deliberato il ritorno alla libert\u00e0 per Maysoon Majidi:, l'attivista curda accusata di essere una scafista\",\"breadcrumb\":{\"@id\":\"https:\/\/progettotouring.it\/radiotouring104\/2024\/10\/23\/caso-maysoon-majidi-attivista-curda-torna-in-liberta\/#breadcrumb\"},\"inLanguage\":\"it-IT\",\"potentialAction\":[{\"@type\":\"ReadAction\",\"target\":[\"https:\/\/progettotouring.it\/radiotouring104\/2024\/10\/23\/caso-maysoon-majidi-attivista-curda-torna-in-liberta\/\"]}]},{\"@type\":\"ImageObject\",\"inLanguage\":\"it-IT\",\"@id\":\"https:\/\/progettotouring.it\/radiotouring104\/2024\/10\/23\/caso-maysoon-majidi-attivista-curda-torna-in-liberta\/#primaryimage\",\"url\":\"https:\/\/progettotouring.it\/radiotouring104\/wp-content\/uploads\/sites\/6\/2024\/10\/Tribunale-Crotone.jpg\",\"contentUrl\":\"https:\/\/progettotouring.it\/radiotouring104\/wp-content\/uploads\/sites\/6\/2024\/10\/Tribunale-Crotone.jpg\",\"width\":800,\"height\":600},{\"@type\":\"BreadcrumbList\",\"@id\":\"https:\/\/progettotouring.it\/radiotouring104\/2024\/10\/23\/caso-maysoon-majidi-attivista-curda-torna-in-liberta\/#breadcrumb\",\"itemListElement\":[{\"@type\":\"ListItem\",\"position\":1,\"name\":\"Home\",\"item\":\"https:\/\/progettotouring.it\/radiotouring104\/\"},{\"@type\":\"ListItem\",\"position\":2,\"name\":\"Caso Maysoon Majidi: attivista curda torna in libert\u00e0\"}]},{\"@type\":\"WebSite\",\"@id\":\"https:\/\/progettotouring.it\/radiotouring104\/#website\",\"url\":\"https:\/\/progettotouring.it\/radiotouring104\/\",\"name\":\"Radio Touring 104\",\"description\":\"La prima radio Reggina\",\"publisher\":{\"@id\":\"https:\/\/progettotouring.it\/radiotouring104\/#organization\"},\"potentialAction\":[{\"@type\":\"SearchAction\",\"target\":{\"@type\":\"EntryPoint\",\"urlTemplate\":\"https:\/\/progettotouring.it\/radiotouring104\/?s={search_term_string}\"},\"query-input\":{\"@type\":\"PropertyValueSpecification\",\"valueRequired\":true,\"valueName\":\"search_term_string\"}}],\"inLanguage\":\"it-IT\"},{\"@type\":\"Organization\",\"@id\":\"https:\/\/progettotouring.it\/radiotouring104\/#organization\",\"name\":\"Radio Touring 104\",\"url\":\"https:\/\/progettotouring.it\/radiotouring104\/\",\"logo\":{\"@type\":\"ImageObject\",\"inLanguage\":\"it-IT\",\"@id\":\"https:\/\/progettotouring.it\/radiotouring104\/#\/schema\/logo\/image\/\",\"url\":\"https:\/\/progettotouring.it\/radiotouring104\/wp-content\/uploads\/sites\/6\/2022\/02\/cropped-logo-radio-touring-104.png\",\"contentUrl\":\"https:\/\/progettotouring.it\/radiotouring104\/wp-content\/uploads\/sites\/6\/2022\/02\/cropped-logo-radio-touring-104.png\",\"width\":377,\"height\":182,\"caption\":\"Radio Touring 104\"},\"image\":{\"@id\":\"https:\/\/progettotouring.it\/radiotouring104\/#\/schema\/logo\/image\/\"}},{\"@type\":\"Person\",\"@id\":\"https:\/\/progettotouring.it\/radiotouring104\/#\/schema\/person\/78613917f1851f041f7483f5af1d422e\",\"name\":\"Sebastiano Plutino\",\"image\":{\"@type\":\"ImageObject\",\"inLanguage\":\"it-IT\",\"@id\":\"https:\/\/secure.gravatar.com\/avatar\/0546ffaa9b79224faf9f2a156b67a529ae861d3287c66c1d8ccfdf909bcba78d?s=96&d=mm&r=g\",\"url\":\"https:\/\/secure.gravatar.com\/avatar\/0546ffaa9b79224faf9f2a156b67a529ae861d3287c66c1d8ccfdf909bcba78d?s=96&d=mm&r=g\",\"contentUrl\":\"https:\/\/secure.gravatar.com\/avatar\/0546ffaa9b79224faf9f2a156b67a529ae861d3287c66c1d8ccfdf909bcba78d?s=96&d=mm&r=g\",\"caption\":\"Sebastiano Plutino\"},\"url\":\"https:\/\/progettotouring.it\/radiotouring104\/author\/sebastiano\/\"}]}<\/script>\n<!-- \/ Yoast SEO plugin. -->","yoast_head_json":{"title":"Caso Maysoon Majidi: attivista curda torna in libert\u00e0","description":"Il Tribunale Crotone ha deliberato il ritorno alla libert\u00e0 per Maysoon Majidi:, l'attivista curda accusata di essere una scafista","robots":{"index":"index","follow":"follow","max-snippet":"max-snippet:-1","max-image-preview":"max-image-preview:large","max-video-preview":"max-video-preview:-1"},"canonical":"https:\/\/progettotouring.it\/radiotouring104\/2024\/10\/23\/caso-maysoon-majidi-attivista-curda-torna-in-liberta\/","og_locale":"it_IT","og_type":"article","og_title":"Caso Maysoon Majidi: attivista curda torna in libert\u00e0","og_description":"Il Tribunale Crotone ha deliberato il ritorno alla libert\u00e0 per Maysoon Majidi:, l'attivista curda accusata di essere una scafista","og_url":"https:\/\/progettotouring.it\/radiotouring104\/2024\/10\/23\/caso-maysoon-majidi-attivista-curda-torna-in-liberta\/","og_site_name":"Radio Touring 104","article_published_time":"2024-10-23T09:49:01+00:00","og_image":[{"width":800,"height":600,"url":"https:\/\/progettotouring.it\/radiotouring104\/wp-content\/uploads\/sites\/6\/2024\/10\/Tribunale-Crotone.jpg","type":"image\/jpeg"}],"author":"Sebastiano Plutino","twitter_card":"summary_large_image","twitter_misc":{"Scritto da":"Sebastiano Plutino","Tempo di lettura stimato":"1 minuto"},"schema":{"@context":"https:\/\/schema.org","@graph":[{"@type":"Article","@id":"https:\/\/progettotouring.it\/radiotouring104\/2024\/10\/23\/caso-maysoon-majidi-attivista-curda-torna-in-liberta\/#article","isPartOf":{"@id":"https:\/\/progettotouring.it\/radiotouring104\/2024\/10\/23\/caso-maysoon-majidi-attivista-curda-torna-in-liberta\/"},"author":{"name":"Sebastiano Plutino","@id":"https:\/\/progettotouring.it\/radiotouring104\/#\/schema\/person\/78613917f1851f041f7483f5af1d422e"},"headline":"Caso Maysoon Majidi: attivista curda torna in libert\u00e0","datePublished":"2024-10-23T09:49:01+00:00","mainEntityOfPage":{"@id":"https:\/\/progettotouring.it\/radiotouring104\/2024\/10\/23\/caso-maysoon-majidi-attivista-curda-torna-in-liberta\/"},"wordCount":197,"publisher":{"@id":"https:\/\/progettotouring.it\/radiotouring104\/#organization"},"image":{"@id":"https:\/\/progettotouring.it\/radiotouring104\/2024\/10\/23\/caso-maysoon-majidi-attivista-curda-torna-in-liberta\/#primaryimage"},"thumbnailUrl":"https:\/\/progettotouring.it\/radiotouring104\/wp-content\/uploads\/sites\/6\/2024\/10\/Tribunale-Crotone.jpg","keywords":["attivista curda torna in libert\u00e0","avvocato Giancarlo LIberati","Maysoon Majidi","tribunale di Crotone"],"articleSection":["Calabria","Home","News"],"inLanguage":"it-IT"},{"@type":"WebPage","@id":"https:\/\/progettotouring.it\/radiotouring104\/2024\/10\/23\/caso-maysoon-majidi-attivista-curda-torna-in-liberta\/","url":"https:\/\/progettotouring.it\/radiotouring104\/2024\/10\/23\/caso-maysoon-majidi-attivista-curda-torna-in-liberta\/","name":"Caso Maysoon Majidi: attivista curda torna in libert\u00e0","isPartOf":{"@id":"https:\/\/progettotouring.it\/radiotouring104\/#website"},"primaryImageOfPage":{"@id":"https:\/\/progettotouring.it\/radiotouring104\/2024\/10\/23\/caso-maysoon-majidi-attivista-curda-torna-in-liberta\/#primaryimage"},"image":{"@id":"https:\/\/progettotouring.it\/radiotouring104\/2024\/10\/23\/caso-maysoon-majidi-attivista-curda-torna-in-liberta\/#primaryimage"},"thumbnailUrl":"https:\/\/progettotouring.it\/radiotouring104\/wp-content\/uploads\/sites\/6\/2024\/10\/Tribunale-Crotone.jpg","datePublished":"2024-10-23T09:49:01+00:00","description":"Il Tribunale Crotone ha deliberato il ritorno alla libert\u00e0 per Maysoon Majidi:, l'attivista curda accusata di essere una scafista","breadcrumb":{"@id":"https:\/\/progettotouring.it\/radiotouring104\/2024\/10\/23\/caso-maysoon-majidi-attivista-curda-torna-in-liberta\/#breadcrumb"},"inLanguage":"it-IT","potentialAction":[{"@type":"ReadAction","target":["https:\/\/progettotouring.it\/radiotouring104\/2024\/10\/23\/caso-maysoon-majidi-attivista-curda-torna-in-liberta\/"]}]},{"@type":"ImageObject","inLanguage":"it-IT","@id":"https:\/\/progettotouring.it\/radiotouring104\/2024\/10\/23\/caso-maysoon-majidi-attivista-curda-torna-in-liberta\/#primaryimage","url":"https:\/\/progettotouring.it\/radiotouring104\/wp-content\/uploads\/sites\/6\/2024\/10\/Tribunale-Crotone.jpg","contentUrl":"https:\/\/progettotouring.it\/radiotouring104\/wp-content\/uploads\/sites\/6\/2024\/10\/Tribunale-Crotone.jpg","width":800,"height":600},{"@type":"BreadcrumbList","@id":"https:\/\/progettotouring.it\/radiotouring104\/2024\/10\/23\/caso-maysoon-majidi-attivista-curda-torna-in-liberta\/#breadcrumb","itemListElement":[{"@type":"ListItem","position":1,"name":"Home","item":"https:\/\/progettotouring.it\/radiotouring104\/"},{"@type":"ListItem","position":2,"name":"Caso Maysoon Majidi: attivista curda torna in libert\u00e0"}]},{"@type":"WebSite","@id":"https:\/\/progettotouring.it\/radiotouring104\/#website","url":"https:\/\/progettotouring.it\/radiotouring104\/","name":"Radio Touring 104","description":"La prima radio Reggina","publisher":{"@id":"https:\/\/progettotouring.it\/radiotouring104\/#organization"},"potentialAction":[{"@type":"SearchAction","target":{"@type":"EntryPoint","urlTemplate":"https:\/\/progettotouring.it\/radiotouring104\/?s={search_term_string}"},"query-input":{"@type":"PropertyValueSpecification","valueRequired":true,"valueName":"search_term_string"}}],"inLanguage":"it-IT"},{"@type":"Organization","@id":"https:\/\/progettotouring.it\/radiotouring104\/#organization","name":"Radio Touring 104","url":"https:\/\/progettotouring.it\/radiotouring104\/","logo":{"@type":"ImageObject","inLanguage":"it-IT","@id":"https:\/\/progettotouring.it\/radiotouring104\/#\/schema\/logo\/image\/","url":"https:\/\/progettotouring.it\/radiotouring104\/wp-content\/uploads\/sites\/6\/2022\/02\/cropped-logo-radio-touring-104.png","contentUrl":"https:\/\/progettotouring.it\/radiotouring104\/wp-content\/uploads\/sites\/6\/2022\/02\/cropped-logo-radio-touring-104.png","width":377,"height":182,"caption":"Radio Touring 104"},"image":{"@id":"https:\/\/progettotouring.it\/radiotouring104\/#\/schema\/logo\/image\/"}},{"@type":"Person","@id":"https:\/\/progettotouring.it\/radiotouring104\/#\/schema\/person\/78613917f1851f041f7483f5af1d422e","name":"Sebastiano Plutino","image":{"@type":"ImageObject","inLanguage":"it-IT","@id":"https:\/\/secure.gravatar.com\/avatar\/0546ffaa9b79224faf9f2a156b67a529ae861d3287c66c1d8ccfdf909bcba78d?s=96&d=mm&r=g","url":"https:\/\/secure.gravatar.com\/avatar\/0546ffaa9b79224faf9f2a156b67a529ae861d3287c66c1d8ccfdf909bcba78d?s=96&d=mm&r=g","contentUrl":"https:\/\/secure.gravatar.com\/avatar\/0546ffaa9b79224faf9f2a156b67a529ae861d3287c66c1d8ccfdf909bcba78d?s=96&d=mm&r=g","caption":"Sebastiano Plutino"},"url":"https:\/\/progettotouring.it\/radiotouring104\/author\/sebastiano\/"}]}},"jetpack_publicize_connections":[],"jetpack_featured_media_url":"https:\/\/progettotouring.it\/radiotouring104\/wp-content\/uploads\/sites\/6\/2024\/10\/Tribunale-Crotone.jpg","jetpack_sharing_enabled":true,"_links":{"self":[{"href":"https:\/\/progettotouring.it\/radiotouring104\/wp-json\/wp\/v2\/posts\/60164","targetHints":{"allow":["GET"]}}],"collection":[{"href":"https:\/\/progettotouring.it\/radiotouring104\/wp-json\/wp\/v2\/posts"}],"about":[{"href":"https:\/\/progettotouring.it\/radiotouring104\/wp-json\/wp\/v2\/types\/post"}],"author":[{"embeddable":true,"href":"https:\/\/progettotouring.it\/radiotouring104\/wp-json\/wp\/v2\/users\/12"}],"replies":[{"embeddable":true,"href":"https:\/\/progettotouring.it\/radiotouring104\/wp-json\/wp\/v2\/comments?post=60164"}],"version-history":[{"count":1,"href":"https:\/\/progettotouring.it\/radiotouring104\/wp-json\/wp\/v2\/posts\/60164\/revisions"}],"predecessor-version":[{"id":60165,"href":"https:\/\/progettotouring.it\/radiotouring104\/wp-json\/wp\/v2\/posts\/60164\/revisions\/60165"}],"wp:featuredmedia":[{"embeddable":true,"href":"https:\/\/progettotouring.it\/radiotouring104\/wp-json\/wp\/v2\/media\/58971"}],"wp:attachment":[{"href":"https:\/\/progettotouring.it\/radiotouring104\/wp-json\/wp\/v2\/media?parent=60164"}],"wp:term":[{"taxonomy":"category","embeddable":true,"href":"https:\/\/progettotouring.it\/radiotouring104\/wp-json\/wp\/v2\/categories?post=60164"},{"taxonomy":"post_tag","embeddable":true,"href":"https:\/\/progettotouring.it\/radiotouring104\/wp-json\/wp\/v2\/tags?post=60164"}],"curies":[{"name":"wp","href":"https:\/\/api.w.org\/{rel}","templated":true}]}}