{"id":6025,"date":"2022-05-30T18:43:11","date_gmt":"2022-05-30T16:43:11","guid":{"rendered":"https:\/\/progettotouring.it\/radiotouring104\/?p=6025"},"modified":"2022-05-30T18:43:19","modified_gmt":"2022-05-30T16:43:19","slug":"reggina-la-citta-metropolitana-e-il-comune-seguono-la-situazione-amaranto","status":"publish","type":"post","link":"https:\/\/progettotouring.it\/radiotouring104\/2022\/05\/30\/reggina-la-citta-metropolitana-e-il-comune-seguono-la-situazione-amaranto\/","title":{"rendered":"Reggina: la Citt\u00e0 Metropolitana e il Comune seguono la situazione amaranto"},"content":{"rendered":"<div dir=\"auto\" style=\"text-align: justify;\">Prosegue l\u2019interlocuzione istituzionale della Citt\u00e0 Metropolitana e del Comune di Reggio Calabria con l&#8217;amministratore giudiziario per la gestione delle societ\u00e0 controllanti della Reggina 1914. In questo contesto, i Sindaci f.f., Carmelo Versace e Paolo Brunetti, hanno interloquito nuovamente nelle ultime ore con l\u2019avv. Katiuscia Perna la quale ha riferito della nomina del nuovo amministratore unico della societ\u00e0 amaranto, individuato nella persona del dottor Fabio De Lillo.<\/div>\n<div dir=\"auto\" style=\"text-align: justify;\"><\/div>\n<div dir=\"auto\" style=\"text-align: justify;\">Contestualmente, in seguito alla scrupolosa attivit\u00e0 di verifica dello stato contabile della societ\u00e0 di via delle Industrie, \u00e8 stato predisposto il documento di bilancio che \u00e8 stato sottoposto al vaglio dei revisori dei conti e sar\u00e0 depositato entro la scadenza di domani, marted\u00ec 31 maggio.\u00a0Da parte loro, i Sindaci f.f. hanno assicurato la piena disponibilit\u00e0 e il completo sostegno delle istituzioni cittadine in questa delicata fase, nella consapevolezza che la Reggina costituisca un patrimonio prezioso, sotto i profili sportivo e sociale, per l\u2019intera comunit\u00e0 cittadina e metropolitana.<\/div>\n<div dir=\"auto\"><\/div>\n<div dir=\"auto\" style=\"text-align: justify;\">In questa direzione, infine, Versace e Brunetti hanno anche rimarcato l\u2019importanza di continuare a mantenere vivo, in modo trasparente e diretto, il dialogo tra la stessa societ\u00e0 amaranto e le istituzioni, con l\u2019obiettivo di fornire informazioni e aggiornamenti costanti in merito a tutti gli sviluppi della situazione alla comunit\u00e0 dei tifosi e appassionati.<\/div>\n","protected":false},"excerpt":{"rendered":"<p>Prosegue l\u2019interlocuzione istituzionale della Citt\u00e0 Metropolitana e del Comune di Reggio Calabria con l&#8217;amministratore giudiziario per la gestione delle societ\u00e0 controllanti della Reggina 1914. In questo contesto, i Sindaci f.f.,&hellip;<\/p>\n","protected":false},"author":5,"featured_media":4856,"comment_status":"open","ping_status":"open","sticky":false,"template":"","format":"standard","meta":{"_jetpack_memberships_contains_paid_content":false,"footnotes":"","jetpack_publicize_message":"","jetpack_publicize_feature_enabled":true,"jetpack_social_post_already_shared":false,"jetpack_social_options":{"image_generator_settings":{"template":"highway","default_image_id":0,"font":"","enabled":false},"version":2}},"categories":[196,140,144],"tags":[1047,743,660,210,236,765],"class_list":["post-6025","post","type-post","status-publish","format-standard","has-post-thumbnail","hentry","category-news","category-reggio-calabria","category-sport","tag-brunetti","tag-citta-metropolitana","tag-comune","tag-reggina","tag-reggio-calabria","tag-versace"],"yoast_head":"<!-- This site is optimized with the Yoast SEO plugin v27.2 - https:\/\/yoast.com\/product\/yoast-seo-wordpress\/ -->\n<title>Reggina: Citt\u00e0 Metropolitana e il Comune seguono la situazione amaranto<\/title>\n<meta name=\"description\" content=\"I Sindaci f.f. Versace e Brunetti a colloquio con l\u2019avv. Perna vigilano sulla situazione inerente alla Reggina\" \/>\n<meta name=\"robots\" content=\"index, follow, max-snippet:-1, max-image-preview:large, max-video-preview:-1\" \/>\n<link rel=\"canonical\" href=\"https:\/\/progettotouring.it\/radiotouring104\/2022\/05\/30\/reggina-la-citta-metropolitana-e-il-comune-seguono-la-situazione-amaranto\/\" \/>\n<meta property=\"og:locale\" content=\"it_IT\" \/>\n<meta property=\"og:type\" content=\"article\" \/>\n<meta property=\"og:title\" content=\"Reggina: Citt\u00e0 Metropolitana e il Comune seguono la situazione amaranto\" \/>\n<meta property=\"og:description\" content=\"I Sindaci f.f. Versace e Brunetti a colloquio con l\u2019avv. Perna vigilano sulla situazione inerente alla Reggina\" \/>\n<meta property=\"og:url\" content=\"https:\/\/progettotouring.it\/radiotouring104\/2022\/05\/30\/reggina-la-citta-metropolitana-e-il-comune-seguono-la-situazione-amaranto\/\" \/>\n<meta property=\"og:site_name\" content=\"Radio Touring 104\" \/>\n<meta property=\"article:published_time\" content=\"2022-05-30T16:43:11+00:00\" \/>\n<meta property=\"article:modified_time\" content=\"2022-05-30T16:43:19+00:00\" \/>\n<meta property=\"og:image\" content=\"https:\/\/progettotouring.it\/radiotouring104\/wp-content\/uploads\/sites\/6\/2022\/05\/REGGINA.jpg\" \/>\n\t<meta property=\"og:image:width\" content=\"1920\" \/>\n\t<meta property=\"og:image:height\" content=\"1080\" \/>\n\t<meta property=\"og:image:type\" content=\"image\/jpeg\" \/>\n<meta name=\"author\" content=\"redazione\" \/>\n<meta name=\"twitter:card\" content=\"summary_large_image\" \/>\n<meta name=\"twitter:label1\" content=\"Scritto da\" \/>\n\t<meta name=\"twitter:data1\" content=\"redazione\" \/>\n\t<meta name=\"twitter:label2\" content=\"Tempo di lettura stimato\" \/>\n\t<meta name=\"twitter:data2\" content=\"2 minuti\" \/>\n<script type=\"application\/ld+json\" class=\"yoast-schema-graph\">{\"@context\":\"https:\/\/schema.org\",\"@graph\":[{\"@type\":\"Article\",\"@id\":\"https:\/\/progettotouring.it\/radiotouring104\/2022\/05\/30\/reggina-la-citta-metropolitana-e-il-comune-seguono-la-situazione-amaranto\/#article\",\"isPartOf\":{\"@id\":\"https:\/\/progettotouring.it\/radiotouring104\/2022\/05\/30\/reggina-la-citta-metropolitana-e-il-comune-seguono-la-situazione-amaranto\/\"},\"author\":{\"name\":\"redazione\",\"@id\":\"https:\/\/progettotouring.it\/radiotouring104\/#\/schema\/person\/1b3eb3c07c47136bc44c785c543e635f\"},\"headline\":\"Reggina: la Citt\u00e0 Metropolitana e il Comune seguono la situazione amaranto\",\"datePublished\":\"2022-05-30T16:43:11+00:00\",\"dateModified\":\"2022-05-30T16:43:19+00:00\",\"mainEntityOfPage\":{\"@id\":\"https:\/\/progettotouring.it\/radiotouring104\/2022\/05\/30\/reggina-la-citta-metropolitana-e-il-comune-seguono-la-situazione-amaranto\/\"},\"wordCount\":221,\"commentCount\":0,\"publisher\":{\"@id\":\"https:\/\/progettotouring.it\/radiotouring104\/#organization\"},\"image\":{\"@id\":\"https:\/\/progettotouring.it\/radiotouring104\/2022\/05\/30\/reggina-la-citta-metropolitana-e-il-comune-seguono-la-situazione-amaranto\/#primaryimage\"},\"thumbnailUrl\":\"https:\/\/progettotouring.it\/radiotouring104\/wp-content\/uploads\/sites\/6\/2022\/05\/REGGINA.jpg\",\"keywords\":[\"brunetti\",\"Citt\u00e0 metropolitana\",\"comune\",\"reggina\",\"reggio calabria\",\"versace\"],\"articleSection\":[\"News\",\"Reggio Calabria\",\"Sport\"],\"inLanguage\":\"it-IT\",\"potentialAction\":[{\"@type\":\"CommentAction\",\"name\":\"Comment\",\"target\":[\"https:\/\/progettotouring.it\/radiotouring104\/2022\/05\/30\/reggina-la-citta-metropolitana-e-il-comune-seguono-la-situazione-amaranto\/#respond\"]}]},{\"@type\":\"WebPage\",\"@id\":\"https:\/\/progettotouring.it\/radiotouring104\/2022\/05\/30\/reggina-la-citta-metropolitana-e-il-comune-seguono-la-situazione-amaranto\/\",\"url\":\"https:\/\/progettotouring.it\/radiotouring104\/2022\/05\/30\/reggina-la-citta-metropolitana-e-il-comune-seguono-la-situazione-amaranto\/\",\"name\":\"Reggina: Citt\u00e0 Metropolitana e il Comune seguono la situazione amaranto\",\"isPartOf\":{\"@id\":\"https:\/\/progettotouring.it\/radiotouring104\/#website\"},\"primaryImageOfPage\":{\"@id\":\"https:\/\/progettotouring.it\/radiotouring104\/2022\/05\/30\/reggina-la-citta-metropolitana-e-il-comune-seguono-la-situazione-amaranto\/#primaryimage\"},\"image\":{\"@id\":\"https:\/\/progettotouring.it\/radiotouring104\/2022\/05\/30\/reggina-la-citta-metropolitana-e-il-comune-seguono-la-situazione-amaranto\/#primaryimage\"},\"thumbnailUrl\":\"https:\/\/progettotouring.it\/radiotouring104\/wp-content\/uploads\/sites\/6\/2022\/05\/REGGINA.jpg\",\"datePublished\":\"2022-05-30T16:43:11+00:00\",\"dateModified\":\"2022-05-30T16:43:19+00:00\",\"description\":\"I Sindaci f.f. Versace e Brunetti a colloquio con l\u2019avv. Perna vigilano sulla situazione inerente alla Reggina\",\"breadcrumb\":{\"@id\":\"https:\/\/progettotouring.it\/radiotouring104\/2022\/05\/30\/reggina-la-citta-metropolitana-e-il-comune-seguono-la-situazione-amaranto\/#breadcrumb\"},\"inLanguage\":\"it-IT\",\"potentialAction\":[{\"@type\":\"ReadAction\",\"target\":[\"https:\/\/progettotouring.it\/radiotouring104\/2022\/05\/30\/reggina-la-citta-metropolitana-e-il-comune-seguono-la-situazione-amaranto\/\"]}]},{\"@type\":\"ImageObject\",\"inLanguage\":\"it-IT\",\"@id\":\"https:\/\/progettotouring.it\/radiotouring104\/2022\/05\/30\/reggina-la-citta-metropolitana-e-il-comune-seguono-la-situazione-amaranto\/#primaryimage\",\"url\":\"https:\/\/progettotouring.it\/radiotouring104\/wp-content\/uploads\/sites\/6\/2022\/05\/REGGINA.jpg\",\"contentUrl\":\"https:\/\/progettotouring.it\/radiotouring104\/wp-content\/uploads\/sites\/6\/2022\/05\/REGGINA.jpg\",\"width\":1920,\"height\":1080,\"caption\":\"REGGINA\"},{\"@type\":\"BreadcrumbList\",\"@id\":\"https:\/\/progettotouring.it\/radiotouring104\/2022\/05\/30\/reggina-la-citta-metropolitana-e-il-comune-seguono-la-situazione-amaranto\/#breadcrumb\",\"itemListElement\":[{\"@type\":\"ListItem\",\"position\":1,\"name\":\"Home\",\"item\":\"https:\/\/progettotouring.it\/radiotouring104\/\"},{\"@type\":\"ListItem\",\"position\":2,\"name\":\"Reggina: la Citt\u00e0 Metropolitana e il Comune seguono la situazione amaranto\"}]},{\"@type\":\"WebSite\",\"@id\":\"https:\/\/progettotouring.it\/radiotouring104\/#website\",\"url\":\"https:\/\/progettotouring.it\/radiotouring104\/\",\"name\":\"Radio Touring 104\",\"description\":\"La prima radio Reggina\",\"publisher\":{\"@id\":\"https:\/\/progettotouring.it\/radiotouring104\/#organization\"},\"potentialAction\":[{\"@type\":\"SearchAction\",\"target\":{\"@type\":\"EntryPoint\",\"urlTemplate\":\"https:\/\/progettotouring.it\/radiotouring104\/?s={search_term_string}\"},\"query-input\":{\"@type\":\"PropertyValueSpecification\",\"valueRequired\":true,\"valueName\":\"search_term_string\"}}],\"inLanguage\":\"it-IT\"},{\"@type\":\"Organization\",\"@id\":\"https:\/\/progettotouring.it\/radiotouring104\/#organization\",\"name\":\"Radio Touring 104\",\"url\":\"https:\/\/progettotouring.it\/radiotouring104\/\",\"logo\":{\"@type\":\"ImageObject\",\"inLanguage\":\"it-IT\",\"@id\":\"https:\/\/progettotouring.it\/radiotouring104\/#\/schema\/logo\/image\/\",\"url\":\"https:\/\/progettotouring.it\/radiotouring104\/wp-content\/uploads\/sites\/6\/2022\/02\/cropped-logo-radio-touring-104.png\",\"contentUrl\":\"https:\/\/progettotouring.it\/radiotouring104\/wp-content\/uploads\/sites\/6\/2022\/02\/cropped-logo-radio-touring-104.png\",\"width\":377,\"height\":182,\"caption\":\"Radio Touring 104\"},\"image\":{\"@id\":\"https:\/\/progettotouring.it\/radiotouring104\/#\/schema\/logo\/image\/\"}},{\"@type\":\"Person\",\"@id\":\"https:\/\/progettotouring.it\/radiotouring104\/#\/schema\/person\/1b3eb3c07c47136bc44c785c543e635f\",\"name\":\"redazione\",\"image\":{\"@type\":\"ImageObject\",\"inLanguage\":\"it-IT\",\"@id\":\"https:\/\/secure.gravatar.com\/avatar\/0b31605b49f100769e8b624b3e05de1b73e1692e9568a352f60f53fd072e6e11?s=96&d=mm&r=g\",\"url\":\"https:\/\/secure.gravatar.com\/avatar\/0b31605b49f100769e8b624b3e05de1b73e1692e9568a352f60f53fd072e6e11?s=96&d=mm&r=g\",\"contentUrl\":\"https:\/\/secure.gravatar.com\/avatar\/0b31605b49f100769e8b624b3e05de1b73e1692e9568a352f60f53fd072e6e11?s=96&d=mm&r=g\",\"caption\":\"redazione\"},\"url\":\"https:\/\/progettotouring.it\/radiotouring104\/author\/redazione\/\"}]}<\/script>\n<!-- \/ Yoast SEO plugin. -->","yoast_head_json":{"title":"Reggina: Citt\u00e0 Metropolitana e il Comune seguono la situazione amaranto","description":"I Sindaci f.f. Versace e Brunetti a colloquio con l\u2019avv. Perna vigilano sulla situazione inerente alla Reggina","robots":{"index":"index","follow":"follow","max-snippet":"max-snippet:-1","max-image-preview":"max-image-preview:large","max-video-preview":"max-video-preview:-1"},"canonical":"https:\/\/progettotouring.it\/radiotouring104\/2022\/05\/30\/reggina-la-citta-metropolitana-e-il-comune-seguono-la-situazione-amaranto\/","og_locale":"it_IT","og_type":"article","og_title":"Reggina: Citt\u00e0 Metropolitana e il Comune seguono la situazione amaranto","og_description":"I Sindaci f.f. Versace e Brunetti a colloquio con l\u2019avv. Perna vigilano sulla situazione inerente alla Reggina","og_url":"https:\/\/progettotouring.it\/radiotouring104\/2022\/05\/30\/reggina-la-citta-metropolitana-e-il-comune-seguono-la-situazione-amaranto\/","og_site_name":"Radio Touring 104","article_published_time":"2022-05-30T16:43:11+00:00","article_modified_time":"2022-05-30T16:43:19+00:00","og_image":[{"width":1920,"height":1080,"url":"https:\/\/progettotouring.it\/radiotouring104\/wp-content\/uploads\/sites\/6\/2022\/05\/REGGINA.jpg","type":"image\/jpeg"}],"author":"redazione","twitter_card":"summary_large_image","twitter_misc":{"Scritto da":"redazione","Tempo di lettura stimato":"2 minuti"},"schema":{"@context":"https:\/\/schema.org","@graph":[{"@type":"Article","@id":"https:\/\/progettotouring.it\/radiotouring104\/2022\/05\/30\/reggina-la-citta-metropolitana-e-il-comune-seguono-la-situazione-amaranto\/#article","isPartOf":{"@id":"https:\/\/progettotouring.it\/radiotouring104\/2022\/05\/30\/reggina-la-citta-metropolitana-e-il-comune-seguono-la-situazione-amaranto\/"},"author":{"name":"redazione","@id":"https:\/\/progettotouring.it\/radiotouring104\/#\/schema\/person\/1b3eb3c07c47136bc44c785c543e635f"},"headline":"Reggina: la Citt\u00e0 Metropolitana e il Comune seguono la situazione amaranto","datePublished":"2022-05-30T16:43:11+00:00","dateModified":"2022-05-30T16:43:19+00:00","mainEntityOfPage":{"@id":"https:\/\/progettotouring.it\/radiotouring104\/2022\/05\/30\/reggina-la-citta-metropolitana-e-il-comune-seguono-la-situazione-amaranto\/"},"wordCount":221,"commentCount":0,"publisher":{"@id":"https:\/\/progettotouring.it\/radiotouring104\/#organization"},"image":{"@id":"https:\/\/progettotouring.it\/radiotouring104\/2022\/05\/30\/reggina-la-citta-metropolitana-e-il-comune-seguono-la-situazione-amaranto\/#primaryimage"},"thumbnailUrl":"https:\/\/progettotouring.it\/radiotouring104\/wp-content\/uploads\/sites\/6\/2022\/05\/REGGINA.jpg","keywords":["brunetti","Citt\u00e0 metropolitana","comune","reggina","reggio calabria","versace"],"articleSection":["News","Reggio Calabria","Sport"],"inLanguage":"it-IT","potentialAction":[{"@type":"CommentAction","name":"Comment","target":["https:\/\/progettotouring.it\/radiotouring104\/2022\/05\/30\/reggina-la-citta-metropolitana-e-il-comune-seguono-la-situazione-amaranto\/#respond"]}]},{"@type":"WebPage","@id":"https:\/\/progettotouring.it\/radiotouring104\/2022\/05\/30\/reggina-la-citta-metropolitana-e-il-comune-seguono-la-situazione-amaranto\/","url":"https:\/\/progettotouring.it\/radiotouring104\/2022\/05\/30\/reggina-la-citta-metropolitana-e-il-comune-seguono-la-situazione-amaranto\/","name":"Reggina: Citt\u00e0 Metropolitana e il Comune seguono la situazione amaranto","isPartOf":{"@id":"https:\/\/progettotouring.it\/radiotouring104\/#website"},"primaryImageOfPage":{"@id":"https:\/\/progettotouring.it\/radiotouring104\/2022\/05\/30\/reggina-la-citta-metropolitana-e-il-comune-seguono-la-situazione-amaranto\/#primaryimage"},"image":{"@id":"https:\/\/progettotouring.it\/radiotouring104\/2022\/05\/30\/reggina-la-citta-metropolitana-e-il-comune-seguono-la-situazione-amaranto\/#primaryimage"},"thumbnailUrl":"https:\/\/progettotouring.it\/radiotouring104\/wp-content\/uploads\/sites\/6\/2022\/05\/REGGINA.jpg","datePublished":"2022-05-30T16:43:11+00:00","dateModified":"2022-05-30T16:43:19+00:00","description":"I Sindaci f.f. Versace e Brunetti a colloquio con l\u2019avv. Perna vigilano sulla situazione inerente alla Reggina","breadcrumb":{"@id":"https:\/\/progettotouring.it\/radiotouring104\/2022\/05\/30\/reggina-la-citta-metropolitana-e-il-comune-seguono-la-situazione-amaranto\/#breadcrumb"},"inLanguage":"it-IT","potentialAction":[{"@type":"ReadAction","target":["https:\/\/progettotouring.it\/radiotouring104\/2022\/05\/30\/reggina-la-citta-metropolitana-e-il-comune-seguono-la-situazione-amaranto\/"]}]},{"@type":"ImageObject","inLanguage":"it-IT","@id":"https:\/\/progettotouring.it\/radiotouring104\/2022\/05\/30\/reggina-la-citta-metropolitana-e-il-comune-seguono-la-situazione-amaranto\/#primaryimage","url":"https:\/\/progettotouring.it\/radiotouring104\/wp-content\/uploads\/sites\/6\/2022\/05\/REGGINA.jpg","contentUrl":"https:\/\/progettotouring.it\/radiotouring104\/wp-content\/uploads\/sites\/6\/2022\/05\/REGGINA.jpg","width":1920,"height":1080,"caption":"REGGINA"},{"@type":"BreadcrumbList","@id":"https:\/\/progettotouring.it\/radiotouring104\/2022\/05\/30\/reggina-la-citta-metropolitana-e-il-comune-seguono-la-situazione-amaranto\/#breadcrumb","itemListElement":[{"@type":"ListItem","position":1,"name":"Home","item":"https:\/\/progettotouring.it\/radiotouring104\/"},{"@type":"ListItem","position":2,"name":"Reggina: la Citt\u00e0 Metropolitana e il Comune seguono la situazione amaranto"}]},{"@type":"WebSite","@id":"https:\/\/progettotouring.it\/radiotouring104\/#website","url":"https:\/\/progettotouring.it\/radiotouring104\/","name":"Radio Touring 104","description":"La prima radio Reggina","publisher":{"@id":"https:\/\/progettotouring.it\/radiotouring104\/#organization"},"potentialAction":[{"@type":"SearchAction","target":{"@type":"EntryPoint","urlTemplate":"https:\/\/progettotouring.it\/radiotouring104\/?s={search_term_string}"},"query-input":{"@type":"PropertyValueSpecification","valueRequired":true,"valueName":"search_term_string"}}],"inLanguage":"it-IT"},{"@type":"Organization","@id":"https:\/\/progettotouring.it\/radiotouring104\/#organization","name":"Radio Touring 104","url":"https:\/\/progettotouring.it\/radiotouring104\/","logo":{"@type":"ImageObject","inLanguage":"it-IT","@id":"https:\/\/progettotouring.it\/radiotouring104\/#\/schema\/logo\/image\/","url":"https:\/\/progettotouring.it\/radiotouring104\/wp-content\/uploads\/sites\/6\/2022\/02\/cropped-logo-radio-touring-104.png","contentUrl":"https:\/\/progettotouring.it\/radiotouring104\/wp-content\/uploads\/sites\/6\/2022\/02\/cropped-logo-radio-touring-104.png","width":377,"height":182,"caption":"Radio Touring 104"},"image":{"@id":"https:\/\/progettotouring.it\/radiotouring104\/#\/schema\/logo\/image\/"}},{"@type":"Person","@id":"https:\/\/progettotouring.it\/radiotouring104\/#\/schema\/person\/1b3eb3c07c47136bc44c785c543e635f","name":"redazione","image":{"@type":"ImageObject","inLanguage":"it-IT","@id":"https:\/\/secure.gravatar.com\/avatar\/0b31605b49f100769e8b624b3e05de1b73e1692e9568a352f60f53fd072e6e11?s=96&d=mm&r=g","url":"https:\/\/secure.gravatar.com\/avatar\/0b31605b49f100769e8b624b3e05de1b73e1692e9568a352f60f53fd072e6e11?s=96&d=mm&r=g","contentUrl":"https:\/\/secure.gravatar.com\/avatar\/0b31605b49f100769e8b624b3e05de1b73e1692e9568a352f60f53fd072e6e11?s=96&d=mm&r=g","caption":"redazione"},"url":"https:\/\/progettotouring.it\/radiotouring104\/author\/redazione\/"}]}},"jetpack_publicize_connections":[],"jetpack_featured_media_url":"https:\/\/progettotouring.it\/radiotouring104\/wp-content\/uploads\/sites\/6\/2022\/05\/REGGINA.jpg","jetpack_sharing_enabled":true,"_links":{"self":[{"href":"https:\/\/progettotouring.it\/radiotouring104\/wp-json\/wp\/v2\/posts\/6025","targetHints":{"allow":["GET"]}}],"collection":[{"href":"https:\/\/progettotouring.it\/radiotouring104\/wp-json\/wp\/v2\/posts"}],"about":[{"href":"https:\/\/progettotouring.it\/radiotouring104\/wp-json\/wp\/v2\/types\/post"}],"author":[{"embeddable":true,"href":"https:\/\/progettotouring.it\/radiotouring104\/wp-json\/wp\/v2\/users\/5"}],"replies":[{"embeddable":true,"href":"https:\/\/progettotouring.it\/radiotouring104\/wp-json\/wp\/v2\/comments?post=6025"}],"version-history":[{"count":3,"href":"https:\/\/progettotouring.it\/radiotouring104\/wp-json\/wp\/v2\/posts\/6025\/revisions"}],"predecessor-version":[{"id":6029,"href":"https:\/\/progettotouring.it\/radiotouring104\/wp-json\/wp\/v2\/posts\/6025\/revisions\/6029"}],"wp:featuredmedia":[{"embeddable":true,"href":"https:\/\/progettotouring.it\/radiotouring104\/wp-json\/wp\/v2\/media\/4856"}],"wp:attachment":[{"href":"https:\/\/progettotouring.it\/radiotouring104\/wp-json\/wp\/v2\/media?parent=6025"}],"wp:term":[{"taxonomy":"category","embeddable":true,"href":"https:\/\/progettotouring.it\/radiotouring104\/wp-json\/wp\/v2\/categories?post=6025"},{"taxonomy":"post_tag","embeddable":true,"href":"https:\/\/progettotouring.it\/radiotouring104\/wp-json\/wp\/v2\/tags?post=6025"}],"curies":[{"name":"wp","href":"https:\/\/api.w.org\/{rel}","templated":true}]}}