{"id":60315,"date":"2024-10-25T11:05:44","date_gmt":"2024-10-25T09:05:44","guid":{"rendered":"https:\/\/progettotouring.it\/radiotouring104\/?p=60315"},"modified":"2024-10-25T11:05:44","modified_gmt":"2024-10-25T09:05:44","slug":"reggio-incontro-a-palazzo-alvaro-su-anziani-e-transizione-digitale-tra-metrocity-e-spi","status":"publish","type":"post","link":"https:\/\/progettotouring.it\/radiotouring104\/2024\/10\/25\/reggio-incontro-a-palazzo-alvaro-su-anziani-e-transizione-digitale-tra-metrocity-e-spi\/","title":{"rendered":"Reggio: incontro a Palazzo Alvaro su anziani e transizione digitale tra Metrocity e Spi"},"content":{"rendered":"<div style=\"text-align: justify\"><em>\u00abPur non esistendo trasferimenti statali per gli enti locali dedicati all\u2019abbattimento del divario digitale, la Citt\u00e0 Metropolitana potrebbe pensare di utilizzare i fondi comunitari, riservati alla digitalizzazione dei servizi, per pianificare forme di affiancamento alle persone ultra 60enni nell\u2019uso dei nuovi dispositivi elettronici e del Sistema pubblico di identit\u00e0 digitale\u00bb<\/em>. Il sindaco metropolitano,<strong> Giuseppe Falcomat\u00e0, ha accolto con favore gli spunti emersi dal dibattito<\/strong> \u201c<em>Gli anziani nell\u2019era digitale\u201d<\/em>, <strong>promosso dalla Spi-Cgil.<\/strong><\/div>\n<div style=\"text-align: justify\">\nNella sala \u201c\u201dGilda Trisolini\u201d di <strong>Palazzo Alvaro, il confronto<\/strong> su un tema di strettissima attualit\u00e0,<strong> ha coinvolto anche Mimma Pacifici, Rosetta Melidoni e Gregorio Pititto<\/strong> per la Cgil, l\u2019assessora al Welfare del Comune di Reggio Calabria, <strong>Lucia Nucera, e Lucia Di Furia,<\/strong> direttore generale dell\u2019Asp reggina.<\/p>\n<p><em>\u00abL\u2019idea non \u00e8 affatto peregrina<\/em> \u2013 ha aggiunto il sindaco Falcomat\u00e0 &#8211; <em>ed insieme ai tecnici dell\u2019Ente studieremo il percorso migliore per costruire pratiche di buona amministrazione in grado di mettere, ognuno, nelle condizioni di non sentirsi solo in mezzo all\u2019oceano digitale\u00bb. \u00abA dire il vero<\/em> \u2013 ha proseguito il sindaco <em>\u2013 ci sono state delle novit\u00e0, anche recenti, sull\u2019uso, per esempio, dello Spid. Il Governo, infatti, ha introdotto la possibilit\u00e0 di delegare, ad un parente o un congiunto, l\u2019utilizzo dell\u2019identit\u00e0 digitale. Francamente, mi sembra pi\u00f9 una sorta di palliativo rispetto all\u2019attuazione, concreta, di politiche che consentano l\u2019uso diretto di uno strumento cos\u00ec delicato. Servono, dunque, politiche di governo pi\u00f9 efficaci mettendo anche gli enti locali nella condizione di poter fare di pi\u00f9\u00bb.<\/em><\/p>\n<p><em>\u00abSiamo stati molto contenti del convegno promosso dalla Spi-Cgil <strong>\u2013<\/strong><\/em><strong> ha proseguito \u2013<\/strong><em> perch\u00e9 viviamo un momento nel quale le tecnologie mirano a rendere migliore la qualit\u00e0 della vita delle persone ed a semplificare procedure che, spesso, richiedono molto tempo e fatica, ma si scontrano col grande limite di escludere chi rimane, per diversi motivi, fuori da questo processo. E\u2019 un incontro che vuole essere una presa d\u2019atto del mondo che sta cambiando sempre pi\u00f9 velocemente e se la tecnologia non la possiamo rifiutare, tanto meno possiamo pensare di subirla accettando passivamente le conquiste del mondo digitale. Lo dobbiamo fare, per\u00f2, in un contesto geopolitico che non ci deve fare dimenticare come la Calabria sconti un ampio divario digitale che, se negli ultimi anni si \u00e8 accorciato per gli investimenti sulla rete e sulla fibra, si inserisce in quella che \u00e8 la regione pi\u00f9 povera d\u2019Europa. Dunque, chi propone soluzioni facili o semplici a problemi complessi e radicali, \u00e8 evidente che non comprende bene che ci troviamo in una terra con altissimi indici di povert\u00e0. Serve, quindi, che si lavori tutti nella stessa direzione con la consapevolezza che, nella regione pi\u00f9 povera d\u2019Europa, il divario digitale \u00e8 uno dei problemi da affrontare\u00bb.<\/em><\/p>\n<p><em>\u00abPurtroppo \u2013<\/em> <strong>ha affermato, ancora, il sindaco<\/strong> &#8211;<em> l\u2019accesso ad internet non \u00e8 stato governato e, tranne quelli che lo hanno rifiutato, ci siamo trovati in mare aperto, spesso senza un appiglio, sapendo di dover galleggiare o imparare a nuotare in orizzonti dove nessuno ti dice ci\u00f2 che \u00e8 vero o falso. Ed \u00e8 cos\u00ec che sono nate le nuove truffe e si \u00e8 generato un grande caos anche per chi, nella vita, pur avendo superato tante difficolt\u00e0, pensava di poter gestire facilmente pure il mondo di internet\u00bb.<\/em><\/div>\n<div style=\"text-align: justify\">\n<em>\u00abEcco che diventa importantissimo \u2013<\/em><strong> ha concluso Giuseppe Falcomat\u00e0<\/strong> <em>\u2013 immaginare programmi di affiancamento sull\u2019approccio e sull\u2019uso delle novit\u00e0 digitali, nel mentre incombe persino l\u2019intelligenza artificiale. Siamo pronti a lavorare anche per contestualizzare questo tipo di intervento all\u2019interno del nostro territorio comunale e metropolitano, dove l\u2019incidenza della popolazione ultra 60enne \u00e8 sicuramente da tenere in forte considerazione. L\u2019obiettivo, infatti, \u00e8 sempre quello di garantire e consentire il pi\u00f9 alto livello di partecipazione alla vita democratica cittadina\u00bb.<\/em><\/div>\n","protected":false},"excerpt":{"rendered":"<p>\u00abPur non esistendo trasferimenti statali per gli enti locali dedicati all\u2019abbattimento del divario digitale, la Citt\u00e0 Metropolitana potrebbe pensare di utilizzare i fondi comunitari, riservati alla digitalizzazione dei servizi, per&hellip;<\/p>\n","protected":false},"author":12,"featured_media":60316,"comment_status":"closed","ping_status":"open","sticky":false,"template":"","format":"standard","meta":{"_jetpack_memberships_contains_paid_content":false,"footnotes":"","jetpack_publicize_message":"","jetpack_publicize_feature_enabled":true,"jetpack_social_post_already_shared":false,"jetpack_social_options":{"image_generator_settings":{"template":"highway","default_image_id":0,"font":"","enabled":false},"version":2}},"categories":[921,196,140],"tags":[36783,12675,30465,2991,1456,739,30405],"class_list":["post-60315","post","type-post","status-publish","format-standard","has-post-thumbnail","hentry","category-home","category-news","category-reggio-calabria","tag-anziani-transizione-digitale","tag-di-furia","tag-falcomata-giuseppe","tag-gregorio-pititto","tag-lucia-nucera","tag-palazzo-alvaro","tag-spi-cigl"],"yoast_head":"<!-- This site is optimized with the Yoast SEO plugin v27.2 - https:\/\/yoast.com\/product\/yoast-seo-wordpress\/ -->\n<title>Palazzo Alvaro: incontro su anziani e transizione digitale<\/title>\n<meta name=\"description\" content=\"&quot;Studieremo percorso per mettere, ognuno, nelle condizioni di non sentirsi solo in mezzo all\u2019oceano digitale&quot;, dichiara Falcomat\u00e0\" \/>\n<meta name=\"robots\" content=\"index, follow, max-snippet:-1, max-image-preview:large, max-video-preview:-1\" \/>\n<link rel=\"canonical\" href=\"https:\/\/progettotouring.it\/radiotouring104\/2024\/10\/25\/reggio-incontro-a-palazzo-alvaro-su-anziani-e-transizione-digitale-tra-metrocity-e-spi\/\" \/>\n<meta property=\"og:locale\" content=\"it_IT\" \/>\n<meta property=\"og:type\" content=\"article\" \/>\n<meta property=\"og:title\" content=\"Palazzo Alvaro: incontro su anziani e transizione digitale\" \/>\n<meta property=\"og:description\" content=\"&quot;Studieremo percorso per mettere, ognuno, nelle condizioni di non sentirsi solo in mezzo all\u2019oceano digitale&quot;, dichiara Falcomat\u00e0\" \/>\n<meta property=\"og:url\" content=\"https:\/\/progettotouring.it\/radiotouring104\/2024\/10\/25\/reggio-incontro-a-palazzo-alvaro-su-anziani-e-transizione-digitale-tra-metrocity-e-spi\/\" \/>\n<meta property=\"og:site_name\" content=\"Radio Touring 104\" \/>\n<meta property=\"article:published_time\" content=\"2024-10-25T09:05:44+00:00\" \/>\n<meta property=\"og:image\" content=\"https:\/\/progettotouring.it\/radiotouring104\/wp-content\/uploads\/sites\/6\/2024\/10\/anziani-e-digitale-1.jpeg\" \/>\n\t<meta property=\"og:image:width\" content=\"1600\" \/>\n\t<meta property=\"og:image:height\" content=\"1200\" \/>\n\t<meta property=\"og:image:type\" content=\"image\/jpeg\" \/>\n<meta name=\"author\" content=\"Sebastiano Plutino\" \/>\n<meta name=\"twitter:card\" content=\"summary_large_image\" \/>\n<meta name=\"twitter:label1\" content=\"Scritto da\" \/>\n\t<meta name=\"twitter:data1\" content=\"Sebastiano Plutino\" \/>\n\t<meta name=\"twitter:label2\" content=\"Tempo di lettura stimato\" \/>\n\t<meta name=\"twitter:data2\" content=\"3 minuti\" \/>\n<script type=\"application\/ld+json\" class=\"yoast-schema-graph\">{\"@context\":\"https:\/\/schema.org\",\"@graph\":[{\"@type\":\"Article\",\"@id\":\"https:\/\/progettotouring.it\/radiotouring104\/2024\/10\/25\/reggio-incontro-a-palazzo-alvaro-su-anziani-e-transizione-digitale-tra-metrocity-e-spi\/#article\",\"isPartOf\":{\"@id\":\"https:\/\/progettotouring.it\/radiotouring104\/2024\/10\/25\/reggio-incontro-a-palazzo-alvaro-su-anziani-e-transizione-digitale-tra-metrocity-e-spi\/\"},\"author\":{\"name\":\"Sebastiano Plutino\",\"@id\":\"https:\/\/progettotouring.it\/radiotouring104\/#\/schema\/person\/78613917f1851f041f7483f5af1d422e\"},\"headline\":\"Reggio: incontro a Palazzo Alvaro su anziani e transizione digitale tra Metrocity e Spi\",\"datePublished\":\"2024-10-25T09:05:44+00:00\",\"mainEntityOfPage\":{\"@id\":\"https:\/\/progettotouring.it\/radiotouring104\/2024\/10\/25\/reggio-incontro-a-palazzo-alvaro-su-anziani-e-transizione-digitale-tra-metrocity-e-spi\/\"},\"wordCount\":624,\"publisher\":{\"@id\":\"https:\/\/progettotouring.it\/radiotouring104\/#organization\"},\"image\":{\"@id\":\"https:\/\/progettotouring.it\/radiotouring104\/2024\/10\/25\/reggio-incontro-a-palazzo-alvaro-su-anziani-e-transizione-digitale-tra-metrocity-e-spi\/#primaryimage\"},\"thumbnailUrl\":\"https:\/\/progettotouring.it\/radiotouring104\/wp-content\/uploads\/sites\/6\/2024\/10\/anziani-e-digitale-1.jpeg\",\"keywords\":[\"anziani transizione digitale\",\"di furia\",\"Falcomat\u00e0 Giuseppe\",\"gregorio pititto\",\"lucia nucera\",\"Palazzo Alvaro\",\"Spi Cigl\"],\"articleSection\":[\"Home\",\"News\",\"Reggio Calabria\"],\"inLanguage\":\"it-IT\"},{\"@type\":\"WebPage\",\"@id\":\"https:\/\/progettotouring.it\/radiotouring104\/2024\/10\/25\/reggio-incontro-a-palazzo-alvaro-su-anziani-e-transizione-digitale-tra-metrocity-e-spi\/\",\"url\":\"https:\/\/progettotouring.it\/radiotouring104\/2024\/10\/25\/reggio-incontro-a-palazzo-alvaro-su-anziani-e-transizione-digitale-tra-metrocity-e-spi\/\",\"name\":\"Palazzo Alvaro: incontro su anziani e transizione digitale\",\"isPartOf\":{\"@id\":\"https:\/\/progettotouring.it\/radiotouring104\/#website\"},\"primaryImageOfPage\":{\"@id\":\"https:\/\/progettotouring.it\/radiotouring104\/2024\/10\/25\/reggio-incontro-a-palazzo-alvaro-su-anziani-e-transizione-digitale-tra-metrocity-e-spi\/#primaryimage\"},\"image\":{\"@id\":\"https:\/\/progettotouring.it\/radiotouring104\/2024\/10\/25\/reggio-incontro-a-palazzo-alvaro-su-anziani-e-transizione-digitale-tra-metrocity-e-spi\/#primaryimage\"},\"thumbnailUrl\":\"https:\/\/progettotouring.it\/radiotouring104\/wp-content\/uploads\/sites\/6\/2024\/10\/anziani-e-digitale-1.jpeg\",\"datePublished\":\"2024-10-25T09:05:44+00:00\",\"description\":\"\\\"Studieremo percorso per mettere, ognuno, nelle condizioni di non sentirsi solo in mezzo all\u2019oceano digitale\\\", dichiara Falcomat\u00e0\",\"breadcrumb\":{\"@id\":\"https:\/\/progettotouring.it\/radiotouring104\/2024\/10\/25\/reggio-incontro-a-palazzo-alvaro-su-anziani-e-transizione-digitale-tra-metrocity-e-spi\/#breadcrumb\"},\"inLanguage\":\"it-IT\",\"potentialAction\":[{\"@type\":\"ReadAction\",\"target\":[\"https:\/\/progettotouring.it\/radiotouring104\/2024\/10\/25\/reggio-incontro-a-palazzo-alvaro-su-anziani-e-transizione-digitale-tra-metrocity-e-spi\/\"]}]},{\"@type\":\"ImageObject\",\"inLanguage\":\"it-IT\",\"@id\":\"https:\/\/progettotouring.it\/radiotouring104\/2024\/10\/25\/reggio-incontro-a-palazzo-alvaro-su-anziani-e-transizione-digitale-tra-metrocity-e-spi\/#primaryimage\",\"url\":\"https:\/\/progettotouring.it\/radiotouring104\/wp-content\/uploads\/sites\/6\/2024\/10\/anziani-e-digitale-1.jpeg\",\"contentUrl\":\"https:\/\/progettotouring.it\/radiotouring104\/wp-content\/uploads\/sites\/6\/2024\/10\/anziani-e-digitale-1.jpeg\",\"width\":1600,\"height\":1200},{\"@type\":\"BreadcrumbList\",\"@id\":\"https:\/\/progettotouring.it\/radiotouring104\/2024\/10\/25\/reggio-incontro-a-palazzo-alvaro-su-anziani-e-transizione-digitale-tra-metrocity-e-spi\/#breadcrumb\",\"itemListElement\":[{\"@type\":\"ListItem\",\"position\":1,\"name\":\"Home\",\"item\":\"https:\/\/progettotouring.it\/radiotouring104\/\"},{\"@type\":\"ListItem\",\"position\":2,\"name\":\"Reggio: incontro a Palazzo Alvaro su anziani e transizione digitale tra Metrocity e Spi\"}]},{\"@type\":\"WebSite\",\"@id\":\"https:\/\/progettotouring.it\/radiotouring104\/#website\",\"url\":\"https:\/\/progettotouring.it\/radiotouring104\/\",\"name\":\"Radio Touring 104\",\"description\":\"La prima radio Reggina\",\"publisher\":{\"@id\":\"https:\/\/progettotouring.it\/radiotouring104\/#organization\"},\"potentialAction\":[{\"@type\":\"SearchAction\",\"target\":{\"@type\":\"EntryPoint\",\"urlTemplate\":\"https:\/\/progettotouring.it\/radiotouring104\/?s={search_term_string}\"},\"query-input\":{\"@type\":\"PropertyValueSpecification\",\"valueRequired\":true,\"valueName\":\"search_term_string\"}}],\"inLanguage\":\"it-IT\"},{\"@type\":\"Organization\",\"@id\":\"https:\/\/progettotouring.it\/radiotouring104\/#organization\",\"name\":\"Radio Touring 104\",\"url\":\"https:\/\/progettotouring.it\/radiotouring104\/\",\"logo\":{\"@type\":\"ImageObject\",\"inLanguage\":\"it-IT\",\"@id\":\"https:\/\/progettotouring.it\/radiotouring104\/#\/schema\/logo\/image\/\",\"url\":\"https:\/\/progettotouring.it\/radiotouring104\/wp-content\/uploads\/sites\/6\/2022\/02\/cropped-logo-radio-touring-104.png\",\"contentUrl\":\"https:\/\/progettotouring.it\/radiotouring104\/wp-content\/uploads\/sites\/6\/2022\/02\/cropped-logo-radio-touring-104.png\",\"width\":377,\"height\":182,\"caption\":\"Radio Touring 104\"},\"image\":{\"@id\":\"https:\/\/progettotouring.it\/radiotouring104\/#\/schema\/logo\/image\/\"}},{\"@type\":\"Person\",\"@id\":\"https:\/\/progettotouring.it\/radiotouring104\/#\/schema\/person\/78613917f1851f041f7483f5af1d422e\",\"name\":\"Sebastiano Plutino\",\"image\":{\"@type\":\"ImageObject\",\"inLanguage\":\"it-IT\",\"@id\":\"https:\/\/secure.gravatar.com\/avatar\/0546ffaa9b79224faf9f2a156b67a529ae861d3287c66c1d8ccfdf909bcba78d?s=96&d=mm&r=g\",\"url\":\"https:\/\/secure.gravatar.com\/avatar\/0546ffaa9b79224faf9f2a156b67a529ae861d3287c66c1d8ccfdf909bcba78d?s=96&d=mm&r=g\",\"contentUrl\":\"https:\/\/secure.gravatar.com\/avatar\/0546ffaa9b79224faf9f2a156b67a529ae861d3287c66c1d8ccfdf909bcba78d?s=96&d=mm&r=g\",\"caption\":\"Sebastiano Plutino\"},\"url\":\"https:\/\/progettotouring.it\/radiotouring104\/author\/sebastiano\/\"}]}<\/script>\n<!-- \/ Yoast SEO plugin. -->","yoast_head_json":{"title":"Palazzo Alvaro: incontro su anziani e transizione digitale","description":"\"Studieremo percorso per mettere, ognuno, nelle condizioni di non sentirsi solo in mezzo all\u2019oceano digitale\", dichiara Falcomat\u00e0","robots":{"index":"index","follow":"follow","max-snippet":"max-snippet:-1","max-image-preview":"max-image-preview:large","max-video-preview":"max-video-preview:-1"},"canonical":"https:\/\/progettotouring.it\/radiotouring104\/2024\/10\/25\/reggio-incontro-a-palazzo-alvaro-su-anziani-e-transizione-digitale-tra-metrocity-e-spi\/","og_locale":"it_IT","og_type":"article","og_title":"Palazzo Alvaro: incontro su anziani e transizione digitale","og_description":"\"Studieremo percorso per mettere, ognuno, nelle condizioni di non sentirsi solo in mezzo all\u2019oceano digitale\", dichiara Falcomat\u00e0","og_url":"https:\/\/progettotouring.it\/radiotouring104\/2024\/10\/25\/reggio-incontro-a-palazzo-alvaro-su-anziani-e-transizione-digitale-tra-metrocity-e-spi\/","og_site_name":"Radio Touring 104","article_published_time":"2024-10-25T09:05:44+00:00","og_image":[{"width":1600,"height":1200,"url":"https:\/\/progettotouring.it\/radiotouring104\/wp-content\/uploads\/sites\/6\/2024\/10\/anziani-e-digitale-1.jpeg","type":"image\/jpeg"}],"author":"Sebastiano Plutino","twitter_card":"summary_large_image","twitter_misc":{"Scritto da":"Sebastiano Plutino","Tempo di lettura stimato":"3 minuti"},"schema":{"@context":"https:\/\/schema.org","@graph":[{"@type":"Article","@id":"https:\/\/progettotouring.it\/radiotouring104\/2024\/10\/25\/reggio-incontro-a-palazzo-alvaro-su-anziani-e-transizione-digitale-tra-metrocity-e-spi\/#article","isPartOf":{"@id":"https:\/\/progettotouring.it\/radiotouring104\/2024\/10\/25\/reggio-incontro-a-palazzo-alvaro-su-anziani-e-transizione-digitale-tra-metrocity-e-spi\/"},"author":{"name":"Sebastiano Plutino","@id":"https:\/\/progettotouring.it\/radiotouring104\/#\/schema\/person\/78613917f1851f041f7483f5af1d422e"},"headline":"Reggio: incontro a Palazzo Alvaro su anziani e transizione digitale tra Metrocity e Spi","datePublished":"2024-10-25T09:05:44+00:00","mainEntityOfPage":{"@id":"https:\/\/progettotouring.it\/radiotouring104\/2024\/10\/25\/reggio-incontro-a-palazzo-alvaro-su-anziani-e-transizione-digitale-tra-metrocity-e-spi\/"},"wordCount":624,"publisher":{"@id":"https:\/\/progettotouring.it\/radiotouring104\/#organization"},"image":{"@id":"https:\/\/progettotouring.it\/radiotouring104\/2024\/10\/25\/reggio-incontro-a-palazzo-alvaro-su-anziani-e-transizione-digitale-tra-metrocity-e-spi\/#primaryimage"},"thumbnailUrl":"https:\/\/progettotouring.it\/radiotouring104\/wp-content\/uploads\/sites\/6\/2024\/10\/anziani-e-digitale-1.jpeg","keywords":["anziani transizione digitale","di furia","Falcomat\u00e0 Giuseppe","gregorio pititto","lucia nucera","Palazzo Alvaro","Spi Cigl"],"articleSection":["Home","News","Reggio Calabria"],"inLanguage":"it-IT"},{"@type":"WebPage","@id":"https:\/\/progettotouring.it\/radiotouring104\/2024\/10\/25\/reggio-incontro-a-palazzo-alvaro-su-anziani-e-transizione-digitale-tra-metrocity-e-spi\/","url":"https:\/\/progettotouring.it\/radiotouring104\/2024\/10\/25\/reggio-incontro-a-palazzo-alvaro-su-anziani-e-transizione-digitale-tra-metrocity-e-spi\/","name":"Palazzo Alvaro: incontro su anziani e transizione digitale","isPartOf":{"@id":"https:\/\/progettotouring.it\/radiotouring104\/#website"},"primaryImageOfPage":{"@id":"https:\/\/progettotouring.it\/radiotouring104\/2024\/10\/25\/reggio-incontro-a-palazzo-alvaro-su-anziani-e-transizione-digitale-tra-metrocity-e-spi\/#primaryimage"},"image":{"@id":"https:\/\/progettotouring.it\/radiotouring104\/2024\/10\/25\/reggio-incontro-a-palazzo-alvaro-su-anziani-e-transizione-digitale-tra-metrocity-e-spi\/#primaryimage"},"thumbnailUrl":"https:\/\/progettotouring.it\/radiotouring104\/wp-content\/uploads\/sites\/6\/2024\/10\/anziani-e-digitale-1.jpeg","datePublished":"2024-10-25T09:05:44+00:00","description":"\"Studieremo percorso per mettere, ognuno, nelle condizioni di non sentirsi solo in mezzo all\u2019oceano digitale\", dichiara Falcomat\u00e0","breadcrumb":{"@id":"https:\/\/progettotouring.it\/radiotouring104\/2024\/10\/25\/reggio-incontro-a-palazzo-alvaro-su-anziani-e-transizione-digitale-tra-metrocity-e-spi\/#breadcrumb"},"inLanguage":"it-IT","potentialAction":[{"@type":"ReadAction","target":["https:\/\/progettotouring.it\/radiotouring104\/2024\/10\/25\/reggio-incontro-a-palazzo-alvaro-su-anziani-e-transizione-digitale-tra-metrocity-e-spi\/"]}]},{"@type":"ImageObject","inLanguage":"it-IT","@id":"https:\/\/progettotouring.it\/radiotouring104\/2024\/10\/25\/reggio-incontro-a-palazzo-alvaro-su-anziani-e-transizione-digitale-tra-metrocity-e-spi\/#primaryimage","url":"https:\/\/progettotouring.it\/radiotouring104\/wp-content\/uploads\/sites\/6\/2024\/10\/anziani-e-digitale-1.jpeg","contentUrl":"https:\/\/progettotouring.it\/radiotouring104\/wp-content\/uploads\/sites\/6\/2024\/10\/anziani-e-digitale-1.jpeg","width":1600,"height":1200},{"@type":"BreadcrumbList","@id":"https:\/\/progettotouring.it\/radiotouring104\/2024\/10\/25\/reggio-incontro-a-palazzo-alvaro-su-anziani-e-transizione-digitale-tra-metrocity-e-spi\/#breadcrumb","itemListElement":[{"@type":"ListItem","position":1,"name":"Home","item":"https:\/\/progettotouring.it\/radiotouring104\/"},{"@type":"ListItem","position":2,"name":"Reggio: incontro a Palazzo Alvaro su anziani e transizione digitale tra Metrocity e Spi"}]},{"@type":"WebSite","@id":"https:\/\/progettotouring.it\/radiotouring104\/#website","url":"https:\/\/progettotouring.it\/radiotouring104\/","name":"Radio Touring 104","description":"La prima radio Reggina","publisher":{"@id":"https:\/\/progettotouring.it\/radiotouring104\/#organization"},"potentialAction":[{"@type":"SearchAction","target":{"@type":"EntryPoint","urlTemplate":"https:\/\/progettotouring.it\/radiotouring104\/?s={search_term_string}"},"query-input":{"@type":"PropertyValueSpecification","valueRequired":true,"valueName":"search_term_string"}}],"inLanguage":"it-IT"},{"@type":"Organization","@id":"https:\/\/progettotouring.it\/radiotouring104\/#organization","name":"Radio Touring 104","url":"https:\/\/progettotouring.it\/radiotouring104\/","logo":{"@type":"ImageObject","inLanguage":"it-IT","@id":"https:\/\/progettotouring.it\/radiotouring104\/#\/schema\/logo\/image\/","url":"https:\/\/progettotouring.it\/radiotouring104\/wp-content\/uploads\/sites\/6\/2022\/02\/cropped-logo-radio-touring-104.png","contentUrl":"https:\/\/progettotouring.it\/radiotouring104\/wp-content\/uploads\/sites\/6\/2022\/02\/cropped-logo-radio-touring-104.png","width":377,"height":182,"caption":"Radio Touring 104"},"image":{"@id":"https:\/\/progettotouring.it\/radiotouring104\/#\/schema\/logo\/image\/"}},{"@type":"Person","@id":"https:\/\/progettotouring.it\/radiotouring104\/#\/schema\/person\/78613917f1851f041f7483f5af1d422e","name":"Sebastiano Plutino","image":{"@type":"ImageObject","inLanguage":"it-IT","@id":"https:\/\/secure.gravatar.com\/avatar\/0546ffaa9b79224faf9f2a156b67a529ae861d3287c66c1d8ccfdf909bcba78d?s=96&d=mm&r=g","url":"https:\/\/secure.gravatar.com\/avatar\/0546ffaa9b79224faf9f2a156b67a529ae861d3287c66c1d8ccfdf909bcba78d?s=96&d=mm&r=g","contentUrl":"https:\/\/secure.gravatar.com\/avatar\/0546ffaa9b79224faf9f2a156b67a529ae861d3287c66c1d8ccfdf909bcba78d?s=96&d=mm&r=g","caption":"Sebastiano Plutino"},"url":"https:\/\/progettotouring.it\/radiotouring104\/author\/sebastiano\/"}]}},"jetpack_publicize_connections":[],"jetpack_featured_media_url":"https:\/\/progettotouring.it\/radiotouring104\/wp-content\/uploads\/sites\/6\/2024\/10\/anziani-e-digitale-1.jpeg","jetpack_sharing_enabled":true,"_links":{"self":[{"href":"https:\/\/progettotouring.it\/radiotouring104\/wp-json\/wp\/v2\/posts\/60315","targetHints":{"allow":["GET"]}}],"collection":[{"href":"https:\/\/progettotouring.it\/radiotouring104\/wp-json\/wp\/v2\/posts"}],"about":[{"href":"https:\/\/progettotouring.it\/radiotouring104\/wp-json\/wp\/v2\/types\/post"}],"author":[{"embeddable":true,"href":"https:\/\/progettotouring.it\/radiotouring104\/wp-json\/wp\/v2\/users\/12"}],"replies":[{"embeddable":true,"href":"https:\/\/progettotouring.it\/radiotouring104\/wp-json\/wp\/v2\/comments?post=60315"}],"version-history":[{"count":1,"href":"https:\/\/progettotouring.it\/radiotouring104\/wp-json\/wp\/v2\/posts\/60315\/revisions"}],"predecessor-version":[{"id":60317,"href":"https:\/\/progettotouring.it\/radiotouring104\/wp-json\/wp\/v2\/posts\/60315\/revisions\/60317"}],"wp:featuredmedia":[{"embeddable":true,"href":"https:\/\/progettotouring.it\/radiotouring104\/wp-json\/wp\/v2\/media\/60316"}],"wp:attachment":[{"href":"https:\/\/progettotouring.it\/radiotouring104\/wp-json\/wp\/v2\/media?parent=60315"}],"wp:term":[{"taxonomy":"category","embeddable":true,"href":"https:\/\/progettotouring.it\/radiotouring104\/wp-json\/wp\/v2\/categories?post=60315"},{"taxonomy":"post_tag","embeddable":true,"href":"https:\/\/progettotouring.it\/radiotouring104\/wp-json\/wp\/v2\/tags?post=60315"}],"curies":[{"name":"wp","href":"https:\/\/api.w.org\/{rel}","templated":true}]}}