{"id":60556,"date":"2024-10-29T13:02:48","date_gmt":"2024-10-29T12:02:48","guid":{"rendered":"https:\/\/progettotouring.it\/radiotouring104\/?p=60556"},"modified":"2024-10-29T13:02:48","modified_gmt":"2024-10-29T12:02:48","slug":"citta-calabresi-perdono-posizioni-nel-report-ecosistema-urbano-di-legambiente","status":"publish","type":"post","link":"https:\/\/progettotouring.it\/radiotouring104\/2024\/10\/29\/citta-calabresi-perdono-posizioni-nel-report-ecosistema-urbano-di-legambiente\/","title":{"rendered":"Citt\u00e0 calabresi perdono posizioni nel Report Ecosistema urbano di Legambiente"},"content":{"rendered":"<p style=\"text-align: justify\">In peggioramento le performance ambientali delle citt\u00e0 capoluogo di provincia calabresi.<\/p>\n<p style=\"text-align: justify\">Lo attesta la nuova classifica stilata da Ecosistema Urbano 2024, il rapporto di Legambiente realizzato in collaborazione con Ambiente Italia e Il Sole 24 Ore relativo.<\/p>\n<p id=\"ob\" style=\"text-align: justify\">In discesa rispetto all&#8217;anno precedente tutte e cinque le principali citt\u00e0 anche se Cosenza riesce a rimanere nelle prime 20 posizioni, collocandosi al 13esimo posto. In coda alla classifica nazionale si posizionano Catanzaro 99\/esima, Vibo Valentia 101\/esima, Crotone 104\/esima e Reggio Calabria 105\/esima, e penultima.<\/p>\n<p style=\"text-align: justify\">Spicca in negativo, secondo il report, la performance di Catanzaro che registra un calo di oltre 30 posizioni soprattutto a causa degli altissimi consumi idrici (280 litri pro capite al giorno) e le perdite di rete (viene dispersa la met\u00e0 dell&#8217;acqua immessa) oltre all&#8217;elevato consumo di suolo non proporzionato alle effettive necessit\u00e0 abitative ed alle carenze nella mobilit\u00e0 sostenibile. Cosenza, Vibo Valentia e Reggio Calabri perdono ognuna 6 posizioni, mentre Crotone scende di 4 posizioni.<\/p>\n<p style=\"text-align: justify\">&#8220;Un elemento di penalizzazione &#8211; afferma la presidente di Legambiente Calabria, Anna Parretta &#8211; \u00e8 sicuramente costituito dalla mancanza dei dati Arpa regionali sul monitoraggio della qualit\u00e0 dell&#8217;aria, gi\u00e0 da noi denunciata, che non consente di avere dati reali e che comporta un grave vulnus per la tutela della salute dei calabresi, oltre ad esporre la Regione al rischio dell&#8217;ennesima procedura di infrazione comunitaria&#8221;.<\/p>\n<p style=\"text-align: justify\">&#8220;Ben 4 dei 5 capoluoghi della nostra regione &#8211; aggiunge Parretta -.si trovano nella parte finale della graduatoria nazionale con Reggio Calabria addirittura penultima. Tutte le citt\u00e0 capoluogo calabresi arretrano rispetto alle valutazioni dello scorso anno. I dati sono complessivamente negativi per quanto riguarda la gestione ed il consumo della risorsa acqua, il ciclo dei rifiuti, la mobilit\u00e0, il consumo di suolo, l&#8217;ambiente urbano e le energie rinnovabili. Le citt\u00e0 calabresi sono ben lontane dall&#8217;essere &#8220;ambientalmente sostenibili&#8221;, socialmente accoglienti e sicure. La nostra regione si dimostra, purtroppo, impreparata davanti alla grande sfida della transizione ecologica, resa ancora pi\u00f9 urgente dalla gravit\u00e0 della crisi climatica&#8221;.<\/p>\n","protected":false},"excerpt":{"rendered":"<p>In peggioramento le performance ambientali delle citt\u00e0 capoluogo di provincia calabresi. Lo attesta la nuova classifica stilata da Ecosistema Urbano 2024, il rapporto di Legambiente realizzato in collaborazione con Ambiente&hellip;<\/p>\n","protected":false},"author":12,"featured_media":28318,"comment_status":"closed","ping_status":"open","sticky":false,"template":"","format":"standard","meta":{"_jetpack_memberships_contains_paid_content":false,"footnotes":"","jetpack_publicize_message":"","jetpack_publicize_feature_enabled":true,"jetpack_social_post_already_shared":false,"jetpack_social_options":{"image_generator_settings":{"template":"highway","default_image_id":0,"font":"","enabled":false},"version":2}},"categories":[142,921,196],"tags":[6129,36940,36939],"class_list":["post-60556","post","type-post","status-publish","format-standard","has-post-thumbnail","hentry","category-calabria","category-home","category-news","tag-legambiente","tag-reggio-al-105-posto","tag-report-ecosistema-urbano"],"yoast_head":"<!-- This site is optimized with the Yoast SEO plugin v27.2 - https:\/\/yoast.com\/product\/yoast-seo-wordpress\/ -->\n<title>Citt\u00e0 calabresi perdono posizioni nel Report Ecosistema urbano di Legambiente - Radio Touring 104<\/title>\n<meta name=\"description\" content=\"Peggioramento delle performance ambientali in Calabria. Nella classifica stilata da Ecosistema Urbano 2024, Reggio scivola in 105\u00b0 posizione\" \/>\n<meta name=\"robots\" content=\"index, follow, max-snippet:-1, max-image-preview:large, max-video-preview:-1\" \/>\n<link rel=\"canonical\" href=\"https:\/\/progettotouring.it\/radiotouring104\/2024\/10\/29\/citta-calabresi-perdono-posizioni-nel-report-ecosistema-urbano-di-legambiente\/\" \/>\n<meta property=\"og:locale\" content=\"it_IT\" \/>\n<meta property=\"og:type\" content=\"article\" \/>\n<meta property=\"og:title\" content=\"Citt\u00e0 calabresi perdono posizioni nel Report Ecosistema urbano di Legambiente - Radio Touring 104\" \/>\n<meta property=\"og:description\" content=\"Peggioramento delle performance ambientali in Calabria. Nella classifica stilata da Ecosistema Urbano 2024, Reggio scivola in 105\u00b0 posizione\" \/>\n<meta property=\"og:url\" content=\"https:\/\/progettotouring.it\/radiotouring104\/2024\/10\/29\/citta-calabresi-perdono-posizioni-nel-report-ecosistema-urbano-di-legambiente\/\" \/>\n<meta property=\"og:site_name\" content=\"Radio Touring 104\" \/>\n<meta property=\"article:published_time\" content=\"2024-10-29T12:02:48+00:00\" \/>\n<meta property=\"og:image\" content=\"https:\/\/progettotouring.it\/radiotouring104\/wp-content\/uploads\/sites\/6\/2023\/06\/Logo-Legambiente.jpg\" \/>\n\t<meta property=\"og:image:width\" content=\"909\" \/>\n\t<meta property=\"og:image:height\" content=\"909\" \/>\n\t<meta property=\"og:image:type\" content=\"image\/jpeg\" \/>\n<meta name=\"author\" content=\"Sebastiano Plutino\" \/>\n<meta name=\"twitter:card\" content=\"summary_large_image\" \/>\n<meta name=\"twitter:label1\" content=\"Scritto da\" \/>\n\t<meta name=\"twitter:data1\" content=\"Sebastiano Plutino\" \/>\n\t<meta name=\"twitter:label2\" content=\"Tempo di lettura stimato\" \/>\n\t<meta name=\"twitter:data2\" content=\"2 minuti\" \/>\n<script type=\"application\/ld+json\" class=\"yoast-schema-graph\">{\"@context\":\"https:\/\/schema.org\",\"@graph\":[{\"@type\":\"Article\",\"@id\":\"https:\/\/progettotouring.it\/radiotouring104\/2024\/10\/29\/citta-calabresi-perdono-posizioni-nel-report-ecosistema-urbano-di-legambiente\/#article\",\"isPartOf\":{\"@id\":\"https:\/\/progettotouring.it\/radiotouring104\/2024\/10\/29\/citta-calabresi-perdono-posizioni-nel-report-ecosistema-urbano-di-legambiente\/\"},\"author\":{\"name\":\"Sebastiano Plutino\",\"@id\":\"https:\/\/progettotouring.it\/radiotouring104\/#\/schema\/person\/78613917f1851f041f7483f5af1d422e\"},\"headline\":\"Citt\u00e0 calabresi perdono posizioni nel Report Ecosistema urbano di Legambiente\",\"datePublished\":\"2024-10-29T12:02:48+00:00\",\"mainEntityOfPage\":{\"@id\":\"https:\/\/progettotouring.it\/radiotouring104\/2024\/10\/29\/citta-calabresi-perdono-posizioni-nel-report-ecosistema-urbano-di-legambiente\/\"},\"wordCount\":326,\"publisher\":{\"@id\":\"https:\/\/progettotouring.it\/radiotouring104\/#organization\"},\"image\":{\"@id\":\"https:\/\/progettotouring.it\/radiotouring104\/2024\/10\/29\/citta-calabresi-perdono-posizioni-nel-report-ecosistema-urbano-di-legambiente\/#primaryimage\"},\"thumbnailUrl\":\"https:\/\/progettotouring.it\/radiotouring104\/wp-content\/uploads\/sites\/6\/2023\/06\/Logo-Legambiente.jpg\",\"keywords\":[\"Legambiente\",\"Reggio al 105\u00b0 posto\",\"Report Ecosistema urbano\"],\"articleSection\":[\"Calabria\",\"Home\",\"News\"],\"inLanguage\":\"it-IT\"},{\"@type\":\"WebPage\",\"@id\":\"https:\/\/progettotouring.it\/radiotouring104\/2024\/10\/29\/citta-calabresi-perdono-posizioni-nel-report-ecosistema-urbano-di-legambiente\/\",\"url\":\"https:\/\/progettotouring.it\/radiotouring104\/2024\/10\/29\/citta-calabresi-perdono-posizioni-nel-report-ecosistema-urbano-di-legambiente\/\",\"name\":\"Citt\u00e0 calabresi perdono posizioni nel Report Ecosistema urbano di Legambiente - Radio Touring 104\",\"isPartOf\":{\"@id\":\"https:\/\/progettotouring.it\/radiotouring104\/#website\"},\"primaryImageOfPage\":{\"@id\":\"https:\/\/progettotouring.it\/radiotouring104\/2024\/10\/29\/citta-calabresi-perdono-posizioni-nel-report-ecosistema-urbano-di-legambiente\/#primaryimage\"},\"image\":{\"@id\":\"https:\/\/progettotouring.it\/radiotouring104\/2024\/10\/29\/citta-calabresi-perdono-posizioni-nel-report-ecosistema-urbano-di-legambiente\/#primaryimage\"},\"thumbnailUrl\":\"https:\/\/progettotouring.it\/radiotouring104\/wp-content\/uploads\/sites\/6\/2023\/06\/Logo-Legambiente.jpg\",\"datePublished\":\"2024-10-29T12:02:48+00:00\",\"description\":\"Peggioramento delle performance ambientali in Calabria. Nella classifica stilata da Ecosistema Urbano 2024, Reggio scivola in 105\u00b0 posizione\",\"breadcrumb\":{\"@id\":\"https:\/\/progettotouring.it\/radiotouring104\/2024\/10\/29\/citta-calabresi-perdono-posizioni-nel-report-ecosistema-urbano-di-legambiente\/#breadcrumb\"},\"inLanguage\":\"it-IT\",\"potentialAction\":[{\"@type\":\"ReadAction\",\"target\":[\"https:\/\/progettotouring.it\/radiotouring104\/2024\/10\/29\/citta-calabresi-perdono-posizioni-nel-report-ecosistema-urbano-di-legambiente\/\"]}]},{\"@type\":\"ImageObject\",\"inLanguage\":\"it-IT\",\"@id\":\"https:\/\/progettotouring.it\/radiotouring104\/2024\/10\/29\/citta-calabresi-perdono-posizioni-nel-report-ecosistema-urbano-di-legambiente\/#primaryimage\",\"url\":\"https:\/\/progettotouring.it\/radiotouring104\/wp-content\/uploads\/sites\/6\/2023\/06\/Logo-Legambiente.jpg\",\"contentUrl\":\"https:\/\/progettotouring.it\/radiotouring104\/wp-content\/uploads\/sites\/6\/2023\/06\/Logo-Legambiente.jpg\",\"width\":909,\"height\":909},{\"@type\":\"BreadcrumbList\",\"@id\":\"https:\/\/progettotouring.it\/radiotouring104\/2024\/10\/29\/citta-calabresi-perdono-posizioni-nel-report-ecosistema-urbano-di-legambiente\/#breadcrumb\",\"itemListElement\":[{\"@type\":\"ListItem\",\"position\":1,\"name\":\"Home\",\"item\":\"https:\/\/progettotouring.it\/radiotouring104\/\"},{\"@type\":\"ListItem\",\"position\":2,\"name\":\"Citt\u00e0 calabresi perdono posizioni nel Report Ecosistema urbano di Legambiente\"}]},{\"@type\":\"WebSite\",\"@id\":\"https:\/\/progettotouring.it\/radiotouring104\/#website\",\"url\":\"https:\/\/progettotouring.it\/radiotouring104\/\",\"name\":\"Radio Touring 104\",\"description\":\"La prima radio Reggina\",\"publisher\":{\"@id\":\"https:\/\/progettotouring.it\/radiotouring104\/#organization\"},\"potentialAction\":[{\"@type\":\"SearchAction\",\"target\":{\"@type\":\"EntryPoint\",\"urlTemplate\":\"https:\/\/progettotouring.it\/radiotouring104\/?s={search_term_string}\"},\"query-input\":{\"@type\":\"PropertyValueSpecification\",\"valueRequired\":true,\"valueName\":\"search_term_string\"}}],\"inLanguage\":\"it-IT\"},{\"@type\":\"Organization\",\"@id\":\"https:\/\/progettotouring.it\/radiotouring104\/#organization\",\"name\":\"Radio Touring 104\",\"url\":\"https:\/\/progettotouring.it\/radiotouring104\/\",\"logo\":{\"@type\":\"ImageObject\",\"inLanguage\":\"it-IT\",\"@id\":\"https:\/\/progettotouring.it\/radiotouring104\/#\/schema\/logo\/image\/\",\"url\":\"https:\/\/progettotouring.it\/radiotouring104\/wp-content\/uploads\/sites\/6\/2022\/02\/cropped-logo-radio-touring-104.png\",\"contentUrl\":\"https:\/\/progettotouring.it\/radiotouring104\/wp-content\/uploads\/sites\/6\/2022\/02\/cropped-logo-radio-touring-104.png\",\"width\":377,\"height\":182,\"caption\":\"Radio Touring 104\"},\"image\":{\"@id\":\"https:\/\/progettotouring.it\/radiotouring104\/#\/schema\/logo\/image\/\"}},{\"@type\":\"Person\",\"@id\":\"https:\/\/progettotouring.it\/radiotouring104\/#\/schema\/person\/78613917f1851f041f7483f5af1d422e\",\"name\":\"Sebastiano Plutino\",\"image\":{\"@type\":\"ImageObject\",\"inLanguage\":\"it-IT\",\"@id\":\"https:\/\/secure.gravatar.com\/avatar\/0546ffaa9b79224faf9f2a156b67a529ae861d3287c66c1d8ccfdf909bcba78d?s=96&d=mm&r=g\",\"url\":\"https:\/\/secure.gravatar.com\/avatar\/0546ffaa9b79224faf9f2a156b67a529ae861d3287c66c1d8ccfdf909bcba78d?s=96&d=mm&r=g\",\"contentUrl\":\"https:\/\/secure.gravatar.com\/avatar\/0546ffaa9b79224faf9f2a156b67a529ae861d3287c66c1d8ccfdf909bcba78d?s=96&d=mm&r=g\",\"caption\":\"Sebastiano Plutino\"},\"url\":\"https:\/\/progettotouring.it\/radiotouring104\/author\/sebastiano\/\"}]}<\/script>\n<!-- \/ Yoast SEO plugin. -->","yoast_head_json":{"title":"Citt\u00e0 calabresi perdono posizioni nel Report Ecosistema urbano di Legambiente - Radio Touring 104","description":"Peggioramento delle performance ambientali in Calabria. Nella classifica stilata da Ecosistema Urbano 2024, Reggio scivola in 105\u00b0 posizione","robots":{"index":"index","follow":"follow","max-snippet":"max-snippet:-1","max-image-preview":"max-image-preview:large","max-video-preview":"max-video-preview:-1"},"canonical":"https:\/\/progettotouring.it\/radiotouring104\/2024\/10\/29\/citta-calabresi-perdono-posizioni-nel-report-ecosistema-urbano-di-legambiente\/","og_locale":"it_IT","og_type":"article","og_title":"Citt\u00e0 calabresi perdono posizioni nel Report Ecosistema urbano di Legambiente - Radio Touring 104","og_description":"Peggioramento delle performance ambientali in Calabria. Nella classifica stilata da Ecosistema Urbano 2024, Reggio scivola in 105\u00b0 posizione","og_url":"https:\/\/progettotouring.it\/radiotouring104\/2024\/10\/29\/citta-calabresi-perdono-posizioni-nel-report-ecosistema-urbano-di-legambiente\/","og_site_name":"Radio Touring 104","article_published_time":"2024-10-29T12:02:48+00:00","og_image":[{"width":909,"height":909,"url":"https:\/\/progettotouring.it\/radiotouring104\/wp-content\/uploads\/sites\/6\/2023\/06\/Logo-Legambiente.jpg","type":"image\/jpeg"}],"author":"Sebastiano Plutino","twitter_card":"summary_large_image","twitter_misc":{"Scritto da":"Sebastiano Plutino","Tempo di lettura stimato":"2 minuti"},"schema":{"@context":"https:\/\/schema.org","@graph":[{"@type":"Article","@id":"https:\/\/progettotouring.it\/radiotouring104\/2024\/10\/29\/citta-calabresi-perdono-posizioni-nel-report-ecosistema-urbano-di-legambiente\/#article","isPartOf":{"@id":"https:\/\/progettotouring.it\/radiotouring104\/2024\/10\/29\/citta-calabresi-perdono-posizioni-nel-report-ecosistema-urbano-di-legambiente\/"},"author":{"name":"Sebastiano Plutino","@id":"https:\/\/progettotouring.it\/radiotouring104\/#\/schema\/person\/78613917f1851f041f7483f5af1d422e"},"headline":"Citt\u00e0 calabresi perdono posizioni nel Report Ecosistema urbano di Legambiente","datePublished":"2024-10-29T12:02:48+00:00","mainEntityOfPage":{"@id":"https:\/\/progettotouring.it\/radiotouring104\/2024\/10\/29\/citta-calabresi-perdono-posizioni-nel-report-ecosistema-urbano-di-legambiente\/"},"wordCount":326,"publisher":{"@id":"https:\/\/progettotouring.it\/radiotouring104\/#organization"},"image":{"@id":"https:\/\/progettotouring.it\/radiotouring104\/2024\/10\/29\/citta-calabresi-perdono-posizioni-nel-report-ecosistema-urbano-di-legambiente\/#primaryimage"},"thumbnailUrl":"https:\/\/progettotouring.it\/radiotouring104\/wp-content\/uploads\/sites\/6\/2023\/06\/Logo-Legambiente.jpg","keywords":["Legambiente","Reggio al 105\u00b0 posto","Report Ecosistema urbano"],"articleSection":["Calabria","Home","News"],"inLanguage":"it-IT"},{"@type":"WebPage","@id":"https:\/\/progettotouring.it\/radiotouring104\/2024\/10\/29\/citta-calabresi-perdono-posizioni-nel-report-ecosistema-urbano-di-legambiente\/","url":"https:\/\/progettotouring.it\/radiotouring104\/2024\/10\/29\/citta-calabresi-perdono-posizioni-nel-report-ecosistema-urbano-di-legambiente\/","name":"Citt\u00e0 calabresi perdono posizioni nel Report Ecosistema urbano di Legambiente - Radio Touring 104","isPartOf":{"@id":"https:\/\/progettotouring.it\/radiotouring104\/#website"},"primaryImageOfPage":{"@id":"https:\/\/progettotouring.it\/radiotouring104\/2024\/10\/29\/citta-calabresi-perdono-posizioni-nel-report-ecosistema-urbano-di-legambiente\/#primaryimage"},"image":{"@id":"https:\/\/progettotouring.it\/radiotouring104\/2024\/10\/29\/citta-calabresi-perdono-posizioni-nel-report-ecosistema-urbano-di-legambiente\/#primaryimage"},"thumbnailUrl":"https:\/\/progettotouring.it\/radiotouring104\/wp-content\/uploads\/sites\/6\/2023\/06\/Logo-Legambiente.jpg","datePublished":"2024-10-29T12:02:48+00:00","description":"Peggioramento delle performance ambientali in Calabria. Nella classifica stilata da Ecosistema Urbano 2024, Reggio scivola in 105\u00b0 posizione","breadcrumb":{"@id":"https:\/\/progettotouring.it\/radiotouring104\/2024\/10\/29\/citta-calabresi-perdono-posizioni-nel-report-ecosistema-urbano-di-legambiente\/#breadcrumb"},"inLanguage":"it-IT","potentialAction":[{"@type":"ReadAction","target":["https:\/\/progettotouring.it\/radiotouring104\/2024\/10\/29\/citta-calabresi-perdono-posizioni-nel-report-ecosistema-urbano-di-legambiente\/"]}]},{"@type":"ImageObject","inLanguage":"it-IT","@id":"https:\/\/progettotouring.it\/radiotouring104\/2024\/10\/29\/citta-calabresi-perdono-posizioni-nel-report-ecosistema-urbano-di-legambiente\/#primaryimage","url":"https:\/\/progettotouring.it\/radiotouring104\/wp-content\/uploads\/sites\/6\/2023\/06\/Logo-Legambiente.jpg","contentUrl":"https:\/\/progettotouring.it\/radiotouring104\/wp-content\/uploads\/sites\/6\/2023\/06\/Logo-Legambiente.jpg","width":909,"height":909},{"@type":"BreadcrumbList","@id":"https:\/\/progettotouring.it\/radiotouring104\/2024\/10\/29\/citta-calabresi-perdono-posizioni-nel-report-ecosistema-urbano-di-legambiente\/#breadcrumb","itemListElement":[{"@type":"ListItem","position":1,"name":"Home","item":"https:\/\/progettotouring.it\/radiotouring104\/"},{"@type":"ListItem","position":2,"name":"Citt\u00e0 calabresi perdono posizioni nel Report Ecosistema urbano di Legambiente"}]},{"@type":"WebSite","@id":"https:\/\/progettotouring.it\/radiotouring104\/#website","url":"https:\/\/progettotouring.it\/radiotouring104\/","name":"Radio Touring 104","description":"La prima radio Reggina","publisher":{"@id":"https:\/\/progettotouring.it\/radiotouring104\/#organization"},"potentialAction":[{"@type":"SearchAction","target":{"@type":"EntryPoint","urlTemplate":"https:\/\/progettotouring.it\/radiotouring104\/?s={search_term_string}"},"query-input":{"@type":"PropertyValueSpecification","valueRequired":true,"valueName":"search_term_string"}}],"inLanguage":"it-IT"},{"@type":"Organization","@id":"https:\/\/progettotouring.it\/radiotouring104\/#organization","name":"Radio Touring 104","url":"https:\/\/progettotouring.it\/radiotouring104\/","logo":{"@type":"ImageObject","inLanguage":"it-IT","@id":"https:\/\/progettotouring.it\/radiotouring104\/#\/schema\/logo\/image\/","url":"https:\/\/progettotouring.it\/radiotouring104\/wp-content\/uploads\/sites\/6\/2022\/02\/cropped-logo-radio-touring-104.png","contentUrl":"https:\/\/progettotouring.it\/radiotouring104\/wp-content\/uploads\/sites\/6\/2022\/02\/cropped-logo-radio-touring-104.png","width":377,"height":182,"caption":"Radio Touring 104"},"image":{"@id":"https:\/\/progettotouring.it\/radiotouring104\/#\/schema\/logo\/image\/"}},{"@type":"Person","@id":"https:\/\/progettotouring.it\/radiotouring104\/#\/schema\/person\/78613917f1851f041f7483f5af1d422e","name":"Sebastiano Plutino","image":{"@type":"ImageObject","inLanguage":"it-IT","@id":"https:\/\/secure.gravatar.com\/avatar\/0546ffaa9b79224faf9f2a156b67a529ae861d3287c66c1d8ccfdf909bcba78d?s=96&d=mm&r=g","url":"https:\/\/secure.gravatar.com\/avatar\/0546ffaa9b79224faf9f2a156b67a529ae861d3287c66c1d8ccfdf909bcba78d?s=96&d=mm&r=g","contentUrl":"https:\/\/secure.gravatar.com\/avatar\/0546ffaa9b79224faf9f2a156b67a529ae861d3287c66c1d8ccfdf909bcba78d?s=96&d=mm&r=g","caption":"Sebastiano Plutino"},"url":"https:\/\/progettotouring.it\/radiotouring104\/author\/sebastiano\/"}]}},"jetpack_publicize_connections":[],"jetpack_featured_media_url":"https:\/\/progettotouring.it\/radiotouring104\/wp-content\/uploads\/sites\/6\/2023\/06\/Logo-Legambiente.jpg","jetpack_sharing_enabled":true,"_links":{"self":[{"href":"https:\/\/progettotouring.it\/radiotouring104\/wp-json\/wp\/v2\/posts\/60556","targetHints":{"allow":["GET"]}}],"collection":[{"href":"https:\/\/progettotouring.it\/radiotouring104\/wp-json\/wp\/v2\/posts"}],"about":[{"href":"https:\/\/progettotouring.it\/radiotouring104\/wp-json\/wp\/v2\/types\/post"}],"author":[{"embeddable":true,"href":"https:\/\/progettotouring.it\/radiotouring104\/wp-json\/wp\/v2\/users\/12"}],"replies":[{"embeddable":true,"href":"https:\/\/progettotouring.it\/radiotouring104\/wp-json\/wp\/v2\/comments?post=60556"}],"version-history":[{"count":1,"href":"https:\/\/progettotouring.it\/radiotouring104\/wp-json\/wp\/v2\/posts\/60556\/revisions"}],"predecessor-version":[{"id":60557,"href":"https:\/\/progettotouring.it\/radiotouring104\/wp-json\/wp\/v2\/posts\/60556\/revisions\/60557"}],"wp:featuredmedia":[{"embeddable":true,"href":"https:\/\/progettotouring.it\/radiotouring104\/wp-json\/wp\/v2\/media\/28318"}],"wp:attachment":[{"href":"https:\/\/progettotouring.it\/radiotouring104\/wp-json\/wp\/v2\/media?parent=60556"}],"wp:term":[{"taxonomy":"category","embeddable":true,"href":"https:\/\/progettotouring.it\/radiotouring104\/wp-json\/wp\/v2\/categories?post=60556"},{"taxonomy":"post_tag","embeddable":true,"href":"https:\/\/progettotouring.it\/radiotouring104\/wp-json\/wp\/v2\/tags?post=60556"}],"curies":[{"name":"wp","href":"https:\/\/api.w.org\/{rel}","templated":true}]}}