{"id":60736,"date":"2024-10-31T12:51:58","date_gmt":"2024-10-31T11:51:58","guid":{"rendered":"https:\/\/progettotouring.it\/radiotouring104\/?p=60736"},"modified":"2024-10-31T12:52:26","modified_gmt":"2024-10-31T11:52:26","slug":"vertenza-abramo-customer-care-cassa-integrazione-per-700-dipendenti","status":"publish","type":"post","link":"https:\/\/progettotouring.it\/radiotouring104\/2024\/10\/31\/vertenza-abramo-customer-care-cassa-integrazione-per-700-dipendenti\/","title":{"rendered":"Vertenza Abramo Customer Care: Cassa integrazione per 700 dipendenti"},"content":{"rendered":"<p style=\"text-align: justify\"><strong>Da domani, settecento dipendenti della Abramo customer care,<\/strong> societ\u00e0 che si occupa della gestione di call center, <strong>saranno collocati in cassa integrazione a zero ore.<\/strong><\/p>\n<p style=\"text-align: justify\">A darne notizia sono stati i commissari che gestiscono l&#8217;azienda dopo che nel 2020 ne \u00e8 stato dichiarato lo stato di crisi.<\/p>\n<p style=\"text-align: justify\"><em>&#8220;Con l&#8217;approssimarsi della data fissata per la conclusione del programma di cessione realizzato da questa Amministrazione, in costanza della sospensione delle attivit\u00e0 operative riferibili ai committenti Tim e Fibercop<\/em> &#8211; <strong>affermano i commissari in una nota<\/strong><em><strong> &#8211;<\/strong> con decorrenza primo novembre 2024 i lavoratori appartenenti all&#8217;area Operation saranno posti in cassa integrazione&#8221;.<\/em><\/p>\n<p style=\"text-align: justify\">La crisi della societ\u00e0 crotonese \u00e9 stata determinata dal mancato rinnovo delle commesse garantite da Tim e Fibercop.<\/p>\n<p style=\"text-align: justify\">La situazione potrebbe registrare una svolta grazie al progetto della Regione Calabria di affidare proprio ai lavoratori della Abramo customer care la dematerializzazione delle cartelle cliniche delle Aziende sanitarie e ospedaliere della Calabria.<\/p>\n<p style=\"text-align: justify\">Progetto in relazione al quale il Governatore, Roberto Occhiuto, ha annunciato un incontro per il 5 novembre al ministero delle Imprese e del Made in Italiy, con la partecipazione delle rappresentanze sindacali.<\/p>\n<h3><\/h3>\n<h3><\/h3>\n<h3 class=\"post-single-title\" style=\"text-align: justify\">Il Presidente Occhiuto: &#8220;Il 5 novembre tavolo Mimit, soluzione vicinissima&#8221;<\/h3>\n<p style=\"text-align: justify\"><em>&#8220;Sono a Roma, perch\u00e9 anche oggi sto lavorando sulla vertenza Tim, come da mesi, ogni settimana, con tante call che hanno visto coinvolti soggetti pubblici e privati per trovare una soluzione al problema di 1000 famiglie che hanno perso la serenit\u00e0 nei mesi passati&#8221;.<\/em><\/p>\n<p style=\"text-align: justify\"><strong>Cos\u00ec il presidente<\/strong> della Regione Calabria,<strong> Roberto Occhiuto,<\/strong> in un video pubblicato sui social,<strong> in merito alla situazione della Abramo Customer Care che riguarda mille lavoratori.<\/strong><\/p>\n<p style=\"text-align: justify\"><em>&#8220;Abbiamo messo in piedi un progetto molto complesso<\/em> &#8211; <em>prosegue &#8211;<\/em> che per\u00f2 spero vedr\u00e0 la luce tra qualche giorno. <em>Il 5 novembre ci sar\u00e0 un Tavolo al Mimit con i sindacati. Ringrazio anche i sindacati perch\u00e9 hanno avuto un atteggiamento molto equilibrato in questi mesi. Ringrazio i soggetti che hanno partecipato insieme a me a tutti i Tavoli, alcuni informali ma molto utili. Tra questi il capo di gabinetto del presidente Meloni e i soggetti pubblici e privati che devono realizzare la soluzione che abbiamo pensato&#8221;.<\/em><\/p>\n<p style=\"text-align: justify\"><em>&#8220;La soluzione <\/em><strong><em>&#8211;<\/em> afferma Occhiuto<\/strong> &#8211;<em> \u00e8 quella che io avevo proposto qualche mese fa: reskillare i lavoratori su attivit\u00e0 di dematerializzazione, per cui la mia Giunta ha messo a disposizione 15 milioni di euro di risorse comunitarie per questa attivit\u00e0: mi piacerebbe ad esempio che si dematerializzassero le cartelle cliniche, in modo da trasformare il problema della vertenza Abramo in una soluzione per la digitalizzazione della sanit\u00e0&#8221;.<\/em><\/p>\n<p style=\"text-align: justify\"><em>&#8220;Il 5 novembre &#8211;<\/em> <strong>conclude Occhiuto<\/strong> <em>&#8211; c&#8217;\u00e8 quindi il Tavolo al Mimit e l\u00ec verr\u00e0 presentato il complesso delle attivit\u00e0 utili a garantire il lavoro, sia ai 300 dipendenti dell&#8217;Abramo Customer Care, che sono gi\u00e0 impegnati in commesse Fiber Cop e Tim, sia ai 700 che dovranno invece occuparsi della dematerializzazione. \u00c8 davvero difficile e davvero complicato ma sono molto felice perch\u00e9 sono convinto che la soluzione \u00e8 vicinissima&#8221;.<\/em><\/p>\n","protected":false},"excerpt":{"rendered":"<p>Da domani, settecento dipendenti della Abramo customer care, societ\u00e0 che si occupa della gestione di call center, saranno collocati in cassa integrazione a zero ore. A darne notizia sono stati&hellip;<\/p>\n","protected":false},"author":12,"featured_media":6660,"comment_status":"closed","ping_status":"open","sticky":false,"template":"","format":"standard","meta":{"_jetpack_memberships_contains_paid_content":false,"footnotes":"","jetpack_publicize_message":"","jetpack_publicize_feature_enabled":true,"jetpack_social_post_already_shared":false,"jetpack_social_options":{"image_generator_settings":{"template":"highway","default_image_id":0,"font":"","enabled":false},"version":2}},"categories":[142,921,196],"tags":[37075,26456,9691,18340],"class_list":["post-60736","post","type-post","status-publish","format-standard","has-post-thumbnail","hentry","category-calabria","category-home","category-news","tag-700-dipendenti-cassa-integrazione","tag-abramo-customer-care","tag-mimit","tag-occhiuto-roberto"],"yoast_head":"<!-- This site is optimized with the Yoast SEO plugin v27.2 - https:\/\/yoast.com\/product\/yoast-seo-wordpress\/ -->\n<title>Abramo Customer Care: Cassa integrazione per 700 dipendenti<\/title>\n<meta name=\"description\" content=\"Da domani scatta la cassa integrazione a 0 ore per 700 lavoratori dell&#039;azienda crotonese. Occhiuto: &quot;Il 5 tavolo al Mimit, soluzione vicina&quot;\" \/>\n<meta name=\"robots\" content=\"index, follow, max-snippet:-1, max-image-preview:large, max-video-preview:-1\" \/>\n<link rel=\"canonical\" href=\"https:\/\/progettotouring.it\/radiotouring104\/2024\/10\/31\/vertenza-abramo-customer-care-cassa-integrazione-per-700-dipendenti\/\" \/>\n<meta property=\"og:locale\" content=\"it_IT\" \/>\n<meta property=\"og:type\" content=\"article\" \/>\n<meta property=\"og:title\" content=\"Abramo Customer Care: Cassa integrazione per 700 dipendenti\" \/>\n<meta property=\"og:description\" content=\"Da domani scatta la cassa integrazione a 0 ore per 700 lavoratori dell&#039;azienda crotonese. Occhiuto: &quot;Il 5 tavolo al Mimit, soluzione vicina&quot;\" \/>\n<meta property=\"og:url\" content=\"https:\/\/progettotouring.it\/radiotouring104\/2024\/10\/31\/vertenza-abramo-customer-care-cassa-integrazione-per-700-dipendenti\/\" \/>\n<meta property=\"og:site_name\" content=\"Radio Touring 104\" \/>\n<meta property=\"article:published_time\" content=\"2024-10-31T11:51:58+00:00\" \/>\n<meta property=\"article:modified_time\" content=\"2024-10-31T11:52:26+00:00\" \/>\n<meta property=\"og:image\" content=\"https:\/\/progettotouring.it\/radiotouring104\/wp-content\/uploads\/sites\/6\/2022\/06\/occhiuto-1.jpg\" \/>\n\t<meta property=\"og:image:width\" content=\"861\" \/>\n\t<meta property=\"og:image:height\" content=\"626\" \/>\n\t<meta property=\"og:image:type\" content=\"image\/jpeg\" \/>\n<meta name=\"author\" content=\"Sebastiano Plutino\" \/>\n<meta name=\"twitter:card\" content=\"summary_large_image\" \/>\n<meta name=\"twitter:label1\" content=\"Scritto da\" \/>\n\t<meta name=\"twitter:data1\" content=\"Sebastiano Plutino\" \/>\n\t<meta name=\"twitter:label2\" content=\"Tempo di lettura stimato\" \/>\n\t<meta name=\"twitter:data2\" content=\"2 minuti\" \/>\n<script type=\"application\/ld+json\" class=\"yoast-schema-graph\">{\"@context\":\"https:\/\/schema.org\",\"@graph\":[{\"@type\":\"Article\",\"@id\":\"https:\/\/progettotouring.it\/radiotouring104\/2024\/10\/31\/vertenza-abramo-customer-care-cassa-integrazione-per-700-dipendenti\/#article\",\"isPartOf\":{\"@id\":\"https:\/\/progettotouring.it\/radiotouring104\/2024\/10\/31\/vertenza-abramo-customer-care-cassa-integrazione-per-700-dipendenti\/\"},\"author\":{\"name\":\"Sebastiano Plutino\",\"@id\":\"https:\/\/progettotouring.it\/radiotouring104\/#\/schema\/person\/78613917f1851f041f7483f5af1d422e\"},\"headline\":\"Vertenza Abramo Customer Care: Cassa integrazione per 700 dipendenti\",\"datePublished\":\"2024-10-31T11:51:58+00:00\",\"dateModified\":\"2024-10-31T11:52:26+00:00\",\"mainEntityOfPage\":{\"@id\":\"https:\/\/progettotouring.it\/radiotouring104\/2024\/10\/31\/vertenza-abramo-customer-care-cassa-integrazione-per-700-dipendenti\/\"},\"wordCount\":480,\"publisher\":{\"@id\":\"https:\/\/progettotouring.it\/radiotouring104\/#organization\"},\"image\":{\"@id\":\"https:\/\/progettotouring.it\/radiotouring104\/2024\/10\/31\/vertenza-abramo-customer-care-cassa-integrazione-per-700-dipendenti\/#primaryimage\"},\"thumbnailUrl\":\"https:\/\/progettotouring.it\/radiotouring104\/wp-content\/uploads\/sites\/6\/2022\/06\/occhiuto-1.jpg\",\"keywords\":[\"700 dipendenti cassa integrazione\",\"Abramo Customer Care\",\"MIMIT\",\"Occhiuto Roberto\"],\"articleSection\":[\"Calabria\",\"Home\",\"News\"],\"inLanguage\":\"it-IT\"},{\"@type\":\"WebPage\",\"@id\":\"https:\/\/progettotouring.it\/radiotouring104\/2024\/10\/31\/vertenza-abramo-customer-care-cassa-integrazione-per-700-dipendenti\/\",\"url\":\"https:\/\/progettotouring.it\/radiotouring104\/2024\/10\/31\/vertenza-abramo-customer-care-cassa-integrazione-per-700-dipendenti\/\",\"name\":\"Abramo Customer Care: Cassa integrazione per 700 dipendenti\",\"isPartOf\":{\"@id\":\"https:\/\/progettotouring.it\/radiotouring104\/#website\"},\"primaryImageOfPage\":{\"@id\":\"https:\/\/progettotouring.it\/radiotouring104\/2024\/10\/31\/vertenza-abramo-customer-care-cassa-integrazione-per-700-dipendenti\/#primaryimage\"},\"image\":{\"@id\":\"https:\/\/progettotouring.it\/radiotouring104\/2024\/10\/31\/vertenza-abramo-customer-care-cassa-integrazione-per-700-dipendenti\/#primaryimage\"},\"thumbnailUrl\":\"https:\/\/progettotouring.it\/radiotouring104\/wp-content\/uploads\/sites\/6\/2022\/06\/occhiuto-1.jpg\",\"datePublished\":\"2024-10-31T11:51:58+00:00\",\"dateModified\":\"2024-10-31T11:52:26+00:00\",\"description\":\"Da domani scatta la cassa integrazione a 0 ore per 700 lavoratori dell'azienda crotonese. Occhiuto: \\\"Il 5 tavolo al Mimit, soluzione vicina\\\"\",\"breadcrumb\":{\"@id\":\"https:\/\/progettotouring.it\/radiotouring104\/2024\/10\/31\/vertenza-abramo-customer-care-cassa-integrazione-per-700-dipendenti\/#breadcrumb\"},\"inLanguage\":\"it-IT\",\"potentialAction\":[{\"@type\":\"ReadAction\",\"target\":[\"https:\/\/progettotouring.it\/radiotouring104\/2024\/10\/31\/vertenza-abramo-customer-care-cassa-integrazione-per-700-dipendenti\/\"]}]},{\"@type\":\"ImageObject\",\"inLanguage\":\"it-IT\",\"@id\":\"https:\/\/progettotouring.it\/radiotouring104\/2024\/10\/31\/vertenza-abramo-customer-care-cassa-integrazione-per-700-dipendenti\/#primaryimage\",\"url\":\"https:\/\/progettotouring.it\/radiotouring104\/wp-content\/uploads\/sites\/6\/2022\/06\/occhiuto-1.jpg\",\"contentUrl\":\"https:\/\/progettotouring.it\/radiotouring104\/wp-content\/uploads\/sites\/6\/2022\/06\/occhiuto-1.jpg\",\"width\":861,\"height\":626},{\"@type\":\"BreadcrumbList\",\"@id\":\"https:\/\/progettotouring.it\/radiotouring104\/2024\/10\/31\/vertenza-abramo-customer-care-cassa-integrazione-per-700-dipendenti\/#breadcrumb\",\"itemListElement\":[{\"@type\":\"ListItem\",\"position\":1,\"name\":\"Home\",\"item\":\"https:\/\/progettotouring.it\/radiotouring104\/\"},{\"@type\":\"ListItem\",\"position\":2,\"name\":\"Vertenza Abramo Customer Care: Cassa integrazione per 700 dipendenti\"}]},{\"@type\":\"WebSite\",\"@id\":\"https:\/\/progettotouring.it\/radiotouring104\/#website\",\"url\":\"https:\/\/progettotouring.it\/radiotouring104\/\",\"name\":\"Radio Touring 104\",\"description\":\"La prima radio Reggina\",\"publisher\":{\"@id\":\"https:\/\/progettotouring.it\/radiotouring104\/#organization\"},\"potentialAction\":[{\"@type\":\"SearchAction\",\"target\":{\"@type\":\"EntryPoint\",\"urlTemplate\":\"https:\/\/progettotouring.it\/radiotouring104\/?s={search_term_string}\"},\"query-input\":{\"@type\":\"PropertyValueSpecification\",\"valueRequired\":true,\"valueName\":\"search_term_string\"}}],\"inLanguage\":\"it-IT\"},{\"@type\":\"Organization\",\"@id\":\"https:\/\/progettotouring.it\/radiotouring104\/#organization\",\"name\":\"Radio Touring 104\",\"url\":\"https:\/\/progettotouring.it\/radiotouring104\/\",\"logo\":{\"@type\":\"ImageObject\",\"inLanguage\":\"it-IT\",\"@id\":\"https:\/\/progettotouring.it\/radiotouring104\/#\/schema\/logo\/image\/\",\"url\":\"https:\/\/progettotouring.it\/radiotouring104\/wp-content\/uploads\/sites\/6\/2022\/02\/cropped-logo-radio-touring-104.png\",\"contentUrl\":\"https:\/\/progettotouring.it\/radiotouring104\/wp-content\/uploads\/sites\/6\/2022\/02\/cropped-logo-radio-touring-104.png\",\"width\":377,\"height\":182,\"caption\":\"Radio Touring 104\"},\"image\":{\"@id\":\"https:\/\/progettotouring.it\/radiotouring104\/#\/schema\/logo\/image\/\"}},{\"@type\":\"Person\",\"@id\":\"https:\/\/progettotouring.it\/radiotouring104\/#\/schema\/person\/78613917f1851f041f7483f5af1d422e\",\"name\":\"Sebastiano Plutino\",\"image\":{\"@type\":\"ImageObject\",\"inLanguage\":\"it-IT\",\"@id\":\"https:\/\/secure.gravatar.com\/avatar\/0546ffaa9b79224faf9f2a156b67a529ae861d3287c66c1d8ccfdf909bcba78d?s=96&d=mm&r=g\",\"url\":\"https:\/\/secure.gravatar.com\/avatar\/0546ffaa9b79224faf9f2a156b67a529ae861d3287c66c1d8ccfdf909bcba78d?s=96&d=mm&r=g\",\"contentUrl\":\"https:\/\/secure.gravatar.com\/avatar\/0546ffaa9b79224faf9f2a156b67a529ae861d3287c66c1d8ccfdf909bcba78d?s=96&d=mm&r=g\",\"caption\":\"Sebastiano Plutino\"},\"url\":\"https:\/\/progettotouring.it\/radiotouring104\/author\/sebastiano\/\"}]}<\/script>\n<!-- \/ Yoast SEO plugin. -->","yoast_head_json":{"title":"Abramo Customer Care: Cassa integrazione per 700 dipendenti","description":"Da domani scatta la cassa integrazione a 0 ore per 700 lavoratori dell'azienda crotonese. Occhiuto: \"Il 5 tavolo al Mimit, soluzione vicina\"","robots":{"index":"index","follow":"follow","max-snippet":"max-snippet:-1","max-image-preview":"max-image-preview:large","max-video-preview":"max-video-preview:-1"},"canonical":"https:\/\/progettotouring.it\/radiotouring104\/2024\/10\/31\/vertenza-abramo-customer-care-cassa-integrazione-per-700-dipendenti\/","og_locale":"it_IT","og_type":"article","og_title":"Abramo Customer Care: Cassa integrazione per 700 dipendenti","og_description":"Da domani scatta la cassa integrazione a 0 ore per 700 lavoratori dell'azienda crotonese. Occhiuto: \"Il 5 tavolo al Mimit, soluzione vicina\"","og_url":"https:\/\/progettotouring.it\/radiotouring104\/2024\/10\/31\/vertenza-abramo-customer-care-cassa-integrazione-per-700-dipendenti\/","og_site_name":"Radio Touring 104","article_published_time":"2024-10-31T11:51:58+00:00","article_modified_time":"2024-10-31T11:52:26+00:00","og_image":[{"width":861,"height":626,"url":"https:\/\/progettotouring.it\/radiotouring104\/wp-content\/uploads\/sites\/6\/2022\/06\/occhiuto-1.jpg","type":"image\/jpeg"}],"author":"Sebastiano Plutino","twitter_card":"summary_large_image","twitter_misc":{"Scritto da":"Sebastiano Plutino","Tempo di lettura stimato":"2 minuti"},"schema":{"@context":"https:\/\/schema.org","@graph":[{"@type":"Article","@id":"https:\/\/progettotouring.it\/radiotouring104\/2024\/10\/31\/vertenza-abramo-customer-care-cassa-integrazione-per-700-dipendenti\/#article","isPartOf":{"@id":"https:\/\/progettotouring.it\/radiotouring104\/2024\/10\/31\/vertenza-abramo-customer-care-cassa-integrazione-per-700-dipendenti\/"},"author":{"name":"Sebastiano Plutino","@id":"https:\/\/progettotouring.it\/radiotouring104\/#\/schema\/person\/78613917f1851f041f7483f5af1d422e"},"headline":"Vertenza Abramo Customer Care: Cassa integrazione per 700 dipendenti","datePublished":"2024-10-31T11:51:58+00:00","dateModified":"2024-10-31T11:52:26+00:00","mainEntityOfPage":{"@id":"https:\/\/progettotouring.it\/radiotouring104\/2024\/10\/31\/vertenza-abramo-customer-care-cassa-integrazione-per-700-dipendenti\/"},"wordCount":480,"publisher":{"@id":"https:\/\/progettotouring.it\/radiotouring104\/#organization"},"image":{"@id":"https:\/\/progettotouring.it\/radiotouring104\/2024\/10\/31\/vertenza-abramo-customer-care-cassa-integrazione-per-700-dipendenti\/#primaryimage"},"thumbnailUrl":"https:\/\/progettotouring.it\/radiotouring104\/wp-content\/uploads\/sites\/6\/2022\/06\/occhiuto-1.jpg","keywords":["700 dipendenti cassa integrazione","Abramo Customer Care","MIMIT","Occhiuto Roberto"],"articleSection":["Calabria","Home","News"],"inLanguage":"it-IT"},{"@type":"WebPage","@id":"https:\/\/progettotouring.it\/radiotouring104\/2024\/10\/31\/vertenza-abramo-customer-care-cassa-integrazione-per-700-dipendenti\/","url":"https:\/\/progettotouring.it\/radiotouring104\/2024\/10\/31\/vertenza-abramo-customer-care-cassa-integrazione-per-700-dipendenti\/","name":"Abramo Customer Care: Cassa integrazione per 700 dipendenti","isPartOf":{"@id":"https:\/\/progettotouring.it\/radiotouring104\/#website"},"primaryImageOfPage":{"@id":"https:\/\/progettotouring.it\/radiotouring104\/2024\/10\/31\/vertenza-abramo-customer-care-cassa-integrazione-per-700-dipendenti\/#primaryimage"},"image":{"@id":"https:\/\/progettotouring.it\/radiotouring104\/2024\/10\/31\/vertenza-abramo-customer-care-cassa-integrazione-per-700-dipendenti\/#primaryimage"},"thumbnailUrl":"https:\/\/progettotouring.it\/radiotouring104\/wp-content\/uploads\/sites\/6\/2022\/06\/occhiuto-1.jpg","datePublished":"2024-10-31T11:51:58+00:00","dateModified":"2024-10-31T11:52:26+00:00","description":"Da domani scatta la cassa integrazione a 0 ore per 700 lavoratori dell'azienda crotonese. Occhiuto: \"Il 5 tavolo al Mimit, soluzione vicina\"","breadcrumb":{"@id":"https:\/\/progettotouring.it\/radiotouring104\/2024\/10\/31\/vertenza-abramo-customer-care-cassa-integrazione-per-700-dipendenti\/#breadcrumb"},"inLanguage":"it-IT","potentialAction":[{"@type":"ReadAction","target":["https:\/\/progettotouring.it\/radiotouring104\/2024\/10\/31\/vertenza-abramo-customer-care-cassa-integrazione-per-700-dipendenti\/"]}]},{"@type":"ImageObject","inLanguage":"it-IT","@id":"https:\/\/progettotouring.it\/radiotouring104\/2024\/10\/31\/vertenza-abramo-customer-care-cassa-integrazione-per-700-dipendenti\/#primaryimage","url":"https:\/\/progettotouring.it\/radiotouring104\/wp-content\/uploads\/sites\/6\/2022\/06\/occhiuto-1.jpg","contentUrl":"https:\/\/progettotouring.it\/radiotouring104\/wp-content\/uploads\/sites\/6\/2022\/06\/occhiuto-1.jpg","width":861,"height":626},{"@type":"BreadcrumbList","@id":"https:\/\/progettotouring.it\/radiotouring104\/2024\/10\/31\/vertenza-abramo-customer-care-cassa-integrazione-per-700-dipendenti\/#breadcrumb","itemListElement":[{"@type":"ListItem","position":1,"name":"Home","item":"https:\/\/progettotouring.it\/radiotouring104\/"},{"@type":"ListItem","position":2,"name":"Vertenza Abramo Customer Care: Cassa integrazione per 700 dipendenti"}]},{"@type":"WebSite","@id":"https:\/\/progettotouring.it\/radiotouring104\/#website","url":"https:\/\/progettotouring.it\/radiotouring104\/","name":"Radio Touring 104","description":"La prima radio Reggina","publisher":{"@id":"https:\/\/progettotouring.it\/radiotouring104\/#organization"},"potentialAction":[{"@type":"SearchAction","target":{"@type":"EntryPoint","urlTemplate":"https:\/\/progettotouring.it\/radiotouring104\/?s={search_term_string}"},"query-input":{"@type":"PropertyValueSpecification","valueRequired":true,"valueName":"search_term_string"}}],"inLanguage":"it-IT"},{"@type":"Organization","@id":"https:\/\/progettotouring.it\/radiotouring104\/#organization","name":"Radio Touring 104","url":"https:\/\/progettotouring.it\/radiotouring104\/","logo":{"@type":"ImageObject","inLanguage":"it-IT","@id":"https:\/\/progettotouring.it\/radiotouring104\/#\/schema\/logo\/image\/","url":"https:\/\/progettotouring.it\/radiotouring104\/wp-content\/uploads\/sites\/6\/2022\/02\/cropped-logo-radio-touring-104.png","contentUrl":"https:\/\/progettotouring.it\/radiotouring104\/wp-content\/uploads\/sites\/6\/2022\/02\/cropped-logo-radio-touring-104.png","width":377,"height":182,"caption":"Radio Touring 104"},"image":{"@id":"https:\/\/progettotouring.it\/radiotouring104\/#\/schema\/logo\/image\/"}},{"@type":"Person","@id":"https:\/\/progettotouring.it\/radiotouring104\/#\/schema\/person\/78613917f1851f041f7483f5af1d422e","name":"Sebastiano Plutino","image":{"@type":"ImageObject","inLanguage":"it-IT","@id":"https:\/\/secure.gravatar.com\/avatar\/0546ffaa9b79224faf9f2a156b67a529ae861d3287c66c1d8ccfdf909bcba78d?s=96&d=mm&r=g","url":"https:\/\/secure.gravatar.com\/avatar\/0546ffaa9b79224faf9f2a156b67a529ae861d3287c66c1d8ccfdf909bcba78d?s=96&d=mm&r=g","contentUrl":"https:\/\/secure.gravatar.com\/avatar\/0546ffaa9b79224faf9f2a156b67a529ae861d3287c66c1d8ccfdf909bcba78d?s=96&d=mm&r=g","caption":"Sebastiano Plutino"},"url":"https:\/\/progettotouring.it\/radiotouring104\/author\/sebastiano\/"}]}},"jetpack_publicize_connections":[],"jetpack_featured_media_url":"https:\/\/progettotouring.it\/radiotouring104\/wp-content\/uploads\/sites\/6\/2022\/06\/occhiuto-1.jpg","jetpack_sharing_enabled":true,"_links":{"self":[{"href":"https:\/\/progettotouring.it\/radiotouring104\/wp-json\/wp\/v2\/posts\/60736","targetHints":{"allow":["GET"]}}],"collection":[{"href":"https:\/\/progettotouring.it\/radiotouring104\/wp-json\/wp\/v2\/posts"}],"about":[{"href":"https:\/\/progettotouring.it\/radiotouring104\/wp-json\/wp\/v2\/types\/post"}],"author":[{"embeddable":true,"href":"https:\/\/progettotouring.it\/radiotouring104\/wp-json\/wp\/v2\/users\/12"}],"replies":[{"embeddable":true,"href":"https:\/\/progettotouring.it\/radiotouring104\/wp-json\/wp\/v2\/comments?post=60736"}],"version-history":[{"count":2,"href":"https:\/\/progettotouring.it\/radiotouring104\/wp-json\/wp\/v2\/posts\/60736\/revisions"}],"predecessor-version":[{"id":60738,"href":"https:\/\/progettotouring.it\/radiotouring104\/wp-json\/wp\/v2\/posts\/60736\/revisions\/60738"}],"wp:featuredmedia":[{"embeddable":true,"href":"https:\/\/progettotouring.it\/radiotouring104\/wp-json\/wp\/v2\/media\/6660"}],"wp:attachment":[{"href":"https:\/\/progettotouring.it\/radiotouring104\/wp-json\/wp\/v2\/media?parent=60736"}],"wp:term":[{"taxonomy":"category","embeddable":true,"href":"https:\/\/progettotouring.it\/radiotouring104\/wp-json\/wp\/v2\/categories?post=60736"},{"taxonomy":"post_tag","embeddable":true,"href":"https:\/\/progettotouring.it\/radiotouring104\/wp-json\/wp\/v2\/tags?post=60736"}],"curies":[{"name":"wp","href":"https:\/\/api.w.org\/{rel}","templated":true}]}}