{"id":60786,"date":"2024-11-04T09:49:03","date_gmt":"2024-11-04T08:49:03","guid":{"rendered":"https:\/\/progettotouring.it\/radiotouring104\/?p=60786"},"modified":"2024-11-04T09:49:03","modified_gmt":"2024-11-04T08:49:03","slug":"reggio-la-svolta-sara-un-natale-memorabile-come-la-scorsa-estate","status":"publish","type":"post","link":"https:\/\/progettotouring.it\/radiotouring104\/2024\/11\/04\/reggio-la-svolta-sara-un-natale-memorabile-come-la-scorsa-estate\/","title":{"rendered":"Reggio, &#8220;La Svolta&#8221;: &#8220;Sar\u00e0 un natale memorabile, come la scorsa estate&#8221;"},"content":{"rendered":"<p dir=\"ltr\" style=\"text-align: justify\"><em>&#8220;Sar\u00e0 un Natale \u2018memorabile\u2019 quello che si sta programmando a Reggio Calabria. Dopo gli splendidi momenti vissuti questa estate, nella nostra citt\u00e0 si sta lavorando con impegno affinch\u00e9 anche le festivit\u00e0 pi\u00f9 care alla nostra tradizione, possano trascorrere con armonia, serenit\u00e0 e fratellanza, lontano dagli echi delle polemiche politiche che dovrebbero evitare di utilizzare momenti tanto cari alla nostra comunit\u00e0 per ragioni di becera propaganda e per una fantomatica campagna elettorale anticipata&#8221;.<\/em> <strong>E&#8217; quanto affermano<\/strong> con una nota <strong>i rappresentanti di gruppo<\/strong> &#8220;La Svolta&#8221; al Comune di Reggio Calabria.<\/p>\n<p style=\"text-align: justify\">\n<p dir=\"ltr\" style=\"text-align: justify\"><em>&#8220;La felice coincidenza del Capodanno Rai, che sar\u00e0 trasmesso in diretta da Reggio Calabria, dopo quello del 1998, per il quale \u00e8 doveroso sottolineare la positiva e lungimirante scelta della Regione Calabria nell&#8217;ottica della convenzione stipulata con la Tv di Stato, arricchir\u00e0 ulteriormente un cartellone di eventi che stiamo programmando insieme alle associazioni di categoria ed artistiche della nostra citt\u00e0&#8221;.<\/em><\/p>\n<p style=\"text-align: justify\">\n<p dir=\"ltr\" style=\"text-align: justify\"><em>&#8220;Reggio Calabria da anni ormai sta vivendo una nuova primavera artistica e culturale<\/em><strong> &#8211; proseguono i rappresentanti de La Svolta<\/strong> <em>&#8211; con importanti ricadute sul piano turistico e commerciale. Il Museo archeologico nazionale con i meravigliosi Bronzi di Riace, rappresenta ancora il principale attrattore cittadino, ma siamo altres\u00ec consapevoli che c\u2019\u00e8 molto altro da vedere e gustare, come dimostrato nei mesi estivi, nel corso dei quali abbiamo registrato picchi di presenze turistiche, soprattutto dall\u2019estero. Alberghi, B&amp;b, ristoranti, pizzerie, pub e bar, hanno incrementato i propri fatturati, generando, finalmente, una nuova ripresa, con una sensibile ricaduta anche in termini socioeconomici ed occupazionali, che ci incoraggia a proseguire sulla strada della migliore promozione delle nostre numerose bellezze, legate anche ai grandi eventi. Di fronte a questa ennesima occasione alla quale stiamo lavorando, esattamente come accaduto per la scorsa lunga stagione estiva, nei fatti mai conclusa vista la prosecuzione autunnale delle tante iniziative culturali, la citt\u00e0 continui questo processo di nuova consapevolezza della propria identit\u00e0, si racconti al meglio delle proprie potenzialit\u00e0 e si prepari, all&#8217;insegna dell&#8217;unit\u00e0, ad una festa che deve sar\u00e0 occasione di attrattivit\u00e0 turistica e di sviluppo per il territorio&#8221;.<\/em><\/p>\n<p style=\"text-align: justify\">\n<p dir=\"ltr\" style=\"text-align: justify\"><em>&#8220;I nuovi voli, con collegamenti esteri, rappresentano una grande opportunit\u00e0. Al riguardo resta solo da sapere la data del completamento dei lavori di ammodernamento dell\u2019aeroporto dello Stretto da parte di Sacal, che auspichiamo tutti possa avvenire in tempi rapidi&#8221;.<\/em><\/p>\n<p style=\"text-align: justify\">\n<p dir=\"ltr\" style=\"text-align: justify\"><em>&#8220;Le nostre straordinarie ricchezze paesaggistiche &#8211;<\/em><strong> conclude La Svolta<\/strong> &#8211;<em> le gradevoli climatiche di queste settimane, stanno aiutando e sostenendo il flusso in entrata di turisti, ammaliati dalle tante bellezze cittadine, dalla storia e la cultura e dalle tante ricchezze naturali della nostra terra, dal mare alla montagna. Proprio per questo l\u2019Amministrazione comunale, guidata dal sindaco Giuseppe Falcomat\u00e0, sta facendo di tutto per rendere \u2018memorabile\u2019 anche l\u2019imminente periodo natalizio, che sapr\u00e0 emozionare tutti, reggini e non solo&#8221;.<\/em><\/p>\n","protected":false},"excerpt":{"rendered":"<p>&#8220;Sar\u00e0 un Natale \u2018memorabile\u2019 quello che si sta programmando a Reggio Calabria. Dopo gli splendidi momenti vissuti questa estate, nella nostra citt\u00e0 si sta lavorando con impegno affinch\u00e9 anche le&hellip;<\/p>\n","protected":false},"author":12,"featured_media":5666,"comment_status":"closed","ping_status":"open","sticky":false,"template":"","format":"standard","meta":{"_jetpack_memberships_contains_paid_content":false,"footnotes":"","jetpack_publicize_message":"","jetpack_publicize_feature_enabled":true,"jetpack_social_post_already_shared":false,"jetpack_social_options":{"image_generator_settings":{"template":"highway","default_image_id":0,"font":"","enabled":false},"version":2}},"categories":[921,196,140],"tags":[37087,9778,4537,37086],"class_list":["post-60786","post","type-post","status-publish","format-standard","has-post-thumbnail","hentry","category-home","category-news","category-reggio-calabria","tag-sara-un-natale-memorabile","tag-comune-di-reggio","tag-la-svolta","tag-natale-2024"],"yoast_head":"<!-- This site is optimized with the Yoast SEO plugin v27.2 - https:\/\/yoast.com\/product\/yoast-seo-wordpress\/ -->\n<title>Reggio, &quot;La Svolta&quot;: &quot;Sar\u00e0 un natale memorabile&quot;<\/title>\n<meta name=\"description\" content=\"&quot;Polemiche stanno a zero. Citt\u00e0 si prepari ad una festa che sar\u00e0 occasione di sviluppo per il territorio&quot;, scrivono i consiglieri del gruppo\" \/>\n<meta name=\"robots\" content=\"index, follow, max-snippet:-1, max-image-preview:large, max-video-preview:-1\" \/>\n<link rel=\"canonical\" href=\"https:\/\/progettotouring.it\/radiotouring104\/2024\/11\/04\/reggio-la-svolta-sara-un-natale-memorabile-come-la-scorsa-estate\/\" \/>\n<meta property=\"og:locale\" content=\"it_IT\" \/>\n<meta property=\"og:type\" content=\"article\" \/>\n<meta property=\"og:title\" content=\"Reggio, &quot;La Svolta&quot;: &quot;Sar\u00e0 un natale memorabile&quot;\" \/>\n<meta property=\"og:description\" content=\"&quot;Polemiche stanno a zero. Citt\u00e0 si prepari ad una festa che sar\u00e0 occasione di sviluppo per il territorio&quot;, scrivono i consiglieri del gruppo\" \/>\n<meta property=\"og:url\" content=\"https:\/\/progettotouring.it\/radiotouring104\/2024\/11\/04\/reggio-la-svolta-sara-un-natale-memorabile-come-la-scorsa-estate\/\" \/>\n<meta property=\"og:site_name\" content=\"Radio Touring 104\" \/>\n<meta property=\"article:published_time\" content=\"2024-11-04T08:49:03+00:00\" \/>\n<meta property=\"og:image\" content=\"https:\/\/progettotouring.it\/radiotouring104\/wp-content\/uploads\/sites\/6\/2022\/05\/san-giorgio-comune.jpg\" \/>\n\t<meta property=\"og:image:width\" content=\"1920\" \/>\n\t<meta property=\"og:image:height\" content=\"1080\" \/>\n\t<meta property=\"og:image:type\" content=\"image\/jpeg\" \/>\n<meta name=\"author\" content=\"Sebastiano Plutino\" \/>\n<meta name=\"twitter:card\" content=\"summary_large_image\" \/>\n<meta name=\"twitter:label1\" content=\"Scritto da\" \/>\n\t<meta name=\"twitter:data1\" content=\"Sebastiano Plutino\" \/>\n\t<meta name=\"twitter:label2\" content=\"Tempo di lettura stimato\" \/>\n\t<meta name=\"twitter:data2\" content=\"2 minuti\" \/>\n<script type=\"application\/ld+json\" class=\"yoast-schema-graph\">{\"@context\":\"https:\/\/schema.org\",\"@graph\":[{\"@type\":\"Article\",\"@id\":\"https:\/\/progettotouring.it\/radiotouring104\/2024\/11\/04\/reggio-la-svolta-sara-un-natale-memorabile-come-la-scorsa-estate\/#article\",\"isPartOf\":{\"@id\":\"https:\/\/progettotouring.it\/radiotouring104\/2024\/11\/04\/reggio-la-svolta-sara-un-natale-memorabile-come-la-scorsa-estate\/\"},\"author\":{\"name\":\"Sebastiano Plutino\",\"@id\":\"https:\/\/progettotouring.it\/radiotouring104\/#\/schema\/person\/78613917f1851f041f7483f5af1d422e\"},\"headline\":\"Reggio, &#8220;La Svolta&#8221;: &#8220;Sar\u00e0 un natale memorabile, come la scorsa estate&#8221;\",\"datePublished\":\"2024-11-04T08:49:03+00:00\",\"mainEntityOfPage\":{\"@id\":\"https:\/\/progettotouring.it\/radiotouring104\/2024\/11\/04\/reggio-la-svolta-sara-un-natale-memorabile-come-la-scorsa-estate\/\"},\"wordCount\":470,\"publisher\":{\"@id\":\"https:\/\/progettotouring.it\/radiotouring104\/#organization\"},\"image\":{\"@id\":\"https:\/\/progettotouring.it\/radiotouring104\/2024\/11\/04\/reggio-la-svolta-sara-un-natale-memorabile-come-la-scorsa-estate\/#primaryimage\"},\"thumbnailUrl\":\"https:\/\/progettotouring.it\/radiotouring104\/wp-content\/uploads\/sites\/6\/2022\/05\/san-giorgio-comune.jpg\",\"keywords\":[\": sar\u00e0 un natale memorabile\",\"Comune di Reggio\",\"La Svolta\",\"Natale 2024\"],\"articleSection\":[\"Home\",\"News\",\"Reggio Calabria\"],\"inLanguage\":\"it-IT\"},{\"@type\":\"WebPage\",\"@id\":\"https:\/\/progettotouring.it\/radiotouring104\/2024\/11\/04\/reggio-la-svolta-sara-un-natale-memorabile-come-la-scorsa-estate\/\",\"url\":\"https:\/\/progettotouring.it\/radiotouring104\/2024\/11\/04\/reggio-la-svolta-sara-un-natale-memorabile-come-la-scorsa-estate\/\",\"name\":\"Reggio, \\\"La Svolta\\\": \\\"Sar\u00e0 un natale memorabile\\\"\",\"isPartOf\":{\"@id\":\"https:\/\/progettotouring.it\/radiotouring104\/#website\"},\"primaryImageOfPage\":{\"@id\":\"https:\/\/progettotouring.it\/radiotouring104\/2024\/11\/04\/reggio-la-svolta-sara-un-natale-memorabile-come-la-scorsa-estate\/#primaryimage\"},\"image\":{\"@id\":\"https:\/\/progettotouring.it\/radiotouring104\/2024\/11\/04\/reggio-la-svolta-sara-un-natale-memorabile-come-la-scorsa-estate\/#primaryimage\"},\"thumbnailUrl\":\"https:\/\/progettotouring.it\/radiotouring104\/wp-content\/uploads\/sites\/6\/2022\/05\/san-giorgio-comune.jpg\",\"datePublished\":\"2024-11-04T08:49:03+00:00\",\"description\":\"\\\"Polemiche stanno a zero. Citt\u00e0 si prepari ad una festa che sar\u00e0 occasione di sviluppo per il territorio\\\", scrivono i consiglieri del gruppo\",\"breadcrumb\":{\"@id\":\"https:\/\/progettotouring.it\/radiotouring104\/2024\/11\/04\/reggio-la-svolta-sara-un-natale-memorabile-come-la-scorsa-estate\/#breadcrumb\"},\"inLanguage\":\"it-IT\",\"potentialAction\":[{\"@type\":\"ReadAction\",\"target\":[\"https:\/\/progettotouring.it\/radiotouring104\/2024\/11\/04\/reggio-la-svolta-sara-un-natale-memorabile-come-la-scorsa-estate\/\"]}]},{\"@type\":\"ImageObject\",\"inLanguage\":\"it-IT\",\"@id\":\"https:\/\/progettotouring.it\/radiotouring104\/2024\/11\/04\/reggio-la-svolta-sara-un-natale-memorabile-come-la-scorsa-estate\/#primaryimage\",\"url\":\"https:\/\/progettotouring.it\/radiotouring104\/wp-content\/uploads\/sites\/6\/2022\/05\/san-giorgio-comune.jpg\",\"contentUrl\":\"https:\/\/progettotouring.it\/radiotouring104\/wp-content\/uploads\/sites\/6\/2022\/05\/san-giorgio-comune.jpg\",\"width\":1920,\"height\":1080},{\"@type\":\"BreadcrumbList\",\"@id\":\"https:\/\/progettotouring.it\/radiotouring104\/2024\/11\/04\/reggio-la-svolta-sara-un-natale-memorabile-come-la-scorsa-estate\/#breadcrumb\",\"itemListElement\":[{\"@type\":\"ListItem\",\"position\":1,\"name\":\"Home\",\"item\":\"https:\/\/progettotouring.it\/radiotouring104\/\"},{\"@type\":\"ListItem\",\"position\":2,\"name\":\"Reggio, &#8220;La Svolta&#8221;: &#8220;Sar\u00e0 un natale memorabile, come la scorsa estate&#8221;\"}]},{\"@type\":\"WebSite\",\"@id\":\"https:\/\/progettotouring.it\/radiotouring104\/#website\",\"url\":\"https:\/\/progettotouring.it\/radiotouring104\/\",\"name\":\"Radio Touring 104\",\"description\":\"La prima radio Reggina\",\"publisher\":{\"@id\":\"https:\/\/progettotouring.it\/radiotouring104\/#organization\"},\"potentialAction\":[{\"@type\":\"SearchAction\",\"target\":{\"@type\":\"EntryPoint\",\"urlTemplate\":\"https:\/\/progettotouring.it\/radiotouring104\/?s={search_term_string}\"},\"query-input\":{\"@type\":\"PropertyValueSpecification\",\"valueRequired\":true,\"valueName\":\"search_term_string\"}}],\"inLanguage\":\"it-IT\"},{\"@type\":\"Organization\",\"@id\":\"https:\/\/progettotouring.it\/radiotouring104\/#organization\",\"name\":\"Radio Touring 104\",\"url\":\"https:\/\/progettotouring.it\/radiotouring104\/\",\"logo\":{\"@type\":\"ImageObject\",\"inLanguage\":\"it-IT\",\"@id\":\"https:\/\/progettotouring.it\/radiotouring104\/#\/schema\/logo\/image\/\",\"url\":\"https:\/\/progettotouring.it\/radiotouring104\/wp-content\/uploads\/sites\/6\/2022\/02\/cropped-logo-radio-touring-104.png\",\"contentUrl\":\"https:\/\/progettotouring.it\/radiotouring104\/wp-content\/uploads\/sites\/6\/2022\/02\/cropped-logo-radio-touring-104.png\",\"width\":377,\"height\":182,\"caption\":\"Radio Touring 104\"},\"image\":{\"@id\":\"https:\/\/progettotouring.it\/radiotouring104\/#\/schema\/logo\/image\/\"}},{\"@type\":\"Person\",\"@id\":\"https:\/\/progettotouring.it\/radiotouring104\/#\/schema\/person\/78613917f1851f041f7483f5af1d422e\",\"name\":\"Sebastiano Plutino\",\"image\":{\"@type\":\"ImageObject\",\"inLanguage\":\"it-IT\",\"@id\":\"https:\/\/secure.gravatar.com\/avatar\/0546ffaa9b79224faf9f2a156b67a529ae861d3287c66c1d8ccfdf909bcba78d?s=96&d=mm&r=g\",\"url\":\"https:\/\/secure.gravatar.com\/avatar\/0546ffaa9b79224faf9f2a156b67a529ae861d3287c66c1d8ccfdf909bcba78d?s=96&d=mm&r=g\",\"contentUrl\":\"https:\/\/secure.gravatar.com\/avatar\/0546ffaa9b79224faf9f2a156b67a529ae861d3287c66c1d8ccfdf909bcba78d?s=96&d=mm&r=g\",\"caption\":\"Sebastiano Plutino\"},\"url\":\"https:\/\/progettotouring.it\/radiotouring104\/author\/sebastiano\/\"}]}<\/script>\n<!-- \/ Yoast SEO plugin. -->","yoast_head_json":{"title":"Reggio, \"La Svolta\": \"Sar\u00e0 un natale memorabile\"","description":"\"Polemiche stanno a zero. Citt\u00e0 si prepari ad una festa che sar\u00e0 occasione di sviluppo per il territorio\", scrivono i consiglieri del gruppo","robots":{"index":"index","follow":"follow","max-snippet":"max-snippet:-1","max-image-preview":"max-image-preview:large","max-video-preview":"max-video-preview:-1"},"canonical":"https:\/\/progettotouring.it\/radiotouring104\/2024\/11\/04\/reggio-la-svolta-sara-un-natale-memorabile-come-la-scorsa-estate\/","og_locale":"it_IT","og_type":"article","og_title":"Reggio, \"La Svolta\": \"Sar\u00e0 un natale memorabile\"","og_description":"\"Polemiche stanno a zero. Citt\u00e0 si prepari ad una festa che sar\u00e0 occasione di sviluppo per il territorio\", scrivono i consiglieri del gruppo","og_url":"https:\/\/progettotouring.it\/radiotouring104\/2024\/11\/04\/reggio-la-svolta-sara-un-natale-memorabile-come-la-scorsa-estate\/","og_site_name":"Radio Touring 104","article_published_time":"2024-11-04T08:49:03+00:00","og_image":[{"width":1920,"height":1080,"url":"https:\/\/progettotouring.it\/radiotouring104\/wp-content\/uploads\/sites\/6\/2022\/05\/san-giorgio-comune.jpg","type":"image\/jpeg"}],"author":"Sebastiano Plutino","twitter_card":"summary_large_image","twitter_misc":{"Scritto da":"Sebastiano Plutino","Tempo di lettura stimato":"2 minuti"},"schema":{"@context":"https:\/\/schema.org","@graph":[{"@type":"Article","@id":"https:\/\/progettotouring.it\/radiotouring104\/2024\/11\/04\/reggio-la-svolta-sara-un-natale-memorabile-come-la-scorsa-estate\/#article","isPartOf":{"@id":"https:\/\/progettotouring.it\/radiotouring104\/2024\/11\/04\/reggio-la-svolta-sara-un-natale-memorabile-come-la-scorsa-estate\/"},"author":{"name":"Sebastiano Plutino","@id":"https:\/\/progettotouring.it\/radiotouring104\/#\/schema\/person\/78613917f1851f041f7483f5af1d422e"},"headline":"Reggio, &#8220;La Svolta&#8221;: &#8220;Sar\u00e0 un natale memorabile, come la scorsa estate&#8221;","datePublished":"2024-11-04T08:49:03+00:00","mainEntityOfPage":{"@id":"https:\/\/progettotouring.it\/radiotouring104\/2024\/11\/04\/reggio-la-svolta-sara-un-natale-memorabile-come-la-scorsa-estate\/"},"wordCount":470,"publisher":{"@id":"https:\/\/progettotouring.it\/radiotouring104\/#organization"},"image":{"@id":"https:\/\/progettotouring.it\/radiotouring104\/2024\/11\/04\/reggio-la-svolta-sara-un-natale-memorabile-come-la-scorsa-estate\/#primaryimage"},"thumbnailUrl":"https:\/\/progettotouring.it\/radiotouring104\/wp-content\/uploads\/sites\/6\/2022\/05\/san-giorgio-comune.jpg","keywords":[": sar\u00e0 un natale memorabile","Comune di Reggio","La Svolta","Natale 2024"],"articleSection":["Home","News","Reggio Calabria"],"inLanguage":"it-IT"},{"@type":"WebPage","@id":"https:\/\/progettotouring.it\/radiotouring104\/2024\/11\/04\/reggio-la-svolta-sara-un-natale-memorabile-come-la-scorsa-estate\/","url":"https:\/\/progettotouring.it\/radiotouring104\/2024\/11\/04\/reggio-la-svolta-sara-un-natale-memorabile-come-la-scorsa-estate\/","name":"Reggio, \"La Svolta\": \"Sar\u00e0 un natale memorabile\"","isPartOf":{"@id":"https:\/\/progettotouring.it\/radiotouring104\/#website"},"primaryImageOfPage":{"@id":"https:\/\/progettotouring.it\/radiotouring104\/2024\/11\/04\/reggio-la-svolta-sara-un-natale-memorabile-come-la-scorsa-estate\/#primaryimage"},"image":{"@id":"https:\/\/progettotouring.it\/radiotouring104\/2024\/11\/04\/reggio-la-svolta-sara-un-natale-memorabile-come-la-scorsa-estate\/#primaryimage"},"thumbnailUrl":"https:\/\/progettotouring.it\/radiotouring104\/wp-content\/uploads\/sites\/6\/2022\/05\/san-giorgio-comune.jpg","datePublished":"2024-11-04T08:49:03+00:00","description":"\"Polemiche stanno a zero. Citt\u00e0 si prepari ad una festa che sar\u00e0 occasione di sviluppo per il territorio\", scrivono i consiglieri del gruppo","breadcrumb":{"@id":"https:\/\/progettotouring.it\/radiotouring104\/2024\/11\/04\/reggio-la-svolta-sara-un-natale-memorabile-come-la-scorsa-estate\/#breadcrumb"},"inLanguage":"it-IT","potentialAction":[{"@type":"ReadAction","target":["https:\/\/progettotouring.it\/radiotouring104\/2024\/11\/04\/reggio-la-svolta-sara-un-natale-memorabile-come-la-scorsa-estate\/"]}]},{"@type":"ImageObject","inLanguage":"it-IT","@id":"https:\/\/progettotouring.it\/radiotouring104\/2024\/11\/04\/reggio-la-svolta-sara-un-natale-memorabile-come-la-scorsa-estate\/#primaryimage","url":"https:\/\/progettotouring.it\/radiotouring104\/wp-content\/uploads\/sites\/6\/2022\/05\/san-giorgio-comune.jpg","contentUrl":"https:\/\/progettotouring.it\/radiotouring104\/wp-content\/uploads\/sites\/6\/2022\/05\/san-giorgio-comune.jpg","width":1920,"height":1080},{"@type":"BreadcrumbList","@id":"https:\/\/progettotouring.it\/radiotouring104\/2024\/11\/04\/reggio-la-svolta-sara-un-natale-memorabile-come-la-scorsa-estate\/#breadcrumb","itemListElement":[{"@type":"ListItem","position":1,"name":"Home","item":"https:\/\/progettotouring.it\/radiotouring104\/"},{"@type":"ListItem","position":2,"name":"Reggio, &#8220;La Svolta&#8221;: &#8220;Sar\u00e0 un natale memorabile, come la scorsa estate&#8221;"}]},{"@type":"WebSite","@id":"https:\/\/progettotouring.it\/radiotouring104\/#website","url":"https:\/\/progettotouring.it\/radiotouring104\/","name":"Radio Touring 104","description":"La prima radio Reggina","publisher":{"@id":"https:\/\/progettotouring.it\/radiotouring104\/#organization"},"potentialAction":[{"@type":"SearchAction","target":{"@type":"EntryPoint","urlTemplate":"https:\/\/progettotouring.it\/radiotouring104\/?s={search_term_string}"},"query-input":{"@type":"PropertyValueSpecification","valueRequired":true,"valueName":"search_term_string"}}],"inLanguage":"it-IT"},{"@type":"Organization","@id":"https:\/\/progettotouring.it\/radiotouring104\/#organization","name":"Radio Touring 104","url":"https:\/\/progettotouring.it\/radiotouring104\/","logo":{"@type":"ImageObject","inLanguage":"it-IT","@id":"https:\/\/progettotouring.it\/radiotouring104\/#\/schema\/logo\/image\/","url":"https:\/\/progettotouring.it\/radiotouring104\/wp-content\/uploads\/sites\/6\/2022\/02\/cropped-logo-radio-touring-104.png","contentUrl":"https:\/\/progettotouring.it\/radiotouring104\/wp-content\/uploads\/sites\/6\/2022\/02\/cropped-logo-radio-touring-104.png","width":377,"height":182,"caption":"Radio Touring 104"},"image":{"@id":"https:\/\/progettotouring.it\/radiotouring104\/#\/schema\/logo\/image\/"}},{"@type":"Person","@id":"https:\/\/progettotouring.it\/radiotouring104\/#\/schema\/person\/78613917f1851f041f7483f5af1d422e","name":"Sebastiano Plutino","image":{"@type":"ImageObject","inLanguage":"it-IT","@id":"https:\/\/secure.gravatar.com\/avatar\/0546ffaa9b79224faf9f2a156b67a529ae861d3287c66c1d8ccfdf909bcba78d?s=96&d=mm&r=g","url":"https:\/\/secure.gravatar.com\/avatar\/0546ffaa9b79224faf9f2a156b67a529ae861d3287c66c1d8ccfdf909bcba78d?s=96&d=mm&r=g","contentUrl":"https:\/\/secure.gravatar.com\/avatar\/0546ffaa9b79224faf9f2a156b67a529ae861d3287c66c1d8ccfdf909bcba78d?s=96&d=mm&r=g","caption":"Sebastiano Plutino"},"url":"https:\/\/progettotouring.it\/radiotouring104\/author\/sebastiano\/"}]}},"jetpack_publicize_connections":[],"jetpack_featured_media_url":"https:\/\/progettotouring.it\/radiotouring104\/wp-content\/uploads\/sites\/6\/2022\/05\/san-giorgio-comune.jpg","jetpack_sharing_enabled":true,"_links":{"self":[{"href":"https:\/\/progettotouring.it\/radiotouring104\/wp-json\/wp\/v2\/posts\/60786","targetHints":{"allow":["GET"]}}],"collection":[{"href":"https:\/\/progettotouring.it\/radiotouring104\/wp-json\/wp\/v2\/posts"}],"about":[{"href":"https:\/\/progettotouring.it\/radiotouring104\/wp-json\/wp\/v2\/types\/post"}],"author":[{"embeddable":true,"href":"https:\/\/progettotouring.it\/radiotouring104\/wp-json\/wp\/v2\/users\/12"}],"replies":[{"embeddable":true,"href":"https:\/\/progettotouring.it\/radiotouring104\/wp-json\/wp\/v2\/comments?post=60786"}],"version-history":[{"count":1,"href":"https:\/\/progettotouring.it\/radiotouring104\/wp-json\/wp\/v2\/posts\/60786\/revisions"}],"predecessor-version":[{"id":60787,"href":"https:\/\/progettotouring.it\/radiotouring104\/wp-json\/wp\/v2\/posts\/60786\/revisions\/60787"}],"wp:featuredmedia":[{"embeddable":true,"href":"https:\/\/progettotouring.it\/radiotouring104\/wp-json\/wp\/v2\/media\/5666"}],"wp:attachment":[{"href":"https:\/\/progettotouring.it\/radiotouring104\/wp-json\/wp\/v2\/media?parent=60786"}],"wp:term":[{"taxonomy":"category","embeddable":true,"href":"https:\/\/progettotouring.it\/radiotouring104\/wp-json\/wp\/v2\/categories?post=60786"},{"taxonomy":"post_tag","embeddable":true,"href":"https:\/\/progettotouring.it\/radiotouring104\/wp-json\/wp\/v2\/tags?post=60786"}],"curies":[{"name":"wp","href":"https:\/\/api.w.org\/{rel}","templated":true}]}}