{"id":6097,"date":"2022-06-01T10:58:28","date_gmt":"2022-06-01T08:58:28","guid":{"rendered":"https:\/\/progettotouring.it\/radiotouring104\/?p=6097"},"modified":"2022-06-01T14:39:36","modified_gmt":"2022-06-01T12:39:36","slug":"notte-bianca-della-pace-e-della-legalita-una-serata-di-eventi-e-di-istruzione-per-la-5f-del-liceo-campanella","status":"publish","type":"post","link":"https:\/\/progettotouring.it\/radiotouring104\/2022\/06\/01\/notte-bianca-della-pace-e-della-legalita-una-serata-di-eventi-e-di-istruzione-per-la-5f-del-liceo-campanella\/","title":{"rendered":"Notte Bianca della Pace e della Legalit\u00e0: una serata di eventi e di istruzione per la 5F del Liceo Campanella"},"content":{"rendered":"<p style=\"text-align: justify\">Sabato 28 maggio a Roma, presso la Corte Suprema di Cassazione, a Piazza Cavour, si \u00e8 svolta la Notte Bianca della Pace e della Legalit\u00e0. Una serata di eventi, spettacoli, laboratori dedicati all\u2019educazione di studentesse e studenti sui temi della giustizia, del diritto, del rispetto delle regole, coerentemente con gli obiettivi previsti dal PNRR e contemplati dalla Carta d\u2019intenti e dal Protocollo d\u2019intesa sottoscritti dal Ministero dell\u2019Istruzione e dall\u2019Associazione Nazionale Magistrati (ANM).<\/p>\n<p style=\"text-align: justify\">Nel corso della manifestazione organizzata in collaborazione con la Corte Suprema di Cassazione, alle ore 20.00, la Consulta dei ragazzi dell\u2019ANM ha premiato le scuole vincitrici del progetto\u00a0<strong>\u201cLEX GO\u201d &#8211; Educare e formare alla legalita\u0300 e ai valori della giustizia, tra cui la classe 5^F del Liceo Campanella, aggiudicatasi il primo premio del concorso\u00a0<\/strong>nella sezione-\u00a0<strong>K.I.S.S. (<\/strong><em><strong>Keep It Short and Simple<\/strong><\/em><strong>)<\/strong>\u00a0con la realizzazione di un video-racconto dal titolo\u00a0<em><strong>\u201cFerita<\/strong><\/em><strong>\u00a0<\/strong><em><strong>dalle tue ferite<\/strong>\u201d.<\/em><\/p>\n<p style=\"text-align: justify\">\u00a0\u201cInvito a Corte 2022\u201d \u00e8 stato l\u2019evento organizzato da\u00a0<strong>Anm<\/strong>,\u00a0<strong>Cassazione<\/strong>,\u00a0<strong>Ministeri della Giustizia e dell\u2019Istruzione<\/strong>\u00a0e ha visto la partecipazione di numerosi studenti e ospiti.\u00a0Una serata all\u2019insegna di spettacoli, musica ma anche laboratori all\u2019interno dei quali i ragazzi sono stati coinvolti in dibattiti sulla pace e sul senso della giustizia. Alle ore 15.00 si \u00e8 svolta la cerimonia in ricordo dei giudici Falcone e Borsellino. Dopo la lettura dei saluti da parte del Presidente Mattarella e del Ministro Cartabia sono intervenuti Pietro Curzio, Primo Presidente di Cassazione, Giovanni Salvi, Procuratore Generale di Cassazione, Claudia Botti delegata del Miur. Molte le celebrit\u00e0 che hanno voluto portare il proprio contributo da Achille Lauro in video a Beppe Fiorello che in una celebre fiction Rai interpret\u00f2 il giudice Borsellino, da Noemi, Stefano Fresi e Mariagrazia Cucinotta a Rudy Zerbi, Fasma e Luigi, vincitore di Amici.<\/p>\n<p style=\"text-align: justify\">Alle 16.30, nell\u2019Aula Magna della Corte, i ragazzi della 5^F, accompagnati dalla prof.ssa Giovanna Pellican\u00f2, hanno partecipato al laboratorio\u00a0<strong>\u201cGiuro di dire la verit\u00e0\u201d<\/strong>\u00a0alla presenza di Antonio Balsamo, Presidente del Tribunale di Palermo. Alle ore 18.00\u00a0per il momento di riflessione sulla pace e sull\u2019importanza della giustizia sono intervenuti Marco Impagliazzo, Presidente della Comunit\u00e0 di Sant\u2019Egidio e Franco Ippolito, Presidente Fondazione Basso.<\/p>\n<p style=\"text-align: justify\">Durante la cerimonia di premiazione la prof.ssa Pellican\u00f2 ha ringraziato la Dirigente Maria Rosaria Rao che ha creduto fortemente nella valenza formativa del progetto LEX GO e ha evidenziato l\u2019entusiasmo con cui la 5^F ha preso parte agli incontri tenutisi a scuola con i magistrati Caterina Asciutto e Roberto Di Palma, concludendo con questa meritata vittoria il loro percorso di studi ad indirizzo economico-giuridico al Liceo Campanella.<\/p>\n<p>&nbsp;<\/p>\n","protected":false},"excerpt":{"rendered":"<p>Sabato 28 maggio a Roma, presso la Corte Suprema di Cassazione, a Piazza Cavour, si \u00e8 svolta la Notte Bianca della Pace e della Legalit\u00e0. Una serata di eventi, spettacoli,&hellip;<\/p>\n","protected":false},"author":5,"featured_media":6108,"comment_status":"open","ping_status":"open","sticky":false,"template":"","format":"standard","meta":{"_jetpack_memberships_contains_paid_content":false,"footnotes":"","jetpack_publicize_message":"","jetpack_publicize_feature_enabled":true,"jetpack_social_post_already_shared":false,"jetpack_social_options":{"image_generator_settings":{"template":"highway","default_image_id":0,"font":"","enabled":false},"version":2}},"categories":[921,196],"tags":[2298,2296,1105,2295,2297],"class_list":["post-6097","post","type-post","status-publish","format-standard","has-post-thumbnail","hentry","category-home","category-news","tag-fasma","tag-marco-impagliazzo","tag-maria-rosaria-rao","tag-notte-bianca-della-pace-e-della-legalita","tag-rudy-zerbi"],"yoast_head":"<!-- This site is optimized with the Yoast SEO plugin v27.2 - https:\/\/yoast.com\/product\/yoast-seo-wordpress\/ -->\n<title>Al 5F del Liceo Campanella \u00e8 stata alla Notte Bianca della Pace e della Legalit\u00e0<\/title>\n<meta name=\"description\" content=\"La 5F del Liceo Campanella \u00e8 andato a Roma alla Corte Suprema di Cassazione dove si \u00e8 svolta la Notte Bianca della Pace e della Legalit\u00e0\" \/>\n<meta name=\"robots\" content=\"index, follow, max-snippet:-1, max-image-preview:large, max-video-preview:-1\" \/>\n<link rel=\"canonical\" href=\"https:\/\/progettotouring.it\/radiotouring104\/2022\/06\/01\/notte-bianca-della-pace-e-della-legalita-una-serata-di-eventi-e-di-istruzione-per-la-5f-del-liceo-campanella\/\" \/>\n<meta property=\"og:locale\" content=\"it_IT\" \/>\n<meta property=\"og:type\" content=\"article\" \/>\n<meta property=\"og:title\" content=\"Al 5F del Liceo Campanella \u00e8 stata alla Notte Bianca della Pace e della Legalit\u00e0\" \/>\n<meta property=\"og:description\" content=\"La 5F del Liceo Campanella \u00e8 andato a Roma alla Corte Suprema di Cassazione dove si \u00e8 svolta la Notte Bianca della Pace e della Legalit\u00e0\" \/>\n<meta property=\"og:url\" content=\"https:\/\/progettotouring.it\/radiotouring104\/2022\/06\/01\/notte-bianca-della-pace-e-della-legalita-una-serata-di-eventi-e-di-istruzione-per-la-5f-del-liceo-campanella\/\" \/>\n<meta property=\"og:site_name\" content=\"Radio Touring 104\" \/>\n<meta property=\"article:published_time\" content=\"2022-06-01T08:58:28+00:00\" \/>\n<meta property=\"article:modified_time\" content=\"2022-06-01T12:39:36+00:00\" \/>\n<meta property=\"og:image\" content=\"https:\/\/progettotouring.it\/radiotouring104\/wp-content\/uploads\/sites\/6\/2022\/06\/liceo-campanella.jpg\" \/>\n\t<meta property=\"og:image:width\" content=\"901\" \/>\n\t<meta property=\"og:image:height\" content=\"507\" \/>\n\t<meta property=\"og:image:type\" content=\"image\/jpeg\" \/>\n<meta name=\"author\" content=\"redazione\" \/>\n<meta name=\"twitter:card\" content=\"summary_large_image\" \/>\n<meta name=\"twitter:label1\" content=\"Scritto da\" \/>\n\t<meta name=\"twitter:data1\" content=\"redazione\" \/>\n\t<meta name=\"twitter:label2\" content=\"Tempo di lettura stimato\" \/>\n\t<meta name=\"twitter:data2\" content=\"2 minuti\" \/>\n<script type=\"application\/ld+json\" class=\"yoast-schema-graph\">{\"@context\":\"https:\/\/schema.org\",\"@graph\":[{\"@type\":\"Article\",\"@id\":\"https:\/\/progettotouring.it\/radiotouring104\/2022\/06\/01\/notte-bianca-della-pace-e-della-legalita-una-serata-di-eventi-e-di-istruzione-per-la-5f-del-liceo-campanella\/#article\",\"isPartOf\":{\"@id\":\"https:\/\/progettotouring.it\/radiotouring104\/2022\/06\/01\/notte-bianca-della-pace-e-della-legalita-una-serata-di-eventi-e-di-istruzione-per-la-5f-del-liceo-campanella\/\"},\"author\":{\"name\":\"redazione\",\"@id\":\"https:\/\/progettotouring.it\/radiotouring104\/#\/schema\/person\/1b3eb3c07c47136bc44c785c543e635f\"},\"headline\":\"Notte Bianca della Pace e della Legalit\u00e0: una serata di eventi e di istruzione per la 5F del Liceo Campanella\",\"datePublished\":\"2022-06-01T08:58:28+00:00\",\"dateModified\":\"2022-06-01T12:39:36+00:00\",\"mainEntityOfPage\":{\"@id\":\"https:\/\/progettotouring.it\/radiotouring104\/2022\/06\/01\/notte-bianca-della-pace-e-della-legalita-una-serata-di-eventi-e-di-istruzione-per-la-5f-del-liceo-campanella\/\"},\"wordCount\":452,\"commentCount\":0,\"publisher\":{\"@id\":\"https:\/\/progettotouring.it\/radiotouring104\/#organization\"},\"image\":{\"@id\":\"https:\/\/progettotouring.it\/radiotouring104\/2022\/06\/01\/notte-bianca-della-pace-e-della-legalita-una-serata-di-eventi-e-di-istruzione-per-la-5f-del-liceo-campanella\/#primaryimage\"},\"thumbnailUrl\":\"https:\/\/progettotouring.it\/radiotouring104\/wp-content\/uploads\/sites\/6\/2022\/06\/liceo-campanella.jpg\",\"keywords\":[\"Fasma\",\"Marco Impagliazzo\",\"Maria Rosaria Rao\",\"Notte Bianca della Pace e della Legalit\u00e0\",\"Rudy Zerbi\"],\"articleSection\":[\"Home\",\"News\"],\"inLanguage\":\"it-IT\",\"potentialAction\":[{\"@type\":\"CommentAction\",\"name\":\"Comment\",\"target\":[\"https:\/\/progettotouring.it\/radiotouring104\/2022\/06\/01\/notte-bianca-della-pace-e-della-legalita-una-serata-di-eventi-e-di-istruzione-per-la-5f-del-liceo-campanella\/#respond\"]}]},{\"@type\":\"WebPage\",\"@id\":\"https:\/\/progettotouring.it\/radiotouring104\/2022\/06\/01\/notte-bianca-della-pace-e-della-legalita-una-serata-di-eventi-e-di-istruzione-per-la-5f-del-liceo-campanella\/\",\"url\":\"https:\/\/progettotouring.it\/radiotouring104\/2022\/06\/01\/notte-bianca-della-pace-e-della-legalita-una-serata-di-eventi-e-di-istruzione-per-la-5f-del-liceo-campanella\/\",\"name\":\"Al 5F del Liceo Campanella \u00e8 stata alla Notte Bianca della Pace e della Legalit\u00e0\",\"isPartOf\":{\"@id\":\"https:\/\/progettotouring.it\/radiotouring104\/#website\"},\"primaryImageOfPage\":{\"@id\":\"https:\/\/progettotouring.it\/radiotouring104\/2022\/06\/01\/notte-bianca-della-pace-e-della-legalita-una-serata-di-eventi-e-di-istruzione-per-la-5f-del-liceo-campanella\/#primaryimage\"},\"image\":{\"@id\":\"https:\/\/progettotouring.it\/radiotouring104\/2022\/06\/01\/notte-bianca-della-pace-e-della-legalita-una-serata-di-eventi-e-di-istruzione-per-la-5f-del-liceo-campanella\/#primaryimage\"},\"thumbnailUrl\":\"https:\/\/progettotouring.it\/radiotouring104\/wp-content\/uploads\/sites\/6\/2022\/06\/liceo-campanella.jpg\",\"datePublished\":\"2022-06-01T08:58:28+00:00\",\"dateModified\":\"2022-06-01T12:39:36+00:00\",\"description\":\"La 5F del Liceo Campanella \u00e8 andato a Roma alla Corte Suprema di Cassazione dove si \u00e8 svolta la Notte Bianca della Pace e della Legalit\u00e0\",\"breadcrumb\":{\"@id\":\"https:\/\/progettotouring.it\/radiotouring104\/2022\/06\/01\/notte-bianca-della-pace-e-della-legalita-una-serata-di-eventi-e-di-istruzione-per-la-5f-del-liceo-campanella\/#breadcrumb\"},\"inLanguage\":\"it-IT\",\"potentialAction\":[{\"@type\":\"ReadAction\",\"target\":[\"https:\/\/progettotouring.it\/radiotouring104\/2022\/06\/01\/notte-bianca-della-pace-e-della-legalita-una-serata-di-eventi-e-di-istruzione-per-la-5f-del-liceo-campanella\/\"]}]},{\"@type\":\"ImageObject\",\"inLanguage\":\"it-IT\",\"@id\":\"https:\/\/progettotouring.it\/radiotouring104\/2022\/06\/01\/notte-bianca-della-pace-e-della-legalita-una-serata-di-eventi-e-di-istruzione-per-la-5f-del-liceo-campanella\/#primaryimage\",\"url\":\"https:\/\/progettotouring.it\/radiotouring104\/wp-content\/uploads\/sites\/6\/2022\/06\/liceo-campanella.jpg\",\"contentUrl\":\"https:\/\/progettotouring.it\/radiotouring104\/wp-content\/uploads\/sites\/6\/2022\/06\/liceo-campanella.jpg\",\"width\":901,\"height\":507},{\"@type\":\"BreadcrumbList\",\"@id\":\"https:\/\/progettotouring.it\/radiotouring104\/2022\/06\/01\/notte-bianca-della-pace-e-della-legalita-una-serata-di-eventi-e-di-istruzione-per-la-5f-del-liceo-campanella\/#breadcrumb\",\"itemListElement\":[{\"@type\":\"ListItem\",\"position\":1,\"name\":\"Home\",\"item\":\"https:\/\/progettotouring.it\/radiotouring104\/\"},{\"@type\":\"ListItem\",\"position\":2,\"name\":\"Notte Bianca della Pace e della Legalit\u00e0: una serata di eventi e di istruzione per la 5F del Liceo Campanella\"}]},{\"@type\":\"WebSite\",\"@id\":\"https:\/\/progettotouring.it\/radiotouring104\/#website\",\"url\":\"https:\/\/progettotouring.it\/radiotouring104\/\",\"name\":\"Radio Touring 104\",\"description\":\"La prima radio Reggina\",\"publisher\":{\"@id\":\"https:\/\/progettotouring.it\/radiotouring104\/#organization\"},\"potentialAction\":[{\"@type\":\"SearchAction\",\"target\":{\"@type\":\"EntryPoint\",\"urlTemplate\":\"https:\/\/progettotouring.it\/radiotouring104\/?s={search_term_string}\"},\"query-input\":{\"@type\":\"PropertyValueSpecification\",\"valueRequired\":true,\"valueName\":\"search_term_string\"}}],\"inLanguage\":\"it-IT\"},{\"@type\":\"Organization\",\"@id\":\"https:\/\/progettotouring.it\/radiotouring104\/#organization\",\"name\":\"Radio Touring 104\",\"url\":\"https:\/\/progettotouring.it\/radiotouring104\/\",\"logo\":{\"@type\":\"ImageObject\",\"inLanguage\":\"it-IT\",\"@id\":\"https:\/\/progettotouring.it\/radiotouring104\/#\/schema\/logo\/image\/\",\"url\":\"https:\/\/progettotouring.it\/radiotouring104\/wp-content\/uploads\/sites\/6\/2022\/02\/cropped-logo-radio-touring-104.png\",\"contentUrl\":\"https:\/\/progettotouring.it\/radiotouring104\/wp-content\/uploads\/sites\/6\/2022\/02\/cropped-logo-radio-touring-104.png\",\"width\":377,\"height\":182,\"caption\":\"Radio Touring 104\"},\"image\":{\"@id\":\"https:\/\/progettotouring.it\/radiotouring104\/#\/schema\/logo\/image\/\"}},{\"@type\":\"Person\",\"@id\":\"https:\/\/progettotouring.it\/radiotouring104\/#\/schema\/person\/1b3eb3c07c47136bc44c785c543e635f\",\"name\":\"redazione\",\"image\":{\"@type\":\"ImageObject\",\"inLanguage\":\"it-IT\",\"@id\":\"https:\/\/secure.gravatar.com\/avatar\/0b31605b49f100769e8b624b3e05de1b73e1692e9568a352f60f53fd072e6e11?s=96&d=mm&r=g\",\"url\":\"https:\/\/secure.gravatar.com\/avatar\/0b31605b49f100769e8b624b3e05de1b73e1692e9568a352f60f53fd072e6e11?s=96&d=mm&r=g\",\"contentUrl\":\"https:\/\/secure.gravatar.com\/avatar\/0b31605b49f100769e8b624b3e05de1b73e1692e9568a352f60f53fd072e6e11?s=96&d=mm&r=g\",\"caption\":\"redazione\"},\"url\":\"https:\/\/progettotouring.it\/radiotouring104\/author\/redazione\/\"}]}<\/script>\n<!-- \/ Yoast SEO plugin. -->","yoast_head_json":{"title":"Al 5F del Liceo Campanella \u00e8 stata alla Notte Bianca della Pace e della Legalit\u00e0","description":"La 5F del Liceo Campanella \u00e8 andato a Roma alla Corte Suprema di Cassazione dove si \u00e8 svolta la Notte Bianca della Pace e della Legalit\u00e0","robots":{"index":"index","follow":"follow","max-snippet":"max-snippet:-1","max-image-preview":"max-image-preview:large","max-video-preview":"max-video-preview:-1"},"canonical":"https:\/\/progettotouring.it\/radiotouring104\/2022\/06\/01\/notte-bianca-della-pace-e-della-legalita-una-serata-di-eventi-e-di-istruzione-per-la-5f-del-liceo-campanella\/","og_locale":"it_IT","og_type":"article","og_title":"Al 5F del Liceo Campanella \u00e8 stata alla Notte Bianca della Pace e della Legalit\u00e0","og_description":"La 5F del Liceo Campanella \u00e8 andato a Roma alla Corte Suprema di Cassazione dove si \u00e8 svolta la Notte Bianca della Pace e della Legalit\u00e0","og_url":"https:\/\/progettotouring.it\/radiotouring104\/2022\/06\/01\/notte-bianca-della-pace-e-della-legalita-una-serata-di-eventi-e-di-istruzione-per-la-5f-del-liceo-campanella\/","og_site_name":"Radio Touring 104","article_published_time":"2022-06-01T08:58:28+00:00","article_modified_time":"2022-06-01T12:39:36+00:00","og_image":[{"width":901,"height":507,"url":"https:\/\/progettotouring.it\/radiotouring104\/wp-content\/uploads\/sites\/6\/2022\/06\/liceo-campanella.jpg","type":"image\/jpeg"}],"author":"redazione","twitter_card":"summary_large_image","twitter_misc":{"Scritto da":"redazione","Tempo di lettura stimato":"2 minuti"},"schema":{"@context":"https:\/\/schema.org","@graph":[{"@type":"Article","@id":"https:\/\/progettotouring.it\/radiotouring104\/2022\/06\/01\/notte-bianca-della-pace-e-della-legalita-una-serata-di-eventi-e-di-istruzione-per-la-5f-del-liceo-campanella\/#article","isPartOf":{"@id":"https:\/\/progettotouring.it\/radiotouring104\/2022\/06\/01\/notte-bianca-della-pace-e-della-legalita-una-serata-di-eventi-e-di-istruzione-per-la-5f-del-liceo-campanella\/"},"author":{"name":"redazione","@id":"https:\/\/progettotouring.it\/radiotouring104\/#\/schema\/person\/1b3eb3c07c47136bc44c785c543e635f"},"headline":"Notte Bianca della Pace e della Legalit\u00e0: una serata di eventi e di istruzione per la 5F del Liceo Campanella","datePublished":"2022-06-01T08:58:28+00:00","dateModified":"2022-06-01T12:39:36+00:00","mainEntityOfPage":{"@id":"https:\/\/progettotouring.it\/radiotouring104\/2022\/06\/01\/notte-bianca-della-pace-e-della-legalita-una-serata-di-eventi-e-di-istruzione-per-la-5f-del-liceo-campanella\/"},"wordCount":452,"commentCount":0,"publisher":{"@id":"https:\/\/progettotouring.it\/radiotouring104\/#organization"},"image":{"@id":"https:\/\/progettotouring.it\/radiotouring104\/2022\/06\/01\/notte-bianca-della-pace-e-della-legalita-una-serata-di-eventi-e-di-istruzione-per-la-5f-del-liceo-campanella\/#primaryimage"},"thumbnailUrl":"https:\/\/progettotouring.it\/radiotouring104\/wp-content\/uploads\/sites\/6\/2022\/06\/liceo-campanella.jpg","keywords":["Fasma","Marco Impagliazzo","Maria Rosaria Rao","Notte Bianca della Pace e della Legalit\u00e0","Rudy Zerbi"],"articleSection":["Home","News"],"inLanguage":"it-IT","potentialAction":[{"@type":"CommentAction","name":"Comment","target":["https:\/\/progettotouring.it\/radiotouring104\/2022\/06\/01\/notte-bianca-della-pace-e-della-legalita-una-serata-di-eventi-e-di-istruzione-per-la-5f-del-liceo-campanella\/#respond"]}]},{"@type":"WebPage","@id":"https:\/\/progettotouring.it\/radiotouring104\/2022\/06\/01\/notte-bianca-della-pace-e-della-legalita-una-serata-di-eventi-e-di-istruzione-per-la-5f-del-liceo-campanella\/","url":"https:\/\/progettotouring.it\/radiotouring104\/2022\/06\/01\/notte-bianca-della-pace-e-della-legalita-una-serata-di-eventi-e-di-istruzione-per-la-5f-del-liceo-campanella\/","name":"Al 5F del Liceo Campanella \u00e8 stata alla Notte Bianca della Pace e della Legalit\u00e0","isPartOf":{"@id":"https:\/\/progettotouring.it\/radiotouring104\/#website"},"primaryImageOfPage":{"@id":"https:\/\/progettotouring.it\/radiotouring104\/2022\/06\/01\/notte-bianca-della-pace-e-della-legalita-una-serata-di-eventi-e-di-istruzione-per-la-5f-del-liceo-campanella\/#primaryimage"},"image":{"@id":"https:\/\/progettotouring.it\/radiotouring104\/2022\/06\/01\/notte-bianca-della-pace-e-della-legalita-una-serata-di-eventi-e-di-istruzione-per-la-5f-del-liceo-campanella\/#primaryimage"},"thumbnailUrl":"https:\/\/progettotouring.it\/radiotouring104\/wp-content\/uploads\/sites\/6\/2022\/06\/liceo-campanella.jpg","datePublished":"2022-06-01T08:58:28+00:00","dateModified":"2022-06-01T12:39:36+00:00","description":"La 5F del Liceo Campanella \u00e8 andato a Roma alla Corte Suprema di Cassazione dove si \u00e8 svolta la Notte Bianca della Pace e della Legalit\u00e0","breadcrumb":{"@id":"https:\/\/progettotouring.it\/radiotouring104\/2022\/06\/01\/notte-bianca-della-pace-e-della-legalita-una-serata-di-eventi-e-di-istruzione-per-la-5f-del-liceo-campanella\/#breadcrumb"},"inLanguage":"it-IT","potentialAction":[{"@type":"ReadAction","target":["https:\/\/progettotouring.it\/radiotouring104\/2022\/06\/01\/notte-bianca-della-pace-e-della-legalita-una-serata-di-eventi-e-di-istruzione-per-la-5f-del-liceo-campanella\/"]}]},{"@type":"ImageObject","inLanguage":"it-IT","@id":"https:\/\/progettotouring.it\/radiotouring104\/2022\/06\/01\/notte-bianca-della-pace-e-della-legalita-una-serata-di-eventi-e-di-istruzione-per-la-5f-del-liceo-campanella\/#primaryimage","url":"https:\/\/progettotouring.it\/radiotouring104\/wp-content\/uploads\/sites\/6\/2022\/06\/liceo-campanella.jpg","contentUrl":"https:\/\/progettotouring.it\/radiotouring104\/wp-content\/uploads\/sites\/6\/2022\/06\/liceo-campanella.jpg","width":901,"height":507},{"@type":"BreadcrumbList","@id":"https:\/\/progettotouring.it\/radiotouring104\/2022\/06\/01\/notte-bianca-della-pace-e-della-legalita-una-serata-di-eventi-e-di-istruzione-per-la-5f-del-liceo-campanella\/#breadcrumb","itemListElement":[{"@type":"ListItem","position":1,"name":"Home","item":"https:\/\/progettotouring.it\/radiotouring104\/"},{"@type":"ListItem","position":2,"name":"Notte Bianca della Pace e della Legalit\u00e0: una serata di eventi e di istruzione per la 5F del Liceo Campanella"}]},{"@type":"WebSite","@id":"https:\/\/progettotouring.it\/radiotouring104\/#website","url":"https:\/\/progettotouring.it\/radiotouring104\/","name":"Radio Touring 104","description":"La prima radio Reggina","publisher":{"@id":"https:\/\/progettotouring.it\/radiotouring104\/#organization"},"potentialAction":[{"@type":"SearchAction","target":{"@type":"EntryPoint","urlTemplate":"https:\/\/progettotouring.it\/radiotouring104\/?s={search_term_string}"},"query-input":{"@type":"PropertyValueSpecification","valueRequired":true,"valueName":"search_term_string"}}],"inLanguage":"it-IT"},{"@type":"Organization","@id":"https:\/\/progettotouring.it\/radiotouring104\/#organization","name":"Radio Touring 104","url":"https:\/\/progettotouring.it\/radiotouring104\/","logo":{"@type":"ImageObject","inLanguage":"it-IT","@id":"https:\/\/progettotouring.it\/radiotouring104\/#\/schema\/logo\/image\/","url":"https:\/\/progettotouring.it\/radiotouring104\/wp-content\/uploads\/sites\/6\/2022\/02\/cropped-logo-radio-touring-104.png","contentUrl":"https:\/\/progettotouring.it\/radiotouring104\/wp-content\/uploads\/sites\/6\/2022\/02\/cropped-logo-radio-touring-104.png","width":377,"height":182,"caption":"Radio Touring 104"},"image":{"@id":"https:\/\/progettotouring.it\/radiotouring104\/#\/schema\/logo\/image\/"}},{"@type":"Person","@id":"https:\/\/progettotouring.it\/radiotouring104\/#\/schema\/person\/1b3eb3c07c47136bc44c785c543e635f","name":"redazione","image":{"@type":"ImageObject","inLanguage":"it-IT","@id":"https:\/\/secure.gravatar.com\/avatar\/0b31605b49f100769e8b624b3e05de1b73e1692e9568a352f60f53fd072e6e11?s=96&d=mm&r=g","url":"https:\/\/secure.gravatar.com\/avatar\/0b31605b49f100769e8b624b3e05de1b73e1692e9568a352f60f53fd072e6e11?s=96&d=mm&r=g","contentUrl":"https:\/\/secure.gravatar.com\/avatar\/0b31605b49f100769e8b624b3e05de1b73e1692e9568a352f60f53fd072e6e11?s=96&d=mm&r=g","caption":"redazione"},"url":"https:\/\/progettotouring.it\/radiotouring104\/author\/redazione\/"}]}},"jetpack_publicize_connections":[],"jetpack_featured_media_url":"https:\/\/progettotouring.it\/radiotouring104\/wp-content\/uploads\/sites\/6\/2022\/06\/liceo-campanella.jpg","jetpack_sharing_enabled":true,"_links":{"self":[{"href":"https:\/\/progettotouring.it\/radiotouring104\/wp-json\/wp\/v2\/posts\/6097","targetHints":{"allow":["GET"]}}],"collection":[{"href":"https:\/\/progettotouring.it\/radiotouring104\/wp-json\/wp\/v2\/posts"}],"about":[{"href":"https:\/\/progettotouring.it\/radiotouring104\/wp-json\/wp\/v2\/types\/post"}],"author":[{"embeddable":true,"href":"https:\/\/progettotouring.it\/radiotouring104\/wp-json\/wp\/v2\/users\/5"}],"replies":[{"embeddable":true,"href":"https:\/\/progettotouring.it\/radiotouring104\/wp-json\/wp\/v2\/comments?post=6097"}],"version-history":[{"count":2,"href":"https:\/\/progettotouring.it\/radiotouring104\/wp-json\/wp\/v2\/posts\/6097\/revisions"}],"predecessor-version":[{"id":6107,"href":"https:\/\/progettotouring.it\/radiotouring104\/wp-json\/wp\/v2\/posts\/6097\/revisions\/6107"}],"wp:featuredmedia":[{"embeddable":true,"href":"https:\/\/progettotouring.it\/radiotouring104\/wp-json\/wp\/v2\/media\/6108"}],"wp:attachment":[{"href":"https:\/\/progettotouring.it\/radiotouring104\/wp-json\/wp\/v2\/media?parent=6097"}],"wp:term":[{"taxonomy":"category","embeddable":true,"href":"https:\/\/progettotouring.it\/radiotouring104\/wp-json\/wp\/v2\/categories?post=6097"},{"taxonomy":"post_tag","embeddable":true,"href":"https:\/\/progettotouring.it\/radiotouring104\/wp-json\/wp\/v2\/tags?post=6097"}],"curies":[{"name":"wp","href":"https:\/\/api.w.org\/{rel}","templated":true}]}}