{"id":61078,"date":"2024-11-07T11:38:25","date_gmt":"2024-11-07T10:38:25","guid":{"rendered":"https:\/\/progettotouring.it\/radiotouring104\/?p=61078"},"modified":"2024-11-07T11:38:25","modified_gmt":"2024-11-07T10:38:25","slug":"reggio-100-anni-luce-inaugura-i-festeggiamenti-per-il-centenario-del-liceo-da-vinci","status":"publish","type":"post","link":"https:\/\/progettotouring.it\/radiotouring104\/2024\/11\/07\/reggio-100-anni-luce-inaugura-i-festeggiamenti-per-il-centenario-del-liceo-da-vinci\/","title":{"rendered":"Reggio: \u201c100 anni \u2026Luce\u201d inaugura i festeggiamenti per il Centenario del Liceo &#8220;Da Vinci&#8221;"},"content":{"rendered":"<p style=\"text-align: justify\"><strong>Mancano pochi giorni<\/strong> all\u2019avvio delle <strong>celebrazioni per il Centenario del Liceo Scientifico<\/strong> &#8220;<em>Leonardo da Vinci&#8221;.<\/em><\/p>\n<p style=\"text-align: justify\"><em>\u201cL\u2019iniziativa-<\/em> <strong>spiega la Dirigente Scolastica prof.ssa Antonella Borrello<\/strong><em><strong>-i<\/strong>ntende onorare la storia dell\u2019istituto e il contributo che la scuola ha dato, nel corso degli anni, all\u2019educazione, alla cultura e alla formazione di generazioni di studenti. L\u2019impegno \u00e8 quello di ospitare studiosi, ricercatori, ex docenti e studenti del Liceo, per testimoniare alle giovani generazioni l\u2019importanza di mantenere sempre alti gli interessi personali, professionali e lo studio\u201d.<\/em><\/p>\n<p style=\"text-align: justify\"><strong>Si partir\u00e0<\/strong> il prossimo mercoled\u00ec<strong> 13 novembre<\/strong>, giorno in cui, nel 1924 con Regio Decreto n. 2063, fu istituto il Liceo.<\/p>\n<p style=\"text-align: justify\"><em>\u201c100 anni\u2026 Luce!\u201d,<\/em> <strong>il titolo della prima iniziativa<\/strong> durante la quale, alla presenza della comunit\u00e0 scolastica e dell\u2019intera cittadinanza<strong>, saranno accese le luci sulla facciata principale<\/strong>, con il logo del Centenario.<\/p>\n<p style=\"text-align: justify\"><strong>L\u2019appuntamento \u00e8 all\u2019ingresso di via Aschenez, alle ore 17.30.<\/strong><\/p>\n<p style=\"text-align: justify\"><strong>L\u2019evento sar\u00e0 arricchito<\/strong> dalla partecipazione degli allievi del <strong>laboratorio teatrale, curato dai docenti Carmelo Cutrupi e Mila Lucisano<\/strong>, e del laboratorio musicale (coro scolastico \u201cBeFree\u201d e band) <strong>a cura della professoressa Lisa Fiore.<\/strong><\/p>\n<p style=\"text-align: justify\"><strong>Sabato 16 Novembre alle ore 9:30,<\/strong> invece, <strong>la cerimonia istituzionale<\/strong>, presso l\u2019Aula Magna <em>\u201cNicola Calipari<\/em>\u201d della sede centrale del Da Vinci, <strong>alla presenza delle autorit\u00e0 civili, militari e religiose.<\/strong> La <strong>mattinata prevedr\u00e0 la partecipazione degli ex Dirigenti Scolastici<\/strong> ed ex Docenti che testimonieranno il loro ricordo della scuola, condividendo con la comunit\u00e0 il valore della storia della prestigiosa istituzione e delle esperienze vissute al suo interno.<\/p>\n<p style=\"text-align: justify\"><strong>Ancora ingresso libero per la cittadinanza,<\/strong> invece, <strong>le iniziative di sabato 30 Novembre, <\/strong>a partire dalle ore 15:00.<\/p>\n<p style=\"text-align: justify\"><strong>Presso il Museo della Fisica<\/strong> (accesso da via Aschenez)<strong> dalle ore 15:00 alle ore 19:00 sar\u00e0 possibile effettuare<\/strong> l\u2019annullo personalizzato alla cartolina celebrativa realizzata per l\u2019occasione.<strong> A partire dalle ore 16.00, \u00a0sar\u00e0 possibile effettuare un tour dei laboratori con gli studenti del Liceo<\/strong>, quali guide di eccezione.<\/p>\n<p style=\"text-align: justify\"><em>\u201cUn mini anticipo del nostro open day<\/em>&#8211;<strong> conclude la Dirigente Borrello-<\/strong><em> per dare un\u2019occasione in pi\u00f9 ai cittadini, ma anche a chi volesse conoscere le opportunit\u00e0 della nostra scuola, di conoscere gli spazi e le attivit\u00e0 didattiche che si svolgono nel corso di tutto l\u2019anno scolastico.<\/em><\/p>\n<p style=\"text-align: justify\">\n","protected":false},"excerpt":{"rendered":"<p>Mancano pochi giorni all\u2019avvio delle celebrazioni per il Centenario del Liceo Scientifico &#8220;Leonardo da Vinci&#8221;. \u201cL\u2019iniziativa- spiega la Dirigente Scolastica prof.ssa Antonella Borrello-intende onorare la storia dell\u2019istituto e il contributo&hellip;<\/p>\n","protected":false},"author":12,"featured_media":61080,"comment_status":"closed","ping_status":"open","sticky":false,"template":"","format":"standard","meta":{"_jetpack_memberships_contains_paid_content":false,"footnotes":"","jetpack_publicize_message":"","jetpack_publicize_feature_enabled":true,"jetpack_social_post_already_shared":false,"jetpack_social_options":{"image_generator_settings":{"template":"highway","default_image_id":0,"font":"","enabled":false},"version":2}},"categories":[921,196,140],"tags":[14372,37268,36821,37265,28395,37269,37267,37266],"class_list":["post-61078","post","type-post","status-publish","format-standard","has-post-thumbnail","hentry","category-home","category-news","category-reggio-calabria","tag-antonella-borrello","tag-carmelo-cutrupi","tag-centenario","tag-cerimonia-ufficiale","tag-liceo-da-vinci","tag-lisa-fiore","tag-mila-lucisano","tag-presenza-istituzioni"],"yoast_head":"<!-- This site is optimized with the Yoast SEO plugin v27.2 - https:\/\/yoast.com\/product\/yoast-seo-wordpress\/ -->\n<title>Reggio: sabato inaugurazione del Cenenario del &quot;Da Vinci&quot;<\/title>\n<meta name=\"description\" content=\"La cerimonia \u201c100 anni \u2026Luce\u201d di inaugurazione si terr\u00e0 sabato 16 novembre, alla presenza delle istituzioni\" \/>\n<meta name=\"robots\" content=\"index, follow, max-snippet:-1, max-image-preview:large, max-video-preview:-1\" \/>\n<link rel=\"canonical\" href=\"https:\/\/progettotouring.it\/radiotouring104\/2024\/11\/07\/reggio-100-anni-luce-inaugura-i-festeggiamenti-per-il-centenario-del-liceo-da-vinci\/\" \/>\n<meta property=\"og:locale\" content=\"it_IT\" \/>\n<meta property=\"og:type\" content=\"article\" \/>\n<meta property=\"og:title\" content=\"Reggio: sabato inaugurazione del Cenenario del &quot;Da Vinci&quot;\" \/>\n<meta property=\"og:description\" content=\"La cerimonia \u201c100 anni \u2026Luce\u201d di inaugurazione si terr\u00e0 sabato 16 novembre, alla presenza delle istituzioni\" \/>\n<meta property=\"og:url\" content=\"https:\/\/progettotouring.it\/radiotouring104\/2024\/11\/07\/reggio-100-anni-luce-inaugura-i-festeggiamenti-per-il-centenario-del-liceo-da-vinci\/\" \/>\n<meta property=\"og:site_name\" content=\"Radio Touring 104\" \/>\n<meta property=\"article:published_time\" content=\"2024-11-07T10:38:25+00:00\" \/>\n<meta property=\"og:image\" content=\"https:\/\/progettotouring.it\/radiotouring104\/wp-content\/uploads\/sites\/6\/2024\/11\/Invito-100-anni-liceo-da-vinci.jpg\" \/>\n\t<meta property=\"og:image:width\" content=\"794\" \/>\n\t<meta property=\"og:image:height\" content=\"359\" \/>\n\t<meta property=\"og:image:type\" content=\"image\/jpeg\" \/>\n<meta name=\"author\" content=\"Sebastiano Plutino\" \/>\n<meta name=\"twitter:card\" content=\"summary_large_image\" \/>\n<meta name=\"twitter:label1\" content=\"Scritto da\" \/>\n\t<meta name=\"twitter:data1\" content=\"Sebastiano Plutino\" \/>\n\t<meta name=\"twitter:label2\" content=\"Tempo di lettura stimato\" \/>\n\t<meta name=\"twitter:data2\" content=\"2 minuti\" \/>\n<script type=\"application\/ld+json\" class=\"yoast-schema-graph\">{\"@context\":\"https:\/\/schema.org\",\"@graph\":[{\"@type\":\"Article\",\"@id\":\"https:\/\/progettotouring.it\/radiotouring104\/2024\/11\/07\/reggio-100-anni-luce-inaugura-i-festeggiamenti-per-il-centenario-del-liceo-da-vinci\/#article\",\"isPartOf\":{\"@id\":\"https:\/\/progettotouring.it\/radiotouring104\/2024\/11\/07\/reggio-100-anni-luce-inaugura-i-festeggiamenti-per-il-centenario-del-liceo-da-vinci\/\"},\"author\":{\"name\":\"Sebastiano Plutino\",\"@id\":\"https:\/\/progettotouring.it\/radiotouring104\/#\/schema\/person\/78613917f1851f041f7483f5af1d422e\"},\"headline\":\"Reggio: \u201c100 anni \u2026Luce\u201d inaugura i festeggiamenti per il Centenario del Liceo &#8220;Da Vinci&#8221;\",\"datePublished\":\"2024-11-07T10:38:25+00:00\",\"mainEntityOfPage\":{\"@id\":\"https:\/\/progettotouring.it\/radiotouring104\/2024\/11\/07\/reggio-100-anni-luce-inaugura-i-festeggiamenti-per-il-centenario-del-liceo-da-vinci\/\"},\"wordCount\":366,\"publisher\":{\"@id\":\"https:\/\/progettotouring.it\/radiotouring104\/#organization\"},\"image\":{\"@id\":\"https:\/\/progettotouring.it\/radiotouring104\/2024\/11\/07\/reggio-100-anni-luce-inaugura-i-festeggiamenti-per-il-centenario-del-liceo-da-vinci\/#primaryimage\"},\"thumbnailUrl\":\"https:\/\/progettotouring.it\/radiotouring104\/wp-content\/uploads\/sites\/6\/2024\/11\/Invito-100-anni-liceo-da-vinci.jpg\",\"keywords\":[\"Antonella Borrello\",\"Carmelo Cutrupi\",\"centenario\",\"cerimonia ufficiale\",\"Liceo \u201cDa Vinci\u201d\",\"Lisa Fiore.\",\"Mila Lucisano\",\"presenza istituzioni\"],\"articleSection\":[\"Home\",\"News\",\"Reggio Calabria\"],\"inLanguage\":\"it-IT\"},{\"@type\":\"WebPage\",\"@id\":\"https:\/\/progettotouring.it\/radiotouring104\/2024\/11\/07\/reggio-100-anni-luce-inaugura-i-festeggiamenti-per-il-centenario-del-liceo-da-vinci\/\",\"url\":\"https:\/\/progettotouring.it\/radiotouring104\/2024\/11\/07\/reggio-100-anni-luce-inaugura-i-festeggiamenti-per-il-centenario-del-liceo-da-vinci\/\",\"name\":\"Reggio: sabato inaugurazione del Cenenario del \\\"Da Vinci\\\"\",\"isPartOf\":{\"@id\":\"https:\/\/progettotouring.it\/radiotouring104\/#website\"},\"primaryImageOfPage\":{\"@id\":\"https:\/\/progettotouring.it\/radiotouring104\/2024\/11\/07\/reggio-100-anni-luce-inaugura-i-festeggiamenti-per-il-centenario-del-liceo-da-vinci\/#primaryimage\"},\"image\":{\"@id\":\"https:\/\/progettotouring.it\/radiotouring104\/2024\/11\/07\/reggio-100-anni-luce-inaugura-i-festeggiamenti-per-il-centenario-del-liceo-da-vinci\/#primaryimage\"},\"thumbnailUrl\":\"https:\/\/progettotouring.it\/radiotouring104\/wp-content\/uploads\/sites\/6\/2024\/11\/Invito-100-anni-liceo-da-vinci.jpg\",\"datePublished\":\"2024-11-07T10:38:25+00:00\",\"description\":\"La cerimonia \u201c100 anni \u2026Luce\u201d di inaugurazione si terr\u00e0 sabato 16 novembre, alla presenza delle istituzioni\",\"breadcrumb\":{\"@id\":\"https:\/\/progettotouring.it\/radiotouring104\/2024\/11\/07\/reggio-100-anni-luce-inaugura-i-festeggiamenti-per-il-centenario-del-liceo-da-vinci\/#breadcrumb\"},\"inLanguage\":\"it-IT\",\"potentialAction\":[{\"@type\":\"ReadAction\",\"target\":[\"https:\/\/progettotouring.it\/radiotouring104\/2024\/11\/07\/reggio-100-anni-luce-inaugura-i-festeggiamenti-per-il-centenario-del-liceo-da-vinci\/\"]}]},{\"@type\":\"ImageObject\",\"inLanguage\":\"it-IT\",\"@id\":\"https:\/\/progettotouring.it\/radiotouring104\/2024\/11\/07\/reggio-100-anni-luce-inaugura-i-festeggiamenti-per-il-centenario-del-liceo-da-vinci\/#primaryimage\",\"url\":\"https:\/\/progettotouring.it\/radiotouring104\/wp-content\/uploads\/sites\/6\/2024\/11\/Invito-100-anni-liceo-da-vinci.jpg\",\"contentUrl\":\"https:\/\/progettotouring.it\/radiotouring104\/wp-content\/uploads\/sites\/6\/2024\/11\/Invito-100-anni-liceo-da-vinci.jpg\",\"width\":794,\"height\":359},{\"@type\":\"BreadcrumbList\",\"@id\":\"https:\/\/progettotouring.it\/radiotouring104\/2024\/11\/07\/reggio-100-anni-luce-inaugura-i-festeggiamenti-per-il-centenario-del-liceo-da-vinci\/#breadcrumb\",\"itemListElement\":[{\"@type\":\"ListItem\",\"position\":1,\"name\":\"Home\",\"item\":\"https:\/\/progettotouring.it\/radiotouring104\/\"},{\"@type\":\"ListItem\",\"position\":2,\"name\":\"Reggio: \u201c100 anni \u2026Luce\u201d inaugura i festeggiamenti per il Centenario del Liceo &#8220;Da Vinci&#8221;\"}]},{\"@type\":\"WebSite\",\"@id\":\"https:\/\/progettotouring.it\/radiotouring104\/#website\",\"url\":\"https:\/\/progettotouring.it\/radiotouring104\/\",\"name\":\"Radio Touring 104\",\"description\":\"La prima radio Reggina\",\"publisher\":{\"@id\":\"https:\/\/progettotouring.it\/radiotouring104\/#organization\"},\"potentialAction\":[{\"@type\":\"SearchAction\",\"target\":{\"@type\":\"EntryPoint\",\"urlTemplate\":\"https:\/\/progettotouring.it\/radiotouring104\/?s={search_term_string}\"},\"query-input\":{\"@type\":\"PropertyValueSpecification\",\"valueRequired\":true,\"valueName\":\"search_term_string\"}}],\"inLanguage\":\"it-IT\"},{\"@type\":\"Organization\",\"@id\":\"https:\/\/progettotouring.it\/radiotouring104\/#organization\",\"name\":\"Radio Touring 104\",\"url\":\"https:\/\/progettotouring.it\/radiotouring104\/\",\"logo\":{\"@type\":\"ImageObject\",\"inLanguage\":\"it-IT\",\"@id\":\"https:\/\/progettotouring.it\/radiotouring104\/#\/schema\/logo\/image\/\",\"url\":\"https:\/\/progettotouring.it\/radiotouring104\/wp-content\/uploads\/sites\/6\/2022\/02\/cropped-logo-radio-touring-104.png\",\"contentUrl\":\"https:\/\/progettotouring.it\/radiotouring104\/wp-content\/uploads\/sites\/6\/2022\/02\/cropped-logo-radio-touring-104.png\",\"width\":377,\"height\":182,\"caption\":\"Radio Touring 104\"},\"image\":{\"@id\":\"https:\/\/progettotouring.it\/radiotouring104\/#\/schema\/logo\/image\/\"}},{\"@type\":\"Person\",\"@id\":\"https:\/\/progettotouring.it\/radiotouring104\/#\/schema\/person\/78613917f1851f041f7483f5af1d422e\",\"name\":\"Sebastiano Plutino\",\"image\":{\"@type\":\"ImageObject\",\"inLanguage\":\"it-IT\",\"@id\":\"https:\/\/secure.gravatar.com\/avatar\/0546ffaa9b79224faf9f2a156b67a529ae861d3287c66c1d8ccfdf909bcba78d?s=96&d=mm&r=g\",\"url\":\"https:\/\/secure.gravatar.com\/avatar\/0546ffaa9b79224faf9f2a156b67a529ae861d3287c66c1d8ccfdf909bcba78d?s=96&d=mm&r=g\",\"contentUrl\":\"https:\/\/secure.gravatar.com\/avatar\/0546ffaa9b79224faf9f2a156b67a529ae861d3287c66c1d8ccfdf909bcba78d?s=96&d=mm&r=g\",\"caption\":\"Sebastiano Plutino\"},\"url\":\"https:\/\/progettotouring.it\/radiotouring104\/author\/sebastiano\/\"}]}<\/script>\n<!-- \/ Yoast SEO plugin. -->","yoast_head_json":{"title":"Reggio: sabato inaugurazione del Cenenario del \"Da Vinci\"","description":"La cerimonia \u201c100 anni \u2026Luce\u201d di inaugurazione si terr\u00e0 sabato 16 novembre, alla presenza delle istituzioni","robots":{"index":"index","follow":"follow","max-snippet":"max-snippet:-1","max-image-preview":"max-image-preview:large","max-video-preview":"max-video-preview:-1"},"canonical":"https:\/\/progettotouring.it\/radiotouring104\/2024\/11\/07\/reggio-100-anni-luce-inaugura-i-festeggiamenti-per-il-centenario-del-liceo-da-vinci\/","og_locale":"it_IT","og_type":"article","og_title":"Reggio: sabato inaugurazione del Cenenario del \"Da Vinci\"","og_description":"La cerimonia \u201c100 anni \u2026Luce\u201d di inaugurazione si terr\u00e0 sabato 16 novembre, alla presenza delle istituzioni","og_url":"https:\/\/progettotouring.it\/radiotouring104\/2024\/11\/07\/reggio-100-anni-luce-inaugura-i-festeggiamenti-per-il-centenario-del-liceo-da-vinci\/","og_site_name":"Radio Touring 104","article_published_time":"2024-11-07T10:38:25+00:00","og_image":[{"width":794,"height":359,"url":"https:\/\/progettotouring.it\/radiotouring104\/wp-content\/uploads\/sites\/6\/2024\/11\/Invito-100-anni-liceo-da-vinci.jpg","type":"image\/jpeg"}],"author":"Sebastiano Plutino","twitter_card":"summary_large_image","twitter_misc":{"Scritto da":"Sebastiano Plutino","Tempo di lettura stimato":"2 minuti"},"schema":{"@context":"https:\/\/schema.org","@graph":[{"@type":"Article","@id":"https:\/\/progettotouring.it\/radiotouring104\/2024\/11\/07\/reggio-100-anni-luce-inaugura-i-festeggiamenti-per-il-centenario-del-liceo-da-vinci\/#article","isPartOf":{"@id":"https:\/\/progettotouring.it\/radiotouring104\/2024\/11\/07\/reggio-100-anni-luce-inaugura-i-festeggiamenti-per-il-centenario-del-liceo-da-vinci\/"},"author":{"name":"Sebastiano Plutino","@id":"https:\/\/progettotouring.it\/radiotouring104\/#\/schema\/person\/78613917f1851f041f7483f5af1d422e"},"headline":"Reggio: \u201c100 anni \u2026Luce\u201d inaugura i festeggiamenti per il Centenario del Liceo &#8220;Da Vinci&#8221;","datePublished":"2024-11-07T10:38:25+00:00","mainEntityOfPage":{"@id":"https:\/\/progettotouring.it\/radiotouring104\/2024\/11\/07\/reggio-100-anni-luce-inaugura-i-festeggiamenti-per-il-centenario-del-liceo-da-vinci\/"},"wordCount":366,"publisher":{"@id":"https:\/\/progettotouring.it\/radiotouring104\/#organization"},"image":{"@id":"https:\/\/progettotouring.it\/radiotouring104\/2024\/11\/07\/reggio-100-anni-luce-inaugura-i-festeggiamenti-per-il-centenario-del-liceo-da-vinci\/#primaryimage"},"thumbnailUrl":"https:\/\/progettotouring.it\/radiotouring104\/wp-content\/uploads\/sites\/6\/2024\/11\/Invito-100-anni-liceo-da-vinci.jpg","keywords":["Antonella Borrello","Carmelo Cutrupi","centenario","cerimonia ufficiale","Liceo \u201cDa Vinci\u201d","Lisa Fiore.","Mila Lucisano","presenza istituzioni"],"articleSection":["Home","News","Reggio Calabria"],"inLanguage":"it-IT"},{"@type":"WebPage","@id":"https:\/\/progettotouring.it\/radiotouring104\/2024\/11\/07\/reggio-100-anni-luce-inaugura-i-festeggiamenti-per-il-centenario-del-liceo-da-vinci\/","url":"https:\/\/progettotouring.it\/radiotouring104\/2024\/11\/07\/reggio-100-anni-luce-inaugura-i-festeggiamenti-per-il-centenario-del-liceo-da-vinci\/","name":"Reggio: sabato inaugurazione del Cenenario del \"Da Vinci\"","isPartOf":{"@id":"https:\/\/progettotouring.it\/radiotouring104\/#website"},"primaryImageOfPage":{"@id":"https:\/\/progettotouring.it\/radiotouring104\/2024\/11\/07\/reggio-100-anni-luce-inaugura-i-festeggiamenti-per-il-centenario-del-liceo-da-vinci\/#primaryimage"},"image":{"@id":"https:\/\/progettotouring.it\/radiotouring104\/2024\/11\/07\/reggio-100-anni-luce-inaugura-i-festeggiamenti-per-il-centenario-del-liceo-da-vinci\/#primaryimage"},"thumbnailUrl":"https:\/\/progettotouring.it\/radiotouring104\/wp-content\/uploads\/sites\/6\/2024\/11\/Invito-100-anni-liceo-da-vinci.jpg","datePublished":"2024-11-07T10:38:25+00:00","description":"La cerimonia \u201c100 anni \u2026Luce\u201d di inaugurazione si terr\u00e0 sabato 16 novembre, alla presenza delle istituzioni","breadcrumb":{"@id":"https:\/\/progettotouring.it\/radiotouring104\/2024\/11\/07\/reggio-100-anni-luce-inaugura-i-festeggiamenti-per-il-centenario-del-liceo-da-vinci\/#breadcrumb"},"inLanguage":"it-IT","potentialAction":[{"@type":"ReadAction","target":["https:\/\/progettotouring.it\/radiotouring104\/2024\/11\/07\/reggio-100-anni-luce-inaugura-i-festeggiamenti-per-il-centenario-del-liceo-da-vinci\/"]}]},{"@type":"ImageObject","inLanguage":"it-IT","@id":"https:\/\/progettotouring.it\/radiotouring104\/2024\/11\/07\/reggio-100-anni-luce-inaugura-i-festeggiamenti-per-il-centenario-del-liceo-da-vinci\/#primaryimage","url":"https:\/\/progettotouring.it\/radiotouring104\/wp-content\/uploads\/sites\/6\/2024\/11\/Invito-100-anni-liceo-da-vinci.jpg","contentUrl":"https:\/\/progettotouring.it\/radiotouring104\/wp-content\/uploads\/sites\/6\/2024\/11\/Invito-100-anni-liceo-da-vinci.jpg","width":794,"height":359},{"@type":"BreadcrumbList","@id":"https:\/\/progettotouring.it\/radiotouring104\/2024\/11\/07\/reggio-100-anni-luce-inaugura-i-festeggiamenti-per-il-centenario-del-liceo-da-vinci\/#breadcrumb","itemListElement":[{"@type":"ListItem","position":1,"name":"Home","item":"https:\/\/progettotouring.it\/radiotouring104\/"},{"@type":"ListItem","position":2,"name":"Reggio: \u201c100 anni \u2026Luce\u201d inaugura i festeggiamenti per il Centenario del Liceo &#8220;Da Vinci&#8221;"}]},{"@type":"WebSite","@id":"https:\/\/progettotouring.it\/radiotouring104\/#website","url":"https:\/\/progettotouring.it\/radiotouring104\/","name":"Radio Touring 104","description":"La prima radio Reggina","publisher":{"@id":"https:\/\/progettotouring.it\/radiotouring104\/#organization"},"potentialAction":[{"@type":"SearchAction","target":{"@type":"EntryPoint","urlTemplate":"https:\/\/progettotouring.it\/radiotouring104\/?s={search_term_string}"},"query-input":{"@type":"PropertyValueSpecification","valueRequired":true,"valueName":"search_term_string"}}],"inLanguage":"it-IT"},{"@type":"Organization","@id":"https:\/\/progettotouring.it\/radiotouring104\/#organization","name":"Radio Touring 104","url":"https:\/\/progettotouring.it\/radiotouring104\/","logo":{"@type":"ImageObject","inLanguage":"it-IT","@id":"https:\/\/progettotouring.it\/radiotouring104\/#\/schema\/logo\/image\/","url":"https:\/\/progettotouring.it\/radiotouring104\/wp-content\/uploads\/sites\/6\/2022\/02\/cropped-logo-radio-touring-104.png","contentUrl":"https:\/\/progettotouring.it\/radiotouring104\/wp-content\/uploads\/sites\/6\/2022\/02\/cropped-logo-radio-touring-104.png","width":377,"height":182,"caption":"Radio Touring 104"},"image":{"@id":"https:\/\/progettotouring.it\/radiotouring104\/#\/schema\/logo\/image\/"}},{"@type":"Person","@id":"https:\/\/progettotouring.it\/radiotouring104\/#\/schema\/person\/78613917f1851f041f7483f5af1d422e","name":"Sebastiano Plutino","image":{"@type":"ImageObject","inLanguage":"it-IT","@id":"https:\/\/secure.gravatar.com\/avatar\/0546ffaa9b79224faf9f2a156b67a529ae861d3287c66c1d8ccfdf909bcba78d?s=96&d=mm&r=g","url":"https:\/\/secure.gravatar.com\/avatar\/0546ffaa9b79224faf9f2a156b67a529ae861d3287c66c1d8ccfdf909bcba78d?s=96&d=mm&r=g","contentUrl":"https:\/\/secure.gravatar.com\/avatar\/0546ffaa9b79224faf9f2a156b67a529ae861d3287c66c1d8ccfdf909bcba78d?s=96&d=mm&r=g","caption":"Sebastiano Plutino"},"url":"https:\/\/progettotouring.it\/radiotouring104\/author\/sebastiano\/"}]}},"jetpack_publicize_connections":[],"jetpack_featured_media_url":"https:\/\/progettotouring.it\/radiotouring104\/wp-content\/uploads\/sites\/6\/2024\/11\/Invito-100-anni-liceo-da-vinci.jpg","jetpack_sharing_enabled":true,"_links":{"self":[{"href":"https:\/\/progettotouring.it\/radiotouring104\/wp-json\/wp\/v2\/posts\/61078","targetHints":{"allow":["GET"]}}],"collection":[{"href":"https:\/\/progettotouring.it\/radiotouring104\/wp-json\/wp\/v2\/posts"}],"about":[{"href":"https:\/\/progettotouring.it\/radiotouring104\/wp-json\/wp\/v2\/types\/post"}],"author":[{"embeddable":true,"href":"https:\/\/progettotouring.it\/radiotouring104\/wp-json\/wp\/v2\/users\/12"}],"replies":[{"embeddable":true,"href":"https:\/\/progettotouring.it\/radiotouring104\/wp-json\/wp\/v2\/comments?post=61078"}],"version-history":[{"count":1,"href":"https:\/\/progettotouring.it\/radiotouring104\/wp-json\/wp\/v2\/posts\/61078\/revisions"}],"predecessor-version":[{"id":61081,"href":"https:\/\/progettotouring.it\/radiotouring104\/wp-json\/wp\/v2\/posts\/61078\/revisions\/61081"}],"wp:featuredmedia":[{"embeddable":true,"href":"https:\/\/progettotouring.it\/radiotouring104\/wp-json\/wp\/v2\/media\/61080"}],"wp:attachment":[{"href":"https:\/\/progettotouring.it\/radiotouring104\/wp-json\/wp\/v2\/media?parent=61078"}],"wp:term":[{"taxonomy":"category","embeddable":true,"href":"https:\/\/progettotouring.it\/radiotouring104\/wp-json\/wp\/v2\/categories?post=61078"},{"taxonomy":"post_tag","embeddable":true,"href":"https:\/\/progettotouring.it\/radiotouring104\/wp-json\/wp\/v2\/tags?post=61078"}],"curies":[{"name":"wp","href":"https:\/\/api.w.org\/{rel}","templated":true}]}}