{"id":61085,"date":"2024-11-07T12:00:35","date_gmt":"2024-11-07T11:00:35","guid":{"rendered":"https:\/\/progettotouring.it\/radiotouring104\/?p=61085"},"modified":"2024-11-07T12:00:35","modified_gmt":"2024-11-07T11:00:35","slug":"locri-grande-attesa-per-la-prima-edizione-del-san-martino-locrese","status":"publish","type":"post","link":"https:\/\/progettotouring.it\/radiotouring104\/2024\/11\/07\/locri-grande-attesa-per-la-prima-edizione-del-san-martino-locrese\/","title":{"rendered":"Locri: grande attesa per la prima edizione del San Martino Locrese"},"content":{"rendered":"<p style=\"text-align: justify\"><strong>Sar\u00e0 Piazza dei Martiri ha ospitare dal 9 all\u201911 novembre l\u2019attesa manifestazione<\/strong><em> &#8220;San Martino Locrese&#8221;<\/em>, che con la sua <strong>prima edizione<\/strong> promette di attirare visitatori da tutta la provincia. <strong>L\u2019evento \u00e8 organizzato da<\/strong> Anas Locri, Consulta Comunale Giovanile Locri e Giovani Locresi con il patrocinio del Comune di Locri e di Anas Regionale Calabria, e il contributo di GAL &#8220;Terre Locridee&#8221;.<\/p>\n<p style=\"text-align: justify\">Come \u00e8 noto l&#8217;11 novembre, in molti paesi italiani, si celebra in varie forme la Festa di San Martino<strong>. Questa ricorrenza unisce<\/strong> il lato cristiano alla vera e propria <strong>tradizione contadina<\/strong> legata all&#8217;<strong>apertura delle botti di vino novello<\/strong> e ai piaceri della buona tavola.<\/p>\n<p style=\"text-align: justify\">La Festa di San Martino \u00e8 una <strong>ricorrenza talmente sentita che perfino Giosu\u00e8 Carducci si ispir\u00f2 a questa data,<\/strong> che in molte zone era un giorno non lavorativo, per comporre una delle sue poesie pi\u00f9 celebri, San Martino appunto. Allora per una volta i giovani, veri promotori di questa iniziativa,\u00a0 potranno ripetere la poesia con piacere e <strong>sicuramente coglierne tutto il significato. <\/strong><em><strong>\u201c<\/strong>Per le vie del borgo\u2026 dal ribollir de\u2019 tini\u2026va l\u2019aspro odor de i vini\u2026 l\u2019anime a rallegrar\u201d.\u00a0\u00a0<\/em><\/p>\n<p style=\"text-align: justify\"><em>\u201cL\u2019obiettivo delle associazioni<\/em> \u2013<strong> ha commentato il consigliere comunale Marco Cutrona<\/strong> \u2013<em> \u00e8 proprio quello di rallegrare i cittadini e i visitatori, mettendo insieme la tradizione e\u00a0 la promozione delle nostre eccellenze enogastronomiche, con un occhio all\u2019intrattenimento dei bambini e alla musica popolare\u201d.<\/em><\/p>\n<p style=\"text-align: justify\">Un\u2019occasione per conoscere e gustare le migliori prelibatezze locali e per divertirsi con tutta la famiglia, grazie alle attivit\u00e0 dedicate anche ai pi\u00f9 piccoli.<strong> Oltre venti stand enogastronomici con zeppole,<\/strong> vino, caldarroste, panini con salsiccia, birra, cocktail e tanto altro. Immancabile l\u2019<strong>intrattenimento musicale<\/strong> che vedr\u00e0 la <strong>presenza del gruppo Gioia Popolare<\/strong>, dei<strong> locresi Nem e<\/strong> infine l\u201911 novembre sar\u00e0 di scena <strong>Giuseppe Sapone<\/strong>, per un finale con il botto<\/p>\n<p style=\"text-align: justify\">\n<p>&nbsp;<\/p>\n","protected":false},"excerpt":{"rendered":"<p>Sar\u00e0 Piazza dei Martiri ha ospitare dal 9 all\u201911 novembre l\u2019attesa manifestazione &#8220;San Martino Locrese&#8221;, che con la sua prima edizione promette di attirare visitatori da tutta la provincia. L\u2019evento&hellip;<\/p>\n","protected":false},"author":12,"featured_media":61086,"comment_status":"closed","ping_status":"open","sticky":false,"template":"","format":"standard","meta":{"_jetpack_memberships_contains_paid_content":false,"footnotes":"","jetpack_publicize_message":"","jetpack_publicize_feature_enabled":true,"jetpack_social_post_already_shared":false,"jetpack_social_options":{"image_generator_settings":{"template":"highway","default_image_id":0,"font":"","enabled":false},"version":2}},"categories":[921,196,140],"tags":[37278,37280,37279,31766,37277],"class_list":["post-61085","post","type-post","status-publish","format-standard","has-post-thumbnail","hentry","category-home","category-news","category-reggio-calabria","tag-anas-locri","tag-consigliere-comunale-marco-cutrona","tag-consulta-comunale-giovanile-locri","tag-prima-edizione","tag-san-martino-locrese"],"yoast_head":"<!-- This site is optimized with the Yoast SEO plugin v27.2 - https:\/\/yoast.com\/product\/yoast-seo-wordpress\/ -->\n<title>Locri: grande attesa per la prima edizione del San Martino Locrese<\/title>\n<meta name=\"description\" content=\"\u201cSinergia tra giovani, imprenditori ed amministrazione\u201d, dichiara il Consigliere Cutrona sull&#039;evento in programma dal 9 all&#039;11 novembre\" \/>\n<meta name=\"robots\" content=\"index, follow, max-snippet:-1, max-image-preview:large, max-video-preview:-1\" \/>\n<link rel=\"canonical\" href=\"https:\/\/progettotouring.it\/radiotouring104\/2024\/11\/07\/locri-grande-attesa-per-la-prima-edizione-del-san-martino-locrese\/\" \/>\n<meta property=\"og:locale\" content=\"it_IT\" \/>\n<meta property=\"og:type\" content=\"article\" \/>\n<meta property=\"og:title\" content=\"Locri: grande attesa per la prima edizione del San Martino Locrese\" \/>\n<meta property=\"og:description\" content=\"\u201cSinergia tra giovani, imprenditori ed amministrazione\u201d, dichiara il Consigliere Cutrona sull&#039;evento in programma dal 9 all&#039;11 novembre\" \/>\n<meta property=\"og:url\" content=\"https:\/\/progettotouring.it\/radiotouring104\/2024\/11\/07\/locri-grande-attesa-per-la-prima-edizione-del-san-martino-locrese\/\" \/>\n<meta property=\"og:site_name\" content=\"Radio Touring 104\" \/>\n<meta property=\"article:published_time\" content=\"2024-11-07T11:00:35+00:00\" \/>\n<meta property=\"og:image\" content=\"https:\/\/progettotouring.it\/radiotouring104\/wp-content\/uploads\/sites\/6\/2024\/11\/San-Martino-Locrese-programma.jpg\" \/>\n\t<meta property=\"og:image:width\" content=\"1080\" \/>\n\t<meta property=\"og:image:height\" content=\"1080\" \/>\n\t<meta property=\"og:image:type\" content=\"image\/jpeg\" \/>\n<meta name=\"author\" content=\"Sebastiano Plutino\" \/>\n<meta name=\"twitter:card\" content=\"summary_large_image\" \/>\n<meta name=\"twitter:label1\" content=\"Scritto da\" \/>\n\t<meta name=\"twitter:data1\" content=\"Sebastiano Plutino\" \/>\n\t<meta name=\"twitter:label2\" content=\"Tempo di lettura stimato\" \/>\n\t<meta name=\"twitter:data2\" content=\"1 minuto\" \/>\n<script type=\"application\/ld+json\" class=\"yoast-schema-graph\">{\"@context\":\"https:\/\/schema.org\",\"@graph\":[{\"@type\":\"Article\",\"@id\":\"https:\/\/progettotouring.it\/radiotouring104\/2024\/11\/07\/locri-grande-attesa-per-la-prima-edizione-del-san-martino-locrese\/#article\",\"isPartOf\":{\"@id\":\"https:\/\/progettotouring.it\/radiotouring104\/2024\/11\/07\/locri-grande-attesa-per-la-prima-edizione-del-san-martino-locrese\/\"},\"author\":{\"name\":\"Sebastiano Plutino\",\"@id\":\"https:\/\/progettotouring.it\/radiotouring104\/#\/schema\/person\/78613917f1851f041f7483f5af1d422e\"},\"headline\":\"Locri: grande attesa per la prima edizione del San Martino Locrese\",\"datePublished\":\"2024-11-07T11:00:35+00:00\",\"mainEntityOfPage\":{\"@id\":\"https:\/\/progettotouring.it\/radiotouring104\/2024\/11\/07\/locri-grande-attesa-per-la-prima-edizione-del-san-martino-locrese\/\"},\"wordCount\":310,\"publisher\":{\"@id\":\"https:\/\/progettotouring.it\/radiotouring104\/#organization\"},\"image\":{\"@id\":\"https:\/\/progettotouring.it\/radiotouring104\/2024\/11\/07\/locri-grande-attesa-per-la-prima-edizione-del-san-martino-locrese\/#primaryimage\"},\"thumbnailUrl\":\"https:\/\/progettotouring.it\/radiotouring104\/wp-content\/uploads\/sites\/6\/2024\/11\/San-Martino-Locrese-programma.jpg\",\"keywords\":[\"Anas Locri\",\"consigliere comunale Marco Cutrona\",\"Consulta Comunale Giovanile Locri\",\"prima edizione\",\"San Martino Locrese\"],\"articleSection\":[\"Home\",\"News\",\"Reggio Calabria\"],\"inLanguage\":\"it-IT\"},{\"@type\":\"WebPage\",\"@id\":\"https:\/\/progettotouring.it\/radiotouring104\/2024\/11\/07\/locri-grande-attesa-per-la-prima-edizione-del-san-martino-locrese\/\",\"url\":\"https:\/\/progettotouring.it\/radiotouring104\/2024\/11\/07\/locri-grande-attesa-per-la-prima-edizione-del-san-martino-locrese\/\",\"name\":\"Locri: grande attesa per la prima edizione del San Martino Locrese\",\"isPartOf\":{\"@id\":\"https:\/\/progettotouring.it\/radiotouring104\/#website\"},\"primaryImageOfPage\":{\"@id\":\"https:\/\/progettotouring.it\/radiotouring104\/2024\/11\/07\/locri-grande-attesa-per-la-prima-edizione-del-san-martino-locrese\/#primaryimage\"},\"image\":{\"@id\":\"https:\/\/progettotouring.it\/radiotouring104\/2024\/11\/07\/locri-grande-attesa-per-la-prima-edizione-del-san-martino-locrese\/#primaryimage\"},\"thumbnailUrl\":\"https:\/\/progettotouring.it\/radiotouring104\/wp-content\/uploads\/sites\/6\/2024\/11\/San-Martino-Locrese-programma.jpg\",\"datePublished\":\"2024-11-07T11:00:35+00:00\",\"description\":\"\u201cSinergia tra giovani, imprenditori ed amministrazione\u201d, dichiara il Consigliere Cutrona sull'evento in programma dal 9 all'11 novembre\",\"breadcrumb\":{\"@id\":\"https:\/\/progettotouring.it\/radiotouring104\/2024\/11\/07\/locri-grande-attesa-per-la-prima-edizione-del-san-martino-locrese\/#breadcrumb\"},\"inLanguage\":\"it-IT\",\"potentialAction\":[{\"@type\":\"ReadAction\",\"target\":[\"https:\/\/progettotouring.it\/radiotouring104\/2024\/11\/07\/locri-grande-attesa-per-la-prima-edizione-del-san-martino-locrese\/\"]}]},{\"@type\":\"ImageObject\",\"inLanguage\":\"it-IT\",\"@id\":\"https:\/\/progettotouring.it\/radiotouring104\/2024\/11\/07\/locri-grande-attesa-per-la-prima-edizione-del-san-martino-locrese\/#primaryimage\",\"url\":\"https:\/\/progettotouring.it\/radiotouring104\/wp-content\/uploads\/sites\/6\/2024\/11\/San-Martino-Locrese-programma.jpg\",\"contentUrl\":\"https:\/\/progettotouring.it\/radiotouring104\/wp-content\/uploads\/sites\/6\/2024\/11\/San-Martino-Locrese-programma.jpg\",\"width\":1080,\"height\":1080},{\"@type\":\"BreadcrumbList\",\"@id\":\"https:\/\/progettotouring.it\/radiotouring104\/2024\/11\/07\/locri-grande-attesa-per-la-prima-edizione-del-san-martino-locrese\/#breadcrumb\",\"itemListElement\":[{\"@type\":\"ListItem\",\"position\":1,\"name\":\"Home\",\"item\":\"https:\/\/progettotouring.it\/radiotouring104\/\"},{\"@type\":\"ListItem\",\"position\":2,\"name\":\"Locri: grande attesa per la prima edizione del San Martino Locrese\"}]},{\"@type\":\"WebSite\",\"@id\":\"https:\/\/progettotouring.it\/radiotouring104\/#website\",\"url\":\"https:\/\/progettotouring.it\/radiotouring104\/\",\"name\":\"Radio Touring 104\",\"description\":\"La prima radio Reggina\",\"publisher\":{\"@id\":\"https:\/\/progettotouring.it\/radiotouring104\/#organization\"},\"potentialAction\":[{\"@type\":\"SearchAction\",\"target\":{\"@type\":\"EntryPoint\",\"urlTemplate\":\"https:\/\/progettotouring.it\/radiotouring104\/?s={search_term_string}\"},\"query-input\":{\"@type\":\"PropertyValueSpecification\",\"valueRequired\":true,\"valueName\":\"search_term_string\"}}],\"inLanguage\":\"it-IT\"},{\"@type\":\"Organization\",\"@id\":\"https:\/\/progettotouring.it\/radiotouring104\/#organization\",\"name\":\"Radio Touring 104\",\"url\":\"https:\/\/progettotouring.it\/radiotouring104\/\",\"logo\":{\"@type\":\"ImageObject\",\"inLanguage\":\"it-IT\",\"@id\":\"https:\/\/progettotouring.it\/radiotouring104\/#\/schema\/logo\/image\/\",\"url\":\"https:\/\/progettotouring.it\/radiotouring104\/wp-content\/uploads\/sites\/6\/2022\/02\/cropped-logo-radio-touring-104.png\",\"contentUrl\":\"https:\/\/progettotouring.it\/radiotouring104\/wp-content\/uploads\/sites\/6\/2022\/02\/cropped-logo-radio-touring-104.png\",\"width\":377,\"height\":182,\"caption\":\"Radio Touring 104\"},\"image\":{\"@id\":\"https:\/\/progettotouring.it\/radiotouring104\/#\/schema\/logo\/image\/\"}},{\"@type\":\"Person\",\"@id\":\"https:\/\/progettotouring.it\/radiotouring104\/#\/schema\/person\/78613917f1851f041f7483f5af1d422e\",\"name\":\"Sebastiano Plutino\",\"image\":{\"@type\":\"ImageObject\",\"inLanguage\":\"it-IT\",\"@id\":\"https:\/\/secure.gravatar.com\/avatar\/0546ffaa9b79224faf9f2a156b67a529ae861d3287c66c1d8ccfdf909bcba78d?s=96&d=mm&r=g\",\"url\":\"https:\/\/secure.gravatar.com\/avatar\/0546ffaa9b79224faf9f2a156b67a529ae861d3287c66c1d8ccfdf909bcba78d?s=96&d=mm&r=g\",\"contentUrl\":\"https:\/\/secure.gravatar.com\/avatar\/0546ffaa9b79224faf9f2a156b67a529ae861d3287c66c1d8ccfdf909bcba78d?s=96&d=mm&r=g\",\"caption\":\"Sebastiano Plutino\"},\"url\":\"https:\/\/progettotouring.it\/radiotouring104\/author\/sebastiano\/\"}]}<\/script>\n<!-- \/ Yoast SEO plugin. -->","yoast_head_json":{"title":"Locri: grande attesa per la prima edizione del San Martino Locrese","description":"\u201cSinergia tra giovani, imprenditori ed amministrazione\u201d, dichiara il Consigliere Cutrona sull'evento in programma dal 9 all'11 novembre","robots":{"index":"index","follow":"follow","max-snippet":"max-snippet:-1","max-image-preview":"max-image-preview:large","max-video-preview":"max-video-preview:-1"},"canonical":"https:\/\/progettotouring.it\/radiotouring104\/2024\/11\/07\/locri-grande-attesa-per-la-prima-edizione-del-san-martino-locrese\/","og_locale":"it_IT","og_type":"article","og_title":"Locri: grande attesa per la prima edizione del San Martino Locrese","og_description":"\u201cSinergia tra giovani, imprenditori ed amministrazione\u201d, dichiara il Consigliere Cutrona sull'evento in programma dal 9 all'11 novembre","og_url":"https:\/\/progettotouring.it\/radiotouring104\/2024\/11\/07\/locri-grande-attesa-per-la-prima-edizione-del-san-martino-locrese\/","og_site_name":"Radio Touring 104","article_published_time":"2024-11-07T11:00:35+00:00","og_image":[{"width":1080,"height":1080,"url":"https:\/\/progettotouring.it\/radiotouring104\/wp-content\/uploads\/sites\/6\/2024\/11\/San-Martino-Locrese-programma.jpg","type":"image\/jpeg"}],"author":"Sebastiano Plutino","twitter_card":"summary_large_image","twitter_misc":{"Scritto da":"Sebastiano Plutino","Tempo di lettura stimato":"1 minuto"},"schema":{"@context":"https:\/\/schema.org","@graph":[{"@type":"Article","@id":"https:\/\/progettotouring.it\/radiotouring104\/2024\/11\/07\/locri-grande-attesa-per-la-prima-edizione-del-san-martino-locrese\/#article","isPartOf":{"@id":"https:\/\/progettotouring.it\/radiotouring104\/2024\/11\/07\/locri-grande-attesa-per-la-prima-edizione-del-san-martino-locrese\/"},"author":{"name":"Sebastiano Plutino","@id":"https:\/\/progettotouring.it\/radiotouring104\/#\/schema\/person\/78613917f1851f041f7483f5af1d422e"},"headline":"Locri: grande attesa per la prima edizione del San Martino Locrese","datePublished":"2024-11-07T11:00:35+00:00","mainEntityOfPage":{"@id":"https:\/\/progettotouring.it\/radiotouring104\/2024\/11\/07\/locri-grande-attesa-per-la-prima-edizione-del-san-martino-locrese\/"},"wordCount":310,"publisher":{"@id":"https:\/\/progettotouring.it\/radiotouring104\/#organization"},"image":{"@id":"https:\/\/progettotouring.it\/radiotouring104\/2024\/11\/07\/locri-grande-attesa-per-la-prima-edizione-del-san-martino-locrese\/#primaryimage"},"thumbnailUrl":"https:\/\/progettotouring.it\/radiotouring104\/wp-content\/uploads\/sites\/6\/2024\/11\/San-Martino-Locrese-programma.jpg","keywords":["Anas Locri","consigliere comunale Marco Cutrona","Consulta Comunale Giovanile Locri","prima edizione","San Martino Locrese"],"articleSection":["Home","News","Reggio Calabria"],"inLanguage":"it-IT"},{"@type":"WebPage","@id":"https:\/\/progettotouring.it\/radiotouring104\/2024\/11\/07\/locri-grande-attesa-per-la-prima-edizione-del-san-martino-locrese\/","url":"https:\/\/progettotouring.it\/radiotouring104\/2024\/11\/07\/locri-grande-attesa-per-la-prima-edizione-del-san-martino-locrese\/","name":"Locri: grande attesa per la prima edizione del San Martino Locrese","isPartOf":{"@id":"https:\/\/progettotouring.it\/radiotouring104\/#website"},"primaryImageOfPage":{"@id":"https:\/\/progettotouring.it\/radiotouring104\/2024\/11\/07\/locri-grande-attesa-per-la-prima-edizione-del-san-martino-locrese\/#primaryimage"},"image":{"@id":"https:\/\/progettotouring.it\/radiotouring104\/2024\/11\/07\/locri-grande-attesa-per-la-prima-edizione-del-san-martino-locrese\/#primaryimage"},"thumbnailUrl":"https:\/\/progettotouring.it\/radiotouring104\/wp-content\/uploads\/sites\/6\/2024\/11\/San-Martino-Locrese-programma.jpg","datePublished":"2024-11-07T11:00:35+00:00","description":"\u201cSinergia tra giovani, imprenditori ed amministrazione\u201d, dichiara il Consigliere Cutrona sull'evento in programma dal 9 all'11 novembre","breadcrumb":{"@id":"https:\/\/progettotouring.it\/radiotouring104\/2024\/11\/07\/locri-grande-attesa-per-la-prima-edizione-del-san-martino-locrese\/#breadcrumb"},"inLanguage":"it-IT","potentialAction":[{"@type":"ReadAction","target":["https:\/\/progettotouring.it\/radiotouring104\/2024\/11\/07\/locri-grande-attesa-per-la-prima-edizione-del-san-martino-locrese\/"]}]},{"@type":"ImageObject","inLanguage":"it-IT","@id":"https:\/\/progettotouring.it\/radiotouring104\/2024\/11\/07\/locri-grande-attesa-per-la-prima-edizione-del-san-martino-locrese\/#primaryimage","url":"https:\/\/progettotouring.it\/radiotouring104\/wp-content\/uploads\/sites\/6\/2024\/11\/San-Martino-Locrese-programma.jpg","contentUrl":"https:\/\/progettotouring.it\/radiotouring104\/wp-content\/uploads\/sites\/6\/2024\/11\/San-Martino-Locrese-programma.jpg","width":1080,"height":1080},{"@type":"BreadcrumbList","@id":"https:\/\/progettotouring.it\/radiotouring104\/2024\/11\/07\/locri-grande-attesa-per-la-prima-edizione-del-san-martino-locrese\/#breadcrumb","itemListElement":[{"@type":"ListItem","position":1,"name":"Home","item":"https:\/\/progettotouring.it\/radiotouring104\/"},{"@type":"ListItem","position":2,"name":"Locri: grande attesa per la prima edizione del San Martino Locrese"}]},{"@type":"WebSite","@id":"https:\/\/progettotouring.it\/radiotouring104\/#website","url":"https:\/\/progettotouring.it\/radiotouring104\/","name":"Radio Touring 104","description":"La prima radio Reggina","publisher":{"@id":"https:\/\/progettotouring.it\/radiotouring104\/#organization"},"potentialAction":[{"@type":"SearchAction","target":{"@type":"EntryPoint","urlTemplate":"https:\/\/progettotouring.it\/radiotouring104\/?s={search_term_string}"},"query-input":{"@type":"PropertyValueSpecification","valueRequired":true,"valueName":"search_term_string"}}],"inLanguage":"it-IT"},{"@type":"Organization","@id":"https:\/\/progettotouring.it\/radiotouring104\/#organization","name":"Radio Touring 104","url":"https:\/\/progettotouring.it\/radiotouring104\/","logo":{"@type":"ImageObject","inLanguage":"it-IT","@id":"https:\/\/progettotouring.it\/radiotouring104\/#\/schema\/logo\/image\/","url":"https:\/\/progettotouring.it\/radiotouring104\/wp-content\/uploads\/sites\/6\/2022\/02\/cropped-logo-radio-touring-104.png","contentUrl":"https:\/\/progettotouring.it\/radiotouring104\/wp-content\/uploads\/sites\/6\/2022\/02\/cropped-logo-radio-touring-104.png","width":377,"height":182,"caption":"Radio Touring 104"},"image":{"@id":"https:\/\/progettotouring.it\/radiotouring104\/#\/schema\/logo\/image\/"}},{"@type":"Person","@id":"https:\/\/progettotouring.it\/radiotouring104\/#\/schema\/person\/78613917f1851f041f7483f5af1d422e","name":"Sebastiano Plutino","image":{"@type":"ImageObject","inLanguage":"it-IT","@id":"https:\/\/secure.gravatar.com\/avatar\/0546ffaa9b79224faf9f2a156b67a529ae861d3287c66c1d8ccfdf909bcba78d?s=96&d=mm&r=g","url":"https:\/\/secure.gravatar.com\/avatar\/0546ffaa9b79224faf9f2a156b67a529ae861d3287c66c1d8ccfdf909bcba78d?s=96&d=mm&r=g","contentUrl":"https:\/\/secure.gravatar.com\/avatar\/0546ffaa9b79224faf9f2a156b67a529ae861d3287c66c1d8ccfdf909bcba78d?s=96&d=mm&r=g","caption":"Sebastiano Plutino"},"url":"https:\/\/progettotouring.it\/radiotouring104\/author\/sebastiano\/"}]}},"jetpack_publicize_connections":[],"jetpack_featured_media_url":"https:\/\/progettotouring.it\/radiotouring104\/wp-content\/uploads\/sites\/6\/2024\/11\/San-Martino-Locrese-programma.jpg","jetpack_sharing_enabled":true,"_links":{"self":[{"href":"https:\/\/progettotouring.it\/radiotouring104\/wp-json\/wp\/v2\/posts\/61085","targetHints":{"allow":["GET"]}}],"collection":[{"href":"https:\/\/progettotouring.it\/radiotouring104\/wp-json\/wp\/v2\/posts"}],"about":[{"href":"https:\/\/progettotouring.it\/radiotouring104\/wp-json\/wp\/v2\/types\/post"}],"author":[{"embeddable":true,"href":"https:\/\/progettotouring.it\/radiotouring104\/wp-json\/wp\/v2\/users\/12"}],"replies":[{"embeddable":true,"href":"https:\/\/progettotouring.it\/radiotouring104\/wp-json\/wp\/v2\/comments?post=61085"}],"version-history":[{"count":1,"href":"https:\/\/progettotouring.it\/radiotouring104\/wp-json\/wp\/v2\/posts\/61085\/revisions"}],"predecessor-version":[{"id":61087,"href":"https:\/\/progettotouring.it\/radiotouring104\/wp-json\/wp\/v2\/posts\/61085\/revisions\/61087"}],"wp:featuredmedia":[{"embeddable":true,"href":"https:\/\/progettotouring.it\/radiotouring104\/wp-json\/wp\/v2\/media\/61086"}],"wp:attachment":[{"href":"https:\/\/progettotouring.it\/radiotouring104\/wp-json\/wp\/v2\/media?parent=61085"}],"wp:term":[{"taxonomy":"category","embeddable":true,"href":"https:\/\/progettotouring.it\/radiotouring104\/wp-json\/wp\/v2\/categories?post=61085"},{"taxonomy":"post_tag","embeddable":true,"href":"https:\/\/progettotouring.it\/radiotouring104\/wp-json\/wp\/v2\/tags?post=61085"}],"curies":[{"name":"wp","href":"https:\/\/api.w.org\/{rel}","templated":true}]}}