{"id":61088,"date":"2024-11-07T12:09:29","date_gmt":"2024-11-07T11:09:29","guid":{"rendered":"https:\/\/progettotouring.it\/radiotouring104\/?p=61088"},"modified":"2024-11-07T12:09:29","modified_gmt":"2024-11-07T11:09:29","slug":"reggio-ultima-citta-metropolitana-il-punto-di-vista-di-una-reggina-fuori-sede","status":"publish","type":"post","link":"https:\/\/progettotouring.it\/radiotouring104\/2024\/11\/07\/reggio-ultima-citta-metropolitana-il-punto-di-vista-di-una-reggina-fuori-sede\/","title":{"rendered":"Reggio ultima citt\u00e0 metropolitana, il punto di vista di una reggina fuori sede"},"content":{"rendered":"<p style=\"text-align: justify\"><em>\u201c<\/em><em>Dieci anni di amministrazione Falcomat\u00e0 hanno portato Reggio Calabria ad un punto di stallo inaccettabile: i dati del report Istat non sono soltanto numeri, ma rappresentano il malessere vissuto quotidianamente da ogni singolo cittadino. Questo quadro desolante non \u00e8 casuale: \u00e8 il risultato di un decennio in cui le promesse sono rimaste tali, e le esigenze dei reggini sono state ignorate<\/em><em>\u201d.<\/em><\/p>\n<p style=\"text-align: justify\">\u201c<em>Le criticit\u00e0 che emergono riguardano istruzione, occupazione, e qualit\u00e0 dei servizi pubblici, elementi indispensabili per migliorare la vita dei cittadini ed impedire la fuga di noi giovani. Noi ragazzi non dovremmo essere costretti ad abbandonare la nostra terra, ma la mancanza di opportunit\u00e0 e il degrado delle infrastrutture ci spingono a cercare altrove ci\u00f2 che Reggio non riesce pi\u00f9 ad offrirci<\/em><em>\u201d.<\/em><\/p>\n<p style=\"text-align: justify\">\u201c<em>P<\/em><em>ersonalmente, da Reggina, da giovane ragazza costretta a \u201cfuggire\u201d al nord, \u00e8 frustrante pensare che per troppo tempo Reggio Calabria sia stata gestita senza una visione chiara di sviluppo e senza interventi concreti per migliorarne le condizioni socioeconomiche e la qualit\u00e0 della vita<\/em><em>\u201d.<\/em><\/p>\n<p style=\"text-align: justify\">\u201c<em>Reggio Calabria merita pi\u00f9 di tutto questo, perch\u00e9 \u00e8 pi\u00f9 di tutto questo. Abbiamo bisogno di un rilancio serio, di un impegno concreto che porti la nostra citt\u00e0 a splendere di nuovo. Tutti noi abbiamo il diritto di vivere una vita dignitosa. Dentro di me ho ancora la speranza che le cose possano migliorare, lo spero davvero<\/em><em>\u201d, scrive Emanuela Chirico \u00a0del Coordinamento Giovani Forza Italia Reggio Calabria\u00a0<\/em><\/p>\n","protected":false},"excerpt":{"rendered":"<p>\u201cDieci anni di amministrazione Falcomat\u00e0 hanno portato Reggio Calabria ad un punto di stallo inaccettabile: i dati del report Istat non sono soltanto numeri, ma rappresentano il malessere vissuto quotidianamente&hellip;<\/p>\n","protected":false},"author":12,"featured_media":61089,"comment_status":"closed","ping_status":"open","sticky":false,"template":"","format":"standard","meta":{"_jetpack_memberships_contains_paid_content":false,"footnotes":"","jetpack_publicize_message":"","jetpack_publicize_feature_enabled":true,"jetpack_social_post_already_shared":false,"jetpack_social_options":{"image_generator_settings":{"template":"highway","default_image_id":0,"font":"","enabled":false},"version":2}},"categories":[921,196,140],"tags":[37282,37281,37283,37284],"class_list":["post-61088","post","type-post","status-publish","format-standard","has-post-thumbnail","hentry","category-home","category-news","category-reggio-calabria","tag-coordinamento-giovani-forza-itali-reggio-calabria","tag-emanuela-chirico","tag-punto-di-vista-di-una-reggina-fuori-sede","tag-reggio-ultima-citta-metropolitana"],"yoast_head":"<!-- This site is optimized with the Yoast SEO plugin v27.2 - https:\/\/yoast.com\/product\/yoast-seo-wordpress\/ -->\n<title>Reggio ultima citt\u00e0 metropolitana, il punto di vista di una reggina fuori sede - Radio Touring 104<\/title>\n<meta name=\"description\" content=\"\u201cDati Istat non sono solo numeri, rappresentano il malessere della citt\u00e0\u201d, scrive Emanuela Chirico del Coordinamento Giovani FI RC\" \/>\n<meta name=\"robots\" content=\"index, follow, max-snippet:-1, max-image-preview:large, max-video-preview:-1\" \/>\n<link rel=\"canonical\" href=\"https:\/\/progettotouring.it\/radiotouring104\/2024\/11\/07\/reggio-ultima-citta-metropolitana-il-punto-di-vista-di-una-reggina-fuori-sede\/\" \/>\n<meta property=\"og:locale\" content=\"it_IT\" \/>\n<meta property=\"og:type\" content=\"article\" \/>\n<meta property=\"og:title\" content=\"Reggio ultima citt\u00e0 metropolitana, il punto di vista di una reggina fuori sede - Radio Touring 104\" \/>\n<meta property=\"og:description\" content=\"\u201cDati Istat non sono solo numeri, rappresentano il malessere della citt\u00e0\u201d, scrive Emanuela Chirico del Coordinamento Giovani FI RC\" \/>\n<meta property=\"og:url\" content=\"https:\/\/progettotouring.it\/radiotouring104\/2024\/11\/07\/reggio-ultima-citta-metropolitana-il-punto-di-vista-di-una-reggina-fuori-sede\/\" \/>\n<meta property=\"og:site_name\" content=\"Radio Touring 104\" \/>\n<meta property=\"article:published_time\" content=\"2024-11-07T11:09:29+00:00\" \/>\n<meta property=\"og:image\" content=\"https:\/\/progettotouring.it\/radiotouring104\/wp-content\/uploads\/sites\/6\/2024\/11\/Citta-Metropolitane-Forza-Italia.jpeg\" \/>\n\t<meta property=\"og:image:width\" content=\"1170\" \/>\n\t<meta property=\"og:image:height\" content=\"1657\" \/>\n\t<meta property=\"og:image:type\" content=\"image\/jpeg\" \/>\n<meta name=\"author\" content=\"Sebastiano Plutino\" \/>\n<meta name=\"twitter:card\" content=\"summary_large_image\" \/>\n<meta name=\"twitter:label1\" content=\"Scritto da\" \/>\n\t<meta name=\"twitter:data1\" content=\"Sebastiano Plutino\" \/>\n\t<meta name=\"twitter:label2\" content=\"Tempo di lettura stimato\" \/>\n\t<meta name=\"twitter:data2\" content=\"1 minuto\" \/>\n<script type=\"application\/ld+json\" class=\"yoast-schema-graph\">{\"@context\":\"https:\/\/schema.org\",\"@graph\":[{\"@type\":\"Article\",\"@id\":\"https:\/\/progettotouring.it\/radiotouring104\/2024\/11\/07\/reggio-ultima-citta-metropolitana-il-punto-di-vista-di-una-reggina-fuori-sede\/#article\",\"isPartOf\":{\"@id\":\"https:\/\/progettotouring.it\/radiotouring104\/2024\/11\/07\/reggio-ultima-citta-metropolitana-il-punto-di-vista-di-una-reggina-fuori-sede\/\"},\"author\":{\"name\":\"Sebastiano Plutino\",\"@id\":\"https:\/\/progettotouring.it\/radiotouring104\/#\/schema\/person\/78613917f1851f041f7483f5af1d422e\"},\"headline\":\"Reggio ultima citt\u00e0 metropolitana, il punto di vista di una reggina fuori sede\",\"datePublished\":\"2024-11-07T11:09:29+00:00\",\"mainEntityOfPage\":{\"@id\":\"https:\/\/progettotouring.it\/radiotouring104\/2024\/11\/07\/reggio-ultima-citta-metropolitana-il-punto-di-vista-di-una-reggina-fuori-sede\/\"},\"wordCount\":242,\"publisher\":{\"@id\":\"https:\/\/progettotouring.it\/radiotouring104\/#organization\"},\"image\":{\"@id\":\"https:\/\/progettotouring.it\/radiotouring104\/2024\/11\/07\/reggio-ultima-citta-metropolitana-il-punto-di-vista-di-una-reggina-fuori-sede\/#primaryimage\"},\"thumbnailUrl\":\"https:\/\/progettotouring.it\/radiotouring104\/wp-content\/uploads\/sites\/6\/2024\/11\/Citta-Metropolitane-Forza-Italia.jpeg\",\"keywords\":[\"Coordinamento Giovani Forza Itali Reggio Calabria\",\"Emanuela Chirico\",\"punto di vista di una reggina fuori sede\",\"Reggio ultima citt\u00e0 metropolitana\"],\"articleSection\":[\"Home\",\"News\",\"Reggio Calabria\"],\"inLanguage\":\"it-IT\"},{\"@type\":\"WebPage\",\"@id\":\"https:\/\/progettotouring.it\/radiotouring104\/2024\/11\/07\/reggio-ultima-citta-metropolitana-il-punto-di-vista-di-una-reggina-fuori-sede\/\",\"url\":\"https:\/\/progettotouring.it\/radiotouring104\/2024\/11\/07\/reggio-ultima-citta-metropolitana-il-punto-di-vista-di-una-reggina-fuori-sede\/\",\"name\":\"Reggio ultima citt\u00e0 metropolitana, il punto di vista di una reggina fuori sede - Radio Touring 104\",\"isPartOf\":{\"@id\":\"https:\/\/progettotouring.it\/radiotouring104\/#website\"},\"primaryImageOfPage\":{\"@id\":\"https:\/\/progettotouring.it\/radiotouring104\/2024\/11\/07\/reggio-ultima-citta-metropolitana-il-punto-di-vista-di-una-reggina-fuori-sede\/#primaryimage\"},\"image\":{\"@id\":\"https:\/\/progettotouring.it\/radiotouring104\/2024\/11\/07\/reggio-ultima-citta-metropolitana-il-punto-di-vista-di-una-reggina-fuori-sede\/#primaryimage\"},\"thumbnailUrl\":\"https:\/\/progettotouring.it\/radiotouring104\/wp-content\/uploads\/sites\/6\/2024\/11\/Citta-Metropolitane-Forza-Italia.jpeg\",\"datePublished\":\"2024-11-07T11:09:29+00:00\",\"description\":\"\u201cDati Istat non sono solo numeri, rappresentano il malessere della citt\u00e0\u201d, scrive Emanuela Chirico del Coordinamento Giovani FI RC\",\"breadcrumb\":{\"@id\":\"https:\/\/progettotouring.it\/radiotouring104\/2024\/11\/07\/reggio-ultima-citta-metropolitana-il-punto-di-vista-di-una-reggina-fuori-sede\/#breadcrumb\"},\"inLanguage\":\"it-IT\",\"potentialAction\":[{\"@type\":\"ReadAction\",\"target\":[\"https:\/\/progettotouring.it\/radiotouring104\/2024\/11\/07\/reggio-ultima-citta-metropolitana-il-punto-di-vista-di-una-reggina-fuori-sede\/\"]}]},{\"@type\":\"ImageObject\",\"inLanguage\":\"it-IT\",\"@id\":\"https:\/\/progettotouring.it\/radiotouring104\/2024\/11\/07\/reggio-ultima-citta-metropolitana-il-punto-di-vista-di-una-reggina-fuori-sede\/#primaryimage\",\"url\":\"https:\/\/progettotouring.it\/radiotouring104\/wp-content\/uploads\/sites\/6\/2024\/11\/Citta-Metropolitane-Forza-Italia.jpeg\",\"contentUrl\":\"https:\/\/progettotouring.it\/radiotouring104\/wp-content\/uploads\/sites\/6\/2024\/11\/Citta-Metropolitane-Forza-Italia.jpeg\",\"width\":1170,\"height\":1657},{\"@type\":\"BreadcrumbList\",\"@id\":\"https:\/\/progettotouring.it\/radiotouring104\/2024\/11\/07\/reggio-ultima-citta-metropolitana-il-punto-di-vista-di-una-reggina-fuori-sede\/#breadcrumb\",\"itemListElement\":[{\"@type\":\"ListItem\",\"position\":1,\"name\":\"Home\",\"item\":\"https:\/\/progettotouring.it\/radiotouring104\/\"},{\"@type\":\"ListItem\",\"position\":2,\"name\":\"Reggio ultima citt\u00e0 metropolitana, il punto di vista di una reggina fuori sede\"}]},{\"@type\":\"WebSite\",\"@id\":\"https:\/\/progettotouring.it\/radiotouring104\/#website\",\"url\":\"https:\/\/progettotouring.it\/radiotouring104\/\",\"name\":\"Radio Touring 104\",\"description\":\"La prima radio Reggina\",\"publisher\":{\"@id\":\"https:\/\/progettotouring.it\/radiotouring104\/#organization\"},\"potentialAction\":[{\"@type\":\"SearchAction\",\"target\":{\"@type\":\"EntryPoint\",\"urlTemplate\":\"https:\/\/progettotouring.it\/radiotouring104\/?s={search_term_string}\"},\"query-input\":{\"@type\":\"PropertyValueSpecification\",\"valueRequired\":true,\"valueName\":\"search_term_string\"}}],\"inLanguage\":\"it-IT\"},{\"@type\":\"Organization\",\"@id\":\"https:\/\/progettotouring.it\/radiotouring104\/#organization\",\"name\":\"Radio Touring 104\",\"url\":\"https:\/\/progettotouring.it\/radiotouring104\/\",\"logo\":{\"@type\":\"ImageObject\",\"inLanguage\":\"it-IT\",\"@id\":\"https:\/\/progettotouring.it\/radiotouring104\/#\/schema\/logo\/image\/\",\"url\":\"https:\/\/progettotouring.it\/radiotouring104\/wp-content\/uploads\/sites\/6\/2022\/02\/cropped-logo-radio-touring-104.png\",\"contentUrl\":\"https:\/\/progettotouring.it\/radiotouring104\/wp-content\/uploads\/sites\/6\/2022\/02\/cropped-logo-radio-touring-104.png\",\"width\":377,\"height\":182,\"caption\":\"Radio Touring 104\"},\"image\":{\"@id\":\"https:\/\/progettotouring.it\/radiotouring104\/#\/schema\/logo\/image\/\"}},{\"@type\":\"Person\",\"@id\":\"https:\/\/progettotouring.it\/radiotouring104\/#\/schema\/person\/78613917f1851f041f7483f5af1d422e\",\"name\":\"Sebastiano Plutino\",\"image\":{\"@type\":\"ImageObject\",\"inLanguage\":\"it-IT\",\"@id\":\"https:\/\/secure.gravatar.com\/avatar\/0546ffaa9b79224faf9f2a156b67a529ae861d3287c66c1d8ccfdf909bcba78d?s=96&d=mm&r=g\",\"url\":\"https:\/\/secure.gravatar.com\/avatar\/0546ffaa9b79224faf9f2a156b67a529ae861d3287c66c1d8ccfdf909bcba78d?s=96&d=mm&r=g\",\"contentUrl\":\"https:\/\/secure.gravatar.com\/avatar\/0546ffaa9b79224faf9f2a156b67a529ae861d3287c66c1d8ccfdf909bcba78d?s=96&d=mm&r=g\",\"caption\":\"Sebastiano Plutino\"},\"url\":\"https:\/\/progettotouring.it\/radiotouring104\/author\/sebastiano\/\"}]}<\/script>\n<!-- \/ Yoast SEO plugin. -->","yoast_head_json":{"title":"Reggio ultima citt\u00e0 metropolitana, il punto di vista di una reggina fuori sede - Radio Touring 104","description":"\u201cDati Istat non sono solo numeri, rappresentano il malessere della citt\u00e0\u201d, scrive Emanuela Chirico del Coordinamento Giovani FI RC","robots":{"index":"index","follow":"follow","max-snippet":"max-snippet:-1","max-image-preview":"max-image-preview:large","max-video-preview":"max-video-preview:-1"},"canonical":"https:\/\/progettotouring.it\/radiotouring104\/2024\/11\/07\/reggio-ultima-citta-metropolitana-il-punto-di-vista-di-una-reggina-fuori-sede\/","og_locale":"it_IT","og_type":"article","og_title":"Reggio ultima citt\u00e0 metropolitana, il punto di vista di una reggina fuori sede - Radio Touring 104","og_description":"\u201cDati Istat non sono solo numeri, rappresentano il malessere della citt\u00e0\u201d, scrive Emanuela Chirico del Coordinamento Giovani FI RC","og_url":"https:\/\/progettotouring.it\/radiotouring104\/2024\/11\/07\/reggio-ultima-citta-metropolitana-il-punto-di-vista-di-una-reggina-fuori-sede\/","og_site_name":"Radio Touring 104","article_published_time":"2024-11-07T11:09:29+00:00","og_image":[{"width":1170,"height":1657,"url":"https:\/\/progettotouring.it\/radiotouring104\/wp-content\/uploads\/sites\/6\/2024\/11\/Citta-Metropolitane-Forza-Italia.jpeg","type":"image\/jpeg"}],"author":"Sebastiano Plutino","twitter_card":"summary_large_image","twitter_misc":{"Scritto da":"Sebastiano Plutino","Tempo di lettura stimato":"1 minuto"},"schema":{"@context":"https:\/\/schema.org","@graph":[{"@type":"Article","@id":"https:\/\/progettotouring.it\/radiotouring104\/2024\/11\/07\/reggio-ultima-citta-metropolitana-il-punto-di-vista-di-una-reggina-fuori-sede\/#article","isPartOf":{"@id":"https:\/\/progettotouring.it\/radiotouring104\/2024\/11\/07\/reggio-ultima-citta-metropolitana-il-punto-di-vista-di-una-reggina-fuori-sede\/"},"author":{"name":"Sebastiano Plutino","@id":"https:\/\/progettotouring.it\/radiotouring104\/#\/schema\/person\/78613917f1851f041f7483f5af1d422e"},"headline":"Reggio ultima citt\u00e0 metropolitana, il punto di vista di una reggina fuori sede","datePublished":"2024-11-07T11:09:29+00:00","mainEntityOfPage":{"@id":"https:\/\/progettotouring.it\/radiotouring104\/2024\/11\/07\/reggio-ultima-citta-metropolitana-il-punto-di-vista-di-una-reggina-fuori-sede\/"},"wordCount":242,"publisher":{"@id":"https:\/\/progettotouring.it\/radiotouring104\/#organization"},"image":{"@id":"https:\/\/progettotouring.it\/radiotouring104\/2024\/11\/07\/reggio-ultima-citta-metropolitana-il-punto-di-vista-di-una-reggina-fuori-sede\/#primaryimage"},"thumbnailUrl":"https:\/\/progettotouring.it\/radiotouring104\/wp-content\/uploads\/sites\/6\/2024\/11\/Citta-Metropolitane-Forza-Italia.jpeg","keywords":["Coordinamento Giovani Forza Itali Reggio Calabria","Emanuela Chirico","punto di vista di una reggina fuori sede","Reggio ultima citt\u00e0 metropolitana"],"articleSection":["Home","News","Reggio Calabria"],"inLanguage":"it-IT"},{"@type":"WebPage","@id":"https:\/\/progettotouring.it\/radiotouring104\/2024\/11\/07\/reggio-ultima-citta-metropolitana-il-punto-di-vista-di-una-reggina-fuori-sede\/","url":"https:\/\/progettotouring.it\/radiotouring104\/2024\/11\/07\/reggio-ultima-citta-metropolitana-il-punto-di-vista-di-una-reggina-fuori-sede\/","name":"Reggio ultima citt\u00e0 metropolitana, il punto di vista di una reggina fuori sede - Radio Touring 104","isPartOf":{"@id":"https:\/\/progettotouring.it\/radiotouring104\/#website"},"primaryImageOfPage":{"@id":"https:\/\/progettotouring.it\/radiotouring104\/2024\/11\/07\/reggio-ultima-citta-metropolitana-il-punto-di-vista-di-una-reggina-fuori-sede\/#primaryimage"},"image":{"@id":"https:\/\/progettotouring.it\/radiotouring104\/2024\/11\/07\/reggio-ultima-citta-metropolitana-il-punto-di-vista-di-una-reggina-fuori-sede\/#primaryimage"},"thumbnailUrl":"https:\/\/progettotouring.it\/radiotouring104\/wp-content\/uploads\/sites\/6\/2024\/11\/Citta-Metropolitane-Forza-Italia.jpeg","datePublished":"2024-11-07T11:09:29+00:00","description":"\u201cDati Istat non sono solo numeri, rappresentano il malessere della citt\u00e0\u201d, scrive Emanuela Chirico del Coordinamento Giovani FI RC","breadcrumb":{"@id":"https:\/\/progettotouring.it\/radiotouring104\/2024\/11\/07\/reggio-ultima-citta-metropolitana-il-punto-di-vista-di-una-reggina-fuori-sede\/#breadcrumb"},"inLanguage":"it-IT","potentialAction":[{"@type":"ReadAction","target":["https:\/\/progettotouring.it\/radiotouring104\/2024\/11\/07\/reggio-ultima-citta-metropolitana-il-punto-di-vista-di-una-reggina-fuori-sede\/"]}]},{"@type":"ImageObject","inLanguage":"it-IT","@id":"https:\/\/progettotouring.it\/radiotouring104\/2024\/11\/07\/reggio-ultima-citta-metropolitana-il-punto-di-vista-di-una-reggina-fuori-sede\/#primaryimage","url":"https:\/\/progettotouring.it\/radiotouring104\/wp-content\/uploads\/sites\/6\/2024\/11\/Citta-Metropolitane-Forza-Italia.jpeg","contentUrl":"https:\/\/progettotouring.it\/radiotouring104\/wp-content\/uploads\/sites\/6\/2024\/11\/Citta-Metropolitane-Forza-Italia.jpeg","width":1170,"height":1657},{"@type":"BreadcrumbList","@id":"https:\/\/progettotouring.it\/radiotouring104\/2024\/11\/07\/reggio-ultima-citta-metropolitana-il-punto-di-vista-di-una-reggina-fuori-sede\/#breadcrumb","itemListElement":[{"@type":"ListItem","position":1,"name":"Home","item":"https:\/\/progettotouring.it\/radiotouring104\/"},{"@type":"ListItem","position":2,"name":"Reggio ultima citt\u00e0 metropolitana, il punto di vista di una reggina fuori sede"}]},{"@type":"WebSite","@id":"https:\/\/progettotouring.it\/radiotouring104\/#website","url":"https:\/\/progettotouring.it\/radiotouring104\/","name":"Radio Touring 104","description":"La prima radio Reggina","publisher":{"@id":"https:\/\/progettotouring.it\/radiotouring104\/#organization"},"potentialAction":[{"@type":"SearchAction","target":{"@type":"EntryPoint","urlTemplate":"https:\/\/progettotouring.it\/radiotouring104\/?s={search_term_string}"},"query-input":{"@type":"PropertyValueSpecification","valueRequired":true,"valueName":"search_term_string"}}],"inLanguage":"it-IT"},{"@type":"Organization","@id":"https:\/\/progettotouring.it\/radiotouring104\/#organization","name":"Radio Touring 104","url":"https:\/\/progettotouring.it\/radiotouring104\/","logo":{"@type":"ImageObject","inLanguage":"it-IT","@id":"https:\/\/progettotouring.it\/radiotouring104\/#\/schema\/logo\/image\/","url":"https:\/\/progettotouring.it\/radiotouring104\/wp-content\/uploads\/sites\/6\/2022\/02\/cropped-logo-radio-touring-104.png","contentUrl":"https:\/\/progettotouring.it\/radiotouring104\/wp-content\/uploads\/sites\/6\/2022\/02\/cropped-logo-radio-touring-104.png","width":377,"height":182,"caption":"Radio Touring 104"},"image":{"@id":"https:\/\/progettotouring.it\/radiotouring104\/#\/schema\/logo\/image\/"}},{"@type":"Person","@id":"https:\/\/progettotouring.it\/radiotouring104\/#\/schema\/person\/78613917f1851f041f7483f5af1d422e","name":"Sebastiano Plutino","image":{"@type":"ImageObject","inLanguage":"it-IT","@id":"https:\/\/secure.gravatar.com\/avatar\/0546ffaa9b79224faf9f2a156b67a529ae861d3287c66c1d8ccfdf909bcba78d?s=96&d=mm&r=g","url":"https:\/\/secure.gravatar.com\/avatar\/0546ffaa9b79224faf9f2a156b67a529ae861d3287c66c1d8ccfdf909bcba78d?s=96&d=mm&r=g","contentUrl":"https:\/\/secure.gravatar.com\/avatar\/0546ffaa9b79224faf9f2a156b67a529ae861d3287c66c1d8ccfdf909bcba78d?s=96&d=mm&r=g","caption":"Sebastiano Plutino"},"url":"https:\/\/progettotouring.it\/radiotouring104\/author\/sebastiano\/"}]}},"jetpack_publicize_connections":[],"jetpack_featured_media_url":"https:\/\/progettotouring.it\/radiotouring104\/wp-content\/uploads\/sites\/6\/2024\/11\/Citta-Metropolitane-Forza-Italia.jpeg","jetpack_sharing_enabled":true,"_links":{"self":[{"href":"https:\/\/progettotouring.it\/radiotouring104\/wp-json\/wp\/v2\/posts\/61088","targetHints":{"allow":["GET"]}}],"collection":[{"href":"https:\/\/progettotouring.it\/radiotouring104\/wp-json\/wp\/v2\/posts"}],"about":[{"href":"https:\/\/progettotouring.it\/radiotouring104\/wp-json\/wp\/v2\/types\/post"}],"author":[{"embeddable":true,"href":"https:\/\/progettotouring.it\/radiotouring104\/wp-json\/wp\/v2\/users\/12"}],"replies":[{"embeddable":true,"href":"https:\/\/progettotouring.it\/radiotouring104\/wp-json\/wp\/v2\/comments?post=61088"}],"version-history":[{"count":1,"href":"https:\/\/progettotouring.it\/radiotouring104\/wp-json\/wp\/v2\/posts\/61088\/revisions"}],"predecessor-version":[{"id":61090,"href":"https:\/\/progettotouring.it\/radiotouring104\/wp-json\/wp\/v2\/posts\/61088\/revisions\/61090"}],"wp:featuredmedia":[{"embeddable":true,"href":"https:\/\/progettotouring.it\/radiotouring104\/wp-json\/wp\/v2\/media\/61089"}],"wp:attachment":[{"href":"https:\/\/progettotouring.it\/radiotouring104\/wp-json\/wp\/v2\/media?parent=61088"}],"wp:term":[{"taxonomy":"category","embeddable":true,"href":"https:\/\/progettotouring.it\/radiotouring104\/wp-json\/wp\/v2\/categories?post=61088"},{"taxonomy":"post_tag","embeddable":true,"href":"https:\/\/progettotouring.it\/radiotouring104\/wp-json\/wp\/v2\/tags?post=61088"}],"curies":[{"name":"wp","href":"https:\/\/api.w.org\/{rel}","templated":true}]}}