{"id":61091,"date":"2024-11-07T12:17:32","date_gmt":"2024-11-07T11:17:32","guid":{"rendered":"https:\/\/progettotouring.it\/radiotouring104\/?p=61091"},"modified":"2024-11-07T12:17:32","modified_gmt":"2024-11-07T11:17:32","slug":"gioiosa-ionica-cancelli-chiusi-alla-scuola-don-minzoni","status":"publish","type":"post","link":"https:\/\/progettotouring.it\/radiotouring104\/2024\/11\/07\/gioiosa-ionica-cancelli-chiusi-alla-scuola-don-minzoni\/","title":{"rendered":"Gioiosa Ionica: cancelli chiusi alla &#8220;Scuola Don Minzoni&#8221;"},"content":{"rendered":"<p style=\"text-align: justify\"><em>\u00c8 ormai una questione di esasperazione \u2013<\/em><strong> si legge in un comunicato del gruppo di minoranza<\/strong> &#8211;<em> quella che coinvolge la Scuola Don Minzoni e la comunit\u00e0 di Gioiosa Ionica. Da settimane i cancelli principali della scuola sono chiusi, obbligando studenti, docenti e genitori a entrare e uscire dalla parte posteriore dell\u2019edificio, dove la situazione del terreno rappresenta una vera minaccia per la sicurezza. Un percorso inadeguato, fatto di ghiaia e pietre di varie dimensioni, addirittura in alcuni giornate paludoso a causa della pioggia. Questa condizione rende difficile e pericoloso il passaggio, sia per i bambini che per gli adulti, con seri rischi di improvvise e dolorose cadute. I docenti stessi, che devono raggiungere la Scuola attraverso questa via, hanno lamentato\u00a0 difficolt\u00e0.<\/em><\/p>\n<p style=\"text-align: justify\"><em>I genitori hanno manifestato la loro preoccupazione per la necessit\u00e0 di prestare costantemente attenzione ai tanti pericoli, ma sono rimasti inascoltati e soprattutto con problemi irrisolti. A rendere la situazione ancora pi\u00f9 critica \u00e8 l\u2019arrivo ormai imminente della stagione invernale. Con il terreno attualmente esposto alle intemperie e senza alcun riparo per studenti e docenti, le condizioni di accesso rischiano di aggravarsi ulteriormente. In caso di maltempo, l\u2019area potrebbe trasformarsi in un vero e proprio pantano, aumentando il rischio di cadute e scivolate per i bambini e per tutto il personale scolastico. Un serio rischio di incidenti che potrebbe compromettere il benessere e la sicurezza di tutte le persone coinvolte.<\/em><\/p>\n<p style=\"text-align: justify\"><em>La situazione ha generato forte malcontento tra i genitori, che hanno pi\u00f9 volte espresso il loro dissenso presso l\u2019Amministrazione comunale. In molti hanno chiesto di riaprire i cancelli anteriori, riportando l\u2019accesso alla normalit\u00e0. Ad oggi la situazione rimane irrisolta, con il Comune che non sembra intenzionato a prendere provvedimenti immediati. Come minoranza, oltre ad essere attivi con varie proposte per risolvere la questione, denunciamo una mancanza di responsabilit\u00e0 civile e politica, quasi un disinteresse verso una parte della cittadinanza.<\/em><\/p>\n<p style=\"text-align: justify\"><em>In questa vicenda, ci\u00f2 che emerge \u00e8 l\u2019assenza di una gestione sensibile e tempestiva di un problema che riguarda la sicurezza dei bambini e il diritto a un accesso sicuro alla Scuola. La comunit\u00e0 di Gioiosa Ionica merita risposte concrete e immediate per risolvere una questione che non pu\u00f2 pi\u00f9 essere ignorato.<\/em><\/p>\n<p style=\"text-align: justify\"><em>Ci auguriamo \u2013<\/em><strong> concludono i consiglieri Depino, Agrippo, Logozzo e Mazzaferro<\/strong> &#8211;<em> che l\u2019Amministrazione intervenga con rapidit\u00e0 e attenzione, rispondendo alle esigenze dei cittadini con il buon senso e la responsabilit\u00e0 che la situazione richiede.<\/em><\/p>\n<p>&nbsp;<\/p>\n<p>&nbsp;<\/p>\n","protected":false},"excerpt":{"rendered":"<p>\u00c8 ormai una questione di esasperazione \u2013 si legge in un comunicato del gruppo di minoranza &#8211; quella che coinvolge la Scuola Don Minzoni e la comunit\u00e0 di Gioiosa Ionica.&hellip;<\/p>\n","protected":false},"author":12,"featured_media":50640,"comment_status":"closed","ping_status":"open","sticky":false,"template":"","format":"standard","meta":{"_jetpack_memberships_contains_paid_content":false,"footnotes":"","jetpack_publicize_message":"","jetpack_publicize_feature_enabled":true,"jetpack_social_post_already_shared":false,"jetpack_social_options":{"image_generator_settings":{"template":"highway","default_image_id":0,"font":"","enabled":false},"version":2}},"categories":[921,196,140],"tags":[37285,37286,37291,37290,31045,37292,37287,37288,2531,35536,37289,2145],"class_list":["post-61091","post","type-post","status-publish","format-standard","has-post-thumbnail","hentry","category-home","category-news","category-reggio-calabria","tag-scuola-don-minzoni","tag-cancelli-chiusi","tag-consigliere-agrippo","tag-consigliere-depino","tag-consigliere-logozzo","tag-consisgliere-mazzaferro","tag-disaggi","tag-docenti","tag-gioiosa-ionica","tag-minoranza-comunale","tag-stagione-invernale","tag-studenti"],"yoast_head":"<!-- This site is optimized with the Yoast SEO plugin v27.2 - https:\/\/yoast.com\/product\/yoast-seo-wordpress\/ -->\n<title>Gioiosa Ionica: cancelli chiusi alla &quot;Scuola Don Minzoni&quot; - Radio Touring 104<\/title>\n<meta name=\"description\" content=\"Secondo la minoranza l\u2019arrivo della stagione invernale porter\u00e0 inevitabilmente ad\u00a0 ulteriori disagi per studenti e docenti\" \/>\n<meta name=\"robots\" content=\"index, follow, max-snippet:-1, max-image-preview:large, max-video-preview:-1\" \/>\n<link rel=\"canonical\" href=\"https:\/\/progettotouring.it\/radiotouring104\/2024\/11\/07\/gioiosa-ionica-cancelli-chiusi-alla-scuola-don-minzoni\/\" \/>\n<meta property=\"og:locale\" content=\"it_IT\" \/>\n<meta property=\"og:type\" content=\"article\" \/>\n<meta property=\"og:title\" content=\"Gioiosa Ionica: cancelli chiusi alla &quot;Scuola Don Minzoni&quot; - Radio Touring 104\" \/>\n<meta property=\"og:description\" content=\"Secondo la minoranza l\u2019arrivo della stagione invernale porter\u00e0 inevitabilmente ad\u00a0 ulteriori disagi per studenti e docenti\" \/>\n<meta property=\"og:url\" content=\"https:\/\/progettotouring.it\/radiotouring104\/2024\/11\/07\/gioiosa-ionica-cancelli-chiusi-alla-scuola-don-minzoni\/\" \/>\n<meta property=\"og:site_name\" content=\"Radio Touring 104\" \/>\n<meta property=\"article:published_time\" content=\"2024-11-07T11:17:32+00:00\" \/>\n<meta property=\"og:image\" content=\"https:\/\/progettotouring.it\/radiotouring104\/wp-content\/uploads\/sites\/6\/2024\/05\/Gioiosa-Jonica.jpg\" \/>\n\t<meta property=\"og:image:width\" content=\"1500\" \/>\n\t<meta property=\"og:image:height\" content=\"408\" \/>\n\t<meta property=\"og:image:type\" content=\"image\/jpeg\" \/>\n<meta name=\"author\" content=\"Sebastiano Plutino\" \/>\n<meta name=\"twitter:card\" content=\"summary_large_image\" \/>\n<meta name=\"twitter:label1\" content=\"Scritto da\" \/>\n\t<meta name=\"twitter:data1\" content=\"Sebastiano Plutino\" \/>\n\t<meta name=\"twitter:label2\" content=\"Tempo di lettura stimato\" \/>\n\t<meta name=\"twitter:data2\" content=\"2 minuti\" \/>\n<script type=\"application\/ld+json\" class=\"yoast-schema-graph\">{\"@context\":\"https:\/\/schema.org\",\"@graph\":[{\"@type\":\"Article\",\"@id\":\"https:\/\/progettotouring.it\/radiotouring104\/2024\/11\/07\/gioiosa-ionica-cancelli-chiusi-alla-scuola-don-minzoni\/#article\",\"isPartOf\":{\"@id\":\"https:\/\/progettotouring.it\/radiotouring104\/2024\/11\/07\/gioiosa-ionica-cancelli-chiusi-alla-scuola-don-minzoni\/\"},\"author\":{\"name\":\"Sebastiano Plutino\",\"@id\":\"https:\/\/progettotouring.it\/radiotouring104\/#\/schema\/person\/78613917f1851f041f7483f5af1d422e\"},\"headline\":\"Gioiosa Ionica: cancelli chiusi alla &#8220;Scuola Don Minzoni&#8221;\",\"datePublished\":\"2024-11-07T11:17:32+00:00\",\"mainEntityOfPage\":{\"@id\":\"https:\/\/progettotouring.it\/radiotouring104\/2024\/11\/07\/gioiosa-ionica-cancelli-chiusi-alla-scuola-don-minzoni\/\"},\"wordCount\":410,\"publisher\":{\"@id\":\"https:\/\/progettotouring.it\/radiotouring104\/#organization\"},\"image\":{\"@id\":\"https:\/\/progettotouring.it\/radiotouring104\/2024\/11\/07\/gioiosa-ionica-cancelli-chiusi-alla-scuola-don-minzoni\/#primaryimage\"},\"thumbnailUrl\":\"https:\/\/progettotouring.it\/radiotouring104\/wp-content\/uploads\/sites\/6\/2024\/05\/Gioiosa-Jonica.jpg\",\"keywords\":[\"\\\"Scuola Don Minzoni\\\"\",\"cancelli chiusi\",\"Consigliere Agrippo\",\"Consigliere Depino\",\"Consigliere Logozzo\",\"Consisgliere Mazzaferro\",\"disaggi\",\"docenti\",\"Gioiosa Ionica\",\"minoranza comunale\",\"stagione invernale\",\"studenti\"],\"articleSection\":[\"Home\",\"News\",\"Reggio Calabria\"],\"inLanguage\":\"it-IT\"},{\"@type\":\"WebPage\",\"@id\":\"https:\/\/progettotouring.it\/radiotouring104\/2024\/11\/07\/gioiosa-ionica-cancelli-chiusi-alla-scuola-don-minzoni\/\",\"url\":\"https:\/\/progettotouring.it\/radiotouring104\/2024\/11\/07\/gioiosa-ionica-cancelli-chiusi-alla-scuola-don-minzoni\/\",\"name\":\"Gioiosa Ionica: cancelli chiusi alla \\\"Scuola Don Minzoni\\\" - Radio Touring 104\",\"isPartOf\":{\"@id\":\"https:\/\/progettotouring.it\/radiotouring104\/#website\"},\"primaryImageOfPage\":{\"@id\":\"https:\/\/progettotouring.it\/radiotouring104\/2024\/11\/07\/gioiosa-ionica-cancelli-chiusi-alla-scuola-don-minzoni\/#primaryimage\"},\"image\":{\"@id\":\"https:\/\/progettotouring.it\/radiotouring104\/2024\/11\/07\/gioiosa-ionica-cancelli-chiusi-alla-scuola-don-minzoni\/#primaryimage\"},\"thumbnailUrl\":\"https:\/\/progettotouring.it\/radiotouring104\/wp-content\/uploads\/sites\/6\/2024\/05\/Gioiosa-Jonica.jpg\",\"datePublished\":\"2024-11-07T11:17:32+00:00\",\"description\":\"Secondo la minoranza l\u2019arrivo della stagione invernale porter\u00e0 inevitabilmente ad\u00a0 ulteriori disagi per studenti e docenti\",\"breadcrumb\":{\"@id\":\"https:\/\/progettotouring.it\/radiotouring104\/2024\/11\/07\/gioiosa-ionica-cancelli-chiusi-alla-scuola-don-minzoni\/#breadcrumb\"},\"inLanguage\":\"it-IT\",\"potentialAction\":[{\"@type\":\"ReadAction\",\"target\":[\"https:\/\/progettotouring.it\/radiotouring104\/2024\/11\/07\/gioiosa-ionica-cancelli-chiusi-alla-scuola-don-minzoni\/\"]}]},{\"@type\":\"ImageObject\",\"inLanguage\":\"it-IT\",\"@id\":\"https:\/\/progettotouring.it\/radiotouring104\/2024\/11\/07\/gioiosa-ionica-cancelli-chiusi-alla-scuola-don-minzoni\/#primaryimage\",\"url\":\"https:\/\/progettotouring.it\/radiotouring104\/wp-content\/uploads\/sites\/6\/2024\/05\/Gioiosa-Jonica.jpg\",\"contentUrl\":\"https:\/\/progettotouring.it\/radiotouring104\/wp-content\/uploads\/sites\/6\/2024\/05\/Gioiosa-Jonica.jpg\",\"width\":1500,\"height\":408},{\"@type\":\"BreadcrumbList\",\"@id\":\"https:\/\/progettotouring.it\/radiotouring104\/2024\/11\/07\/gioiosa-ionica-cancelli-chiusi-alla-scuola-don-minzoni\/#breadcrumb\",\"itemListElement\":[{\"@type\":\"ListItem\",\"position\":1,\"name\":\"Home\",\"item\":\"https:\/\/progettotouring.it\/radiotouring104\/\"},{\"@type\":\"ListItem\",\"position\":2,\"name\":\"Gioiosa Ionica: cancelli chiusi alla &#8220;Scuola Don Minzoni&#8221;\"}]},{\"@type\":\"WebSite\",\"@id\":\"https:\/\/progettotouring.it\/radiotouring104\/#website\",\"url\":\"https:\/\/progettotouring.it\/radiotouring104\/\",\"name\":\"Radio Touring 104\",\"description\":\"La prima radio Reggina\",\"publisher\":{\"@id\":\"https:\/\/progettotouring.it\/radiotouring104\/#organization\"},\"potentialAction\":[{\"@type\":\"SearchAction\",\"target\":{\"@type\":\"EntryPoint\",\"urlTemplate\":\"https:\/\/progettotouring.it\/radiotouring104\/?s={search_term_string}\"},\"query-input\":{\"@type\":\"PropertyValueSpecification\",\"valueRequired\":true,\"valueName\":\"search_term_string\"}}],\"inLanguage\":\"it-IT\"},{\"@type\":\"Organization\",\"@id\":\"https:\/\/progettotouring.it\/radiotouring104\/#organization\",\"name\":\"Radio Touring 104\",\"url\":\"https:\/\/progettotouring.it\/radiotouring104\/\",\"logo\":{\"@type\":\"ImageObject\",\"inLanguage\":\"it-IT\",\"@id\":\"https:\/\/progettotouring.it\/radiotouring104\/#\/schema\/logo\/image\/\",\"url\":\"https:\/\/progettotouring.it\/radiotouring104\/wp-content\/uploads\/sites\/6\/2022\/02\/cropped-logo-radio-touring-104.png\",\"contentUrl\":\"https:\/\/progettotouring.it\/radiotouring104\/wp-content\/uploads\/sites\/6\/2022\/02\/cropped-logo-radio-touring-104.png\",\"width\":377,\"height\":182,\"caption\":\"Radio Touring 104\"},\"image\":{\"@id\":\"https:\/\/progettotouring.it\/radiotouring104\/#\/schema\/logo\/image\/\"}},{\"@type\":\"Person\",\"@id\":\"https:\/\/progettotouring.it\/radiotouring104\/#\/schema\/person\/78613917f1851f041f7483f5af1d422e\",\"name\":\"Sebastiano Plutino\",\"image\":{\"@type\":\"ImageObject\",\"inLanguage\":\"it-IT\",\"@id\":\"https:\/\/secure.gravatar.com\/avatar\/0546ffaa9b79224faf9f2a156b67a529ae861d3287c66c1d8ccfdf909bcba78d?s=96&d=mm&r=g\",\"url\":\"https:\/\/secure.gravatar.com\/avatar\/0546ffaa9b79224faf9f2a156b67a529ae861d3287c66c1d8ccfdf909bcba78d?s=96&d=mm&r=g\",\"contentUrl\":\"https:\/\/secure.gravatar.com\/avatar\/0546ffaa9b79224faf9f2a156b67a529ae861d3287c66c1d8ccfdf909bcba78d?s=96&d=mm&r=g\",\"caption\":\"Sebastiano Plutino\"},\"url\":\"https:\/\/progettotouring.it\/radiotouring104\/author\/sebastiano\/\"}]}<\/script>\n<!-- \/ Yoast SEO plugin. -->","yoast_head_json":{"title":"Gioiosa Ionica: cancelli chiusi alla \"Scuola Don Minzoni\" - Radio Touring 104","description":"Secondo la minoranza l\u2019arrivo della stagione invernale porter\u00e0 inevitabilmente ad\u00a0 ulteriori disagi per studenti e docenti","robots":{"index":"index","follow":"follow","max-snippet":"max-snippet:-1","max-image-preview":"max-image-preview:large","max-video-preview":"max-video-preview:-1"},"canonical":"https:\/\/progettotouring.it\/radiotouring104\/2024\/11\/07\/gioiosa-ionica-cancelli-chiusi-alla-scuola-don-minzoni\/","og_locale":"it_IT","og_type":"article","og_title":"Gioiosa Ionica: cancelli chiusi alla \"Scuola Don Minzoni\" - Radio Touring 104","og_description":"Secondo la minoranza l\u2019arrivo della stagione invernale porter\u00e0 inevitabilmente ad\u00a0 ulteriori disagi per studenti e docenti","og_url":"https:\/\/progettotouring.it\/radiotouring104\/2024\/11\/07\/gioiosa-ionica-cancelli-chiusi-alla-scuola-don-minzoni\/","og_site_name":"Radio Touring 104","article_published_time":"2024-11-07T11:17:32+00:00","og_image":[{"width":1500,"height":408,"url":"https:\/\/progettotouring.it\/radiotouring104\/wp-content\/uploads\/sites\/6\/2024\/05\/Gioiosa-Jonica.jpg","type":"image\/jpeg"}],"author":"Sebastiano Plutino","twitter_card":"summary_large_image","twitter_misc":{"Scritto da":"Sebastiano Plutino","Tempo di lettura stimato":"2 minuti"},"schema":{"@context":"https:\/\/schema.org","@graph":[{"@type":"Article","@id":"https:\/\/progettotouring.it\/radiotouring104\/2024\/11\/07\/gioiosa-ionica-cancelli-chiusi-alla-scuola-don-minzoni\/#article","isPartOf":{"@id":"https:\/\/progettotouring.it\/radiotouring104\/2024\/11\/07\/gioiosa-ionica-cancelli-chiusi-alla-scuola-don-minzoni\/"},"author":{"name":"Sebastiano Plutino","@id":"https:\/\/progettotouring.it\/radiotouring104\/#\/schema\/person\/78613917f1851f041f7483f5af1d422e"},"headline":"Gioiosa Ionica: cancelli chiusi alla &#8220;Scuola Don Minzoni&#8221;","datePublished":"2024-11-07T11:17:32+00:00","mainEntityOfPage":{"@id":"https:\/\/progettotouring.it\/radiotouring104\/2024\/11\/07\/gioiosa-ionica-cancelli-chiusi-alla-scuola-don-minzoni\/"},"wordCount":410,"publisher":{"@id":"https:\/\/progettotouring.it\/radiotouring104\/#organization"},"image":{"@id":"https:\/\/progettotouring.it\/radiotouring104\/2024\/11\/07\/gioiosa-ionica-cancelli-chiusi-alla-scuola-don-minzoni\/#primaryimage"},"thumbnailUrl":"https:\/\/progettotouring.it\/radiotouring104\/wp-content\/uploads\/sites\/6\/2024\/05\/Gioiosa-Jonica.jpg","keywords":["\"Scuola Don Minzoni\"","cancelli chiusi","Consigliere Agrippo","Consigliere Depino","Consigliere Logozzo","Consisgliere Mazzaferro","disaggi","docenti","Gioiosa Ionica","minoranza comunale","stagione invernale","studenti"],"articleSection":["Home","News","Reggio Calabria"],"inLanguage":"it-IT"},{"@type":"WebPage","@id":"https:\/\/progettotouring.it\/radiotouring104\/2024\/11\/07\/gioiosa-ionica-cancelli-chiusi-alla-scuola-don-minzoni\/","url":"https:\/\/progettotouring.it\/radiotouring104\/2024\/11\/07\/gioiosa-ionica-cancelli-chiusi-alla-scuola-don-minzoni\/","name":"Gioiosa Ionica: cancelli chiusi alla \"Scuola Don Minzoni\" - Radio Touring 104","isPartOf":{"@id":"https:\/\/progettotouring.it\/radiotouring104\/#website"},"primaryImageOfPage":{"@id":"https:\/\/progettotouring.it\/radiotouring104\/2024\/11\/07\/gioiosa-ionica-cancelli-chiusi-alla-scuola-don-minzoni\/#primaryimage"},"image":{"@id":"https:\/\/progettotouring.it\/radiotouring104\/2024\/11\/07\/gioiosa-ionica-cancelli-chiusi-alla-scuola-don-minzoni\/#primaryimage"},"thumbnailUrl":"https:\/\/progettotouring.it\/radiotouring104\/wp-content\/uploads\/sites\/6\/2024\/05\/Gioiosa-Jonica.jpg","datePublished":"2024-11-07T11:17:32+00:00","description":"Secondo la minoranza l\u2019arrivo della stagione invernale porter\u00e0 inevitabilmente ad\u00a0 ulteriori disagi per studenti e docenti","breadcrumb":{"@id":"https:\/\/progettotouring.it\/radiotouring104\/2024\/11\/07\/gioiosa-ionica-cancelli-chiusi-alla-scuola-don-minzoni\/#breadcrumb"},"inLanguage":"it-IT","potentialAction":[{"@type":"ReadAction","target":["https:\/\/progettotouring.it\/radiotouring104\/2024\/11\/07\/gioiosa-ionica-cancelli-chiusi-alla-scuola-don-minzoni\/"]}]},{"@type":"ImageObject","inLanguage":"it-IT","@id":"https:\/\/progettotouring.it\/radiotouring104\/2024\/11\/07\/gioiosa-ionica-cancelli-chiusi-alla-scuola-don-minzoni\/#primaryimage","url":"https:\/\/progettotouring.it\/radiotouring104\/wp-content\/uploads\/sites\/6\/2024\/05\/Gioiosa-Jonica.jpg","contentUrl":"https:\/\/progettotouring.it\/radiotouring104\/wp-content\/uploads\/sites\/6\/2024\/05\/Gioiosa-Jonica.jpg","width":1500,"height":408},{"@type":"BreadcrumbList","@id":"https:\/\/progettotouring.it\/radiotouring104\/2024\/11\/07\/gioiosa-ionica-cancelli-chiusi-alla-scuola-don-minzoni\/#breadcrumb","itemListElement":[{"@type":"ListItem","position":1,"name":"Home","item":"https:\/\/progettotouring.it\/radiotouring104\/"},{"@type":"ListItem","position":2,"name":"Gioiosa Ionica: cancelli chiusi alla &#8220;Scuola Don Minzoni&#8221;"}]},{"@type":"WebSite","@id":"https:\/\/progettotouring.it\/radiotouring104\/#website","url":"https:\/\/progettotouring.it\/radiotouring104\/","name":"Radio Touring 104","description":"La prima radio Reggina","publisher":{"@id":"https:\/\/progettotouring.it\/radiotouring104\/#organization"},"potentialAction":[{"@type":"SearchAction","target":{"@type":"EntryPoint","urlTemplate":"https:\/\/progettotouring.it\/radiotouring104\/?s={search_term_string}"},"query-input":{"@type":"PropertyValueSpecification","valueRequired":true,"valueName":"search_term_string"}}],"inLanguage":"it-IT"},{"@type":"Organization","@id":"https:\/\/progettotouring.it\/radiotouring104\/#organization","name":"Radio Touring 104","url":"https:\/\/progettotouring.it\/radiotouring104\/","logo":{"@type":"ImageObject","inLanguage":"it-IT","@id":"https:\/\/progettotouring.it\/radiotouring104\/#\/schema\/logo\/image\/","url":"https:\/\/progettotouring.it\/radiotouring104\/wp-content\/uploads\/sites\/6\/2022\/02\/cropped-logo-radio-touring-104.png","contentUrl":"https:\/\/progettotouring.it\/radiotouring104\/wp-content\/uploads\/sites\/6\/2022\/02\/cropped-logo-radio-touring-104.png","width":377,"height":182,"caption":"Radio Touring 104"},"image":{"@id":"https:\/\/progettotouring.it\/radiotouring104\/#\/schema\/logo\/image\/"}},{"@type":"Person","@id":"https:\/\/progettotouring.it\/radiotouring104\/#\/schema\/person\/78613917f1851f041f7483f5af1d422e","name":"Sebastiano Plutino","image":{"@type":"ImageObject","inLanguage":"it-IT","@id":"https:\/\/secure.gravatar.com\/avatar\/0546ffaa9b79224faf9f2a156b67a529ae861d3287c66c1d8ccfdf909bcba78d?s=96&d=mm&r=g","url":"https:\/\/secure.gravatar.com\/avatar\/0546ffaa9b79224faf9f2a156b67a529ae861d3287c66c1d8ccfdf909bcba78d?s=96&d=mm&r=g","contentUrl":"https:\/\/secure.gravatar.com\/avatar\/0546ffaa9b79224faf9f2a156b67a529ae861d3287c66c1d8ccfdf909bcba78d?s=96&d=mm&r=g","caption":"Sebastiano Plutino"},"url":"https:\/\/progettotouring.it\/radiotouring104\/author\/sebastiano\/"}]}},"jetpack_publicize_connections":[],"jetpack_featured_media_url":"https:\/\/progettotouring.it\/radiotouring104\/wp-content\/uploads\/sites\/6\/2024\/05\/Gioiosa-Jonica.jpg","jetpack_sharing_enabled":true,"_links":{"self":[{"href":"https:\/\/progettotouring.it\/radiotouring104\/wp-json\/wp\/v2\/posts\/61091","targetHints":{"allow":["GET"]}}],"collection":[{"href":"https:\/\/progettotouring.it\/radiotouring104\/wp-json\/wp\/v2\/posts"}],"about":[{"href":"https:\/\/progettotouring.it\/radiotouring104\/wp-json\/wp\/v2\/types\/post"}],"author":[{"embeddable":true,"href":"https:\/\/progettotouring.it\/radiotouring104\/wp-json\/wp\/v2\/users\/12"}],"replies":[{"embeddable":true,"href":"https:\/\/progettotouring.it\/radiotouring104\/wp-json\/wp\/v2\/comments?post=61091"}],"version-history":[{"count":1,"href":"https:\/\/progettotouring.it\/radiotouring104\/wp-json\/wp\/v2\/posts\/61091\/revisions"}],"predecessor-version":[{"id":61092,"href":"https:\/\/progettotouring.it\/radiotouring104\/wp-json\/wp\/v2\/posts\/61091\/revisions\/61092"}],"wp:featuredmedia":[{"embeddable":true,"href":"https:\/\/progettotouring.it\/radiotouring104\/wp-json\/wp\/v2\/media\/50640"}],"wp:attachment":[{"href":"https:\/\/progettotouring.it\/radiotouring104\/wp-json\/wp\/v2\/media?parent=61091"}],"wp:term":[{"taxonomy":"category","embeddable":true,"href":"https:\/\/progettotouring.it\/radiotouring104\/wp-json\/wp\/v2\/categories?post=61091"},{"taxonomy":"post_tag","embeddable":true,"href":"https:\/\/progettotouring.it\/radiotouring104\/wp-json\/wp\/v2\/tags?post=61091"}],"curies":[{"name":"wp","href":"https:\/\/api.w.org\/{rel}","templated":true}]}}