{"id":6113,"date":"2022-06-01T14:45:31","date_gmt":"2022-06-01T12:45:31","guid":{"rendered":"https:\/\/progettotouring.it\/radiotouring104\/?p=6113"},"modified":"2022-06-01T14:45:45","modified_gmt":"2022-06-01T12:45:45","slug":"lordine-dei-medici-incontra-lucia-di-furia-nuovo-commissario-asp","status":"publish","type":"post","link":"https:\/\/progettotouring.it\/radiotouring104\/2022\/06\/01\/lordine-dei-medici-incontra-lucia-di-furia-nuovo-commissario-asp\/","title":{"rendered":"L&#8217;Ordine dei Medici incontra Lucia Di Furia, nuovo commissario ASP"},"content":{"rendered":"<p style=\"font-weight: 400; text-align: justify;\">Un incontro cordiale e soprattutto costruttivo quello svoltosi nell\u2019Auditorium dell\u2019Ordine dei Medici con il nuovo Commissario dell\u2019ASP, dottoressa Lucia Di Furia. Ad organizzarlo, sotto l\u2019egida dello stesso Ordine, sono stati i responsabili dell\u2019apposita Commissione \u201cRapporti Ospedale \u2013 Territorio\u201d, dottori Francesco Biasi e Rocco Cassone.<\/p>\n<p style=\"font-weight: 400; text-align: justify;\">Un incontro, cos\u00ec come ha sottolineato il dottore Biasi, \u201cnato dall\u2019esigenza dei colleghi del territorio, medici di Medicina generale e pediatri, per auspicare una maggiore collaborazione con gli specialisti ambulatoriali ed i colleghi strutturati in ospedale che si interfacciano con i pazienti e medici di famiglia\u201d.<\/p>\n<p style=\"font-weight: 400; text-align: justify;\">\u201cSiamo oberati di richieste, di prescrizioni improprie \u2013 aggiunge il dottore Cassone &#8211; che non tocca a noi fare, come d\u2019altronde recita la legge. Problemi di comunicazione con le prescrizioni degli specialisti, delle cliniche private che non potrebbero farlo. E\u2019 importante che a livello regionale torni la ricettazione alle cliniche private convenzionate, in modo che il paziente che viene dimesso abbia subito la ricettazione per ritirare i farmaci o la prescrizione specifica di cui ha bisogno. Una maniera corretta per snellire il lavoro dei medici di base e pediatri e nello stesso tempo agevolare i pazienti. E\u2019 importante, inoltre, migliorare i rapporti tra la pediatria ospedaliera e pediatria del territorio, oltre a quella di Medicina generale. Tutto questo in una ottica di collaborazione e non di contrapposizione\u201d.<\/p>\n<p style=\"font-weight: 400; text-align: justify;\">Per il vicepresidente dell\u2019Ordine, dottore Giuseppe Zampogna, il nuovo commissario ha le idee molto chiare. \u201cLa dottoressa Di Furia vuole sviluppare la Medicina del territorio bonificando l\u2019esistente, facendo una ricognizione del personale, attribuendo gli adeguati meriti e le cariche necessarie ed avviando le procedure dei concorsi e quant\u2019altro, con l\u2019utilizzo appropriato della specialistica ambulatoriale e la velocizzazione dell\u2019attribuzione delle zone carenti per la Medicina di base. Il Commissario \u2013 continua il Vicepresidente &#8211; terr\u00e0 conto dell\u2019orografia molto complessa come quella calabrese e quindi non abbandoner\u00e0, come ha pi\u00f9 volte affermato, le periferie. Al contrario, vuole visitare tutti i siti per rendersi personalmente conto di tutte le necessit\u00e0, cos\u00ec come lo sta facendo per l\u2019ospedale di Polistena. Inoltre la stessa si ripropone di introdurre una figura nuova, rappresentata dall\u2019infermiere di Comunit\u00e0. La sua \u00e8 un po\u2019 la teoria dei vasi comunicanti, quella che intende abbattere i silos in modo che si comunichi veramente e non si lavori a compartimenti stagni\u201d.<\/p>\n<p style=\"font-weight: 400; text-align: justify;\">Per il segretario dell\u2019Ordine, dottore Vincenzo Nociti, cos\u00ec come per il presidente Pasquale Veneziano, si \u00e8 trattato di un incontro preparatorio per quelle che possono essere le future sinergie che riguardano il territorio ma anche il Grande Ospedale Metropolitano.<\/p>\n<p style=\"font-weight: 400; text-align: justify;\">\u201cRingraziamo il Commissario per la sensibilit\u00e0 dimostrata \u2013 ha sottolineato Nociti &#8211; e per la gradita collaborazione che tutti noi auspichiamo. Siamo pronti, come Ordine dei Medici, a dare quelle aperture che servono per un lavoro sinergico, per migliorare quella che \u00e8 la tutela della salute pubblica. E riuscendo a creare anche quei giusti ponti di collaborazione tra il territorio e il Gom, perch\u00e9 oggi non si pu\u00f2 parlare di una sanit\u00e0 staccata o avulsa da tutto il sistema. La sanit\u00e0 deve fare sistema e cio\u00e8 creare una sinergia tra il territorio, specialistica ambulatoriale, ospedale, medico di Medicina generale dove ognuno fa la propria parte. Creare cio\u00e8 quei \u201cponti\u201d che serviranno a migliorare anche la risposta nei riguardi dei nostri pazienti. E devo dire che il Commissario ci ha dimostrato un grande spirito collaborativo. E \u00a0ci ha chiesto, tra l\u2019altro, di starle vicino per un supporto che noi siamo pronti a darle per migliorare la risposta alla tutela ed al bisogno di salute dei nostri concittadini\u201d.<\/p>\n<p style=\"font-weight: 400; text-align: justify;\">\n","protected":false},"excerpt":{"rendered":"<p>Un incontro cordiale e soprattutto costruttivo quello svoltosi nell\u2019Auditorium dell\u2019Ordine dei Medici con il nuovo Commissario dell\u2019ASP, dottoressa Lucia Di Furia. Ad organizzarlo, sotto l\u2019egida dello stesso Ordine, sono stati&hellip;<\/p>\n","protected":false},"author":5,"featured_media":6114,"comment_status":"open","ping_status":"open","sticky":false,"template":"","format":"standard","meta":{"_jetpack_memberships_contains_paid_content":false,"footnotes":"","jetpack_publicize_message":"","jetpack_publicize_feature_enabled":true,"jetpack_social_post_already_shared":false,"jetpack_social_options":{"image_generator_settings":{"template":"highway","default_image_id":0,"font":"","enabled":false},"version":2}},"categories":[921,196,140],"tags":[902,2305,2303,1601,2304],"class_list":["post-6113","post","type-post","status-publish","format-standard","has-post-thumbnail","hentry","category-home","category-news","category-reggio-calabria","tag-asp","tag-francesco-biasi","tag-lucia-di-furia","tag-ordine-dei-medici","tag-rocco-cassone"],"yoast_head":"<!-- This site is optimized with the Yoast SEO plugin v27.2 - https:\/\/yoast.com\/product\/yoast-seo-wordpress\/ -->\n<title>L&#039;Ordine dei Medici incontra Lucia Di Furia, nuovo commissario ASP<\/title>\n<meta name=\"description\" content=\"Ad organizzare l&#039;incontro, i responsabili dell\u2019apposita Commissione \u201cRapporti Ospedale \u2013 Territorio\u201d, dottori Francesco Biasi e Rocco Cassone\" \/>\n<meta name=\"robots\" content=\"index, follow, max-snippet:-1, max-image-preview:large, max-video-preview:-1\" \/>\n<link rel=\"canonical\" href=\"https:\/\/progettotouring.it\/radiotouring104\/2022\/06\/01\/lordine-dei-medici-incontra-lucia-di-furia-nuovo-commissario-asp\/\" \/>\n<meta property=\"og:locale\" content=\"it_IT\" \/>\n<meta property=\"og:type\" content=\"article\" \/>\n<meta property=\"og:title\" content=\"L&#039;Ordine dei Medici incontra Lucia Di Furia, nuovo commissario ASP\" \/>\n<meta property=\"og:description\" content=\"Ad organizzare l&#039;incontro, i responsabili dell\u2019apposita Commissione \u201cRapporti Ospedale \u2013 Territorio\u201d, dottori Francesco Biasi e Rocco Cassone\" \/>\n<meta property=\"og:url\" content=\"https:\/\/progettotouring.it\/radiotouring104\/2022\/06\/01\/lordine-dei-medici-incontra-lucia-di-furia-nuovo-commissario-asp\/\" \/>\n<meta property=\"og:site_name\" content=\"Radio Touring 104\" \/>\n<meta property=\"article:published_time\" content=\"2022-06-01T12:45:31+00:00\" \/>\n<meta property=\"article:modified_time\" content=\"2022-06-01T12:45:45+00:00\" \/>\n<meta property=\"og:image\" content=\"https:\/\/progettotouring.it\/radiotouring104\/wp-content\/uploads\/sites\/6\/2022\/06\/Lucia-di-furia-ordine-dei-medici.jpg\" \/>\n\t<meta property=\"og:image:width\" content=\"2016\" \/>\n\t<meta property=\"og:image:height\" content=\"1134\" \/>\n\t<meta property=\"og:image:type\" content=\"image\/jpeg\" \/>\n<meta name=\"author\" content=\"redazione\" \/>\n<meta name=\"twitter:card\" content=\"summary_large_image\" \/>\n<meta name=\"twitter:label1\" content=\"Scritto da\" \/>\n\t<meta name=\"twitter:data1\" content=\"redazione\" \/>\n\t<meta name=\"twitter:label2\" content=\"Tempo di lettura stimato\" \/>\n\t<meta name=\"twitter:data2\" content=\"4 minuti\" \/>\n<script type=\"application\/ld+json\" class=\"yoast-schema-graph\">{\"@context\":\"https:\/\/schema.org\",\"@graph\":[{\"@type\":\"Article\",\"@id\":\"https:\/\/progettotouring.it\/radiotouring104\/2022\/06\/01\/lordine-dei-medici-incontra-lucia-di-furia-nuovo-commissario-asp\/#article\",\"isPartOf\":{\"@id\":\"https:\/\/progettotouring.it\/radiotouring104\/2022\/06\/01\/lordine-dei-medici-incontra-lucia-di-furia-nuovo-commissario-asp\/\"},\"author\":{\"name\":\"redazione\",\"@id\":\"https:\/\/progettotouring.it\/radiotouring104\/#\/schema\/person\/1b3eb3c07c47136bc44c785c543e635f\"},\"headline\":\"L&#8217;Ordine dei Medici incontra Lucia Di Furia, nuovo commissario ASP\",\"datePublished\":\"2022-06-01T12:45:31+00:00\",\"dateModified\":\"2022-06-01T12:45:45+00:00\",\"mainEntityOfPage\":{\"@id\":\"https:\/\/progettotouring.it\/radiotouring104\/2022\/06\/01\/lordine-dei-medici-incontra-lucia-di-furia-nuovo-commissario-asp\/\"},\"wordCount\":601,\"commentCount\":0,\"publisher\":{\"@id\":\"https:\/\/progettotouring.it\/radiotouring104\/#organization\"},\"image\":{\"@id\":\"https:\/\/progettotouring.it\/radiotouring104\/2022\/06\/01\/lordine-dei-medici-incontra-lucia-di-furia-nuovo-commissario-asp\/#primaryimage\"},\"thumbnailUrl\":\"https:\/\/progettotouring.it\/radiotouring104\/wp-content\/uploads\/sites\/6\/2022\/06\/Lucia-di-furia-ordine-dei-medici.jpg\",\"keywords\":[\"ASP\",\"Francesco biasi\",\"lucia di furia\",\"ordine dei medici\",\"rocco cassone\"],\"articleSection\":[\"Home\",\"News\",\"Reggio Calabria\"],\"inLanguage\":\"it-IT\",\"potentialAction\":[{\"@type\":\"CommentAction\",\"name\":\"Comment\",\"target\":[\"https:\/\/progettotouring.it\/radiotouring104\/2022\/06\/01\/lordine-dei-medici-incontra-lucia-di-furia-nuovo-commissario-asp\/#respond\"]}]},{\"@type\":\"WebPage\",\"@id\":\"https:\/\/progettotouring.it\/radiotouring104\/2022\/06\/01\/lordine-dei-medici-incontra-lucia-di-furia-nuovo-commissario-asp\/\",\"url\":\"https:\/\/progettotouring.it\/radiotouring104\/2022\/06\/01\/lordine-dei-medici-incontra-lucia-di-furia-nuovo-commissario-asp\/\",\"name\":\"L'Ordine dei Medici incontra Lucia Di Furia, nuovo commissario ASP\",\"isPartOf\":{\"@id\":\"https:\/\/progettotouring.it\/radiotouring104\/#website\"},\"primaryImageOfPage\":{\"@id\":\"https:\/\/progettotouring.it\/radiotouring104\/2022\/06\/01\/lordine-dei-medici-incontra-lucia-di-furia-nuovo-commissario-asp\/#primaryimage\"},\"image\":{\"@id\":\"https:\/\/progettotouring.it\/radiotouring104\/2022\/06\/01\/lordine-dei-medici-incontra-lucia-di-furia-nuovo-commissario-asp\/#primaryimage\"},\"thumbnailUrl\":\"https:\/\/progettotouring.it\/radiotouring104\/wp-content\/uploads\/sites\/6\/2022\/06\/Lucia-di-furia-ordine-dei-medici.jpg\",\"datePublished\":\"2022-06-01T12:45:31+00:00\",\"dateModified\":\"2022-06-01T12:45:45+00:00\",\"description\":\"Ad organizzare l'incontro, i responsabili dell\u2019apposita Commissione \u201cRapporti Ospedale \u2013 Territorio\u201d, dottori Francesco Biasi e Rocco Cassone\",\"breadcrumb\":{\"@id\":\"https:\/\/progettotouring.it\/radiotouring104\/2022\/06\/01\/lordine-dei-medici-incontra-lucia-di-furia-nuovo-commissario-asp\/#breadcrumb\"},\"inLanguage\":\"it-IT\",\"potentialAction\":[{\"@type\":\"ReadAction\",\"target\":[\"https:\/\/progettotouring.it\/radiotouring104\/2022\/06\/01\/lordine-dei-medici-incontra-lucia-di-furia-nuovo-commissario-asp\/\"]}]},{\"@type\":\"ImageObject\",\"inLanguage\":\"it-IT\",\"@id\":\"https:\/\/progettotouring.it\/radiotouring104\/2022\/06\/01\/lordine-dei-medici-incontra-lucia-di-furia-nuovo-commissario-asp\/#primaryimage\",\"url\":\"https:\/\/progettotouring.it\/radiotouring104\/wp-content\/uploads\/sites\/6\/2022\/06\/Lucia-di-furia-ordine-dei-medici.jpg\",\"contentUrl\":\"https:\/\/progettotouring.it\/radiotouring104\/wp-content\/uploads\/sites\/6\/2022\/06\/Lucia-di-furia-ordine-dei-medici.jpg\",\"width\":2016,\"height\":1134},{\"@type\":\"BreadcrumbList\",\"@id\":\"https:\/\/progettotouring.it\/radiotouring104\/2022\/06\/01\/lordine-dei-medici-incontra-lucia-di-furia-nuovo-commissario-asp\/#breadcrumb\",\"itemListElement\":[{\"@type\":\"ListItem\",\"position\":1,\"name\":\"Home\",\"item\":\"https:\/\/progettotouring.it\/radiotouring104\/\"},{\"@type\":\"ListItem\",\"position\":2,\"name\":\"L&#8217;Ordine dei Medici incontra Lucia Di Furia, nuovo commissario ASP\"}]},{\"@type\":\"WebSite\",\"@id\":\"https:\/\/progettotouring.it\/radiotouring104\/#website\",\"url\":\"https:\/\/progettotouring.it\/radiotouring104\/\",\"name\":\"Radio Touring 104\",\"description\":\"La prima radio Reggina\",\"publisher\":{\"@id\":\"https:\/\/progettotouring.it\/radiotouring104\/#organization\"},\"potentialAction\":[{\"@type\":\"SearchAction\",\"target\":{\"@type\":\"EntryPoint\",\"urlTemplate\":\"https:\/\/progettotouring.it\/radiotouring104\/?s={search_term_string}\"},\"query-input\":{\"@type\":\"PropertyValueSpecification\",\"valueRequired\":true,\"valueName\":\"search_term_string\"}}],\"inLanguage\":\"it-IT\"},{\"@type\":\"Organization\",\"@id\":\"https:\/\/progettotouring.it\/radiotouring104\/#organization\",\"name\":\"Radio Touring 104\",\"url\":\"https:\/\/progettotouring.it\/radiotouring104\/\",\"logo\":{\"@type\":\"ImageObject\",\"inLanguage\":\"it-IT\",\"@id\":\"https:\/\/progettotouring.it\/radiotouring104\/#\/schema\/logo\/image\/\",\"url\":\"https:\/\/progettotouring.it\/radiotouring104\/wp-content\/uploads\/sites\/6\/2022\/02\/cropped-logo-radio-touring-104.png\",\"contentUrl\":\"https:\/\/progettotouring.it\/radiotouring104\/wp-content\/uploads\/sites\/6\/2022\/02\/cropped-logo-radio-touring-104.png\",\"width\":377,\"height\":182,\"caption\":\"Radio Touring 104\"},\"image\":{\"@id\":\"https:\/\/progettotouring.it\/radiotouring104\/#\/schema\/logo\/image\/\"}},{\"@type\":\"Person\",\"@id\":\"https:\/\/progettotouring.it\/radiotouring104\/#\/schema\/person\/1b3eb3c07c47136bc44c785c543e635f\",\"name\":\"redazione\",\"image\":{\"@type\":\"ImageObject\",\"inLanguage\":\"it-IT\",\"@id\":\"https:\/\/secure.gravatar.com\/avatar\/0b31605b49f100769e8b624b3e05de1b73e1692e9568a352f60f53fd072e6e11?s=96&d=mm&r=g\",\"url\":\"https:\/\/secure.gravatar.com\/avatar\/0b31605b49f100769e8b624b3e05de1b73e1692e9568a352f60f53fd072e6e11?s=96&d=mm&r=g\",\"contentUrl\":\"https:\/\/secure.gravatar.com\/avatar\/0b31605b49f100769e8b624b3e05de1b73e1692e9568a352f60f53fd072e6e11?s=96&d=mm&r=g\",\"caption\":\"redazione\"},\"url\":\"https:\/\/progettotouring.it\/radiotouring104\/author\/redazione\/\"}]}<\/script>\n<!-- \/ Yoast SEO plugin. -->","yoast_head_json":{"title":"L'Ordine dei Medici incontra Lucia Di Furia, nuovo commissario ASP","description":"Ad organizzare l'incontro, i responsabili dell\u2019apposita Commissione \u201cRapporti Ospedale \u2013 Territorio\u201d, dottori Francesco Biasi e Rocco Cassone","robots":{"index":"index","follow":"follow","max-snippet":"max-snippet:-1","max-image-preview":"max-image-preview:large","max-video-preview":"max-video-preview:-1"},"canonical":"https:\/\/progettotouring.it\/radiotouring104\/2022\/06\/01\/lordine-dei-medici-incontra-lucia-di-furia-nuovo-commissario-asp\/","og_locale":"it_IT","og_type":"article","og_title":"L'Ordine dei Medici incontra Lucia Di Furia, nuovo commissario ASP","og_description":"Ad organizzare l'incontro, i responsabili dell\u2019apposita Commissione \u201cRapporti Ospedale \u2013 Territorio\u201d, dottori Francesco Biasi e Rocco Cassone","og_url":"https:\/\/progettotouring.it\/radiotouring104\/2022\/06\/01\/lordine-dei-medici-incontra-lucia-di-furia-nuovo-commissario-asp\/","og_site_name":"Radio Touring 104","article_published_time":"2022-06-01T12:45:31+00:00","article_modified_time":"2022-06-01T12:45:45+00:00","og_image":[{"width":2016,"height":1134,"url":"https:\/\/progettotouring.it\/radiotouring104\/wp-content\/uploads\/sites\/6\/2022\/06\/Lucia-di-furia-ordine-dei-medici.jpg","type":"image\/jpeg"}],"author":"redazione","twitter_card":"summary_large_image","twitter_misc":{"Scritto da":"redazione","Tempo di lettura stimato":"4 minuti"},"schema":{"@context":"https:\/\/schema.org","@graph":[{"@type":"Article","@id":"https:\/\/progettotouring.it\/radiotouring104\/2022\/06\/01\/lordine-dei-medici-incontra-lucia-di-furia-nuovo-commissario-asp\/#article","isPartOf":{"@id":"https:\/\/progettotouring.it\/radiotouring104\/2022\/06\/01\/lordine-dei-medici-incontra-lucia-di-furia-nuovo-commissario-asp\/"},"author":{"name":"redazione","@id":"https:\/\/progettotouring.it\/radiotouring104\/#\/schema\/person\/1b3eb3c07c47136bc44c785c543e635f"},"headline":"L&#8217;Ordine dei Medici incontra Lucia Di Furia, nuovo commissario ASP","datePublished":"2022-06-01T12:45:31+00:00","dateModified":"2022-06-01T12:45:45+00:00","mainEntityOfPage":{"@id":"https:\/\/progettotouring.it\/radiotouring104\/2022\/06\/01\/lordine-dei-medici-incontra-lucia-di-furia-nuovo-commissario-asp\/"},"wordCount":601,"commentCount":0,"publisher":{"@id":"https:\/\/progettotouring.it\/radiotouring104\/#organization"},"image":{"@id":"https:\/\/progettotouring.it\/radiotouring104\/2022\/06\/01\/lordine-dei-medici-incontra-lucia-di-furia-nuovo-commissario-asp\/#primaryimage"},"thumbnailUrl":"https:\/\/progettotouring.it\/radiotouring104\/wp-content\/uploads\/sites\/6\/2022\/06\/Lucia-di-furia-ordine-dei-medici.jpg","keywords":["ASP","Francesco biasi","lucia di furia","ordine dei medici","rocco cassone"],"articleSection":["Home","News","Reggio Calabria"],"inLanguage":"it-IT","potentialAction":[{"@type":"CommentAction","name":"Comment","target":["https:\/\/progettotouring.it\/radiotouring104\/2022\/06\/01\/lordine-dei-medici-incontra-lucia-di-furia-nuovo-commissario-asp\/#respond"]}]},{"@type":"WebPage","@id":"https:\/\/progettotouring.it\/radiotouring104\/2022\/06\/01\/lordine-dei-medici-incontra-lucia-di-furia-nuovo-commissario-asp\/","url":"https:\/\/progettotouring.it\/radiotouring104\/2022\/06\/01\/lordine-dei-medici-incontra-lucia-di-furia-nuovo-commissario-asp\/","name":"L'Ordine dei Medici incontra Lucia Di Furia, nuovo commissario ASP","isPartOf":{"@id":"https:\/\/progettotouring.it\/radiotouring104\/#website"},"primaryImageOfPage":{"@id":"https:\/\/progettotouring.it\/radiotouring104\/2022\/06\/01\/lordine-dei-medici-incontra-lucia-di-furia-nuovo-commissario-asp\/#primaryimage"},"image":{"@id":"https:\/\/progettotouring.it\/radiotouring104\/2022\/06\/01\/lordine-dei-medici-incontra-lucia-di-furia-nuovo-commissario-asp\/#primaryimage"},"thumbnailUrl":"https:\/\/progettotouring.it\/radiotouring104\/wp-content\/uploads\/sites\/6\/2022\/06\/Lucia-di-furia-ordine-dei-medici.jpg","datePublished":"2022-06-01T12:45:31+00:00","dateModified":"2022-06-01T12:45:45+00:00","description":"Ad organizzare l'incontro, i responsabili dell\u2019apposita Commissione \u201cRapporti Ospedale \u2013 Territorio\u201d, dottori Francesco Biasi e Rocco Cassone","breadcrumb":{"@id":"https:\/\/progettotouring.it\/radiotouring104\/2022\/06\/01\/lordine-dei-medici-incontra-lucia-di-furia-nuovo-commissario-asp\/#breadcrumb"},"inLanguage":"it-IT","potentialAction":[{"@type":"ReadAction","target":["https:\/\/progettotouring.it\/radiotouring104\/2022\/06\/01\/lordine-dei-medici-incontra-lucia-di-furia-nuovo-commissario-asp\/"]}]},{"@type":"ImageObject","inLanguage":"it-IT","@id":"https:\/\/progettotouring.it\/radiotouring104\/2022\/06\/01\/lordine-dei-medici-incontra-lucia-di-furia-nuovo-commissario-asp\/#primaryimage","url":"https:\/\/progettotouring.it\/radiotouring104\/wp-content\/uploads\/sites\/6\/2022\/06\/Lucia-di-furia-ordine-dei-medici.jpg","contentUrl":"https:\/\/progettotouring.it\/radiotouring104\/wp-content\/uploads\/sites\/6\/2022\/06\/Lucia-di-furia-ordine-dei-medici.jpg","width":2016,"height":1134},{"@type":"BreadcrumbList","@id":"https:\/\/progettotouring.it\/radiotouring104\/2022\/06\/01\/lordine-dei-medici-incontra-lucia-di-furia-nuovo-commissario-asp\/#breadcrumb","itemListElement":[{"@type":"ListItem","position":1,"name":"Home","item":"https:\/\/progettotouring.it\/radiotouring104\/"},{"@type":"ListItem","position":2,"name":"L&#8217;Ordine dei Medici incontra Lucia Di Furia, nuovo commissario ASP"}]},{"@type":"WebSite","@id":"https:\/\/progettotouring.it\/radiotouring104\/#website","url":"https:\/\/progettotouring.it\/radiotouring104\/","name":"Radio Touring 104","description":"La prima radio Reggina","publisher":{"@id":"https:\/\/progettotouring.it\/radiotouring104\/#organization"},"potentialAction":[{"@type":"SearchAction","target":{"@type":"EntryPoint","urlTemplate":"https:\/\/progettotouring.it\/radiotouring104\/?s={search_term_string}"},"query-input":{"@type":"PropertyValueSpecification","valueRequired":true,"valueName":"search_term_string"}}],"inLanguage":"it-IT"},{"@type":"Organization","@id":"https:\/\/progettotouring.it\/radiotouring104\/#organization","name":"Radio Touring 104","url":"https:\/\/progettotouring.it\/radiotouring104\/","logo":{"@type":"ImageObject","inLanguage":"it-IT","@id":"https:\/\/progettotouring.it\/radiotouring104\/#\/schema\/logo\/image\/","url":"https:\/\/progettotouring.it\/radiotouring104\/wp-content\/uploads\/sites\/6\/2022\/02\/cropped-logo-radio-touring-104.png","contentUrl":"https:\/\/progettotouring.it\/radiotouring104\/wp-content\/uploads\/sites\/6\/2022\/02\/cropped-logo-radio-touring-104.png","width":377,"height":182,"caption":"Radio Touring 104"},"image":{"@id":"https:\/\/progettotouring.it\/radiotouring104\/#\/schema\/logo\/image\/"}},{"@type":"Person","@id":"https:\/\/progettotouring.it\/radiotouring104\/#\/schema\/person\/1b3eb3c07c47136bc44c785c543e635f","name":"redazione","image":{"@type":"ImageObject","inLanguage":"it-IT","@id":"https:\/\/secure.gravatar.com\/avatar\/0b31605b49f100769e8b624b3e05de1b73e1692e9568a352f60f53fd072e6e11?s=96&d=mm&r=g","url":"https:\/\/secure.gravatar.com\/avatar\/0b31605b49f100769e8b624b3e05de1b73e1692e9568a352f60f53fd072e6e11?s=96&d=mm&r=g","contentUrl":"https:\/\/secure.gravatar.com\/avatar\/0b31605b49f100769e8b624b3e05de1b73e1692e9568a352f60f53fd072e6e11?s=96&d=mm&r=g","caption":"redazione"},"url":"https:\/\/progettotouring.it\/radiotouring104\/author\/redazione\/"}]}},"jetpack_publicize_connections":[],"jetpack_featured_media_url":"https:\/\/progettotouring.it\/radiotouring104\/wp-content\/uploads\/sites\/6\/2022\/06\/Lucia-di-furia-ordine-dei-medici.jpg","jetpack_sharing_enabled":true,"_links":{"self":[{"href":"https:\/\/progettotouring.it\/radiotouring104\/wp-json\/wp\/v2\/posts\/6113","targetHints":{"allow":["GET"]}}],"collection":[{"href":"https:\/\/progettotouring.it\/radiotouring104\/wp-json\/wp\/v2\/posts"}],"about":[{"href":"https:\/\/progettotouring.it\/radiotouring104\/wp-json\/wp\/v2\/types\/post"}],"author":[{"embeddable":true,"href":"https:\/\/progettotouring.it\/radiotouring104\/wp-json\/wp\/v2\/users\/5"}],"replies":[{"embeddable":true,"href":"https:\/\/progettotouring.it\/radiotouring104\/wp-json\/wp\/v2\/comments?post=6113"}],"version-history":[{"count":1,"href":"https:\/\/progettotouring.it\/radiotouring104\/wp-json\/wp\/v2\/posts\/6113\/revisions"}],"predecessor-version":[{"id":6115,"href":"https:\/\/progettotouring.it\/radiotouring104\/wp-json\/wp\/v2\/posts\/6113\/revisions\/6115"}],"wp:featuredmedia":[{"embeddable":true,"href":"https:\/\/progettotouring.it\/radiotouring104\/wp-json\/wp\/v2\/media\/6114"}],"wp:attachment":[{"href":"https:\/\/progettotouring.it\/radiotouring104\/wp-json\/wp\/v2\/media?parent=6113"}],"wp:term":[{"taxonomy":"category","embeddable":true,"href":"https:\/\/progettotouring.it\/radiotouring104\/wp-json\/wp\/v2\/categories?post=6113"},{"taxonomy":"post_tag","embeddable":true,"href":"https:\/\/progettotouring.it\/radiotouring104\/wp-json\/wp\/v2\/tags?post=6113"}],"curies":[{"name":"wp","href":"https:\/\/api.w.org\/{rel}","templated":true}]}}