{"id":6119,"date":"2022-06-01T15:23:27","date_gmt":"2022-06-01T13:23:27","guid":{"rendered":"https:\/\/progettotouring.it\/radiotouring104\/?p=6119"},"modified":"2022-06-01T15:23:27","modified_gmt":"2022-06-01T13:23:27","slug":"finali-nazionali-s3-di-volley-a-siderno-oggi-la-presentazione-a-palazzo-alvaro","status":"publish","type":"post","link":"https:\/\/progettotouring.it\/radiotouring104\/2022\/06\/01\/finali-nazionali-s3-di-volley-a-siderno-oggi-la-presentazione-a-palazzo-alvaro\/","title":{"rendered":"Finali Nazionali S3 di Volley a Siderno: oggi la presentazione a Palazzo Alvaro"},"content":{"rendered":"<p style=\"text-align: justify;\">E&#8217; stato presentato questa mattina a Palazzo &#8220;Corrado Alvaro&#8221;, sede della Citt\u00e0 metropolitana di Reggio Calabria, l&#8217;importante evento sportivo che vedr\u00e0 protagonista Siderno dal 12 al 17 giugno prossimi, in occasione delle Finali Nazionali Volley S3. All&#8217;incontro hanno preso parte il Sindaco f.f della Citt\u00e0 metropolitana, Carmelo Versace, la vicepresidente della Regione Calabria, Giuseppina Princi, il Sindaco di Siderno, Mariateresa Fragomeni, il delegato allo Sport del Comune di Siderno, Davide Lurasco, il segretario regionale Sport e Salute, Walter Malacrino e il presidente Fipav CR Calabria, Domenico Panuccio.<\/p>\n<p>\u201cSiamo davvero contenti di poter presentare, insieme alla Federazione italiana Pallavolo, un altro bellissimo evento sportivo che si inquadra perfettamente all\u2019interno della strategia pi\u00f9 generale di valorizzazione del territorio che ci vede impegnati nell\u2019anno che celebra i Bronzi di Riace\u201d, ha affermato il Sindaco metropolitano f.f. Versace che ha poi sottolineato la centralit\u00e0 dello Sport, &#8220;quale strumento in grado di unire e quindi di rilanciare fortemente il nostro territorio metropolitano. Quest\u2019ultimo si conferma ancora una volta un luogo attrattivo e in grado di affrontare adeguatamente questi appuntamenti anche sul piano organizzativo. Ma \u00e8 anche una bella prova di sinergia e collaborazione tra enti del territorio, primo fra tutti il Comune di Siderno e naturalmente la Regione Calabria che ha voluto offrire il proprio patrocinio&#8221;.<\/p>\n<p>Dal canto suo la Citt\u00e0 Metropolitana, quale ente capofila, \u201cribadisce il proprio impegno sul fronte dello Sport e dei grandi attrattori legati a questo settore sui cui l\u2019Ente sta investendo con grande determinazione, nel quadro di un\u2019attenta attivit\u00e0 di programmazione e dialogo costante con le federazioni, che sta caratterizzando l\u2019indirizzo operativo di questa amministrazione\u201d.<\/p>\n<p>Un evento destinato a offrire ai tantissimi visitatori che arriveranno nella splendida localit\u00e0 del versante jonico reggino (oltre duemila persone tra tecnici, atleti, famiglie, accompagnatori e rappresentanti delle varie delegazioni), l\u2019immagine bellissima di un territorio accogliente. \u201cE sono proprio queste le occasioni migliori per riappropriarci della normalit\u00e0 perduta in questi due anni \u2013 ha poi rimarcato la vicepresidente regionale Princi \u2013 recuperando spazi e occasioni di socialit\u00e0 che vedono protagonisti i giovani. Ma sar\u00e0 anche un momento di grande rilievo in ottica turistica poich\u00e9 attraverso questi grandi eventi sportivi si riesce a far conoscere ad un ampio pubblico lo straordinario patrimonio culturale e artistico che il territorio metropolitano reggino custodisce e le sue tante bellezze paesaggistiche, in un anno molto importante come quello che stiamo vivendo e che \u00e8 segnato dal Cinquantesimo dal ritrovamento dei Bronzi di Riace su cui le istituzioni del territorio stanno lavorando sinergicamente\u201d.<\/p>\n<p>Per Siderno si tratta di un nuovo appuntamento che rilancia l\u2019immagine di una comunit\u00e0 ambiziosa che vuole ripartire anche attraverso questo tipo di manifestazioni, e \u201cvoglio ringraziare gli enti coinvolti, &#8211; ha sottolineato il Sindaco Fragomeni &#8211; la Citt\u00e0 metropolitana in particolare, il Sindaco f.f. Versace, che ci sta offrendo un significativo contributo in questa direzione e naturalmente anche la Fipav, regionale e provinciale, con cui ormai si \u00e8 instaurato un rapporto speciale su questo tipo di iniziative. Puntiamo molto sul turismo sportivo che ci consente, tra le altre cose, di rilanciare i percorsi di destagionalizzazione sui quali il nostro territorio pu\u00f2 investire in modo molto proficuo\u201d.<\/p>\n<p>Sar\u00e0 una settimana intensa ed entusiasmante, ha infine evidenziato Panuccio, \u201cche segue il bellissimo momento vissuto ad aprile, sempre a Siderno, con le qualificazioni europee femminili Under 18. E sar\u00e0 anche una bella prova per la Fipav che dovr\u00e0 gestire al meglio l\u2019arrivo di cos\u00ec tanti partecipanti. Voglio ringraziare gli enti coinvolti, Comune di Siderno, Citt\u00e0 metropolitana e Regione Calabria per la fattiva collaborazione che ci ha consentito di organizzare ottimamente questo grande evento\u201d.<\/p>\n","protected":false},"excerpt":{"rendered":"<p>E&#8217; stato presentato questa mattina a Palazzo &#8220;Corrado Alvaro&#8221;, sede della Citt\u00e0 metropolitana di Reggio Calabria, l&#8217;importante evento sportivo che vedr\u00e0 protagonista Siderno dal 12 al 17 giugno prossimi, in&hellip;<\/p>\n","protected":false},"author":1,"featured_media":6120,"comment_status":"open","ping_status":"open","sticky":false,"template":"","format":"standard","meta":{"_jetpack_memberships_contains_paid_content":false,"footnotes":"","jetpack_publicize_message":"","jetpack_publicize_feature_enabled":true,"jetpack_social_post_already_shared":false,"jetpack_social_options":{"image_generator_settings":{"template":"highway","default_image_id":0,"font":"","enabled":false},"version":2}},"categories":[196,140,144],"tags":[239,563,2309,1839,739,679],"class_list":["post-6119","post","type-post","status-publish","format-standard","has-post-thumbnail","hentry","category-news","category-reggio-calabria","category-sport","tag-carmelo-versace","tag-citta-metropolitana-di-reggio-calabria","tag-finali-nazionali-s3","tag-giusy-princi","tag-palazzo-alvaro","tag-siderno"],"yoast_head":"<!-- This site is optimized with the Yoast SEO plugin v27.2 - https:\/\/yoast.com\/product\/yoast-seo-wordpress\/ -->\n<title>Finali Nazionali S3 di Volley a Siderno: oggi la presentazione a Palazzo Alvaro - Radio Touring 104<\/title>\n<meta name=\"robots\" content=\"index, follow, max-snippet:-1, max-image-preview:large, max-video-preview:-1\" \/>\n<link rel=\"canonical\" href=\"https:\/\/progettotouring.it\/radiotouring104\/2022\/06\/01\/finali-nazionali-s3-di-volley-a-siderno-oggi-la-presentazione-a-palazzo-alvaro\/\" \/>\n<meta property=\"og:locale\" content=\"it_IT\" \/>\n<meta property=\"og:type\" content=\"article\" \/>\n<meta property=\"og:title\" content=\"Finali Nazionali S3 di Volley a Siderno: oggi la presentazione a Palazzo Alvaro - Radio Touring 104\" \/>\n<meta property=\"og:description\" content=\"E&#8217; stato presentato questa mattina a Palazzo &#8220;Corrado Alvaro&#8221;, sede della Citt\u00e0 metropolitana di Reggio Calabria, l&#8217;importante evento sportivo che vedr\u00e0 protagonista Siderno dal 12 al 17 giugno prossimi, in&hellip;\" \/>\n<meta property=\"og:url\" content=\"https:\/\/progettotouring.it\/radiotouring104\/2022\/06\/01\/finali-nazionali-s3-di-volley-a-siderno-oggi-la-presentazione-a-palazzo-alvaro\/\" \/>\n<meta property=\"og:site_name\" content=\"Radio Touring 104\" \/>\n<meta property=\"article:published_time\" content=\"2022-06-01T13:23:27+00:00\" \/>\n<meta property=\"og:image\" content=\"https:\/\/progettotouring.it\/radiotouring104\/wp-content\/uploads\/sites\/6\/2022\/06\/presentazione-finali-volley-s3-siderno-1.jpeg\" \/>\n\t<meta property=\"og:image:width\" content=\"1600\" \/>\n\t<meta property=\"og:image:height\" content=\"1087\" \/>\n\t<meta property=\"og:image:type\" content=\"image\/jpeg\" \/>\n<meta name=\"author\" content=\"Chiara Cucinotta\" \/>\n<meta name=\"twitter:card\" content=\"summary_large_image\" \/>\n<meta name=\"twitter:label1\" content=\"Scritto da\" \/>\n\t<meta name=\"twitter:data1\" content=\"Chiara Cucinotta\" \/>\n\t<meta name=\"twitter:label2\" content=\"Tempo di lettura stimato\" \/>\n\t<meta name=\"twitter:data2\" content=\"4 minuti\" \/>\n<script type=\"application\/ld+json\" class=\"yoast-schema-graph\">{\"@context\":\"https:\/\/schema.org\",\"@graph\":[{\"@type\":\"Article\",\"@id\":\"https:\/\/progettotouring.it\/radiotouring104\/2022\/06\/01\/finali-nazionali-s3-di-volley-a-siderno-oggi-la-presentazione-a-palazzo-alvaro\/#article\",\"isPartOf\":{\"@id\":\"https:\/\/progettotouring.it\/radiotouring104\/2022\/06\/01\/finali-nazionali-s3-di-volley-a-siderno-oggi-la-presentazione-a-palazzo-alvaro\/\"},\"author\":{\"name\":\"Chiara Cucinotta\",\"@id\":\"https:\/\/progettotouring.it\/radiotouring104\/#\/schema\/person\/f01f189b71df20dcfc0890eea7e67a0e\"},\"headline\":\"Finali Nazionali S3 di Volley a Siderno: oggi la presentazione a Palazzo Alvaro\",\"datePublished\":\"2022-06-01T13:23:27+00:00\",\"mainEntityOfPage\":{\"@id\":\"https:\/\/progettotouring.it\/radiotouring104\/2022\/06\/01\/finali-nazionali-s3-di-volley-a-siderno-oggi-la-presentazione-a-palazzo-alvaro\/\"},\"wordCount\":610,\"commentCount\":0,\"publisher\":{\"@id\":\"https:\/\/progettotouring.it\/radiotouring104\/#organization\"},\"image\":{\"@id\":\"https:\/\/progettotouring.it\/radiotouring104\/2022\/06\/01\/finali-nazionali-s3-di-volley-a-siderno-oggi-la-presentazione-a-palazzo-alvaro\/#primaryimage\"},\"thumbnailUrl\":\"https:\/\/progettotouring.it\/radiotouring104\/wp-content\/uploads\/sites\/6\/2022\/06\/presentazione-finali-volley-s3-siderno-1.jpeg\",\"keywords\":[\"carmelo versace\",\"Citt\u00e0 Metropolitana di Reggio Calabria\",\"Finali nazionali S3\",\"Giusy Princi\",\"Palazzo Alvaro\",\"siderno\"],\"articleSection\":[\"News\",\"Reggio Calabria\",\"Sport\"],\"inLanguage\":\"it-IT\",\"potentialAction\":[{\"@type\":\"CommentAction\",\"name\":\"Comment\",\"target\":[\"https:\/\/progettotouring.it\/radiotouring104\/2022\/06\/01\/finali-nazionali-s3-di-volley-a-siderno-oggi-la-presentazione-a-palazzo-alvaro\/#respond\"]}]},{\"@type\":\"WebPage\",\"@id\":\"https:\/\/progettotouring.it\/radiotouring104\/2022\/06\/01\/finali-nazionali-s3-di-volley-a-siderno-oggi-la-presentazione-a-palazzo-alvaro\/\",\"url\":\"https:\/\/progettotouring.it\/radiotouring104\/2022\/06\/01\/finali-nazionali-s3-di-volley-a-siderno-oggi-la-presentazione-a-palazzo-alvaro\/\",\"name\":\"Finali Nazionali S3 di Volley a Siderno: oggi la presentazione a Palazzo Alvaro - Radio Touring 104\",\"isPartOf\":{\"@id\":\"https:\/\/progettotouring.it\/radiotouring104\/#website\"},\"primaryImageOfPage\":{\"@id\":\"https:\/\/progettotouring.it\/radiotouring104\/2022\/06\/01\/finali-nazionali-s3-di-volley-a-siderno-oggi-la-presentazione-a-palazzo-alvaro\/#primaryimage\"},\"image\":{\"@id\":\"https:\/\/progettotouring.it\/radiotouring104\/2022\/06\/01\/finali-nazionali-s3-di-volley-a-siderno-oggi-la-presentazione-a-palazzo-alvaro\/#primaryimage\"},\"thumbnailUrl\":\"https:\/\/progettotouring.it\/radiotouring104\/wp-content\/uploads\/sites\/6\/2022\/06\/presentazione-finali-volley-s3-siderno-1.jpeg\",\"datePublished\":\"2022-06-01T13:23:27+00:00\",\"breadcrumb\":{\"@id\":\"https:\/\/progettotouring.it\/radiotouring104\/2022\/06\/01\/finali-nazionali-s3-di-volley-a-siderno-oggi-la-presentazione-a-palazzo-alvaro\/#breadcrumb\"},\"inLanguage\":\"it-IT\",\"potentialAction\":[{\"@type\":\"ReadAction\",\"target\":[\"https:\/\/progettotouring.it\/radiotouring104\/2022\/06\/01\/finali-nazionali-s3-di-volley-a-siderno-oggi-la-presentazione-a-palazzo-alvaro\/\"]}]},{\"@type\":\"ImageObject\",\"inLanguage\":\"it-IT\",\"@id\":\"https:\/\/progettotouring.it\/radiotouring104\/2022\/06\/01\/finali-nazionali-s3-di-volley-a-siderno-oggi-la-presentazione-a-palazzo-alvaro\/#primaryimage\",\"url\":\"https:\/\/progettotouring.it\/radiotouring104\/wp-content\/uploads\/sites\/6\/2022\/06\/presentazione-finali-volley-s3-siderno-1.jpeg\",\"contentUrl\":\"https:\/\/progettotouring.it\/radiotouring104\/wp-content\/uploads\/sites\/6\/2022\/06\/presentazione-finali-volley-s3-siderno-1.jpeg\",\"width\":1600,\"height\":1087},{\"@type\":\"BreadcrumbList\",\"@id\":\"https:\/\/progettotouring.it\/radiotouring104\/2022\/06\/01\/finali-nazionali-s3-di-volley-a-siderno-oggi-la-presentazione-a-palazzo-alvaro\/#breadcrumb\",\"itemListElement\":[{\"@type\":\"ListItem\",\"position\":1,\"name\":\"Home\",\"item\":\"https:\/\/progettotouring.it\/radiotouring104\/\"},{\"@type\":\"ListItem\",\"position\":2,\"name\":\"Finali Nazionali S3 di Volley a Siderno: oggi la presentazione a Palazzo Alvaro\"}]},{\"@type\":\"WebSite\",\"@id\":\"https:\/\/progettotouring.it\/radiotouring104\/#website\",\"url\":\"https:\/\/progettotouring.it\/radiotouring104\/\",\"name\":\"Radio Touring 104\",\"description\":\"La prima radio Reggina\",\"publisher\":{\"@id\":\"https:\/\/progettotouring.it\/radiotouring104\/#organization\"},\"potentialAction\":[{\"@type\":\"SearchAction\",\"target\":{\"@type\":\"EntryPoint\",\"urlTemplate\":\"https:\/\/progettotouring.it\/radiotouring104\/?s={search_term_string}\"},\"query-input\":{\"@type\":\"PropertyValueSpecification\",\"valueRequired\":true,\"valueName\":\"search_term_string\"}}],\"inLanguage\":\"it-IT\"},{\"@type\":\"Organization\",\"@id\":\"https:\/\/progettotouring.it\/radiotouring104\/#organization\",\"name\":\"Radio Touring 104\",\"url\":\"https:\/\/progettotouring.it\/radiotouring104\/\",\"logo\":{\"@type\":\"ImageObject\",\"inLanguage\":\"it-IT\",\"@id\":\"https:\/\/progettotouring.it\/radiotouring104\/#\/schema\/logo\/image\/\",\"url\":\"https:\/\/progettotouring.it\/radiotouring104\/wp-content\/uploads\/sites\/6\/2022\/02\/cropped-logo-radio-touring-104.png\",\"contentUrl\":\"https:\/\/progettotouring.it\/radiotouring104\/wp-content\/uploads\/sites\/6\/2022\/02\/cropped-logo-radio-touring-104.png\",\"width\":377,\"height\":182,\"caption\":\"Radio Touring 104\"},\"image\":{\"@id\":\"https:\/\/progettotouring.it\/radiotouring104\/#\/schema\/logo\/image\/\"}},{\"@type\":\"Person\",\"@id\":\"https:\/\/progettotouring.it\/radiotouring104\/#\/schema\/person\/f01f189b71df20dcfc0890eea7e67a0e\",\"name\":\"Chiara Cucinotta\",\"image\":{\"@type\":\"ImageObject\",\"inLanguage\":\"it-IT\",\"@id\":\"https:\/\/secure.gravatar.com\/avatar\/efe17e5613fdef9b05741a23cd4ef4e9b1c39955d8fe11176cb1da3641c96104?s=96&d=mm&r=g\",\"url\":\"https:\/\/secure.gravatar.com\/avatar\/efe17e5613fdef9b05741a23cd4ef4e9b1c39955d8fe11176cb1da3641c96104?s=96&d=mm&r=g\",\"contentUrl\":\"https:\/\/secure.gravatar.com\/avatar\/efe17e5613fdef9b05741a23cd4ef4e9b1c39955d8fe11176cb1da3641c96104?s=96&d=mm&r=g\",\"caption\":\"Chiara Cucinotta\"},\"sameAs\":[\"https:\/\/progettotouring.it\"],\"url\":\"https:\/\/progettotouring.it\/radiotouring104\/author\/auranex\/\"}]}<\/script>\n<!-- \/ Yoast SEO plugin. -->","yoast_head_json":{"title":"Finali Nazionali S3 di Volley a Siderno: oggi la presentazione a Palazzo Alvaro - Radio Touring 104","robots":{"index":"index","follow":"follow","max-snippet":"max-snippet:-1","max-image-preview":"max-image-preview:large","max-video-preview":"max-video-preview:-1"},"canonical":"https:\/\/progettotouring.it\/radiotouring104\/2022\/06\/01\/finali-nazionali-s3-di-volley-a-siderno-oggi-la-presentazione-a-palazzo-alvaro\/","og_locale":"it_IT","og_type":"article","og_title":"Finali Nazionali S3 di Volley a Siderno: oggi la presentazione a Palazzo Alvaro - Radio Touring 104","og_description":"E&#8217; stato presentato questa mattina a Palazzo &#8220;Corrado Alvaro&#8221;, sede della Citt\u00e0 metropolitana di Reggio Calabria, l&#8217;importante evento sportivo che vedr\u00e0 protagonista Siderno dal 12 al 17 giugno prossimi, in&hellip;","og_url":"https:\/\/progettotouring.it\/radiotouring104\/2022\/06\/01\/finali-nazionali-s3-di-volley-a-siderno-oggi-la-presentazione-a-palazzo-alvaro\/","og_site_name":"Radio Touring 104","article_published_time":"2022-06-01T13:23:27+00:00","og_image":[{"width":1600,"height":1087,"url":"https:\/\/progettotouring.it\/radiotouring104\/wp-content\/uploads\/sites\/6\/2022\/06\/presentazione-finali-volley-s3-siderno-1.jpeg","type":"image\/jpeg"}],"author":"Chiara Cucinotta","twitter_card":"summary_large_image","twitter_misc":{"Scritto da":"Chiara Cucinotta","Tempo di lettura stimato":"4 minuti"},"schema":{"@context":"https:\/\/schema.org","@graph":[{"@type":"Article","@id":"https:\/\/progettotouring.it\/radiotouring104\/2022\/06\/01\/finali-nazionali-s3-di-volley-a-siderno-oggi-la-presentazione-a-palazzo-alvaro\/#article","isPartOf":{"@id":"https:\/\/progettotouring.it\/radiotouring104\/2022\/06\/01\/finali-nazionali-s3-di-volley-a-siderno-oggi-la-presentazione-a-palazzo-alvaro\/"},"author":{"name":"Chiara Cucinotta","@id":"https:\/\/progettotouring.it\/radiotouring104\/#\/schema\/person\/f01f189b71df20dcfc0890eea7e67a0e"},"headline":"Finali Nazionali S3 di Volley a Siderno: oggi la presentazione a Palazzo Alvaro","datePublished":"2022-06-01T13:23:27+00:00","mainEntityOfPage":{"@id":"https:\/\/progettotouring.it\/radiotouring104\/2022\/06\/01\/finali-nazionali-s3-di-volley-a-siderno-oggi-la-presentazione-a-palazzo-alvaro\/"},"wordCount":610,"commentCount":0,"publisher":{"@id":"https:\/\/progettotouring.it\/radiotouring104\/#organization"},"image":{"@id":"https:\/\/progettotouring.it\/radiotouring104\/2022\/06\/01\/finali-nazionali-s3-di-volley-a-siderno-oggi-la-presentazione-a-palazzo-alvaro\/#primaryimage"},"thumbnailUrl":"https:\/\/progettotouring.it\/radiotouring104\/wp-content\/uploads\/sites\/6\/2022\/06\/presentazione-finali-volley-s3-siderno-1.jpeg","keywords":["carmelo versace","Citt\u00e0 Metropolitana di Reggio Calabria","Finali nazionali S3","Giusy Princi","Palazzo Alvaro","siderno"],"articleSection":["News","Reggio Calabria","Sport"],"inLanguage":"it-IT","potentialAction":[{"@type":"CommentAction","name":"Comment","target":["https:\/\/progettotouring.it\/radiotouring104\/2022\/06\/01\/finali-nazionali-s3-di-volley-a-siderno-oggi-la-presentazione-a-palazzo-alvaro\/#respond"]}]},{"@type":"WebPage","@id":"https:\/\/progettotouring.it\/radiotouring104\/2022\/06\/01\/finali-nazionali-s3-di-volley-a-siderno-oggi-la-presentazione-a-palazzo-alvaro\/","url":"https:\/\/progettotouring.it\/radiotouring104\/2022\/06\/01\/finali-nazionali-s3-di-volley-a-siderno-oggi-la-presentazione-a-palazzo-alvaro\/","name":"Finali Nazionali S3 di Volley a Siderno: oggi la presentazione a Palazzo Alvaro - Radio Touring 104","isPartOf":{"@id":"https:\/\/progettotouring.it\/radiotouring104\/#website"},"primaryImageOfPage":{"@id":"https:\/\/progettotouring.it\/radiotouring104\/2022\/06\/01\/finali-nazionali-s3-di-volley-a-siderno-oggi-la-presentazione-a-palazzo-alvaro\/#primaryimage"},"image":{"@id":"https:\/\/progettotouring.it\/radiotouring104\/2022\/06\/01\/finali-nazionali-s3-di-volley-a-siderno-oggi-la-presentazione-a-palazzo-alvaro\/#primaryimage"},"thumbnailUrl":"https:\/\/progettotouring.it\/radiotouring104\/wp-content\/uploads\/sites\/6\/2022\/06\/presentazione-finali-volley-s3-siderno-1.jpeg","datePublished":"2022-06-01T13:23:27+00:00","breadcrumb":{"@id":"https:\/\/progettotouring.it\/radiotouring104\/2022\/06\/01\/finali-nazionali-s3-di-volley-a-siderno-oggi-la-presentazione-a-palazzo-alvaro\/#breadcrumb"},"inLanguage":"it-IT","potentialAction":[{"@type":"ReadAction","target":["https:\/\/progettotouring.it\/radiotouring104\/2022\/06\/01\/finali-nazionali-s3-di-volley-a-siderno-oggi-la-presentazione-a-palazzo-alvaro\/"]}]},{"@type":"ImageObject","inLanguage":"it-IT","@id":"https:\/\/progettotouring.it\/radiotouring104\/2022\/06\/01\/finali-nazionali-s3-di-volley-a-siderno-oggi-la-presentazione-a-palazzo-alvaro\/#primaryimage","url":"https:\/\/progettotouring.it\/radiotouring104\/wp-content\/uploads\/sites\/6\/2022\/06\/presentazione-finali-volley-s3-siderno-1.jpeg","contentUrl":"https:\/\/progettotouring.it\/radiotouring104\/wp-content\/uploads\/sites\/6\/2022\/06\/presentazione-finali-volley-s3-siderno-1.jpeg","width":1600,"height":1087},{"@type":"BreadcrumbList","@id":"https:\/\/progettotouring.it\/radiotouring104\/2022\/06\/01\/finali-nazionali-s3-di-volley-a-siderno-oggi-la-presentazione-a-palazzo-alvaro\/#breadcrumb","itemListElement":[{"@type":"ListItem","position":1,"name":"Home","item":"https:\/\/progettotouring.it\/radiotouring104\/"},{"@type":"ListItem","position":2,"name":"Finali Nazionali S3 di Volley a Siderno: oggi la presentazione a Palazzo Alvaro"}]},{"@type":"WebSite","@id":"https:\/\/progettotouring.it\/radiotouring104\/#website","url":"https:\/\/progettotouring.it\/radiotouring104\/","name":"Radio Touring 104","description":"La prima radio Reggina","publisher":{"@id":"https:\/\/progettotouring.it\/radiotouring104\/#organization"},"potentialAction":[{"@type":"SearchAction","target":{"@type":"EntryPoint","urlTemplate":"https:\/\/progettotouring.it\/radiotouring104\/?s={search_term_string}"},"query-input":{"@type":"PropertyValueSpecification","valueRequired":true,"valueName":"search_term_string"}}],"inLanguage":"it-IT"},{"@type":"Organization","@id":"https:\/\/progettotouring.it\/radiotouring104\/#organization","name":"Radio Touring 104","url":"https:\/\/progettotouring.it\/radiotouring104\/","logo":{"@type":"ImageObject","inLanguage":"it-IT","@id":"https:\/\/progettotouring.it\/radiotouring104\/#\/schema\/logo\/image\/","url":"https:\/\/progettotouring.it\/radiotouring104\/wp-content\/uploads\/sites\/6\/2022\/02\/cropped-logo-radio-touring-104.png","contentUrl":"https:\/\/progettotouring.it\/radiotouring104\/wp-content\/uploads\/sites\/6\/2022\/02\/cropped-logo-radio-touring-104.png","width":377,"height":182,"caption":"Radio Touring 104"},"image":{"@id":"https:\/\/progettotouring.it\/radiotouring104\/#\/schema\/logo\/image\/"}},{"@type":"Person","@id":"https:\/\/progettotouring.it\/radiotouring104\/#\/schema\/person\/f01f189b71df20dcfc0890eea7e67a0e","name":"Chiara Cucinotta","image":{"@type":"ImageObject","inLanguage":"it-IT","@id":"https:\/\/secure.gravatar.com\/avatar\/efe17e5613fdef9b05741a23cd4ef4e9b1c39955d8fe11176cb1da3641c96104?s=96&d=mm&r=g","url":"https:\/\/secure.gravatar.com\/avatar\/efe17e5613fdef9b05741a23cd4ef4e9b1c39955d8fe11176cb1da3641c96104?s=96&d=mm&r=g","contentUrl":"https:\/\/secure.gravatar.com\/avatar\/efe17e5613fdef9b05741a23cd4ef4e9b1c39955d8fe11176cb1da3641c96104?s=96&d=mm&r=g","caption":"Chiara Cucinotta"},"sameAs":["https:\/\/progettotouring.it"],"url":"https:\/\/progettotouring.it\/radiotouring104\/author\/auranex\/"}]}},"jetpack_publicize_connections":[],"jetpack_featured_media_url":"https:\/\/progettotouring.it\/radiotouring104\/wp-content\/uploads\/sites\/6\/2022\/06\/presentazione-finali-volley-s3-siderno-1.jpeg","jetpack_sharing_enabled":true,"_links":{"self":[{"href":"https:\/\/progettotouring.it\/radiotouring104\/wp-json\/wp\/v2\/posts\/6119","targetHints":{"allow":["GET"]}}],"collection":[{"href":"https:\/\/progettotouring.it\/radiotouring104\/wp-json\/wp\/v2\/posts"}],"about":[{"href":"https:\/\/progettotouring.it\/radiotouring104\/wp-json\/wp\/v2\/types\/post"}],"author":[{"embeddable":true,"href":"https:\/\/progettotouring.it\/radiotouring104\/wp-json\/wp\/v2\/users\/1"}],"replies":[{"embeddable":true,"href":"https:\/\/progettotouring.it\/radiotouring104\/wp-json\/wp\/v2\/comments?post=6119"}],"version-history":[{"count":1,"href":"https:\/\/progettotouring.it\/radiotouring104\/wp-json\/wp\/v2\/posts\/6119\/revisions"}],"predecessor-version":[{"id":6121,"href":"https:\/\/progettotouring.it\/radiotouring104\/wp-json\/wp\/v2\/posts\/6119\/revisions\/6121"}],"wp:featuredmedia":[{"embeddable":true,"href":"https:\/\/progettotouring.it\/radiotouring104\/wp-json\/wp\/v2\/media\/6120"}],"wp:attachment":[{"href":"https:\/\/progettotouring.it\/radiotouring104\/wp-json\/wp\/v2\/media?parent=6119"}],"wp:term":[{"taxonomy":"category","embeddable":true,"href":"https:\/\/progettotouring.it\/radiotouring104\/wp-json\/wp\/v2\/categories?post=6119"},{"taxonomy":"post_tag","embeddable":true,"href":"https:\/\/progettotouring.it\/radiotouring104\/wp-json\/wp\/v2\/tags?post=6119"}],"curies":[{"name":"wp","href":"https:\/\/api.w.org\/{rel}","templated":true}]}}