{"id":6134,"date":"2022-06-02T17:06:22","date_gmt":"2022-06-02T15:06:22","guid":{"rendered":"https:\/\/progettotouring.it\/radiotouring104\/?p=6134"},"modified":"2022-06-03T17:13:13","modified_gmt":"2022-06-03T15:13:13","slug":"festa-della-repubblica-versace-e-brunetti-porre-fine-alla-insensatezza-della-guerra-e-promuovere-la-pace","status":"publish","type":"post","link":"https:\/\/progettotouring.it\/radiotouring104\/2022\/06\/02\/festa-della-repubblica-versace-e-brunetti-porre-fine-alla-insensatezza-della-guerra-e-promuovere-la-pace\/","title":{"rendered":"Festa della Repubblica, Versace e Brunetti: &#8220;Porre fine alla insensatezza della guerra e promuovere la pace&#8221;"},"content":{"rendered":"<p style=\"text-align: justify;\">In occasione delle celebrazioni del 2 giugno, festa della Repubblica italiana, il sindaco metropolitano facente funzioni, Carmelo Versace, ed il sindaco della citt\u00e0 facente funzioni, Paolo Brunetti, hanno preso parte alla tradizionale cerimonia svolatasi presso il Monumento ai Caduti sul Lungomare Falcomat\u00e0.<\/p>\n<p style=\"text-align: justify;\">\u00abOggi &#8211; hanno detto &#8211; \u00e8 una giornata molto importante per il nostro Paese che, 76 anni fa, scelse la Repubblica, aprendo le porte alla libert\u00e0 ed alla democrazia dopo una sanguinosa e feroce dittatura ed al culmine di una guerra catastrofica\u00bb.<\/p>\n<p style=\"text-align: justify;\">\u00abL&#8217;Italia che conosciamo &#8211; hanno aggiunto Versace e Brunetti &#8211; \u00e8 frutto del sacrificio di quanti hanno combattuto per la libert\u00e0 e la giustizia, ma soprattutto del coraggio e della forza di un popolo capace di rialzarsi e reagire, di dimostrarsi realmente unito e di risorgere con uno slancio d\u2019orgoglio che port\u00f2 ad una moderna e rinnovata forma di governo\u00bb.<br \/>\n\u00abLa nostra Costituzione &#8211; hanno proseguito i sindaci &#8211; bussola per ognuno di noi, ci ricorda come la Repubblica non pu\u00f2 essere oggetto di revisione. Da quel 2 giugno 1946, dunque, non si torna pi\u00f9 indietro ed \u00e8 questo una delle pi\u00f9 grandi conquiste che dobbiamo ai Padri costituenti\u00bb.<\/p>\n<p style=\"text-align: justify;\">\u00abLa festa che celebriamo oggi &#8211; hanno continuato &#8211; \u00e8 la festa della democrazia, contro i fascismi e i revisionismi, per la pace, l&#8217;uguaglianza, la libert\u00e0, la fratellanza ed il rispetto fra i popoli, per la memoria ed il ricordo. \u00c8 necessario, quindi, conoscere la storia per scongiurare ogni pericolo di ricaduta negli errori che portarono a morte e distruzione l&#8217;Italia intera\u00bb.<\/p>\n<p style=\"text-align: justify;\">\u00abPurtroppo &#8211; hanno concluso i sindaci Versace e Brunetti &#8211; quello che pensavamo non potesse pi\u00f9 accadere, sta sconvolgendo i confini dell&#8217;Europa e distruggendo un&#8217;intera popolazione. Il conflitto russo-ucraino \u00e8 un abominio novecentesco che il mondo intero non pu\u00f2 accettare. Facciamo, dunque, nostre le parole del Capo dello Stato, Sergio Mattarella, quando dice che, con lucidit\u00e0 e coraggio, occorre porre fine alla insensatezza della guerra e promuovere la pace. Una pace che la nostra Penisola ha conosciuto poco meno di 80 anni fa e che deve tutto a uomini.<\/p>\n<div id=\"penci-post-gallery__17724\" class=\"penci-post-gallery-container single-slider column-3\" data-height=\"150\" data-margin=\"3\"><div class=\"penci-owl-carousel penci-owl-carousel-slider penci-nav-visible\" data-auto=\"true\" data-lazy=\"true\"><figure><a class=\"penci-gallery-ite item-gallery-single-slider item-link-relative\" href=\"https:\/\/progettotouring.it\/radiotouring104\/wp-content\/uploads\/sites\/6\/2022\/06\/festa-della-repubblica-1.jpeg\"><span class=\"penci-isotope-padding\" style=\"padding-bottom:66.66666667%;\"><\/span><img decoding=\"async\" src=\"https:\/\/progettotouring.it\/radiotouring104\/wp-content\/uploads\/sites\/6\/2022\/06\/festa-della-repubblica-1-1170x780.jpeg\" alt=\"\" title=\"festa della repubblica 1\"><\/a><\/figure><figure><a class=\"penci-gallery-ite item-gallery-single-slider item-link-relative\" href=\"https:\/\/progettotouring.it\/radiotouring104\/wp-content\/uploads\/sites\/6\/2022\/06\/festa-della-repubblica-2.jpeg\"><span class=\"penci-isotope-padding\" style=\"padding-bottom:66.66666667%;\"><\/span><img decoding=\"async\" src=\"https:\/\/progettotouring.it\/radiotouring104\/wp-content\/uploads\/sites\/6\/2022\/06\/festa-della-repubblica-2-1170x780.jpeg\" alt=\"\" title=\"festa della repubblica 2\"><\/a><\/figure><figure><a class=\"penci-gallery-ite item-gallery-single-slider item-link-relative\" href=\"https:\/\/progettotouring.it\/radiotouring104\/wp-content\/uploads\/sites\/6\/2022\/06\/festa-della-repubblica-3.jpeg\"><span class=\"penci-isotope-padding\" style=\"padding-bottom:66.66666667%;\"><\/span><img decoding=\"async\" src=\"https:\/\/progettotouring.it\/radiotouring104\/wp-content\/uploads\/sites\/6\/2022\/06\/festa-della-repubblica-3-1170x780.jpeg\" alt=\"\" title=\"festa della repubblica 3\"><\/a><\/figure><figure><a class=\"penci-gallery-ite item-gallery-single-slider item-link-relative\" href=\"https:\/\/progettotouring.it\/radiotouring104\/wp-content\/uploads\/sites\/6\/2022\/06\/festa-della-repubblica-4.jpeg\"><span class=\"penci-isotope-padding\" style=\"padding-bottom:66.66666667%;\"><\/span><img decoding=\"async\" src=\"https:\/\/progettotouring.it\/radiotouring104\/wp-content\/uploads\/sites\/6\/2022\/06\/festa-della-repubblica-4-1170x780.jpeg\" alt=\"\" title=\"festa della repubblica 4\"><\/a><\/figure><figure><a class=\"penci-gallery-ite item-gallery-single-slider item-link-relative\" href=\"https:\/\/progettotouring.it\/radiotouring104\/wp-content\/uploads\/sites\/6\/2022\/06\/festa-della-repubblica-5.jpeg\"><span class=\"penci-isotope-padding\" style=\"padding-bottom:66.66666667%;\"><\/span><img decoding=\"async\" src=\"https:\/\/progettotouring.it\/radiotouring104\/wp-content\/uploads\/sites\/6\/2022\/06\/festa-della-repubblica-5-1170x780.jpeg\" alt=\"\" title=\"festa della repubblica 5\"><\/a><\/figure><figure><a class=\"penci-gallery-ite item-gallery-single-slider item-link-relative\" href=\"https:\/\/progettotouring.it\/radiotouring104\/wp-content\/uploads\/sites\/6\/2022\/06\/festa-della-repubblica-6.jpeg\"><span class=\"penci-isotope-padding\" style=\"padding-bottom:66.66666667%;\"><\/span><img decoding=\"async\" src=\"https:\/\/progettotouring.it\/radiotouring104\/wp-content\/uploads\/sites\/6\/2022\/06\/festa-della-repubblica-6-1170x780.jpeg\" alt=\"\" title=\"festa della repubblica 6\"><\/a><\/figure><figure><a class=\"penci-gallery-ite item-gallery-single-slider item-link-relative\" href=\"https:\/\/progettotouring.it\/radiotouring104\/wp-content\/uploads\/sites\/6\/2022\/06\/festa-della-repubblica-7.jpeg\"><span class=\"penci-isotope-padding\" style=\"padding-bottom:66.66666667%;\"><\/span><img decoding=\"async\" src=\"https:\/\/progettotouring.it\/radiotouring104\/wp-content\/uploads\/sites\/6\/2022\/06\/festa-della-repubblica-7-1170x780.jpeg\" alt=\"\" title=\"festa della repubblica 7\"><\/a><\/figure><figure><a class=\"penci-gallery-ite item-gallery-single-slider item-link-relative\" href=\"https:\/\/progettotouring.it\/radiotouring104\/wp-content\/uploads\/sites\/6\/2022\/06\/festa-della-repubblica-8.jpeg\"><span class=\"penci-isotope-padding\" style=\"padding-bottom:66.66666667%;\"><\/span><img decoding=\"async\" src=\"https:\/\/progettotouring.it\/radiotouring104\/wp-content\/uploads\/sites\/6\/2022\/06\/festa-della-repubblica-8-1170x780.jpeg\" alt=\"\" title=\"festa della repubblica 8\"><\/a><\/figure><figure><a class=\"penci-gallery-ite item-gallery-single-slider item-link-relative\" href=\"https:\/\/progettotouring.it\/radiotouring104\/wp-content\/uploads\/sites\/6\/2022\/06\/festa-della-repubblica-9.jpeg\"><span class=\"penci-isotope-padding\" style=\"padding-bottom:66.66666667%;\"><\/span><img decoding=\"async\" src=\"https:\/\/progettotouring.it\/radiotouring104\/wp-content\/uploads\/sites\/6\/2022\/06\/festa-della-repubblica-9-1170x780.jpeg\" alt=\"\" title=\"festa della repubblica 9\"><\/a><\/figure><figure><a class=\"penci-gallery-ite item-gallery-single-slider item-link-relative\" href=\"https:\/\/progettotouring.it\/radiotouring104\/wp-content\/uploads\/sites\/6\/2022\/06\/festa-della-repubblica-10.jpeg\"><span class=\"penci-isotope-padding\" style=\"padding-bottom:66.66666667%;\"><\/span><img decoding=\"async\" src=\"https:\/\/progettotouring.it\/radiotouring104\/wp-content\/uploads\/sites\/6\/2022\/06\/festa-della-repubblica-10-1170x780.jpeg\" alt=\"\" title=\"festa della repubblica 10\"><\/a><\/figure><\/div><\/div>\n","protected":false},"excerpt":{"rendered":"<p>In occasione delle celebrazioni del 2 giugno, festa della Repubblica italiana, il sindaco metropolitano facente funzioni, Carmelo Versace, ed il sindaco della citt\u00e0 facente funzioni, Paolo Brunetti, hanno preso parte&hellip;<\/p>\n","protected":false},"author":5,"featured_media":6178,"comment_status":"open","ping_status":"open","sticky":false,"template":"","format":"standard","meta":{"_jetpack_memberships_contains_paid_content":false,"footnotes":"","jetpack_publicize_message":"","jetpack_publicize_feature_enabled":true,"jetpack_social_post_already_shared":false,"jetpack_social_options":{"image_generator_settings":{"template":"highway","default_image_id":0,"font":"","enabled":false},"version":2}},"categories":[150,196,140],"tags":[239,2368,2367,495,2369],"class_list":["post-6134","post","type-post","status-publish","format-standard","has-post-thumbnail","hentry","category-in-primo-piano","category-news","category-reggio-calabria","tag-carmelo-versace","tag-celebrazioni","tag-festa-della-repubblica","tag-paolo-brunetti","tag-sergio-mattarella"],"yoast_head":"<!-- This site is optimized with the Yoast SEO plugin v27.2 - https:\/\/yoast.com\/product\/yoast-seo-wordpress\/ -->\n<title>Festa della Repubblica: &quot;Porre fine alla guerra e promuovere la pace&quot;<\/title>\n<meta name=\"description\" content=\"I sindaci facenti funzione hanno preso parte alla tradizionale cerimonia al Monumento ai Caduti sul Lungomare Falcomat\u00e0\" \/>\n<meta name=\"robots\" content=\"index, follow, max-snippet:-1, max-image-preview:large, max-video-preview:-1\" \/>\n<link rel=\"canonical\" href=\"https:\/\/progettotouring.it\/radiotouring104\/2022\/06\/02\/festa-della-repubblica-versace-e-brunetti-porre-fine-alla-insensatezza-della-guerra-e-promuovere-la-pace\/\" \/>\n<meta property=\"og:locale\" content=\"it_IT\" \/>\n<meta property=\"og:type\" content=\"article\" \/>\n<meta property=\"og:title\" content=\"Festa della Repubblica: &quot;Porre fine alla guerra e promuovere la pace&quot;\" \/>\n<meta property=\"og:description\" content=\"I sindaci facenti funzione hanno preso parte alla tradizionale cerimonia al Monumento ai Caduti sul Lungomare Falcomat\u00e0\" \/>\n<meta property=\"og:url\" content=\"https:\/\/progettotouring.it\/radiotouring104\/2022\/06\/02\/festa-della-repubblica-versace-e-brunetti-porre-fine-alla-insensatezza-della-guerra-e-promuovere-la-pace\/\" \/>\n<meta property=\"og:site_name\" content=\"Radio Touring 104\" \/>\n<meta property=\"article:published_time\" content=\"2022-06-02T15:06:22+00:00\" \/>\n<meta property=\"article:modified_time\" content=\"2022-06-03T15:13:13+00:00\" \/>\n<meta property=\"og:image\" content=\"https:\/\/progettotouring.it\/radiotouring104\/wp-content\/uploads\/sites\/6\/2022\/06\/festa-della-repubblica-8.jpeg\" \/>\n\t<meta property=\"og:image:width\" content=\"1600\" \/>\n\t<meta property=\"og:image:height\" content=\"1066\" \/>\n\t<meta property=\"og:image:type\" content=\"image\/jpeg\" \/>\n<meta name=\"author\" content=\"redazione\" \/>\n<meta name=\"twitter:card\" content=\"summary_large_image\" \/>\n<meta name=\"twitter:label1\" content=\"Scritto da\" \/>\n\t<meta name=\"twitter:data1\" content=\"redazione\" \/>\n\t<meta name=\"twitter:label2\" content=\"Tempo di lettura stimato\" \/>\n\t<meta name=\"twitter:data2\" content=\"2 minuti\" \/>\n<script type=\"application\/ld+json\" class=\"yoast-schema-graph\">{\"@context\":\"https:\/\/schema.org\",\"@graph\":[{\"@type\":\"Article\",\"@id\":\"https:\/\/progettotouring.it\/radiotouring104\/2022\/06\/02\/festa-della-repubblica-versace-e-brunetti-porre-fine-alla-insensatezza-della-guerra-e-promuovere-la-pace\/#article\",\"isPartOf\":{\"@id\":\"https:\/\/progettotouring.it\/radiotouring104\/2022\/06\/02\/festa-della-repubblica-versace-e-brunetti-porre-fine-alla-insensatezza-della-guerra-e-promuovere-la-pace\/\"},\"author\":{\"name\":\"redazione\",\"@id\":\"https:\/\/progettotouring.it\/radiotouring104\/#\/schema\/person\/1b3eb3c07c47136bc44c785c543e635f\"},\"headline\":\"Festa della Repubblica, Versace e Brunetti: &#8220;Porre fine alla insensatezza della guerra e promuovere la pace&#8221;\",\"datePublished\":\"2022-06-02T15:06:22+00:00\",\"dateModified\":\"2022-06-03T15:13:13+00:00\",\"mainEntityOfPage\":{\"@id\":\"https:\/\/progettotouring.it\/radiotouring104\/2022\/06\/02\/festa-della-repubblica-versace-e-brunetti-porre-fine-alla-insensatezza-della-guerra-e-promuovere-la-pace\/\"},\"wordCount\":355,\"commentCount\":0,\"publisher\":{\"@id\":\"https:\/\/progettotouring.it\/radiotouring104\/#organization\"},\"image\":{\"@id\":\"https:\/\/progettotouring.it\/radiotouring104\/2022\/06\/02\/festa-della-repubblica-versace-e-brunetti-porre-fine-alla-insensatezza-della-guerra-e-promuovere-la-pace\/#primaryimage\"},\"thumbnailUrl\":\"https:\/\/progettotouring.it\/radiotouring104\/wp-content\/uploads\/sites\/6\/2022\/06\/festa-della-repubblica-8.jpeg\",\"keywords\":[\"carmelo versace\",\"celebrazioni\",\"festa della repubblica\",\"Paolo Brunetti\",\"Sergio Mattarella\"],\"articleSection\":[\"In primo piano\",\"News\",\"Reggio Calabria\"],\"inLanguage\":\"it-IT\",\"potentialAction\":[{\"@type\":\"CommentAction\",\"name\":\"Comment\",\"target\":[\"https:\/\/progettotouring.it\/radiotouring104\/2022\/06\/02\/festa-della-repubblica-versace-e-brunetti-porre-fine-alla-insensatezza-della-guerra-e-promuovere-la-pace\/#respond\"]}]},{\"@type\":\"WebPage\",\"@id\":\"https:\/\/progettotouring.it\/radiotouring104\/2022\/06\/02\/festa-della-repubblica-versace-e-brunetti-porre-fine-alla-insensatezza-della-guerra-e-promuovere-la-pace\/\",\"url\":\"https:\/\/progettotouring.it\/radiotouring104\/2022\/06\/02\/festa-della-repubblica-versace-e-brunetti-porre-fine-alla-insensatezza-della-guerra-e-promuovere-la-pace\/\",\"name\":\"Festa della Repubblica: \\\"Porre fine alla guerra e promuovere la pace\\\"\",\"isPartOf\":{\"@id\":\"https:\/\/progettotouring.it\/radiotouring104\/#website\"},\"primaryImageOfPage\":{\"@id\":\"https:\/\/progettotouring.it\/radiotouring104\/2022\/06\/02\/festa-della-repubblica-versace-e-brunetti-porre-fine-alla-insensatezza-della-guerra-e-promuovere-la-pace\/#primaryimage\"},\"image\":{\"@id\":\"https:\/\/progettotouring.it\/radiotouring104\/2022\/06\/02\/festa-della-repubblica-versace-e-brunetti-porre-fine-alla-insensatezza-della-guerra-e-promuovere-la-pace\/#primaryimage\"},\"thumbnailUrl\":\"https:\/\/progettotouring.it\/radiotouring104\/wp-content\/uploads\/sites\/6\/2022\/06\/festa-della-repubblica-8.jpeg\",\"datePublished\":\"2022-06-02T15:06:22+00:00\",\"dateModified\":\"2022-06-03T15:13:13+00:00\",\"description\":\"I sindaci facenti funzione hanno preso parte alla tradizionale cerimonia al Monumento ai Caduti sul Lungomare Falcomat\u00e0\",\"breadcrumb\":{\"@id\":\"https:\/\/progettotouring.it\/radiotouring104\/2022\/06\/02\/festa-della-repubblica-versace-e-brunetti-porre-fine-alla-insensatezza-della-guerra-e-promuovere-la-pace\/#breadcrumb\"},\"inLanguage\":\"it-IT\",\"potentialAction\":[{\"@type\":\"ReadAction\",\"target\":[\"https:\/\/progettotouring.it\/radiotouring104\/2022\/06\/02\/festa-della-repubblica-versace-e-brunetti-porre-fine-alla-insensatezza-della-guerra-e-promuovere-la-pace\/\"]}]},{\"@type\":\"ImageObject\",\"inLanguage\":\"it-IT\",\"@id\":\"https:\/\/progettotouring.it\/radiotouring104\/2022\/06\/02\/festa-della-repubblica-versace-e-brunetti-porre-fine-alla-insensatezza-della-guerra-e-promuovere-la-pace\/#primaryimage\",\"url\":\"https:\/\/progettotouring.it\/radiotouring104\/wp-content\/uploads\/sites\/6\/2022\/06\/festa-della-repubblica-8.jpeg\",\"contentUrl\":\"https:\/\/progettotouring.it\/radiotouring104\/wp-content\/uploads\/sites\/6\/2022\/06\/festa-della-repubblica-8.jpeg\",\"width\":1600,\"height\":1066},{\"@type\":\"BreadcrumbList\",\"@id\":\"https:\/\/progettotouring.it\/radiotouring104\/2022\/06\/02\/festa-della-repubblica-versace-e-brunetti-porre-fine-alla-insensatezza-della-guerra-e-promuovere-la-pace\/#breadcrumb\",\"itemListElement\":[{\"@type\":\"ListItem\",\"position\":1,\"name\":\"Home\",\"item\":\"https:\/\/progettotouring.it\/radiotouring104\/\"},{\"@type\":\"ListItem\",\"position\":2,\"name\":\"Festa della Repubblica, Versace e Brunetti: &#8220;Porre fine alla insensatezza della guerra e promuovere la pace&#8221;\"}]},{\"@type\":\"WebSite\",\"@id\":\"https:\/\/progettotouring.it\/radiotouring104\/#website\",\"url\":\"https:\/\/progettotouring.it\/radiotouring104\/\",\"name\":\"Radio Touring 104\",\"description\":\"La prima radio Reggina\",\"publisher\":{\"@id\":\"https:\/\/progettotouring.it\/radiotouring104\/#organization\"},\"potentialAction\":[{\"@type\":\"SearchAction\",\"target\":{\"@type\":\"EntryPoint\",\"urlTemplate\":\"https:\/\/progettotouring.it\/radiotouring104\/?s={search_term_string}\"},\"query-input\":{\"@type\":\"PropertyValueSpecification\",\"valueRequired\":true,\"valueName\":\"search_term_string\"}}],\"inLanguage\":\"it-IT\"},{\"@type\":\"Organization\",\"@id\":\"https:\/\/progettotouring.it\/radiotouring104\/#organization\",\"name\":\"Radio Touring 104\",\"url\":\"https:\/\/progettotouring.it\/radiotouring104\/\",\"logo\":{\"@type\":\"ImageObject\",\"inLanguage\":\"it-IT\",\"@id\":\"https:\/\/progettotouring.it\/radiotouring104\/#\/schema\/logo\/image\/\",\"url\":\"https:\/\/progettotouring.it\/radiotouring104\/wp-content\/uploads\/sites\/6\/2022\/02\/cropped-logo-radio-touring-104.png\",\"contentUrl\":\"https:\/\/progettotouring.it\/radiotouring104\/wp-content\/uploads\/sites\/6\/2022\/02\/cropped-logo-radio-touring-104.png\",\"width\":377,\"height\":182,\"caption\":\"Radio Touring 104\"},\"image\":{\"@id\":\"https:\/\/progettotouring.it\/radiotouring104\/#\/schema\/logo\/image\/\"}},{\"@type\":\"Person\",\"@id\":\"https:\/\/progettotouring.it\/radiotouring104\/#\/schema\/person\/1b3eb3c07c47136bc44c785c543e635f\",\"name\":\"redazione\",\"image\":{\"@type\":\"ImageObject\",\"inLanguage\":\"it-IT\",\"@id\":\"https:\/\/secure.gravatar.com\/avatar\/0b31605b49f100769e8b624b3e05de1b73e1692e9568a352f60f53fd072e6e11?s=96&d=mm&r=g\",\"url\":\"https:\/\/secure.gravatar.com\/avatar\/0b31605b49f100769e8b624b3e05de1b73e1692e9568a352f60f53fd072e6e11?s=96&d=mm&r=g\",\"contentUrl\":\"https:\/\/secure.gravatar.com\/avatar\/0b31605b49f100769e8b624b3e05de1b73e1692e9568a352f60f53fd072e6e11?s=96&d=mm&r=g\",\"caption\":\"redazione\"},\"url\":\"https:\/\/progettotouring.it\/radiotouring104\/author\/redazione\/\"}]}<\/script>\n<!-- \/ Yoast SEO plugin. -->","yoast_head_json":{"title":"Festa della Repubblica: \"Porre fine alla guerra e promuovere la pace\"","description":"I sindaci facenti funzione hanno preso parte alla tradizionale cerimonia al Monumento ai Caduti sul Lungomare Falcomat\u00e0","robots":{"index":"index","follow":"follow","max-snippet":"max-snippet:-1","max-image-preview":"max-image-preview:large","max-video-preview":"max-video-preview:-1"},"canonical":"https:\/\/progettotouring.it\/radiotouring104\/2022\/06\/02\/festa-della-repubblica-versace-e-brunetti-porre-fine-alla-insensatezza-della-guerra-e-promuovere-la-pace\/","og_locale":"it_IT","og_type":"article","og_title":"Festa della Repubblica: \"Porre fine alla guerra e promuovere la pace\"","og_description":"I sindaci facenti funzione hanno preso parte alla tradizionale cerimonia al Monumento ai Caduti sul Lungomare Falcomat\u00e0","og_url":"https:\/\/progettotouring.it\/radiotouring104\/2022\/06\/02\/festa-della-repubblica-versace-e-brunetti-porre-fine-alla-insensatezza-della-guerra-e-promuovere-la-pace\/","og_site_name":"Radio Touring 104","article_published_time":"2022-06-02T15:06:22+00:00","article_modified_time":"2022-06-03T15:13:13+00:00","og_image":[{"width":1600,"height":1066,"url":"https:\/\/progettotouring.it\/radiotouring104\/wp-content\/uploads\/sites\/6\/2022\/06\/festa-della-repubblica-8.jpeg","type":"image\/jpeg"}],"author":"redazione","twitter_card":"summary_large_image","twitter_misc":{"Scritto da":"redazione","Tempo di lettura stimato":"2 minuti"},"schema":{"@context":"https:\/\/schema.org","@graph":[{"@type":"Article","@id":"https:\/\/progettotouring.it\/radiotouring104\/2022\/06\/02\/festa-della-repubblica-versace-e-brunetti-porre-fine-alla-insensatezza-della-guerra-e-promuovere-la-pace\/#article","isPartOf":{"@id":"https:\/\/progettotouring.it\/radiotouring104\/2022\/06\/02\/festa-della-repubblica-versace-e-brunetti-porre-fine-alla-insensatezza-della-guerra-e-promuovere-la-pace\/"},"author":{"name":"redazione","@id":"https:\/\/progettotouring.it\/radiotouring104\/#\/schema\/person\/1b3eb3c07c47136bc44c785c543e635f"},"headline":"Festa della Repubblica, Versace e Brunetti: &#8220;Porre fine alla insensatezza della guerra e promuovere la pace&#8221;","datePublished":"2022-06-02T15:06:22+00:00","dateModified":"2022-06-03T15:13:13+00:00","mainEntityOfPage":{"@id":"https:\/\/progettotouring.it\/radiotouring104\/2022\/06\/02\/festa-della-repubblica-versace-e-brunetti-porre-fine-alla-insensatezza-della-guerra-e-promuovere-la-pace\/"},"wordCount":355,"commentCount":0,"publisher":{"@id":"https:\/\/progettotouring.it\/radiotouring104\/#organization"},"image":{"@id":"https:\/\/progettotouring.it\/radiotouring104\/2022\/06\/02\/festa-della-repubblica-versace-e-brunetti-porre-fine-alla-insensatezza-della-guerra-e-promuovere-la-pace\/#primaryimage"},"thumbnailUrl":"https:\/\/progettotouring.it\/radiotouring104\/wp-content\/uploads\/sites\/6\/2022\/06\/festa-della-repubblica-8.jpeg","keywords":["carmelo versace","celebrazioni","festa della repubblica","Paolo Brunetti","Sergio Mattarella"],"articleSection":["In primo piano","News","Reggio Calabria"],"inLanguage":"it-IT","potentialAction":[{"@type":"CommentAction","name":"Comment","target":["https:\/\/progettotouring.it\/radiotouring104\/2022\/06\/02\/festa-della-repubblica-versace-e-brunetti-porre-fine-alla-insensatezza-della-guerra-e-promuovere-la-pace\/#respond"]}]},{"@type":"WebPage","@id":"https:\/\/progettotouring.it\/radiotouring104\/2022\/06\/02\/festa-della-repubblica-versace-e-brunetti-porre-fine-alla-insensatezza-della-guerra-e-promuovere-la-pace\/","url":"https:\/\/progettotouring.it\/radiotouring104\/2022\/06\/02\/festa-della-repubblica-versace-e-brunetti-porre-fine-alla-insensatezza-della-guerra-e-promuovere-la-pace\/","name":"Festa della Repubblica: \"Porre fine alla guerra e promuovere la pace\"","isPartOf":{"@id":"https:\/\/progettotouring.it\/radiotouring104\/#website"},"primaryImageOfPage":{"@id":"https:\/\/progettotouring.it\/radiotouring104\/2022\/06\/02\/festa-della-repubblica-versace-e-brunetti-porre-fine-alla-insensatezza-della-guerra-e-promuovere-la-pace\/#primaryimage"},"image":{"@id":"https:\/\/progettotouring.it\/radiotouring104\/2022\/06\/02\/festa-della-repubblica-versace-e-brunetti-porre-fine-alla-insensatezza-della-guerra-e-promuovere-la-pace\/#primaryimage"},"thumbnailUrl":"https:\/\/progettotouring.it\/radiotouring104\/wp-content\/uploads\/sites\/6\/2022\/06\/festa-della-repubblica-8.jpeg","datePublished":"2022-06-02T15:06:22+00:00","dateModified":"2022-06-03T15:13:13+00:00","description":"I sindaci facenti funzione hanno preso parte alla tradizionale cerimonia al Monumento ai Caduti sul Lungomare Falcomat\u00e0","breadcrumb":{"@id":"https:\/\/progettotouring.it\/radiotouring104\/2022\/06\/02\/festa-della-repubblica-versace-e-brunetti-porre-fine-alla-insensatezza-della-guerra-e-promuovere-la-pace\/#breadcrumb"},"inLanguage":"it-IT","potentialAction":[{"@type":"ReadAction","target":["https:\/\/progettotouring.it\/radiotouring104\/2022\/06\/02\/festa-della-repubblica-versace-e-brunetti-porre-fine-alla-insensatezza-della-guerra-e-promuovere-la-pace\/"]}]},{"@type":"ImageObject","inLanguage":"it-IT","@id":"https:\/\/progettotouring.it\/radiotouring104\/2022\/06\/02\/festa-della-repubblica-versace-e-brunetti-porre-fine-alla-insensatezza-della-guerra-e-promuovere-la-pace\/#primaryimage","url":"https:\/\/progettotouring.it\/radiotouring104\/wp-content\/uploads\/sites\/6\/2022\/06\/festa-della-repubblica-8.jpeg","contentUrl":"https:\/\/progettotouring.it\/radiotouring104\/wp-content\/uploads\/sites\/6\/2022\/06\/festa-della-repubblica-8.jpeg","width":1600,"height":1066},{"@type":"BreadcrumbList","@id":"https:\/\/progettotouring.it\/radiotouring104\/2022\/06\/02\/festa-della-repubblica-versace-e-brunetti-porre-fine-alla-insensatezza-della-guerra-e-promuovere-la-pace\/#breadcrumb","itemListElement":[{"@type":"ListItem","position":1,"name":"Home","item":"https:\/\/progettotouring.it\/radiotouring104\/"},{"@type":"ListItem","position":2,"name":"Festa della Repubblica, Versace e Brunetti: &#8220;Porre fine alla insensatezza della guerra e promuovere la pace&#8221;"}]},{"@type":"WebSite","@id":"https:\/\/progettotouring.it\/radiotouring104\/#website","url":"https:\/\/progettotouring.it\/radiotouring104\/","name":"Radio Touring 104","description":"La prima radio Reggina","publisher":{"@id":"https:\/\/progettotouring.it\/radiotouring104\/#organization"},"potentialAction":[{"@type":"SearchAction","target":{"@type":"EntryPoint","urlTemplate":"https:\/\/progettotouring.it\/radiotouring104\/?s={search_term_string}"},"query-input":{"@type":"PropertyValueSpecification","valueRequired":true,"valueName":"search_term_string"}}],"inLanguage":"it-IT"},{"@type":"Organization","@id":"https:\/\/progettotouring.it\/radiotouring104\/#organization","name":"Radio Touring 104","url":"https:\/\/progettotouring.it\/radiotouring104\/","logo":{"@type":"ImageObject","inLanguage":"it-IT","@id":"https:\/\/progettotouring.it\/radiotouring104\/#\/schema\/logo\/image\/","url":"https:\/\/progettotouring.it\/radiotouring104\/wp-content\/uploads\/sites\/6\/2022\/02\/cropped-logo-radio-touring-104.png","contentUrl":"https:\/\/progettotouring.it\/radiotouring104\/wp-content\/uploads\/sites\/6\/2022\/02\/cropped-logo-radio-touring-104.png","width":377,"height":182,"caption":"Radio Touring 104"},"image":{"@id":"https:\/\/progettotouring.it\/radiotouring104\/#\/schema\/logo\/image\/"}},{"@type":"Person","@id":"https:\/\/progettotouring.it\/radiotouring104\/#\/schema\/person\/1b3eb3c07c47136bc44c785c543e635f","name":"redazione","image":{"@type":"ImageObject","inLanguage":"it-IT","@id":"https:\/\/secure.gravatar.com\/avatar\/0b31605b49f100769e8b624b3e05de1b73e1692e9568a352f60f53fd072e6e11?s=96&d=mm&r=g","url":"https:\/\/secure.gravatar.com\/avatar\/0b31605b49f100769e8b624b3e05de1b73e1692e9568a352f60f53fd072e6e11?s=96&d=mm&r=g","contentUrl":"https:\/\/secure.gravatar.com\/avatar\/0b31605b49f100769e8b624b3e05de1b73e1692e9568a352f60f53fd072e6e11?s=96&d=mm&r=g","caption":"redazione"},"url":"https:\/\/progettotouring.it\/radiotouring104\/author\/redazione\/"}]}},"jetpack_publicize_connections":[],"jetpack_featured_media_url":"https:\/\/progettotouring.it\/radiotouring104\/wp-content\/uploads\/sites\/6\/2022\/06\/festa-della-repubblica-8.jpeg","jetpack_sharing_enabled":true,"_links":{"self":[{"href":"https:\/\/progettotouring.it\/radiotouring104\/wp-json\/wp\/v2\/posts\/6134","targetHints":{"allow":["GET"]}}],"collection":[{"href":"https:\/\/progettotouring.it\/radiotouring104\/wp-json\/wp\/v2\/posts"}],"about":[{"href":"https:\/\/progettotouring.it\/radiotouring104\/wp-json\/wp\/v2\/types\/post"}],"author":[{"embeddable":true,"href":"https:\/\/progettotouring.it\/radiotouring104\/wp-json\/wp\/v2\/users\/5"}],"replies":[{"embeddable":true,"href":"https:\/\/progettotouring.it\/radiotouring104\/wp-json\/wp\/v2\/comments?post=6134"}],"version-history":[{"count":2,"href":"https:\/\/progettotouring.it\/radiotouring104\/wp-json\/wp\/v2\/posts\/6134\/revisions"}],"predecessor-version":[{"id":6181,"href":"https:\/\/progettotouring.it\/radiotouring104\/wp-json\/wp\/v2\/posts\/6134\/revisions\/6181"}],"wp:featuredmedia":[{"embeddable":true,"href":"https:\/\/progettotouring.it\/radiotouring104\/wp-json\/wp\/v2\/media\/6178"}],"wp:attachment":[{"href":"https:\/\/progettotouring.it\/radiotouring104\/wp-json\/wp\/v2\/media?parent=6134"}],"wp:term":[{"taxonomy":"category","embeddable":true,"href":"https:\/\/progettotouring.it\/radiotouring104\/wp-json\/wp\/v2\/categories?post=6134"},{"taxonomy":"post_tag","embeddable":true,"href":"https:\/\/progettotouring.it\/radiotouring104\/wp-json\/wp\/v2\/tags?post=6134"}],"curies":[{"name":"wp","href":"https:\/\/api.w.org\/{rel}","templated":true}]}}